{"id":38758,"date":"2026-04-27T13:13:29","date_gmt":"2026-04-27T11:13:29","guid":{"rendered":"https:\/\/www.mgc.es\/?p=38758"},"modified":"2026-04-27T13:13:30","modified_gmt":"2026-04-27T11:13:30","slug":"remeis-casolans-alergia-pollen","status":"publish","type":"post","link":"https:\/\/www.mgc.es\/ca\/blog\/remeis-casolans-alergia-pollen\/","title":{"rendered":"Remeis casolans per l&#8217;al\u00b7l\u00e8rgia al pol\u00b7len"},"content":{"rendered":"<div id=\"ez-toc-container\" class=\"ez-toc-v2_0_82_1 counter-hierarchy ez-toc-counter ez-toc-custom ez-toc-container-direction\">\n<div class=\"ez-toc-title-container\"><p class=\"ez-toc-title\" style=\"cursor:inherit\">\u00cdndex de continguts<\/p>\n<\/div><nav><ul class='ez-toc-list ez-toc-list-level-1 ' ><li class='ez-toc-page-1 ez-toc-heading-level-2'><a class=\"ez-toc-link ez-toc-heading-1\" href=\"https:\/\/www.mgc.es\/ca\/blog\/remeis-casolans-alergia-pollen\/#Que_es_lallergia_al_pollen_i_per_que_els_remeis_naturals_son_un_bon_aliat\" >Qu\u00e8 \u00e9s l&#8217;al\u00b7l\u00e8rgia al pol\u00b7len i per qu\u00e8 els remeis naturals s\u00f3n un bon aliat?<\/a><\/li><li class='ez-toc-page-1 ez-toc-heading-level-2'><a class=\"ez-toc-link ez-toc-heading-2\" href=\"https:\/\/www.mgc.es\/ca\/blog\/remeis-casolans-alergia-pollen\/#Simptomes_comuns_de_lallergia_al_pollen\" >S\u00edmptomes comuns de l&#8217;al\u00b7l\u00e8rgia al pol\u00b7len<\/a><\/li><li class='ez-toc-page-1 ez-toc-heading-level-2'><a class=\"ez-toc-link ez-toc-heading-3\" href=\"https:\/\/www.mgc.es\/ca\/blog\/remeis-casolans-alergia-pollen\/#Beneficis_de_combinar_el_tractament_medic_amb_solucions_casolanes\" >Beneficis de combinar el tractament m\u00e8dic amb solucions casolanes<\/a><\/li><li class='ez-toc-page-1 ez-toc-heading-level-2'><a class=\"ez-toc-link ez-toc-heading-4\" href=\"https:\/\/www.mgc.es\/ca\/blog\/remeis-casolans-alergia-pollen\/#Els_millors_remeis_casolans_per_a_lallergia_al_pollen\" >Els millors remeis casolans per a l&#8217;al\u00b7l\u00e8rgia al pol\u00b7len<\/a><\/li><li class='ez-toc-page-1 ez-toc-heading-level-2'><a class=\"ez-toc-link ez-toc-heading-5\" href=\"https:\/\/www.mgc.es\/ca\/blog\/remeis-casolans-alergia-pollen\/#Consells_practics_per_reduir_lexposicio_al_pollen_en_el_dia_a_dia\" >Consells pr\u00e0ctics per reduir l&#8217;exposici\u00f3 al pol\u00b7len en el dia a dia<\/a><\/li><li class='ez-toc-page-1 ez-toc-heading-level-2'><a class=\"ez-toc-link ez-toc-heading-6\" href=\"https:\/\/www.mgc.es\/ca\/blog\/remeis-casolans-alergia-pollen\/#Quan_els_remeis_per_a_lallergia_al_pollen_no_son_suficients\" >Quan els remeis per a l&#8217;al\u00b7l\u00e8rgia al pol\u00b7len no s\u00f3n suficients?<\/a><\/li><li class='ez-toc-page-1 ez-toc-heading-level-2'><a class=\"ez-toc-link ez-toc-heading-7\" href=\"https:\/\/www.mgc.es\/ca\/blog\/remeis-casolans-alergia-pollen\/#Cuida_la_teva_salut_respiratoria_amb_els_especialistes_de_MGC_Mutua\" >Cuida la teva salut respirat\u00f2ria amb els especialistes de MGC Mutua<\/a><\/li><li class='ez-toc-page-1 ez-toc-heading-level-2'><a class=\"ez-toc-link ez-toc-heading-8\" href=\"https:\/\/www.mgc.es\/ca\/blog\/remeis-casolans-alergia-pollen\/#Preguntes_frequents\" >Preguntes freq\u00fcents<\/a><\/li><\/ul><\/nav><\/div>\n\n<p>L&#8217;arribada de la primavera ve acompanyada d&#8217;un augment de les temperatures i m\u00e9s hores de llum. Per\u00f2 per a moltes persones, tamb\u00e9 ve amb esternuts, picor d&#8217;ulls o congesti\u00f3 nasal. Una de les causes principals \u00e9s l&#8217;al\u00b7l\u00e8rgia al pol\u00b7len, que, tot i que no sol ser greu, s\u00ed resulta molesta. Per aix\u00f2, a m\u00e9s del tractament m\u00e8dic, \u00e9s habitual buscar alternatives naturals que ajudin a alleujar els s\u00edmptomes de manera complement\u00e0ria.<\/p>\n\n\n\n<h2 class=\"wp-block-heading\"><span class=\"ez-toc-section\" id=\"Que_es_lallergia_al_pollen_i_per_que_els_remeis_naturals_son_un_bon_aliat\"><\/span><strong>Qu\u00e8 \u00e9s l&#8217;al\u00b7l\u00e8rgia al pol\u00b7len i per qu\u00e8 els remeis naturals s\u00f3n un bon aliat?<\/strong><span class=\"ez-toc-section-end\"><\/span><\/h2>\n\n\n\n<p>L&#8217;al\u00b7l\u00e8rgia al pol\u00b7len \u00e9s una reacci\u00f3 del sistema immunitari davant de part\u00edcules microsc\u00f2piques que alliberen plantes i arbres. Aquestes part\u00edcules, en entrar en contacte amb les vies respirat\u00f2ries, desencadenen una resposta exagerada de l&#8217;organisme.<\/p>\n\n\n\n<p>El tractament consisteix en receptar antihistam\u00ednics i evitar les activitats a l&#8217;aire lliure. No obstant aix\u00f2, aquesta medicaci\u00f3 es pot complementar amb remeis casolans per a l&#8217;al\u00b7l\u00e8rgia al pol\u00b7len.<\/p>\n\n\n\n<h2 class=\"wp-block-heading\"><span class=\"ez-toc-section\" id=\"Simptomes_comuns_de_lallergia_al_pollen\"><\/span><strong>S\u00edmptomes comuns de l&#8217;al\u00b7l\u00e8rgia al pol\u00b7len<\/strong><span class=\"ez-toc-section-end\"><\/span><\/h2>\n\n\n\n<p>Els <a href=\"https:\/\/www.mgc.es\/ca\/blog\/tinc-al%c2%b7lergia\/\">s\u00edmptomes de l&#8217;al\u00b7l\u00e8rgia al pol\u00b7len<\/a> poden variar en intensitat, per\u00f2 els m\u00e9s habituals s\u00f3n esternuts freq\u00fcents, congesti\u00f3 nasal, picor a la gola i ulls plorosos. Tamb\u00e9 \u00e9s com\u00fa experimentar fatiga o dificultat per concentrar-se.<\/p>\n\n\n\n<p>Aquests s\u00edmptomes estan directament relacionats amb la <a href=\"https:\/\/www.mgc.es\/ca\/blog\/la-rinitis-al%c2%b7lergica-al%c2%b7lergia-al-pol%c2%b7len-o-febre-del-fenc-i-rinitis-al%c2%b7lergica-perenne\/\">rinitis al\u00b7l\u00e8rgica<\/a>, que \u00e9s una afecci\u00f3 que afecta les vies respirat\u00f2ries superiors i que pot allargar-se durant tota la temporada de pol\u00b7linitzaci\u00f3.<\/p>\n\n\n\n<figure class=\"wp-block-image size-large\"><img loading=\"lazy\" decoding=\"async\" width=\"880\" height=\"587\" src=\"https:\/\/www.mgc.es\/wp-content\/uploads\/2026\/04\/remedios-caseros-alergia-polen-2-880x587.jpg\" alt=\"remedios caseros alergia polen\" class=\"wp-image-38755\" srcset=\"https:\/\/www.mgc.es\/wp-content\/uploads\/2026\/04\/remedios-caseros-alergia-polen-2-880x587.jpg 880w, https:\/\/www.mgc.es\/wp-content\/uploads\/2026\/04\/remedios-caseros-alergia-polen-2-440x293.jpg 440w, https:\/\/www.mgc.es\/wp-content\/uploads\/2026\/04\/remedios-caseros-alergia-polen-2-768x512.jpg 768w, https:\/\/www.mgc.es\/wp-content\/uploads\/2026\/04\/remedios-caseros-alergia-polen-2.jpg 900w\" sizes=\"auto, (max-width: 880px) 100vw, 880px\" \/><\/figure>\n\n\n\n<h2 class=\"wp-block-heading\"><span class=\"ez-toc-section\" id=\"Beneficis_de_combinar_el_tractament_medic_amb_solucions_casolanes\"><\/span><strong>Beneficis de combinar el tractament m\u00e8dic amb solucions casolanes<\/strong><span class=\"ez-toc-section-end\"><\/span><\/h2>\n\n\n\n<p>L&#8217;enfocament m\u00e9s efica\u00e7 sol ser el combinat. Els medicaments antihistam\u00ednics o els corticoides nasals ajuden a controlar la reacci\u00f3 al\u00b7l\u00e8rgica, mentre que els remeis naturals per a l&#8217;al\u00b7l\u00e8rgia al pol\u00b7len actuen com a suport per alleujar mol\u00e8sties concretes.<\/p>\n\n\n\n<p>Per exemple, rentats nasals, infusions o canvis en els h\u00e0bits diaris poden reduir l&#8217;exposici\u00f3 al pol\u00b7len i millorar els s\u00edmptomes sense efectes secundaris rellevants. Aix\u00f2 s\u00ed, \u00e9s important apostar per solucions amb evid\u00e8ncia cient\u00edfica. Per exemple, la <a href=\"https:\/\/www.mgc.es\/ca\/blog\/lhomeopatia-no-es-una-medicina-diferent\/\">homeopatia <\/a>no ha demostrat efic\u00e0cia cl\u00ednica, per la qual cosa conv\u00e9 prioritzar opcions segures i contrastades.<\/p>\n\n\n\n<h2 class=\"wp-block-heading\"><span class=\"ez-toc-section\" id=\"Els_millors_remeis_casolans_per_a_lallergia_al_pollen\"><\/span><strong>Els millors remeis casolans per a l&#8217;al\u00b7l\u00e8rgia al pol\u00b7len<\/strong><span class=\"ez-toc-section-end\"><\/span><\/h2>\n\n\n\n<p>Existeixen diferents remeis per a l&#8217;al\u00b7l\u00e8rgia al pol\u00b7len que es poden aplicar f\u00e0cilment a casa i que ajuden a alleujar els s\u00edmptomes m\u00e9s comuns.<\/p>\n\n\n\n<p>Els rentats nasals amb soluci\u00f3 salina s\u00f3n un dels m\u00e9s recomanats. Ajuden a eliminar part\u00edcules de pol\u00b7len acumulades a les fosses nasals i redueixen la congesti\u00f3. Tamb\u00e9 \u00e9s \u00fatil l&#8217;\u00fas d&#8217;humidificadors per mantenir les vies respirat\u00f2ries hidratades.<\/p>\n\n\n\n<p>Les infusions de plantes com la camamilla o el gingebre poden contribuir a reduir la inflamaci\u00f3 i aportar una sensaci\u00f3 d&#8217;alleujament general. A m\u00e9s, mantenir una bona hidrataci\u00f3 facilita l&#8217;eliminaci\u00f3 de mucositat.<\/p>\n\n\n\n<p>Un altre h\u00e0bit senzill \u00e9s ventilar la casa en moments del dia amb menor concentraci\u00f3 de pol\u00b7len, com a primera hora del mat\u00ed o a la nit.<\/p>\n\n\n\n<h3 class=\"wp-block-heading\"><strong>Remeis per als ulls<\/strong><\/h3>\n\n\n\n<p>Els ulls s\u00f3n una de les zones m\u00e9s afectades. Per alleujar la picor i la irritaci\u00f3, es poden aplicar compreses fredes o utilitzar s\u00e8rum fisiol\u00f2gic per netejar la zona. Tamb\u00e9 \u00e9s important evitar fregar-se els ulls, ja que aix\u00f2 pot empitjorar la inflamaci\u00f3. Mantenir una bona higiene ocular ajuda a reduir l&#8217;acumulaci\u00f3 d&#8217;al\u00b7l\u00e8rgens.<\/p>\n\n\n\n<h3 class=\"wp-block-heading\"><strong>Remeis per a nens<\/strong><\/h3>\n\n\n\n<p>En el cas dels nens, els s\u00edmptomes poden ser especialment molestos. Els rentats nasals amb solucions adaptades a la seva edat s\u00f3n una de les opcions m\u00e9s segures i efectives.<\/p>\n\n\n\n<p>Tamb\u00e9 \u00e9s important mantenir una rutina d&#8217;higiene adequada, com canviar la roba al tornar a casa o rentar-se les mans amb freq\u00fc\u00e8ncia. Aquestes mesures ajuden a prevenir al\u00b7l\u00e8rgies i redueixen l&#8217;exposici\u00f3 al pol\u00b7len.<\/p>\n\n\n\n<h2 class=\"wp-block-heading\"><span class=\"ez-toc-section\" id=\"Consells_practics_per_reduir_lexposicio_al_pollen_en_el_dia_a_dia\"><\/span><strong>Consells pr\u00e0ctics per reduir l&#8217;exposici\u00f3 al pol\u00b7len en el dia a dia<\/strong><span class=\"ez-toc-section-end\"><\/span><\/h2>\n\n\n\n<p>M\u00e9s enll\u00e0 dels remeis, reduir el contacte amb el pol\u00b7len \u00e9s clau per controlar els s\u00edmptomes. Per aix\u00f2, cal evitar sortir en dies de alta concentraci\u00f3, utilitzar ulleres de sol per protegir els ulls o mantenir les finestres tancades.<\/p>\n\n\n\n<p>Tamb\u00e9 es recomana dutxar-se al tornar a casa per eliminar restes de pol\u00b7len del cabell i la pell. Una altra opci\u00f3 s\u00f3n els filtres a l&#8217;aire condicionat o aspiradors amb sistemes HEPA, que milloren la qualitat de l&#8217;aire a l&#8217;interior.<\/p>\n\n\n\n<figure class=\"wp-block-image size-large\"><img loading=\"lazy\" decoding=\"async\" width=\"880\" height=\"587\" src=\"https:\/\/www.mgc.es\/wp-content\/uploads\/2026\/04\/tratamientos-caseros-polen-2-880x587.jpg\" alt=\"tratamientos caseros polen\" class=\"wp-image-38757\" srcset=\"https:\/\/www.mgc.es\/wp-content\/uploads\/2026\/04\/tratamientos-caseros-polen-2-880x587.jpg 880w, https:\/\/www.mgc.es\/wp-content\/uploads\/2026\/04\/tratamientos-caseros-polen-2-440x293.jpg 440w, https:\/\/www.mgc.es\/wp-content\/uploads\/2026\/04\/tratamientos-caseros-polen-2-768x512.jpg 768w, https:\/\/www.mgc.es\/wp-content\/uploads\/2026\/04\/tratamientos-caseros-polen-2.jpg 900w\" sizes=\"auto, (max-width: 880px) 100vw, 880px\" \/><\/figure>\n\n\n\n<h2 class=\"wp-block-heading\"><span class=\"ez-toc-section\" id=\"Quan_els_remeis_per_a_lallergia_al_pollen_no_son_suficients\"><\/span><strong>Quan els remeis per a l&#8217;al\u00b7l\u00e8rgia al pol\u00b7len no s\u00f3n suficients?<\/strong><span class=\"ez-toc-section-end\"><\/span><\/h2>\n\n\n\n<p>Tot i que els remeis casolans poden alleujar s\u00edmptomes lleus, no sempre s\u00f3n suficients. Quan l&#8217;al\u00b7l\u00e8rgia afecta el descans, el rendiment diari o provoca dificultat respirat\u00f2ria, \u00e9s necessari acudir a un especialista.<\/p>\n\n\n\n<p>El tractament m\u00e8dic permet controlar millor la resposta de l&#8217;organisme i evitar complicacions. Si els s\u00edmptomes es ignoren o nom\u00e9s s&#8217;utilitzen solucions casolanes, pot haver-hi un empitjorament a llarg termini.<\/p>\n\n\n\n<h2 class=\"wp-block-heading\"><span class=\"ez-toc-section\" id=\"Cuida_la_teva_salut_respiratoria_amb_els_especialistes_de_MGC_Mutua\"><\/span><strong>Cuida la teva salut respirat\u00f2ria amb els especialistes de MGC Mutua<\/strong><span class=\"ez-toc-section-end\"><\/span><\/h2>\n\n\n\n<p>L&#8217;assessorament professional permet personalitzar els tractaments i controlar millor l&#8217;al\u00b7l\u00e8rgia. Un seguiment adequat, com el que ofereix MGC en les seves <a href=\"https:\/\/www.mgc.es\/ca\/assegurances-de-salut\/\">assegurances de salut<\/a>, ajuda a reduir els s\u00edmptomes i a identificar els factors que els desencadenen. A m\u00e9s, disposar d&#8217;acc\u00e9s a especialistes facilita la detecci\u00f3 preco\u00e7.<\/p>\n\n\n\n<h2 class=\"wp-block-heading\"><span class=\"ez-toc-section\" id=\"Preguntes_frequents\"><\/span><strong>Preguntes freq\u00fcents<\/strong><span class=\"ez-toc-section-end\"><\/span><\/h2>\n\n\n\n<p><strong>Com puc netejar el nas de manera natural per alleujar la rinitis?<\/strong><br>Els rentats nasals amb s\u00e8rum fisiol\u00f2gic o solucions salines s\u00f3n l&#8217;opci\u00f3 m\u00e9s efica\u00e7. Ajuden a eliminar al\u00b7l\u00e8rgens i redueixen la congesti\u00f3 de manera segura.<\/p>\n\n\n\n<p><strong>Quins aliments poden empitjorar els s\u00edmptomes de l&#8217;al\u00b7l\u00e8rgia primaveral?<\/strong><br>Alguns aliments com fruites amb prote\u00efnes similars al pol\u00b7len poden provocar reaccions creuades en persones sensibles. \u00c9s recomanable observar com respon el cos i ajustar la dieta si \u00e9s necessari.<\/p>\n\n\n\n<p><strong>\u00c9s bo dutxar-se abans de dormir durant la temporada de pol\u00b7len?<\/strong><br>S\u00ed, \u00e9s una de les millors mesures per eliminar restes de pol\u00b7len acumulades durant el dia i evitar que es transfereixin a la roba de llit.<\/p>\n\n\n\n<p><strong>Ajuda l&#8217;\u00fas d&#8217;ulleres de sol per a l&#8217;al\u00b7l\u00e8rgia ocular?<\/strong><br>S\u00ed, actuen com una barrera f\u00edsica que redueix el contacte del pol\u00b7len amb els ulls, i redueixen la picor i la irritaci\u00f3.<\/p>\n\n\n\n<p><strong>Quan haig de deixar d&#8217;utilitzar remeis casolans i demanar cita amb l&#8217;al\u00b7l\u00e8rg\u00f2leg?<\/strong><br>Quan els s\u00edmptomes interfereixen amb la vida di\u00e0ria, no milloren amb mesures b\u00e0siques o apareixen dificultats respirat\u00f2ries, \u00e9s imprescindible acudir a un especialista<\/p>\n","protected":false},"excerpt":{"rendered":"<p>L&#8217;arribada de la primavera ve acompanyada d&#8217;un augment de les temperatures i m\u00e9s hores de llum. Per\u00f2 per a moltes persones, tamb\u00e9 ve amb esternuts, picor d&#8217;ulls o congesti\u00f3 nasal. Una de les causes principals \u00e9s l&#8217;al\u00b7l\u00e8rgia al pol\u00b7len, que, tot i que no sol ser greu, s\u00ed resulta molesta. Per aix\u00f2, a m\u00e9s del [&hellip;]<\/p>\n","protected":false},"author":3,"featured_media":38756,"comment_status":"closed","ping_status":"closed","sticky":false,"template":"","format":"standard","meta":{"footnotes":""},"categories":[978,996,15],"tags":[],"class_list":["post-38758","post","type-post","status-publish","format-standard","has-post-thumbnail","hentry","category-enfermedades-y-salud-general","category-malalties-i-salut-general","category-salut"],"featured_image_src":"https:\/\/www.mgc.es\/wp-content\/uploads\/2026\/04\/alergia-polen-soluciones-naturales-1.jpg","author_info":{"display_name":"Revista Inter\u00e8s Mutu","author_link":"https:\/\/www.mgc.es\/ca\/blog\/author\/interesmutu\/"},"yoast_head":"<!-- This site is optimized with the Yoast SEO plugin v27.2 - https:\/\/yoast.com\/product\/yoast-seo-wordpress\/ -->\n<title>Remeis casolans per a l&#039;al\u00b7l\u00e8rgia al pol\u00b7len<\/title>\n<meta name=\"description\" content=\"Descobreix els millors remeis casolans per alleujar els s\u00edmptomes de l&#039;al\u00b7l\u00e8rgia al pol\u00b7len i gaudir de la primavera sense mol\u00e8sties.\" \/>\n<meta name=\"robots\" content=\"index, follow, max-snippet:-1, max-image-preview:large, max-video-preview:-1\" \/>\n<link rel=\"canonical\" href=\"https:\/\/www.mgc.es\/ca\/blog\/remeis-casolans-alergia-pollen\/\" \/>\n<meta property=\"og:locale\" content=\"ca_ES\" \/>\n<meta property=\"og:type\" content=\"article\" \/>\n<meta property=\"og:title\" content=\"Remeis casolans per a l&#039;al\u00b7l\u00e8rgia al pol\u00b7len\" \/>\n<meta property=\"og:description\" content=\"Descobreix els millors remeis casolans per alleujar els s\u00edmptomes de l&#039;al\u00b7l\u00e8rgia al pol\u00b7len i gaudir de la primavera sense mol\u00e8sties.\" \/>\n<meta property=\"og:url\" content=\"https:\/\/www.mgc.es\/ca\/blog\/remeis-casolans-alergia-pollen\/\" \/>\n<meta property=\"og:site_name\" content=\"MGC M\u00fatua\" \/>\n<meta property=\"article:publisher\" content=\"https:\/\/www.facebook.com\/mgcmutua\" \/>\n<meta property=\"article:published_time\" content=\"2026-04-27T11:13:29+00:00\" \/>\n<meta property=\"article:modified_time\" content=\"2026-04-27T11:13:30+00:00\" \/>\n<meta property=\"og:image\" content=\"https:\/\/www.mgc.es\/wp-content\/uploads\/2026\/04\/alergia-polen-soluciones-naturales-1.jpg\" \/>\n\t<meta property=\"og:image:width\" content=\"900\" \/>\n\t<meta property=\"og:image:height\" content=\"600\" \/>\n\t<meta property=\"og:image:type\" content=\"image\/jpeg\" \/>\n<meta name=\"author\" content=\"Revista Inter\u00e8s Mutu\" \/>\n<meta name=\"twitter:card\" content=\"summary_large_image\" \/>\n<meta name=\"twitter:creator\" content=\"@mgcmutua\" \/>\n<meta name=\"twitter:site\" content=\"@mgcmutua\" \/>\n<meta name=\"twitter:label1\" content=\"Escrit per\" \/>\n\t<meta name=\"twitter:data1\" content=\"Revista Inter\u00e8s Mutu\" \/>\n\t<meta name=\"twitter:label2\" content=\"Temps estimat de lectura\" \/>\n\t<meta name=\"twitter:data2\" content=\"6 minuts\" \/>\n<!-- \/ Yoast SEO plugin. -->","yoast_head_json":{"title":"Remeis casolans per a l'al\u00b7l\u00e8rgia al pol\u00b7len","description":"Descobreix els millors remeis casolans per alleujar els s\u00edmptomes de l'al\u00b7l\u00e8rgia al pol\u00b7len i gaudir de la primavera sense mol\u00e8sties.","robots":{"index":"index","follow":"follow","max-snippet":"max-snippet:-1","max-image-preview":"max-image-preview:large","max-video-preview":"max-video-preview:-1"},"canonical":"https:\/\/www.mgc.es\/ca\/blog\/remeis-casolans-alergia-pollen\/","og_locale":"ca_ES","og_type":"article","og_title":"Remeis casolans per a l'al\u00b7l\u00e8rgia al pol\u00b7len","og_description":"Descobreix els millors remeis casolans per alleujar els s\u00edmptomes de l'al\u00b7l\u00e8rgia al pol\u00b7len i gaudir de la primavera sense mol\u00e8sties.","og_url":"https:\/\/www.mgc.es\/ca\/blog\/remeis-casolans-alergia-pollen\/","og_site_name":"MGC M\u00fatua","article_publisher":"https:\/\/www.facebook.com\/mgcmutua","article_published_time":"2026-04-27T11:13:29+00:00","article_modified_time":"2026-04-27T11:13:30+00:00","og_image":[{"width":900,"height":600,"url":"https:\/\/www.mgc.es\/wp-content\/uploads\/2026\/04\/alergia-polen-soluciones-naturales-1.jpg","type":"image\/jpeg"}],"author":"Revista Inter\u00e8s Mutu","twitter_card":"summary_large_image","twitter_creator":"@mgcmutua","twitter_site":"@mgcmutua","twitter_misc":{"Escrit per":"Revista Inter\u00e8s Mutu","Temps estimat de lectura":"6 minuts"},"schema":{"@context":"https:\/\/schema.org","@graph":[{"@type":["Article","BlogPosting"],"@id":"https:\/\/www.mgc.es\/ca\/blog\/remeis-casolans-alergia-pollen\/#article","isPartOf":{"@id":"https:\/\/www.mgc.es\/ca\/blog\/remeis-casolans-alergia-pollen\/"},"author":{"name":"Revista Inter\u00e8s Mutu","@id":"https:\/\/www.mgc.es\/#\/schema\/person\/010c961d9c9acf38f11187a02b646c16"},"headline":"Remeis casolans per l&#8217;al\u00b7l\u00e8rgia al pol\u00b7len","datePublished":"2026-04-27T11:13:29+00:00","dateModified":"2026-04-27T11:13:30+00:00","mainEntityOfPage":{"@id":"https:\/\/www.mgc.es\/ca\/blog\/remeis-casolans-alergia-pollen\/"},"wordCount":1120,"publisher":{"@id":"https:\/\/www.mgc.es\/#organization"},"image":{"@id":"https:\/\/www.mgc.es\/ca\/blog\/remeis-casolans-alergia-pollen\/#primaryimage"},"thumbnailUrl":"https:\/\/www.mgc.es\/wp-content\/uploads\/2026\/04\/alergia-polen-soluciones-naturales-1.jpg","articleSection":["Enfermedades y salud general","Malalties i salut general","Salut i medicina"],"inLanguage":"ca"},{"@type":["WebPage","ItemPage"],"@id":"https:\/\/www.mgc.es\/ca\/blog\/remeis-casolans-alergia-pollen\/","url":"https:\/\/www.mgc.es\/ca\/blog\/remeis-casolans-alergia-pollen\/","name":"Remeis casolans per a l'al\u00b7l\u00e8rgia al pol\u00b7len","isPartOf":{"@id":"https:\/\/www.mgc.es\/#website"},"primaryImageOfPage":{"@id":"https:\/\/www.mgc.es\/ca\/blog\/remeis-casolans-alergia-pollen\/#primaryimage"},"image":{"@id":"https:\/\/www.mgc.es\/ca\/blog\/remeis-casolans-alergia-pollen\/#primaryimage"},"thumbnailUrl":"https:\/\/www.mgc.es\/wp-content\/uploads\/2026\/04\/alergia-polen-soluciones-naturales-1.jpg","datePublished":"2026-04-27T11:13:29+00:00","dateModified":"2026-04-27T11:13:30+00:00","description":"Descobreix els millors remeis casolans per alleujar els s\u00edmptomes de l'al\u00b7l\u00e8rgia al pol\u00b7len i gaudir de la primavera sense mol\u00e8sties.","breadcrumb":{"@id":"https:\/\/www.mgc.es\/ca\/blog\/remeis-casolans-alergia-pollen\/#breadcrumb"},"inLanguage":"ca","potentialAction":[{"@type":"ReadAction","target":["https:\/\/www.mgc.es\/ca\/blog\/remeis-casolans-alergia-pollen\/"]}]},{"@type":"ImageObject","inLanguage":"ca","@id":"https:\/\/www.mgc.es\/ca\/blog\/remeis-casolans-alergia-pollen\/#primaryimage","url":"https:\/\/www.mgc.es\/wp-content\/uploads\/2026\/04\/alergia-polen-soluciones-naturales-1.jpg","contentUrl":"https:\/\/www.mgc.es\/wp-content\/uploads\/2026\/04\/alergia-polen-soluciones-naturales-1.jpg","width":900,"height":600,"caption":"alergia polen soluciones naturales"},{"@type":"BreadcrumbList","@id":"https:\/\/www.mgc.es\/ca\/blog\/remeis-casolans-alergia-pollen\/#breadcrumb","itemListElement":[{"@type":"ListItem","position":1,"name":"Home","item":"https:\/\/www.mgc.es\/ca\/"},{"@type":"ListItem","position":2,"name":"Remeis casolans per l&#8217;al\u00b7l\u00e8rgia al pol\u00b7len"}]},{"@type":"WebSite","@id":"https:\/\/www.mgc.es\/#website","url":"https:\/\/www.mgc.es\/","name":"MGC M\u00fatua","description":"MGC M\u00fatua \u00e9s una entitat asseguradora sense \u00e0nim de lucre constitu\u00efda al 1982 i especialitzada en assegurances de salut i assist\u00e8ncia.","publisher":{"@id":"https:\/\/www.mgc.es\/#organization"},"alternateName":"MGC","potentialAction":[{"@type":"SearchAction","target":{"@type":"EntryPoint","urlTemplate":"https:\/\/www.mgc.es\/?s={search_term_string}"},"query-input":{"@type":"PropertyValueSpecification","valueRequired":true,"valueName":"search_term_string"}}],"inLanguage":"ca"},{"@type":"Organization","@id":"https:\/\/www.mgc.es\/#organization","name":"MGC Mutua","alternateName":"MGC","url":"https:\/\/www.mgc.es\/","logo":{"@type":"ImageObject","inLanguage":"ca","@id":"https:\/\/www.mgc.es\/#\/schema\/logo\/image\/","url":"https:\/\/www.mgc.es\/wp-content\/uploads\/2020\/03\/mgcmutua_h2_2t_reduccions.png","contentUrl":"https:\/\/www.mgc.es\/wp-content\/uploads\/2020\/03\/mgcmutua_h2_2t_reduccions.png","width":303,"height":165,"caption":"MGC Mutua"},"image":{"@id":"https:\/\/www.mgc.es\/#\/schema\/logo\/image\/"},"sameAs":["https:\/\/www.facebook.com\/mgcmutua","https:\/\/x.com\/mgcmutua","https:\/\/www.youtube.com\/c\/MGCMutua"]},{"@type":"Person","@id":"https:\/\/www.mgc.es\/#\/schema\/person\/010c961d9c9acf38f11187a02b646c16","name":"Revista Inter\u00e8s Mutu","image":{"@type":"ImageObject","inLanguage":"ca","@id":"https:\/\/secure.gravatar.com\/avatar\/52302d684339b9d7bf5691e2ad00835d62ce3b4a435f21ca9f21fbe39c63cb1b?s=96&d=mm&r=g","url":"https:\/\/secure.gravatar.com\/avatar\/52302d684339b9d7bf5691e2ad00835d62ce3b4a435f21ca9f21fbe39c63cb1b?s=96&d=mm&r=g","contentUrl":"https:\/\/secure.gravatar.com\/avatar\/52302d684339b9d7bf5691e2ad00835d62ce3b4a435f21ca9f21fbe39c63cb1b?s=96&d=mm&r=g","caption":"Revista Inter\u00e8s Mutu"}}]}},"_links":{"self":[{"href":"https:\/\/www.mgc.es\/ca\/wp-json\/wp\/v2\/posts\/38758","targetHints":{"allow":["GET"]}}],"collection":[{"href":"https:\/\/www.mgc.es\/ca\/wp-json\/wp\/v2\/posts"}],"about":[{"href":"https:\/\/www.mgc.es\/ca\/wp-json\/wp\/v2\/types\/post"}],"author":[{"embeddable":true,"href":"https:\/\/www.mgc.es\/ca\/wp-json\/wp\/v2\/users\/3"}],"replies":[{"embeddable":true,"href":"https:\/\/www.mgc.es\/ca\/wp-json\/wp\/v2\/comments?post=38758"}],"version-history":[{"count":3,"href":"https:\/\/www.mgc.es\/ca\/wp-json\/wp\/v2\/posts\/38758\/revisions"}],"predecessor-version":[{"id":38892,"href":"https:\/\/www.mgc.es\/ca\/wp-json\/wp\/v2\/posts\/38758\/revisions\/38892"}],"wp:featuredmedia":[{"embeddable":true,"href":"https:\/\/www.mgc.es\/ca\/wp-json\/wp\/v2\/media\/38756"}],"wp:attachment":[{"href":"https:\/\/www.mgc.es\/ca\/wp-json\/wp\/v2\/media?parent=38758"}],"wp:term":[{"taxonomy":"category","embeddable":true,"href":"https:\/\/www.mgc.es\/ca\/wp-json\/wp\/v2\/categories?post=38758"},{"taxonomy":"post_tag","embeddable":true,"href":"https:\/\/www.mgc.es\/ca\/wp-json\/wp\/v2\/tags?post=38758"}],"curies":[{"name":"wp","href":"https:\/\/api.w.org\/{rel}","templated":true}]}}