{"id":38414,"date":"2026-03-17T11:44:05","date_gmt":"2026-03-17T10:44:05","guid":{"rendered":"https:\/\/www.mgc.es\/?p=38414"},"modified":"2026-03-17T14:00:35","modified_gmt":"2026-03-17T13:00:35","slug":"dolor-de-genoll-que-hi-ha-al-darrere-causes-prevencio-i-quan-consultar-amb-el-metge","status":"publish","type":"post","link":"https:\/\/www.mgc.es\/ca\/blog\/dolor-de-genoll-que-hi-ha-al-darrere-causes-prevencio-i-quan-consultar-amb-el-metge\/","title":{"rendered":"Dolor de genoll: qu\u00e8 hi ha al darrere? Causes, prevenci\u00f3 i quan consultar amb el metge"},"content":{"rendered":"<div id=\"ez-toc-container\" class=\"ez-toc-v2_0_82_1 counter-hierarchy ez-toc-counter ez-toc-custom ez-toc-container-direction\">\n<div class=\"ez-toc-title-container\"><p class=\"ez-toc-title\" style=\"cursor:inherit\">\u00cdndex de continguts<\/p>\n<\/div><nav><ul class='ez-toc-list ez-toc-list-level-1 ' ><li class='ez-toc-page-1 ez-toc-heading-level-2'><a class=\"ez-toc-link ez-toc-heading-1\" href=\"https:\/\/www.mgc.es\/ca\/blog\/dolor-de-genoll-que-hi-ha-al-darrere-causes-prevencio-i-quan-consultar-amb-el-metge\/#Per_que_fa_mal_el_genoll_Les_causes_mes_habituals\" >Per qu\u00e8 fa mal el genoll? Les causes m\u00e9s habituals<\/a><\/li><li class='ez-toc-page-1 ez-toc-heading-level-2'><a class=\"ez-toc-link ez-toc-heading-2\" href=\"https:\/\/www.mgc.es\/ca\/blog\/dolor-de-genoll-que-hi-ha-al-darrere-causes-prevencio-i-quan-consultar-amb-el-metge\/#Factors_que_augmenten_el_risc_de_dolor_de_genoll\" >Factors que augmenten el risc de dolor de genoll<\/a><\/li><li class='ez-toc-page-1 ez-toc-heading-level-2'><a class=\"ez-toc-link ez-toc-heading-3\" href=\"https:\/\/www.mgc.es\/ca\/blog\/dolor-de-genoll-que-hi-ha-al-darrere-causes-prevencio-i-quan-consultar-amb-el-metge\/#Com_prevenir_el_dolor_de_genoll_Recomanacions_practiques\" >Com prevenir el dolor de genoll? Recomanacions pr\u00e0ctiques<\/a><\/li><li class='ez-toc-page-1 ez-toc-heading-level-2'><a class=\"ez-toc-link ez-toc-heading-4\" href=\"https:\/\/www.mgc.es\/ca\/blog\/dolor-de-genoll-que-hi-ha-al-darrere-causes-prevencio-i-quan-consultar-amb-el-metge\/#Quan_cal_consultar_amb_el_metge\" >Quan cal consultar amb el metge?<\/a><\/li><li class='ez-toc-page-1 ez-toc-heading-level-2'><a class=\"ez-toc-link ez-toc-heading-5\" href=\"https:\/\/www.mgc.es\/ca\/blog\/dolor-de-genoll-que-hi-ha-al-darrere-causes-prevencio-i-quan-consultar-amb-el-metge\/#Mobilitat_i_qualitat_de_vida\" >Mobilitat i qualitat de vida<\/a><\/li><li class='ez-toc-page-1 ez-toc-heading-level-2'><a class=\"ez-toc-link ez-toc-heading-6\" href=\"https:\/\/www.mgc.es\/ca\/blog\/dolor-de-genoll-que-hi-ha-al-darrere-causes-prevencio-i-quan-consultar-amb-el-metge\/#Preguntes_frequents_sobre_el_dolor_de_genoll\" >Preguntes freq\u00fcents sobre el dolor de genoll<\/a><\/li><\/ul><\/nav><\/div>\n\n<p>El <strong>dolor de genoll<\/strong> \u00e9s una de les consultes m\u00e9s habituals entre adults de totes les edats. Pot apar\u00e8ixer de manera sobtada despr\u00e9s d\u2019una lesi\u00f3, o b\u00e9 desenvolupar-se de forma progressiva amb el temps. Identificar-ne la causa \u00e9s essencial per aplicar el tractament correcte i evitar complicacions futures.<\/p>\n\n\n\n<div class=\"video\"><iframe loading=\"lazy\" src=\"https:\/\/player.vimeo.com\/video\/1173282533\" width=\"640\" height=\"360\" frameborder=\"0\" allow=\"autoplay; fullscreen; picture-in-picture\" allowfullscreen><\/iframe><\/div>\n\n\n\n<p>Els genolls s\u00f3n les articulacions m\u00e9s grans del cos i unes de les que suporten m\u00e9s c\u00e0rrega al llarg del dia. En activitats tan quotidianes com <strong>pujar escales<\/strong>, poden arribar a suportar fins a quatre vegades el nostre pes corporal. \u00c9s per aix\u00f2 que el seu bon funcionament \u00e9s clau per caminar, aixecar-nos, fer esport i mantenir una vida activa.<\/p>\n\n\n\n<h2 class=\"wp-block-heading\"><span class=\"ez-toc-section\" id=\"Per_que_fa_mal_el_genoll_Les_causes_mes_habituals\"><\/span>Per qu\u00e8 fa mal el genoll? Les causes m\u00e9s habituals<span class=\"ez-toc-section-end\"><\/span><\/h2>\n\n\n\n<p>El dolor de genoll pot tenir m\u00faltiples or\u00edgens. Entre els m\u00e9s freq\u00fcents hi trobem:<\/p>\n\n\n\n<h3 class=\"wp-block-heading\">1. Artrosi del genoll<\/h3>\n\n\n\n<p>Deguda al desgast progressiu del cart\u00edlag articular.<br>\u00c9s especialment habitual a partir dels 50 anys i provoca rigidesa, dolor i p\u00e8rdua de mobilitat.<\/p>\n\n\n\n<p>Tamb\u00e9 hi poden contribuir:<\/p>\n\n\n\n<ul class=\"wp-block-list\">\n<li><a href=\"https:\/\/www.mgc.es\/blog\/artrosis-tipos-soluciones\/\">Mala alineaci\u00f3 de la r\u00f2tula<\/a><\/li>\n\n\n\n<li>Debilitat o desequilibris musculars<\/li>\n\n\n\n<li>Augment de pes, que incrementa la pressi\u00f3 sobre l\u2019articulaci\u00f3<\/li>\n<\/ul>\n\n\n\n<figure class=\"wp-block-image size-large\"><img loading=\"lazy\" decoding=\"async\" width=\"880\" height=\"493\" src=\"https:\/\/www.mgc.es\/wp-content\/uploads\/2026\/03\/genoll-escala-880x493.jpg\" alt=\"\" class=\"wp-image-38418\" srcset=\"https:\/\/www.mgc.es\/wp-content\/uploads\/2026\/03\/genoll-escala-880x493.jpg 880w, https:\/\/www.mgc.es\/wp-content\/uploads\/2026\/03\/genoll-escala-440x247.jpg 440w, https:\/\/www.mgc.es\/wp-content\/uploads\/2026\/03\/genoll-escala-768x430.jpg 768w, https:\/\/www.mgc.es\/wp-content\/uploads\/2026\/03\/genoll-escala.jpg 960w\" sizes=\"auto, (max-width: 880px) 100vw, 880px\" \/><\/figure>\n\n\n\n<h2 class=\"wp-block-heading\"><span class=\"ez-toc-section\" id=\"Factors_que_augmenten_el_risc_de_dolor_de_genoll\"><\/span>Factors que augmenten el risc de dolor de genoll<span class=\"ez-toc-section-end\"><\/span><\/h2>\n\n\n\n<p>Hi ha situacions que poden facilitar l\u2019aparici\u00f3 de dolor o agreujar problemes existents:<\/p>\n\n\n\n<ul class=\"wp-block-list\">\n<li><strong>Sobrep\u00e8s o obesitat<\/strong>, que incrementen la c\u00e0rrega articular<\/li>\n\n\n\n<li><strong>Debilitat muscular<\/strong>, especialment dels qu\u00e0driceps i isquiotibials<\/li>\n\n\n\n<li><strong>Sedentarisme<\/strong><\/li>\n\n\n\n<li><strong>Activitat f\u00edsica intensa sense preparaci\u00f3 pr\u00e8via o sense t\u00e8cnica adequada<\/strong><\/li>\n<\/ul>\n\n\n\n<p>Amb el temps, aquests factors poden accelerar el desgast del cart\u00edlag i afavorir l\u2019artrosi i altres <a href=\"https:\/\/www.mgc.es\/blog\/como-paliar-los-dolores-articulares\/\">dolors articulars<\/a>.<\/p>\n\n\n\n<h2 class=\"wp-block-heading\"><span class=\"ez-toc-section\" id=\"Com_prevenir_el_dolor_de_genoll_Recomanacions_practiques\"><\/span>Com prevenir el dolor de genoll? Recomanacions pr\u00e0ctiques<span class=\"ez-toc-section-end\"><\/span><\/h2>\n\n\n\n<p>La millor manera de protegir els genolls \u00e9s adoptar h\u00e0bits saludables. Les recomanacions principals s\u00f3n:<\/p>\n\n\n\n<h3 class=\"wp-block-heading\">1. Mantenir un pes saludable<\/h3>\n\n\n\n<p>Reduir el pes corporal disminueix significativament la c\u00e0rrega sobre els genolls.<\/p>\n\n\n\n<h3 class=\"wp-block-heading\">2. Enfortir la musculatura<\/h3>\n\n\n\n<p>Treballar els qu\u00e0driceps, isquiotibials i glutis ajuda a estabilitzar l\u2019articulaci\u00f3, especialment en persones amb <a href=\"https:\/\/www.mgc.es\/blog\/artrosis-cadera-sintomas-tratamiento-ejercicios\/\">artrosi de maluc<\/a>.<\/p>\n\n\n\n<h3 class=\"wp-block-heading\">3. Practicar exercici de baix impacte<\/h3>\n\n\n\n<p>Activitats com caminar, nedar o anar en bicicleta milloren la mobilitat sense sobrecarregar.<\/p>\n\n\n\n<p>No cal fer entrenaments intensos: <strong>caminar 30 minuts al dia<\/strong> \u00e9s suficient per millorar la salut articular.<\/p>\n\n\n\n<h2 class=\"wp-block-heading\"><span class=\"ez-toc-section\" id=\"Quan_cal_consultar_amb_el_metge\"><\/span>Quan cal consultar amb el metge?<span class=\"ez-toc-section-end\"><\/span><\/h2>\n\n\n\n<p>\u00c9s important no normalitzar el dolor de genoll. Cal demanar valoraci\u00f3 m\u00e8dica si apareix:<\/p>\n\n\n\n<ul class=\"wp-block-list\">\n<li><strong>Dolor persistent<\/strong> que no millora amb el rep\u00f2s<\/li>\n\n\n\n<li><strong>Inflor important o recurrent<\/strong><\/li>\n\n\n\n<li><strong>Sensaci\u00f3 d\u2019inestabilitat o bloqueig<\/strong><\/li>\n\n\n\n<li><strong>Dificultat per caminar<\/strong> o limitaci\u00f3 del moviment habitual<\/li>\n<\/ul>\n\n\n\n<figure class=\"wp-block-image size-large\"><img loading=\"lazy\" decoding=\"async\" width=\"880\" height=\"493\" src=\"https:\/\/www.mgc.es\/wp-content\/uploads\/2026\/03\/genoll-metge-880x493.jpg\" alt=\"\" class=\"wp-image-38419\" srcset=\"https:\/\/www.mgc.es\/wp-content\/uploads\/2026\/03\/genoll-metge-880x493.jpg 880w, https:\/\/www.mgc.es\/wp-content\/uploads\/2026\/03\/genoll-metge-440x247.jpg 440w, https:\/\/www.mgc.es\/wp-content\/uploads\/2026\/03\/genoll-metge-768x430.jpg 768w, https:\/\/www.mgc.es\/wp-content\/uploads\/2026\/03\/genoll-metge.jpg 960w\" sizes=\"auto, (max-width: 880px) 100vw, 880px\" \/><\/figure>\n\n\n\n<p>Una detecci\u00f3 preco\u00e7 permet iniciar el millor tractament: fisioter\u00e0pia, exercici terap\u00e8utic, tractament farmacol\u00f2gic o, en alguns casos, exploracions complement\u00e0ries.<\/p>\n\n\n\n<h2 class=\"wp-block-heading\"><span class=\"ez-toc-section\" id=\"Mobilitat_i_qualitat_de_vida\"><\/span>Mobilitat i qualitat de vida<span class=\"ez-toc-section-end\"><\/span><\/h2>\n\n\n\n<p>Els genolls s\u00f3n essencials per al nostre dia a dia i contribueixen directament a la nostra autonomia. Cuidar-los no \u00e9s nom\u00e9s una q\u00fcesti\u00f3 de confort, sin\u00f3 una inversi\u00f3 directa en mobilitat i qualitat de vida. Un bon estat general de salut tamb\u00e9 dep\u00e8n de mantenir les articulacions lliures de tensions i altres <a href=\"https:\/\/www.mgc.es\/blog\/como-paliar-los-dolores-articulares\/\">dolors articulars<\/a>.<\/p>\n\n\n\n<p>Al <strong><a href=\"https:\/\/centremedic.mgc.es\/\">MGC Centre M\u00e8dic<\/a><\/strong>, disposem d\u2019un equip especialitzat en <strong><a href=\"https:\/\/centremedic.mgc.es\/especialitats\/consultes-despecialitats\/traumatologia-i-ortopedia\/\">traumatologia<\/a><\/strong>, preparat per avaluar el dolor de genoll i oferir-te les opcions de tractament m\u00e9s adequades segons el teu cas.<\/p>\n\n\n\n<h2 class=\"wp-block-heading\"><span class=\"ez-toc-section\" id=\"Preguntes_frequents_sobre_el_dolor_de_genoll\"><\/span>Preguntes freq\u00fcents sobre el dolor de genoll<span class=\"ez-toc-section-end\"><\/span><\/h2>\n\n\n\n<h3 class=\"wp-block-heading\">\u00c9s normal que el genoll faci soroll quan camino?<\/h3>\n\n\n\n<p>Sovint s\u00ed. Els cruixits sense dolor solen ser deguts al moviment del tend\u00f3 o a petites bombolles de gas a l\u2019articulaci\u00f3. Si hi ha dolor associat, cal una valoraci\u00f3 m\u00e8dica.<\/p>\n\n\n\n<h3 class=\"wp-block-heading\">El fred o la pluja poden augmentar el dolor de genoll?<\/h3>\n\n\n\n<p>Algunes persones noten m\u00e9s mol\u00e8sties amb els canvis de pressi\u00f3 atmosf\u00e8rica. No \u00e9s greu, per\u00f2 pot ser indicatiu de sensibilitat articular.<\/p>\n\n\n\n<h3 class=\"wp-block-heading\">He d\u2019evitar l\u2019esport si em fa mal el genoll?<\/h3>\n\n\n\n<p>En general, no. Cal evitar moviments que generin dolor intens, per\u00f2 mantenir-se actiu amb exercici de baix impacte ajuda a la recuperaci\u00f3.<\/p>\n\n\n\n<h3 class=\"wp-block-heading\">Els antiinflamatoris s\u00f3n sempre necessaris?<\/h3>\n\n\n\n<p>No. Dep\u00e8n de la causa del dolor. En molts casos, la fisioter\u00e0pia i el refor\u00e7 muscular s\u00f3n m\u00e9s efectius a llarg termini.<\/p>\n\n\n\n<h3 class=\"wp-block-heading\">El dolor de genoll sempre requereix proves d\u2019imatge?<\/h3>\n\n\n\n<p>No sempre. Moltes causes es diagnostiquen amb l\u2019exploraci\u00f3 f\u00edsica. El metge valorar\u00e0 si cal una radiografia o una resson\u00e0ncia.<\/p>\n","protected":false},"excerpt":{"rendered":"<p>El dolor de genoll \u00e9s una de les consultes m\u00e9s habituals entre adults de totes les edats. Pot apar\u00e8ixer de manera sobtada despr\u00e9s d\u2019una lesi\u00f3, o b\u00e9 desenvolupar-se de forma progressiva amb el temps. Identificar-ne la causa \u00e9s essencial per aplicar el tractament correcte i evitar complicacions futures. Els genolls s\u00f3n les articulacions m\u00e9s grans [&hellip;]<\/p>\n","protected":false},"author":3,"featured_media":38418,"comment_status":"closed","ping_status":"closed","sticky":false,"template":"","format":"standard","meta":{"footnotes":""},"categories":[187],"tags":[],"class_list":["post-38414","post","type-post","status-publish","format-standard","has-post-thumbnail","hentry","category-salud"],"featured_image_src":"https:\/\/www.mgc.es\/wp-content\/uploads\/2026\/03\/genoll-escala.jpg","author_info":{"display_name":"Revista Inter\u00e8s Mutu","author_link":"https:\/\/www.mgc.es\/ca\/blog\/author\/interesmutu\/"},"yoast_head":"<!-- This site is optimized with the Yoast SEO plugin v27.2 - https:\/\/yoast.com\/product\/yoast-seo-wordpress\/ -->\n<title>Dolor de genoll: qu\u00e8 hi ha al darrere? Causes, prevenci\u00f3 i quan consultar amb el metge - MGC M\u00fatua<\/title>\n<meta name=\"description\" content=\"Descobreix les causes del dolor de genoll, com prevenir-lo i quan consultar amb el metge. Guia pr\u00e0ctica per millorar la mobilitat i cuidar les articulacions.\" \/>\n<meta name=\"robots\" content=\"index, follow, max-snippet:-1, max-image-preview:large, max-video-preview:-1\" \/>\n<link rel=\"canonical\" href=\"https:\/\/www.mgc.es\/ca\/blog\/dolor-de-genoll-que-hi-ha-al-darrere-causes-prevencio-i-quan-consultar-amb-el-metge\/\" \/>\n<meta property=\"og:locale\" content=\"ca_ES\" \/>\n<meta property=\"og:type\" content=\"article\" \/>\n<meta property=\"og:title\" content=\"Dolor de genoll: qu\u00e8 hi ha al darrere? Causes, prevenci\u00f3 i quan consultar amb el metge - MGC M\u00fatua\" \/>\n<meta property=\"og:description\" content=\"Descobreix les causes del dolor de genoll, com prevenir-lo i quan consultar amb el metge. Guia pr\u00e0ctica per millorar la mobilitat i cuidar les articulacions.\" \/>\n<meta property=\"og:url\" content=\"https:\/\/www.mgc.es\/ca\/blog\/dolor-de-genoll-que-hi-ha-al-darrere-causes-prevencio-i-quan-consultar-amb-el-metge\/\" \/>\n<meta property=\"og:site_name\" content=\"MGC M\u00fatua\" \/>\n<meta property=\"article:publisher\" content=\"https:\/\/www.facebook.com\/mgcmutua\" \/>\n<meta property=\"article:published_time\" content=\"2026-03-17T10:44:05+00:00\" \/>\n<meta property=\"article:modified_time\" content=\"2026-03-17T13:00:35+00:00\" \/>\n<meta property=\"og:image\" content=\"https:\/\/www.mgc.es\/wp-content\/uploads\/2026\/03\/genoll-escala.jpg\" \/>\n\t<meta property=\"og:image:width\" content=\"960\" \/>\n\t<meta property=\"og:image:height\" content=\"538\" \/>\n\t<meta property=\"og:image:type\" content=\"image\/jpeg\" \/>\n<meta name=\"author\" content=\"Revista Inter\u00e8s Mutu\" \/>\n<meta name=\"twitter:card\" content=\"summary_large_image\" \/>\n<meta name=\"twitter:creator\" content=\"@mgcmutua\" \/>\n<meta name=\"twitter:site\" content=\"@mgcmutua\" \/>\n<meta name=\"twitter:label1\" content=\"Escrit per\" \/>\n\t<meta name=\"twitter:data1\" content=\"Revista Inter\u00e8s Mutu\" \/>\n\t<meta name=\"twitter:label2\" content=\"Temps estimat de lectura\" \/>\n\t<meta name=\"twitter:data2\" content=\"4 minuts\" \/>\n<!-- \/ Yoast SEO plugin. -->","yoast_head_json":{"title":"Dolor de genoll: qu\u00e8 hi ha al darrere? Causes, prevenci\u00f3 i quan consultar amb el metge - MGC M\u00fatua","description":"Descobreix les causes del dolor de genoll, com prevenir-lo i quan consultar amb el metge. Guia pr\u00e0ctica per millorar la mobilitat i cuidar les articulacions.","robots":{"index":"index","follow":"follow","max-snippet":"max-snippet:-1","max-image-preview":"max-image-preview:large","max-video-preview":"max-video-preview:-1"},"canonical":"https:\/\/www.mgc.es\/ca\/blog\/dolor-de-genoll-que-hi-ha-al-darrere-causes-prevencio-i-quan-consultar-amb-el-metge\/","og_locale":"ca_ES","og_type":"article","og_title":"Dolor de genoll: qu\u00e8 hi ha al darrere? Causes, prevenci\u00f3 i quan consultar amb el metge - MGC M\u00fatua","og_description":"Descobreix les causes del dolor de genoll, com prevenir-lo i quan consultar amb el metge. Guia pr\u00e0ctica per millorar la mobilitat i cuidar les articulacions.","og_url":"https:\/\/www.mgc.es\/ca\/blog\/dolor-de-genoll-que-hi-ha-al-darrere-causes-prevencio-i-quan-consultar-amb-el-metge\/","og_site_name":"MGC M\u00fatua","article_publisher":"https:\/\/www.facebook.com\/mgcmutua","article_published_time":"2026-03-17T10:44:05+00:00","article_modified_time":"2026-03-17T13:00:35+00:00","og_image":[{"width":960,"height":538,"url":"https:\/\/www.mgc.es\/wp-content\/uploads\/2026\/03\/genoll-escala.jpg","type":"image\/jpeg"}],"author":"Revista Inter\u00e8s Mutu","twitter_card":"summary_large_image","twitter_creator":"@mgcmutua","twitter_site":"@mgcmutua","twitter_misc":{"Escrit per":"Revista Inter\u00e8s Mutu","Temps estimat de lectura":"4 minuts"},"schema":{"@context":"https:\/\/schema.org","@graph":[{"@type":["Article","BlogPosting"],"@id":"https:\/\/www.mgc.es\/ca\/blog\/dolor-de-genoll-que-hi-ha-al-darrere-causes-prevencio-i-quan-consultar-amb-el-metge\/#article","isPartOf":{"@id":"https:\/\/www.mgc.es\/ca\/blog\/dolor-de-genoll-que-hi-ha-al-darrere-causes-prevencio-i-quan-consultar-amb-el-metge\/"},"author":{"name":"Revista Inter\u00e8s Mutu","@id":"https:\/\/www.mgc.es\/#\/schema\/person\/010c961d9c9acf38f11187a02b646c16"},"headline":"Dolor de genoll: qu\u00e8 hi ha al darrere? Causes, prevenci\u00f3 i quan consultar amb el metge","datePublished":"2026-03-17T10:44:05+00:00","dateModified":"2026-03-17T13:00:35+00:00","mainEntityOfPage":{"@id":"https:\/\/www.mgc.es\/ca\/blog\/dolor-de-genoll-que-hi-ha-al-darrere-causes-prevencio-i-quan-consultar-amb-el-metge\/"},"wordCount":730,"publisher":{"@id":"https:\/\/www.mgc.es\/#organization"},"image":{"@id":"https:\/\/www.mgc.es\/ca\/blog\/dolor-de-genoll-que-hi-ha-al-darrere-causes-prevencio-i-quan-consultar-amb-el-metge\/#primaryimage"},"thumbnailUrl":"https:\/\/www.mgc.es\/wp-content\/uploads\/2026\/03\/genoll-escala.jpg","articleSection":["Salud y medicina"],"inLanguage":"ca"},{"@type":["WebPage","ItemPage"],"@id":"https:\/\/www.mgc.es\/ca\/blog\/dolor-de-genoll-que-hi-ha-al-darrere-causes-prevencio-i-quan-consultar-amb-el-metge\/","url":"https:\/\/www.mgc.es\/ca\/blog\/dolor-de-genoll-que-hi-ha-al-darrere-causes-prevencio-i-quan-consultar-amb-el-metge\/","name":"Dolor de genoll: qu\u00e8 hi ha al darrere? Causes, prevenci\u00f3 i quan consultar amb el metge - MGC M\u00fatua","isPartOf":{"@id":"https:\/\/www.mgc.es\/#website"},"primaryImageOfPage":{"@id":"https:\/\/www.mgc.es\/ca\/blog\/dolor-de-genoll-que-hi-ha-al-darrere-causes-prevencio-i-quan-consultar-amb-el-metge\/#primaryimage"},"image":{"@id":"https:\/\/www.mgc.es\/ca\/blog\/dolor-de-genoll-que-hi-ha-al-darrere-causes-prevencio-i-quan-consultar-amb-el-metge\/#primaryimage"},"thumbnailUrl":"https:\/\/www.mgc.es\/wp-content\/uploads\/2026\/03\/genoll-escala.jpg","datePublished":"2026-03-17T10:44:05+00:00","dateModified":"2026-03-17T13:00:35+00:00","description":"Descobreix les causes del dolor de genoll, com prevenir-lo i quan consultar amb el metge. Guia pr\u00e0ctica per millorar la mobilitat i cuidar les articulacions.","breadcrumb":{"@id":"https:\/\/www.mgc.es\/ca\/blog\/dolor-de-genoll-que-hi-ha-al-darrere-causes-prevencio-i-quan-consultar-amb-el-metge\/#breadcrumb"},"inLanguage":"ca","potentialAction":[{"@type":"ReadAction","target":["https:\/\/www.mgc.es\/ca\/blog\/dolor-de-genoll-que-hi-ha-al-darrere-causes-prevencio-i-quan-consultar-amb-el-metge\/"]}]},{"@type":"ImageObject","inLanguage":"ca","@id":"https:\/\/www.mgc.es\/ca\/blog\/dolor-de-genoll-que-hi-ha-al-darrere-causes-prevencio-i-quan-consultar-amb-el-metge\/#primaryimage","url":"https:\/\/www.mgc.es\/wp-content\/uploads\/2026\/03\/genoll-escala.jpg","contentUrl":"https:\/\/www.mgc.es\/wp-content\/uploads\/2026\/03\/genoll-escala.jpg","width":960,"height":538},{"@type":"BreadcrumbList","@id":"https:\/\/www.mgc.es\/ca\/blog\/dolor-de-genoll-que-hi-ha-al-darrere-causes-prevencio-i-quan-consultar-amb-el-metge\/#breadcrumb","itemListElement":[{"@type":"ListItem","position":1,"name":"Home","item":"https:\/\/www.mgc.es\/ca\/"},{"@type":"ListItem","position":2,"name":"Dolor de genoll: qu\u00e8 hi ha al darrere? Causes, prevenci\u00f3 i quan consultar amb el metge"}]},{"@type":"WebSite","@id":"https:\/\/www.mgc.es\/#website","url":"https:\/\/www.mgc.es\/","name":"MGC M\u00fatua","description":"MGC M\u00fatua \u00e9s una entitat asseguradora sense \u00e0nim de lucre constitu\u00efda al 1982 i especialitzada en assegurances de salut i assist\u00e8ncia.","publisher":{"@id":"https:\/\/www.mgc.es\/#organization"},"alternateName":"MGC","potentialAction":[{"@type":"SearchAction","target":{"@type":"EntryPoint","urlTemplate":"https:\/\/www.mgc.es\/?s={search_term_string}"},"query-input":{"@type":"PropertyValueSpecification","valueRequired":true,"valueName":"search_term_string"}}],"inLanguage":"ca"},{"@type":"Organization","@id":"https:\/\/www.mgc.es\/#organization","name":"MGC Mutua","alternateName":"MGC","url":"https:\/\/www.mgc.es\/","logo":{"@type":"ImageObject","inLanguage":"ca","@id":"https:\/\/www.mgc.es\/#\/schema\/logo\/image\/","url":"https:\/\/www.mgc.es\/wp-content\/uploads\/2020\/03\/mgcmutua_h2_2t_reduccions.png","contentUrl":"https:\/\/www.mgc.es\/wp-content\/uploads\/2020\/03\/mgcmutua_h2_2t_reduccions.png","width":303,"height":165,"caption":"MGC Mutua"},"image":{"@id":"https:\/\/www.mgc.es\/#\/schema\/logo\/image\/"},"sameAs":["https:\/\/www.facebook.com\/mgcmutua","https:\/\/x.com\/mgcmutua","https:\/\/www.youtube.com\/c\/MGCMutua"]},{"@type":"Person","@id":"https:\/\/www.mgc.es\/#\/schema\/person\/010c961d9c9acf38f11187a02b646c16","name":"Revista Inter\u00e8s Mutu","image":{"@type":"ImageObject","inLanguage":"ca","@id":"https:\/\/secure.gravatar.com\/avatar\/52302d684339b9d7bf5691e2ad00835d62ce3b4a435f21ca9f21fbe39c63cb1b?s=96&d=mm&r=g","url":"https:\/\/secure.gravatar.com\/avatar\/52302d684339b9d7bf5691e2ad00835d62ce3b4a435f21ca9f21fbe39c63cb1b?s=96&d=mm&r=g","contentUrl":"https:\/\/secure.gravatar.com\/avatar\/52302d684339b9d7bf5691e2ad00835d62ce3b4a435f21ca9f21fbe39c63cb1b?s=96&d=mm&r=g","caption":"Revista Inter\u00e8s Mutu"}}]}},"_links":{"self":[{"href":"https:\/\/www.mgc.es\/ca\/wp-json\/wp\/v2\/posts\/38414","targetHints":{"allow":["GET"]}}],"collection":[{"href":"https:\/\/www.mgc.es\/ca\/wp-json\/wp\/v2\/posts"}],"about":[{"href":"https:\/\/www.mgc.es\/ca\/wp-json\/wp\/v2\/types\/post"}],"author":[{"embeddable":true,"href":"https:\/\/www.mgc.es\/ca\/wp-json\/wp\/v2\/users\/3"}],"replies":[{"embeddable":true,"href":"https:\/\/www.mgc.es\/ca\/wp-json\/wp\/v2\/comments?post=38414"}],"version-history":[{"count":7,"href":"https:\/\/www.mgc.es\/ca\/wp-json\/wp\/v2\/posts\/38414\/revisions"}],"predecessor-version":[{"id":38435,"href":"https:\/\/www.mgc.es\/ca\/wp-json\/wp\/v2\/posts\/38414\/revisions\/38435"}],"wp:featuredmedia":[{"embeddable":true,"href":"https:\/\/www.mgc.es\/ca\/wp-json\/wp\/v2\/media\/38418"}],"wp:attachment":[{"href":"https:\/\/www.mgc.es\/ca\/wp-json\/wp\/v2\/media?parent=38414"}],"wp:term":[{"taxonomy":"category","embeddable":true,"href":"https:\/\/www.mgc.es\/ca\/wp-json\/wp\/v2\/categories?post=38414"},{"taxonomy":"post_tag","embeddable":true,"href":"https:\/\/www.mgc.es\/ca\/wp-json\/wp\/v2\/tags?post=38414"}],"curies":[{"name":"wp","href":"https:\/\/api.w.org\/{rel}","templated":true}]}}