{"id":38307,"date":"2026-03-17T09:00:00","date_gmt":"2026-03-17T08:00:00","guid":{"rendered":"https:\/\/www.mgc.es\/?p=38307"},"modified":"2026-03-05T15:40:45","modified_gmt":"2026-03-05T14:40:45","slug":"operacio-galindons-preu-espanya","status":"publish","type":"post","link":"https:\/\/www.mgc.es\/ca\/blog\/operacio-galindons-preu-espanya\/","title":{"rendered":"Operaci\u00f3 de galindons: quan \u00e9s necess\u00e0ria i quin preu t\u00e9"},"content":{"rendered":"<div id=\"ez-toc-container\" class=\"ez-toc-v2_0_82_1 counter-hierarchy ez-toc-counter ez-toc-custom ez-toc-container-direction\">\n<div class=\"ez-toc-title-container\"><p class=\"ez-toc-title\" style=\"cursor:inherit\">\u00cdndex de continguts<\/p>\n<\/div><nav><ul class='ez-toc-list ez-toc-list-level-1 ' ><li class='ez-toc-page-1 ez-toc-heading-level-2'><a class=\"ez-toc-link ez-toc-heading-1\" href=\"https:\/\/www.mgc.es\/ca\/blog\/operacio-galindons-preu-espanya\/#Que_son_els_galindons_i_quan_es_necessaria_loperacio\" >Qu\u00e8 s\u00f3n els galindons i quan \u00e9s necess\u00e0ria l\u2019operaci\u00f3?<\/a><\/li><li class='ez-toc-page-1 ez-toc-heading-level-2'><a class=\"ez-toc-link ez-toc-heading-2\" href=\"https:\/\/www.mgc.es\/ca\/blog\/operacio-galindons-preu-espanya\/#En_que_consisteix_loperacio_de_galindons\" >En qu\u00e8 consisteix l\u2019operaci\u00f3 de galindons?<\/a><\/li><li class='ez-toc-page-1 ez-toc-heading-level-2'><a class=\"ez-toc-link ez-toc-heading-3\" href=\"https:\/\/www.mgc.es\/ca\/blog\/operacio-galindons-preu-espanya\/#Es_dolorosa\" >\u00c9s dolorosa?<\/a><\/li><li class='ez-toc-page-1 ez-toc-heading-level-2'><a class=\"ez-toc-link ez-toc-heading-4\" href=\"https:\/\/www.mgc.es\/ca\/blog\/operacio-galindons-preu-espanya\/#Riscos_i_possibles_complicacions\" >Riscos i possibles complicacions<\/a><\/li><li class='ez-toc-page-1 ez-toc-heading-level-2'><a class=\"ez-toc-link ez-toc-heading-5\" href=\"https:\/\/www.mgc.es\/ca\/blog\/operacio-galindons-preu-espanya\/#Val_la_pena_operar-se\" >Val la pena operar-se?<\/a><\/li><li class='ez-toc-page-1 ez-toc-heading-level-2'><a class=\"ez-toc-link ez-toc-heading-6\" href=\"https:\/\/www.mgc.es\/ca\/blog\/operacio-galindons-preu-espanya\/#Quant_costa_una_operacio_de_galindons_a_Espanya\" >Quant costa una operaci\u00f3 de galindons a Espanya?<\/a><\/li><li class='ez-toc-page-1 ez-toc-heading-level-2'><a class=\"ez-toc-link ez-toc-heading-7\" href=\"https:\/\/www.mgc.es\/ca\/blog\/operacio-galindons-preu-espanya\/#Loperacio_de_galindons_la_cobreix_la_Seguretat_Social\" >L\u2019operaci\u00f3 de galindons la cobreix la Seguretat Social?<\/a><\/li><li class='ez-toc-page-1 ez-toc-heading-level-2'><a class=\"ez-toc-link ez-toc-heading-8\" href=\"https:\/\/www.mgc.es\/ca\/blog\/operacio-galindons-preu-espanya\/#Factors_que_influeixen_en_el_cost\" >Factors que influeixen en el cost<\/a><\/li><li class='ez-toc-page-1 ez-toc-heading-level-2'><a class=\"ez-toc-link ez-toc-heading-9\" href=\"https:\/\/www.mgc.es\/ca\/blog\/operacio-galindons-preu-espanya\/#Preguntes_frequents\" >Preguntes freq\u00fcents<\/a><\/li><\/ul><\/nav><\/div>\n\n<p>Els galindons s\u00f3n la deformaci\u00f3 que es produeix a l\u2019os del dit gros del peu. La seva aparici\u00f3 suposa un problema est\u00e8tic, per\u00f2 m\u00e9s enll\u00e0 de l\u2019aspecte tamb\u00e9 \u00e9s una patologia que pot arribar a ser molt dolorosa. No nom\u00e9s pel mateix creixement de l\u2019os, sin\u00f3 pel fregament amb el cal\u00e7at i les limitacions en les activitats del dia a dia.<\/p>\n\n\n\n<p>Tot i que \u00e9s habitual apostar en primer lloc per plantilles i altres elements que continguin la deformaci\u00f3 i alleugin el dolor, arriba un moment en qu\u00e8 l\u2019operaci\u00f3 de galindons esdev\u00e9 necess\u00e0ria. Avui veurem en quins casos, en qu\u00e8 consisteix aquesta intervenci\u00f3 i quin \u00e9s el seu preu.<\/p>\n\n\n\n<figure class=\"wp-block-image size-large\"><img decoding=\"async\" src=\"https:\/\/www.mgc.es\/wp-content\/uploads\/2026\/03\/cuando-operar-juanetes-880x495.jpg\" alt=\"cuando operar juanetes\" class=\"wp-image-38295\"\/><\/figure>\n\n\n\n<h2 class=\"wp-block-heading\"><span class=\"ez-toc-section\" id=\"Que_son_els_galindons_i_quan_es_necessaria_loperacio\"><\/span><strong>Qu\u00e8 s\u00f3n els galindons i quan \u00e9s necess\u00e0ria l\u2019operaci\u00f3?<\/strong><span class=\"ez-toc-section-end\"><\/span><\/h2>\n\n\n\n<p>El galind\u00f3, conegut m\u00e8dicament com a <strong>hallux valgus<\/strong>, \u00e9s una desviaci\u00f3 del dit gros del peu cap als altres dits. El resultat d\u2019aquesta desviaci\u00f3 \u00e9s una promin\u00e8ncia \u00f2ssia a la part interna del peu. Amb el pas del temps, es va inflamant i pot ser dolorosa, sobretot quan s\u2019utilitza cal\u00e7at estret. Tamb\u00e9 \u00e9s freq\u00fcent que apareguin callositats i que la trepitjada es vegi afectada.<\/p>\n\n\n\n<p>Tanmateix, no tots els casos de galindons requereixen cirurgia. En una fase inicial, se sol apostar pel tractament conservador, que consisteix a canviar el tipus de cal\u00e7at per models m\u00e9s amples, utilitzar plantilles personalitzades, prendre antiinflamatoris o fer sessions espec\u00edfiques despr\u00e9s <a href=\"https:\/\/www.mgc.es\/ca\/blog\/5-raons-per-anar-al-podoleg\/\">d\u2019anar al pod\u00f2leg<\/a>. Totes aquestes accions s\u00f3n eficaces per frenar la progressi\u00f3 durant un temps.<\/p>\n\n\n\n<p>L\u2019operaci\u00f3 de galindons se sol recomanar \u00fanicament quan el dolor es torna constant, hi ha dificultat per caminar, la deformitat est\u00e0 molt avan\u00e7ada i els tractaments conservadors ja no ofereixen cap millora.<\/p>\n\n\n\n<h2 class=\"wp-block-heading\"><span class=\"ez-toc-section\" id=\"En_que_consisteix_loperacio_de_galindons\"><\/span><strong>En qu\u00e8 consisteix l\u2019operaci\u00f3 de galindons?<\/strong><span class=\"ez-toc-section-end\"><\/span><\/h2>\n\n\n\n<p>La cirurgia t\u00e9 com a objectiu principal corregir la desviaci\u00f3 del dit i recol\u00b7locar l\u2019os perqu\u00e8 estigui en la seva posici\u00f3 adequada. Per fer-ho, \u00e9s necessari realitzar talls controlats a l\u2019os, anomenats <strong>osteotomies<\/strong>, i fixar la nova posici\u00f3 amb petits cargols o grapes.<\/p>\n\n\n\n<p>Existeixen dues t\u00e8cniques principals: la <strong>cirurgia tradicional oberta<\/strong> i la <strong>cirurgia m\u00ednimament invasiva<\/strong>. L\u2019elecci\u00f3 dep\u00e8n del grau de deformitat i de la valoraci\u00f3 m\u00e8dica. En ambd\u00f3s casos, l\u2019objectiu \u00e9s alleujar el dolor i millorar la funcionalitat del peu.<\/p>\n\n\n\n<h2 class=\"wp-block-heading\"><span class=\"ez-toc-section\" id=\"Es_dolorosa\"><\/span><strong>\u00c9s dolorosa?<\/strong><span class=\"ez-toc-section-end\"><\/span><\/h2>\n\n\n\n<p>La intervenci\u00f3 es realitza amb anest\u00e8sia local o regional. El postoperatori pot generar mol\u00e8sties durant els primers dies, per\u00f2 el dolor acostuma a controlar-se amb medicaci\u00f3. La inflamaci\u00f3 pot durar diverses setmanes i \u00e9s habitual portar una sabata postquir\u00fargica temporal.<\/p>\n\n\n\n<h2 class=\"wp-block-heading\"><span class=\"ez-toc-section\" id=\"Riscos_i_possibles_complicacions\"><\/span><strong>Riscos i possibles complicacions<\/strong><span class=\"ez-toc-section-end\"><\/span><\/h2>\n\n\n\n<p>Com en qualsevol cirurgia, hi pot haver riscos en l\u2019operaci\u00f3 de galindons. Pot apar\u00e8ixer infecci\u00f3, sagnat, rigidesa articular o retard en la consolidaci\u00f3 \u00f2ssia. I, tot i que \u00e9s poc freq\u00fcent, hi ha casos en qu\u00e8 les mol\u00e8sties es mantenen o pot apar\u00e8ixer recidiva. Per aix\u00f2 \u00e9s important fer una bona valoraci\u00f3 pr\u00e8via i portar un seguiment postoperatori adequat.<\/p>\n\n\n\n<h2 class=\"wp-block-heading\"><span class=\"ez-toc-section\" id=\"Val_la_pena_operar-se\"><\/span><strong>Val la pena operar-se?<\/strong><span class=\"ez-toc-section-end\"><\/span><\/h2>\n\n\n\n<p>Quan el dolor limita les activitats di\u00e0ries, la cirurgia sol ser l\u2019opci\u00f3 indicada per millorar la qualitat de vida de la persona. Tot i aix\u00f2, la decisi\u00f3 s\u2019ha de basar en els s\u00edmptomes i no nom\u00e9s en l\u2019aparen\u00e7a del peu.<\/p>\n\n\n\n<h2 class=\"wp-block-heading\"><span class=\"ez-toc-section\" id=\"Quant_costa_una_operacio_de_galindons_a_Espanya\"><\/span><strong>Quant costa una operaci\u00f3 de galindons a Espanya?<\/strong><span class=\"ez-toc-section-end\"><\/span><\/h2>\n\n\n\n<p>El preu a Espanya de l\u2019operaci\u00f3 de galindons varia segons la cl\u00ednica, la ciutat i la t\u00e8cnica utilitzada. De manera orientativa, sol oscil\u00b7lar entre <strong>1.500 i 3.500 euros per peu<\/strong> en centres privats i amb una t\u00e8cnica senzilla.<\/p>\n\n\n\n<p>Dins del preu de l\u2019operaci\u00f3 de galindons s\u2019inclouen els honoraris m\u00e8dics, el quir\u00f2fan i les revisions b\u00e0siques. En alguns casos, no cobreix les proves complement\u00e0ries o els tractaments addicionals que puguin ser necessaris.<\/p>\n\n\n\n<figure class=\"wp-block-image size-large\"><img decoding=\"async\" src=\"https:\/\/www.mgc.es\/wp-content\/uploads\/2026\/03\/operacion-juanetes_cuando-acudir-880x587.jpg\" alt=\"\" class=\"wp-image-38352\"\/><\/figure>\n\n\n\n<h2 class=\"wp-block-heading\"><span class=\"ez-toc-section\" id=\"Loperacio_de_galindons_la_cobreix_la_Seguretat_Social\"><\/span><strong>L\u2019operaci\u00f3 de galindons la cobreix la Seguretat Social?<\/strong><span class=\"ez-toc-section-end\"><\/span><\/h2>\n\n\n\n<p>Un dubte habitual \u00e9s si es pot fer l\u2019operaci\u00f3 de galindons per la Seguretat Social. Normalment est\u00e0 coberta quan hi ha una indicaci\u00f3 m\u00e8dica per dolor o per limitaci\u00f3 funcional. En aquests casos, el pacient no assumeix el cost directe de la cirurgia, tot i que pot haver-hi llista d\u2019espera.<\/p>\n\n\n\n<p>Per aquest motiu, sovint es recorre a un <a href=\"https:\/\/www.mgc.es\/ca\/assegurances-de-salut\/\">segur m\u00e8dic privat<\/a>. A m\u00e9s de no haver d\u2019esperar per a la intervenci\u00f3, es redueix en gran mesura el cost de la mateixa. Tot i aix\u00ed, tot dep\u00e8n de les condicions de la p\u00f2lissa. Els <a href=\"https:\/\/www.mgc.es\/ca\/cobertures\/podologia\/\">tractaments podol\u00f2gics<\/a> a <strong>MGC<\/strong> estan inclosos en la cobertura. Pots consultar tots els detalls a la seva web.<\/p>\n\n\n\n<h2 class=\"wp-block-heading\"><span class=\"ez-toc-section\" id=\"Factors_que_influeixen_en_el_cost\"><\/span><strong>Factors que influeixen en el cost<\/strong><span class=\"ez-toc-section-end\"><\/span><\/h2>\n\n\n\n<p>Entre els elements que determinen el pressupost final destaquen:<\/p>\n\n\n\n<ul class=\"wp-block-list\">\n<li>Tipus de t\u00e8cnica quir\u00fargica<\/li>\n\n\n\n<li>Experi\u00e8ncia del cirurgi\u00e0<\/li>\n\n\n\n<li>Necessitat de proves diagn\u00f2stiques addicionals<\/li>\n\n\n\n<li>Ciutat on es realitza la intervenci\u00f3<\/li>\n\n\n\n<li>Seguiment postoperatori incl\u00f2s<\/li>\n<\/ul>\n\n\n\n<figure class=\"wp-block-embed is-type-video is-provider-youtube wp-block-embed-youtube wp-embed-aspect-16-9 wp-has-aspect-ratio\"><div class=\"wp-block-embed__wrapper\">\n<iframe loading=\"lazy\" title=\"L&#039;atenci\u00f3 de qualitat no es concentra, es comparteix\" width=\"640\" height=\"360\" src=\"https:\/\/www.youtube.com\/embed\/41buG6QbxhQ?feature=oembed&#038;enablejsapi=1&#038;origin=https:\/\/www.mgc.es\" frameborder=\"0\" allow=\"accelerometer; autoplay; clipboard-write; encrypted-media; gyroscope; picture-in-picture; web-share\" referrerpolicy=\"strict-origin-when-cross-origin\" allowfullscreen><\/iframe>\n<\/div><\/figure>\n\n\n\n<h2 class=\"wp-block-heading\"><span class=\"ez-toc-section\" id=\"Preguntes_frequents\"><\/span><strong>Preguntes freq\u00fcents<\/strong><span class=\"ez-toc-section-end\"><\/span><\/h2>\n\n\n\n<h3 class=\"wp-block-heading\"><strong>Es poden operar els dos peus alhora?<\/strong><\/h3>\n\n\n\n<p>En alguns casos s\u00ed, per\u00f2 dep\u00e8n de la valoraci\u00f3 m\u00e8dica i de la capacitat de recuperaci\u00f3 del pacient. Operar ambd\u00f3s peus pot allargar la recuperaci\u00f3 inicial.<\/p>\n\n\n\n<h3 class=\"wp-block-heading\"><strong>Quan puc tornar a conduir?<\/strong><\/h3>\n\n\n\n<p>Generalment entre <strong>3 i 6 setmanes<\/strong>, sempre que el peu intervingut permeti recolzar amb seguretat i l\u2019especialista ho autoritzi.<\/p>\n\n\n\n<h3 class=\"wp-block-heading\"><strong>Quan podr\u00e9 utilitzar cal\u00e7at normal?<\/strong><\/h3>\n\n\n\n<p>Sovint \u00e9s possible despr\u00e9s de <strong>6 o 8 setmanes<\/strong>, tot i que la inflamaci\u00f3 pot tardar diversos mesos a desapar\u00e8ixer completament.<\/p>\n\n\n\n<h3 class=\"wp-block-heading\"><strong>Poden tornar a sortir els galindons?<\/strong><\/h3>\n\n\n\n<p>Existeix risc de recidiva si no es corregeixen factors que n\u2019afavoreixen l\u2019aparici\u00f3, com l\u2019\u00fas habitual de cal\u00e7at inadequat.<\/p>\n\n\n\n<h3 class=\"wp-block-heading\"><strong>\u00c9s millor la cirurgia tradicional o la m\u00ednimament invasiva?<\/strong><\/h3>\n\n\n\n<p>No hi ha una opci\u00f3 universalment superior. L\u2019elecci\u00f3 dep\u00e8n del grau de deformitat, de les expectatives del pacient i de la valoraci\u00f3 de l\u2019especialista. En qualsevol cas, una bona orientaci\u00f3 m\u00e8dica i revisions peri\u00f2diques ajuden a prendre la decisi\u00f3 adequada.<\/p>\n","protected":false},"excerpt":{"rendered":"<p>Els galindons s\u00f3n la deformaci\u00f3 que es produeix a l\u2019os del dit gros del peu. La seva aparici\u00f3 suposa un problema est\u00e8tic, per\u00f2 m\u00e9s enll\u00e0 de l\u2019aspecte tamb\u00e9 \u00e9s una patologia que pot arribar a ser molt dolorosa. No nom\u00e9s pel mateix creixement de l\u2019os, sin\u00f3 pel fregament amb el cal\u00e7at i les limitacions en [&hellip;]<\/p>\n","protected":false},"author":3,"featured_media":38781,"comment_status":"closed","ping_status":"closed","sticky":false,"template":"","format":"standard","meta":{"footnotes":""},"categories":[1000,15],"tags":[],"class_list":["post-38307","post","type-post","status-publish","format-standard","has-post-thumbnail","hentry","category-podologia","category-salut"],"featured_image_src":"https:\/\/www.mgc.es\/wp-content\/uploads\/2026\/03\/operacion-juanetes_cuando-acudir.jpg","author_info":{"display_name":"Revista Inter\u00e8s Mutu","author_link":"https:\/\/www.mgc.es\/ca\/blog\/author\/interesmutu\/"},"yoast_head":"<!-- This site is optimized with the Yoast SEO plugin v27.2 - https:\/\/yoast.com\/product\/yoast-seo-wordpress\/ -->\n<title>Operaci\u00f3 de galindons: quan \u00e9s necess\u00e0ria i preu a Espanya<\/title>\n<meta name=\"description\" content=\"Operaci\u00f3 de galindons: qu\u00e8 \u00e9s l\u2019hallux valgus, quan cal operar-se, com \u00e9s la cirurgia i quin \u00e9s el preu de l\u2019operaci\u00f3 a Espanya.\" \/>\n<meta name=\"robots\" content=\"index, follow, max-snippet:-1, max-image-preview:large, max-video-preview:-1\" \/>\n<link rel=\"canonical\" href=\"https:\/\/www.mgc.es\/ca\/blog\/operacio-galindons-preu-espanya\/\" \/>\n<meta property=\"og:locale\" content=\"ca_ES\" \/>\n<meta property=\"og:type\" content=\"article\" \/>\n<meta property=\"og:title\" content=\"Operaci\u00f3 de galindons: quan \u00e9s necess\u00e0ria i preu a Espanya\" \/>\n<meta property=\"og:description\" content=\"Operaci\u00f3 de galindons: qu\u00e8 \u00e9s l\u2019hallux valgus, quan cal operar-se, com \u00e9s la cirurgia i quin \u00e9s el preu de l\u2019operaci\u00f3 a Espanya.\" \/>\n<meta property=\"og:url\" content=\"https:\/\/www.mgc.es\/ca\/blog\/operacio-galindons-preu-espanya\/\" \/>\n<meta property=\"og:site_name\" content=\"MGC M\u00fatua\" \/>\n<meta property=\"article:publisher\" content=\"https:\/\/www.facebook.com\/mgcmutua\" \/>\n<meta property=\"article:published_time\" content=\"2026-03-17T08:00:00+00:00\" \/>\n<meta property=\"og:image\" content=\"https:\/\/www.mgc.es\/wp-content\/uploads\/2026\/03\/operacion-juanetes_cuando-acudir.jpg\" \/>\n\t<meta property=\"og:image:width\" content=\"900\" \/>\n\t<meta property=\"og:image:height\" content=\"600\" \/>\n\t<meta property=\"og:image:type\" content=\"image\/jpeg\" \/>\n<meta name=\"author\" content=\"Revista Inter\u00e8s Mutu\" \/>\n<meta name=\"twitter:card\" content=\"summary_large_image\" \/>\n<meta name=\"twitter:creator\" content=\"@mgcmutua\" \/>\n<meta name=\"twitter:site\" content=\"@mgcmutua\" \/>\n<meta name=\"twitter:label1\" content=\"Escrit per\" \/>\n\t<meta name=\"twitter:data1\" content=\"Revista Inter\u00e8s Mutu\" \/>\n\t<meta name=\"twitter:label2\" content=\"Temps estimat de lectura\" \/>\n\t<meta name=\"twitter:data2\" content=\"5 minuts\" \/>\n<!-- \/ Yoast SEO plugin. -->","yoast_head_json":{"title":"Operaci\u00f3 de galindons: quan \u00e9s necess\u00e0ria i preu a Espanya","description":"Operaci\u00f3 de galindons: qu\u00e8 \u00e9s l\u2019hallux valgus, quan cal operar-se, com \u00e9s la cirurgia i quin \u00e9s el preu de l\u2019operaci\u00f3 a Espanya.","robots":{"index":"index","follow":"follow","max-snippet":"max-snippet:-1","max-image-preview":"max-image-preview:large","max-video-preview":"max-video-preview:-1"},"canonical":"https:\/\/www.mgc.es\/ca\/blog\/operacio-galindons-preu-espanya\/","og_locale":"ca_ES","og_type":"article","og_title":"Operaci\u00f3 de galindons: quan \u00e9s necess\u00e0ria i preu a Espanya","og_description":"Operaci\u00f3 de galindons: qu\u00e8 \u00e9s l\u2019hallux valgus, quan cal operar-se, com \u00e9s la cirurgia i quin \u00e9s el preu de l\u2019operaci\u00f3 a Espanya.","og_url":"https:\/\/www.mgc.es\/ca\/blog\/operacio-galindons-preu-espanya\/","og_site_name":"MGC M\u00fatua","article_publisher":"https:\/\/www.facebook.com\/mgcmutua","article_published_time":"2026-03-17T08:00:00+00:00","og_image":[{"width":900,"height":600,"url":"https:\/\/www.mgc.es\/wp-content\/uploads\/2026\/03\/operacion-juanetes_cuando-acudir.jpg","type":"image\/jpeg"}],"author":"Revista Inter\u00e8s Mutu","twitter_card":"summary_large_image","twitter_creator":"@mgcmutua","twitter_site":"@mgcmutua","twitter_misc":{"Escrit per":"Revista Inter\u00e8s Mutu","Temps estimat de lectura":"5 minuts"},"schema":{"@context":"https:\/\/schema.org","@graph":[{"@type":["Article","BlogPosting"],"@id":"https:\/\/www.mgc.es\/ca\/blog\/operacio-galindons-preu-espanya\/#article","isPartOf":{"@id":"https:\/\/www.mgc.es\/ca\/blog\/operacio-galindons-preu-espanya\/"},"author":{"name":"Revista Inter\u00e8s Mutu","@id":"https:\/\/www.mgc.es\/#\/schema\/person\/010c961d9c9acf38f11187a02b646c16"},"headline":"Operaci\u00f3 de galindons: quan \u00e9s necess\u00e0ria i quin preu t\u00e9","datePublished":"2026-03-17T08:00:00+00:00","mainEntityOfPage":{"@id":"https:\/\/www.mgc.es\/ca\/blog\/operacio-galindons-preu-espanya\/"},"wordCount":1010,"publisher":{"@id":"https:\/\/www.mgc.es\/#organization"},"image":{"@id":"https:\/\/www.mgc.es\/ca\/blog\/operacio-galindons-preu-espanya\/#primaryimage"},"thumbnailUrl":"https:\/\/www.mgc.es\/wp-content\/uploads\/2026\/03\/operacion-juanetes_cuando-acudir.jpg","articleSection":["Podologia","Salut i medicina"],"inLanguage":"ca"},{"@type":["WebPage","ItemPage"],"@id":"https:\/\/www.mgc.es\/ca\/blog\/operacio-galindons-preu-espanya\/","url":"https:\/\/www.mgc.es\/ca\/blog\/operacio-galindons-preu-espanya\/","name":"Operaci\u00f3 de galindons: quan \u00e9s necess\u00e0ria i preu a Espanya","isPartOf":{"@id":"https:\/\/www.mgc.es\/#website"},"primaryImageOfPage":{"@id":"https:\/\/www.mgc.es\/ca\/blog\/operacio-galindons-preu-espanya\/#primaryimage"},"image":{"@id":"https:\/\/www.mgc.es\/ca\/blog\/operacio-galindons-preu-espanya\/#primaryimage"},"thumbnailUrl":"https:\/\/www.mgc.es\/wp-content\/uploads\/2026\/03\/operacion-juanetes_cuando-acudir.jpg","datePublished":"2026-03-17T08:00:00+00:00","description":"Operaci\u00f3 de galindons: qu\u00e8 \u00e9s l\u2019hallux valgus, quan cal operar-se, com \u00e9s la cirurgia i quin \u00e9s el preu de l\u2019operaci\u00f3 a Espanya.","breadcrumb":{"@id":"https:\/\/www.mgc.es\/ca\/blog\/operacio-galindons-preu-espanya\/#breadcrumb"},"inLanguage":"ca","potentialAction":[{"@type":"ReadAction","target":["https:\/\/www.mgc.es\/ca\/blog\/operacio-galindons-preu-espanya\/"]}]},{"@type":"ImageObject","inLanguage":"ca","@id":"https:\/\/www.mgc.es\/ca\/blog\/operacio-galindons-preu-espanya\/#primaryimage","url":"https:\/\/www.mgc.es\/wp-content\/uploads\/2026\/03\/operacion-juanetes_cuando-acudir.jpg","contentUrl":"https:\/\/www.mgc.es\/wp-content\/uploads\/2026\/03\/operacion-juanetes_cuando-acudir.jpg","width":900,"height":600},{"@type":"BreadcrumbList","@id":"https:\/\/www.mgc.es\/ca\/blog\/operacio-galindons-preu-espanya\/#breadcrumb","itemListElement":[{"@type":"ListItem","position":1,"name":"Home","item":"https:\/\/www.mgc.es\/ca\/"},{"@type":"ListItem","position":2,"name":"Operaci\u00f3 de galindons: quan \u00e9s necess\u00e0ria i quin preu t\u00e9"}]},{"@type":"WebSite","@id":"https:\/\/www.mgc.es\/#website","url":"https:\/\/www.mgc.es\/","name":"MGC M\u00fatua","description":"MGC M\u00fatua \u00e9s una entitat asseguradora sense \u00e0nim de lucre constitu\u00efda al 1982 i especialitzada en assegurances de salut i assist\u00e8ncia.","publisher":{"@id":"https:\/\/www.mgc.es\/#organization"},"alternateName":"MGC","potentialAction":[{"@type":"SearchAction","target":{"@type":"EntryPoint","urlTemplate":"https:\/\/www.mgc.es\/?s={search_term_string}"},"query-input":{"@type":"PropertyValueSpecification","valueRequired":true,"valueName":"search_term_string"}}],"inLanguage":"ca"},{"@type":"Organization","@id":"https:\/\/www.mgc.es\/#organization","name":"MGC Mutua","alternateName":"MGC","url":"https:\/\/www.mgc.es\/","logo":{"@type":"ImageObject","inLanguage":"ca","@id":"https:\/\/www.mgc.es\/#\/schema\/logo\/image\/","url":"https:\/\/www.mgc.es\/wp-content\/uploads\/2020\/03\/mgcmutua_h2_2t_reduccions.png","contentUrl":"https:\/\/www.mgc.es\/wp-content\/uploads\/2020\/03\/mgcmutua_h2_2t_reduccions.png","width":303,"height":165,"caption":"MGC Mutua"},"image":{"@id":"https:\/\/www.mgc.es\/#\/schema\/logo\/image\/"},"sameAs":["https:\/\/www.facebook.com\/mgcmutua","https:\/\/x.com\/mgcmutua","https:\/\/www.youtube.com\/c\/MGCMutua"]},{"@type":"Person","@id":"https:\/\/www.mgc.es\/#\/schema\/person\/010c961d9c9acf38f11187a02b646c16","name":"Revista Inter\u00e8s Mutu","image":{"@type":"ImageObject","inLanguage":"ca","@id":"https:\/\/secure.gravatar.com\/avatar\/52302d684339b9d7bf5691e2ad00835d62ce3b4a435f21ca9f21fbe39c63cb1b?s=96&d=mm&r=g","url":"https:\/\/secure.gravatar.com\/avatar\/52302d684339b9d7bf5691e2ad00835d62ce3b4a435f21ca9f21fbe39c63cb1b?s=96&d=mm&r=g","contentUrl":"https:\/\/secure.gravatar.com\/avatar\/52302d684339b9d7bf5691e2ad00835d62ce3b4a435f21ca9f21fbe39c63cb1b?s=96&d=mm&r=g","caption":"Revista Inter\u00e8s Mutu"}}]}},"_links":{"self":[{"href":"https:\/\/www.mgc.es\/ca\/wp-json\/wp\/v2\/posts\/38307","targetHints":{"allow":["GET"]}}],"collection":[{"href":"https:\/\/www.mgc.es\/ca\/wp-json\/wp\/v2\/posts"}],"about":[{"href":"https:\/\/www.mgc.es\/ca\/wp-json\/wp\/v2\/types\/post"}],"author":[{"embeddable":true,"href":"https:\/\/www.mgc.es\/ca\/wp-json\/wp\/v2\/users\/3"}],"replies":[{"embeddable":true,"href":"https:\/\/www.mgc.es\/ca\/wp-json\/wp\/v2\/comments?post=38307"}],"version-history":[{"count":8,"href":"https:\/\/www.mgc.es\/ca\/wp-json\/wp\/v2\/posts\/38307\/revisions"}],"predecessor-version":[{"id":38359,"href":"https:\/\/www.mgc.es\/ca\/wp-json\/wp\/v2\/posts\/38307\/revisions\/38359"}],"wp:featuredmedia":[{"embeddable":true,"href":"https:\/\/www.mgc.es\/ca\/wp-json\/wp\/v2\/media\/38781"}],"wp:attachment":[{"href":"https:\/\/www.mgc.es\/ca\/wp-json\/wp\/v2\/media?parent=38307"}],"wp:term":[{"taxonomy":"category","embeddable":true,"href":"https:\/\/www.mgc.es\/ca\/wp-json\/wp\/v2\/categories?post=38307"},{"taxonomy":"post_tag","embeddable":true,"href":"https:\/\/www.mgc.es\/ca\/wp-json\/wp\/v2\/tags?post=38307"}],"curies":[{"name":"wp","href":"https:\/\/api.w.org\/{rel}","templated":true}]}}