{"id":37713,"date":"2026-03-19T09:00:00","date_gmt":"2026-03-19T08:00:00","guid":{"rendered":"https:\/\/www.mgc.es\/?p=37713"},"modified":"2026-03-17T11:55:48","modified_gmt":"2026-03-17T10:55:48","slug":"tot-el-que-has-de-saber-sobre-el-pneumotorax-o-collapse-pulmonar","status":"publish","type":"post","link":"https:\/\/www.mgc.es\/ca\/blog\/tot-el-que-has-de-saber-sobre-el-pneumotorax-o-collapse-pulmonar\/","title":{"rendered":"Tot el que has de saber sobre el pneumot\u00f2rax o col\u00b7lapse pulmonar"},"content":{"rendered":"<div id=\"ez-toc-container\" class=\"ez-toc-v2_0_82_1 counter-hierarchy ez-toc-counter ez-toc-custom ez-toc-container-direction\">\n<div class=\"ez-toc-title-container\"><p class=\"ez-toc-title\" style=\"cursor:inherit\">\u00cdndex de continguts<\/p>\n<\/div><nav><ul class='ez-toc-list ez-toc-list-level-1 ' ><li class='ez-toc-page-1 ez-toc-heading-level-2'><a class=\"ez-toc-link ez-toc-heading-1\" href=\"https:\/\/www.mgc.es\/ca\/blog\/tot-el-que-has-de-saber-sobre-el-pneumotorax-o-collapse-pulmonar\/#Que_es_un_pneumotorax\" >Qu\u00e8 \u00e9s un pneumot\u00f2rax<\/a><\/li><li class='ez-toc-page-1 ez-toc-heading-level-2'><a class=\"ez-toc-link ez-toc-heading-2\" href=\"https:\/\/www.mgc.es\/ca\/blog\/tot-el-que-has-de-saber-sobre-el-pneumotorax-o-collapse-pulmonar\/#Per_que_es_produeix\" >Per qu\u00e8 es produeix<\/a><\/li><li class='ez-toc-page-1 ez-toc-heading-level-2'><a class=\"ez-toc-link ez-toc-heading-3\" href=\"https:\/\/www.mgc.es\/ca\/blog\/tot-el-que-has-de-saber-sobre-el-pneumotorax-o-collapse-pulmonar\/#Quins_simptomes_provoca\" >Quins s\u00edmptomes provoca<\/a><\/li><li class='ez-toc-page-1 ez-toc-heading-level-2'><a class=\"ez-toc-link ez-toc-heading-4\" href=\"https:\/\/www.mgc.es\/ca\/blog\/tot-el-que-has-de-saber-sobre-el-pneumotorax-o-collapse-pulmonar\/#Com_es_diagnostica\" >Com es diagnostica<\/a><\/li><li class='ez-toc-page-1 ez-toc-heading-level-2'><a class=\"ez-toc-link ez-toc-heading-5\" href=\"https:\/\/www.mgc.es\/ca\/blog\/tot-el-que-has-de-saber-sobre-el-pneumotorax-o-collapse-pulmonar\/#Factors_de_risc\" >Factors de risc<\/a><\/li><li class='ez-toc-page-1 ez-toc-heading-level-2'><a class=\"ez-toc-link ez-toc-heading-6\" href=\"https:\/\/www.mgc.es\/ca\/blog\/tot-el-que-has-de-saber-sobre-el-pneumotorax-o-collapse-pulmonar\/#Com_es_tracta\" >Com es tracta<\/a><\/li><\/ul><\/nav><\/div>\n\n<h2 class=\"wp-block-heading\"><span class=\"ez-toc-section\" id=\"Que_es_un_pneumotorax\"><\/span>Qu\u00e8 \u00e9s un pneumot\u00f2rax<span class=\"ez-toc-section-end\"><\/span><\/h2>\n\n\n\n<p>Un pneumot\u00f2rax, o col\u00b7lapse pulmonar, \u00e9s un trastorn que es produeix quan l&#8217;aire &#8220;se n&#8217;escapa&#8221; del pulm\u00f3, envaint l&#8217;espai entre el propi pulm\u00f3 i la paret tor\u00e0cica. Aix\u00f2 fa que l&#8217;aire premi el pulm\u00f3, la qual cosa origina el col\u00b7lapse, que pot ser parcial o total.<\/p>\n\n\n\n<p>En alguns casos, el pneumot\u00f2rax pot ser potencialment mortal.<\/p>\n\n\n\n<figure class=\"wp-block-image size-full\"><img loading=\"lazy\" decoding=\"async\" width=\"1000\" height=\"975\" src=\"https:\/\/www.mgc.es\/wp-content\/uploads\/2026\/02\/tomografia_neumotorax.jpg\" alt=\"\" class=\"wp-image-37710\" srcset=\"https:\/\/www.mgc.es\/wp-content\/uploads\/2026\/02\/tomografia_neumotorax.jpg 1000w, https:\/\/www.mgc.es\/wp-content\/uploads\/2026\/02\/tomografia_neumotorax-440x429.jpg 440w, https:\/\/www.mgc.es\/wp-content\/uploads\/2026\/02\/tomografia_neumotorax-880x858.jpg 880w, https:\/\/www.mgc.es\/wp-content\/uploads\/2026\/02\/tomografia_neumotorax-768x749.jpg 768w\" sizes=\"auto, (max-width: 1000px) 100vw, 1000px\" \/><\/figure>\n\n\n\n<h2 class=\"wp-block-heading\"><span class=\"ez-toc-section\" id=\"Per_que_es_produeix\"><\/span>Per qu\u00e8 es produeix<span class=\"ez-toc-section-end\"><\/span><\/h2>\n\n\n\n<p>Les possibles causes d&#8217;un pneumot\u00f2rax s\u00f3n diverses, incloent el que es produeix sense motiu aparent. Poden ser:<\/p>\n\n\n\n<ul class=\"wp-block-list\">\n<li><strong>Una malaltia al pulm\u00f3<\/strong>, ja que si el teixit pulmonar est\u00e0 danyat \u00e9s m\u00e9s possible que col\u00b7lapsi. Les malalties que poden causar un pneumot\u00f2rax, entre d&#8217;altres, s\u00f3n una <a href=\"https:\/\/www.mgc.es\/ca\/blog\/la-malaltia-pulmonar-obstructiva-cronica-mpoc\/\" type=\"post\" id=\"18993\">MPOC<\/a> (malaltia pulmonar obstructiva cr\u00f2nica), la <a href=\"https:\/\/www.mgc.es\/ca\/blog\/fibrosi-quistica\/\" type=\"post\" id=\"33525\">fibrosi qu\u00edstica<\/a>, el c\u00e0ncer de pulm\u00f3, una pneum\u00f2nia, asma, tuberculosi o tos ferina.<\/li>\n\n\n\n<li><strong>Dany al t\u00f2rax<\/strong>, com una lesi\u00f3 penetrant. Pot produir-se per accident, per una agressi\u00f3 f\u00edsica o per algun procediment m\u00e8dic que requereixi inserir una agulla al pit.<\/li>\n\n\n\n<li><strong>Ventilaci\u00f3 mec\u00e0nica<\/strong>. Els pacients que necessiten ajuda d&#8217;un respirador poden patir un pneumot\u00f2rax per la difer\u00e8ncia de pressi\u00f3 d&#8217;aire al pit, la qual cosa pot provocar el col\u00b7lapse complet del pulm\u00f3.<\/li>\n\n\n\n<li><strong>Ampolles d&#8217;aire trencades (bullae)<\/strong>, que poden apar\u00e8ixer a la part superior dels pulmons i que poden rebentar deixant que l&#8217;aire penetri a l&#8217;espai que envolta el pulm\u00f3.<\/li>\n<\/ul>\n\n\n\n<h2 class=\"wp-block-heading\"><span class=\"ez-toc-section\" id=\"Quins_simptomes_provoca\"><\/span>Quins s\u00edmptomes provoca<span class=\"ez-toc-section-end\"><\/span><\/h2>\n\n\n\n<p>Els m\u00e9s habituals s\u00f3n:<\/p>\n\n\n\n<ul class=\"wp-block-list\">\n<li>Dolor agut al pit, que augmenta en respirar o en tossir<\/li>\n\n\n\n<li>Dificultat per respirar<\/li>\n<\/ul>\n\n\n\n<p>I, a mesura que la gravetat \u00e9s major:<\/p>\n\n\n\n<ul class=\"wp-block-list\">\n<li>Cianosi, o coloraci\u00f3 blavosa de la pell, que es produeix per falta d&#8217;aire<\/li>\n\n\n\n<li>Opressi\u00f3 tor\u00e0cica<\/li>\n\n\n\n<li>Capvessaments i desmais<\/li>\n\n\n\n<li>Fatiga extrema<\/li>\n\n\n\n<li>Freq\u00fc\u00e8ncia card\u00edaca accelerada<\/li>\n\n\n\n<li>Respiraci\u00f3 an\u00f2mala o que requereix un major esfor\u00e7 que l&#8217;habitual<\/li>\n<\/ul>\n\n\n\n<p>Si experimentes algun dels s\u00edmptomes citats, acudeix de seguida a Urg\u00e8ncies.<\/p>\n\n\n\n<h2 class=\"wp-block-heading\"><span class=\"ez-toc-section\" id=\"Com_es_diagnostica\"><\/span>Com es diagnostica<span class=\"ez-toc-section-end\"><\/span><\/h2>\n\n\n\n<p>Probablement el primer que far\u00e0 el metge \u00e9s auscultar el pacient. Tamb\u00e9 li prendr\u00e0 la tensi\u00f3 que podria estar anormalment baixa. Les proves diagn\u00f2stiques que podria demanar s\u00f3n les seg\u00fcents:<\/p>\n\n\n\n<ul class=\"wp-block-list\">\n<li>Radiografia de t\u00f2rax<\/li>\n\n\n\n<li><a href=\"https:\/\/medlineplus.gov\/spanish\/pruebas-de-laboratorio\/prueba-de-gasometria-arterial\/\">Gasometria arterial<\/a>, que mesura la concentraci\u00f3 d&#8217;oxigen i di\u00f2xid de carboni, aix\u00ed com el pH de la sang<\/li>\n\n\n\n<li>Un electrocardiograma, que podria revelar algun problema al cor<\/li>\n\n\n\n<li>Una tomografia axial computeritzada (TAC), si el metge sospitava altres lesions.<\/li>\n<\/ul>\n\n\n\n<h2 class=\"wp-block-heading\"><span class=\"ez-toc-section\" id=\"Factors_de_risc\"><\/span>Factors de risc<span class=\"ez-toc-section-end\"><\/span><\/h2>\n\n\n\n<p>Un pacient que ja ha patit un pneumot\u00f2rax \u00e9s m\u00e9s propens a patir un altre en els casos seg\u00fcents:<\/p>\n\n\n\n<ul class=\"wp-block-list\">\n<li>T\u00e9 factors gen\u00e8tics<\/li>\n\n\n\n<li>\u00c9s fumador<\/li>\n\n\n\n<li>Ha tingut dos episodis de col\u00b7lapse pulmonar<\/li>\n\n\n\n<li>\u00c9s alt i prim: l&#8217;estirament dels teixits pulmonars pot provocar bullae. Un r\u00e0pid creixement en l&#8217;adolesc\u00e8ncia pot predisposar a la formaci\u00f3 d&#8217;aquestes butllofes<\/li>\n<\/ul>\n\n\n\n<h2 class=\"wp-block-heading\"><span class=\"ez-toc-section\" id=\"Com_es_tracta\"><\/span>Com es tracta<span class=\"ez-toc-section-end\"><\/span><\/h2>\n\n\n\n<p>Dep\u00e8n de la mida del pneumot\u00f2rax. Un de petit sol desapar\u00e8ixer per si sol, sense m\u00e9s que rep\u00f2s i oxigen addicional.<\/p>\n\n\n\n<p>Si el problema \u00e9s major, pot extreure&#8217;s l&#8217;aire de la zona que envolta el pulm\u00f3 mitjan\u00e7ant una punci\u00f3 amb una agulla, de manera que es relaxi la pressi\u00f3 sobre el pulm\u00f3 i pugui aquest expandir-se.<\/p>\n\n\n\n<p>Un pneumot\u00f2rax gran requerir\u00e0 la col\u00b7locaci\u00f3 d&#8217;una sonda (una sonda pleural) dins de l&#8217;espai que envolta els pulmons per drenar l&#8217;aire de la zona afectada. La sonda podria deixar-se durant el temps necessari per drenar completament la cavitat, a vegades diversos dies.<\/p>\n\n\n\n<p>Si la zona on es va produir la fuga ha patit danys, podria reparar-se mitjan\u00e7ant una intervenci\u00f3 quir\u00fargica. Tamb\u00e9 pot prevenir-se la repetici\u00f3 del pneumot\u00f2rax mitjan\u00e7ant <a href=\"https:\/\/www.elsevier.es\/es-revista-cirugia-espanola-36-articulo-recomendaciones-sociedad-espanola-cirugia-toracica-S0009739X22001348\">pleurodesi pulmonar<\/a>, un procediment que mitjan\u00e7ant la introducci\u00f3 d&#8217;una subst\u00e0ncia irritant entre la pleura (el teixit que recobreix els pulmons) i la cavitat tor\u00e0cica, aconsegueix que ambd\u00f3s teixits es fusionin, eliminant l&#8217;espai on s&#8217;acumulava l&#8217;aire.<\/p>\n\n\n\n<p><strong>Bibliografia<\/strong><br><a href=\"https:\/\/www.msdmanuals.com\/es\/hogar\/multimedia\/video\/neumot%C3%B3rax\">MSD Manuals: v\u00eddeo<\/a><\/p>\n","protected":false},"excerpt":{"rendered":"<p>Qu\u00e8 \u00e9s un pneumot\u00f2rax Un pneumot\u00f2rax, o col\u00b7lapse pulmonar, \u00e9s un trastorn que es produeix quan l&#8217;aire &#8220;se n&#8217;escapa&#8221; del pulm\u00f3, envaint l&#8217;espai entre el propi pulm\u00f3 i la paret tor\u00e0cica. Aix\u00f2 fa que l&#8217;aire premi el pulm\u00f3, la qual cosa origina el col\u00b7lapse, que pot ser parcial o total. En alguns casos, el pneumot\u00f2rax [&hellip;]<\/p>\n","protected":false},"author":3,"featured_media":37712,"comment_status":"closed","ping_status":"closed","sticky":false,"template":"","format":"standard","meta":{"footnotes":""},"categories":[978,15],"tags":[],"class_list":["post-37713","post","type-post","status-publish","format-standard","has-post-thumbnail","hentry","category-enfermedades-y-salud-general","category-salut"],"featured_image_src":"https:\/\/www.mgc.es\/wp-content\/uploads\/2026\/02\/tomografia_neumotorax.jpg","author_info":{"display_name":"Revista Inter\u00e8s Mutu","author_link":"https:\/\/www.mgc.es\/ca\/blog\/author\/interesmutu\/"},"yoast_head":"<!-- This site is optimized with the Yoast SEO plugin v27.2 - https:\/\/yoast.com\/product\/yoast-seo-wordpress\/ -->\n<title>Tot el que has de saber sobre el pneumot\u00f2rax o col\u00b7lapse pulmonar - MGC M\u00fatua<\/title>\n<meta name=\"description\" content=\"Dolor agut al pit i dificultat per respirar? Podria ser un pneumot\u00f2rax. Apr\u00e8n tot sobre aquest col\u00b7lapse pulmonar: causes, factors de risc i per qu\u00e8 has d&#039;acudir a Urg\u00e8ncies.\" \/>\n<meta name=\"robots\" content=\"index, follow, max-snippet:-1, max-image-preview:large, max-video-preview:-1\" \/>\n<link rel=\"canonical\" href=\"https:\/\/www.mgc.es\/blog\/todo-lo-que-debes-saber-sobre-el-neumotorax-o-colapso-pulmonar\/\" \/>\n<meta property=\"og:locale\" content=\"ca_ES\" \/>\n<meta property=\"og:type\" content=\"article\" \/>\n<meta property=\"og:title\" content=\"Tot el que has de saber sobre el pneumot\u00f2rax o col\u00b7lapse pulmonar - MGC M\u00fatua\" \/>\n<meta property=\"og:description\" content=\"Dolor agut al pit i dificultat per respirar? Podria ser un pneumot\u00f2rax. Apr\u00e8n tot sobre aquest col\u00b7lapse pulmonar: causes, factors de risc i per qu\u00e8 has d&#039;acudir a Urg\u00e8ncies.\" \/>\n<meta property=\"og:url\" content=\"https:\/\/www.mgc.es\/blog\/todo-lo-que-debes-saber-sobre-el-neumotorax-o-colapso-pulmonar\/\" \/>\n<meta property=\"og:site_name\" content=\"MGC M\u00fatua\" \/>\n<meta property=\"article:publisher\" content=\"https:\/\/www.facebook.com\/mgcmutua\" \/>\n<meta property=\"article:published_time\" content=\"2026-03-19T08:00:00+00:00\" \/>\n<meta property=\"og:image\" content=\"https:\/\/www.mgc.es\/wp-content\/uploads\/2026\/02\/tomografia_neumotorax.jpg\" \/>\n\t<meta property=\"og:image:width\" content=\"1000\" \/>\n\t<meta property=\"og:image:height\" content=\"975\" \/>\n\t<meta property=\"og:image:type\" content=\"image\/jpeg\" \/>\n<meta name=\"author\" content=\"Revista Inter\u00e8s Mutu\" \/>\n<meta name=\"twitter:card\" content=\"summary_large_image\" \/>\n<meta name=\"twitter:creator\" content=\"@mgcmutua\" \/>\n<meta name=\"twitter:site\" content=\"@mgcmutua\" \/>\n<meta name=\"twitter:label1\" content=\"Escrit per\" \/>\n\t<meta name=\"twitter:data1\" content=\"Revista Inter\u00e8s Mutu\" \/>\n\t<meta name=\"twitter:label2\" content=\"Temps estimat de lectura\" \/>\n\t<meta name=\"twitter:data2\" content=\"4 minuts\" \/>\n<!-- \/ Yoast SEO plugin. -->","yoast_head_json":{"title":"Tot el que has de saber sobre el pneumot\u00f2rax o col\u00b7lapse pulmonar - MGC M\u00fatua","description":"Dolor agut al pit i dificultat per respirar? Podria ser un pneumot\u00f2rax. Apr\u00e8n tot sobre aquest col\u00b7lapse pulmonar: causes, factors de risc i per qu\u00e8 has d'acudir a Urg\u00e8ncies.","robots":{"index":"index","follow":"follow","max-snippet":"max-snippet:-1","max-image-preview":"max-image-preview:large","max-video-preview":"max-video-preview:-1"},"canonical":"https:\/\/www.mgc.es\/blog\/todo-lo-que-debes-saber-sobre-el-neumotorax-o-colapso-pulmonar\/","og_locale":"ca_ES","og_type":"article","og_title":"Tot el que has de saber sobre el pneumot\u00f2rax o col\u00b7lapse pulmonar - MGC M\u00fatua","og_description":"Dolor agut al pit i dificultat per respirar? Podria ser un pneumot\u00f2rax. Apr\u00e8n tot sobre aquest col\u00b7lapse pulmonar: causes, factors de risc i per qu\u00e8 has d'acudir a Urg\u00e8ncies.","og_url":"https:\/\/www.mgc.es\/blog\/todo-lo-que-debes-saber-sobre-el-neumotorax-o-colapso-pulmonar\/","og_site_name":"MGC M\u00fatua","article_publisher":"https:\/\/www.facebook.com\/mgcmutua","article_published_time":"2026-03-19T08:00:00+00:00","og_image":[{"width":1000,"height":975,"url":"https:\/\/www.mgc.es\/wp-content\/uploads\/2026\/02\/tomografia_neumotorax.jpg","type":"image\/jpeg"}],"author":"Revista Inter\u00e8s Mutu","twitter_card":"summary_large_image","twitter_creator":"@mgcmutua","twitter_site":"@mgcmutua","twitter_misc":{"Escrit per":"Revista Inter\u00e8s Mutu","Temps estimat de lectura":"4 minuts"},"schema":{"@context":"https:\/\/schema.org","@graph":[{"@type":["Article","BlogPosting"],"@id":"https:\/\/www.mgc.es\/blog\/todo-lo-que-debes-saber-sobre-el-neumotorax-o-colapso-pulmonar\/#article","isPartOf":{"@id":"https:\/\/www.mgc.es\/blog\/todo-lo-que-debes-saber-sobre-el-neumotorax-o-colapso-pulmonar\/"},"author":{"name":"Revista Inter\u00e8s Mutu","@id":"https:\/\/www.mgc.es\/#\/schema\/person\/010c961d9c9acf38f11187a02b646c16"},"headline":"Tot el que has de saber sobre el pneumot\u00f2rax o col\u00b7lapse pulmonar","datePublished":"2026-03-19T08:00:00+00:00","mainEntityOfPage":{"@id":"https:\/\/www.mgc.es\/blog\/todo-lo-que-debes-saber-sobre-el-neumotorax-o-colapso-pulmonar\/"},"wordCount":658,"publisher":{"@id":"https:\/\/www.mgc.es\/#organization"},"image":{"@id":"https:\/\/www.mgc.es\/blog\/todo-lo-que-debes-saber-sobre-el-neumotorax-o-colapso-pulmonar\/#primaryimage"},"thumbnailUrl":"https:\/\/www.mgc.es\/wp-content\/uploads\/2026\/02\/tomografia_neumotorax.jpg","articleSection":["Enfermedades y salud general","Salut i medicina"],"inLanguage":"ca"},{"@type":["WebPage","ItemPage"],"@id":"https:\/\/www.mgc.es\/blog\/todo-lo-que-debes-saber-sobre-el-neumotorax-o-colapso-pulmonar\/","url":"https:\/\/www.mgc.es\/blog\/todo-lo-que-debes-saber-sobre-el-neumotorax-o-colapso-pulmonar\/","name":"Tot el que has de saber sobre el pneumot\u00f2rax o col\u00b7lapse pulmonar - MGC M\u00fatua","isPartOf":{"@id":"https:\/\/www.mgc.es\/#website"},"primaryImageOfPage":{"@id":"https:\/\/www.mgc.es\/blog\/todo-lo-que-debes-saber-sobre-el-neumotorax-o-colapso-pulmonar\/#primaryimage"},"image":{"@id":"https:\/\/www.mgc.es\/blog\/todo-lo-que-debes-saber-sobre-el-neumotorax-o-colapso-pulmonar\/#primaryimage"},"thumbnailUrl":"https:\/\/www.mgc.es\/wp-content\/uploads\/2026\/02\/tomografia_neumotorax.jpg","datePublished":"2026-03-19T08:00:00+00:00","description":"Dolor agut al pit i dificultat per respirar? Podria ser un pneumot\u00f2rax. Apr\u00e8n tot sobre aquest col\u00b7lapse pulmonar: causes, factors de risc i per qu\u00e8 has d'acudir a Urg\u00e8ncies.","breadcrumb":{"@id":"https:\/\/www.mgc.es\/blog\/todo-lo-que-debes-saber-sobre-el-neumotorax-o-colapso-pulmonar\/#breadcrumb"},"inLanguage":"ca","potentialAction":[{"@type":"ReadAction","target":["https:\/\/www.mgc.es\/blog\/todo-lo-que-debes-saber-sobre-el-neumotorax-o-colapso-pulmonar\/"]}]},{"@type":"ImageObject","inLanguage":"ca","@id":"https:\/\/www.mgc.es\/blog\/todo-lo-que-debes-saber-sobre-el-neumotorax-o-colapso-pulmonar\/#primaryimage","url":"https:\/\/www.mgc.es\/wp-content\/uploads\/2026\/02\/tomografia_neumotorax.jpg","contentUrl":"https:\/\/www.mgc.es\/wp-content\/uploads\/2026\/02\/tomografia_neumotorax.jpg","width":1000,"height":975},{"@type":"BreadcrumbList","@id":"https:\/\/www.mgc.es\/blog\/todo-lo-que-debes-saber-sobre-el-neumotorax-o-colapso-pulmonar\/#breadcrumb","itemListElement":[{"@type":"ListItem","position":1,"name":"Home","item":"https:\/\/www.mgc.es\/ca\/"},{"@type":"ListItem","position":2,"name":"Tot el que has de saber sobre el pneumot\u00f2rax o col\u00b7lapse pulmonar"}]},{"@type":"WebSite","@id":"https:\/\/www.mgc.es\/#website","url":"https:\/\/www.mgc.es\/","name":"MGC M\u00fatua","description":"MGC M\u00fatua \u00e9s una entitat asseguradora sense \u00e0nim de lucre constitu\u00efda al 1982 i especialitzada en assegurances de salut i assist\u00e8ncia.","publisher":{"@id":"https:\/\/www.mgc.es\/#organization"},"alternateName":"MGC","potentialAction":[{"@type":"SearchAction","target":{"@type":"EntryPoint","urlTemplate":"https:\/\/www.mgc.es\/?s={search_term_string}"},"query-input":{"@type":"PropertyValueSpecification","valueRequired":true,"valueName":"search_term_string"}}],"inLanguage":"ca"},{"@type":"Organization","@id":"https:\/\/www.mgc.es\/#organization","name":"MGC Mutua","alternateName":"MGC","url":"https:\/\/www.mgc.es\/","logo":{"@type":"ImageObject","inLanguage":"ca","@id":"https:\/\/www.mgc.es\/#\/schema\/logo\/image\/","url":"https:\/\/www.mgc.es\/wp-content\/uploads\/2020\/03\/mgcmutua_h2_2t_reduccions.png","contentUrl":"https:\/\/www.mgc.es\/wp-content\/uploads\/2020\/03\/mgcmutua_h2_2t_reduccions.png","width":303,"height":165,"caption":"MGC Mutua"},"image":{"@id":"https:\/\/www.mgc.es\/#\/schema\/logo\/image\/"},"sameAs":["https:\/\/www.facebook.com\/mgcmutua","https:\/\/x.com\/mgcmutua","https:\/\/www.youtube.com\/c\/MGCMutua"]},{"@type":"Person","@id":"https:\/\/www.mgc.es\/#\/schema\/person\/010c961d9c9acf38f11187a02b646c16","name":"Revista Inter\u00e8s Mutu","image":{"@type":"ImageObject","inLanguage":"ca","@id":"https:\/\/secure.gravatar.com\/avatar\/52302d684339b9d7bf5691e2ad00835d62ce3b4a435f21ca9f21fbe39c63cb1b?s=96&d=mm&r=g","url":"https:\/\/secure.gravatar.com\/avatar\/52302d684339b9d7bf5691e2ad00835d62ce3b4a435f21ca9f21fbe39c63cb1b?s=96&d=mm&r=g","contentUrl":"https:\/\/secure.gravatar.com\/avatar\/52302d684339b9d7bf5691e2ad00835d62ce3b4a435f21ca9f21fbe39c63cb1b?s=96&d=mm&r=g","caption":"Revista Inter\u00e8s Mutu"}}]}},"_links":{"self":[{"href":"https:\/\/www.mgc.es\/ca\/wp-json\/wp\/v2\/posts\/37713","targetHints":{"allow":["GET"]}}],"collection":[{"href":"https:\/\/www.mgc.es\/ca\/wp-json\/wp\/v2\/posts"}],"about":[{"href":"https:\/\/www.mgc.es\/ca\/wp-json\/wp\/v2\/types\/post"}],"author":[{"embeddable":true,"href":"https:\/\/www.mgc.es\/ca\/wp-json\/wp\/v2\/users\/3"}],"replies":[{"embeddable":true,"href":"https:\/\/www.mgc.es\/ca\/wp-json\/wp\/v2\/comments?post=37713"}],"version-history":[{"count":1,"href":"https:\/\/www.mgc.es\/ca\/wp-json\/wp\/v2\/posts\/37713\/revisions"}],"predecessor-version":[{"id":37715,"href":"https:\/\/www.mgc.es\/ca\/wp-json\/wp\/v2\/posts\/37713\/revisions\/37715"}],"wp:featuredmedia":[{"embeddable":true,"href":"https:\/\/www.mgc.es\/ca\/wp-json\/wp\/v2\/media\/37712"}],"wp:attachment":[{"href":"https:\/\/www.mgc.es\/ca\/wp-json\/wp\/v2\/media?parent=37713"}],"wp:term":[{"taxonomy":"category","embeddable":true,"href":"https:\/\/www.mgc.es\/ca\/wp-json\/wp\/v2\/categories?post=37713"},{"taxonomy":"post_tag","embeddable":true,"href":"https:\/\/www.mgc.es\/ca\/wp-json\/wp\/v2\/tags?post=37713"}],"curies":[{"name":"wp","href":"https:\/\/api.w.org\/{rel}","templated":true}]}}