{"id":37411,"date":"2025-12-01T13:23:22","date_gmt":"2025-12-01T12:23:22","guid":{"rendered":"https:\/\/www.mgc.es\/?p=37411"},"modified":"2026-01-12T15:59:10","modified_gmt":"2026-01-12T14:59:10","slug":"mgc-mutua-es-la-primera-mutua-al-ranquing-de-satisfaccio-dels-metges","status":"publish","type":"post","link":"https:\/\/www.mgc.es\/ca\/blog\/mgc-mutua-es-la-primera-mutua-al-ranquing-de-satisfaccio-dels-metges\/","title":{"rendered":"MGC M\u00fatua \u00e9s la primera asseguradora de car\u00e0cter mutualista en el r\u00e0nquing de satisfacci\u00f3 dels metges de Catalunya"},"content":{"rendered":"<div id=\"ez-toc-container\" class=\"ez-toc-v2_0_82_1 counter-hierarchy ez-toc-counter ez-toc-custom ez-toc-container-direction\">\n<div class=\"ez-toc-title-container\"><p class=\"ez-toc-title\" style=\"cursor:inherit\">\u00cdndex de continguts<\/p>\n<\/div><nav><ul class='ez-toc-list ez-toc-list-level-1 ' ><li class='ez-toc-page-1 ez-toc-heading-level-2'><a class=\"ez-toc-link ez-toc-heading-1\" href=\"https:\/\/www.mgc.es\/ca\/blog\/mgc-mutua-es-la-primera-mutua-al-ranquing-de-satisfaccio-dels-metges\/#Un_reconeixement_al_model_mutualista\" >Un reconeixement al model mutualista<\/a><\/li><li class='ez-toc-page-1 ez-toc-heading-level-2'><a class=\"ez-toc-link ez-toc-heading-2\" href=\"https:\/\/www.mgc.es\/ca\/blog\/mgc-mutua-es-la-primera-mutua-al-ranquing-de-satisfaccio-dels-metges\/#Compromis_amb_els_professionals_i_la_qualitat_assistencial\" >Comprom\u00eds amb els professionals i la qualitat assistencial<\/a><\/li><\/ul><\/nav><\/div>\n\n<p><strong>MGC M\u00fatua<\/strong> \u00e9s la primera entitat de car\u00e0cter mutualista en el r\u00e0nquing de satisfacci\u00f3 global elaborat pel <strong><a href=\"https:\/\/www.ccmc.cat\/\" target=\"_blank\" rel=\"noreferrer noopener\">Consell de Col\u00b7legis de Metges de Catalunya<\/a> (CCMC)<\/strong>, dins de l\u2019<em>Estudi dels professionals del sector de la medicina privada 2025<\/em>.<\/p>\n\n\n\n<figure class=\"wp-block-image size-large\"><img loading=\"lazy\" decoding=\"async\" width=\"880\" height=\"714\" src=\"https:\/\/www.mgc.es\/wp-content\/uploads\/2025\/12\/ranquing_2025_ca-880x714.png\" alt=\"\" class=\"wp-image-37430\" srcset=\"https:\/\/www.mgc.es\/wp-content\/uploads\/2025\/12\/ranquing_2025_ca-880x714.png 880w, https:\/\/www.mgc.es\/wp-content\/uploads\/2025\/12\/ranquing_2025_ca-440x357.png 440w, https:\/\/www.mgc.es\/wp-content\/uploads\/2025\/12\/ranquing_2025_ca-768x624.png 768w, https:\/\/www.mgc.es\/wp-content\/uploads\/2025\/12\/ranquing_2025_ca-1536x1247.png 1536w, https:\/\/www.mgc.es\/wp-content\/uploads\/2025\/12\/ranquing_2025_ca-2048x1663.png 2048w, https:\/\/www.mgc.es\/wp-content\/uploads\/2025\/12\/ranquing_2025_ca-scaled.png 1024w\" sizes=\"auto, (max-width: 880px) 100vw, 880px\" \/><\/figure>\n\n\n\n<p>MGC M\u00fatua es consolida com una de les asseguradores de salut millor valorades pels professionals m\u00e8dics a Catalunya. Segons l\u2019<em>Estudi dels professionals del sector de la medicina privada 2025<\/em>, elaborat pel CCMC, <strong>MGC M\u00fatua \u00e9s l\u2019entitat de car\u00e0cter mutualista millor valorada del r\u00e0nquing<\/strong>.<\/p>\n\n\n\n<p>L\u2019estudi, presentat el 25 de novembre, recull l\u2019opini\u00f3 de <strong>1.271 metges<\/strong> dels col\u00b7legis de Barcelona, Girona, Lleida i Tarragona que exerceixen activitat privada. En aquest, MGC M\u00fatua obt\u00e9 una puntuaci\u00f3 de <strong>7,21 sobre 10<\/strong>.<\/p>\n\n\n\n<h2 class=\"wp-block-heading\"><span class=\"ez-toc-section\" id=\"Un_reconeixement_al_model_mutualista\"><\/span>Un reconeixement al model mutualista<span class=\"ez-toc-section-end\"><\/span><\/h2>\n\n\n\n<p>Aquest resultat refor\u00e7a la singularitat del model mutualista de MGC M\u00fatua i la seva manera de relacionar-se amb el col\u00b7lectiu m\u00e8dic, basada en la proximitat, la confian\u00e7a i la col\u00b7laboraci\u00f3.<\/p>\n\n\n\n<blockquote class=\"wp-block-quote is-layout-flow wp-block-quote-is-layout-flow\">\n<p>\u201cAquest resultat \u00e9s un reconeixement directe al nostre model mutualista, a la proximitat amb els professionals i al comprom\u00eds amb una medicina de qualitat per als nostres assegurats\u201d, afirma <strong>Xavier Plana<\/strong>, director general de MGC M\u00fatua.<br>\u201cEn un entorn on molts metges expressen insatisfacci\u00f3 amb les retribucions i la relaci\u00f3 amb les asseguradores, aquesta valoraci\u00f3 ens anima a continuar treballant estretament amb el col\u00b7lectiu m\u00e8dic\u201d.<\/p>\n<\/blockquote>\n\n\n\n<p>L\u2019informe del CCMC posa de manifest que, tot i que els professionals valoren positivament l\u2019autonomia, la flexibilitat i la capacitat de conciliaci\u00f3 que ofereix la medicina privada.<\/p>\n\n\n\n<h2 class=\"wp-block-heading\"><span class=\"ez-toc-section\" id=\"Compromis_amb_els_professionals_i_la_qualitat_assistencial\"><\/span>Comprom\u00eds amb els professionals i la qualitat assistencial<span class=\"ez-toc-section-end\"><\/span><\/h2>\n\n\n\n<p>En aquest context, la posici\u00f3 de MGC M\u00fatua entre les entitats millor valorades refor\u00e7a el seu comprom\u00eds amb:<\/p>\n\n\n\n<ul class=\"wp-block-list\">\n<li>una relaci\u00f3 m\u00e9s justa, propera i transparent amb els professionals,<\/li>\n\n\n\n<li>la qualitat assistencial per sobre del criteri exclusivament econ\u00f2mic,<\/li>\n\n\n\n<li>i l\u2019evoluci\u00f3 cap a models retributius i organitzatius m\u00e9s equilibrats.<\/li>\n<\/ul>\n\n\n\n<h3 class=\"wp-block-heading\">La medicina privada a Catalunya, en xifres<\/h3>\n\n\n\n<p>Segons l\u2019estudi, a Catalunya <strong>uns 15.350 metges<\/strong> (el <strong>32 %<\/strong> dels col\u00b7legiats menors de 75 anys) exerceixen activitat privada, en un entorn on <strong>gaireb\u00e9 el 34 % de la poblaci\u00f3<\/strong> disposa d\u2019una asseguran\u00e7a de salut privada.<\/p>\n\n\n\n<p>La satisfacci\u00f3 global amb l\u2019activitat m\u00e8dica assoleix un <strong>8,1 sobre 10<\/strong>, mentre que la valoraci\u00f3 de l\u2019exercici en el sector privat \u00e9s de <strong>7,2 sobre 10<\/strong>. Entre els principals punts forts destaquen l\u2019autonomia professional, la flexibilitat i la fidelitat dels pacients; entre els reptes pendents, les retribucions i la relaci\u00f3 amb les asseguradores.<\/p>\n\n\n\n<p>A la <a href=\"https:\/\/www.comb.cat\/ca\/comunicacio\/noticies\/els-metges-valoren-lautonomia-i-la-fidelitat-amb-els-pacients-que-troben-a-la-sanitat-privada-pero-en-suspenen-les-retribucions-i-la-relacio-amb-les-asseguradores\">not\u00edcia del <strong>CoMB<\/strong><\/a> hi trobareu tots els detalls de l\u2019estudi i el context del sector.<\/p>\n","protected":false},"excerpt":{"rendered":"<p>MGC M\u00fatua \u00e9s la primera entitat de car\u00e0cter mutualista en el r\u00e0nquing de satisfacci\u00f3 global elaborat pel Consell de Col\u00b7legis de Metges de Catalunya (CCMC), dins de l\u2019Estudi dels professionals del sector de la medicina privada 2025. MGC M\u00fatua es consolida com una de les asseguradores de salut millor valorades pels professionals m\u00e8dics a Catalunya. [&hellip;]<\/p>\n","protected":false},"author":3,"featured_media":37412,"comment_status":"closed","ping_status":"closed","sticky":false,"template":"","format":"standard","meta":{"footnotes":""},"categories":[11,1],"tags":[],"class_list":["post-37411","post","type-post","status-publish","format-standard","has-post-thumbnail","hentry","category-actualitat","category-sin-categorizar"],"featured_image_src":"https:\/\/www.mgc.es\/wp-content\/uploads\/2025\/12\/valoracio_metges_2025_ca-scaled.png","author_info":{"display_name":"Revista Inter\u00e8s Mutu","author_link":"https:\/\/www.mgc.es\/ca\/blog\/author\/interesmutu\/"},"yoast_head":"<!-- This site is optimized with the Yoast SEO plugin v27.2 - https:\/\/yoast.com\/product\/yoast-seo-wordpress\/ -->\n<title>MGC M\u00fatua \u00e9s la primera asseguradora de car\u00e0cter mutualista en el r\u00e0nquing de satisfacci\u00f3 dels metges de Catalunya - MGC M\u00fatua<\/title>\n<meta name=\"description\" content=\"MGC M\u00fatua \u00e9s la primera asseguradora de car\u00e0cter mutualista en el r\u00e0nquing de satisfacci\u00f3 dels metges de Catalunya. MGC M\u00fatua \u00e9s la primera entitat de car\u00e0cter mutualista en el r\u00e0nquing de satisfacci\u00f3 global elaborat pel Consell de Col\u00b7legis de Metges de Catalunya (CCMC), dins de l\u2019Estudi dels professionals del sector de la medicina privada 2025.\" \/>\n<meta name=\"robots\" content=\"index, follow, max-snippet:-1, max-image-preview:large, max-video-preview:-1\" \/>\n<link rel=\"canonical\" href=\"https:\/\/www.mgc.es\/ca\/blog\/mgc-mutua-es-la-primera-mutua-al-ranquing-de-satisfaccio-dels-metges\/\" \/>\n<meta property=\"og:locale\" content=\"ca_ES\" \/>\n<meta property=\"og:type\" content=\"article\" \/>\n<meta property=\"og:title\" content=\"MGC M\u00fatua \u00e9s la primera asseguradora de car\u00e0cter mutualista en el r\u00e0nquing de satisfacci\u00f3 dels metges de Catalunya - MGC M\u00fatua\" \/>\n<meta property=\"og:description\" content=\"MGC M\u00fatua \u00e9s la primera asseguradora de car\u00e0cter mutualista en el r\u00e0nquing de satisfacci\u00f3 dels metges de Catalunya. MGC M\u00fatua \u00e9s la primera entitat de car\u00e0cter mutualista en el r\u00e0nquing de satisfacci\u00f3 global elaborat pel Consell de Col\u00b7legis de Metges de Catalunya (CCMC), dins de l\u2019Estudi dels professionals del sector de la medicina privada 2025.\" \/>\n<meta property=\"og:url\" content=\"https:\/\/www.mgc.es\/ca\/blog\/mgc-mutua-es-la-primera-mutua-al-ranquing-de-satisfaccio-dels-metges\/\" \/>\n<meta property=\"og:site_name\" content=\"MGC M\u00fatua\" \/>\n<meta property=\"article:publisher\" content=\"https:\/\/www.facebook.com\/mgcmutua\" \/>\n<meta property=\"article:published_time\" content=\"2025-12-01T12:23:22+00:00\" \/>\n<meta property=\"article:modified_time\" content=\"2026-01-12T14:59:10+00:00\" \/>\n<meta property=\"og:image\" content=\"https:\/\/www.mgc.es\/wp-content\/uploads\/2025\/12\/valoracio_metges_2025_ca-scaled.png\" \/>\n\t<meta property=\"og:image:width\" content=\"1024\" \/>\n\t<meta property=\"og:image:height\" content=\"846\" \/>\n\t<meta property=\"og:image:type\" content=\"image\/png\" \/>\n<meta name=\"author\" content=\"Revista Inter\u00e8s Mutu\" \/>\n<meta name=\"twitter:card\" content=\"summary_large_image\" \/>\n<meta name=\"twitter:creator\" content=\"@mgcmutua\" \/>\n<meta name=\"twitter:site\" content=\"@mgcmutua\" \/>\n<meta name=\"twitter:label1\" content=\"Escrit per\" \/>\n\t<meta name=\"twitter:data1\" content=\"Revista Inter\u00e8s Mutu\" \/>\n\t<meta name=\"twitter:label2\" content=\"Temps estimat de lectura\" \/>\n\t<meta name=\"twitter:data2\" content=\"2 minuts\" \/>\n<!-- \/ Yoast SEO plugin. -->","yoast_head_json":{"title":"MGC M\u00fatua \u00e9s la primera asseguradora de car\u00e0cter mutualista en el r\u00e0nquing de satisfacci\u00f3 dels metges de Catalunya - MGC M\u00fatua","description":"MGC M\u00fatua \u00e9s la primera asseguradora de car\u00e0cter mutualista en el r\u00e0nquing de satisfacci\u00f3 dels metges de Catalunya. MGC M\u00fatua \u00e9s la primera entitat de car\u00e0cter mutualista en el r\u00e0nquing de satisfacci\u00f3 global elaborat pel Consell de Col\u00b7legis de Metges de Catalunya (CCMC), dins de l\u2019Estudi dels professionals del sector de la medicina privada 2025.","robots":{"index":"index","follow":"follow","max-snippet":"max-snippet:-1","max-image-preview":"max-image-preview:large","max-video-preview":"max-video-preview:-1"},"canonical":"https:\/\/www.mgc.es\/ca\/blog\/mgc-mutua-es-la-primera-mutua-al-ranquing-de-satisfaccio-dels-metges\/","og_locale":"ca_ES","og_type":"article","og_title":"MGC M\u00fatua \u00e9s la primera asseguradora de car\u00e0cter mutualista en el r\u00e0nquing de satisfacci\u00f3 dels metges de Catalunya - MGC M\u00fatua","og_description":"MGC M\u00fatua \u00e9s la primera asseguradora de car\u00e0cter mutualista en el r\u00e0nquing de satisfacci\u00f3 dels metges de Catalunya. MGC M\u00fatua \u00e9s la primera entitat de car\u00e0cter mutualista en el r\u00e0nquing de satisfacci\u00f3 global elaborat pel Consell de Col\u00b7legis de Metges de Catalunya (CCMC), dins de l\u2019Estudi dels professionals del sector de la medicina privada 2025.","og_url":"https:\/\/www.mgc.es\/ca\/blog\/mgc-mutua-es-la-primera-mutua-al-ranquing-de-satisfaccio-dels-metges\/","og_site_name":"MGC M\u00fatua","article_publisher":"https:\/\/www.facebook.com\/mgcmutua","article_published_time":"2025-12-01T12:23:22+00:00","article_modified_time":"2026-01-12T14:59:10+00:00","og_image":[{"width":1024,"height":846,"url":"https:\/\/www.mgc.es\/wp-content\/uploads\/2025\/12\/valoracio_metges_2025_ca-scaled.png","type":"image\/png"}],"author":"Revista Inter\u00e8s Mutu","twitter_card":"summary_large_image","twitter_creator":"@mgcmutua","twitter_site":"@mgcmutua","twitter_misc":{"Escrit per":"Revista Inter\u00e8s Mutu","Temps estimat de lectura":"2 minuts"},"schema":{"@context":"https:\/\/schema.org","@graph":[{"@type":["Article","BlogPosting"],"@id":"https:\/\/www.mgc.es\/ca\/blog\/mgc-mutua-es-la-primera-mutua-al-ranquing-de-satisfaccio-dels-metges\/#article","isPartOf":{"@id":"https:\/\/www.mgc.es\/ca\/blog\/mgc-mutua-es-la-primera-mutua-al-ranquing-de-satisfaccio-dels-metges\/"},"author":{"name":"Revista Inter\u00e8s Mutu","@id":"https:\/\/www.mgc.es\/#\/schema\/person\/010c961d9c9acf38f11187a02b646c16"},"headline":"MGC M\u00fatua \u00e9s la primera asseguradora de car\u00e0cter mutualista en el r\u00e0nquing de satisfacci\u00f3 dels metges de Catalunya","datePublished":"2025-12-01T12:23:22+00:00","dateModified":"2026-01-12T14:59:10+00:00","mainEntityOfPage":{"@id":"https:\/\/www.mgc.es\/ca\/blog\/mgc-mutua-es-la-primera-mutua-al-ranquing-de-satisfaccio-dels-metges\/"},"wordCount":460,"publisher":{"@id":"https:\/\/www.mgc.es\/#organization"},"image":{"@id":"https:\/\/www.mgc.es\/ca\/blog\/mgc-mutua-es-la-primera-mutua-al-ranquing-de-satisfaccio-dels-metges\/#primaryimage"},"thumbnailUrl":"https:\/\/www.mgc.es\/wp-content\/uploads\/2025\/12\/valoracio_metges_2025_ca-scaled.png","articleSection":["Actualitat M\u00fatua","Sin categorizar"],"inLanguage":"ca"},{"@type":["WebPage","ItemPage"],"@id":"https:\/\/www.mgc.es\/ca\/blog\/mgc-mutua-es-la-primera-mutua-al-ranquing-de-satisfaccio-dels-metges\/","url":"https:\/\/www.mgc.es\/ca\/blog\/mgc-mutua-es-la-primera-mutua-al-ranquing-de-satisfaccio-dels-metges\/","name":"MGC M\u00fatua \u00e9s la primera asseguradora de car\u00e0cter mutualista en el r\u00e0nquing de satisfacci\u00f3 dels metges de Catalunya - MGC M\u00fatua","isPartOf":{"@id":"https:\/\/www.mgc.es\/#website"},"primaryImageOfPage":{"@id":"https:\/\/www.mgc.es\/ca\/blog\/mgc-mutua-es-la-primera-mutua-al-ranquing-de-satisfaccio-dels-metges\/#primaryimage"},"image":{"@id":"https:\/\/www.mgc.es\/ca\/blog\/mgc-mutua-es-la-primera-mutua-al-ranquing-de-satisfaccio-dels-metges\/#primaryimage"},"thumbnailUrl":"https:\/\/www.mgc.es\/wp-content\/uploads\/2025\/12\/valoracio_metges_2025_ca-scaled.png","datePublished":"2025-12-01T12:23:22+00:00","dateModified":"2026-01-12T14:59:10+00:00","description":"MGC M\u00fatua \u00e9s la primera asseguradora de car\u00e0cter mutualista en el r\u00e0nquing de satisfacci\u00f3 dels metges de Catalunya. MGC M\u00fatua \u00e9s la primera entitat de car\u00e0cter mutualista en el r\u00e0nquing de satisfacci\u00f3 global elaborat pel Consell de Col\u00b7legis de Metges de Catalunya (CCMC), dins de l\u2019Estudi dels professionals del sector de la medicina privada 2025.","breadcrumb":{"@id":"https:\/\/www.mgc.es\/ca\/blog\/mgc-mutua-es-la-primera-mutua-al-ranquing-de-satisfaccio-dels-metges\/#breadcrumb"},"inLanguage":"ca","potentialAction":[{"@type":"ReadAction","target":["https:\/\/www.mgc.es\/ca\/blog\/mgc-mutua-es-la-primera-mutua-al-ranquing-de-satisfaccio-dels-metges\/"]}]},{"@type":"ImageObject","inLanguage":"ca","@id":"https:\/\/www.mgc.es\/ca\/blog\/mgc-mutua-es-la-primera-mutua-al-ranquing-de-satisfaccio-dels-metges\/#primaryimage","url":"https:\/\/www.mgc.es\/wp-content\/uploads\/2025\/12\/valoracio_metges_2025_ca-scaled.png","contentUrl":"https:\/\/www.mgc.es\/wp-content\/uploads\/2025\/12\/valoracio_metges_2025_ca-scaled.png","width":1024,"height":846},{"@type":"BreadcrumbList","@id":"https:\/\/www.mgc.es\/ca\/blog\/mgc-mutua-es-la-primera-mutua-al-ranquing-de-satisfaccio-dels-metges\/#breadcrumb","itemListElement":[{"@type":"ListItem","position":1,"name":"Home","item":"https:\/\/www.mgc.es\/ca\/"},{"@type":"ListItem","position":2,"name":"MGC M\u00fatua \u00e9s la primera asseguradora de car\u00e0cter mutualista en el r\u00e0nquing de satisfacci\u00f3 dels metges de Catalunya"}]},{"@type":"WebSite","@id":"https:\/\/www.mgc.es\/#website","url":"https:\/\/www.mgc.es\/","name":"MGC M\u00fatua","description":"MGC M\u00fatua \u00e9s una entitat asseguradora sense \u00e0nim de lucre constitu\u00efda al 1982 i especialitzada en assegurances de salut i assist\u00e8ncia.","publisher":{"@id":"https:\/\/www.mgc.es\/#organization"},"alternateName":"MGC","potentialAction":[{"@type":"SearchAction","target":{"@type":"EntryPoint","urlTemplate":"https:\/\/www.mgc.es\/?s={search_term_string}"},"query-input":{"@type":"PropertyValueSpecification","valueRequired":true,"valueName":"search_term_string"}}],"inLanguage":"ca"},{"@type":"Organization","@id":"https:\/\/www.mgc.es\/#organization","name":"MGC Mutua","alternateName":"MGC","url":"https:\/\/www.mgc.es\/","logo":{"@type":"ImageObject","inLanguage":"ca","@id":"https:\/\/www.mgc.es\/#\/schema\/logo\/image\/","url":"https:\/\/www.mgc.es\/wp-content\/uploads\/2020\/03\/mgcmutua_h2_2t_reduccions.png","contentUrl":"https:\/\/www.mgc.es\/wp-content\/uploads\/2020\/03\/mgcmutua_h2_2t_reduccions.png","width":303,"height":165,"caption":"MGC Mutua"},"image":{"@id":"https:\/\/www.mgc.es\/#\/schema\/logo\/image\/"},"sameAs":["https:\/\/www.facebook.com\/mgcmutua","https:\/\/x.com\/mgcmutua","https:\/\/www.youtube.com\/c\/MGCMutua"]},{"@type":"Person","@id":"https:\/\/www.mgc.es\/#\/schema\/person\/010c961d9c9acf38f11187a02b646c16","name":"Revista Inter\u00e8s Mutu","image":{"@type":"ImageObject","inLanguage":"ca","@id":"https:\/\/secure.gravatar.com\/avatar\/52302d684339b9d7bf5691e2ad00835d62ce3b4a435f21ca9f21fbe39c63cb1b?s=96&d=mm&r=g","url":"https:\/\/secure.gravatar.com\/avatar\/52302d684339b9d7bf5691e2ad00835d62ce3b4a435f21ca9f21fbe39c63cb1b?s=96&d=mm&r=g","contentUrl":"https:\/\/secure.gravatar.com\/avatar\/52302d684339b9d7bf5691e2ad00835d62ce3b4a435f21ca9f21fbe39c63cb1b?s=96&d=mm&r=g","caption":"Revista Inter\u00e8s Mutu"}}]}},"_links":{"self":[{"href":"https:\/\/www.mgc.es\/ca\/wp-json\/wp\/v2\/posts\/37411","targetHints":{"allow":["GET"]}}],"collection":[{"href":"https:\/\/www.mgc.es\/ca\/wp-json\/wp\/v2\/posts"}],"about":[{"href":"https:\/\/www.mgc.es\/ca\/wp-json\/wp\/v2\/types\/post"}],"author":[{"embeddable":true,"href":"https:\/\/www.mgc.es\/ca\/wp-json\/wp\/v2\/users\/3"}],"replies":[{"embeddable":true,"href":"https:\/\/www.mgc.es\/ca\/wp-json\/wp\/v2\/comments?post=37411"}],"version-history":[{"count":7,"href":"https:\/\/www.mgc.es\/ca\/wp-json\/wp\/v2\/posts\/37411\/revisions"}],"predecessor-version":[{"id":37558,"href":"https:\/\/www.mgc.es\/ca\/wp-json\/wp\/v2\/posts\/37411\/revisions\/37558"}],"wp:featuredmedia":[{"embeddable":true,"href":"https:\/\/www.mgc.es\/ca\/wp-json\/wp\/v2\/media\/37412"}],"wp:attachment":[{"href":"https:\/\/www.mgc.es\/ca\/wp-json\/wp\/v2\/media?parent=37411"}],"wp:term":[{"taxonomy":"category","embeddable":true,"href":"https:\/\/www.mgc.es\/ca\/wp-json\/wp\/v2\/categories?post=37411"},{"taxonomy":"post_tag","embeddable":true,"href":"https:\/\/www.mgc.es\/ca\/wp-json\/wp\/v2\/tags?post=37411"}],"curies":[{"name":"wp","href":"https:\/\/api.w.org\/{rel}","templated":true}]}}