{"id":37135,"date":"2025-11-10T16:08:12","date_gmt":"2025-11-10T15:08:12","guid":{"rendered":"https:\/\/www.mgc.es\/?p=37135"},"modified":"2025-11-20T16:49:06","modified_gmt":"2025-11-20T15:49:06","slug":"mgc-mutua-rep-el-premi-compromiso-con-el-cuidado-de-la-salud-como-mejor-aseguradora-2025-en-els-i-premios-activos-empresariales-de-prensa-iberica","status":"publish","type":"post","link":"https:\/\/www.mgc.es\/ca\/blog\/mgc-mutua-rep-el-premi-compromiso-con-el-cuidado-de-la-salud-como-mejor-aseguradora-2025-en-els-i-premios-activos-empresariales-de-prensa-iberica\/","title":{"rendered":"MGC M\u00fatua rep el premi \u201cCompromiso con el cuidado de la salud como mejor aseguradora 2025\u201d en els I Premios Activos Empresariales de Prensa Ib\u00e9rica"},"content":{"rendered":"<div id=\"ez-toc-container\" class=\"ez-toc-v2_0_82_1 counter-hierarchy ez-toc-counter ez-toc-custom ez-toc-container-direction\">\n<div class=\"ez-toc-title-container\"><p class=\"ez-toc-title\" style=\"cursor:inherit\">\u00cdndex de continguts<\/p>\n<\/div><nav><ul class='ez-toc-list ez-toc-list-level-1 ' ><li class='ez-toc-page-1 ez-toc-heading-level-2'><a class=\"ez-toc-link ez-toc-heading-1\" href=\"https:\/\/www.mgc.es\/ca\/blog\/mgc-mutua-rep-el-premi-compromiso-con-el-cuidado-de-la-salud-como-mejor-aseguradora-2025-en-els-i-premios-activos-empresariales-de-prensa-iberica\/#Un_reconeixement_al_model_mutualista_i_a_latencio_centrada_en_les_persones\" >Un reconeixement al model mutualista i a l\u2019atenci\u00f3 centrada en les persones<\/a><\/li><li class='ez-toc-page-1 ez-toc-heading-level-2'><a class=\"ez-toc-link ez-toc-heading-2\" href=\"https:\/\/www.mgc.es\/ca\/blog\/mgc-mutua-rep-el-premi-compromiso-con-el-cuidado-de-la-salud-como-mejor-aseguradora-2025-en-els-i-premios-activos-empresariales-de-prensa-iberica\/#%E2%80%9CLa_tecnologia_ha_destar_sempre_al_servei_de_les_persones%E2%80%9D\" >\u201cLa tecnologia ha d\u2019estar sempre al servei de les persones\u201d<\/a><\/li><li class='ez-toc-page-1 ez-toc-heading-level-2'><a class=\"ez-toc-link ez-toc-heading-3\" href=\"https:\/\/www.mgc.es\/ca\/blog\/mgc-mutua-rep-el-premi-compromiso-con-el-cuidado-de-la-salud-como-mejor-aseguradora-2025-en-els-i-premios-activos-empresariales-de-prensa-iberica\/#Mes_de_40_anys_apostant_per_una_atencio_innovadora_i_humana\" >M\u00e9s de 40 anys apostant per una atenci\u00f3 innovadora i humana<\/a><\/li><\/ul><\/nav><\/div>\n\n<div class=\"video\"><iframe loading=\"lazy\" src=\"https:\/\/player.vimeo.com\/video\/1138950581\" width=\"640\" height=\"360\" frameborder=\"0\" allowfullscreen=\"allowfullscreen\"><\/iframe><\/div>\n\n\n\n<h2 class=\"wp-block-heading\"><span class=\"ez-toc-section\" id=\"Un_reconeixement_al_model_mutualista_i_a_latencio_centrada_en_les_persones\"><\/span><strong>Un reconeixement al model mutualista i a l\u2019atenci\u00f3 centrada en les persones<\/strong><span class=\"ez-toc-section-end\"><\/span><\/h2>\n\n\n\n<p>El passat dijous <strong>30 d\u2019octubre<\/strong>, MGC M\u00fatua va rebre el premi <strong>\u201cCompromiso con el cuidado de la salud como mejor aseguradora 2025\u201d<\/strong> en el marc dels <strong>I Premios Activos Empresariales<\/strong>, organitzats per <strong>Prensa Ib\u00e9rica<\/strong>.<br>L\u2019acte d\u2019entrega va tenir lloc a l\u2019<strong>Hotel Intercontinental de Madrid<\/strong>.<\/p>\n\n\n\n<p>Aquest guard\u00f3 reconeix la tasca d&#8217;MGC M\u00fatua en la promoci\u00f3 del benestar dels seus mutualistes i la seva contribuci\u00f3 a la transformaci\u00f3 del sector assegurador, i destaca especialment el seu <strong>model mutualista<\/strong>, basat en la proximitat, la confian\u00e7a i una atenci\u00f3 centrada en les persones.<\/p>\n\n\n\n<h2 class=\"wp-block-heading\"><span class=\"ez-toc-section\" id=\"%E2%80%9CLa_tecnologia_ha_destar_sempre_al_servei_de_les_persones%E2%80%9D\"><\/span><strong>\u201cLa tecnologia ha d\u2019estar sempre al servei de les persones\u201d<\/strong><span class=\"ez-toc-section-end\"><\/span><\/h2>\n\n\n\n<p>El director general d&#8217;MGC M\u00fatua, <strong>Xavier Plana<\/strong>, va recollir el premi i va expressar el seu agra\u00efment pel reconeixement, i va posar en valor el paper del mutualisme en la societat actual.<br>En la seva intervenci\u00f3 va remarcar la rellev\u00e0ncia de la tecnologia com a eina per millorar l\u2019atenci\u00f3:<\/p>\n\n\n\n<blockquote class=\"wp-block-quote is-layout-flow wp-block-quote-is-layout-flow\">\n<p><strong>\u201cLa intel\u00b7lig\u00e8ncia artificial i els models predictius s\u00f3n el present i el futur, per\u00f2 sempre amb les persones al centre. La combinaci\u00f3 entre persones i tecnologia \u00e9s clau, per\u00f2 la tecnologia ha d\u2019estar sempre al servei de les persones.\u201d<\/strong><\/p>\n<\/blockquote>\n\n\n\n<p>Plana tamb\u00e9 va subratllar que aquest guard\u00f3 \u00e9s especialment significatiu per a l\u2019entitat, ja que reflecteix el prop\u00f2sit essencial d&#8217;MGC M\u00fatua:<\/p>\n\n\n<div class=\"wp-block-image\">\n<figure class=\"aligncenter size-full\"><img loading=\"lazy\" decoding=\"async\" width=\"720\" height=\"405\" src=\"https:\/\/www.mgc.es\/wp-content\/uploads\/2025\/11\/1.jpg\" alt=\"\" class=\"wp-image-37137\" srcset=\"https:\/\/www.mgc.es\/wp-content\/uploads\/2025\/11\/1.jpg 720w, https:\/\/www.mgc.es\/wp-content\/uploads\/2025\/11\/1-440x248.jpg 440w\" sizes=\"auto, (max-width: 720px) 100vw, 720px\" \/><\/figure>\n<\/div>\n\n\n<blockquote class=\"wp-block-quote is-layout-flow wp-block-quote-is-layout-flow\">\n<p><strong>\u201cCada dia treballem per oferir una cobertura de salut que veritablement cuidi les persones.\u201d<\/strong><\/p>\n<\/blockquote>\n\n\n\n<h2 class=\"wp-block-heading\"><span class=\"ez-toc-section\" id=\"Mes_de_40_anys_apostant_per_una_atencio_innovadora_i_humana\"><\/span><strong>M\u00e9s de 40 anys apostant per una atenci\u00f3 innovadora i humana<\/strong><span class=\"ez-toc-section-end\"><\/span><\/h2>\n\n\n\n<p>Amb m\u00e9s de <strong>40 anys d\u2019experi\u00e8ncia<\/strong>, MGC M\u00fatua continua impulsant un model d\u2019atenci\u00f3 sanit\u00e0ria que combina <strong>innovaci\u00f3<\/strong>, <strong>proximitat<\/strong> i una cura <strong>humana<\/strong> i personalitzada.<br>L\u2019entitat reafirma aix\u00ed el seu comprom\u00eds amb una assist\u00e8ncia m\u00e8dica <strong>excel\u00b7lent<\/strong>, adaptada a les necessitats reals de les persones mutualistes.<\/p>\n\n\n\n<p><\/p>\n","protected":false},"excerpt":{"rendered":"<p>Un reconeixement al model mutualista i a l\u2019atenci\u00f3 centrada en les persones El passat dijous 30 d\u2019octubre, MGC M\u00fatua va rebre el premi \u201cCompromiso con el cuidado de la salud como mejor aseguradora 2025\u201d en el marc dels I Premios Activos Empresariales, organitzats per Prensa Ib\u00e9rica.L\u2019acte d\u2019entrega va tenir lloc a l\u2019Hotel Intercontinental de Madrid. [&hellip;]<\/p>\n","protected":false},"author":3,"featured_media":37140,"comment_status":"closed","ping_status":"closed","sticky":false,"template":"","format":"standard","meta":{"footnotes":""},"categories":[11],"tags":[],"class_list":["post-37135","post","type-post","status-publish","format-standard","has-post-thumbnail","hentry","category-actualitat"],"featured_image_src":"https:\/\/www.mgc.es\/wp-content\/uploads\/2025\/11\/2-1.jpg","author_info":{"display_name":"Revista Inter\u00e8s Mutu","author_link":"https:\/\/www.mgc.es\/ca\/blog\/author\/interesmutu\/"},"yoast_head":"<!-- This site is optimized with the Yoast SEO plugin v27.2 - https:\/\/yoast.com\/product\/yoast-seo-wordpress\/ -->\n<title>MGC M\u00fatua rep el premi \u201cCompromiso con el cuidado de la salud como mejor aseguradora 2025\u201d en els I Premios Activos Empresariales de Prensa Ib\u00e9rica - MGC M\u00fatua<\/title>\n<meta name=\"robots\" content=\"index, follow, max-snippet:-1, max-image-preview:large, max-video-preview:-1\" \/>\n<link rel=\"canonical\" href=\"https:\/\/www.mgc.es\/ca\/blog\/mgc-mutua-rep-el-premi-compromiso-con-el-cuidado-de-la-salud-como-mejor-aseguradora-2025-en-els-i-premios-activos-empresariales-de-prensa-iberica\/\" \/>\n<meta property=\"og:locale\" content=\"ca_ES\" \/>\n<meta property=\"og:type\" content=\"article\" \/>\n<meta property=\"og:title\" content=\"MGC M\u00fatua rep el premi \u201cCompromiso con el cuidado de la salud como mejor aseguradora 2025\u201d en els I Premios Activos Empresariales de Prensa Ib\u00e9rica - MGC M\u00fatua\" \/>\n<meta property=\"og:description\" content=\"Un reconeixement al model mutualista i a l\u2019atenci\u00f3 centrada en les persones El passat dijous 30 d\u2019octubre, MGC M\u00fatua va rebre el premi \u201cCompromiso con el cuidado de la salud como mejor aseguradora 2025\u201d en el marc dels I Premios Activos Empresariales, organitzats per Prensa Ib\u00e9rica.L\u2019acte d\u2019entrega va tenir lloc a l\u2019Hotel Intercontinental de Madrid. [&hellip;]\" \/>\n<meta property=\"og:url\" content=\"https:\/\/www.mgc.es\/ca\/blog\/mgc-mutua-rep-el-premi-compromiso-con-el-cuidado-de-la-salud-como-mejor-aseguradora-2025-en-els-i-premios-activos-empresariales-de-prensa-iberica\/\" \/>\n<meta property=\"og:site_name\" content=\"MGC M\u00fatua\" \/>\n<meta property=\"article:publisher\" content=\"https:\/\/www.facebook.com\/mgcmutua\" \/>\n<meta property=\"article:published_time\" content=\"2025-11-10T15:08:12+00:00\" \/>\n<meta property=\"article:modified_time\" content=\"2025-11-20T15:49:06+00:00\" \/>\n<meta property=\"og:image\" content=\"https:\/\/www.mgc.es\/wp-content\/uploads\/2025\/11\/2-1.jpg\" \/>\n\t<meta property=\"og:image:width\" content=\"720\" \/>\n\t<meta property=\"og:image:height\" content=\"405\" \/>\n\t<meta property=\"og:image:type\" content=\"image\/jpeg\" \/>\n<meta name=\"author\" content=\"Revista Inter\u00e8s Mutu\" \/>\n<meta name=\"twitter:card\" content=\"summary_large_image\" \/>\n<meta name=\"twitter:creator\" content=\"@mgcmutua\" \/>\n<meta name=\"twitter:site\" content=\"@mgcmutua\" \/>\n<meta name=\"twitter:label1\" content=\"Escrit per\" \/>\n\t<meta name=\"twitter:data1\" content=\"Revista Inter\u00e8s Mutu\" \/>\n\t<meta name=\"twitter:label2\" content=\"Temps estimat de lectura\" \/>\n\t<meta name=\"twitter:data2\" content=\"2 minuts\" \/>\n<!-- \/ Yoast SEO plugin. -->","yoast_head_json":{"title":"MGC M\u00fatua rep el premi \u201cCompromiso con el cuidado de la salud como mejor aseguradora 2025\u201d en els I Premios Activos Empresariales de Prensa Ib\u00e9rica - MGC M\u00fatua","robots":{"index":"index","follow":"follow","max-snippet":"max-snippet:-1","max-image-preview":"max-image-preview:large","max-video-preview":"max-video-preview:-1"},"canonical":"https:\/\/www.mgc.es\/ca\/blog\/mgc-mutua-rep-el-premi-compromiso-con-el-cuidado-de-la-salud-como-mejor-aseguradora-2025-en-els-i-premios-activos-empresariales-de-prensa-iberica\/","og_locale":"ca_ES","og_type":"article","og_title":"MGC M\u00fatua rep el premi \u201cCompromiso con el cuidado de la salud como mejor aseguradora 2025\u201d en els I Premios Activos Empresariales de Prensa Ib\u00e9rica - MGC M\u00fatua","og_description":"Un reconeixement al model mutualista i a l\u2019atenci\u00f3 centrada en les persones El passat dijous 30 d\u2019octubre, MGC M\u00fatua va rebre el premi \u201cCompromiso con el cuidado de la salud como mejor aseguradora 2025\u201d en el marc dels I Premios Activos Empresariales, organitzats per Prensa Ib\u00e9rica.L\u2019acte d\u2019entrega va tenir lloc a l\u2019Hotel Intercontinental de Madrid. [&hellip;]","og_url":"https:\/\/www.mgc.es\/ca\/blog\/mgc-mutua-rep-el-premi-compromiso-con-el-cuidado-de-la-salud-como-mejor-aseguradora-2025-en-els-i-premios-activos-empresariales-de-prensa-iberica\/","og_site_name":"MGC M\u00fatua","article_publisher":"https:\/\/www.facebook.com\/mgcmutua","article_published_time":"2025-11-10T15:08:12+00:00","article_modified_time":"2025-11-20T15:49:06+00:00","og_image":[{"width":720,"height":405,"url":"https:\/\/www.mgc.es\/wp-content\/uploads\/2025\/11\/2-1.jpg","type":"image\/jpeg"}],"author":"Revista Inter\u00e8s Mutu","twitter_card":"summary_large_image","twitter_creator":"@mgcmutua","twitter_site":"@mgcmutua","twitter_misc":{"Escrit per":"Revista Inter\u00e8s Mutu","Temps estimat de lectura":"2 minuts"},"schema":{"@context":"https:\/\/schema.org","@graph":[{"@type":["Article","BlogPosting"],"@id":"https:\/\/www.mgc.es\/ca\/blog\/mgc-mutua-rep-el-premi-compromiso-con-el-cuidado-de-la-salud-como-mejor-aseguradora-2025-en-els-i-premios-activos-empresariales-de-prensa-iberica\/#article","isPartOf":{"@id":"https:\/\/www.mgc.es\/ca\/blog\/mgc-mutua-rep-el-premi-compromiso-con-el-cuidado-de-la-salud-como-mejor-aseguradora-2025-en-els-i-premios-activos-empresariales-de-prensa-iberica\/"},"author":{"name":"Revista Inter\u00e8s Mutu","@id":"https:\/\/www.mgc.es\/#\/schema\/person\/010c961d9c9acf38f11187a02b646c16"},"headline":"MGC M\u00fatua rep el premi \u201cCompromiso con el cuidado de la salud como mejor aseguradora 2025\u201d en els I Premios Activos Empresariales de Prensa Ib\u00e9rica","datePublished":"2025-11-10T15:08:12+00:00","dateModified":"2025-11-20T15:49:06+00:00","mainEntityOfPage":{"@id":"https:\/\/www.mgc.es\/ca\/blog\/mgc-mutua-rep-el-premi-compromiso-con-el-cuidado-de-la-salud-como-mejor-aseguradora-2025-en-els-i-premios-activos-empresariales-de-prensa-iberica\/"},"wordCount":344,"publisher":{"@id":"https:\/\/www.mgc.es\/#organization"},"image":{"@id":"https:\/\/www.mgc.es\/ca\/blog\/mgc-mutua-rep-el-premi-compromiso-con-el-cuidado-de-la-salud-como-mejor-aseguradora-2025-en-els-i-premios-activos-empresariales-de-prensa-iberica\/#primaryimage"},"thumbnailUrl":"https:\/\/www.mgc.es\/wp-content\/uploads\/2025\/11\/2-1.jpg","articleSection":["Actualitat M\u00fatua"],"inLanguage":"ca"},{"@type":["WebPage","ItemPage"],"@id":"https:\/\/www.mgc.es\/ca\/blog\/mgc-mutua-rep-el-premi-compromiso-con-el-cuidado-de-la-salud-como-mejor-aseguradora-2025-en-els-i-premios-activos-empresariales-de-prensa-iberica\/","url":"https:\/\/www.mgc.es\/ca\/blog\/mgc-mutua-rep-el-premi-compromiso-con-el-cuidado-de-la-salud-como-mejor-aseguradora-2025-en-els-i-premios-activos-empresariales-de-prensa-iberica\/","name":"MGC M\u00fatua rep el premi \u201cCompromiso con el cuidado de la salud como mejor aseguradora 2025\u201d en els I Premios Activos Empresariales de Prensa Ib\u00e9rica - MGC M\u00fatua","isPartOf":{"@id":"https:\/\/www.mgc.es\/#website"},"primaryImageOfPage":{"@id":"https:\/\/www.mgc.es\/ca\/blog\/mgc-mutua-rep-el-premi-compromiso-con-el-cuidado-de-la-salud-como-mejor-aseguradora-2025-en-els-i-premios-activos-empresariales-de-prensa-iberica\/#primaryimage"},"image":{"@id":"https:\/\/www.mgc.es\/ca\/blog\/mgc-mutua-rep-el-premi-compromiso-con-el-cuidado-de-la-salud-como-mejor-aseguradora-2025-en-els-i-premios-activos-empresariales-de-prensa-iberica\/#primaryimage"},"thumbnailUrl":"https:\/\/www.mgc.es\/wp-content\/uploads\/2025\/11\/2-1.jpg","datePublished":"2025-11-10T15:08:12+00:00","dateModified":"2025-11-20T15:49:06+00:00","breadcrumb":{"@id":"https:\/\/www.mgc.es\/ca\/blog\/mgc-mutua-rep-el-premi-compromiso-con-el-cuidado-de-la-salud-como-mejor-aseguradora-2025-en-els-i-premios-activos-empresariales-de-prensa-iberica\/#breadcrumb"},"inLanguage":"ca","potentialAction":[{"@type":"ReadAction","target":["https:\/\/www.mgc.es\/ca\/blog\/mgc-mutua-rep-el-premi-compromiso-con-el-cuidado-de-la-salud-como-mejor-aseguradora-2025-en-els-i-premios-activos-empresariales-de-prensa-iberica\/"]}]},{"@type":"ImageObject","inLanguage":"ca","@id":"https:\/\/www.mgc.es\/ca\/blog\/mgc-mutua-rep-el-premi-compromiso-con-el-cuidado-de-la-salud-como-mejor-aseguradora-2025-en-els-i-premios-activos-empresariales-de-prensa-iberica\/#primaryimage","url":"https:\/\/www.mgc.es\/wp-content\/uploads\/2025\/11\/2-1.jpg","contentUrl":"https:\/\/www.mgc.es\/wp-content\/uploads\/2025\/11\/2-1.jpg","width":720,"height":405},{"@type":"BreadcrumbList","@id":"https:\/\/www.mgc.es\/ca\/blog\/mgc-mutua-rep-el-premi-compromiso-con-el-cuidado-de-la-salud-como-mejor-aseguradora-2025-en-els-i-premios-activos-empresariales-de-prensa-iberica\/#breadcrumb","itemListElement":[{"@type":"ListItem","position":1,"name":"Home","item":"https:\/\/www.mgc.es\/ca\/"},{"@type":"ListItem","position":2,"name":"MGC M\u00fatua rep el premi \u201cCompromiso con el cuidado de la salud como mejor aseguradora 2025\u201d en els I Premios Activos Empresariales de Prensa Ib\u00e9rica"}]},{"@type":"WebSite","@id":"https:\/\/www.mgc.es\/#website","url":"https:\/\/www.mgc.es\/","name":"MGC M\u00fatua","description":"MGC M\u00fatua \u00e9s una entitat asseguradora sense \u00e0nim de lucre constitu\u00efda al 1982 i especialitzada en assegurances de salut i assist\u00e8ncia.","publisher":{"@id":"https:\/\/www.mgc.es\/#organization"},"alternateName":"MGC","potentialAction":[{"@type":"SearchAction","target":{"@type":"EntryPoint","urlTemplate":"https:\/\/www.mgc.es\/?s={search_term_string}"},"query-input":{"@type":"PropertyValueSpecification","valueRequired":true,"valueName":"search_term_string"}}],"inLanguage":"ca"},{"@type":"Organization","@id":"https:\/\/www.mgc.es\/#organization","name":"MGC Mutua","alternateName":"MGC","url":"https:\/\/www.mgc.es\/","logo":{"@type":"ImageObject","inLanguage":"ca","@id":"https:\/\/www.mgc.es\/#\/schema\/logo\/image\/","url":"https:\/\/www.mgc.es\/wp-content\/uploads\/2020\/03\/mgcmutua_h2_2t_reduccions.png","contentUrl":"https:\/\/www.mgc.es\/wp-content\/uploads\/2020\/03\/mgcmutua_h2_2t_reduccions.png","width":303,"height":165,"caption":"MGC Mutua"},"image":{"@id":"https:\/\/www.mgc.es\/#\/schema\/logo\/image\/"},"sameAs":["https:\/\/www.facebook.com\/mgcmutua","https:\/\/x.com\/mgcmutua","https:\/\/www.youtube.com\/c\/MGCMutua"]},{"@type":"Person","@id":"https:\/\/www.mgc.es\/#\/schema\/person\/010c961d9c9acf38f11187a02b646c16","name":"Revista Inter\u00e8s Mutu","image":{"@type":"ImageObject","inLanguage":"ca","@id":"https:\/\/secure.gravatar.com\/avatar\/52302d684339b9d7bf5691e2ad00835d62ce3b4a435f21ca9f21fbe39c63cb1b?s=96&d=mm&r=g","url":"https:\/\/secure.gravatar.com\/avatar\/52302d684339b9d7bf5691e2ad00835d62ce3b4a435f21ca9f21fbe39c63cb1b?s=96&d=mm&r=g","contentUrl":"https:\/\/secure.gravatar.com\/avatar\/52302d684339b9d7bf5691e2ad00835d62ce3b4a435f21ca9f21fbe39c63cb1b?s=96&d=mm&r=g","caption":"Revista Inter\u00e8s Mutu"}}]}},"_links":{"self":[{"href":"https:\/\/www.mgc.es\/ca\/wp-json\/wp\/v2\/posts\/37135","targetHints":{"allow":["GET"]}}],"collection":[{"href":"https:\/\/www.mgc.es\/ca\/wp-json\/wp\/v2\/posts"}],"about":[{"href":"https:\/\/www.mgc.es\/ca\/wp-json\/wp\/v2\/types\/post"}],"author":[{"embeddable":true,"href":"https:\/\/www.mgc.es\/ca\/wp-json\/wp\/v2\/users\/3"}],"replies":[{"embeddable":true,"href":"https:\/\/www.mgc.es\/ca\/wp-json\/wp\/v2\/comments?post=37135"}],"version-history":[{"count":4,"href":"https:\/\/www.mgc.es\/ca\/wp-json\/wp\/v2\/posts\/37135\/revisions"}],"predecessor-version":[{"id":37149,"href":"https:\/\/www.mgc.es\/ca\/wp-json\/wp\/v2\/posts\/37135\/revisions\/37149"}],"wp:featuredmedia":[{"embeddable":true,"href":"https:\/\/www.mgc.es\/ca\/wp-json\/wp\/v2\/media\/37140"}],"wp:attachment":[{"href":"https:\/\/www.mgc.es\/ca\/wp-json\/wp\/v2\/media?parent=37135"}],"wp:term":[{"taxonomy":"category","embeddable":true,"href":"https:\/\/www.mgc.es\/ca\/wp-json\/wp\/v2\/categories?post=37135"},{"taxonomy":"post_tag","embeddable":true,"href":"https:\/\/www.mgc.es\/ca\/wp-json\/wp\/v2\/tags?post=37135"}],"curies":[{"name":"wp","href":"https:\/\/api.w.org\/{rel}","templated":true}]}}