{"id":36750,"date":"2025-12-04T11:07:52","date_gmt":"2025-12-04T10:07:52","guid":{"rendered":"https:\/\/www.mgc.es\/?p=36750"},"modified":"2025-10-14T15:28:07","modified_gmt":"2025-10-14T13:28:07","slug":"canvi-climatic-i-salut","status":"publish","type":"post","link":"https:\/\/www.mgc.es\/ca\/blog\/canvi-climatic-i-salut\/","title":{"rendered":"Canvi clim\u00e0tic i salut"},"content":{"rendered":"<div id=\"ez-toc-container\" class=\"ez-toc-v2_0_82_1 counter-hierarchy ez-toc-counter ez-toc-custom ez-toc-container-direction\">\n<div class=\"ez-toc-title-container\"><p class=\"ez-toc-title\" style=\"cursor:inherit\">\u00cdndex de continguts<\/p>\n<\/div><nav><ul class='ez-toc-list ez-toc-list-level-1 ' ><li class='ez-toc-page-1 ez-toc-heading-level-2'><a class=\"ez-toc-link ez-toc-heading-1\" href=\"https:\/\/www.mgc.es\/ca\/blog\/canvi-climatic-i-salut\/#Que_ens_diu_la_ciencia\" >Qu\u00e8 ens diu la ci\u00e8ncia<\/a><\/li><li class='ez-toc-page-1 ez-toc-heading-level-2'><a class=\"ez-toc-link ez-toc-heading-2\" href=\"https:\/\/www.mgc.es\/ca\/blog\/canvi-climatic-i-salut\/#Com_ens_afecta_el_canvi_climatic\" >Com ens afecta el canvi clim\u00e0tic<\/a><\/li><\/ul><\/nav><\/div>\n\n<h2 class=\"wp-block-heading\"><span class=\"ez-toc-section\" id=\"Que_ens_diu_la_ciencia\"><\/span>Qu\u00e8 ens diu la ci\u00e8ncia<span class=\"ez-toc-section-end\"><\/span><\/h2>\n\n\n\n<p>L&#8217;Organitzaci\u00f3 Mundial de la Salut (OMS) facilita les dades seg\u00fcents en el seu <a href=\"https:\/\/www.who.int\/es\/news-room\/fact-sheets\/detail\/climate-change-and-health\">informe<\/a> d&#8217;octubre de 2021:<\/p>\n\n\n\n<p>El canvi clim\u00e0tic \u00e9s causa de forma directa d&#8217;emerg\u00e8ncies causades per onades de calor, incendis forestals, inundacions, huracans i tempestes tropicals. A m\u00e9s, la freq\u00fc\u00e8ncia i intensitat d&#8217;aquests desastres augmenta any a any.&nbsp;<\/p>\n\n\n\n<figure class=\"wp-block-image size-full\"><img loading=\"lazy\" decoding=\"async\" width=\"800\" height=\"533\" src=\"https:\/\/www.mgc.es\/wp-content\/uploads\/2025\/10\/image-2.jpeg\" alt=\"\" class=\"wp-image-36745\" srcset=\"https:\/\/www.mgc.es\/wp-content\/uploads\/2025\/10\/image-2.jpeg 800w, https:\/\/www.mgc.es\/wp-content\/uploads\/2025\/10\/image-2-440x293.jpeg 440w, https:\/\/www.mgc.es\/wp-content\/uploads\/2025\/10\/image-2-768x512.jpeg 768w\" sizes=\"auto, (max-width: 800px) 100vw, 800px\" \/><\/figure>\n\n\n\n<p>Sempre d&#8217;acord amb les dades de l&#8217;OMS, les investigacions mostren que 3600 milions de persones ja viuen en \u00e0rees molt vulnerables al clima. Es preveu que entre 2030 i 2050 el canvi clim\u00e0tic causi 250.000 morts addicionals cada any com a conseq\u00fc\u00e8ncia nom\u00e9s de la desnutrici\u00f3, la mal\u00e0ria, la diarrea i l&#8217;estr\u00e8s t\u00e8rmic.<\/p>\n\n\n\n<p>Les zones amb pitjors infraestructures sanit\u00e0ries, \u00e9s a dir, els <a href=\"https:\/\/www.un.org\/sustainabledevelopment\/es\/climate-change-2\/\">pa\u00efsos en vies de desenvolupament<\/a>, s\u00f3n els m\u00e9s vulnerables i, de no rebre ajuda, seran els m\u00e9s castigats.<\/p>\n\n\n\n<p>El cost dels danys directes sobre la salut (\u00e9s a dir, sense comptar els indirectes, com l&#8217;aigua, l&#8217;agricultura o el sanejament) s&#8217;estima entre 2.000 i 4.000 milions de d\u00f2lars a l&#8217;any, d&#8217;avui fins a 2030.<\/p>\n\n\n\n<h2 class=\"wp-block-heading\"><span class=\"ez-toc-section\" id=\"Com_ens_afecta_el_canvi_climatic\"><\/span>Com ens afecta el canvi clim\u00e0tic<span class=\"ez-toc-section-end\"><\/span><\/h2>\n\n\n\n<p><strong>Les onades de calor<\/strong>, cada vegada m\u00e9s freq\u00fcents, van unides a un augment global de la temperatura i alteracions en les pluges. Aquests dos factors junts, afavoreixen l&#8217;aparici\u00f3 de plagues portadores de malalties com el dengue, la mal\u00e0ria o la malaltia de Lyme en regions que estaven lliures d&#8217;elles per\u00f2 que ara veuen sorgir brots.<\/p>\n\n\n\n<p>Encara que la xifra podria semblar petita, l&#8217;augment dels nivells de <strong>gasos d&#8217;efecte hivernacle<\/strong> (di\u00f2xid de carboni, met\u00e0, \u00f2xid nitr\u00f3s i altres) ha provocat un escalfament global de +1,1\u00baC i es preveu un altre tant en els propers anys.<\/p>\n\n\n\n<p>Aquestes onades de calor s\u00f3n cada vegada m\u00e9s intenses, i viure en condicions extremes afavoreix l&#8217;aparici\u00f3 de cops de calor, deshidratacions i globalment mortalitat, fonamentalment en persones vulnerables, com els nens o els ancians. Nom\u00e9s a l&#8217;agost de 2025, Espanya ha registrat 2.177 v\u00edctimes, la qual cosa suposa un augment de m\u00e9s del 70%. \u00c9s la xifra m\u00e9s alta des que hi ha registres.<\/p>\n\n\n\n<p><strong>Els incendis forestals<\/strong> comporten un augment de la contaminaci\u00f3, \u00e9s a dir una menor qualitat de l&#8217;aire que respirem. Aquesta baixa qualitat provoca que augmenti la incid\u00e8ncia de l&#8217;asma, de les <a href=\"https:\/\/www.mgc.es\/ca\/blog\/tinc-al%c2%b7lergia\/\">al\u00b7l\u00e8rgies<\/a> i de les <a href=\"https:\/\/www.mgc.es\/ca\/blog\/la-importancia-de-la-hidratacio-per-a-la-salut-cardiovascular\/\">malalties cardiovasculars<\/a>.<\/p>\n\n\n\n<p><strong>Les sequeres<\/strong>, a vegades alternant amb devastadores <strong>inundacions<\/strong>, alteren els cicles dels productes agr\u00edcoles, la qual cosa al seu torn afecta la producci\u00f3 d&#8217;aliments, generant escassetat. Aquesta escassetat afecta fonamentalment a les comunitats m\u00e9s vulnerables. La calor, a m\u00e9s, afecta la conservaci\u00f3 dels aliments, en detriment de la seva qualitat.<\/p>\n\n\n\n<p>El canvi tamb\u00e9 <strong>afecta la ment<\/strong>, no nom\u00e9s el cos. Qui pateixen desastres naturals com inundacions, incendis o huracans veuen augmentat el risc de patir trastorns ps\u00edquics, com ansietat, depressi\u00f3 o estr\u00e8s. La sensaci\u00f3 d&#8217;incertesa davant un clima futur clarament advers crea ansietat. Certes psic\u00f2logues l&#8217;han anomenat ecoansietat.<\/p>\n\n\n\n<p>Un recent <a href=\"https:\/\/www.clinicbarcelona.org\/noticias\/un-gran-metaanalisis-relaciona-el-calentamiento-global-con-un-incremento-importante-de-los-suicidios\">estudi<\/a> de l&#8217;Hospital Cl\u00ednic de Barcelona associa l&#8217;<a href=\"https:\/\/www.unicef.es\/blog\/sostenibilidad\/calentamiento-global-que-es-causas-consecuencias\">escalfament global<\/a> amb majors taxes de su\u00efcidis i comportaments su\u00efcides.<\/p>\n\n\n\n<p><strong>Bibliografia:<\/strong><br><a href=\"https:\/\/www.sanidad.gob.es\/ciudadanos\/saludAmbLaboral\/docs\/CCResumen_ESP.pdf\">Ministeri de Sanitat<\/a><br><a href=\"https:\/\/www.paho.org\/es\/temas\/cambio-climatico-salud\">Organitzaci\u00f3 Panamericana de la Salut<\/a><\/p>\n","protected":false},"excerpt":{"rendered":"<p>Qu\u00e8 ens diu la ci\u00e8ncia L&#8217;Organitzaci\u00f3 Mundial de la Salut (OMS) facilita les dades seg\u00fcents en el seu informe d&#8217;octubre de 2021: El canvi clim\u00e0tic \u00e9s causa de forma directa d&#8217;emerg\u00e8ncies causades per onades de calor, incendis forestals, inundacions, huracans i tempestes tropicals. A m\u00e9s, la freq\u00fc\u00e8ncia i intensitat d&#8217;aquests desastres augmenta any a any.&nbsp; [&hellip;]<\/p>\n","protected":false},"author":3,"featured_media":36745,"comment_status":"closed","ping_status":"closed","sticky":false,"template":"","format":"standard","meta":{"footnotes":""},"categories":[15],"tags":[],"class_list":["post-36750","post","type-post","status-publish","format-standard","has-post-thumbnail","hentry","category-salut"],"featured_image_src":"https:\/\/www.mgc.es\/wp-content\/uploads\/2025\/10\/image-2.jpeg","author_info":{"display_name":"Revista Inter\u00e8s Mutu","author_link":"https:\/\/www.mgc.es\/ca\/blog\/author\/interesmutu\/"},"yoast_head":"<!-- This site is optimized with the Yoast SEO plugin v27.2 - https:\/\/yoast.com\/product\/yoast-seo-wordpress\/ -->\n<title>Canvi clim\u00e0tic i salut - MGC M\u00fatua<\/title>\n<meta name=\"description\" content=\"Com afecta el canvi clim\u00e0tic a la salut: onades de calor, incendis, malalties. Dades de l&#039;OMS sobre impacte en salut mental i f\u00edsica.\" \/>\n<meta name=\"robots\" content=\"index, follow, max-snippet:-1, max-image-preview:large, max-video-preview:-1\" \/>\n<link rel=\"canonical\" href=\"https:\/\/www.mgc.es\/blog\/cambio-climatico-y-salud\/\" \/>\n<meta property=\"og:locale\" content=\"ca_ES\" \/>\n<meta property=\"og:type\" content=\"article\" \/>\n<meta property=\"og:title\" content=\"Canvi clim\u00e0tic i salut - MGC M\u00fatua\" \/>\n<meta property=\"og:description\" content=\"Com afecta el canvi clim\u00e0tic a la salut: onades de calor, incendis, malalties. Dades de l&#039;OMS sobre impacte en salut mental i f\u00edsica.\" \/>\n<meta property=\"og:url\" content=\"https:\/\/www.mgc.es\/blog\/cambio-climatico-y-salud\/\" \/>\n<meta property=\"og:site_name\" content=\"MGC M\u00fatua\" \/>\n<meta property=\"article:publisher\" content=\"https:\/\/www.facebook.com\/mgcmutua\" \/>\n<meta property=\"article:published_time\" content=\"2025-12-04T10:07:52+00:00\" \/>\n<meta property=\"og:image\" content=\"https:\/\/www.mgc.es\/wp-content\/uploads\/2025\/10\/image-2.jpeg\" \/>\n\t<meta property=\"og:image:width\" content=\"800\" \/>\n\t<meta property=\"og:image:height\" content=\"533\" \/>\n\t<meta property=\"og:image:type\" content=\"image\/jpeg\" \/>\n<meta name=\"author\" content=\"Revista Inter\u00e8s Mutu\" \/>\n<meta name=\"twitter:card\" content=\"summary_large_image\" \/>\n<meta name=\"twitter:creator\" content=\"@mgcmutua\" \/>\n<meta name=\"twitter:site\" content=\"@mgcmutua\" \/>\n<meta name=\"twitter:label1\" content=\"Escrit per\" \/>\n\t<meta name=\"twitter:data1\" content=\"Revista Inter\u00e8s Mutu\" \/>\n\t<meta name=\"twitter:label2\" content=\"Temps estimat de lectura\" \/>\n\t<meta name=\"twitter:data2\" content=\"3 minuts\" \/>\n<!-- \/ Yoast SEO plugin. -->","yoast_head_json":{"title":"Canvi clim\u00e0tic i salut - MGC M\u00fatua","description":"Com afecta el canvi clim\u00e0tic a la salut: onades de calor, incendis, malalties. Dades de l'OMS sobre impacte en salut mental i f\u00edsica.","robots":{"index":"index","follow":"follow","max-snippet":"max-snippet:-1","max-image-preview":"max-image-preview:large","max-video-preview":"max-video-preview:-1"},"canonical":"https:\/\/www.mgc.es\/blog\/cambio-climatico-y-salud\/","og_locale":"ca_ES","og_type":"article","og_title":"Canvi clim\u00e0tic i salut - MGC M\u00fatua","og_description":"Com afecta el canvi clim\u00e0tic a la salut: onades de calor, incendis, malalties. Dades de l'OMS sobre impacte en salut mental i f\u00edsica.","og_url":"https:\/\/www.mgc.es\/blog\/cambio-climatico-y-salud\/","og_site_name":"MGC M\u00fatua","article_publisher":"https:\/\/www.facebook.com\/mgcmutua","article_published_time":"2025-12-04T10:07:52+00:00","og_image":[{"width":800,"height":533,"url":"https:\/\/www.mgc.es\/wp-content\/uploads\/2025\/10\/image-2.jpeg","type":"image\/jpeg"}],"author":"Revista Inter\u00e8s Mutu","twitter_card":"summary_large_image","twitter_creator":"@mgcmutua","twitter_site":"@mgcmutua","twitter_misc":{"Escrit per":"Revista Inter\u00e8s Mutu","Temps estimat de lectura":"3 minuts"},"schema":{"@context":"https:\/\/schema.org","@graph":[{"@type":["Article","BlogPosting"],"@id":"https:\/\/www.mgc.es\/blog\/cambio-climatico-y-salud\/#article","isPartOf":{"@id":"https:\/\/www.mgc.es\/blog\/cambio-climatico-y-salud\/"},"author":{"name":"Revista Inter\u00e8s Mutu","@id":"https:\/\/www.mgc.es\/#\/schema\/person\/010c961d9c9acf38f11187a02b646c16"},"headline":"Canvi clim\u00e0tic i salut","datePublished":"2025-12-04T10:07:52+00:00","mainEntityOfPage":{"@id":"https:\/\/www.mgc.es\/blog\/cambio-climatico-y-salud\/"},"wordCount":536,"publisher":{"@id":"https:\/\/www.mgc.es\/#organization"},"image":{"@id":"https:\/\/www.mgc.es\/blog\/cambio-climatico-y-salud\/#primaryimage"},"thumbnailUrl":"https:\/\/www.mgc.es\/wp-content\/uploads\/2025\/10\/image-2.jpeg","articleSection":["Salut i medicina"],"inLanguage":"ca"},{"@type":["WebPage","ItemPage"],"@id":"https:\/\/www.mgc.es\/blog\/cambio-climatico-y-salud\/","url":"https:\/\/www.mgc.es\/blog\/cambio-climatico-y-salud\/","name":"Canvi clim\u00e0tic i salut - MGC M\u00fatua","isPartOf":{"@id":"https:\/\/www.mgc.es\/#website"},"primaryImageOfPage":{"@id":"https:\/\/www.mgc.es\/blog\/cambio-climatico-y-salud\/#primaryimage"},"image":{"@id":"https:\/\/www.mgc.es\/blog\/cambio-climatico-y-salud\/#primaryimage"},"thumbnailUrl":"https:\/\/www.mgc.es\/wp-content\/uploads\/2025\/10\/image-2.jpeg","datePublished":"2025-12-04T10:07:52+00:00","description":"Com afecta el canvi clim\u00e0tic a la salut: onades de calor, incendis, malalties. Dades de l'OMS sobre impacte en salut mental i f\u00edsica.","breadcrumb":{"@id":"https:\/\/www.mgc.es\/blog\/cambio-climatico-y-salud\/#breadcrumb"},"inLanguage":"ca","potentialAction":[{"@type":"ReadAction","target":["https:\/\/www.mgc.es\/blog\/cambio-climatico-y-salud\/"]}]},{"@type":"ImageObject","inLanguage":"ca","@id":"https:\/\/www.mgc.es\/blog\/cambio-climatico-y-salud\/#primaryimage","url":"https:\/\/www.mgc.es\/wp-content\/uploads\/2025\/10\/image-2.jpeg","contentUrl":"https:\/\/www.mgc.es\/wp-content\/uploads\/2025\/10\/image-2.jpeg","width":800,"height":533},{"@type":"BreadcrumbList","@id":"https:\/\/www.mgc.es\/blog\/cambio-climatico-y-salud\/#breadcrumb","itemListElement":[{"@type":"ListItem","position":1,"name":"Home","item":"https:\/\/www.mgc.es\/ca\/"},{"@type":"ListItem","position":2,"name":"Canvi clim\u00e0tic i salut"}]},{"@type":"WebSite","@id":"https:\/\/www.mgc.es\/#website","url":"https:\/\/www.mgc.es\/","name":"MGC M\u00fatua","description":"MGC M\u00fatua \u00e9s una entitat asseguradora sense \u00e0nim de lucre constitu\u00efda al 1982 i especialitzada en assegurances de salut i assist\u00e8ncia.","publisher":{"@id":"https:\/\/www.mgc.es\/#organization"},"alternateName":"MGC","potentialAction":[{"@type":"SearchAction","target":{"@type":"EntryPoint","urlTemplate":"https:\/\/www.mgc.es\/?s={search_term_string}"},"query-input":{"@type":"PropertyValueSpecification","valueRequired":true,"valueName":"search_term_string"}}],"inLanguage":"ca"},{"@type":"Organization","@id":"https:\/\/www.mgc.es\/#organization","name":"MGC Mutua","alternateName":"MGC","url":"https:\/\/www.mgc.es\/","logo":{"@type":"ImageObject","inLanguage":"ca","@id":"https:\/\/www.mgc.es\/#\/schema\/logo\/image\/","url":"https:\/\/www.mgc.es\/wp-content\/uploads\/2020\/03\/mgcmutua_h2_2t_reduccions.png","contentUrl":"https:\/\/www.mgc.es\/wp-content\/uploads\/2020\/03\/mgcmutua_h2_2t_reduccions.png","width":303,"height":165,"caption":"MGC Mutua"},"image":{"@id":"https:\/\/www.mgc.es\/#\/schema\/logo\/image\/"},"sameAs":["https:\/\/www.facebook.com\/mgcmutua","https:\/\/x.com\/mgcmutua","https:\/\/www.youtube.com\/c\/MGCMutua"]},{"@type":"Person","@id":"https:\/\/www.mgc.es\/#\/schema\/person\/010c961d9c9acf38f11187a02b646c16","name":"Revista Inter\u00e8s Mutu","image":{"@type":"ImageObject","inLanguage":"ca","@id":"https:\/\/secure.gravatar.com\/avatar\/52302d684339b9d7bf5691e2ad00835d62ce3b4a435f21ca9f21fbe39c63cb1b?s=96&d=mm&r=g","url":"https:\/\/secure.gravatar.com\/avatar\/52302d684339b9d7bf5691e2ad00835d62ce3b4a435f21ca9f21fbe39c63cb1b?s=96&d=mm&r=g","contentUrl":"https:\/\/secure.gravatar.com\/avatar\/52302d684339b9d7bf5691e2ad00835d62ce3b4a435f21ca9f21fbe39c63cb1b?s=96&d=mm&r=g","caption":"Revista Inter\u00e8s Mutu"}}]}},"_links":{"self":[{"href":"https:\/\/www.mgc.es\/ca\/wp-json\/wp\/v2\/posts\/36750","targetHints":{"allow":["GET"]}}],"collection":[{"href":"https:\/\/www.mgc.es\/ca\/wp-json\/wp\/v2\/posts"}],"about":[{"href":"https:\/\/www.mgc.es\/ca\/wp-json\/wp\/v2\/types\/post"}],"author":[{"embeddable":true,"href":"https:\/\/www.mgc.es\/ca\/wp-json\/wp\/v2\/users\/3"}],"replies":[{"embeddable":true,"href":"https:\/\/www.mgc.es\/ca\/wp-json\/wp\/v2\/comments?post=36750"}],"version-history":[{"count":1,"href":"https:\/\/www.mgc.es\/ca\/wp-json\/wp\/v2\/posts\/36750\/revisions"}],"predecessor-version":[{"id":36751,"href":"https:\/\/www.mgc.es\/ca\/wp-json\/wp\/v2\/posts\/36750\/revisions\/36751"}],"wp:featuredmedia":[{"embeddable":true,"href":"https:\/\/www.mgc.es\/ca\/wp-json\/wp\/v2\/media\/36745"}],"wp:attachment":[{"href":"https:\/\/www.mgc.es\/ca\/wp-json\/wp\/v2\/media?parent=36750"}],"wp:term":[{"taxonomy":"category","embeddable":true,"href":"https:\/\/www.mgc.es\/ca\/wp-json\/wp\/v2\/categories?post=36750"},{"taxonomy":"post_tag","embeddable":true,"href":"https:\/\/www.mgc.es\/ca\/wp-json\/wp\/v2\/tags?post=36750"}],"curies":[{"name":"wp","href":"https:\/\/api.w.org\/{rel}","templated":true}]}}