{"id":36518,"date":"2025-11-06T08:21:00","date_gmt":"2025-11-06T07:21:00","guid":{"rendered":"https:\/\/www.mgc.es\/?p=36518"},"modified":"2025-09-30T12:25:25","modified_gmt":"2025-09-30T10:25:25","slug":"com-prevenir-problemes-auditius","status":"publish","type":"post","link":"https:\/\/www.mgc.es\/ca\/blog\/com-prevenir-problemes-auditius\/","title":{"rendered":"Com prevenir problemes auditius"},"content":{"rendered":"<div id=\"ez-toc-container\" class=\"ez-toc-v2_0_82_1 counter-hierarchy ez-toc-counter ez-toc-custom ez-toc-container-direction\">\n<div class=\"ez-toc-title-container\"><p class=\"ez-toc-title\" style=\"cursor:inherit\">\u00cdndex de continguts<\/p>\n<\/div><nav><ul class='ez-toc-list ez-toc-list-level-1 ' ><li class='ez-toc-page-1 ez-toc-heading-level-2'><a class=\"ez-toc-link ez-toc-heading-1\" href=\"https:\/\/www.mgc.es\/ca\/blog\/com-prevenir-problemes-auditius\/#Principals_malalties_i_problemes_de_loida\" >Principals malalties i problemes de l\u2019o\u00efda<\/a><\/li><li class='ez-toc-page-1 ez-toc-heading-level-2'><a class=\"ez-toc-link ez-toc-heading-2\" href=\"https:\/\/www.mgc.es\/ca\/blog\/com-prevenir-problemes-auditius\/#Prevencio_de_problemes_auditius\" >Prevenci\u00f3 de problemes auditius<\/a><\/li><li class='ez-toc-page-1 ez-toc-heading-level-2'><a class=\"ez-toc-link ez-toc-heading-3\" href=\"https:\/\/www.mgc.es\/ca\/blog\/com-prevenir-problemes-auditius\/#Bibliografia\" >Bibliografia<\/a><\/li><\/ul><\/nav><\/div>\n\n<p>L\u2019o\u00efda \u00e9s un dels cinc sentits, i resulta important\u00edssima per mantenir el contacte amb l\u2019exterior. \u00c9s cert que la p\u00e8rdua de la vista, \u00e9s a dir la ceguesa, \u00e9s possiblement el darrer sentit al qual tots renunciar\u00edem. Per\u00f2 no \u00e9s menys cert que l\u2019audici\u00f3 \u00e9s un vehicle de comunicaci\u00f3 de primer ordre i la seva p\u00e8rdua (la <a href=\"https:\/\/www.who.int\/es\/news-room\/fact-sheets\/detail\/deafness-and-hearing-loss\">sordesa<\/a>) va generant un problema d\u2019a\u00efllament a qui la pateix, a\u00efllament que pot derivar en un problema de soledat cr\u00f2nica.<\/p>\n\n\n\n<figure class=\"wp-block-image size-full\"><img loading=\"lazy\" decoding=\"async\" width=\"800\" height=\"533\" src=\"https:\/\/www.mgc.es\/wp-content\/uploads\/2025\/09\/sonotone.jpg\" alt=\"\" class=\"wp-image-36507\" srcset=\"https:\/\/www.mgc.es\/wp-content\/uploads\/2025\/09\/sonotone.jpg 800w, https:\/\/www.mgc.es\/wp-content\/uploads\/2025\/09\/sonotone-440x293.jpg 440w, https:\/\/www.mgc.es\/wp-content\/uploads\/2025\/09\/sonotone-768x512.jpg 768w\" sizes=\"auto, (max-width: 800px) 100vw, 800px\" \/><\/figure>\n\n\n\n<p>Hi ha moltes possibles malalties de l\u2019o\u00efda, i no totes es poden prevenir, com per exemple les degudes a l\u2019envelliment. A continuaci\u00f3 farem un rep\u00e0s de les m\u00e9s importants.<\/p>\n\n\n\n<h2 class=\"wp-block-heading\"><span class=\"ez-toc-section\" id=\"Principals_malalties_i_problemes_de_loida\"><\/span><strong>Principals malalties i problemes de l\u2019o\u00efda<\/strong><span class=\"ez-toc-section-end\"><\/span><\/h2>\n\n\n\n<h3 class=\"wp-block-heading\"><strong>Esclerosi auditiva<\/strong><\/h3>\n\n\n\n<p>En termes m\u00e8dics, <a href=\"https:\/\/www.redaccionmedica.com\/recursos-salud\/diccionario-enfermedades\/otosclerosis-otoesclerosis\">otosclerosi<\/a>, \u00e9s un enduriment progressiu dels ossets de l\u2019o\u00efda interna, principalment l\u2019estrep, que s\u2019endureix i deixa de transmetre les vibracions que rep. Pot anar acompanyada de brunzits (ac\u00fafens o tinnitus) i acaba produint sordesa.<\/p>\n\n\n\n<p>No estan clares les causes d\u2019aquesta rigidesa. Es dona amb freq\u00fc\u00e8ncia en pacients amb antecedents familiars, cosa que suggereix un problema gen\u00e8tic. Altres possibles causes s\u00f3n:<\/p>\n\n\n\n<ul class=\"wp-block-list\">\n<li><a href=\"https:\/\/www.mgc.es\/ca\/blog\/prevencio-de-les-infeccions-dorella\/\">Infeccions<\/a> virals, com ara el xarampi\u00f3<\/li>\n\n\n\n<li>Factors hormonals. Per exemple, pot empitjorar durant l\u2019embar\u00e0s.<\/li>\n\n\n\n<li>Problemes del sistema immunitari, quan per error l\u2019organisme ataca el sistema auditiu.<\/li>\n<\/ul>\n\n\n\n<h3 class=\"wp-block-heading\"><strong>Presbiac\u00fasia<\/strong><\/h3>\n\n\n\n<p>\u00c9s la sordesa produ\u00efda per l\u2019envelliment. El problema avan\u00e7a progressivament i afecta tots dos sentits. Normalment es presenta amb la impossibilitat de sentir sons aguts i incomoditat en ambients sorollosos, com reunions amb converses creuades.<\/p>\n\n\n\n<h3 class=\"wp-block-heading\"><strong>Malaltia de M\u00e9ni\u00e8re<\/strong><\/h3>\n\n\n\n<p>\u00c9s un problema cr\u00f2nic que afecta l\u2019o\u00efda interna. Sol produir vertigen (<a href=\"https:\/\/www.cun.es\/enfermedades-tratamientos\/enfermedades\/enfermedad-meniere\">vertigen de M\u00e9ni\u00e8re<\/a>) i normalment va acompanyada de molestos brunzits (ac\u00fafens) que s\u00f3n percepcions de sons que no existeixen en realitat.<\/p>\n\n\n\n<p>Tamb\u00e9 provoca p\u00e8rdua auditiva intermitent, que va i ve, i una sensaci\u00f3 de pressi\u00f3 a l\u2019o\u00efda.<\/p>\n\n\n\n<h3 class=\"wp-block-heading\"><strong>Sordesa sobtada<\/strong><\/h3>\n\n\n\n<p>O <a href=\"https:\/\/www.msdmanuals.com\/es\/hogar\/trastornos-otorrinolaringol%C3%B3gicos\/p%C3%A9rdida-de-audici%C3%B3n-y-sordera\/p%C3%A9rdida-de-audici%C3%B3n-s%C3%BAbita\">hipoac\u00fasia sobtada<\/a>. Sol afectar una de les o\u00efdes i genera una p\u00e8rdua auditiva que pot ser total al costat afectat. No se\u2019n coneixen les causes, que podrien ser manca de reg sanguini, un problema neurol\u00f2gic (falta de transmissi\u00f3 del so pel nervi auditiu) o un virus.<\/p>\n\n\n\n<h3 class=\"wp-block-heading\"><strong>Neuritis vestibular<\/strong><\/h3>\n\n\n\n<p>Sovint est\u00e0 causada per un virus i no afecta l\u2019audici\u00f3. \u00c9s una <a href=\"https:\/\/www.cun.es\/diccionario-medico\/terminos\/neuronitis-vestibular\">inflamaci\u00f3<\/a> del nervi vestibular, responsable de l\u2019equilibri, i genera mareig, n\u00e0usees i manca d\u2019equilibri.<\/p>\n\n\n\n<h3 class=\"wp-block-heading\"><strong>Otitis externa<\/strong><\/h3>\n\n\n\n<p>\u00c9s una inflamaci\u00f3 del conducte de l\u2019o\u00efda externa, causada per una infecci\u00f3 per fongs o bacteris. Pot obturar completament el conducte. Pot ser molt dolorosa i provocar picor i febre, a m\u00e9s de secrecions purulentes.<\/p>\n\n\n\n<h3 class=\"wp-block-heading\"><strong>Un tap de cera<\/strong><\/h3>\n\n\n\n<p>Es produeix per una acumulaci\u00f3 excessiva de cerumen. Pot ser un problema cong\u00e8nit. L\u2019\u00fas de \u201cbastonets\u201d (aquests pals per netejar \u2014suposadament\u2014 l\u2019o\u00efda externa) normalment el que aconsegueixen \u00e9s emp\u00e8nyer el <a href=\"https:\/\/www.mgc.es\/ca\/blog\/com-evitem-el-cerumen-a-les-orelles\/\">cerumen<\/a> cap al timp\u00e0, de manera que acaben obstruint el conducte auditiu.<\/p>\n\n\n\n<p>No te l\u2019has d\u2019intentar treure; ha de ser un otorinolaring\u00f2leg qui ho faci.<\/p>\n\n\n\n<h3 class=\"wp-block-heading\"><strong>Otitis mitjana<\/strong><\/h3>\n\n\n\n<p>L\u2019<a href=\"https:\/\/www.mgc.es\/ca\/blog\/otitis-em-fa-mal-lorella\/\">otitis<\/a> mitjana \u00e9s la inflamaci\u00f3 de l\u2019o\u00efda mitjana, produ\u00efda generalment per una infecci\u00f3. \u00c9s freq\u00fcent en infants i produeix dolor, febre, p\u00e8rdua d\u2019audici\u00f3 i possibles secrecions, fins i tot amb sang.<\/p>\n\n\n\n<h3 class=\"wp-block-heading\"><strong>Perforaci\u00f3 del timp\u00e0<\/strong><\/h3>\n\n\n\n<p>Hi ha diverses causes que poden provocar la <a href=\"https:\/\/www.mayoclinic.org\/es\/diseases-conditions\/ruptured-eardrum\/symptoms-causes\/syc-20351879\">perforaci\u00f3<\/a>:<\/p>\n\n\n\n<ul class=\"wp-block-list\">\n<li>Introducci\u00f3 d\u2019un objecte punxant<\/li>\n\n\n\n<li>Canvis bruscos de pressi\u00f3<\/li>\n\n\n\n<li>Una infecci\u00f3<\/li>\n<\/ul>\n\n\n\n<p>\u00c9s molt dolorosa i provoca p\u00e8rdua auditiva, amb secrecions l\u00edquides.<\/p>\n\n\n\n<h2 class=\"wp-block-heading\"><span class=\"ez-toc-section\" id=\"Prevencio_de_problemes_auditius\"><\/span><strong>Prevenci\u00f3 de problemes auditius<\/strong><span class=\"ez-toc-section-end\"><\/span><\/h2>\n\n\n\n<ul class=\"wp-block-list\">\n<li>No escoltis m\u00fasica o altres sons a volum alt amb auriculars. Aqu\u00ed pot regir una regla, la del 60\/60: mantenir el volum a un m\u00e0xim del 60% de la capacitat de l\u2019aparell i no utilitzar-lo m\u00e9s de 60 minuts<\/li>\n\n\n\n<li>Protegeix les o\u00efdes en ambients sorollosos. Utilitza un casc protector homologat que redueixi els sorolls del teu entorn: f\u00e0briques, aeroports, zones de construcci\u00f3. No t\u2019exposis a sorolls forts<\/li>\n\n\n\n<li>No introdueixis res a les o\u00efdes. Aix\u00f2 inclou aquests bastonets de cot\u00f3 de qu\u00e8 ja hem parlat<\/li>\n\n\n\n<li>Davant qualsevol mol\u00e8stia a una o\u00efda, acudeix al metge que, eventualment, et podria derivar a un especialista en otorinolaringologia<\/li>\n\n\n\n<li>Tingues cura de tu mateix. Aix\u00f2, que ja has de fer per la teva salut general, inclou tamb\u00e9 les o\u00efdes. No fumis i, si ets diab\u00e8tic o tens predisposici\u00f3 a gluc\u00e8mia elevada (nivell de sucre en sang), controla-la amb cura. Igualment, una circulaci\u00f3 sangu\u00ednia correcta t\u2019ajudar\u00e0 amb la salut dels nervis auditius.<\/li>\n<\/ul>\n\n\n\n<h2 class=\"wp-block-heading\"><span class=\"ez-toc-section\" id=\"Bibliografia\"><\/span>Bibliografia<span class=\"ez-toc-section-end\"><\/span><\/h2>\n\n\n\n<p><a href=\"https:\/\/universidadeuropea.com\/blog\/prevenir-problemas-auditivos-poblacion\/\">Com prevenir problemes auditius<\/a> (Universitat Europea)<br><a href=\"https:\/\/medlineplus.gov\/spanish\/hearingdisordersanddeafness.html\">Problemes d\u2019audici\u00f3<\/a> (MedLine Plus)<\/p>\n","protected":false},"excerpt":{"rendered":"<p>L\u2019o\u00efda \u00e9s un dels cinc sentits, i resulta important\u00edssima per mantenir el contacte amb l\u2019exterior. \u00c9s cert que la p\u00e8rdua de la vista, \u00e9s a dir la ceguesa, \u00e9s possiblement el darrer sentit al qual tots renunciar\u00edem. Per\u00f2 no \u00e9s menys cert que l\u2019audici\u00f3 \u00e9s un vehicle de comunicaci\u00f3 de primer ordre i la seva [&hellip;]<\/p>\n","protected":false},"author":3,"featured_media":36508,"comment_status":"closed","ping_status":"closed","sticky":false,"template":"","format":"standard","meta":{"footnotes":""},"categories":[999,15],"tags":[],"class_list":["post-36518","post","type-post","status-publish","format-standard","has-post-thumbnail","hentry","category-otorrinolaringologia","category-salut"],"featured_image_src":"https:\/\/www.mgc.es\/wp-content\/uploads\/2025\/09\/sonotone.jpg","author_info":{"display_name":"Revista Inter\u00e8s Mutu","author_link":"https:\/\/www.mgc.es\/ca\/blog\/author\/interesmutu\/"},"yoast_head":"<!-- This site is optimized with the Yoast SEO plugin v27.2 - https:\/\/yoast.com\/product\/yoast-seo-wordpress\/ -->\n<title>Com prevenir problemes auditius - MGC M\u00fatua<\/title>\n<meta name=\"description\" content=\"L\u2019o\u00efda \u00e9s un dels cinc sentits, i resulta important\u00edssima per mantenir el contacte amb l\u2019exterior. \u00c9s cert que la p\u00e8rdua de la vista, \u00e9s a dir la ceguesa, \u00e9s possiblement el darrer sentit al qual tots renunciar\u00edem. Per\u00f2 no \u00e9s menys cert que l\u2019audici\u00f3 \u00e9s un vehicle de comunicaci\u00f3 de primer ordre i la seva p\u00e8rdua (la sordesa) va generant un problema d\u2019a\u00efllament a qui la pateix, a\u00efllament que pot derivar en un problema de soledat cr\u00f2nica.\" \/>\n<meta name=\"robots\" content=\"index, follow, max-snippet:-1, max-image-preview:large, max-video-preview:-1\" \/>\n<link rel=\"canonical\" href=\"https:\/\/www.mgc.es\/ca\/blog\/com-prevenir-problemes-auditius\/\" \/>\n<meta property=\"og:locale\" content=\"ca_ES\" \/>\n<meta property=\"og:type\" content=\"article\" \/>\n<meta property=\"og:title\" content=\"Com prevenir problemes auditius - MGC M\u00fatua\" \/>\n<meta property=\"og:description\" content=\"L\u2019o\u00efda \u00e9s un dels cinc sentits, i resulta important\u00edssima per mantenir el contacte amb l\u2019exterior. \u00c9s cert que la p\u00e8rdua de la vista, \u00e9s a dir la ceguesa, \u00e9s possiblement el darrer sentit al qual tots renunciar\u00edem. Per\u00f2 no \u00e9s menys cert que l\u2019audici\u00f3 \u00e9s un vehicle de comunicaci\u00f3 de primer ordre i la seva p\u00e8rdua (la sordesa) va generant un problema d\u2019a\u00efllament a qui la pateix, a\u00efllament que pot derivar en un problema de soledat cr\u00f2nica.\" \/>\n<meta property=\"og:url\" content=\"https:\/\/www.mgc.es\/ca\/blog\/com-prevenir-problemes-auditius\/\" \/>\n<meta property=\"og:site_name\" content=\"MGC M\u00fatua\" \/>\n<meta property=\"article:publisher\" content=\"https:\/\/www.facebook.com\/mgcmutua\" \/>\n<meta property=\"article:published_time\" content=\"2025-11-06T07:21:00+00:00\" \/>\n<meta property=\"og:image\" content=\"https:\/\/www.mgc.es\/wp-content\/uploads\/2025\/09\/sonotone.jpg\" \/>\n\t<meta property=\"og:image:width\" content=\"800\" \/>\n\t<meta property=\"og:image:height\" content=\"533\" \/>\n\t<meta property=\"og:image:type\" content=\"image\/jpeg\" \/>\n<meta name=\"author\" content=\"Revista Inter\u00e8s Mutu\" \/>\n<meta name=\"twitter:card\" content=\"summary_large_image\" \/>\n<meta name=\"twitter:creator\" content=\"@mgcmutua\" \/>\n<meta name=\"twitter:site\" content=\"@mgcmutua\" \/>\n<meta name=\"twitter:label1\" content=\"Escrit per\" \/>\n\t<meta name=\"twitter:data1\" content=\"Revista Inter\u00e8s Mutu\" \/>\n\t<meta name=\"twitter:label2\" content=\"Temps estimat de lectura\" \/>\n\t<meta name=\"twitter:data2\" content=\"4 minuts\" \/>\n<!-- \/ Yoast SEO plugin. -->","yoast_head_json":{"title":"Com prevenir problemes auditius - MGC M\u00fatua","description":"L\u2019o\u00efda \u00e9s un dels cinc sentits, i resulta important\u00edssima per mantenir el contacte amb l\u2019exterior. \u00c9s cert que la p\u00e8rdua de la vista, \u00e9s a dir la ceguesa, \u00e9s possiblement el darrer sentit al qual tots renunciar\u00edem. Per\u00f2 no \u00e9s menys cert que l\u2019audici\u00f3 \u00e9s un vehicle de comunicaci\u00f3 de primer ordre i la seva p\u00e8rdua (la sordesa) va generant un problema d\u2019a\u00efllament a qui la pateix, a\u00efllament que pot derivar en un problema de soledat cr\u00f2nica.","robots":{"index":"index","follow":"follow","max-snippet":"max-snippet:-1","max-image-preview":"max-image-preview:large","max-video-preview":"max-video-preview:-1"},"canonical":"https:\/\/www.mgc.es\/ca\/blog\/com-prevenir-problemes-auditius\/","og_locale":"ca_ES","og_type":"article","og_title":"Com prevenir problemes auditius - MGC M\u00fatua","og_description":"L\u2019o\u00efda \u00e9s un dels cinc sentits, i resulta important\u00edssima per mantenir el contacte amb l\u2019exterior. \u00c9s cert que la p\u00e8rdua de la vista, \u00e9s a dir la ceguesa, \u00e9s possiblement el darrer sentit al qual tots renunciar\u00edem. Per\u00f2 no \u00e9s menys cert que l\u2019audici\u00f3 \u00e9s un vehicle de comunicaci\u00f3 de primer ordre i la seva p\u00e8rdua (la sordesa) va generant un problema d\u2019a\u00efllament a qui la pateix, a\u00efllament que pot derivar en un problema de soledat cr\u00f2nica.","og_url":"https:\/\/www.mgc.es\/ca\/blog\/com-prevenir-problemes-auditius\/","og_site_name":"MGC M\u00fatua","article_publisher":"https:\/\/www.facebook.com\/mgcmutua","article_published_time":"2025-11-06T07:21:00+00:00","og_image":[{"width":800,"height":533,"url":"https:\/\/www.mgc.es\/wp-content\/uploads\/2025\/09\/sonotone.jpg","type":"image\/jpeg"}],"author":"Revista Inter\u00e8s Mutu","twitter_card":"summary_large_image","twitter_creator":"@mgcmutua","twitter_site":"@mgcmutua","twitter_misc":{"Escrit per":"Revista Inter\u00e8s Mutu","Temps estimat de lectura":"4 minuts"},"schema":{"@context":"https:\/\/schema.org","@graph":[{"@type":["Article","BlogPosting"],"@id":"https:\/\/www.mgc.es\/ca\/blog\/com-prevenir-problemes-auditius\/#article","isPartOf":{"@id":"https:\/\/www.mgc.es\/ca\/blog\/com-prevenir-problemes-auditius\/"},"author":{"name":"Revista Inter\u00e8s Mutu","@id":"https:\/\/www.mgc.es\/#\/schema\/person\/010c961d9c9acf38f11187a02b646c16"},"headline":"Com prevenir problemes auditius","datePublished":"2025-11-06T07:21:00+00:00","mainEntityOfPage":{"@id":"https:\/\/www.mgc.es\/ca\/blog\/com-prevenir-problemes-auditius\/"},"wordCount":793,"publisher":{"@id":"https:\/\/www.mgc.es\/#organization"},"image":{"@id":"https:\/\/www.mgc.es\/ca\/blog\/com-prevenir-problemes-auditius\/#primaryimage"},"thumbnailUrl":"https:\/\/www.mgc.es\/wp-content\/uploads\/2025\/09\/sonotone.jpg","articleSection":["Otorrinolaringologia","Salut i medicina"],"inLanguage":"ca"},{"@type":["WebPage","ItemPage"],"@id":"https:\/\/www.mgc.es\/ca\/blog\/com-prevenir-problemes-auditius\/","url":"https:\/\/www.mgc.es\/ca\/blog\/com-prevenir-problemes-auditius\/","name":"Com prevenir problemes auditius - MGC M\u00fatua","isPartOf":{"@id":"https:\/\/www.mgc.es\/#website"},"primaryImageOfPage":{"@id":"https:\/\/www.mgc.es\/ca\/blog\/com-prevenir-problemes-auditius\/#primaryimage"},"image":{"@id":"https:\/\/www.mgc.es\/ca\/blog\/com-prevenir-problemes-auditius\/#primaryimage"},"thumbnailUrl":"https:\/\/www.mgc.es\/wp-content\/uploads\/2025\/09\/sonotone.jpg","datePublished":"2025-11-06T07:21:00+00:00","description":"L\u2019o\u00efda \u00e9s un dels cinc sentits, i resulta important\u00edssima per mantenir el contacte amb l\u2019exterior. \u00c9s cert que la p\u00e8rdua de la vista, \u00e9s a dir la ceguesa, \u00e9s possiblement el darrer sentit al qual tots renunciar\u00edem. Per\u00f2 no \u00e9s menys cert que l\u2019audici\u00f3 \u00e9s un vehicle de comunicaci\u00f3 de primer ordre i la seva p\u00e8rdua (la sordesa) va generant un problema d\u2019a\u00efllament a qui la pateix, a\u00efllament que pot derivar en un problema de soledat cr\u00f2nica.","breadcrumb":{"@id":"https:\/\/www.mgc.es\/ca\/blog\/com-prevenir-problemes-auditius\/#breadcrumb"},"inLanguage":"ca","potentialAction":[{"@type":"ReadAction","target":["https:\/\/www.mgc.es\/ca\/blog\/com-prevenir-problemes-auditius\/"]}]},{"@type":"ImageObject","inLanguage":"ca","@id":"https:\/\/www.mgc.es\/ca\/blog\/com-prevenir-problemes-auditius\/#primaryimage","url":"https:\/\/www.mgc.es\/wp-content\/uploads\/2025\/09\/sonotone.jpg","contentUrl":"https:\/\/www.mgc.es\/wp-content\/uploads\/2025\/09\/sonotone.jpg","width":800,"height":533},{"@type":"BreadcrumbList","@id":"https:\/\/www.mgc.es\/ca\/blog\/com-prevenir-problemes-auditius\/#breadcrumb","itemListElement":[{"@type":"ListItem","position":1,"name":"Home","item":"https:\/\/www.mgc.es\/ca\/"},{"@type":"ListItem","position":2,"name":"Com prevenir problemes auditius"}]},{"@type":"WebSite","@id":"https:\/\/www.mgc.es\/#website","url":"https:\/\/www.mgc.es\/","name":"MGC M\u00fatua","description":"MGC M\u00fatua \u00e9s una entitat asseguradora sense \u00e0nim de lucre constitu\u00efda al 1982 i especialitzada en assegurances de salut i assist\u00e8ncia.","publisher":{"@id":"https:\/\/www.mgc.es\/#organization"},"alternateName":"MGC","potentialAction":[{"@type":"SearchAction","target":{"@type":"EntryPoint","urlTemplate":"https:\/\/www.mgc.es\/?s={search_term_string}"},"query-input":{"@type":"PropertyValueSpecification","valueRequired":true,"valueName":"search_term_string"}}],"inLanguage":"ca"},{"@type":"Organization","@id":"https:\/\/www.mgc.es\/#organization","name":"MGC Mutua","alternateName":"MGC","url":"https:\/\/www.mgc.es\/","logo":{"@type":"ImageObject","inLanguage":"ca","@id":"https:\/\/www.mgc.es\/#\/schema\/logo\/image\/","url":"https:\/\/www.mgc.es\/wp-content\/uploads\/2020\/03\/mgcmutua_h2_2t_reduccions.png","contentUrl":"https:\/\/www.mgc.es\/wp-content\/uploads\/2020\/03\/mgcmutua_h2_2t_reduccions.png","width":303,"height":165,"caption":"MGC Mutua"},"image":{"@id":"https:\/\/www.mgc.es\/#\/schema\/logo\/image\/"},"sameAs":["https:\/\/www.facebook.com\/mgcmutua","https:\/\/x.com\/mgcmutua","https:\/\/www.youtube.com\/c\/MGCMutua"]},{"@type":"Person","@id":"https:\/\/www.mgc.es\/#\/schema\/person\/010c961d9c9acf38f11187a02b646c16","name":"Revista Inter\u00e8s Mutu","image":{"@type":"ImageObject","inLanguage":"ca","@id":"https:\/\/secure.gravatar.com\/avatar\/52302d684339b9d7bf5691e2ad00835d62ce3b4a435f21ca9f21fbe39c63cb1b?s=96&d=mm&r=g","url":"https:\/\/secure.gravatar.com\/avatar\/52302d684339b9d7bf5691e2ad00835d62ce3b4a435f21ca9f21fbe39c63cb1b?s=96&d=mm&r=g","contentUrl":"https:\/\/secure.gravatar.com\/avatar\/52302d684339b9d7bf5691e2ad00835d62ce3b4a435f21ca9f21fbe39c63cb1b?s=96&d=mm&r=g","caption":"Revista Inter\u00e8s Mutu"}}]}},"_links":{"self":[{"href":"https:\/\/www.mgc.es\/ca\/wp-json\/wp\/v2\/posts\/36518","targetHints":{"allow":["GET"]}}],"collection":[{"href":"https:\/\/www.mgc.es\/ca\/wp-json\/wp\/v2\/posts"}],"about":[{"href":"https:\/\/www.mgc.es\/ca\/wp-json\/wp\/v2\/types\/post"}],"author":[{"embeddable":true,"href":"https:\/\/www.mgc.es\/ca\/wp-json\/wp\/v2\/users\/3"}],"replies":[{"embeddable":true,"href":"https:\/\/www.mgc.es\/ca\/wp-json\/wp\/v2\/comments?post=36518"}],"version-history":[{"count":3,"href":"https:\/\/www.mgc.es\/ca\/wp-json\/wp\/v2\/posts\/36518\/revisions"}],"predecessor-version":[{"id":37021,"href":"https:\/\/www.mgc.es\/ca\/wp-json\/wp\/v2\/posts\/36518\/revisions\/37021"}],"wp:featuredmedia":[{"embeddable":true,"href":"https:\/\/www.mgc.es\/ca\/wp-json\/wp\/v2\/media\/36508"}],"wp:attachment":[{"href":"https:\/\/www.mgc.es\/ca\/wp-json\/wp\/v2\/media?parent=36518"}],"wp:term":[{"taxonomy":"category","embeddable":true,"href":"https:\/\/www.mgc.es\/ca\/wp-json\/wp\/v2\/categories?post=36518"},{"taxonomy":"post_tag","embeddable":true,"href":"https:\/\/www.mgc.es\/ca\/wp-json\/wp\/v2\/tags?post=36518"}],"curies":[{"name":"wp","href":"https:\/\/api.w.org\/{rel}","templated":true}]}}