{"id":36296,"date":"2025-09-02T09:00:00","date_gmt":"2025-09-02T07:00:00","guid":{"rendered":"https:\/\/www.mgc.es\/?p=36296"},"modified":"2025-08-04T12:10:19","modified_gmt":"2025-08-04T10:10:19","slug":"tipus-protesis-maluc","status":"publish","type":"post","link":"https:\/\/www.mgc.es\/ca\/blog\/tipus-protesis-maluc\/","title":{"rendered":"Quins tipus de pr\u00f2tesis de maluc existeixen i quina \u00e9s la millor per a tu?"},"content":{"rendered":"<div id=\"ez-toc-container\" class=\"ez-toc-v2_0_82_1 counter-hierarchy ez-toc-counter ez-toc-custom ez-toc-container-direction\">\n<div class=\"ez-toc-title-container\"><p class=\"ez-toc-title\" style=\"cursor:inherit\">\u00cdndex de continguts<\/p>\n<\/div><nav><ul class='ez-toc-list ez-toc-list-level-1 ' ><li class='ez-toc-page-1 ez-toc-heading-level-2'><a class=\"ez-toc-link ez-toc-heading-1\" href=\"https:\/\/www.mgc.es\/ca\/blog\/tipus-protesis-maluc\/#Que_es_una_protesi_de_maluc_i_quan_es_recomana\" >Qu\u00e8 \u00e9s una pr\u00f2tesi de maluc i quan es recomana?<\/a><\/li><li class='ez-toc-page-1 ez-toc-heading-level-2'><a class=\"ez-toc-link ez-toc-heading-2\" href=\"https:\/\/www.mgc.es\/ca\/blog\/tipus-protesis-maluc\/#Tipus_de_protesis_de_maluc_segons_el_grau_de_substitucio\" >Tipus de pr\u00f2tesis de maluc segons el grau de substituci\u00f3<\/a><\/li><li class='ez-toc-page-1 ez-toc-heading-level-2'><a class=\"ez-toc-link ez-toc-heading-3\" href=\"https:\/\/www.mgc.es\/ca\/blog\/tipus-protesis-maluc\/#Tipus_de_protesis_de_maluc_segons_el_sistema_de_fixacio\" >Tipus de pr\u00f2tesis de maluc segons el sistema de fixaci\u00f3<\/a><\/li><li class='ez-toc-page-1 ez-toc-heading-level-2'><a class=\"ez-toc-link ez-toc-heading-4\" href=\"https:\/\/www.mgc.es\/ca\/blog\/tipus-protesis-maluc\/#Tipus_de_protesis_de_maluc_segons_el_material\" >Tipus de pr\u00f2tesis de maluc segons el material<\/a><\/li><li class='ez-toc-page-1 ez-toc-heading-level-2'><a class=\"ez-toc-link ez-toc-heading-5\" href=\"https:\/\/www.mgc.es\/ca\/blog\/tipus-protesis-maluc\/#Quin_tipus_de_protesi_es_millor_en_cada_cas\" >Quin tipus de pr\u00f2tesi \u00e9s millor en cada cas?<\/a><\/li><li class='ez-toc-page-1 ez-toc-heading-level-2'><a class=\"ez-toc-link ez-toc-heading-6\" href=\"https:\/\/www.mgc.es\/ca\/blog\/tipus-protesis-maluc\/#Recuperacio_i_cures_despres_de_la_implantacio_duna_protesi_de_maluc\" >Recuperaci\u00f3 i cures despr\u00e9s de la implantaci\u00f3 d\u2019una pr\u00f2tesi de maluc<\/a><\/li><li class='ez-toc-page-1 ez-toc-heading-level-2'><a class=\"ez-toc-link ez-toc-heading-7\" href=\"https:\/\/www.mgc.es\/ca\/blog\/tipus-protesis-maluc\/#Preguntes_frequents_sobre_les_protesis_de_maluc\" >Preguntes freq\u00fcents sobre les pr\u00f2tesis de maluc<\/a><\/li><li class='ez-toc-page-1 ez-toc-heading-level-2'><a class=\"ez-toc-link ez-toc-heading-8\" href=\"https:\/\/www.mgc.es\/ca\/blog\/tipus-protesis-maluc\/#A_MGC_cuidem_les_teves_articulacions_en_totes_les_etapes_de_la_teva_vida\" >A MGC cuidem les teves articulacions en totes les etapes de la teva vida<\/a><\/li><\/ul><\/nav><\/div>\n\n<p>La col\u00b7locaci\u00f3 de pr\u00f2tesis \u00e9s una intervenci\u00f3 que permet recuperar la mobilitat i reduir el dolor en persones amb artrosi, fractures o desgast articular avan\u00e7at. Tanmateix, cal tenir en compte diferents aspectes per triar entre els diversos tipus de pr\u00f2tesis de maluc. Per exemple, factors m\u00e8dics, l\u2019edat del pacient, l\u2019estil de vida i la qualitat de l\u2019os.<\/p>\n\n\n\n<h2 class=\"wp-block-heading\"><span class=\"ez-toc-section\" id=\"Que_es_una_protesi_de_maluc_i_quan_es_recomana\"><\/span>Qu\u00e8 \u00e9s una pr\u00f2tesi de maluc i quan es recomana?<span class=\"ez-toc-section-end\"><\/span><\/h2>\n\n\n\n<p>Una pr\u00f2tesi de maluc \u00e9s un <strong>implant artificial que substitueix parcialment o totalment l\u2019articulaci\u00f3 del maluc<\/strong>. Aquesta intervenci\u00f3 sol recomanar-se quan el dolor limita la mobilitat de manera considerable i els tractaments conservadors no funcionen. A m\u00e9s, el desgast articular ja \u00e9s irreversible.<\/p>\n\n\n\n<figure class=\"wp-block-image size-large\"><img loading=\"lazy\" decoding=\"async\" width=\"880\" height=\"587\" src=\"https:\/\/www.mgc.es\/wp-content\/uploads\/2025\/08\/dolor-cadera-reduce-movilidad-880x587.jpg\" alt=\"Dolor de cadera que reduce la movilidad\" class=\"wp-image-36291\" srcset=\"https:\/\/www.mgc.es\/wp-content\/uploads\/2025\/08\/dolor-cadera-reduce-movilidad-880x587.jpg 880w, https:\/\/www.mgc.es\/wp-content\/uploads\/2025\/08\/dolor-cadera-reduce-movilidad-440x293.jpg 440w, https:\/\/www.mgc.es\/wp-content\/uploads\/2025\/08\/dolor-cadera-reduce-movilidad-768x512.jpg 768w, https:\/\/www.mgc.es\/wp-content\/uploads\/2025\/08\/dolor-cadera-reduce-movilidad-scaled.jpg 1024w\" sizes=\"auto, (max-width: 880px) 100vw, 880px\" \/><\/figure>\n\n\n\n<p>Sol ser el cas de l\u2019<strong>artrosi avan\u00e7ada, necrosi del cap femoral, fractures complexes, displ\u00e0sies o malalties reumatol\u00f2giques<\/strong>. La cirurgia tamb\u00e9 pot ser necess\u00e0ria despr\u00e9s d\u2019un traumatisme o quan s\u2019ha produ\u00eft un <a href=\"https:\/\/www.cun.es\/enfermedades-tratamientos\/enfermedades\/choque-femoroacetabular\">xoc femoroacetabular<\/a>, que causa <a href=\"https:\/\/www.mgc.es\/ca\/blog\/em-fan-mal-els-malucs-tinc-xoc-femoroacetabular-xfa\/\">dolor de maluc<\/a> persistent.<\/p>\n\n\n\n<h2 class=\"wp-block-heading\"><span class=\"ez-toc-section\" id=\"Tipus_de_protesis_de_maluc_segons_el_grau_de_substitucio\"><\/span>Tipus de pr\u00f2tesis de maluc segons el grau de substituci\u00f3<span class=\"ez-toc-section-end\"><\/span><\/h2>\n\n\n\n<p>En funci\u00f3 de quines siguin les parts de l\u2019articulaci\u00f3 a substituir, hi ha tres grans categories:<\/p>\n\n\n\n<ul class=\"wp-block-list\">\n<li><strong>Pr\u00f2tesi total de maluc.<\/strong> Substitueix tant el cap del f\u00e8mur com l\u2019acet\u00e0bul, que \u00e9s la cavitat de la pelvis. \u00c9s la m\u00e9s habitual en pacients amb artrosi severa o dany estructural complet.<\/li>\n\n\n\n<li><strong>Pr\u00f2tesi parcial de maluc.<\/strong> Tamb\u00e9 coneguda com a mitja pr\u00f2tesi de maluc, substitueix nom\u00e9s el cap femoral. S\u2019utilitza en fractures del coll femoral en persones grans.<\/li>\n\n\n\n<li><strong>Pr\u00f2tesi de superf\u00edcie.<\/strong> \u00c9s menys invasiva i conserva m\u00e9s os, tot i que el seu \u00fas ha disminu\u00eft per complicacions associades a certs materials.<\/li>\n<\/ul>\n\n\n\n<p>Con\u00e8ixer la difer\u00e8ncia entre pr\u00f2tesi total i parcial de maluc ajuda a entendre per qu\u00e8 se\u2019n tria una o altra en funci\u00f3 de l\u2019edat, l\u2019estat ossi i la causa de la lesi\u00f3.<\/p>\n\n\n\n<h2 class=\"wp-block-heading\"><span class=\"ez-toc-section\" id=\"Tipus_de_protesis_de_maluc_segons_el_sistema_de_fixacio\"><\/span>Tipus de pr\u00f2tesis de maluc segons el sistema de fixaci\u00f3<span class=\"ez-toc-section-end\"><\/span><\/h2>\n\n\n\n<p>Les pr\u00f2tesis es poden fixar a l\u2019os de diferents maneres:<\/p>\n\n\n\n<ul class=\"wp-block-list\">\n<li><strong>Pr\u00f2tesi cimentada.<\/strong> S\u2019adherix a l\u2019os mitjan\u00e7ant un ciment quir\u00fargic. Sol indicar-se en persones grans amb ossos m\u00e9s fr\u00e0gils o poca capacitat de regeneraci\u00f3.<\/li>\n\n\n\n<li><strong>Pr\u00f2tesi de maluc no cimentada.<\/strong> S\u2019implanta sense ciment i l\u2019os creix al voltant de l\u2019implant. Requereix un bon estat ossi, per aix\u00f2 es recomana en pacients m\u00e9s joves i actius.<\/li>\n\n\n\n<li><strong>Pr\u00f2tesi h\u00edbrida de maluc.<\/strong> Combina tots dos sistemes. El component femoral no cimentat i l\u2019acetabular cimentat, o a l\u2019inrev\u00e9s.<\/li>\n<\/ul>\n\n\n\n<figure class=\"wp-block-image size-large\"><img loading=\"lazy\" decoding=\"async\" width=\"880\" height=\"587\" src=\"https:\/\/www.mgc.es\/wp-content\/uploads\/2025\/07\/tipos-protesis-cadera-2-880x587.jpg\" alt=\"Qu\u00e9 tipos de pr\u00f3tesis de cadera existen y cu\u00e1l es la mejor para ti\" class=\"wp-image-36289\" srcset=\"https:\/\/www.mgc.es\/wp-content\/uploads\/2025\/07\/tipos-protesis-cadera-2-880x587.jpg 880w, https:\/\/www.mgc.es\/wp-content\/uploads\/2025\/07\/tipos-protesis-cadera-2-440x293.jpg 440w, https:\/\/www.mgc.es\/wp-content\/uploads\/2025\/07\/tipos-protesis-cadera-2-768x512.jpg 768w, https:\/\/www.mgc.es\/wp-content\/uploads\/2025\/07\/tipos-protesis-cadera-2-scaled.jpg 1024w\" sizes=\"auto, (max-width: 880px) 100vw, 880px\" \/><\/figure>\n\n\n\n<h3 class=\"wp-block-heading\">Quins factors determinen el tipus de fixaci\u00f3?<\/h3>\n\n\n\n<p>Els factors a considerar s\u00f3n l\u2019edat del pacient, el nivell d\u2019activitat f\u00edsica, la qualitat de l\u2019os i l\u2019exist\u00e8ncia de patologies pr\u00e8vies. Tamb\u00e9 es valora el pron\u00f2stic a llarg termini i la necessitat de revisions quir\u00fargiques.<\/p>\n\n\n\n<h2 class=\"wp-block-heading\"><span class=\"ez-toc-section\" id=\"Tipus_de_protesis_de_maluc_segons_el_material\"><\/span>Tipus de pr\u00f2tesis de maluc segons el material<span class=\"ez-toc-section-end\"><\/span><\/h2>\n\n\n\n<p>Els materials dels diferents tipus de pr\u00f2tesis de maluc influeixen en la durabilitat i la compatibilitat amb el cos. Cal tenir en compte l\u2019edat, al\u00b7l\u00e8rgies i nivell d\u2019activitat. Els m\u00e9s comuns s\u00f3n:<\/p>\n\n\n\n<ul class=\"wp-block-list\">\n<li><strong>Metall-metall.<\/strong> Resistents, per\u00f2 s\u2019utilitzen menys per la possible alliberaci\u00f3 d\u2019ions met\u00e0l\u00b7lics.<\/li>\n\n\n\n<li><strong>Metall-polietil\u00e8.<\/strong> Opci\u00f3 segura i duradora.<\/li>\n\n\n\n<li><strong>Cer\u00e0mica-cer\u00e0mica.<\/strong> Molt resistents al desgast, recomanades per a persones joves.<\/li>\n\n\n\n<li><strong>Cer\u00e0mica-polietil\u00e8.<\/strong> Bona durabilitat i baix risc de reacci\u00f3 al\u00b7l\u00e8rgica.<\/li>\n\n\n\n<li><strong>Pr\u00f2tesis de maluc de titani.<\/strong> Lleugeres, biocompatibles i de gran durabilitat. S\u00f3n una de les preferides en les cirurgies modernes.<\/li>\n<\/ul>\n\n\n\n<h2 class=\"wp-block-heading\"><span class=\"ez-toc-section\" id=\"Quin_tipus_de_protesi_es_millor_en_cada_cas\"><\/span>Quin tipus de pr\u00f2tesi \u00e9s millor en cada cas?<span class=\"ez-toc-section-end\"><\/span><\/h2>\n\n\n\n<p>No hi ha una \u00fanica resposta a la pregunta de quina \u00e9s la millor pr\u00f2tesi de maluc, ja que dep\u00e8n del perfil del pacient. En general:<\/p>\n\n\n\n<ul class=\"wp-block-list\">\n<li><strong>Majors de 70 anys:<\/strong> pr\u00f2tesis cimentades i de polietil\u00e8.<\/li>\n\n\n\n<li><strong>Adults joves i actius:<\/strong> pr\u00f2tesis no cimentades o h\u00edbrides, amb components cer\u00e0mics o de titani.<\/li>\n\n\n\n<li><strong>Pacients amb os fr\u00e0gil:<\/strong> sol optar-se per una pr\u00f2tesi cimentada.<\/li>\n<\/ul>\n\n\n\n<p>En qualsevol cas, \u00e9s important comptar amb un equip m\u00e8dic especialitzat que valori els tipus d\u2019artropl\u00e0stia de maluc disponibles segons el diagn\u00f2stic. Tamb\u00e9 \u00e9s important informar-se sobre la <a href=\"https:\/\/www.mgc.es\/ca\/cobertures\/protesis\/\">cobertura en pr\u00f2tesis<\/a>, ja que algunes assegurances m\u00e8diques ofereixen garanties espec\u00edfiques per a certs tipus de fixaci\u00f3 o recanvis.<\/p>\n\n\n\n<h2 class=\"wp-block-heading\"><span class=\"ez-toc-section\" id=\"Recuperacio_i_cures_despres_de_la_implantacio_duna_protesi_de_maluc\"><\/span>Recuperaci\u00f3 i cures despr\u00e9s de la implantaci\u00f3 d\u2019una pr\u00f2tesi de maluc<span class=\"ez-toc-section-end\"><\/span><\/h2>\n\n\n\n<p>La recuperaci\u00f3 varia segons la intervenci\u00f3 i la salut del pacient. Normalment, es <strong>comen\u00e7a a caminar amb ajuda el mateix dia o l\u2019endem\u00e0 de l\u2019operaci\u00f3<\/strong>. La fisioter\u00e0pia \u00e9s essencial per recuperar la for\u00e7a i la mobilitat.<\/p>\n\n\n\n<p>Les cures postoperat\u00f2ries inclouen mantenir la ferida neta, evitar moviments bruscos, seguir una dieta equilibrada i fer els exercicis indicats. En alguns casos, es pot valorar una <strong><a href=\"https:\/\/www.mgc.es\/downloads\/PDF\/reglaments\/2014\/reglament_protesis_es.pdf\">indemnitzaci\u00f3 per pr\u00f2tesi<\/a><\/strong> si el dany previ est\u00e0 cobert per una p\u00f2lissa o accident laboral.<\/p>\n\n\n\n<h2 class=\"wp-block-heading\"><span class=\"ez-toc-section\" id=\"Preguntes_frequents_sobre_les_protesis_de_maluc\"><\/span>Preguntes freq\u00fcents sobre les pr\u00f2tesis de maluc<span class=\"ez-toc-section-end\"><\/span><\/h2>\n\n\n\n<h3 class=\"wp-block-heading\"><strong>Quan es pot tornar a caminar?<\/strong><\/h3>\n\n\n\n<p>En la majoria dels casos, dins les primeres 24-48 hores despr\u00e9s de la cirurgia i amb suport. A les 6-8 setmanes, normalment s\u2019aconsegueix caminar de forma aut\u00f2noma i sense dolor.<\/p>\n\n\n\n<h3 class=\"wp-block-heading\"><strong>La pr\u00f2tesi es pot afluixar amb els anys?<\/strong><\/h3>\n\n\n\n<p>S\u00ed. Pot passar per desgast o p\u00e8rdua \u00f2ssia, tot i que les millors pr\u00f2tesis de maluc estan dissenyades per durar d\u00e8cades. S\u2019han de fer controls peri\u00f2dics.<\/p>\n\n\n\n<h3 class=\"wp-block-heading\"><strong>Es pot fer esport despr\u00e9s de l\u2019operaci\u00f3?<\/strong><\/h3>\n\n\n\n<p>S\u00ed, per\u00f2 amb limitacions. Es recomana caminar, nedar o anar en bicicleta. Cal evitar esports d\u2019impacte o de contacte.<\/p>\n\n\n\n<h3 class=\"wp-block-heading\"><strong>Cal canviar-la amb el temps?<\/strong><\/h3>\n\n\n\n<p>Pot ser necessari despr\u00e9s de 15-25 anys, segons la pr\u00f2tesi, el material i l\u2019\u00fas. En pacients joves, \u00e9s m\u00e9s probable que calgui un recanvi.<\/p>\n\n\n\n<h2 class=\"wp-block-heading\"><span class=\"ez-toc-section\" id=\"A_MGC_cuidem_les_teves_articulacions_en_totes_les_etapes_de_la_teva_vida\"><\/span>A MGC cuidem les teves articulacions en totes les etapes de la teva vida<span class=\"ez-toc-section-end\"><\/span><\/h2>\n\n\n\n<p>L\u2019elecci\u00f3 d\u2019una pr\u00f2tesi de maluc ha d\u2019estar avalada per un <strong>diagn\u00f2stic individual<\/strong> realitzat per un equip m\u00e8dic especialitzat. A <strong>MGC<\/strong>, especialistes en <a href=\"https:\/\/www.mgc.es\/ca\/assegurances-de-salut\/\">assegurances de salut<\/a>, t\u2019oferim un servei integral de <strong>traumatologia, diagn\u00f2stic per imatge, assessorament i artropl\u00e0stia personalitzats<\/strong>.<\/p>\n\n\n\n<p><a href=\"https:\/\/www.mgc.es\/wp-admin\/post.php?post=36296&amp;action=edit&amp;lang=ca\">Edita l&#8217;entrada<\/a><\/p>\n\n\n\n<p>Tamb\u00e9 comptem amb <strong>cobertures quir\u00fargiques<\/strong> per a intervencions com la implantaci\u00f3 d\u2019una pr\u00f2tesi de pelvis o de maluc, i la possibilitat de <strong>sol\u00b7licitar una segona opini\u00f3 m\u00e8dica<\/strong> perqu\u00e8 prenguis la millor decisi\u00f3 per a la teva salut.<\/p>\n","protected":false},"excerpt":{"rendered":"<p>La col\u00b7locaci\u00f3 de pr\u00f2tesis \u00e9s una intervenci\u00f3 que permet recuperar la mobilitat i reduir el dolor en persones amb artrosi, fractures o desgast articular avan\u00e7at. Tanmateix, cal tenir en compte diferents aspectes per triar entre els diversos tipus de pr\u00f2tesis de maluc. Per exemple, factors m\u00e8dics, l\u2019edat del pacient, l\u2019estil de vida i la qualitat [&hellip;]<\/p>\n","protected":false},"author":3,"featured_media":36289,"comment_status":"closed","ping_status":"closed","sticky":false,"template":"","format":"standard","meta":{"footnotes":""},"categories":[15,985],"tags":[],"class_list":["post-36296","post","type-post","status-publish","format-standard","has-post-thumbnail","hentry","category-salut","category-traumatologia-reumatologia-ortopedia"],"featured_image_src":"https:\/\/www.mgc.es\/wp-content\/uploads\/2025\/07\/tipos-protesis-cadera-2-scaled.jpg","author_info":{"display_name":"Revista Inter\u00e8s Mutu","author_link":"https:\/\/www.mgc.es\/ca\/blog\/author\/interesmutu\/"},"yoast_head":"<!-- This site is optimized with the Yoast SEO plugin v27.2 - https:\/\/yoast.com\/product\/yoast-seo-wordpress\/ -->\n<title>Quins tipus de pr\u00f2tesis de maluc existeixen?<\/title>\n<meta name=\"description\" content=\"Descobreix els diferents tipus de pr\u00f2tesis de maluc i quina s\u2019adapta millor a cada cas cl\u00ednic. A MGC t\u2019ho expliquem.Preguntar a ChatGPT\" \/>\n<meta name=\"robots\" content=\"index, follow, max-snippet:-1, max-image-preview:large, max-video-preview:-1\" \/>\n<link rel=\"canonical\" href=\"https:\/\/www.mgc.es\/?p=36267\" \/>\n<meta property=\"og:locale\" content=\"ca_ES\" \/>\n<meta property=\"og:type\" content=\"article\" \/>\n<meta property=\"og:title\" content=\"Quins tipus de pr\u00f2tesis de maluc existeixen?\" \/>\n<meta property=\"og:description\" content=\"Descobreix els diferents tipus de pr\u00f2tesis de maluc i quina s\u2019adapta millor a cada cas cl\u00ednic. A MGC t\u2019ho expliquem.Preguntar a ChatGPT\" \/>\n<meta property=\"og:url\" content=\"https:\/\/www.mgc.es\/?p=36267\" \/>\n<meta property=\"og:site_name\" content=\"MGC M\u00fatua\" \/>\n<meta property=\"article:publisher\" content=\"https:\/\/www.facebook.com\/mgcmutua\" \/>\n<meta property=\"article:published_time\" content=\"2025-09-02T07:00:00+00:00\" \/>\n<meta property=\"og:image\" content=\"https:\/\/www.mgc.es\/wp-content\/uploads\/2025\/07\/tipos-protesis-cadera-2-scaled.jpg\" \/>\n\t<meta property=\"og:image:width\" content=\"1024\" \/>\n\t<meta property=\"og:image:height\" content=\"683\" \/>\n\t<meta property=\"og:image:type\" content=\"image\/jpeg\" \/>\n<meta name=\"author\" content=\"Revista Inter\u00e8s Mutu\" \/>\n<meta name=\"twitter:card\" content=\"summary_large_image\" \/>\n<meta name=\"twitter:creator\" content=\"@mgcmutua\" \/>\n<meta name=\"twitter:site\" content=\"@mgcmutua\" \/>\n<meta name=\"twitter:label1\" content=\"Escrit per\" \/>\n\t<meta name=\"twitter:data1\" content=\"Revista Inter\u00e8s Mutu\" \/>\n\t<meta name=\"twitter:label2\" content=\"Temps estimat de lectura\" \/>\n\t<meta name=\"twitter:data2\" content=\"5 minuts\" \/>\n<!-- \/ Yoast SEO plugin. -->","yoast_head_json":{"title":"Quins tipus de pr\u00f2tesis de maluc existeixen?","description":"Descobreix els diferents tipus de pr\u00f2tesis de maluc i quina s\u2019adapta millor a cada cas cl\u00ednic. A MGC t\u2019ho expliquem.Preguntar a ChatGPT","robots":{"index":"index","follow":"follow","max-snippet":"max-snippet:-1","max-image-preview":"max-image-preview:large","max-video-preview":"max-video-preview:-1"},"canonical":"https:\/\/www.mgc.es\/?p=36267","og_locale":"ca_ES","og_type":"article","og_title":"Quins tipus de pr\u00f2tesis de maluc existeixen?","og_description":"Descobreix els diferents tipus de pr\u00f2tesis de maluc i quina s\u2019adapta millor a cada cas cl\u00ednic. A MGC t\u2019ho expliquem.Preguntar a ChatGPT","og_url":"https:\/\/www.mgc.es\/?p=36267","og_site_name":"MGC M\u00fatua","article_publisher":"https:\/\/www.facebook.com\/mgcmutua","article_published_time":"2025-09-02T07:00:00+00:00","og_image":[{"width":1024,"height":683,"url":"https:\/\/www.mgc.es\/wp-content\/uploads\/2025\/07\/tipos-protesis-cadera-2-scaled.jpg","type":"image\/jpeg"}],"author":"Revista Inter\u00e8s Mutu","twitter_card":"summary_large_image","twitter_creator":"@mgcmutua","twitter_site":"@mgcmutua","twitter_misc":{"Escrit per":"Revista Inter\u00e8s Mutu","Temps estimat de lectura":"5 minuts"},"schema":{"@context":"https:\/\/schema.org","@graph":[{"@type":["Article","BlogPosting"],"@id":"https:\/\/www.mgc.es\/?p=36267#article","isPartOf":{"@id":"https:\/\/www.mgc.es\/?p=36267"},"author":{"name":"Revista Inter\u00e8s Mutu","@id":"https:\/\/www.mgc.es\/#\/schema\/person\/010c961d9c9acf38f11187a02b646c16"},"headline":"Quins tipus de pr\u00f2tesis de maluc existeixen i quina \u00e9s la millor per a tu?","datePublished":"2025-09-02T07:00:00+00:00","mainEntityOfPage":{"@id":"https:\/\/www.mgc.es\/?p=36267"},"wordCount":1111,"publisher":{"@id":"https:\/\/www.mgc.es\/#organization"},"image":{"@id":"https:\/\/www.mgc.es\/?p=36267#primaryimage"},"thumbnailUrl":"https:\/\/www.mgc.es\/wp-content\/uploads\/2025\/07\/tipos-protesis-cadera-2-scaled.jpg","articleSection":["Salut i medicina","Traumatolog\u00eda, reumatolog\u00eda y ortopedia"],"inLanguage":"ca"},{"@type":["WebPage","ItemPage"],"@id":"https:\/\/www.mgc.es\/?p=36267","url":"https:\/\/www.mgc.es\/?p=36267","name":"Quins tipus de pr\u00f2tesis de maluc existeixen?","isPartOf":{"@id":"https:\/\/www.mgc.es\/#website"},"primaryImageOfPage":{"@id":"https:\/\/www.mgc.es\/?p=36267#primaryimage"},"image":{"@id":"https:\/\/www.mgc.es\/?p=36267#primaryimage"},"thumbnailUrl":"https:\/\/www.mgc.es\/wp-content\/uploads\/2025\/07\/tipos-protesis-cadera-2-scaled.jpg","datePublished":"2025-09-02T07:00:00+00:00","description":"Descobreix els diferents tipus de pr\u00f2tesis de maluc i quina s\u2019adapta millor a cada cas cl\u00ednic. A MGC t\u2019ho expliquem.Preguntar a ChatGPT","breadcrumb":{"@id":"https:\/\/www.mgc.es\/?p=36267#breadcrumb"},"inLanguage":"ca","potentialAction":[{"@type":"ReadAction","target":["https:\/\/www.mgc.es\/?p=36267"]}]},{"@type":"ImageObject","inLanguage":"ca","@id":"https:\/\/www.mgc.es\/?p=36267#primaryimage","url":"https:\/\/www.mgc.es\/wp-content\/uploads\/2025\/07\/tipos-protesis-cadera-2-scaled.jpg","contentUrl":"https:\/\/www.mgc.es\/wp-content\/uploads\/2025\/07\/tipos-protesis-cadera-2-scaled.jpg","width":1024,"height":683,"caption":"Qu\u00e9 tipos de pr\u00f3tesis de cadera existen y cu\u00e1l es la mejor para ti"},{"@type":"BreadcrumbList","@id":"https:\/\/www.mgc.es\/?p=36267#breadcrumb","itemListElement":[{"@type":"ListItem","position":1,"name":"Home","item":"https:\/\/www.mgc.es\/ca\/"},{"@type":"ListItem","position":2,"name":"Quins tipus de pr\u00f2tesis de maluc existeixen i quina \u00e9s la millor per a tu?"}]},{"@type":"WebSite","@id":"https:\/\/www.mgc.es\/#website","url":"https:\/\/www.mgc.es\/","name":"MGC M\u00fatua","description":"MGC M\u00fatua \u00e9s una entitat asseguradora sense \u00e0nim de lucre constitu\u00efda al 1982 i especialitzada en assegurances de salut i assist\u00e8ncia.","publisher":{"@id":"https:\/\/www.mgc.es\/#organization"},"alternateName":"MGC","potentialAction":[{"@type":"SearchAction","target":{"@type":"EntryPoint","urlTemplate":"https:\/\/www.mgc.es\/?s={search_term_string}"},"query-input":{"@type":"PropertyValueSpecification","valueRequired":true,"valueName":"search_term_string"}}],"inLanguage":"ca"},{"@type":"Organization","@id":"https:\/\/www.mgc.es\/#organization","name":"MGC Mutua","alternateName":"MGC","url":"https:\/\/www.mgc.es\/","logo":{"@type":"ImageObject","inLanguage":"ca","@id":"https:\/\/www.mgc.es\/#\/schema\/logo\/image\/","url":"https:\/\/www.mgc.es\/wp-content\/uploads\/2020\/03\/mgcmutua_h2_2t_reduccions.png","contentUrl":"https:\/\/www.mgc.es\/wp-content\/uploads\/2020\/03\/mgcmutua_h2_2t_reduccions.png","width":303,"height":165,"caption":"MGC Mutua"},"image":{"@id":"https:\/\/www.mgc.es\/#\/schema\/logo\/image\/"},"sameAs":["https:\/\/www.facebook.com\/mgcmutua","https:\/\/x.com\/mgcmutua","https:\/\/www.youtube.com\/c\/MGCMutua"]},{"@type":"Person","@id":"https:\/\/www.mgc.es\/#\/schema\/person\/010c961d9c9acf38f11187a02b646c16","name":"Revista Inter\u00e8s Mutu","image":{"@type":"ImageObject","inLanguage":"ca","@id":"https:\/\/secure.gravatar.com\/avatar\/52302d684339b9d7bf5691e2ad00835d62ce3b4a435f21ca9f21fbe39c63cb1b?s=96&d=mm&r=g","url":"https:\/\/secure.gravatar.com\/avatar\/52302d684339b9d7bf5691e2ad00835d62ce3b4a435f21ca9f21fbe39c63cb1b?s=96&d=mm&r=g","contentUrl":"https:\/\/secure.gravatar.com\/avatar\/52302d684339b9d7bf5691e2ad00835d62ce3b4a435f21ca9f21fbe39c63cb1b?s=96&d=mm&r=g","caption":"Revista Inter\u00e8s Mutu"}}]}},"_links":{"self":[{"href":"https:\/\/www.mgc.es\/ca\/wp-json\/wp\/v2\/posts\/36296","targetHints":{"allow":["GET"]}}],"collection":[{"href":"https:\/\/www.mgc.es\/ca\/wp-json\/wp\/v2\/posts"}],"about":[{"href":"https:\/\/www.mgc.es\/ca\/wp-json\/wp\/v2\/types\/post"}],"author":[{"embeddable":true,"href":"https:\/\/www.mgc.es\/ca\/wp-json\/wp\/v2\/users\/3"}],"replies":[{"embeddable":true,"href":"https:\/\/www.mgc.es\/ca\/wp-json\/wp\/v2\/comments?post=36296"}],"version-history":[{"count":2,"href":"https:\/\/www.mgc.es\/ca\/wp-json\/wp\/v2\/posts\/36296\/revisions"}],"predecessor-version":[{"id":36300,"href":"https:\/\/www.mgc.es\/ca\/wp-json\/wp\/v2\/posts\/36296\/revisions\/36300"}],"wp:featuredmedia":[{"embeddable":true,"href":"https:\/\/www.mgc.es\/ca\/wp-json\/wp\/v2\/media\/36289"}],"wp:attachment":[{"href":"https:\/\/www.mgc.es\/ca\/wp-json\/wp\/v2\/media?parent=36296"}],"wp:term":[{"taxonomy":"category","embeddable":true,"href":"https:\/\/www.mgc.es\/ca\/wp-json\/wp\/v2\/categories?post=36296"},{"taxonomy":"post_tag","embeddable":true,"href":"https:\/\/www.mgc.es\/ca\/wp-json\/wp\/v2\/tags?post=36296"}],"curies":[{"name":"wp","href":"https:\/\/api.w.org\/{rel}","templated":true}]}}