{"id":36225,"date":"2025-08-12T09:00:00","date_gmt":"2025-08-12T07:00:00","guid":{"rendered":"https:\/\/www.mgc.es\/?p=36225"},"modified":"2025-07-30T10:09:13","modified_gmt":"2025-07-30T08:09:13","slug":"prova-talo-nadons","status":"publish","type":"post","link":"https:\/\/www.mgc.es\/ca\/blog\/prova-talo-nadons\/","title":{"rendered":"Prova del tal\u00f3: qu\u00e8 \u00e9s, per a qu\u00e8 serveix i quan es fa"},"content":{"rendered":"<div id=\"ez-toc-container\" class=\"ez-toc-v2_0_82_1 counter-hierarchy ez-toc-counter ez-toc-custom ez-toc-container-direction\">\n<div class=\"ez-toc-title-container\"><p class=\"ez-toc-title\" style=\"cursor:inherit\">\u00cdndex de continguts<\/p>\n<\/div><nav><ul class='ez-toc-list ez-toc-list-level-1 ' ><li class='ez-toc-page-1 ez-toc-heading-level-2'><a class=\"ez-toc-link ez-toc-heading-1\" href=\"https:\/\/www.mgc.es\/ca\/blog\/prova-talo-nadons\/#Que_es_la_prova_del_talo_i_per_a_que_serveix\" >Qu\u00e8 \u00e9s la prova del tal\u00f3 i per a qu\u00e8 serveix?<\/a><\/li><li class='ez-toc-page-1 ez-toc-heading-level-2'><a class=\"ez-toc-link ez-toc-heading-2\" href=\"https:\/\/www.mgc.es\/ca\/blog\/prova-talo-nadons\/#Quan_es_fa_la_prova_del_talo\" >Quan es fa la prova del tal\u00f3?<\/a><\/li><li class='ez-toc-page-1 ez-toc-heading-level-2'><a class=\"ez-toc-link ez-toc-heading-3\" href=\"https:\/\/www.mgc.es\/ca\/blog\/prova-talo-nadons\/#Com_es_realitza_la_prova_del_talo\" >Com es realitza la prova del tal\u00f3?<\/a><\/li><li class='ez-toc-page-1 ez-toc-heading-level-2'><a class=\"ez-toc-link ez-toc-heading-4\" href=\"https:\/\/www.mgc.es\/ca\/blog\/prova-talo-nadons\/#Quines_malalties_detecta_la_prova_del_talo\" >Quines malalties detecta la prova del tal\u00f3?<\/a><\/li><li class='ez-toc-page-1 ez-toc-heading-level-2'><a class=\"ez-toc-link ez-toc-heading-5\" href=\"https:\/\/www.mgc.es\/ca\/blog\/prova-talo-nadons\/#Que_passa_si_el_resultat_es_positiu\" >Qu\u00e8 passa si el resultat \u00e9s positiu?<\/a><\/li><li class='ez-toc-page-1 ez-toc-heading-level-2'><a class=\"ez-toc-link ez-toc-heading-6\" href=\"https:\/\/www.mgc.es\/ca\/blog\/prova-talo-nadons\/#Que_passa_si_no_es_fa_la_prova\" >Qu\u00e8 passa si no es fa la prova?<\/a><\/li><li class='ez-toc-page-1 ez-toc-heading-level-2'><a class=\"ez-toc-link ez-toc-heading-7\" href=\"https:\/\/www.mgc.es\/ca\/blog\/prova-talo-nadons\/#Preguntes_frequents_sobre_la_prova_del_talo\" >Preguntes freq\u00fcents sobre la prova del tal\u00f3<\/a><\/li><li class='ez-toc-page-1 ez-toc-heading-level-2'><a class=\"ez-toc-link ez-toc-heading-8\" href=\"https:\/\/www.mgc.es\/ca\/blog\/prova-talo-nadons\/#Cuida_la_salut_del_teu_nado_des_del_primer_dia_amb_MGC\" >Cuida la salut del teu nad\u00f3 des del primer dia amb MGC<\/a><\/li><\/ul><\/nav><\/div>\n\n<p>La <strong>prova del tal\u00f3 en el nad\u00f3 acabat de n\u00e9ixer<\/strong> \u00e9s una prova senzilla que es realitza durant els primers dies de vida. S\u2019utilitza per detectar malalties greus abans que apareguin els s\u00edmptomes, per la qual cosa \u00e9s una prova preventiva que busca millorar o garantir el desenvolupament saludable del nad\u00f3<\/p>\n\n\n\n<h2 class=\"wp-block-heading\"><span class=\"ez-toc-section\" id=\"Que_es_la_prova_del_talo_i_per_a_que_serveix\"><\/span>Qu\u00e8 \u00e9s la prova del tal\u00f3 i per a qu\u00e8 serveix?<span class=\"ez-toc-section-end\"><\/span><\/h2>\n\n\n\n<figure class=\"wp-block-image size-large\"><img loading=\"lazy\" decoding=\"async\" width=\"880\" height=\"587\" src=\"https:\/\/www.mgc.es\/wp-content\/uploads\/2025\/07\/prueba-talon-bebes-880x587.jpg\" alt=\"\" class=\"wp-image-36219\" srcset=\"https:\/\/www.mgc.es\/wp-content\/uploads\/2025\/07\/prueba-talon-bebes-880x587.jpg 880w, https:\/\/www.mgc.es\/wp-content\/uploads\/2025\/07\/prueba-talon-bebes-440x293.jpg 440w, https:\/\/www.mgc.es\/wp-content\/uploads\/2025\/07\/prueba-talon-bebes-768x512.jpg 768w, https:\/\/www.mgc.es\/wp-content\/uploads\/2025\/07\/prueba-talon-bebes-scaled.jpg 1024w\" sizes=\"auto, (max-width: 880px) 100vw, 880px\" \/><\/figure>\n\n\n\n<p>Si ens preguntem qu\u00e8 \u00e9s la prova del tal\u00f3, es tracta d\u2019una t\u00e8cnica de <strong>cribratge neonatal<\/strong> que permet identificar preco\u00e7ment malalties poc freq\u00fcents; moltes d\u2019elles heredit\u00e0ries o relacionades amb alteracions metab\u00f2liques. Com m\u00e9s aviat es detectin, abans es podr\u00e0 tamb\u00e9 comen\u00e7ar amb els tractaments i prevenir complicacions greus.<\/p>\n\n\n\n<p>La prova del tal\u00f3 \u00e9s una <strong>mesura de salut orientada a la prevenci\u00f3<\/strong>. Consisteix a extreure unes gotes de sang del tal\u00f3 del nad\u00f3 i analitzar-les per con\u00e8ixer si hi ha alteracions en el <a href=\"https:\/\/www.mgc.es\/ca\/blog\/metabolisme-lipidic-i-classificacio-de-les-hiperlipemies\/\">metabolisme<\/a> de determinades subst\u00e0ncies o d\u00e8ficits hormonals. A m\u00e9s de malalties metab\u00f2liques, tamb\u00e9 es poden identificar alguns problemes immunol\u00f2gics o d\u2019origen gen\u00e8tic.<\/p>\n\n\n\n<h2 class=\"wp-block-heading\"><span class=\"ez-toc-section\" id=\"Quan_es_fa_la_prova_del_talo\"><\/span>Quan es fa la prova del tal\u00f3?<span class=\"ez-toc-section-end\"><\/span><\/h2>\n\n\n\n<p>Saber quan es fa la prova del tal\u00f3 en un nad\u00f3 \u00e9s important per fer-la en el moment idoni. Se sol realitzar entre les <strong>48 i 72 hores despr\u00e9s del naixement<\/strong>. Si el part t\u00e9 lloc en un hospital, el personal sanitari se n\u2019encarrega abans de l\u2019alta. Si \u00e9s a casa o hi ha una alta preco\u00e7, la responsabilitat recau en el centre de salut.<\/p>\n\n\n\n<p>La franja de temps no \u00e9s casual. L\u2019organisme del nad\u00f3 necessita unes hores de vida per activar el seu metabolisme i aix\u00ed permetre detectar possibles anomalies. <strong>Si es fa abans, pot haver-hi un fals negatiu<\/strong>, i si es fa tard i surt la prova del tal\u00f3 alterada, es dificulta l\u2019actuaci\u00f3 m\u00e8dica.<\/p>\n\n\n\n<h2 class=\"wp-block-heading\"><span class=\"ez-toc-section\" id=\"Com_es_realitza_la_prova_del_talo\"><\/span>Com es realitza la prova del tal\u00f3?<span class=\"ez-toc-section-end\"><\/span><\/h2>\n\n\n\n<figure class=\"wp-block-image size-large\"><img loading=\"lazy\" decoding=\"async\" width=\"880\" height=\"587\" src=\"https:\/\/www.mgc.es\/wp-content\/uploads\/2025\/08\/como-se-hace-prueba-talon-bebes-880x587.jpg\" alt=\"C\u00f3mo se hace la prueba del tal\u00f3n\" class=\"wp-image-36227\" srcset=\"https:\/\/www.mgc.es\/wp-content\/uploads\/2025\/08\/como-se-hace-prueba-talon-bebes-880x587.jpg 880w, https:\/\/www.mgc.es\/wp-content\/uploads\/2025\/08\/como-se-hace-prueba-talon-bebes-440x293.jpg 440w, https:\/\/www.mgc.es\/wp-content\/uploads\/2025\/08\/como-se-hace-prueba-talon-bebes-768x512.jpg 768w, https:\/\/www.mgc.es\/wp-content\/uploads\/2025\/08\/como-se-hace-prueba-talon-bebes-scaled.jpg 1024w\" sizes=\"auto, (max-width: 880px) 100vw, 880px\" \/><\/figure>\n\n\n\n<div class=\"wp-block-group is-nowrap is-layout-flex wp-container-core-group-is-layout-ad2f72ca wp-block-group-is-layout-flex\">\n<p>El proc\u00e9s \u00e9s una <strong>simple extracci\u00f3 de sang <\/strong>que serveix com a cribratge metab\u00f2lic. Es punxa lleument el tal\u00f3 del nad\u00f3 amb una lanceta est\u00e8ril i es recullen unes gotes de sang en un paper absorbent especial. Aquesta mostra s\u2019asseca i s\u2019envia al laboratori per a la seva an\u00e0lisi.<\/p>\n<\/div>\n\n\n\n<p>Tamb\u00e9 se la coneix com a test de Guthrie, en honor al metge nord-americ\u00e0 que la va desenvolupar als anys 60. Des d\u2019aleshores, la seva implantaci\u00f3 ha salvat milers de vides o evitat discapacitats greus.<\/p>\n\n\n\n<h3 class=\"wp-block-heading\">\u00c9s dolorosa per al nad\u00f3?<\/h3>\n\n\n\n<p>La prova pot <strong>resultar molesta durant uns segons<\/strong>, per\u00f2 no \u00e9s dolorosa. La punxada pot causar un breu plor, tot i que molts nadons es calmen en ser alimentats o abra\u00e7ats just despr\u00e9s. Es recomana tenir contacte pell amb pell durant o despr\u00e9s de la prova.<\/p>\n\n\n\n<h3 class=\"wp-block-heading\">Es necessiten cures especials despr\u00e9s de la prova?<\/h3>\n\n\n\n<p>No calen cures especials despr\u00e9s de la punxada. N\u2019hi ha prou amb mantenir neta la zona, que cicatritza r\u00e0pidament. Si es produ\u00eds un petit hematoma, desapareix sol.<\/p>\n\n\n\n<h2 class=\"wp-block-heading\"><span class=\"ez-toc-section\" id=\"Quines_malalties_detecta_la_prova_del_talo\"><\/span>Quines malalties detecta la prova del tal\u00f3?<span class=\"ez-toc-section-end\"><\/span><\/h2>\n\n\n\n<p>El nombre de malalties detectables ha augmentat en els darrers anys gr\u00e0cies a l\u2019aven\u00e7 de les t\u00e8cniques d\u2019an\u00e0lisi. Com m\u00e9s aviat s\u2019identifiquin, millor ser\u00e0 el <a href=\"https:\/\/www.mgc.es\/ca\/blog\/que-saps-sobre-lhormona-del-creixement-o-la-somatotropina\/\">desenvolupament i creixement del nad\u00f3<\/a>. S\u00f3n les seg\u00fcents:<\/p>\n\n\n\n<ul class=\"wp-block-list\">\n<li>Hipotiro\u00efdisme cong\u00e8nit<\/li>\n\n\n\n<li>Fenilceton\u00faria<\/li>\n\n\n\n<li>Fibrosi qu\u00edstica<\/li>\n\n\n\n<li>Hiperpl\u00e0sia suprarenal cong\u00e8nita<\/li>\n\n\n\n<li>An\u00e8mia falciforme<\/li>\n\n\n\n<li>Defici\u00e8ncies del cicle de la urea o d\u2019\u00e0cids org\u00e0nics<\/li>\n\n\n\n<li>Leucinosi<\/li>\n\n\n\n<li>Galactos\u00e8mia<\/li>\n<\/ul>\n\n\n\n<h2 class=\"wp-block-heading\"><span class=\"ez-toc-section\" id=\"Que_passa_si_el_resultat_es_positiu\"><\/span>Qu\u00e8 passa si el resultat \u00e9s positiu?<span class=\"ez-toc-section-end\"><\/span><\/h2>\n\n\n\n<p>Una prova del tal\u00f3 positiva no significa un diagn\u00f2stic definitiu, sin\u00f3 una possible <strong>alteraci\u00f3 que es confirmar\u00e0 amb noves proves<\/strong>. El nad\u00f3 ser\u00e0 derivat a l\u2019especialista corresponent per iniciar tractament o seguiment.<\/p>\n\n\n\n<p>Els hospitals compten amb unitats especialitzades en malalties metab\u00f2liques i pedi\u00e0triques que orienten les fam\u00edlies, si es confirm\u00e9s alguna malaltia. En qualsevol cas, el diagn\u00f2stic preco\u00e7 permet controlar-la efica\u00e7ment.<\/p>\n\n\n\n<h2 class=\"wp-block-heading\"><span class=\"ez-toc-section\" id=\"Que_passa_si_no_es_fa_la_prova\"><\/span>Qu\u00e8 passa si no es fa la prova?<span class=\"ez-toc-section-end\"><\/span><\/h2>\n\n\n\n<p>Hem vist per a qu\u00e8 serveix la prova del tal\u00f3, per tant, no realitzar-la pot tenir conseq\u00fc\u00e8ncies greus. Algunes de les malalties esmentades <strong>no presenten s\u00edmptomes evidents en n\u00e9ixer<\/strong>, per\u00f2 poden provocar <strong>danys neurol\u00f2gics, retard en el desenvolupament o fins i tot la mort si no es tracten a temps<\/strong>. L\u2019objectiu de la prova \u00e9s protegir el nad\u00f3 de riscos invisibles que podrien apar\u00e8ixer en silenci.<\/p>\n\n\n\n<h2 class=\"wp-block-heading\"><span class=\"ez-toc-section\" id=\"Preguntes_frequents_sobre_la_prova_del_talo\"><\/span>Preguntes freq\u00fcents sobre la prova del tal\u00f3<span class=\"ez-toc-section-end\"><\/span><\/h2>\n\n\n\n<h3 class=\"wp-block-heading\"><strong>Quant triguen els resultats?<\/strong><\/h3>\n\n\n\n<p>Els resultats solen estar llestos en una o dues setmanes. Si tot est\u00e0 b\u00e9, no es comunica res. Nom\u00e9s es contacta amb la fam\u00edlia si hi ha una sospita d\u2019alteraci\u00f3, per repetir la prova o fer un estudi m\u00e9s espec\u00edfic.<\/p>\n\n\n\n<h3 class=\"wp-block-heading\"><strong>Qu\u00e8 significa un fals positiu?<\/strong><\/h3>\n\n\n\n<p>Un fals positiu es produeix quan l\u2019an\u00e0lisi detecta un possible problema que despr\u00e9s no es confirma. \u00c9s poc freq\u00fcent, per\u00f2 pot passar. Per exemple, si el nad\u00f3 no ha menjat prou abans de la prova o si la mostra s\u2019ha contaminat. En aquests casos, es repeteix el test sense conseq\u00fc\u00e8ncies.<\/p>\n\n\n\n<h3 class=\"wp-block-heading\"><strong>Es pot repetir si hi ha un error en la mostra?<\/strong><\/h3>\n\n\n\n<p>S\u00ed. Si la mostra \u00e9s insuficient o est\u00e0 mal recollida, es repeteix la prova sense problema. El personal sanitari es posar\u00e0 en contacte amb la fam\u00edlia i es donar\u00e0 una nova cita per garantir una an\u00e0lisi correcta.<\/p>\n\n\n\n<h2 class=\"wp-block-heading\"><span class=\"ez-toc-section\" id=\"Cuida_la_salut_del_teu_nado_des_del_primer_dia_amb_MGC\"><\/span>Cuida la salut del teu nad\u00f3 des del primer dia amb MGC<span class=\"ez-toc-section-end\"><\/span><\/h2>\n\n\n\n<p>Realitzar la prova del tal\u00f3 en un nad\u00f3 acabat de n\u00e9ixer \u00e9s nom\u00e9s el primer pas per prevenir malalties en la inf\u00e0ncia. Comptar amb un <strong>equip m\u00e8dic de confian\u00e7a<\/strong> i una asseguran\u00e7a adaptada a les necessitats familiars des del primer moment marca la difer\u00e8ncia. Amb els serveis pedi\u00e0trics de MGC i les nostres opcions d\u2019<a href=\"https:\/\/www.mgc.es\/ca\/blog\/assegurances-nadons-beneficis-cobertures-imprescindibles\/\">asseguran\u00e7a per a nadons<\/a>, podr\u00e0s tenir cura de la seva salut i la tranquil\u00b7litat de comptar amb suport davant qualsevol situaci\u00f3.<\/p>\n","protected":false},"excerpt":{"rendered":"<p>La prova del tal\u00f3 en el nad\u00f3 acabat de n\u00e9ixer \u00e9s una prova senzilla que es realitza durant els primers dies de vida. S\u2019utilitza per detectar malalties greus abans que apareguin els s\u00edmptomes, per la qual cosa \u00e9s una prova preventiva que busca millorar o garantir el desenvolupament saludable del nad\u00f3 Qu\u00e8 \u00e9s la prova [&hellip;]<\/p>\n","protected":false},"author":3,"featured_media":36219,"comment_status":"closed","ping_status":"closed","sticky":false,"template":"","format":"standard","meta":{"footnotes":""},"categories":[986],"tags":[],"class_list":["post-36225","post","type-post","status-publish","format-standard","has-post-thumbnail","hentry","category-etapas-vida-y-familia"],"featured_image_src":"https:\/\/www.mgc.es\/wp-content\/uploads\/2025\/07\/prueba-talon-bebes-scaled.jpg","author_info":{"display_name":"Revista Inter\u00e8s Mutu","author_link":"https:\/\/www.mgc.es\/ca\/blog\/author\/interesmutu\/"},"yoast_head":"<!-- This site is optimized with the Yoast SEO plugin v27.2 - https:\/\/yoast.com\/product\/yoast-seo-wordpress\/ -->\n<title>Prova del tal\u00f3: qu\u00e8 \u00e9s, per a qu\u00e8 serveix i quan es fa<\/title>\n<meta name=\"description\" content=\"Coneixes la prova del tal\u00f3? Descobreix per a qu\u00e8 serveix, com es realitza i per qu\u00e8 \u00e9s clau en nadons acabats de n\u00e9ixer.\" \/>\n<meta name=\"robots\" content=\"index, follow, max-snippet:-1, max-image-preview:large, max-video-preview:-1\" \/>\n<link rel=\"canonical\" href=\"https:\/\/www.mgc.es\/ca\/blog\/prova-talo-nadons\/\" \/>\n<meta property=\"og:locale\" content=\"ca_ES\" \/>\n<meta property=\"og:type\" content=\"article\" \/>\n<meta property=\"og:title\" content=\"Prova del tal\u00f3: qu\u00e8 \u00e9s, per a qu\u00e8 serveix i quan es fa\" \/>\n<meta property=\"og:description\" content=\"Coneixes la prova del tal\u00f3? Descobreix per a qu\u00e8 serveix, com es realitza i per qu\u00e8 \u00e9s clau en nadons acabats de n\u00e9ixer.\" \/>\n<meta property=\"og:url\" content=\"https:\/\/www.mgc.es\/ca\/blog\/prova-talo-nadons\/\" \/>\n<meta property=\"og:site_name\" content=\"MGC M\u00fatua\" \/>\n<meta property=\"article:publisher\" content=\"https:\/\/www.facebook.com\/mgcmutua\" \/>\n<meta property=\"article:published_time\" content=\"2025-08-12T07:00:00+00:00\" \/>\n<meta property=\"og:image\" content=\"https:\/\/www.mgc.es\/wp-content\/uploads\/2025\/07\/prueba-talon-bebes-scaled.jpg\" \/>\n\t<meta property=\"og:image:width\" content=\"1024\" \/>\n\t<meta property=\"og:image:height\" content=\"683\" \/>\n\t<meta property=\"og:image:type\" content=\"image\/jpeg\" \/>\n<meta name=\"author\" content=\"Revista Inter\u00e8s Mutu\" \/>\n<meta name=\"twitter:card\" content=\"summary_large_image\" \/>\n<meta name=\"twitter:creator\" content=\"@mgcmutua\" \/>\n<meta name=\"twitter:site\" content=\"@mgcmutua\" \/>\n<meta name=\"twitter:label1\" content=\"Escrit per\" \/>\n\t<meta name=\"twitter:data1\" content=\"Revista Inter\u00e8s Mutu\" \/>\n\t<meta name=\"twitter:label2\" content=\"Temps estimat de lectura\" \/>\n\t<meta name=\"twitter:data2\" content=\"5 minuts\" \/>\n<!-- \/ Yoast SEO plugin. -->","yoast_head_json":{"title":"Prova del tal\u00f3: qu\u00e8 \u00e9s, per a qu\u00e8 serveix i quan es fa","description":"Coneixes la prova del tal\u00f3? Descobreix per a qu\u00e8 serveix, com es realitza i per qu\u00e8 \u00e9s clau en nadons acabats de n\u00e9ixer.","robots":{"index":"index","follow":"follow","max-snippet":"max-snippet:-1","max-image-preview":"max-image-preview:large","max-video-preview":"max-video-preview:-1"},"canonical":"https:\/\/www.mgc.es\/ca\/blog\/prova-talo-nadons\/","og_locale":"ca_ES","og_type":"article","og_title":"Prova del tal\u00f3: qu\u00e8 \u00e9s, per a qu\u00e8 serveix i quan es fa","og_description":"Coneixes la prova del tal\u00f3? Descobreix per a qu\u00e8 serveix, com es realitza i per qu\u00e8 \u00e9s clau en nadons acabats de n\u00e9ixer.","og_url":"https:\/\/www.mgc.es\/ca\/blog\/prova-talo-nadons\/","og_site_name":"MGC M\u00fatua","article_publisher":"https:\/\/www.facebook.com\/mgcmutua","article_published_time":"2025-08-12T07:00:00+00:00","og_image":[{"width":1024,"height":683,"url":"https:\/\/www.mgc.es\/wp-content\/uploads\/2025\/07\/prueba-talon-bebes-scaled.jpg","type":"image\/jpeg"}],"author":"Revista Inter\u00e8s Mutu","twitter_card":"summary_large_image","twitter_creator":"@mgcmutua","twitter_site":"@mgcmutua","twitter_misc":{"Escrit per":"Revista Inter\u00e8s Mutu","Temps estimat de lectura":"5 minuts"},"schema":{"@context":"https:\/\/schema.org","@graph":[{"@type":["Article","BlogPosting"],"@id":"https:\/\/www.mgc.es\/ca\/blog\/prova-talo-nadons\/#article","isPartOf":{"@id":"https:\/\/www.mgc.es\/ca\/blog\/prova-talo-nadons\/"},"author":{"name":"Revista Inter\u00e8s Mutu","@id":"https:\/\/www.mgc.es\/#\/schema\/person\/010c961d9c9acf38f11187a02b646c16"},"headline":"Prova del tal\u00f3: qu\u00e8 \u00e9s, per a qu\u00e8 serveix i quan es fa","datePublished":"2025-08-12T07:00:00+00:00","mainEntityOfPage":{"@id":"https:\/\/www.mgc.es\/ca\/blog\/prova-talo-nadons\/"},"wordCount":1021,"publisher":{"@id":"https:\/\/www.mgc.es\/#organization"},"image":{"@id":"https:\/\/www.mgc.es\/ca\/blog\/prova-talo-nadons\/#primaryimage"},"thumbnailUrl":"https:\/\/www.mgc.es\/wp-content\/uploads\/2025\/07\/prueba-talon-bebes-scaled.jpg","articleSection":["Etapas vida y familia"],"inLanguage":"ca"},{"@type":["WebPage","ItemPage"],"@id":"https:\/\/www.mgc.es\/ca\/blog\/prova-talo-nadons\/","url":"https:\/\/www.mgc.es\/ca\/blog\/prova-talo-nadons\/","name":"Prova del tal\u00f3: qu\u00e8 \u00e9s, per a qu\u00e8 serveix i quan es fa","isPartOf":{"@id":"https:\/\/www.mgc.es\/#website"},"primaryImageOfPage":{"@id":"https:\/\/www.mgc.es\/ca\/blog\/prova-talo-nadons\/#primaryimage"},"image":{"@id":"https:\/\/www.mgc.es\/ca\/blog\/prova-talo-nadons\/#primaryimage"},"thumbnailUrl":"https:\/\/www.mgc.es\/wp-content\/uploads\/2025\/07\/prueba-talon-bebes-scaled.jpg","datePublished":"2025-08-12T07:00:00+00:00","description":"Coneixes la prova del tal\u00f3? Descobreix per a qu\u00e8 serveix, com es realitza i per qu\u00e8 \u00e9s clau en nadons acabats de n\u00e9ixer.","breadcrumb":{"@id":"https:\/\/www.mgc.es\/ca\/blog\/prova-talo-nadons\/#breadcrumb"},"inLanguage":"ca","potentialAction":[{"@type":"ReadAction","target":["https:\/\/www.mgc.es\/ca\/blog\/prova-talo-nadons\/"]}]},{"@type":"ImageObject","inLanguage":"ca","@id":"https:\/\/www.mgc.es\/ca\/blog\/prova-talo-nadons\/#primaryimage","url":"https:\/\/www.mgc.es\/wp-content\/uploads\/2025\/07\/prueba-talon-bebes-scaled.jpg","contentUrl":"https:\/\/www.mgc.es\/wp-content\/uploads\/2025\/07\/prueba-talon-bebes-scaled.jpg","width":1024,"height":683,"caption":"Prueba del tal\u00f3n en beb\u00e9s"},{"@type":"BreadcrumbList","@id":"https:\/\/www.mgc.es\/ca\/blog\/prova-talo-nadons\/#breadcrumb","itemListElement":[{"@type":"ListItem","position":1,"name":"Home","item":"https:\/\/www.mgc.es\/ca\/"},{"@type":"ListItem","position":2,"name":"Prova del tal\u00f3: qu\u00e8 \u00e9s, per a qu\u00e8 serveix i quan es fa"}]},{"@type":"WebSite","@id":"https:\/\/www.mgc.es\/#website","url":"https:\/\/www.mgc.es\/","name":"MGC M\u00fatua","description":"MGC M\u00fatua \u00e9s una entitat asseguradora sense \u00e0nim de lucre constitu\u00efda al 1982 i especialitzada en assegurances de salut i assist\u00e8ncia.","publisher":{"@id":"https:\/\/www.mgc.es\/#organization"},"alternateName":"MGC","potentialAction":[{"@type":"SearchAction","target":{"@type":"EntryPoint","urlTemplate":"https:\/\/www.mgc.es\/?s={search_term_string}"},"query-input":{"@type":"PropertyValueSpecification","valueRequired":true,"valueName":"search_term_string"}}],"inLanguage":"ca"},{"@type":"Organization","@id":"https:\/\/www.mgc.es\/#organization","name":"MGC Mutua","alternateName":"MGC","url":"https:\/\/www.mgc.es\/","logo":{"@type":"ImageObject","inLanguage":"ca","@id":"https:\/\/www.mgc.es\/#\/schema\/logo\/image\/","url":"https:\/\/www.mgc.es\/wp-content\/uploads\/2020\/03\/mgcmutua_h2_2t_reduccions.png","contentUrl":"https:\/\/www.mgc.es\/wp-content\/uploads\/2020\/03\/mgcmutua_h2_2t_reduccions.png","width":303,"height":165,"caption":"MGC Mutua"},"image":{"@id":"https:\/\/www.mgc.es\/#\/schema\/logo\/image\/"},"sameAs":["https:\/\/www.facebook.com\/mgcmutua","https:\/\/x.com\/mgcmutua","https:\/\/www.youtube.com\/c\/MGCMutua"]},{"@type":"Person","@id":"https:\/\/www.mgc.es\/#\/schema\/person\/010c961d9c9acf38f11187a02b646c16","name":"Revista Inter\u00e8s Mutu","image":{"@type":"ImageObject","inLanguage":"ca","@id":"https:\/\/secure.gravatar.com\/avatar\/52302d684339b9d7bf5691e2ad00835d62ce3b4a435f21ca9f21fbe39c63cb1b?s=96&d=mm&r=g","url":"https:\/\/secure.gravatar.com\/avatar\/52302d684339b9d7bf5691e2ad00835d62ce3b4a435f21ca9f21fbe39c63cb1b?s=96&d=mm&r=g","contentUrl":"https:\/\/secure.gravatar.com\/avatar\/52302d684339b9d7bf5691e2ad00835d62ce3b4a435f21ca9f21fbe39c63cb1b?s=96&d=mm&r=g","caption":"Revista Inter\u00e8s Mutu"}}]}},"_links":{"self":[{"href":"https:\/\/www.mgc.es\/ca\/wp-json\/wp\/v2\/posts\/36225","targetHints":{"allow":["GET"]}}],"collection":[{"href":"https:\/\/www.mgc.es\/ca\/wp-json\/wp\/v2\/posts"}],"about":[{"href":"https:\/\/www.mgc.es\/ca\/wp-json\/wp\/v2\/types\/post"}],"author":[{"embeddable":true,"href":"https:\/\/www.mgc.es\/ca\/wp-json\/wp\/v2\/users\/3"}],"replies":[{"embeddable":true,"href":"https:\/\/www.mgc.es\/ca\/wp-json\/wp\/v2\/comments?post=36225"}],"version-history":[{"count":1,"href":"https:\/\/www.mgc.es\/ca\/wp-json\/wp\/v2\/posts\/36225\/revisions"}],"predecessor-version":[{"id":36229,"href":"https:\/\/www.mgc.es\/ca\/wp-json\/wp\/v2\/posts\/36225\/revisions\/36229"}],"wp:featuredmedia":[{"embeddable":true,"href":"https:\/\/www.mgc.es\/ca\/wp-json\/wp\/v2\/media\/36219"}],"wp:attachment":[{"href":"https:\/\/www.mgc.es\/ca\/wp-json\/wp\/v2\/media?parent=36225"}],"wp:term":[{"taxonomy":"category","embeddable":true,"href":"https:\/\/www.mgc.es\/ca\/wp-json\/wp\/v2\/categories?post=36225"},{"taxonomy":"post_tag","embeddable":true,"href":"https:\/\/www.mgc.es\/ca\/wp-json\/wp\/v2\/tags?post=36225"}],"curies":[{"name":"wp","href":"https:\/\/api.w.org\/{rel}","templated":true}]}}