{"id":36210,"date":"2025-08-05T09:00:00","date_gmt":"2025-08-05T07:00:00","guid":{"rendered":"https:\/\/www.mgc.es\/?p=36210"},"modified":"2025-07-29T17:17:37","modified_gmt":"2025-07-29T15:17:37","slug":"boca-seca-embaras","status":"publish","type":"post","link":"https:\/\/www.mgc.es\/ca\/blog\/boca-seca-embaras\/","title":{"rendered":"Boca seca durant l\u2019embar\u00e0s? Descobreix les possibles causes"},"content":{"rendered":"<div id=\"ez-toc-container\" class=\"ez-toc-v2_0_82_1 counter-hierarchy ez-toc-counter ez-toc-custom ez-toc-container-direction\">\n<div class=\"ez-toc-title-container\"><p class=\"ez-toc-title\" style=\"cursor:inherit\">\u00cdndex de continguts<\/p>\n<\/div><nav><ul class='ez-toc-list ez-toc-list-level-1 ' ><li class='ez-toc-page-1 ez-toc-heading-level-2'><a class=\"ez-toc-link ez-toc-heading-1\" href=\"https:\/\/www.mgc.es\/ca\/blog\/boca-seca-embaras\/#Es_normal_tenir_molta_set_durant_lembaras\" >\u00c9s normal tenir molta set durant l&#8217;embar\u00e0s?<\/a><\/li><li class='ez-toc-page-1 ez-toc-heading-level-2'><a class=\"ez-toc-link ez-toc-heading-2\" href=\"https:\/\/www.mgc.es\/ca\/blog\/boca-seca-embaras\/#Quan_acostuma_a_apareixer_la_sequedat_bucal_Als_primers_dies_o_al_tercer_trimestre\" >Quan acostuma a apar\u00e8ixer la sequedat bucal? Als primers dies o al tercer trimestre?<\/a><\/li><li class='ez-toc-page-1 ez-toc-heading-level-2'><a class=\"ez-toc-link ez-toc-heading-3\" href=\"https:\/\/www.mgc.es\/ca\/blog\/boca-seca-embaras\/#Principals_causes_de_la_boca_seca_i_pastosa_durant_lembaras\" >Principals causes de la boca seca i pastosa durant l\u2019embar\u00e0s<\/a><\/li><li class='ez-toc-page-1 ez-toc-heading-level-2'><a class=\"ez-toc-link ez-toc-heading-4\" href=\"https:\/\/www.mgc.es\/ca\/blog\/boca-seca-embaras\/#Simptomes_del_sindrome_de_la_boca_seca\" >S\u00edmptomes del s\u00edndrome de la boca seca<\/a><\/li><li class='ez-toc-page-1 ez-toc-heading-level-2'><a class=\"ez-toc-link ez-toc-heading-5\" href=\"https:\/\/www.mgc.es\/ca\/blog\/boca-seca-embaras\/#Desapareixen_els_simptomes_despres_de_lembaras\" >Desapareixen els s\u00edmptomes despr\u00e9s de l\u2019embar\u00e0s?<\/a><\/li><li class='ez-toc-page-1 ez-toc-heading-level-2'><a class=\"ez-toc-link ez-toc-heading-6\" href=\"https:\/\/www.mgc.es\/ca\/blog\/boca-seca-embaras\/#Consequencies_si_no_es_tracta\" >Conseq\u00fc\u00e8ncies si no es tracta<\/a><\/li><li class='ez-toc-page-1 ez-toc-heading-level-2'><a class=\"ez-toc-link ez-toc-heading-7\" href=\"https:\/\/www.mgc.es\/ca\/blog\/boca-seca-embaras\/#Que_pots_fer_per_alleujar_la_boca_seca_durant_lembaras\" >Qu\u00e8 pots fer per alleujar la boca seca durant l\u2019embar\u00e0s?<\/a><\/li><li class='ez-toc-page-1 ez-toc-heading-level-2'><a class=\"ez-toc-link ez-toc-heading-8\" href=\"https:\/\/www.mgc.es\/ca\/blog\/boca-seca-embaras\/#Preguntes_frequents_sobre_boca_seca_i_embaras\" >Preguntes freq\u00fcents sobre boca seca i embar\u00e0s<\/a><\/li><li class='ez-toc-page-1 ez-toc-heading-level-2'><a class=\"ez-toc-link ez-toc-heading-9\" href=\"https:\/\/www.mgc.es\/ca\/blog\/boca-seca-embaras\/#Cuida_la_teva_salut_bucal_durant_lembaras_amb_MGC\" >Cuida la teva salut bucal durant l\u2019embar\u00e0s amb MGC<\/a><\/li><\/ul><\/nav><\/div>\n\n<p>L&#8217;embar\u00e0s \u00e9s una etapa en qu\u00e8 s&#8217;experimenten multitud de canvis f\u00edsics i sensacions noves. Un d\u2019aquests canvis \u00e9s la boca seca durant l&#8217;embar\u00e0s. Tot i que no \u00e9s gaire conegut, s\u00ed que \u00e9s for\u00e7a freq\u00fcent, i pot arribar a afectar el benestar diari, especialment si s&#8217;acompanya d&#8217;altres s\u00edmptomes com gust met\u00e0l\u00b7lic, irritaci\u00f3 o dificultat per empassar.<\/p>\n\n\n\n<h2 class=\"wp-block-heading\"><span class=\"ez-toc-section\" id=\"Es_normal_tenir_molta_set_durant_lembaras\"><\/span>\u00c9s normal tenir molta set durant l&#8217;embar\u00e0s?<span class=\"ez-toc-section-end\"><\/span><\/h2>\n\n\n\n<figure class=\"wp-block-image size-full\"><img loading=\"lazy\" decoding=\"async\" width=\"800\" height=\"534\" src=\"https:\/\/www.mgc.es\/wp-content\/uploads\/2025\/10\/\u00bfboca-seca-durante-el-embarazo-conoce-las-posibles-razones-1-1.jpg\" alt=\"boca seca durante el embarazo conoce las posibles razones\" class=\"wp-image-36179\" srcset=\"https:\/\/www.mgc.es\/wp-content\/uploads\/2025\/10\/\u00bfboca-seca-durante-el-embarazo-conoce-las-posibles-razones-1-1.jpg 800w, https:\/\/www.mgc.es\/wp-content\/uploads\/2025\/10\/\u00bfboca-seca-durante-el-embarazo-conoce-las-posibles-razones-1-1-440x294.jpg 440w, https:\/\/www.mgc.es\/wp-content\/uploads\/2025\/10\/\u00bfboca-seca-durante-el-embarazo-conoce-las-posibles-razones-1-1-768x513.jpg 768w\" sizes=\"auto, (max-width: 800px) 100vw, 800px\" \/><\/figure>\n\n\n\n<p>S\u00ed, sentir m\u00e9s set de l\u2019habitual durant l\u2019embar\u00e0s \u00e9s completament normal. El cos necessita m\u00e9s aigua per formar el l\u00edquid amni\u00f2tic, mantenir l\u2019increment del volum sanguini i afavorir el desenvolupament del fetus. La manera com es manifesta aquesta demanda h\u00eddrica addicional \u00e9s a trav\u00e9s de la sequedat o la sensaci\u00f3 constant de tenir la boca pastosa durant l\u2019embar\u00e0s.<\/p>\n\n\n\n<p>En alguns casos, la set es pot deure a una lleu <a href=\"https:\/\/www.mgc.es\/ca\/blog\/la-deshidratacio-simptomes-causes-i-tractament\/\">deshidrataci\u00f3<\/a>. Per evitar-ho, es recomana prestar atenci\u00f3 a la ingesta de l\u00edquids i consultar amb l\u2019especialista si la set es torna excessiva o va acompanyada de marejos o fatiga.<\/p>\n\n\n\n<h2 class=\"wp-block-heading\"><span class=\"ez-toc-section\" id=\"Quan_acostuma_a_apareixer_la_sequedat_bucal_Als_primers_dies_o_al_tercer_trimestre\"><\/span>Quan acostuma a apar\u00e8ixer la sequedat bucal? Als primers dies o al tercer trimestre?<span class=\"ez-toc-section-end\"><\/span><\/h2>\n\n\n\n<p>La boca seca durant l\u2019embar\u00e0s pot presentar-se en qualsevol moment. No obstant aix\u00f2, el m\u00e9s habitual \u00e9s que aparegui al primer trimestre, quan comencen els <a href=\"https:\/\/www.mgc.es\/ca\/blog\/quins-son-els-signes-comuns-de-lembaras\/\">primers s\u00edmptomes de l\u2019embar\u00e0s<\/a>, i cap al final, al tercer trimestre. Durant les primeres setmanes, \u00e9s com\u00fa que les n\u00e0usees, els v\u00f2mits o els canvis hormonals alterin la producci\u00f3 de saliva. Durant els \u00faltims mesos, pot haver-hi molta set a causa de l\u2019augment de la necessitat de l\u00edquids i el cansament.<\/p>\n\n\n\n<h2 class=\"wp-block-heading\"><span class=\"ez-toc-section\" id=\"Principals_causes_de_la_boca_seca_i_pastosa_durant_lembaras\"><\/span>Principals causes de la boca seca i pastosa durant l\u2019embar\u00e0s<span class=\"ez-toc-section-end\"><\/span><\/h2>\n\n\n\n<p>Les <a href=\"https:\/\/www.mgc.es\/ca\/blog\/per-que-tinc-la-boca-seca\/\">causes de la sequedat bucal<\/a> s\u00f3n m\u00faltiples, per\u00f2 solen estar relacionades amb canvis fisiol\u00f2gics t\u00edpics d\u2019aquesta etapa:<\/p>\n\n\n\n<ul class=\"wp-block-list\">\n<li><strong>Canvis hormonals.<\/strong> L\u2019increment d\u2019estr\u00f2gens i progesterona modifica la producci\u00f3 de saliva.<\/li>\n\n\n\n<li><strong>Major necessitat d\u2019hidrataci\u00f3.<\/strong> El cos necessita m\u00e9s l\u00edquids per sostenir l\u2019embar\u00e0s, de manera que apareixer\u00e0 deshidrataci\u00f3 si no es cobreixen adequadament aquestes necessitats.<\/li>\n\n\n\n<li><strong>Congesti\u00f3 nasal.<\/strong> En respirar m\u00e9s per la boca, sobretot a la nit, la sensaci\u00f3 de gola seca durant l\u2019embar\u00e0s s\u2019intensifica.<\/li>\n\n\n\n<li><strong>Diabetis gestacional.<\/strong> En alguns casos, pot apar\u00e8ixer boca seca durant l\u2019embar\u00e0s per diabetis, a causa d\u2019alteracions en els nivells de glucosa.<\/li>\n\n\n\n<li><strong>\u00das de medicaments.<\/strong> Alguns antihistam\u00ednics o suplements tamb\u00e9 poden disminuir la producci\u00f3 de saliva.<\/li>\n\n\n\n<li><strong>Trastorns del son.<\/strong> L\u2019insomni, freq\u00fcent durant l\u2019embar\u00e0s, pot contribuir a la sequedat. En aquests casos, conv\u00e9 valorar <a href=\"https:\/\/www.mgc.es\/ca\/blog\/remeis-contra-insomni\/\">remeis per conciliar la son<\/a> que siguin segurs.<\/li>\n<\/ul>\n\n\n\n<h2 class=\"wp-block-heading\"><span class=\"ez-toc-section\" id=\"Simptomes_del_sindrome_de_la_boca_seca\"><\/span>S\u00edmptomes del s\u00edndrome de la boca seca<span class=\"ez-toc-section-end\"><\/span><\/h2>\n\n\n\n<p>La boca seca durant l\u2019embar\u00e0s no sempre es manifesta \u00fanicament com a sensaci\u00f3 de set. Tamb\u00e9 poden apar\u00e8ixer els seg\u00fcents s\u00edmptomes:<\/p>\n\n\n\n<ul class=\"wp-block-list\">\n<li>Llengua seca o aspra<\/li>\n\n\n\n<li>Sensaci\u00f3 enganxosa a la boca<\/li>\n\n\n\n<li>Mal al\u00e8<\/li>\n\n\n\n<li>Esquerdes o llavis secs durant l\u2019embar\u00e0s<\/li>\n\n\n\n<li>Alteracions en el gust o gust met\u00e0l\u00b7lic<\/li>\n\n\n\n<li>Dificultat per empassar aliments secs<\/li>\n\n\n\n<li>Irritaci\u00f3 a la gola<\/li>\n<\/ul>\n\n\n\n<h2 class=\"wp-block-heading\"><span class=\"ez-toc-section\" id=\"Desapareixen_els_simptomes_despres_de_lembaras\"><\/span>Desapareixen els s\u00edmptomes despr\u00e9s de l\u2019embar\u00e0s?<span class=\"ez-toc-section-end\"><\/span><\/h2>\n\n\n\n<p>En la majoria dels casos, solen desapar\u00e8ixer. Un cop el cos recupera el seu equilibri hormonal despr\u00e9s del part i cessen les necessitats fisiol\u00f2giques addicionals, els s\u00edmptomes acostumen a desapar\u00e8ixer del tot. No obstant aix\u00f2, si la set de l\u2019embar\u00e0s del tercer trimestre persisteix diverses setmanes despr\u00e9s del naixement, \u00e9s recomanable consultar l\u2019odont\u00f2leg o el metge de cap\u00e7alera per descartar altres causes.<\/p>\n\n\n\n<h2 class=\"wp-block-heading\"><span class=\"ez-toc-section\" id=\"Consequencies_si_no_es_tracta\"><\/span>Conseq\u00fc\u00e8ncies si no es tracta<span class=\"ez-toc-section-end\"><\/span><\/h2>\n\n\n\n<p>Encara que pugui semblar un s\u00edmptoma menor, la boca seca mantinguda en el temps pot provocar complicacions:<\/p>\n\n\n\n<ul class=\"wp-block-list\">\n<li>Major risc de c\u00e0ries i gingivitis, ja que la saliva protegeix contra bacteris<\/li>\n\n\n\n<li>Halitosi persistent<\/li>\n\n\n\n<li>Infeccions bucals com la candidiasi<\/li>\n\n\n\n<li>Alteracions en el gust o la masticaci\u00f3<\/li>\n\n\n\n<li>Mol\u00e8sties a l\u2019hora de parlar o empassar<\/li>\n<\/ul>\n\n\n\n<h2 class=\"wp-block-heading\"><span class=\"ez-toc-section\" id=\"Que_pots_fer_per_alleujar_la_boca_seca_durant_lembaras\"><\/span>Qu\u00e8 pots fer per alleujar la boca seca durant l\u2019embar\u00e0s?<span class=\"ez-toc-section-end\"><\/span><\/h2>\n\n\n\n<figure class=\"wp-block-image size-large\"><img loading=\"lazy\" decoding=\"async\" width=\"880\" height=\"585\" src=\"https:\/\/www.mgc.es\/wp-content\/uploads\/2025\/08\/boca-seca-durante-el-embarazo-conoce-las-posibles-razones-880x585.jpg\" alt=\"boca seca durante el embarazo conoce las posibles razones\" class=\"wp-image-36200\" srcset=\"https:\/\/www.mgc.es\/wp-content\/uploads\/2025\/08\/boca-seca-durante-el-embarazo-conoce-las-posibles-razones-880x585.jpg 880w, https:\/\/www.mgc.es\/wp-content\/uploads\/2025\/08\/boca-seca-durante-el-embarazo-conoce-las-posibles-razones-440x293.jpg 440w, https:\/\/www.mgc.es\/wp-content\/uploads\/2025\/08\/boca-seca-durante-el-embarazo-conoce-las-posibles-razones-768x511.jpg 768w, https:\/\/www.mgc.es\/wp-content\/uploads\/2025\/08\/boca-seca-durante-el-embarazo-conoce-las-posibles-razones-1536x1022.jpg 1536w, https:\/\/www.mgc.es\/wp-content\/uploads\/2025\/08\/boca-seca-durante-el-embarazo-conoce-las-posibles-razones-2048x1363.jpg 2048w, https:\/\/www.mgc.es\/wp-content\/uploads\/2025\/08\/boca-seca-durante-el-embarazo-conoce-las-posibles-razones-scaled.jpg 1024w\" sizes=\"auto, (max-width: 880px) 100vw, 880px\" \/><\/figure>\n\n\n\n<p>Per alleujar la simptomatologia de la boca seca durant l\u2019embar\u00e0s, prova aquests consells:<\/p>\n\n\n\n<ul class=\"wp-block-list\">\n<li>Beu aigua amb freq\u00fc\u00e8ncia al llarg del dia. Aqu\u00ed pots consultar <a href=\"https:\/\/www.mgc.es\/ca\/blog\/quanta-aigua-hem-de-beure-al-dia\/\">quanta aigua cal beure al dia<\/a>, segons el teu estat i necessitats.<\/li>\n\n\n\n<li>Evita begudes ensucrades o amb cafe\u00efna.<\/li>\n\n\n\n<li>Mastega xiclets o xupa caramels sense sucre per estimular la producci\u00f3 de saliva.<\/li>\n\n\n\n<li>Utilitza humidificadors si l\u2019ambient \u00e9s sec.<\/li>\n\n\n\n<li>Renta\u2019t les dents i la llengua com a m\u00ednim dues vegades al dia per mantenir una bona higiene bucal.<\/li>\n\n\n\n<li>Consulta a l\u2019odont\u00f2leg l\u2019\u00fas de col\u00b7lutoris.<\/li>\n<\/ul>\n\n\n\n<h2 class=\"wp-block-heading\"><span class=\"ez-toc-section\" id=\"Preguntes_frequents_sobre_boca_seca_i_embaras\"><\/span>Preguntes freq\u00fcents sobre boca seca i embar\u00e0s<span class=\"ez-toc-section-end\"><\/span><\/h2>\n\n\n\n<h3 class=\"wp-block-heading\"><strong>La boca seca pot afectar el nad\u00f3?<\/strong><\/h3>\n\n\n\n<p>La boca seca afecta el nad\u00f3 si est\u00e0 relacionada amb una deshidrataci\u00f3 o la diabetis gestacional. En aquests casos, s\u00ed que podria tenir implicacions indirectes en la salut del fetus.<\/p>\n\n\n\n<h3 class=\"wp-block-heading\"><strong>\u00c9s signe d\u2019alguna defici\u00e8ncia nutricional?<\/strong><\/h3>\n\n\n\n<p>Podria deure\u2019s a una car\u00e8ncia de vitamines del grup B o de ferro, per\u00f2 no \u00e9s habitual. Si tamb\u00e9 hi ha fatiga intensa, pal\u00b7lidesa o feblesa, conv\u00e9 fer una an\u00e0lisi per descartar an\u00e8mia o altres defici\u00e8ncies.<\/p>\n\n\n\n<h3 class=\"wp-block-heading\"><strong>Quins col\u00b7lutoris s\u00f3n segurs durant l\u2019embar\u00e0s?<\/strong><\/h3>\n\n\n\n<p>Els col\u00b7lutoris sense alcohol ni clorhexidina solen ser segurs, per\u00f2 cal consultar l\u2019odont\u00f2leg abans, especialment si hi ha inflamaci\u00f3 o sensibilitat.<\/p>\n\n\n\n<h2 class=\"wp-block-heading\"><span class=\"ez-toc-section\" id=\"Cuida_la_teva_salut_bucal_durant_lembaras_amb_MGC\"><\/span><strong>Cuida la teva salut bucal durant l\u2019embar\u00e0s amb MGC<\/strong><span class=\"ez-toc-section-end\"><\/span><\/h2>\n\n\n\n<p>La boca seca durant l\u2019embar\u00e0s \u00e9s una mol\u00e8stia comuna que es pot alleujar amb bons h\u00e0bits d\u2019hidrataci\u00f3 i higiene. Si notes que els s\u00edmptomes persisteixen o empitjoren, a <a href=\"https:\/\/www.mgc.es\/ca\/\">MGC<\/a> posem a la teva disposici\u00f3 els nostres serveis d\u2019odontologia i revisions dentals adaptades a l\u2019embar\u00e0s, amb un equip d\u2019especialistes que t\u2019acompanyar\u00e0 durant tota aquesta etapa. La teva salut bucal tamb\u00e9 forma part del benestar de l\u2019embar\u00e0s.<\/p>\n\n\n\n<p><\/p>\n","protected":false},"excerpt":{"rendered":"<p>L&#8217;embar\u00e0s \u00e9s una etapa en qu\u00e8 s&#8217;experimenten multitud de canvis f\u00edsics i sensacions noves. Un d\u2019aquests canvis \u00e9s la boca seca durant l&#8217;embar\u00e0s. Tot i que no \u00e9s gaire conegut, s\u00ed que \u00e9s for\u00e7a freq\u00fcent, i pot arribar a afectar el benestar diari, especialment si s&#8217;acompanya d&#8217;altres s\u00edmptomes com gust met\u00e0l\u00b7lic, irritaci\u00f3 o dificultat per [&hellip;]<\/p>\n","protected":false},"author":3,"featured_media":36184,"comment_status":"closed","ping_status":"closed","sticky":false,"template":"","format":"standard","meta":{"footnotes":""},"categories":[991,15],"tags":[],"class_list":["post-36210","post","type-post","status-publish","format-standard","has-post-thumbnail","hentry","category-ginecologia-reproduccio","category-salut"],"featured_image_src":"https:\/\/www.mgc.es\/wp-content\/uploads\/2025\/07\/\u00bfboca-seca-durante-el-embarazo-conoce-las-posibles-razones-1-1-1.jpg","author_info":{"display_name":"Revista Inter\u00e8s Mutu","author_link":"https:\/\/www.mgc.es\/ca\/blog\/author\/interesmutu\/"},"yoast_head":"<!-- This site is optimized with the Yoast SEO plugin v27.2 - https:\/\/yoast.com\/product\/yoast-seo-wordpress\/ -->\n<title>Boca seca durant l\u2019embar\u00e0s? Descobreix les possibles causes<\/title>\n<meta name=\"description\" content=\"Tens la boca seca durant l\u2019embar\u00e0s? Descobreix-ne les causes, com afecta la teva salut i com alleujar-ho f\u00e0cilment.\" \/>\n<meta name=\"robots\" content=\"index, follow, max-snippet:-1, max-image-preview:large, max-video-preview:-1\" \/>\n<link rel=\"canonical\" href=\"https:\/\/www.mgc.es\/ca\/blog\/boca-seca-embaras\/\" \/>\n<meta property=\"og:locale\" content=\"ca_ES\" \/>\n<meta property=\"og:type\" content=\"article\" \/>\n<meta property=\"og:title\" content=\"Boca seca durant l\u2019embar\u00e0s? Descobreix les possibles causes\" \/>\n<meta property=\"og:description\" content=\"Tens la boca seca durant l\u2019embar\u00e0s? Descobreix-ne les causes, com afecta la teva salut i com alleujar-ho f\u00e0cilment.\" \/>\n<meta property=\"og:url\" content=\"https:\/\/www.mgc.es\/ca\/blog\/boca-seca-embaras\/\" \/>\n<meta property=\"og:site_name\" content=\"MGC M\u00fatua\" \/>\n<meta property=\"article:publisher\" content=\"https:\/\/www.facebook.com\/mgcmutua\" \/>\n<meta property=\"article:published_time\" content=\"2025-08-05T07:00:00+00:00\" \/>\n<meta property=\"og:image\" content=\"https:\/\/www.mgc.es\/wp-content\/uploads\/2025\/07\/\u00bfboca-seca-durante-el-embarazo-conoce-las-posibles-razones-1-1-1.jpg\" \/>\n\t<meta property=\"og:image:width\" content=\"800\" \/>\n\t<meta property=\"og:image:height\" content=\"534\" \/>\n\t<meta property=\"og:image:type\" content=\"image\/jpeg\" \/>\n<meta name=\"author\" content=\"Revista Inter\u00e8s Mutu\" \/>\n<meta name=\"twitter:card\" content=\"summary_large_image\" \/>\n<meta name=\"twitter:creator\" content=\"@mgcmutua\" \/>\n<meta name=\"twitter:site\" content=\"@mgcmutua\" \/>\n<meta name=\"twitter:label1\" content=\"Escrit per\" \/>\n\t<meta name=\"twitter:data1\" content=\"Revista Inter\u00e8s Mutu\" \/>\n\t<meta name=\"twitter:label2\" content=\"Temps estimat de lectura\" \/>\n\t<meta name=\"twitter:data2\" content=\"5 minuts\" \/>\n<!-- \/ Yoast SEO plugin. -->","yoast_head_json":{"title":"Boca seca durant l\u2019embar\u00e0s? Descobreix les possibles causes","description":"Tens la boca seca durant l\u2019embar\u00e0s? Descobreix-ne les causes, com afecta la teva salut i com alleujar-ho f\u00e0cilment.","robots":{"index":"index","follow":"follow","max-snippet":"max-snippet:-1","max-image-preview":"max-image-preview:large","max-video-preview":"max-video-preview:-1"},"canonical":"https:\/\/www.mgc.es\/ca\/blog\/boca-seca-embaras\/","og_locale":"ca_ES","og_type":"article","og_title":"Boca seca durant l\u2019embar\u00e0s? Descobreix les possibles causes","og_description":"Tens la boca seca durant l\u2019embar\u00e0s? Descobreix-ne les causes, com afecta la teva salut i com alleujar-ho f\u00e0cilment.","og_url":"https:\/\/www.mgc.es\/ca\/blog\/boca-seca-embaras\/","og_site_name":"MGC M\u00fatua","article_publisher":"https:\/\/www.facebook.com\/mgcmutua","article_published_time":"2025-08-05T07:00:00+00:00","og_image":[{"width":800,"height":534,"url":"https:\/\/www.mgc.es\/wp-content\/uploads\/2025\/07\/\u00bfboca-seca-durante-el-embarazo-conoce-las-posibles-razones-1-1-1.jpg","type":"image\/jpeg"}],"author":"Revista Inter\u00e8s Mutu","twitter_card":"summary_large_image","twitter_creator":"@mgcmutua","twitter_site":"@mgcmutua","twitter_misc":{"Escrit per":"Revista Inter\u00e8s Mutu","Temps estimat de lectura":"5 minuts"},"schema":{"@context":"https:\/\/schema.org","@graph":[{"@type":["Article","BlogPosting"],"@id":"https:\/\/www.mgc.es\/ca\/blog\/boca-seca-embaras\/#article","isPartOf":{"@id":"https:\/\/www.mgc.es\/ca\/blog\/boca-seca-embaras\/"},"author":{"name":"Revista Inter\u00e8s Mutu","@id":"https:\/\/www.mgc.es\/#\/schema\/person\/010c961d9c9acf38f11187a02b646c16"},"headline":"Boca seca durant l\u2019embar\u00e0s? Descobreix les possibles causes","datePublished":"2025-08-05T07:00:00+00:00","mainEntityOfPage":{"@id":"https:\/\/www.mgc.es\/ca\/blog\/boca-seca-embaras\/"},"wordCount":1009,"publisher":{"@id":"https:\/\/www.mgc.es\/#organization"},"image":{"@id":"https:\/\/www.mgc.es\/ca\/blog\/boca-seca-embaras\/#primaryimage"},"thumbnailUrl":"https:\/\/www.mgc.es\/wp-content\/uploads\/2025\/07\/\u00bfboca-seca-durante-el-embarazo-conoce-las-posibles-razones-1-1-1.jpg","articleSection":["Ginecologia i reproducci\u00f3","Salut i medicina"],"inLanguage":"ca"},{"@type":["WebPage","ItemPage"],"@id":"https:\/\/www.mgc.es\/ca\/blog\/boca-seca-embaras\/","url":"https:\/\/www.mgc.es\/ca\/blog\/boca-seca-embaras\/","name":"Boca seca durant l\u2019embar\u00e0s? Descobreix les possibles causes","isPartOf":{"@id":"https:\/\/www.mgc.es\/#website"},"primaryImageOfPage":{"@id":"https:\/\/www.mgc.es\/ca\/blog\/boca-seca-embaras\/#primaryimage"},"image":{"@id":"https:\/\/www.mgc.es\/ca\/blog\/boca-seca-embaras\/#primaryimage"},"thumbnailUrl":"https:\/\/www.mgc.es\/wp-content\/uploads\/2025\/07\/\u00bfboca-seca-durante-el-embarazo-conoce-las-posibles-razones-1-1-1.jpg","datePublished":"2025-08-05T07:00:00+00:00","description":"Tens la boca seca durant l\u2019embar\u00e0s? Descobreix-ne les causes, com afecta la teva salut i com alleujar-ho f\u00e0cilment.","breadcrumb":{"@id":"https:\/\/www.mgc.es\/ca\/blog\/boca-seca-embaras\/#breadcrumb"},"inLanguage":"ca","potentialAction":[{"@type":"ReadAction","target":["https:\/\/www.mgc.es\/ca\/blog\/boca-seca-embaras\/"]}]},{"@type":"ImageObject","inLanguage":"ca","@id":"https:\/\/www.mgc.es\/ca\/blog\/boca-seca-embaras\/#primaryimage","url":"https:\/\/www.mgc.es\/wp-content\/uploads\/2025\/07\/\u00bfboca-seca-durante-el-embarazo-conoce-las-posibles-razones-1-1-1.jpg","contentUrl":"https:\/\/www.mgc.es\/wp-content\/uploads\/2025\/07\/\u00bfboca-seca-durante-el-embarazo-conoce-las-posibles-razones-1-1-1.jpg","width":800,"height":534},{"@type":"BreadcrumbList","@id":"https:\/\/www.mgc.es\/ca\/blog\/boca-seca-embaras\/#breadcrumb","itemListElement":[{"@type":"ListItem","position":1,"name":"Home","item":"https:\/\/www.mgc.es\/ca\/"},{"@type":"ListItem","position":2,"name":"Boca seca durant l\u2019embar\u00e0s? Descobreix les possibles causes"}]},{"@type":"WebSite","@id":"https:\/\/www.mgc.es\/#website","url":"https:\/\/www.mgc.es\/","name":"MGC M\u00fatua","description":"MGC M\u00fatua \u00e9s una entitat asseguradora sense \u00e0nim de lucre constitu\u00efda al 1982 i especialitzada en assegurances de salut i assist\u00e8ncia.","publisher":{"@id":"https:\/\/www.mgc.es\/#organization"},"alternateName":"MGC","potentialAction":[{"@type":"SearchAction","target":{"@type":"EntryPoint","urlTemplate":"https:\/\/www.mgc.es\/?s={search_term_string}"},"query-input":{"@type":"PropertyValueSpecification","valueRequired":true,"valueName":"search_term_string"}}],"inLanguage":"ca"},{"@type":"Organization","@id":"https:\/\/www.mgc.es\/#organization","name":"MGC Mutua","alternateName":"MGC","url":"https:\/\/www.mgc.es\/","logo":{"@type":"ImageObject","inLanguage":"ca","@id":"https:\/\/www.mgc.es\/#\/schema\/logo\/image\/","url":"https:\/\/www.mgc.es\/wp-content\/uploads\/2020\/03\/mgcmutua_h2_2t_reduccions.png","contentUrl":"https:\/\/www.mgc.es\/wp-content\/uploads\/2020\/03\/mgcmutua_h2_2t_reduccions.png","width":303,"height":165,"caption":"MGC Mutua"},"image":{"@id":"https:\/\/www.mgc.es\/#\/schema\/logo\/image\/"},"sameAs":["https:\/\/www.facebook.com\/mgcmutua","https:\/\/x.com\/mgcmutua","https:\/\/www.youtube.com\/c\/MGCMutua"]},{"@type":"Person","@id":"https:\/\/www.mgc.es\/#\/schema\/person\/010c961d9c9acf38f11187a02b646c16","name":"Revista Inter\u00e8s Mutu","image":{"@type":"ImageObject","inLanguage":"ca","@id":"https:\/\/secure.gravatar.com\/avatar\/52302d684339b9d7bf5691e2ad00835d62ce3b4a435f21ca9f21fbe39c63cb1b?s=96&d=mm&r=g","url":"https:\/\/secure.gravatar.com\/avatar\/52302d684339b9d7bf5691e2ad00835d62ce3b4a435f21ca9f21fbe39c63cb1b?s=96&d=mm&r=g","contentUrl":"https:\/\/secure.gravatar.com\/avatar\/52302d684339b9d7bf5691e2ad00835d62ce3b4a435f21ca9f21fbe39c63cb1b?s=96&d=mm&r=g","caption":"Revista Inter\u00e8s Mutu"}}]}},"_links":{"self":[{"href":"https:\/\/www.mgc.es\/ca\/wp-json\/wp\/v2\/posts\/36210","targetHints":{"allow":["GET"]}}],"collection":[{"href":"https:\/\/www.mgc.es\/ca\/wp-json\/wp\/v2\/posts"}],"about":[{"href":"https:\/\/www.mgc.es\/ca\/wp-json\/wp\/v2\/types\/post"}],"author":[{"embeddable":true,"href":"https:\/\/www.mgc.es\/ca\/wp-json\/wp\/v2\/users\/3"}],"replies":[{"embeddable":true,"href":"https:\/\/www.mgc.es\/ca\/wp-json\/wp\/v2\/comments?post=36210"}],"version-history":[{"count":2,"href":"https:\/\/www.mgc.es\/ca\/wp-json\/wp\/v2\/posts\/36210\/revisions"}],"predecessor-version":[{"id":36215,"href":"https:\/\/www.mgc.es\/ca\/wp-json\/wp\/v2\/posts\/36210\/revisions\/36215"}],"wp:featuredmedia":[{"embeddable":true,"href":"https:\/\/www.mgc.es\/ca\/wp-json\/wp\/v2\/media\/36184"}],"wp:attachment":[{"href":"https:\/\/www.mgc.es\/ca\/wp-json\/wp\/v2\/media?parent=36210"}],"wp:term":[{"taxonomy":"category","embeddable":true,"href":"https:\/\/www.mgc.es\/ca\/wp-json\/wp\/v2\/categories?post=36210"},{"taxonomy":"post_tag","embeddable":true,"href":"https:\/\/www.mgc.es\/ca\/wp-json\/wp\/v2\/tags?post=36210"}],"curies":[{"name":"wp","href":"https:\/\/api.w.org\/{rel}","templated":true}]}}