{"id":35498,"date":"2025-09-18T08:00:00","date_gmt":"2025-09-18T06:00:00","guid":{"rendered":"https:\/\/www.mgc.es\/blog\/la-sindrome-de-lull-sec\/"},"modified":"2025-09-18T08:11:05","modified_gmt":"2025-09-18T06:11:05","slug":"la-sindrome-de-lull-sec","status":"publish","type":"post","link":"https:\/\/www.mgc.es\/ca\/blog\/la-sindrome-de-lull-sec\/","title":{"rendered":"La s\u00edndrome de l&#8217;ull sec"},"content":{"rendered":"<div id=\"ez-toc-container\" class=\"ez-toc-v2_0_82_1 counter-hierarchy ez-toc-counter ez-toc-custom ez-toc-container-direction\">\n<div class=\"ez-toc-title-container\"><p class=\"ez-toc-title\" style=\"cursor:inherit\">\u00cdndex de continguts<\/p>\n<\/div><nav><ul class='ez-toc-list ez-toc-list-level-1 ' ><li class='ez-toc-page-1 ez-toc-heading-level-2'><a class=\"ez-toc-link ez-toc-heading-1\" href=\"https:\/\/www.mgc.es\/ca\/blog\/la-sindrome-de-lull-sec\/#Quins_simptomes_produeix\" >Quins s\u00edmptomes produeix<\/a><\/li><li class='ez-toc-page-1 ez-toc-heading-level-2'><a class=\"ez-toc-link ez-toc-heading-2\" href=\"https:\/\/www.mgc.es\/ca\/blog\/la-sindrome-de-lull-sec\/#Quines_son_les_causes_de_la_sindrome_Factors_de_risc\" >Quines s\u00f3n les causes de la s\u00edndrome. Factors de risc<\/a><\/li><li class='ez-toc-page-1 ez-toc-heading-level-2'><a class=\"ez-toc-link ez-toc-heading-3\" href=\"https:\/\/www.mgc.es\/ca\/blog\/la-sindrome-de-lull-sec\/#Com_es_diagnostica\" >Com es diagnostica<\/a><\/li><li class='ez-toc-page-1 ez-toc-heading-level-2'><a class=\"ez-toc-link ez-toc-heading-4\" href=\"https:\/\/www.mgc.es\/ca\/blog\/la-sindrome-de-lull-sec\/#Tractament_de_la_sindrome\" >Tractament de la s\u00edndrome<\/a><\/li><li class='ez-toc-page-1 ez-toc-heading-level-2'><a class=\"ez-toc-link ez-toc-heading-5\" href=\"https:\/\/www.mgc.es\/ca\/blog\/la-sindrome-de-lull-sec\/#Bibliografia\" >Bibliografia:<\/a><\/li><\/ul><\/nav><\/div>\n\n<p><strong>Qu\u00e8 \u00e9s la s\u00edndrome de l&#8217;ull sec  <\/strong><\/p>\n\n<p>Anomenem aix\u00ed el trastorn que es produeix quan les gl\u00e0ndules no produeixen prou ll\u00e0grimes per mantenir l&#8217;ull humit.<\/p>\n\n<p>Distingim <a href=\"https:\/\/sociedadoftalmologicademadrid.com\/revistas\/revista-2007\/m2007-09.htm\">dos tipus<\/a> de trastorn:<\/p>\n\n<p><strong>Ull sec aquodeficient<\/strong> , que \u00e9s el degut a una insuficient producci\u00f3 de ll\u00e0grimes aquoses.<\/p>\n\n<figure class=\"wp-block-image size-large\"><img loading=\"lazy\" decoding=\"async\" width=\"880\" height=\"587\" src=\"https:\/\/www.mgc.es\/wp-content\/uploads\/2025\/06\/mujer-gotas-ojos-880x587.jpg\" alt=\"\" class=\"wp-image-35479\" srcset=\"https:\/\/www.mgc.es\/wp-content\/uploads\/2025\/06\/mujer-gotas-ojos-880x587.jpg 880w, https:\/\/www.mgc.es\/wp-content\/uploads\/2025\/06\/mujer-gotas-ojos-440x293.jpg 440w, https:\/\/www.mgc.es\/wp-content\/uploads\/2025\/06\/mujer-gotas-ojos-768x512.jpg 768w, https:\/\/www.mgc.es\/wp-content\/uploads\/2025\/06\/mujer-gotas-ojos-1536x1024.jpg 1536w, https:\/\/www.mgc.es\/wp-content\/uploads\/2025\/06\/mujer-gotas-ojos-2048x1365.jpg 2048w, https:\/\/www.mgc.es\/wp-content\/uploads\/2025\/06\/mujer-gotas-ojos-scaled.jpg 1024w\" sizes=\"auto, (max-width: 880px) 100vw, 880px\" \/><\/figure>\n\n<p><strong>Ull sec evaporatiu<\/strong> , en qu\u00e8 hi ha una disminuci\u00f3 de la capa lip\u00eddica de les ll\u00e0grimes, deixant-les m\u00e9s exposades a l&#8217;evaporaci\u00f3; o b\u00e9 una evaporaci\u00f3 m\u00e9s gran d&#8217;aquesta capa lip\u00eddica, fonamental per mantenir humit i lubricat l&#8217;ull.<\/p>\n\n<h2 class=\"wp-block-heading\"><span class=\"ez-toc-section\" id=\"Quins_simptomes_produeix\"><\/span><strong>Quins s\u00edmptomes produeix<\/strong><span class=\"ez-toc-section-end\"><\/span><\/h2>\n\n<p>Aquest trastorn pot provocar els s\u00edmptomes seg\u00fcents:<\/p>\n\n<ul class=\"wp-block-list\">\n<li>Sensaci\u00f3 de tenir <a href=\"https:\/\/www.aao.org\/salud-ocular\/sintomas\/sensacion-de-tener-algo-en-el-ojo\">un cos estrany<\/a> , o sorra, als ulls<\/li>\n\n\n\n<li>Picor o co\u00efssor. Ulls envermellits<\/li>\n\n\n\n<li>Punxades oculars<\/li>\n\n\n\n<li>Pesadesa a les parpelles<\/li>\n\n\n\n<li>Sensibilitat excessiva a la llum, amb visi\u00f3 borrosa<\/li>\n<\/ul>\n\n<p>Tamb\u00e9 es pot produir un paradoxal exc\u00e9s de llagrimeig, a causa d&#8217;un esfor\u00e7 reflex de l&#8217;ull per compensar aquesta manca d&#8217;hidrataci\u00f3.<\/p>\n\n<h2 class=\"wp-block-heading\"><span class=\"ez-toc-section\" id=\"Quines_son_les_causes_de_la_sindrome_Factors_de_risc\"><\/span><strong>Quines s\u00f3n les causes de la s\u00edndrome. Factors de risc<\/strong><span class=\"ez-toc-section-end\"><\/span><\/h2>\n\n<p>Hi ha moltes causes i factors de risc per a la s\u00edndrome:<\/p>\n\n<ul class=\"wp-block-list\">\n<li>Tindre m\u00e9s de 50 anys.<\/li>\n\n\n\n<li>Atr\u00f2fia senil del llagrimal<\/li>\n\n\n\n<li>Ser dona<\/li>\n\n\n\n<li>Ser dona menop\u00e0usica<\/li>\n\n\n\n<li>Utilitzar lents de contacte (lents de contacte)<\/li>\n\n\n\n<li>Traumatismes oculars (cops, etc.)<\/li>\n\n\n\n<li>Algunes mancances aliment\u00e0ries, com ingerir poca vitamina A, o pocs \u00e0cids grassos omega-3<\/li>\n\n\n\n<li>Efectes secundaris d&#8217;alguns medicaments Antihistam\u00ednics, di\u00fcr\u00e8tics, betabloquejants, opiacis, etc.<\/li>\n\n\n\n<li>Infeccions (HIV; hepatitis B, tuberculosi, s\u00edfilis)<\/li>\n\n\n\n<li>Patir determinades malalties autoimmunes, com la <a href=\"https:\/\/medlineplus.gov\/spanish\/ency\/article\/000456.htm\">s\u00edndrome de Sj\u00f6gren<\/a> (un trastorn que provoca disminuci\u00f3 de saliva i de ll\u00e0grimes) o el <a href=\"https:\/\/www.cun.es\/enfermedades-tratamientos\/enfermedades\/lupus-eritematoso-sistemico#:~:text=El%20lupus%20es%20una%20enfermedad,de%20un%20paciente%20a%20otro.\">lupus<\/a> , una malaltia en qu\u00e8 el cos ataca per error determinats \u00f2rgans propis (ronyons, pulmons, etc.)<\/li>\n\n\n\n<li>Trasplantaments de medul\u00b7la \u00f2ssia.<\/li>\n<\/ul>\n\n<h2 class=\"wp-block-heading\"><span class=\"ez-toc-section\" id=\"Com_es_diagnostica\"><\/span><strong>Com es diagnostica<\/strong><span class=\"ez-toc-section-end\"><\/span><\/h2>\n\n<p>At\u00e8s el car\u00e0cter de la malaltia, que pot ser causada per molts factors, \u00e9s fonamental determinar quins s\u00f3n els que influeixen en cada cas, de manera que el pacient pugui rebre el tractament m\u00e9s adequat possible.<\/p>\n\n<p>L&#8217;oftalm\u00f2leg disposa de proves i exploracions determinades per diagnosticar. Els m\u00e9s freq\u00fcents s\u00f3n:<\/p>\n\n<ul class=\"wp-block-list\">\n<li>Mesurament del volum de ll\u00e0grimes mitjan\u00e7ant el <a href=\"https:\/\/medlineplus.gov\/spanish\/ency\/article\/003501.htm\">test de Schirmer<\/a> , en qu\u00e8 s&#8217;utilitza un paper absorbent que recull les ll\u00e0grimes en un temps determinat<\/li>\n\n\n\n<li>Mesurament de l&#8217;estabilitat de la ll\u00e0grima (de la pel\u00b7l\u00edcula llagrimal que recobreix l&#8217;ull), mitjan\u00e7ant un tint que revela les zones que s&#8217;assequen<\/li>\n\n\n\n<li>Test d&#8217;osmolaritat llagrimal, que mesura la inflamaci\u00f3 a la superf\u00edcie ocular<\/li>\n\n\n\n<li>Detecci\u00f3 de possibles alteracions a les gl\u00e0ndules lip\u00eddiques (les gl\u00e0ndules de Meibomio) per evitar la possible evaporaci\u00f3 llagrimal<\/li>\n<\/ul>\n\n<h2 class=\"wp-block-heading\"><span class=\"ez-toc-section\" id=\"Tractament_de_la_sindrome\"><\/span><strong>Tractament de la s\u00edndrome<\/strong><span class=\"ez-toc-section-end\"><\/span><\/h2>\n\n<p>\u00c9s molt variable, i dep\u00e8n l\u00f2gicament de la malaltia subjacent al trastorn, si aquesta existeix. Resulta crucial per al pacient pal\u00b7liar els s\u00edmptomes que poden resultar molt molestos i limitar-ne la qualitat de vida.<\/p>\n\n<p>El m\u00e9s important \u00e9s mantenir hidratada la superf\u00edcie ocular. A les farm\u00e0cies es venen \u201cll\u00e0grimes artificials\u201d, que no necessiten recepta. Han de reunir les caracter\u00edstiques seg\u00fcents:<\/p>\n\n<ul class=\"wp-block-list\">\n<li>No tenir conservants<\/li>\n\n\n\n<li>Han de tenir capacitat humectant<\/li>\n\n\n\n<li>Han d&#8217;estabilitzar la pel\u00b7l\u00edcula llagrimal<\/li>\n\n\n\n<li>No han de ser viscoses, per evitar visi\u00f3 borrosa<\/li>\n<\/ul>\n\n<p>Tamb\u00e9 hi ha gels i ung\u00fcents amb efectes humectants, igualment dispensables sense recepta a les farm\u00e0cies.<\/p>\n\n<p>Els casos m\u00e9s extrems podrien requerir medicaments m\u00e9s potents, dirigits a fer que l&#8217;ull produeixi m\u00e9s volum llagrimal. Si l&#8217;origen del trastorn \u00e9s inflamatori, el metge podria indicar corticoides, que aconsegueixen immunosupressi\u00f3 local. Tamb\u00e9 es podria indicar la Ciclosporina A, que inhibeix les c\u00e8l\u00b7lules que afecten la immunitzaci\u00f3.<\/p>\n\n<p>Si l \u201corigen del trastorn \u00e9s infecci\u00f3s, el metge podria indicar la conveni\u00e8ncia d\u201d antibi\u00f2tics (tetraciclines) per via oral. Igualment, si el trastorn procedeix de fer servir un medicament, el metge podr\u00e0 indicar la substituci\u00f3 per un altre de diferent que no tingui aquest efecte secundari.<\/p>\n\n<p>Si el problema est\u00e0 en una an\u00f2mala debilitat de les parpelles inferiors, el que pot provocar un drenatge massa r\u00e0pid de lull. En aquest cas, el metge podria suggerir una intervenci\u00f3 quir\u00fargica per tornar les parpelles al seu estat correcte.<\/p>\n\n<p>Com a regla general, es recomana extremar la higiene de l&#8217;ull, mitjan\u00e7ant productes comercials adequats, capa\u00e7os de pal\u00b7liar els problemes dels trastorns de les <a href=\"https:\/\/www.aao.org\/salud-ocular\/anatomia\/glandulas-de-meibomio\">gl\u00e0ndules de Meibomio<\/a> .<\/p>\n\n<p>Igualment, es recomanen els canvis adequats als estils de vida. Per exemple, els seg\u00fcents:<\/p>\n\n<ul class=\"wp-block-list\">\n<li>Evitar ambients molt secs. Si fos possible, un humidificador pot evitar la sequedat ambiental<\/li>\n\n\n\n<li>No passar molt de temps entre lordinador o les pantalles. Descansar amb freq\u00fc\u00e8ncia en cas que sigui imprescindible<\/li>\n\n\n\n<li>Evitar ambients amb fum o aire condicionat. El vent afavoreix l&#8217;evaporaci\u00f3 de les ll\u00e0grimes<\/li>\n\n\n\n<li>Beure molta aigua<\/li>\n\n\n\n<li>Dormir b\u00e9.<\/li>\n<\/ul>\n\n<h2 class=\"wp-block-heading\"><span class=\"ez-toc-section\" id=\"Bibliografia\"><\/span>Bibliografia:<span class=\"ez-toc-section-end\"><\/span><\/h2>\n\n<p><a href=\"https:\/\/www.aao.org\/salud-ocular\/enfermedades\/ojo-seco\">American Academy of Ophthalmology: l&#8217;ull sec<\/a><\/p>\n","protected":false},"excerpt":{"rendered":"<p>Qu\u00e8 \u00e9s la s\u00edndrome de l&#8217;ull sec Anomenem aix\u00ed el trastorn que es produeix quan les gl\u00e0ndules no produeixen prou ll\u00e0grimes per mantenir l&#8217;ull humit. Distingim dos tipus de trastorn: Ull sec aquodeficient , que \u00e9s el degut a una insuficient producci\u00f3 de ll\u00e0grimes aquoses. Ull sec evaporatiu , en qu\u00e8 hi ha una disminuci\u00f3 [&hellip;]<\/p>\n","protected":false},"author":3,"featured_media":35480,"comment_status":"closed","ping_status":"closed","sticky":false,"template":"","format":"standard","meta":{"footnotes":""},"categories":[998,15],"tags":[],"class_list":["post-35498","post","type-post","status-publish","format-standard","has-post-thumbnail","hentry","category-oftalmologia","category-salut"],"featured_image_src":"https:\/\/www.mgc.es\/wp-content\/uploads\/2025\/06\/mujer-gotas-ojos-scaled.jpg","author_info":{"display_name":"Revista Inter\u00e8s Mutu","author_link":"https:\/\/www.mgc.es\/ca\/blog\/author\/interesmutu\/"},"yoast_head":"<!-- This site is optimized with the Yoast SEO plugin v27.2 - https:\/\/yoast.com\/product\/yoast-seo-wordpress\/ -->\n<title>La s\u00edndrome de l&#039;ull sec - MGC M\u00fatua<\/title>\n<meta name=\"description\" content=\"Anomenem aix\u00ed el trastorn que es produeix quan les gl\u00e0ndules no produeixen prou ll\u00e0grimes per mantenir l&#039;ull humit.\" \/>\n<meta name=\"robots\" content=\"index, follow, max-snippet:-1, max-image-preview:large, max-video-preview:-1\" \/>\n<link rel=\"canonical\" href=\"https:\/\/www.mgc.es\/ca\/blog\/la-sindrome-de-lull-sec\/\" \/>\n<meta property=\"og:locale\" content=\"ca_ES\" \/>\n<meta property=\"og:type\" content=\"article\" \/>\n<meta property=\"og:title\" content=\"La s\u00edndrome de l&#039;ull sec - MGC M\u00fatua\" \/>\n<meta property=\"og:description\" content=\"Anomenem aix\u00ed el trastorn que es produeix quan les gl\u00e0ndules no produeixen prou ll\u00e0grimes per mantenir l&#039;ull humit.\" \/>\n<meta property=\"og:url\" content=\"https:\/\/www.mgc.es\/ca\/blog\/la-sindrome-de-lull-sec\/\" \/>\n<meta property=\"og:site_name\" content=\"MGC M\u00fatua\" \/>\n<meta property=\"article:publisher\" content=\"https:\/\/www.facebook.com\/mgcmutua\" \/>\n<meta property=\"article:published_time\" content=\"2025-09-18T06:00:00+00:00\" \/>\n<meta property=\"article:modified_time\" content=\"2025-09-18T06:11:05+00:00\" \/>\n<meta property=\"og:image\" content=\"https:\/\/www.mgc.es\/wp-content\/uploads\/2025\/06\/mujer-gotas-ojos-scaled.jpg\" \/>\n\t<meta property=\"og:image:width\" content=\"1024\" \/>\n\t<meta property=\"og:image:height\" content=\"683\" \/>\n\t<meta property=\"og:image:type\" content=\"image\/jpeg\" \/>\n<meta name=\"author\" content=\"Revista Inter\u00e8s Mutu\" \/>\n<meta name=\"twitter:card\" content=\"summary_large_image\" \/>\n<meta name=\"twitter:creator\" content=\"@mgcmutua\" \/>\n<meta name=\"twitter:site\" content=\"@mgcmutua\" \/>\n<meta name=\"twitter:label1\" content=\"Escrit per\" \/>\n\t<meta name=\"twitter:data1\" content=\"Revista Inter\u00e8s Mutu\" \/>\n\t<meta name=\"twitter:label2\" content=\"Temps estimat de lectura\" \/>\n\t<meta name=\"twitter:data2\" content=\"4 minuts\" \/>\n<!-- \/ Yoast SEO plugin. -->","yoast_head_json":{"title":"La s\u00edndrome de l'ull sec - MGC M\u00fatua","description":"Anomenem aix\u00ed el trastorn que es produeix quan les gl\u00e0ndules no produeixen prou ll\u00e0grimes per mantenir l'ull humit.","robots":{"index":"index","follow":"follow","max-snippet":"max-snippet:-1","max-image-preview":"max-image-preview:large","max-video-preview":"max-video-preview:-1"},"canonical":"https:\/\/www.mgc.es\/ca\/blog\/la-sindrome-de-lull-sec\/","og_locale":"ca_ES","og_type":"article","og_title":"La s\u00edndrome de l'ull sec - MGC M\u00fatua","og_description":"Anomenem aix\u00ed el trastorn que es produeix quan les gl\u00e0ndules no produeixen prou ll\u00e0grimes per mantenir l'ull humit.","og_url":"https:\/\/www.mgc.es\/ca\/blog\/la-sindrome-de-lull-sec\/","og_site_name":"MGC M\u00fatua","article_publisher":"https:\/\/www.facebook.com\/mgcmutua","article_published_time":"2025-09-18T06:00:00+00:00","article_modified_time":"2025-09-18T06:11:05+00:00","og_image":[{"width":1024,"height":683,"url":"https:\/\/www.mgc.es\/wp-content\/uploads\/2025\/06\/mujer-gotas-ojos-scaled.jpg","type":"image\/jpeg"}],"author":"Revista Inter\u00e8s Mutu","twitter_card":"summary_large_image","twitter_creator":"@mgcmutua","twitter_site":"@mgcmutua","twitter_misc":{"Escrit per":"Revista Inter\u00e8s Mutu","Temps estimat de lectura":"4 minuts"},"schema":{"@context":"https:\/\/schema.org","@graph":[{"@type":["Article","BlogPosting"],"@id":"https:\/\/www.mgc.es\/ca\/blog\/la-sindrome-de-lull-sec\/#article","isPartOf":{"@id":"https:\/\/www.mgc.es\/ca\/blog\/la-sindrome-de-lull-sec\/"},"author":{"name":"Revista Inter\u00e8s Mutu","@id":"https:\/\/www.mgc.es\/#\/schema\/person\/010c961d9c9acf38f11187a02b646c16"},"headline":"La s\u00edndrome de l&#8217;ull sec","datePublished":"2025-09-18T06:00:00+00:00","dateModified":"2025-09-18T06:11:05+00:00","mainEntityOfPage":{"@id":"https:\/\/www.mgc.es\/ca\/blog\/la-sindrome-de-lull-sec\/"},"wordCount":805,"publisher":{"@id":"https:\/\/www.mgc.es\/#organization"},"image":{"@id":"https:\/\/www.mgc.es\/ca\/blog\/la-sindrome-de-lull-sec\/#primaryimage"},"thumbnailUrl":"https:\/\/www.mgc.es\/wp-content\/uploads\/2025\/06\/mujer-gotas-ojos-scaled.jpg","articleSection":["Oftalmologia","Salut i medicina"],"inLanguage":"ca"},{"@type":["WebPage","ItemPage"],"@id":"https:\/\/www.mgc.es\/ca\/blog\/la-sindrome-de-lull-sec\/","url":"https:\/\/www.mgc.es\/ca\/blog\/la-sindrome-de-lull-sec\/","name":"La s\u00edndrome de l'ull sec - MGC M\u00fatua","isPartOf":{"@id":"https:\/\/www.mgc.es\/#website"},"primaryImageOfPage":{"@id":"https:\/\/www.mgc.es\/ca\/blog\/la-sindrome-de-lull-sec\/#primaryimage"},"image":{"@id":"https:\/\/www.mgc.es\/ca\/blog\/la-sindrome-de-lull-sec\/#primaryimage"},"thumbnailUrl":"https:\/\/www.mgc.es\/wp-content\/uploads\/2025\/06\/mujer-gotas-ojos-scaled.jpg","datePublished":"2025-09-18T06:00:00+00:00","dateModified":"2025-09-18T06:11:05+00:00","description":"Anomenem aix\u00ed el trastorn que es produeix quan les gl\u00e0ndules no produeixen prou ll\u00e0grimes per mantenir l'ull humit.","breadcrumb":{"@id":"https:\/\/www.mgc.es\/ca\/blog\/la-sindrome-de-lull-sec\/#breadcrumb"},"inLanguage":"ca","potentialAction":[{"@type":"ReadAction","target":["https:\/\/www.mgc.es\/ca\/blog\/la-sindrome-de-lull-sec\/"]}]},{"@type":"ImageObject","inLanguage":"ca","@id":"https:\/\/www.mgc.es\/ca\/blog\/la-sindrome-de-lull-sec\/#primaryimage","url":"https:\/\/www.mgc.es\/wp-content\/uploads\/2025\/06\/mujer-gotas-ojos-scaled.jpg","contentUrl":"https:\/\/www.mgc.es\/wp-content\/uploads\/2025\/06\/mujer-gotas-ojos-scaled.jpg","width":1024,"height":683},{"@type":"BreadcrumbList","@id":"https:\/\/www.mgc.es\/ca\/blog\/la-sindrome-de-lull-sec\/#breadcrumb","itemListElement":[{"@type":"ListItem","position":1,"name":"Home","item":"https:\/\/www.mgc.es\/ca\/"},{"@type":"ListItem","position":2,"name":"La s\u00edndrome de l&#8217;ull sec"}]},{"@type":"WebSite","@id":"https:\/\/www.mgc.es\/#website","url":"https:\/\/www.mgc.es\/","name":"MGC M\u00fatua","description":"MGC M\u00fatua \u00e9s una entitat asseguradora sense \u00e0nim de lucre constitu\u00efda al 1982 i especialitzada en assegurances de salut i assist\u00e8ncia.","publisher":{"@id":"https:\/\/www.mgc.es\/#organization"},"alternateName":"MGC","potentialAction":[{"@type":"SearchAction","target":{"@type":"EntryPoint","urlTemplate":"https:\/\/www.mgc.es\/?s={search_term_string}"},"query-input":{"@type":"PropertyValueSpecification","valueRequired":true,"valueName":"search_term_string"}}],"inLanguage":"ca"},{"@type":"Organization","@id":"https:\/\/www.mgc.es\/#organization","name":"MGC Mutua","alternateName":"MGC","url":"https:\/\/www.mgc.es\/","logo":{"@type":"ImageObject","inLanguage":"ca","@id":"https:\/\/www.mgc.es\/#\/schema\/logo\/image\/","url":"https:\/\/www.mgc.es\/wp-content\/uploads\/2020\/03\/mgcmutua_h2_2t_reduccions.png","contentUrl":"https:\/\/www.mgc.es\/wp-content\/uploads\/2020\/03\/mgcmutua_h2_2t_reduccions.png","width":303,"height":165,"caption":"MGC Mutua"},"image":{"@id":"https:\/\/www.mgc.es\/#\/schema\/logo\/image\/"},"sameAs":["https:\/\/www.facebook.com\/mgcmutua","https:\/\/x.com\/mgcmutua","https:\/\/www.youtube.com\/c\/MGCMutua"]},{"@type":"Person","@id":"https:\/\/www.mgc.es\/#\/schema\/person\/010c961d9c9acf38f11187a02b646c16","name":"Revista Inter\u00e8s Mutu","image":{"@type":"ImageObject","inLanguage":"ca","@id":"https:\/\/secure.gravatar.com\/avatar\/52302d684339b9d7bf5691e2ad00835d62ce3b4a435f21ca9f21fbe39c63cb1b?s=96&d=mm&r=g","url":"https:\/\/secure.gravatar.com\/avatar\/52302d684339b9d7bf5691e2ad00835d62ce3b4a435f21ca9f21fbe39c63cb1b?s=96&d=mm&r=g","contentUrl":"https:\/\/secure.gravatar.com\/avatar\/52302d684339b9d7bf5691e2ad00835d62ce3b4a435f21ca9f21fbe39c63cb1b?s=96&d=mm&r=g","caption":"Revista Inter\u00e8s Mutu"}}]}},"_links":{"self":[{"href":"https:\/\/www.mgc.es\/ca\/wp-json\/wp\/v2\/posts\/35498","targetHints":{"allow":["GET"]}}],"collection":[{"href":"https:\/\/www.mgc.es\/ca\/wp-json\/wp\/v2\/posts"}],"about":[{"href":"https:\/\/www.mgc.es\/ca\/wp-json\/wp\/v2\/types\/post"}],"author":[{"embeddable":true,"href":"https:\/\/www.mgc.es\/ca\/wp-json\/wp\/v2\/users\/3"}],"replies":[{"embeddable":true,"href":"https:\/\/www.mgc.es\/ca\/wp-json\/wp\/v2\/comments?post=35498"}],"version-history":[{"count":3,"href":"https:\/\/www.mgc.es\/ca\/wp-json\/wp\/v2\/posts\/35498\/revisions"}],"predecessor-version":[{"id":36411,"href":"https:\/\/www.mgc.es\/ca\/wp-json\/wp\/v2\/posts\/35498\/revisions\/36411"}],"wp:featuredmedia":[{"embeddable":true,"href":"https:\/\/www.mgc.es\/ca\/wp-json\/wp\/v2\/media\/35480"}],"wp:attachment":[{"href":"https:\/\/www.mgc.es\/ca\/wp-json\/wp\/v2\/media?parent=35498"}],"wp:term":[{"taxonomy":"category","embeddable":true,"href":"https:\/\/www.mgc.es\/ca\/wp-json\/wp\/v2\/categories?post=35498"},{"taxonomy":"post_tag","embeddable":true,"href":"https:\/\/www.mgc.es\/ca\/wp-json\/wp\/v2\/tags?post=35498"}],"curies":[{"name":"wp","href":"https:\/\/api.w.org\/{rel}","templated":true}]}}