{"id":35000,"date":"2025-05-26T08:00:00","date_gmt":"2025-05-26T06:00:00","guid":{"rendered":"https:\/\/www.mgc.es\/?p=35000"},"modified":"2025-05-23T13:36:32","modified_gmt":"2025-05-23T11:36:32","slug":"convocatoria-assemblea-general-ordinaria","status":"publish","type":"post","link":"https:\/\/www.mgc.es\/ca\/blog\/convocatoria-assemblea-general-ordinaria\/","title":{"rendered":"Convocat\u00f2ria Assemblea General Ordin\u00e0ria"},"content":{"rendered":"\n<figure class=\"wp-block-image size-large\"><img loading=\"lazy\" decoding=\"async\" width=\"880\" height=\"406\" src=\"https:\/\/www.mgc.es\/wp-content\/uploads\/2022\/05\/assemblea-880x406.jpg\" alt=\"\" class=\"wp-image-26367\" srcset=\"https:\/\/www.mgc.es\/wp-content\/uploads\/2022\/05\/assemblea-880x406.jpg 880w, https:\/\/www.mgc.es\/wp-content\/uploads\/2022\/05\/assemblea-440x203.jpg 440w, https:\/\/www.mgc.es\/wp-content\/uploads\/2022\/05\/assemblea-768x354.jpg 768w, https:\/\/www.mgc.es\/wp-content\/uploads\/2022\/05\/assemblea.jpg 960w\" sizes=\"auto, (max-width: 880px) 100vw, 880px\" \/><\/figure>\n\n\n\n<p>En compliment del que estableixen els articles 16 i 17 dels Estatuts Socials, el Consell d&#8217;Administraci\u00f3 d\u2019MGC Insurance, Mutua de Seguros y Reaseguros a Prima Fija, en sessi\u00f3 celebrada el dia\u00a013\u00a0de maig de 2025,\u00a0va acordar convocar els mutualistes\u00a0de l\u2019entitat\u00a0a l&#8217;Assemblea General Ordin\u00e0ria que tindr\u00e0 lloc el proper dia\u00a027\u00a0de juny de 2025, a les 11:00h, en primera convocat\u00f2ria i, si escau, a les 12:00h en segona convocat\u00f2ria, a la \u201cSala d&#8217;Actes Manel Ar\u00e1n\u201d de la seva seu social, situada al carrer Tuset 5-11, de Barcelona.<\/p>\n\n\n\n<p>Consulta l&#8217;<strong><a href=\"https:\/\/www.mgc.es\/wp-content\/uploads\/2025\/05\/anunci_convocatoria_2025.pdf\" target=\"_blank\" rel=\"noreferrer noopener nofollow\">Anunci de convocat\u00f2ria<\/a><\/strong>, aix\u00ed com els <strong><a href=\"https:\/\/www.mgc.es\/wp-content\/uploads\/2025\/05\/documents_assemblea_2025.zip\" target=\"_blank\" rel=\"noreferrer noopener nofollow\">documents<\/a><\/strong> sotmesos a aprovaci\u00f3.<\/p>\n","protected":false},"excerpt":{"rendered":"<p>En compliment del que estableixen els articles 16 i 17 dels Estatuts Socials, el Consell d&#8217;Administraci\u00f3 d\u2019MGC Insurance, Mutua de Seguros y Reaseguros a Prima Fija, en sessi\u00f3 celebrada el dia\u00a013\u00a0de maig de 2025,\u00a0va acordar convocar els mutualistes\u00a0de l\u2019entitat\u00a0a l&#8217;Assemblea General Ordin\u00e0ria que tindr\u00e0 lloc el proper dia\u00a027\u00a0de juny de 2025, a les 11:00h, en [&hellip;]<\/p>\n","protected":false},"author":3,"featured_media":26368,"comment_status":"closed","ping_status":"closed","sticky":false,"template":"","format":"standard","meta":{"footnotes":""},"categories":[11],"tags":[],"class_list":["post-35000","post","type-post","status-publish","format-standard","has-post-thumbnail","hentry","category-actualitat"],"featured_image_src":"https:\/\/www.mgc.es\/wp-content\/uploads\/2022\/05\/assemblea.jpg","author_info":{"display_name":"Revista Inter\u00e8s Mutu","author_link":"https:\/\/www.mgc.es\/ca\/blog\/author\/interesmutu\/"},"yoast_head":"<!-- This site is optimized with the Yoast SEO plugin v27.2 - https:\/\/yoast.com\/product\/yoast-seo-wordpress\/ -->\n<title>Convocat\u00f2ria Assemblea General Ordin\u00e0ria - MGC M\u00fatua<\/title>\n<meta name=\"description\" content=\"Se convoca a los mutualistas de la entidad a la Asamblea General Ordinaria que tendr\u00e1 lugar el pr\u00f3ximo d\u00eda 29 de junio de 2022\" \/>\n<meta name=\"robots\" content=\"noindex, nofollow\" \/>\n<meta property=\"og:locale\" content=\"ca_ES\" \/>\n<meta property=\"og:type\" content=\"article\" \/>\n<meta property=\"og:title\" content=\"Convocat\u00f2ria Assemblea General Ordin\u00e0ria - MGC M\u00fatua\" \/>\n<meta property=\"og:description\" content=\"Se convoca a los mutualistas de la entidad a la Asamblea General Ordinaria que tendr\u00e1 lugar el pr\u00f3ximo d\u00eda 29 de junio de 2022\" \/>\n<meta property=\"og:url\" content=\"https:\/\/www.mgc.es\/ca\/blog\/convocatoria-assemblea-general-ordinaria\/\" \/>\n<meta property=\"og:site_name\" content=\"MGC M\u00fatua\" \/>\n<meta property=\"article:publisher\" content=\"https:\/\/www.facebook.com\/mgcmutua\" \/>\n<meta property=\"article:published_time\" content=\"2025-05-26T06:00:00+00:00\" \/>\n<meta property=\"og:image\" content=\"https:\/\/www.mgc.es\/wp-content\/uploads\/2022\/05\/assemblea.jpg\" \/>\n\t<meta property=\"og:image:width\" content=\"960\" \/>\n\t<meta property=\"og:image:height\" content=\"443\" \/>\n\t<meta property=\"og:image:type\" content=\"image\/jpeg\" \/>\n<meta name=\"author\" content=\"Revista Inter\u00e8s Mutu\" \/>\n<meta name=\"twitter:card\" content=\"summary_large_image\" \/>\n<meta name=\"twitter:creator\" content=\"@mgcmutua\" \/>\n<meta name=\"twitter:site\" content=\"@mgcmutua\" \/>\n<meta name=\"twitter:label1\" content=\"Escrit per\" \/>\n\t<meta name=\"twitter:data1\" content=\"Revista Inter\u00e8s Mutu\" \/>\n\t<meta name=\"twitter:label2\" content=\"Temps estimat de lectura\" \/>\n\t<meta name=\"twitter:data2\" content=\"1 minut\" \/>\n<!-- \/ Yoast SEO plugin. -->","yoast_head_json":{"title":"Convocat\u00f2ria Assemblea General Ordin\u00e0ria - MGC M\u00fatua","description":"Se convoca a los mutualistas de la entidad a la Asamblea General Ordinaria que tendr\u00e1 lugar el pr\u00f3ximo d\u00eda 29 de junio de 2022","robots":{"index":"noindex","follow":"nofollow"},"og_locale":"ca_ES","og_type":"article","og_title":"Convocat\u00f2ria Assemblea General Ordin\u00e0ria - MGC M\u00fatua","og_description":"Se convoca a los mutualistas de la entidad a la Asamblea General Ordinaria que tendr\u00e1 lugar el pr\u00f3ximo d\u00eda 29 de junio de 2022","og_url":"https:\/\/www.mgc.es\/ca\/blog\/convocatoria-assemblea-general-ordinaria\/","og_site_name":"MGC M\u00fatua","article_publisher":"https:\/\/www.facebook.com\/mgcmutua","article_published_time":"2025-05-26T06:00:00+00:00","og_image":[{"width":960,"height":443,"url":"https:\/\/www.mgc.es\/wp-content\/uploads\/2022\/05\/assemblea.jpg","type":"image\/jpeg"}],"author":"Revista Inter\u00e8s Mutu","twitter_card":"summary_large_image","twitter_creator":"@mgcmutua","twitter_site":"@mgcmutua","twitter_misc":{"Escrit per":"Revista Inter\u00e8s Mutu","Temps estimat de lectura":"1 minut"},"schema":{"@context":"https:\/\/schema.org","@graph":[{"@type":["Article","BlogPosting"],"@id":"https:\/\/www.mgc.es\/ca\/blog\/convocatoria-assemblea-general-ordinaria\/#article","isPartOf":{"@id":"https:\/\/www.mgc.es\/ca\/blog\/convocatoria-assemblea-general-ordinaria\/"},"author":{"name":"Revista Inter\u00e8s Mutu","@id":"https:\/\/www.mgc.es\/#\/schema\/person\/010c961d9c9acf38f11187a02b646c16"},"headline":"Convocat\u00f2ria Assemblea General Ordin\u00e0ria","datePublished":"2025-05-26T06:00:00+00:00","mainEntityOfPage":{"@id":"https:\/\/www.mgc.es\/ca\/blog\/convocatoria-assemblea-general-ordinaria\/"},"wordCount":110,"publisher":{"@id":"https:\/\/www.mgc.es\/#organization"},"image":{"@id":"https:\/\/www.mgc.es\/ca\/blog\/convocatoria-assemblea-general-ordinaria\/#primaryimage"},"thumbnailUrl":"https:\/\/www.mgc.es\/wp-content\/uploads\/2022\/05\/assemblea.jpg","articleSection":["Actualitat M\u00fatua"],"inLanguage":"ca"},{"@type":["WebPage","ItemPage"],"@id":"https:\/\/www.mgc.es\/ca\/blog\/convocatoria-assemblea-general-ordinaria\/","url":"https:\/\/www.mgc.es\/ca\/blog\/convocatoria-assemblea-general-ordinaria\/","name":"Convocat\u00f2ria Assemblea General Ordin\u00e0ria - MGC M\u00fatua","isPartOf":{"@id":"https:\/\/www.mgc.es\/#website"},"primaryImageOfPage":{"@id":"https:\/\/www.mgc.es\/ca\/blog\/convocatoria-assemblea-general-ordinaria\/#primaryimage"},"image":{"@id":"https:\/\/www.mgc.es\/ca\/blog\/convocatoria-assemblea-general-ordinaria\/#primaryimage"},"thumbnailUrl":"https:\/\/www.mgc.es\/wp-content\/uploads\/2022\/05\/assemblea.jpg","datePublished":"2025-05-26T06:00:00+00:00","description":"Se convoca a los mutualistas de la entidad a la Asamblea General Ordinaria que tendr\u00e1 lugar el pr\u00f3ximo d\u00eda 29 de junio de 2022","breadcrumb":{"@id":"https:\/\/www.mgc.es\/ca\/blog\/convocatoria-assemblea-general-ordinaria\/#breadcrumb"},"inLanguage":"ca","potentialAction":[{"@type":"ReadAction","target":["https:\/\/www.mgc.es\/ca\/blog\/convocatoria-assemblea-general-ordinaria\/"]}]},{"@type":"ImageObject","inLanguage":"ca","@id":"https:\/\/www.mgc.es\/ca\/blog\/convocatoria-assemblea-general-ordinaria\/#primaryimage","url":"https:\/\/www.mgc.es\/wp-content\/uploads\/2022\/05\/assemblea.jpg","contentUrl":"https:\/\/www.mgc.es\/wp-content\/uploads\/2022\/05\/assemblea.jpg","width":960,"height":443},{"@type":"BreadcrumbList","@id":"https:\/\/www.mgc.es\/ca\/blog\/convocatoria-assemblea-general-ordinaria\/#breadcrumb","itemListElement":[{"@type":"ListItem","position":1,"name":"Home","item":"https:\/\/www.mgc.es\/ca\/"},{"@type":"ListItem","position":2,"name":"Convocat\u00f2ria Assemblea General Ordin\u00e0ria"}]},{"@type":"WebSite","@id":"https:\/\/www.mgc.es\/#website","url":"https:\/\/www.mgc.es\/","name":"MGC M\u00fatua","description":"MGC M\u00fatua \u00e9s una entitat asseguradora sense \u00e0nim de lucre constitu\u00efda al 1982 i especialitzada en assegurances de salut i assist\u00e8ncia.","publisher":{"@id":"https:\/\/www.mgc.es\/#organization"},"alternateName":"MGC","potentialAction":[{"@type":"SearchAction","target":{"@type":"EntryPoint","urlTemplate":"https:\/\/www.mgc.es\/?s={search_term_string}"},"query-input":{"@type":"PropertyValueSpecification","valueRequired":true,"valueName":"search_term_string"}}],"inLanguage":"ca"},{"@type":"Organization","@id":"https:\/\/www.mgc.es\/#organization","name":"MGC Mutua","alternateName":"MGC","url":"https:\/\/www.mgc.es\/","logo":{"@type":"ImageObject","inLanguage":"ca","@id":"https:\/\/www.mgc.es\/#\/schema\/logo\/image\/","url":"https:\/\/www.mgc.es\/wp-content\/uploads\/2020\/03\/mgcmutua_h2_2t_reduccions.png","contentUrl":"https:\/\/www.mgc.es\/wp-content\/uploads\/2020\/03\/mgcmutua_h2_2t_reduccions.png","width":303,"height":165,"caption":"MGC Mutua"},"image":{"@id":"https:\/\/www.mgc.es\/#\/schema\/logo\/image\/"},"sameAs":["https:\/\/www.facebook.com\/mgcmutua","https:\/\/x.com\/mgcmutua","https:\/\/www.youtube.com\/c\/MGCMutua"]},{"@type":"Person","@id":"https:\/\/www.mgc.es\/#\/schema\/person\/010c961d9c9acf38f11187a02b646c16","name":"Revista Inter\u00e8s Mutu","image":{"@type":"ImageObject","inLanguage":"ca","@id":"https:\/\/secure.gravatar.com\/avatar\/52302d684339b9d7bf5691e2ad00835d62ce3b4a435f21ca9f21fbe39c63cb1b?s=96&d=mm&r=g","url":"https:\/\/secure.gravatar.com\/avatar\/52302d684339b9d7bf5691e2ad00835d62ce3b4a435f21ca9f21fbe39c63cb1b?s=96&d=mm&r=g","contentUrl":"https:\/\/secure.gravatar.com\/avatar\/52302d684339b9d7bf5691e2ad00835d62ce3b4a435f21ca9f21fbe39c63cb1b?s=96&d=mm&r=g","caption":"Revista Inter\u00e8s Mutu"}}]}},"_links":{"self":[{"href":"https:\/\/www.mgc.es\/ca\/wp-json\/wp\/v2\/posts\/35000","targetHints":{"allow":["GET"]}}],"collection":[{"href":"https:\/\/www.mgc.es\/ca\/wp-json\/wp\/v2\/posts"}],"about":[{"href":"https:\/\/www.mgc.es\/ca\/wp-json\/wp\/v2\/types\/post"}],"author":[{"embeddable":true,"href":"https:\/\/www.mgc.es\/ca\/wp-json\/wp\/v2\/users\/3"}],"replies":[{"embeddable":true,"href":"https:\/\/www.mgc.es\/ca\/wp-json\/wp\/v2\/comments?post=35000"}],"version-history":[{"count":2,"href":"https:\/\/www.mgc.es\/ca\/wp-json\/wp\/v2\/posts\/35000\/revisions"}],"predecessor-version":[{"id":35002,"href":"https:\/\/www.mgc.es\/ca\/wp-json\/wp\/v2\/posts\/35000\/revisions\/35002"}],"wp:featuredmedia":[{"embeddable":true,"href":"https:\/\/www.mgc.es\/ca\/wp-json\/wp\/v2\/media\/26368"}],"wp:attachment":[{"href":"https:\/\/www.mgc.es\/ca\/wp-json\/wp\/v2\/media?parent=35000"}],"wp:term":[{"taxonomy":"category","embeddable":true,"href":"https:\/\/www.mgc.es\/ca\/wp-json\/wp\/v2\/categories?post=35000"},{"taxonomy":"post_tag","embeddable":true,"href":"https:\/\/www.mgc.es\/ca\/wp-json\/wp\/v2\/tags?post=35000"}],"curies":[{"name":"wp","href":"https:\/\/api.w.org\/{rel}","templated":true}]}}