{"id":34633,"date":"2025-07-03T08:28:00","date_gmt":"2025-07-03T06:28:00","guid":{"rendered":"https:\/\/www.mgc.es\/?p=34633"},"modified":"2025-05-06T17:21:31","modified_gmt":"2025-05-06T15:21:31","slug":"la-malaltia-de-crohn-el-que-has-de-saber","status":"publish","type":"post","link":"https:\/\/www.mgc.es\/ca\/blog\/la-malaltia-de-crohn-el-que-has-de-saber\/","title":{"rendered":"La malaltia de Crohn: el que has de saber"},"content":{"rendered":"<div id=\"ez-toc-container\" class=\"ez-toc-v2_0_82_1 counter-hierarchy ez-toc-counter ez-toc-custom ez-toc-container-direction\">\n<div class=\"ez-toc-title-container\"><p class=\"ez-toc-title\" style=\"cursor:inherit\">\u00cdndex de continguts<\/p>\n<\/div><nav><ul class='ez-toc-list ez-toc-list-level-1 ' ><li class='ez-toc-page-1 ez-toc-heading-level-2'><a class=\"ez-toc-link ez-toc-heading-1\" href=\"https:\/\/www.mgc.es\/ca\/blog\/la-malaltia-de-crohn-el-que-has-de-saber\/#Quins_simptomes_produeix\" >Quins s\u00edmptomes produeix<\/a><\/li><li class='ez-toc-page-1 ez-toc-heading-level-2'><a class=\"ez-toc-link ez-toc-heading-2\" href=\"https:\/\/www.mgc.es\/ca\/blog\/la-malaltia-de-crohn-el-que-has-de-saber\/#Com_es_diagnostica\" >Com es diagnostica<\/a><\/li><li class='ez-toc-page-1 ez-toc-heading-level-2'><a class=\"ez-toc-link ez-toc-heading-3\" href=\"https:\/\/www.mgc.es\/ca\/blog\/la-malaltia-de-crohn-el-que-has-de-saber\/#Quin_es_el_tractament\" >Quin \u00e9s el tractament<\/a><\/li><li class='ez-toc-page-1 ez-toc-heading-level-2'><a class=\"ez-toc-link ez-toc-heading-4\" href=\"https:\/\/www.mgc.es\/ca\/blog\/la-malaltia-de-crohn-el-que-has-de-saber\/#Que_pots_fer_a_casa\" >Qu\u00e8 pots fer a casa<\/a><\/li><li class='ez-toc-page-1 ez-toc-heading-level-2'><a class=\"ez-toc-link ez-toc-heading-5\" href=\"https:\/\/www.mgc.es\/ca\/blog\/la-malaltia-de-crohn-el-que-has-de-saber\/#Bibliografia\" >Bibliografia<\/a><\/li><\/ul><\/nav><\/div>\n\n<p>La malaltia de Crohn \u00e9s una <a href=\"https:\/\/www.msdmanuals.com\/es\/hogar\/trastornos-inmunol%C3%B3gicos\/reacciones-al%C3%A9rgicas-y-otros-trastornos-de-hipersensibilidad\/trastornos-autoinmunitarios?ruleredirectid=756\">malaltia autoimmune<\/a>. Es presenta quan el sistema immunitari del pacient ataca per error i destrueix teixits corporals sans. En el cas del Crohn, afecta teixits intestinals, gaireb\u00e9 sempre la part inferior de l&#8217;intest\u00ed prim (ili) i el comen\u00e7ament de l&#8217;intest\u00ed gruixut, per\u00f2 pot afectar qualsevol part del sistema digestiu, doneu la boca fins al recte.<\/p>\n\n\n\n<figure class=\"wp-block-image size-full\"><img loading=\"lazy\" decoding=\"async\" width=\"800\" height=\"534\" src=\"https:\/\/www.mgc.es\/wp-content\/uploads\/2025\/05\/crohn.jpg\" alt=\"\" class=\"wp-image-34626\" srcset=\"https:\/\/www.mgc.es\/wp-content\/uploads\/2025\/05\/crohn.jpg 800w, https:\/\/www.mgc.es\/wp-content\/uploads\/2025\/05\/crohn-440x294.jpg 440w, https:\/\/www.mgc.es\/wp-content\/uploads\/2025\/05\/crohn-768x513.jpg 768w\" sizes=\"auto, (max-width: 800px) 100vw, 800px\" \/><\/figure>\n\n\n\n<p>Les parts afectades apareixen envermellides i inflades, fins i tot amb \u00falceres. A mesura que aquestes es curen, es pot produir un estrenyiment del tub per la cicatritzaci\u00f3, cosa que pot induir una obstrucci\u00f3. <\/p>\n\n\n\n<p>La malaltia no t\u00e9 cura i el tractament va dirigit a tractar els s\u00edmptomes i a procurar que els per\u00edodes asimptom\u00e0tics siguin tan llargs com sigui possible.<\/p>\n\n\n\n<p>La causa \u00e9s desconeguda, per\u00f2 sabem que afecta amb m\u00e9s freq\u00fc\u00e8ncia els familiars de pacients que la pateixen. Se sol manifestar entre els 20 i els 30 anys. <\/p>\n\n\n\n<h2 class=\"wp-block-heading\"><span class=\"ez-toc-section\" id=\"Quins_simptomes_produeix\"><\/span><strong>Quins s\u00edmptomes produeix<\/strong><span class=\"ez-toc-section-end\"><\/span><\/h2>\n\n\n\n<p>S\u00f3n molt variables. Els casos lleus fins i tot poden passar inadvertits durant anys, fins que la malaltia es diagnostica. Els <a href=\"https:\/\/www.cun.es\/enfermedades-tratamientos\/enfermedades\/enfermedad-crohn\">s\u00edmptomes<\/a> depenen de la part del tub digestiu afectada; fluctuen de lleus a greus i poden apar\u00e8ixer i desapar\u00e8ixer en per\u00edodes de durada variable.  <\/p>\n\n\n\n<p>\u00c9s de causa desconeguda, com totes les malalties autoimmunes.<\/p>\n\n\n\n<p>Els casos m\u00e9s seriosos produeixen:<\/p>\n\n\n\n<ul class=\"wp-block-list\">\n<li>Febre<\/li>\n\n\n\n<li>Fatiga<\/li>\n\n\n\n<li>Per\u00edodes de diarrea amb sang i dolor a la part baixa de l&#8217;abdomen<\/li>\n\n\n\n<li>Tenesme (sensaci\u00f3 falsa de no haver evacuat del tot)<\/li>\n\n\n\n<li>P\u00e8rdua de gana<\/li>\n\n\n\n<li>P\u00e8rdua de pes<\/li>\n\n\n\n<li>Abscessos (cavitats de pus) i petites f\u00edstules (que s\u00f3n petits conductes que connecten l&#8217;intest\u00ed amb altres \u00f2rgans o amb la pell).<\/li>\n\n\n\n<li>Afectaci\u00f3 general.<\/li>\n<\/ul>\n\n\n\n<p>Altres s\u00edmptomes que es poden presentar s\u00f3n:<\/p>\n\n\n\n<ul class=\"wp-block-list\">\n<li>Estrenyiment<\/li>\n\n\n\n<li>\u00dalceres o inflamaci\u00f3 als ulls<\/li>\n\n\n\n<li>Sortida de pus, moc o femta per una zona adjacent a l&#8217;anus, per una f\u00edstula<\/li>\n\n\n\n<li>Inflor i dolor articular<\/li>\n<\/ul>\n\n\n\n<h2 class=\"wp-block-heading\"><span class=\"ez-toc-section\" id=\"Com_es_diagnostica\"><\/span><strong>Com es diagnostica<\/strong><span class=\"ez-toc-section-end\"><\/span><\/h2>\n\n\n\n<p>Cal sospitar que el pacient t\u00e9 la malaltia si presenta els s\u00edmptomes descrits (diarrea, dolor abdominal, p\u00e8rdua de pes) durant m\u00e9s de tres o quatre setmanes. El preceptiu examen a c\u00e0rrec de l&#8217;especialista pot mostrar sensibilitat a l&#8217;abdomen, erupcions cut\u00e0nies i inflamaci\u00f3 de les articulacions. El pacient tamb\u00e9 podria presentar \u00falceres bucals.  <\/p>\n\n\n\n<p>Despr\u00e9s d&#8217;un possible cultiu de femta, que podria mostrar altres causes possibles dels s\u00edmptomes, les proves a qu\u00e8 se sotmetria el pacient s\u00f3n algunes o totes les explorat\u00f2ries del sistema digestiu, a saber:<\/p>\n\n\n\n<ul class=\"wp-block-list\">\n<li>Tr\u00e0nsit esof\u00e0gic-gastroduodenal ( <a href=\"https:\/\/www.cun.es\/enfermedades-tratamientos\/enfermedades\/enfermedad-crohn\">\u00e8nema opac<\/a> )<\/li>\n\n\n\n<li><a href=\"https:\/\/www.mayoclinic.org\/es\/tests-procedures\/colonoscopy\/about\/pac-20393569#:~:text=Una%20colonoscopia%20es%20un%20examen,(colonoscopio)%20en%20el%20recto.\">Colonosc\u00f2pia<\/a> (exploraci\u00f3 del c\u00f2lon mitjan\u00e7ant una sonda prove\u00efda d&#8217;una cambra que s&#8217;introdueix per l&#8217;anus)<\/li>\n\n\n\n<li><a href=\"https:\/\/www.mayoclinic.org\/es\/tests-procedures\/colonoscopy\/about\/pac-20393569#:~:text=Una%20colonoscopia%20es%20un%20examen,(colonoscopio)%20en%20el%20recto.\">Endosc\u00f2pia<\/a>, amb una sonda que tamb\u00e9 porta una c\u00e0mera, que s&#8217;introdueix per la boca<\/li>\n\n\n\n<li><a href=\"https:\/\/medlineplus.gov\/spanish\/ency\/article\/003796.htm\">Resson\u00e0ncia magn\u00e8tica de l&#8217;abdomen<\/a><\/li>\n\n\n\n<li><a href=\"https:\/\/www.elsevier.es\/es-revista-medicina-integral-63-articulo-tomografia-computarizada-abdominal-12963\">Tomografia assistida per ordinador de l&#8217;abdomen<\/a><\/li>\n\n\n\n<li><a href=\"https:\/\/ingaled.com\/tecnicas-endoscopicas\/intestino-delgado\/#:~:text=Consiste%20en%20el%20estudio%20del,lleva%20colocado%20en%20un%20cintur%C3%B3n.\">Enterosc\u00f2pia<\/a><\/li>\n\n\n\n<li><a href=\"https:\/\/www.radiologyinfo.org\/es\/info\/mrenterography\">Enterografia per resson\u00e0ncia magn\u00e8tica<\/a><\/li>\n<\/ul>\n\n\n\n<p>Les an\u00e0lisis de sang i femta efectuades a un pacient amb malaltia de Crohn podrien mostrar:<\/p>\n\n\n\n<ul class=\"wp-block-list\">\n<li>Velocitat de sedimentaci\u00f3 elevada<\/li>\n\n\n\n<li>Leuc\u00f2cits elevats<\/li>\n\n\n\n<li>Hemoglobina i hemat\u00f2crit baixos<\/li>\n\n\n\n<li>Prote\u00efna C reactiva elevada<\/li>\n\n\n\n<li>Funci\u00f3 hep\u00e0tica anormal<\/li>\n\n\n\n<li>Calprotectina a la femta elevada (que indicaria inflamaci\u00f3)<\/li>\n<\/ul>\n\n\n\n<p>Possibles complicacions<\/p>\n\n\n\n<ul class=\"wp-block-list\">\n<li>Sagnat i an\u00e8mia ferrop\u00e8nica (per p\u00e8rdua de ferro)<\/li>\n\n\n\n<li>Disminuci\u00f3 de la mobilitat de l&#8217;intest\u00ed o obstrucci\u00f3 (bloqueig parcial o total del tr\u00e0nsit intestinal<\/li>\n\n\n\n<li>Inflamaci\u00f3 del fetge i la via biliar<\/li>\n\n\n\n<li>Perforaci\u00f3 de l&#8217;intest\u00ed i\/o formaci\u00f3 d&#8217;una f\u00edstula<\/li>\n\n\n\n<li>Problemes amb la digesti\u00f3<\/li>\n<\/ul>\n\n\n\n<h2 class=\"wp-block-heading\"><span class=\"ez-toc-section\" id=\"Quin_es_el_tractament\"><\/span><strong>Quin \u00e9s el tractament<\/strong><span class=\"ez-toc-section-end\"><\/span><\/h2>\n\n\n\n<p>El tractament dep\u00e8n de la gravetat i de l&#8217;extensi\u00f3 de la malaltia, i el seu efecte en cada pacient. En la majoria dels casos, la medicaci\u00f3 redueix la inflamaci\u00f3, mant\u00e9 els s\u00edmptomes controlats i redueix la possibilitat d&#8217;un nou atac.<\/p>\n\n\n\n<p>En casos complicats, podria ser necessari la resecci\u00f3 quir\u00fargica de les zones inflamades (perforaci\u00f3, f\u00edstules, abscessos, obstrucci\u00f3), per\u00f2 res no prev\u00e9 la possibilitat que la malaltia es presenti en altres llocs.<\/p>\n\n\n\n<p>Els f\u00e0rmacs m\u00e9s habituals en el tractament dels s\u00edmptomes de la malaltia de Crohn s\u00f3n:<\/p>\n\n\n\n<ul class=\"wp-block-list\">\n<li>Els antiinflamatoris, en els casos d&#8217;inflamaci\u00f3 amb s\u00edmptomes moderats<\/li>\n\n\n\n<li>Corticoides per via oral, en cas d&#8217;aguditzaci\u00f3 de la inflamaci\u00f3<\/li>\n\n\n\n<li>Anticossos: prote\u00efnes produ\u00efdes pels \u00e9ssers vius per bloquejar altres subst\u00e0ncies, contra el <a href=\"https:\/\/www.revclinesp.es\/es-terapia-biologica-con-anticuerpos-anti-articulo-13109835?newsletter=true&amp;code=8qHpnCc159hWYbUv3I47JaFrxZeS2G\">TNF alfa<\/a> per als pacients amb f\u00edstules.<\/li>\n\n\n\n<li>Medicaments en \u00e8nema, per a acci\u00f3 local al recte<\/li>\n\n\n\n<li><a href=\"https:\/\/www.cun.es\/diccionario-medico\/terminos\/tratamiento-inmunosupresor\">Immunosupressors<\/a> , que s\u00f3n medicaments que bloquegen la divisi\u00f3 de les c\u00e8l\u00b7lules (en els casos greus que no responen als corticoides)<\/li>\n\n\n\n<li>Antibi\u00f2tics per al tractament de possibles infeccions associades<\/li>\n\n\n\n<li>Vitamines, per suplir possibles mancances<\/li>\n\n\n\n<li>Antidiarreics, en els casos greus.<\/li>\n<\/ul>\n\n\n\n<h2 class=\"wp-block-heading\"><span class=\"ez-toc-section\" id=\"Que_pots_fer_a_casa\"><\/span><strong>Qu\u00e8 pots fer a casa<\/strong><span class=\"ez-toc-section-end\"><\/span><\/h2>\n\n\n\n<p>Has de consumir una dieta equilibrada, amb aliments de tots els grups (prote\u00efnes, hidrats, greixos). Parla amb el teu metge per si pogu\u00e9s ser convenient que prenguessis vitamines o suplements minerals.<\/p>\n\n\n\n<p>Com que es tracta d&#8217;una malaltia que afecta el sistema digestiu, la dieta t\u00e9 import\u00e0ncia, encara que no s&#8217;ha demostrat que millori els s\u00edmptomes de la malaltia. Per aix\u00f2 mateix, una determinada dieta pot resultar beneficiosa a un pacient i exacerbar els s\u00edmptomes a un altre. Com a regla general:  <\/p>\n\n\n\n<ul class=\"wp-block-list\">\n<li>Evita els aliments que saps que et sentin malament o que et produeixen gasos<\/li>\n\n\n\n<li>Menja diverses vegades al dia, per\u00f2 en petites quantitats<\/li>\n\n\n\n<li>Evita els aliments rics en fibra<\/li>\n\n\n\n<li>Evita l&#8217;exc\u00e9s de greix (els fregits, mantega, margarina)<\/li>\n\n\n\n<li>Evita els aliments picants o molt especiats<\/li>\n<\/ul>\n\n\n\n<h2 class=\"wp-block-heading\"><span class=\"ez-toc-section\" id=\"Bibliografia\"><\/span>Bibliografia<span class=\"ez-toc-section-end\"><\/span><\/h2>\n\n\n\n<p><a href=\"https:\/\/www.mayoclinic.org\/es\/diseases-conditions\/crohns-disease\/symptoms-causes\/syc-20353304\">Cl\u00ednica Maig: malaltia de Crohn<\/a><\/p>\n\n\n\n<p><a href=\"https:\/\/www.msdmanuals.com\/es\/hogar\/trastornos-gastrointestinales\/enfermedad-inflamatoria-intestinal\/enfermedad-de-crohn\">Manual MSD: malaltia de Crohn<\/a><\/p>\n","protected":false},"excerpt":{"rendered":"<p>La malaltia de Crohn \u00e9s una malaltia autoimmune. Es presenta quan el sistema immunitari del pacient ataca per error i destrueix teixits corporals sans. En el cas del Crohn, afecta teixits intestinals, gaireb\u00e9 sempre la part inferior de l&#8217;intest\u00ed prim (ili) i el comen\u00e7ament de l&#8217;intest\u00ed gruixut, per\u00f2 pot afectar qualsevol part del sistema digestiu, [&hellip;]<\/p>\n","protected":false},"author":3,"featured_media":34627,"comment_status":"closed","ping_status":"closed","sticky":false,"template":"","format":"standard","meta":{"footnotes":""},"categories":[658,15],"tags":[],"class_list":["post-34633","post","type-post","status-publish","format-standard","has-post-thumbnail","hentry","category-alimentacio-nutricio","category-salut"],"featured_image_src":"https:\/\/www.mgc.es\/wp-content\/uploads\/2025\/05\/crohn.jpg","author_info":{"display_name":"Revista Inter\u00e8s Mutu","author_link":"https:\/\/www.mgc.es\/ca\/blog\/author\/interesmutu\/"},"yoast_head":"<!-- This site is optimized with the Yoast SEO plugin v27.2 - https:\/\/yoast.com\/product\/yoast-seo-wordpress\/ -->\n<title>La malaltia de Crohn: el que has de saber - MGC M\u00fatua<\/title>\n<meta name=\"description\" content=\"La malaltia de Crohn \u00e9s una malaltia autoimmune. Es presenta quan el sistema immunitari del pacient ataca per error i destrueix teixits corporals sans. En el cas del Crohn, afecta teixits intestinals, gaireb\u00e9 sempre la part inferior de l&#039;intest\u00ed prim (ili) i el comen\u00e7ament de l&#039;intest\u00ed gruixut, per\u00f2 pot afectar qualsevol part del sistema digestiu, doneu la boca fins al recte.\" \/>\n<meta name=\"robots\" content=\"index, follow, max-snippet:-1, max-image-preview:large, max-video-preview:-1\" \/>\n<link rel=\"canonical\" href=\"https:\/\/www.mgc.es\/blog\/la-enfermedad-de-crohn-lo-que-debes-saber\/\" \/>\n<meta property=\"og:locale\" content=\"ca_ES\" \/>\n<meta property=\"og:type\" content=\"article\" \/>\n<meta property=\"og:title\" content=\"La malaltia de Crohn: el que has de saber - MGC M\u00fatua\" \/>\n<meta property=\"og:description\" content=\"La malaltia de Crohn \u00e9s una malaltia autoimmune. Es presenta quan el sistema immunitari del pacient ataca per error i destrueix teixits corporals sans. En el cas del Crohn, afecta teixits intestinals, gaireb\u00e9 sempre la part inferior de l&#039;intest\u00ed prim (ili) i el comen\u00e7ament de l&#039;intest\u00ed gruixut, per\u00f2 pot afectar qualsevol part del sistema digestiu, doneu la boca fins al recte.\" \/>\n<meta property=\"og:url\" content=\"https:\/\/www.mgc.es\/blog\/la-enfermedad-de-crohn-lo-que-debes-saber\/\" \/>\n<meta property=\"og:site_name\" content=\"MGC M\u00fatua\" \/>\n<meta property=\"article:publisher\" content=\"https:\/\/www.facebook.com\/mgcmutua\" \/>\n<meta property=\"article:published_time\" content=\"2025-07-03T06:28:00+00:00\" \/>\n<meta property=\"og:image\" content=\"https:\/\/www.mgc.es\/wp-content\/uploads\/2025\/05\/crohn.jpg\" \/>\n\t<meta property=\"og:image:width\" content=\"800\" \/>\n\t<meta property=\"og:image:height\" content=\"534\" \/>\n\t<meta property=\"og:image:type\" content=\"image\/jpeg\" \/>\n<meta name=\"author\" content=\"Revista Inter\u00e8s Mutu\" \/>\n<meta name=\"twitter:card\" content=\"summary_large_image\" \/>\n<meta name=\"twitter:creator\" content=\"@mgcmutua\" \/>\n<meta name=\"twitter:site\" content=\"@mgcmutua\" \/>\n<meta name=\"twitter:label1\" content=\"Escrit per\" \/>\n\t<meta name=\"twitter:data1\" content=\"Revista Inter\u00e8s Mutu\" \/>\n\t<meta name=\"twitter:label2\" content=\"Temps estimat de lectura\" \/>\n\t<meta name=\"twitter:data2\" content=\"5 minuts\" \/>\n<!-- \/ Yoast SEO plugin. -->","yoast_head_json":{"title":"La malaltia de Crohn: el que has de saber - MGC M\u00fatua","description":"La malaltia de Crohn \u00e9s una malaltia autoimmune. Es presenta quan el sistema immunitari del pacient ataca per error i destrueix teixits corporals sans. En el cas del Crohn, afecta teixits intestinals, gaireb\u00e9 sempre la part inferior de l'intest\u00ed prim (ili) i el comen\u00e7ament de l'intest\u00ed gruixut, per\u00f2 pot afectar qualsevol part del sistema digestiu, doneu la boca fins al recte.","robots":{"index":"index","follow":"follow","max-snippet":"max-snippet:-1","max-image-preview":"max-image-preview:large","max-video-preview":"max-video-preview:-1"},"canonical":"https:\/\/www.mgc.es\/blog\/la-enfermedad-de-crohn-lo-que-debes-saber\/","og_locale":"ca_ES","og_type":"article","og_title":"La malaltia de Crohn: el que has de saber - MGC M\u00fatua","og_description":"La malaltia de Crohn \u00e9s una malaltia autoimmune. Es presenta quan el sistema immunitari del pacient ataca per error i destrueix teixits corporals sans. En el cas del Crohn, afecta teixits intestinals, gaireb\u00e9 sempre la part inferior de l'intest\u00ed prim (ili) i el comen\u00e7ament de l'intest\u00ed gruixut, per\u00f2 pot afectar qualsevol part del sistema digestiu, doneu la boca fins al recte.","og_url":"https:\/\/www.mgc.es\/blog\/la-enfermedad-de-crohn-lo-que-debes-saber\/","og_site_name":"MGC M\u00fatua","article_publisher":"https:\/\/www.facebook.com\/mgcmutua","article_published_time":"2025-07-03T06:28:00+00:00","og_image":[{"width":800,"height":534,"url":"https:\/\/www.mgc.es\/wp-content\/uploads\/2025\/05\/crohn.jpg","type":"image\/jpeg"}],"author":"Revista Inter\u00e8s Mutu","twitter_card":"summary_large_image","twitter_creator":"@mgcmutua","twitter_site":"@mgcmutua","twitter_misc":{"Escrit per":"Revista Inter\u00e8s Mutu","Temps estimat de lectura":"5 minuts"},"schema":{"@context":"https:\/\/schema.org","@graph":[{"@type":["Article","BlogPosting"],"@id":"https:\/\/www.mgc.es\/blog\/la-enfermedad-de-crohn-lo-que-debes-saber\/#article","isPartOf":{"@id":"https:\/\/www.mgc.es\/blog\/la-enfermedad-de-crohn-lo-que-debes-saber\/"},"author":{"name":"Revista Inter\u00e8s Mutu","@id":"https:\/\/www.mgc.es\/#\/schema\/person\/010c961d9c9acf38f11187a02b646c16"},"headline":"La malaltia de Crohn: el que has de saber","datePublished":"2025-07-03T06:28:00+00:00","mainEntityOfPage":{"@id":"https:\/\/www.mgc.es\/blog\/la-enfermedad-de-crohn-lo-que-debes-saber\/"},"wordCount":917,"publisher":{"@id":"https:\/\/www.mgc.es\/#organization"},"image":{"@id":"https:\/\/www.mgc.es\/blog\/la-enfermedad-de-crohn-lo-que-debes-saber\/#primaryimage"},"thumbnailUrl":"https:\/\/www.mgc.es\/wp-content\/uploads\/2025\/05\/crohn.jpg","articleSection":["Alimentaci\u00f3 i Nutrici\u00f3","Salut i medicina"],"inLanguage":"ca"},{"@type":["WebPage","ItemPage"],"@id":"https:\/\/www.mgc.es\/blog\/la-enfermedad-de-crohn-lo-que-debes-saber\/","url":"https:\/\/www.mgc.es\/blog\/la-enfermedad-de-crohn-lo-que-debes-saber\/","name":"La malaltia de Crohn: el que has de saber - MGC M\u00fatua","isPartOf":{"@id":"https:\/\/www.mgc.es\/#website"},"primaryImageOfPage":{"@id":"https:\/\/www.mgc.es\/blog\/la-enfermedad-de-crohn-lo-que-debes-saber\/#primaryimage"},"image":{"@id":"https:\/\/www.mgc.es\/blog\/la-enfermedad-de-crohn-lo-que-debes-saber\/#primaryimage"},"thumbnailUrl":"https:\/\/www.mgc.es\/wp-content\/uploads\/2025\/05\/crohn.jpg","datePublished":"2025-07-03T06:28:00+00:00","description":"La malaltia de Crohn \u00e9s una malaltia autoimmune. Es presenta quan el sistema immunitari del pacient ataca per error i destrueix teixits corporals sans. En el cas del Crohn, afecta teixits intestinals, gaireb\u00e9 sempre la part inferior de l'intest\u00ed prim (ili) i el comen\u00e7ament de l'intest\u00ed gruixut, per\u00f2 pot afectar qualsevol part del sistema digestiu, doneu la boca fins al recte.","breadcrumb":{"@id":"https:\/\/www.mgc.es\/blog\/la-enfermedad-de-crohn-lo-que-debes-saber\/#breadcrumb"},"inLanguage":"ca","potentialAction":[{"@type":"ReadAction","target":["https:\/\/www.mgc.es\/blog\/la-enfermedad-de-crohn-lo-que-debes-saber\/"]}]},{"@type":"ImageObject","inLanguage":"ca","@id":"https:\/\/www.mgc.es\/blog\/la-enfermedad-de-crohn-lo-que-debes-saber\/#primaryimage","url":"https:\/\/www.mgc.es\/wp-content\/uploads\/2025\/05\/crohn.jpg","contentUrl":"https:\/\/www.mgc.es\/wp-content\/uploads\/2025\/05\/crohn.jpg","width":800,"height":534},{"@type":"BreadcrumbList","@id":"https:\/\/www.mgc.es\/blog\/la-enfermedad-de-crohn-lo-que-debes-saber\/#breadcrumb","itemListElement":[{"@type":"ListItem","position":1,"name":"Home","item":"https:\/\/www.mgc.es\/ca\/"},{"@type":"ListItem","position":2,"name":"La malaltia de Crohn: el que has de saber"}]},{"@type":"WebSite","@id":"https:\/\/www.mgc.es\/#website","url":"https:\/\/www.mgc.es\/","name":"MGC M\u00fatua","description":"MGC M\u00fatua \u00e9s una entitat asseguradora sense \u00e0nim de lucre constitu\u00efda al 1982 i especialitzada en assegurances de salut i assist\u00e8ncia.","publisher":{"@id":"https:\/\/www.mgc.es\/#organization"},"alternateName":"MGC","potentialAction":[{"@type":"SearchAction","target":{"@type":"EntryPoint","urlTemplate":"https:\/\/www.mgc.es\/?s={search_term_string}"},"query-input":{"@type":"PropertyValueSpecification","valueRequired":true,"valueName":"search_term_string"}}],"inLanguage":"ca"},{"@type":"Organization","@id":"https:\/\/www.mgc.es\/#organization","name":"MGC Mutua","alternateName":"MGC","url":"https:\/\/www.mgc.es\/","logo":{"@type":"ImageObject","inLanguage":"ca","@id":"https:\/\/www.mgc.es\/#\/schema\/logo\/image\/","url":"https:\/\/www.mgc.es\/wp-content\/uploads\/2020\/03\/mgcmutua_h2_2t_reduccions.png","contentUrl":"https:\/\/www.mgc.es\/wp-content\/uploads\/2020\/03\/mgcmutua_h2_2t_reduccions.png","width":303,"height":165,"caption":"MGC Mutua"},"image":{"@id":"https:\/\/www.mgc.es\/#\/schema\/logo\/image\/"},"sameAs":["https:\/\/www.facebook.com\/mgcmutua","https:\/\/x.com\/mgcmutua","https:\/\/www.youtube.com\/c\/MGCMutua"]},{"@type":"Person","@id":"https:\/\/www.mgc.es\/#\/schema\/person\/010c961d9c9acf38f11187a02b646c16","name":"Revista Inter\u00e8s Mutu","image":{"@type":"ImageObject","inLanguage":"ca","@id":"https:\/\/secure.gravatar.com\/avatar\/52302d684339b9d7bf5691e2ad00835d62ce3b4a435f21ca9f21fbe39c63cb1b?s=96&d=mm&r=g","url":"https:\/\/secure.gravatar.com\/avatar\/52302d684339b9d7bf5691e2ad00835d62ce3b4a435f21ca9f21fbe39c63cb1b?s=96&d=mm&r=g","contentUrl":"https:\/\/secure.gravatar.com\/avatar\/52302d684339b9d7bf5691e2ad00835d62ce3b4a435f21ca9f21fbe39c63cb1b?s=96&d=mm&r=g","caption":"Revista Inter\u00e8s Mutu"}}]}},"_links":{"self":[{"href":"https:\/\/www.mgc.es\/ca\/wp-json\/wp\/v2\/posts\/34633","targetHints":{"allow":["GET"]}}],"collection":[{"href":"https:\/\/www.mgc.es\/ca\/wp-json\/wp\/v2\/posts"}],"about":[{"href":"https:\/\/www.mgc.es\/ca\/wp-json\/wp\/v2\/types\/post"}],"author":[{"embeddable":true,"href":"https:\/\/www.mgc.es\/ca\/wp-json\/wp\/v2\/users\/3"}],"replies":[{"embeddable":true,"href":"https:\/\/www.mgc.es\/ca\/wp-json\/wp\/v2\/comments?post=34633"}],"version-history":[{"count":3,"href":"https:\/\/www.mgc.es\/ca\/wp-json\/wp\/v2\/posts\/34633\/revisions"}],"predecessor-version":[{"id":34678,"href":"https:\/\/www.mgc.es\/ca\/wp-json\/wp\/v2\/posts\/34633\/revisions\/34678"}],"wp:featuredmedia":[{"embeddable":true,"href":"https:\/\/www.mgc.es\/ca\/wp-json\/wp\/v2\/media\/34627"}],"wp:attachment":[{"href":"https:\/\/www.mgc.es\/ca\/wp-json\/wp\/v2\/media?parent=34633"}],"wp:term":[{"taxonomy":"category","embeddable":true,"href":"https:\/\/www.mgc.es\/ca\/wp-json\/wp\/v2\/categories?post=34633"},{"taxonomy":"post_tag","embeddable":true,"href":"https:\/\/www.mgc.es\/ca\/wp-json\/wp\/v2\/tags?post=34633"}],"curies":[{"name":"wp","href":"https:\/\/api.w.org\/{rel}","templated":true}]}}