{"id":33319,"date":"2025-01-30T09:30:48","date_gmt":"2025-01-30T08:30:48","guid":{"rendered":"https:\/\/www.mgc.es\/?p=33319"},"modified":"2024-12-11T09:39:31","modified_gmt":"2024-12-11T08:39:31","slug":"leucemia-aguda-que-nhas-de-saber","status":"publish","type":"post","link":"https:\/\/www.mgc.es\/ca\/blog\/leucemia-aguda-que-nhas-de-saber\/","title":{"rendered":"Leuc\u00e8mia aguda: qu\u00e8 n\u2019has de saber"},"content":{"rendered":"<div id=\"ez-toc-container\" class=\"ez-toc-v2_0_82_1 counter-hierarchy ez-toc-counter ez-toc-custom ez-toc-container-direction\">\n<div class=\"ez-toc-title-container\"><p class=\"ez-toc-title\" style=\"cursor:inherit\">\u00cdndex de continguts<\/p>\n<\/div><nav><ul class='ez-toc-list ez-toc-list-level-1 ' ><li class='ez-toc-page-1 ez-toc-heading-level-2'><a class=\"ez-toc-link ez-toc-heading-1\" href=\"https:\/\/www.mgc.es\/ca\/blog\/leucemia-aguda-que-nhas-de-saber\/#La_sang\" >La sang<\/a><\/li><li class='ez-toc-page-1 ez-toc-heading-level-2'><a class=\"ez-toc-link ez-toc-heading-2\" href=\"https:\/\/www.mgc.es\/ca\/blog\/leucemia-aguda-que-nhas-de-saber\/#Classes_de_leucemia\" >Classes de leuc\u00e8mia<\/a><\/li><li class='ez-toc-page-1 ez-toc-heading-level-2'><a class=\"ez-toc-link ez-toc-heading-3\" href=\"https:\/\/www.mgc.es\/ca\/blog\/leucemia-aguda-que-nhas-de-saber\/#Que_causa_una_leucemia_aguda\" >Qu\u00e8 causa una leuc\u00e8mia aguda<\/a><\/li><li class='ez-toc-page-1 ez-toc-heading-level-2'><a class=\"ez-toc-link ez-toc-heading-4\" href=\"https:\/\/www.mgc.es\/ca\/blog\/leucemia-aguda-que-nhas-de-saber\/#Simptomes_de_la_leucemia_aguda\" >S\u00edmptomes de la leuc\u00e8mia aguda<\/a><\/li><li class='ez-toc-page-1 ez-toc-heading-level-2'><a class=\"ez-toc-link ez-toc-heading-5\" href=\"https:\/\/www.mgc.es\/ca\/blog\/leucemia-aguda-que-nhas-de-saber\/#Com_es_diagnostica\" >Com es diagnostica<\/a><\/li><li class='ez-toc-page-1 ez-toc-heading-level-2'><a class=\"ez-toc-link ez-toc-heading-6\" href=\"https:\/\/www.mgc.es\/ca\/blog\/leucemia-aguda-que-nhas-de-saber\/#Tractament_de_la_leucemia_aguda\" >Tractament de la leuc\u00e8mia aguda<\/a><\/li><li class='ez-toc-page-1 ez-toc-heading-level-2'><a class=\"ez-toc-link ez-toc-heading-7\" href=\"https:\/\/www.mgc.es\/ca\/blog\/leucemia-aguda-que-nhas-de-saber\/#Prevencio_de_la_leucemia_aguda\" >Prevenci\u00f3 de la leuc\u00e8mia aguda<\/a><\/li><\/ul><\/nav><\/div>\n\n<figure class=\"wp-block-image size-full\"><img loading=\"lazy\" decoding=\"async\" width=\"800\" height=\"450\" src=\"https:\/\/www.mgc.es\/wp-content\/uploads\/2024\/12\/seccion-vena.jpg\" alt=\"\" class=\"wp-image-33320\" srcset=\"https:\/\/www.mgc.es\/wp-content\/uploads\/2024\/12\/seccion-vena.jpg 800w, https:\/\/www.mgc.es\/wp-content\/uploads\/2024\/12\/seccion-vena-440x248.jpg 440w, https:\/\/www.mgc.es\/wp-content\/uploads\/2024\/12\/seccion-vena-768x432.jpg 768w\" sizes=\"auto, (max-width: 800px) 100vw, 800px\" \/><\/figure>\n\n\n\n<p>La leuc\u00e8mia \u00e9s una malaltia que es caracteritza per la multiplicaci\u00f3 incontrolada d\u2019una classe espec\u00edfica de c\u00e8l\u00b7lules a la sang. Abans d\u2019aprofundir-hi, parlarem una mica de la sang.<\/p>\n\n\n\n<h2 class=\"wp-block-heading\"><span class=\"ez-toc-section\" id=\"La_sang\"><\/span><strong>La sang<\/strong><span class=\"ez-toc-section-end\"><\/span><\/h2>\n\n\n\n<p>La sang \u00e9s un teixit m\u00e9s del cos. Es tracta d\u2019un teixit l\u00edquid perqu\u00e8 t\u00e9 una funci\u00f3 important a l\u2019organisme: fa de via de comunicaci\u00f3 i de transport de les subst\u00e0ncies necess\u00e0ries per proveir els \u00f2rgans i mantenir-ne les funcions vitals. Es compon de diverses <a href=\"https:\/\/www.genome.gov\/es\/research-at-nhgri\/Projects\/Democratizing-Education\/entender-las-c%C3%A9lulas-sangu%C3%ADneas\">classes de c\u00e8l\u00b7lules<\/a>:<\/p>\n\n\n\n<p><strong>Gl\u00f2buls vermells, hematies o eritr\u00f2cits<\/strong><\/p>\n\n\n\n<p>S\u00f3n com petits sacs plens d\u2019una prote\u00efna anomenada hemoglobina que t\u00e9 per missi\u00f3 transportar l\u2019oxigen a totes les c\u00e8l\u00b7lules de l\u2019organisme.<\/p>\n\n\n\n<p><strong>Gl\u00f2buls blancs o leuc\u00f2cits<\/strong><\/p>\n\n\n\n<p>Pertanyen en aquest grup totes les c\u00e8l\u00b7lules encarregades de defensar-nos dels agents estranys, com ara els <a href=\"file:\/\/\/C:\/Users\/eduar\/OneDrive\/Documentos\/COPIA%20DE%20NETDOCTOR\/www.netdoctor.es\/www.netdoctor.es\/articulo\/virus-y-bacterias.html\">virus i els bacteris<\/a>. Hi podem trobar, per exemple, els granul\u00f2cits (classificables en neutr\u00f2fils, bas\u00f2fils i eosin\u00f2fils), els mon\u00f2cits i els limf\u00f2cits.<\/p>\n\n\n\n<p><strong>Plaquetes<\/strong><\/p>\n\n\n\n<p>S\u2019assemblen a llosetes o maons i s\u2019encarreguen d\u2019obstruir les lesions que es produeixen als vasos sanguinis per estroncar el fluix de sang. S\u00f3n imprescindibles en el proc\u00e9s de la coagulaci\u00f3 i per evitar que ens dessagnem quan tenim ferides.<\/p>\n\n\n\n<p>Totes aquestes c\u00e8l\u00b7lules <a href=\"https:\/\/fcarreras.org\/pacientes\/leucemia-medula-osea-celulas-sanguineas\/\">naixen a la medul\u00b7la \u00f2ssia<\/a>, que \u00e9s el gran \u00f2rgan productor de c\u00e8l\u00b7lules sangu\u00ednies localitzat dins les cavitats \u00f2ssies del tronc. Aquestes c\u00e8l\u00b7lules tenen una vida limitada, per la qual cosa l\u2019organisme les renova cont\u00ednuament; de fet, cada dia en fabrica centenars de milers. Quan se\u2019n t\u00e9 mancan\u00e7a d\u2019alguna apareixen diferents trastorns com ara l\u2019an\u00e8mia, la leucop\u00e8nia o la trombocitop\u00e8nia (d\u00e8ficit d\u2019eritr\u00f2cits, leuc\u00f2cits i plaquetes respectivament).<\/p>\n\n\n\n<p><strong>La leuc\u00e8mia aguda<\/strong><\/p>\n\n\n\n<p>La leuc\u00e8mia aguda \u00e9s una malaltia de la medul\u00b7la \u00f2ssia que es caracteritza per la multiplicaci\u00f3 r\u00e0pida i descontrolada de leuc\u00f2cits malignes, molt immadurs, que anomenem blastos. Els blastos no fan cap funci\u00f3 i envaeixen de manera gradual l\u2019espai natural de les altres c\u00e8l\u00b7lules normals de la medul\u00b7la \u00f2ssia. Proliferen tant que arriben a ocupar el lloc d\u2019entre un 20 % i gaireb\u00e9 un 100 % del total de c\u00e8l\u00b7lules de la medul\u00b7la \u00f2ssia i, fins i tot, poden acabar essent les c\u00e8l\u00b7lules m\u00e9s nombroses de la sang.<\/p>\n\n\n\n<p>Com que envaeixen l\u2019espai de les altres c\u00e8l\u00b7lules, la situaci\u00f3 es torna molt greu per als malalts quan comen\u00e7a a haver-hi d\u00e8ficit d\u2019eritr\u00f2cits (an\u00e8mia), leuc\u00f2cits normals (leucop\u00e8nia) i plaquetes (trombop\u00e8nia). Aquest quadre tan cr\u00edtic es denomina insufici\u00e8ncia medul\u00b7lar i tamb\u00e9 es pot donar en altres classes de malalties de la sang.<\/p>\n\n\n\n<h2 class=\"wp-block-heading\"><span class=\"ez-toc-section\" id=\"Classes_de_leucemia\"><\/span><strong>Classes de leuc\u00e8mia<\/strong><span class=\"ez-toc-section-end\"><\/span><\/h2>\n\n\n\n<p>Hi ha dues categories b\u00e0siques de leuc\u00e8mia, les <a href=\"https:\/\/www.cancer.org\/es\/cancer\/tipos\/leucemia-mieloide-aguda\/acerca\/que-es-leucemia-mieloide-aguda.html\">agudes<\/a> i les <a href=\"https:\/\/www.clinicbarcelona.org\/noticias\/leucemia-linfocitica-cronica-la-leucemia-mas-frecuente-en-adultos-que-a-menudo-no-requiere-tratamiento?gad_source=1&amp;gclid=Cj0KCQjwsJO4BhDoARIsADDv4vByR7M9F8bD-LzGy3TlFFAsXF627aimBobK4rK1_VwBulecT_81VnwaAhEjEALw_wcB\">cr\u00f2niques<\/a>.<\/p>\n\n\n\n<p><strong>Leuc\u00e8mies cr\u00f2niques<\/strong><\/p>\n\n\n\n<p>Les leuc\u00e8mies cr\u00f2niques s\u00f3n malalties m\u00e9s lentes i progressives, en qu\u00e8 l\u2019agressivitat de les c\u00e8l\u00b7lules malignes \u00e9s, en general, molt inferior a la dels blastos de les leuc\u00e8mies agudes.<\/p>\n\n\n\n<p><strong>Leuc\u00e8mies agudes<\/strong><\/p>\n\n\n\n<p>Dins el grup de les leuc\u00e8mies agudes cal diferenciar-ne dues categories, les limfobl\u00e0stiques i les mielobl\u00e0stiques. La distinci\u00f3 es determina amb un estudi al microscopi i fent servir altres mitjans de diagn\u00f2stic. S\u2019hi observen trets espec\u00edfics que fan que les classifiquem en una categoria o altra. En les leuc\u00e8mies limfobl\u00e0stiques, els blastos s\u2019assemblen molt a les c\u00e8l\u00b7lules mare de la medul\u00b7la \u00f2ssia, que formen els limf\u00f2cits, i en les mielobl\u00e0stiques, els blastos s\u00f3n m\u00e9s aviat semblants a les c\u00e8l\u00b7lules progenitores de les quals neixen els granul\u00f2cits.<\/p>\n\n\n\n<p>Saber b\u00e9 de quina leuc\u00e8mia es tracta no orienta tan sols per preveure els riscos que m\u00e9s particularment poden afectar els malalts en cada cas, sin\u00f3 tamb\u00e9 per triar el tractament m\u00e9s efica\u00e7 contra la leuc\u00e8mia espec\u00edfica que t\u00e9 el pacient. Aix\u00ed, el tractament convencional d\u2019una leuc\u00e8mia aguda mielobl\u00e0stica pot ser poc efectiu per combatre una leuc\u00e8mia aguda limfobl\u00e0stica, i la inversa.<\/p>\n\n\n\n<h2 class=\"wp-block-heading\"><span class=\"ez-toc-section\" id=\"Que_causa_una_leucemia_aguda\"><\/span><strong>Qu\u00e8 causa una leuc\u00e8mia aguda<\/strong><span class=\"ez-toc-section-end\"><\/span><\/h2>\n\n\n\n<p>A Espanya hi ha una mitjana d\u2019entre dos i tres casos l\u2019any per cada cent mil habitants, i afecta de la mateixa manera els homes i les dones. Tamb\u00e9 pot apar\u00e8ixer a qualsevol edat, si b\u00e9 \u00e9s m\u00e9s habitual que les leuc\u00e8mies limfobl\u00e0stiques es presentin en infants i les mielobl\u00e0stiques entre adults i gent gran.<\/p>\n\n\n\n<p>La malaltia no es pot reduir a una \u00fanica causa. Hi ha una c\u00e0rrega gen\u00e8tica que defineix la susceptibilitat de cadasc\u00fa a les diferents malalties i \u00e9s for\u00e7a variable.<\/p>\n\n\n\n<p>S\u00ed que hi influeixen determinats factors com ara:<\/p>\n\n\n\n<ul class=\"wp-block-list\">\n<li>Les radiacions ionitzants (<a href=\"file:\/\/\/C:\/Users\/eduar\/OneDrive\/Documentos\/COPIA%20DE%20NETDOCTOR\/www.netdoctor.es\/www.netdoctor.es\/articulo\/rayos-x.html\">raigs X<\/a>, raigs gamma, etc.).<\/li>\n\n\n\n<li>Determinades subst\u00e0ncies amb poder cancerigen (benzol, etc.).<\/li>\n\n\n\n<li>Certs virus.<\/li>\n<\/ul>\n\n\n\n<p>Aquests factors tenen el poder de fer mutar els gens de les c\u00e8l\u00b7lules de la medul\u00b7la \u00f2ssia i transformar-les en blastos. Aix\u00f2 passa molt sovint, per\u00f2 afortunadament disposem d\u2019un sistema immunol\u00f2gic (sistema de defenses) que \u00e9s capa\u00e7 de detectar les c\u00e8l\u00b7lules malignes i destruir-les abans no formin una col\u00f2nia nombrosa. Quan no \u00e9s el cas \u2014perqu\u00e8 les c\u00e8l\u00b7lules tenen una tend\u00e8ncia alta a mutar o passa amb molta freq\u00fc\u00e8ncia, o b\u00e9 perqu\u00e8 el sistema de defenses est\u00e0 deprimit o presenta algun defecte de funcionament o de control\u2014 es desencadena el proc\u00e9s de la multiplicaci\u00f3 maligna de les c\u00e8l\u00b7lules que caracteritza el c\u00e0ncer.<\/p>\n\n\n\n<h2 class=\"wp-block-heading\"><span class=\"ez-toc-section\" id=\"Simptomes_de_la_leucemia_aguda\"><\/span><strong>S\u00edmptomes de la leuc\u00e8mia aguda<\/strong><span class=\"ez-toc-section-end\"><\/span><\/h2>\n\n\n\n<p>En una gran part dels pacients la malaltia es diagnostica abans que se\u2019n manifesti cap s\u00edmptoma. Aix\u00f2 passa for\u00e7a sovint i es dona en la primera fase de la malaltia, en la qual els blastos proliferen i s\u2019escampen per la sang, per\u00f2 encara hi ha prou c\u00e8l\u00b7lules \u201cbenignes\u201d a la medul\u00b7la \u00f2ssia per mantenir la producci\u00f3 normal de c\u00e8l\u00b7lules sangu\u00ednies.<\/p>\n\n\n\n<p>Malgrat tot, quan els blastos aconsegueixen d\u2019envair la <a href=\"https:\/\/fcarreras.org\/pacientes\/leucemia-medula-osea-celulas-sanguineas\/\">medul\u00b7la \u00f2ssia<\/a>, s\u2019estableix un quadre d\u2019insufici\u00e8ncia medul\u00b7lar. Aquest problema greu apareix quan la malaltia ha guanyat molt terreny i es tradueix en una producci\u00f3 insuficient de c\u00e8l\u00b7lules sangu\u00ednies. El malalt de leuc\u00e8mia aguda manifesta, per tant, s\u00edmptomes propis de l\u2019<a href=\"https:\/\/medlineplus.gov\/spanish\/ency\/article\/000560.htm\">an\u00e8mia<\/a>, com s\u00f3n:&nbsp;<\/p>\n\n\n\n<ul class=\"wp-block-list\">\n<li><a href=\"file:\/\/\/C:\/Users\/eduar\/OneDrive\/Documentos\/COPIA%20DE%20NETDOCTOR\/www.netdoctor.es\/www.netdoctor.es\/articulo\/fatiga.html\">Cansament.<\/a><\/li>\n\n\n\n<li>Menys toler\u00e0ncia a l\u2019esfor\u00e7 f\u00edsic.<\/li>\n\n\n\n<li>Aspecte p\u00e0l\u00b7lid.<\/li>\n\n\n\n<li>For\u00e7a tend\u00e8ncia a la somnol\u00e8ncia.<\/li>\n<\/ul>\n\n\n\n<p>Si l\u2019an\u00e8mia empitjora, es poden tenir palpitacions (sensaci\u00f3 desagradable del batec card\u00edac), mareigs, claudicaci\u00f3 intermitent (mal a les cames quan es camina per insufici\u00e8ncia de reg sanguini), insufici\u00e8ncia respirat\u00f2ria i, fins i tot, una <a href=\"file:\/\/\/C:\/Users\/eduar\/OneDrive\/Documentos\/COPIA%20DE%20NETDOCTOR\/www.netdoctor.es\/www.netdoctor.es\/articulo\/angina-pecho.html\">angina de pit<\/a> (dolor per patiment del cor semblant al de l\u2019infart).<\/p>\n\n\n\n<p>El <a href=\"https:\/\/www.redaccionmedica.com\/recursos-salud\/diccionario-enfermedades\/leucopenia\">d\u00e8ficit de leuc\u00f2cits<\/a> fa m\u00e9s vulnerable els pacients a la majoria dels microbis pat\u00f2gens i, per tant, els poden sobrevenir infeccions de tota mena.<\/p>\n\n\n\n<p>Finalment, el <a href=\"https:\/\/www.nhlbi.nih.gov\/es\/salud\/trombocitopenia\">d\u00e8ficit de plaquetes<\/a> fa que apareguin hematomes a les cames o als bra\u00e7os i hemorr\u00e0gies a diferents parts de l\u2019organisme, com ara les genives o el nas. De vegades, la manca de plaquetes \u00e9s tan greu que les hemorr\u00e0gies es poden produir en \u00f2rgans m\u00e9s vitals com ara les retines, els \u00f2rgans digestius, els pulmons, el cervell, etc. En certes classes de leuc\u00e8mia aguda tamb\u00e9 es manifesten trastorns de la coagulaci\u00f3 de la sang, que, combinats amb la trombop\u00e8nia, poden fer augmentar de manera notable el risc d\u2019hemorr\u00e0gia.<\/p>\n\n\n\n<p>Hi ha altres s\u00edmptomes possibles que s\u2019hi associen, tot i que s\u00f3n m\u00e9s freq\u00fcents en una classe de leuc\u00e8mia que en d\u2019altres. Es poden resumim, a grans trets, en els seg\u00fcents:<\/p>\n\n\n\n<ul class=\"wp-block-list\">\n<li>Inflamaci\u00f3 de les genives (gingivitis).<\/li>\n\n\n\n<li>Augment de la mida de la melsa i\/o del fetge.<\/li>\n\n\n\n<li>Augment de la mida dels ganglis limf\u00e0tics.<\/li>\n\n\n\n<li>Dolors articulars.<\/li>\n\n\n\n<li>P\u00e8rdua de la gana.<\/li>\n\n\n\n<li>Reducci\u00f3 inexplicable del pes.<\/li>\n<\/ul>\n\n\n\n<h2 class=\"wp-block-heading\"><span class=\"ez-toc-section\" id=\"Com_es_diagnostica\"><\/span><strong>Com es diagnostica<\/strong><span class=\"ez-toc-section-end\"><\/span><\/h2>\n\n\n\n<p>Les dades observables en l\u2019exploraci\u00f3 f\u00edsica ofereixen pistes valuoses al metge per fer-ne el diagn\u00f2stic. Tanmateix, per diagnosticar-la amb precisi\u00f3 el metge ha demanar una an\u00e0lisi de sang amb hemograma (representaci\u00f3 gr\u00e0fica que classifica les c\u00e8l\u00b7lules sangu\u00ednies i en calcula la quantitat relativa a la sang). Si hi ha indicis de la malaltia en l\u2019hemograma, caldr\u00e0 que un hemat\u00f2leg en faci l\u2019observaci\u00f3 d\u2019una mostra al microscopi per detectar-hi els blastos.<\/p>\n\n\n\n<p>Per al diagn\u00f2stic definitiu encara s\u2019haur\u00e0 de fer una altra prova, que consisteix a observar al microscopi una mostra de medul\u00b7la \u00f2ssia obtinguda per aspiraci\u00f3 d\u2019un os del tronc, com l\u2019estern o els malucs (aspiraci\u00f3 de medul\u00b7la \u00f2ssia). Amb la mostra tamb\u00e9 es poden dur a terme estudis dels gens (estudis de biologia molecular), dels cromosomes (cariotip gen\u00e8tic) i de les prote\u00efnes caracter\u00edstiques que tenen a la superf\u00edcie o produeixen les leuc\u00e8mies (estudi de marcadors cel\u00b7lulars per citometria de flux).<\/p>\n\n\n\n<p>Totes aquestes proves anal\u00edtiques s\u00f3n compet\u00e8ncia de l\u2019hemat\u00f2leg de l\u2019hospital i li permeten de classificar adequadament el tipus concret de leuc\u00e8mia aguda que t\u00e9 el pacient.<\/p>\n\n\n\n<h2 class=\"wp-block-heading\"><span class=\"ez-toc-section\" id=\"Tractament_de_la_leucemia_aguda\"><\/span><strong>Tractament de la leuc\u00e8mia aguda<\/strong><span class=\"ez-toc-section-end\"><\/span><\/h2>\n\n\n\n<p>Tot i que fa pocs anys el pron\u00f2stic no hauria estat bo, l\u2019hematologia ha avan\u00e7at for\u00e7a i ara com ara s\u2019aconsegueix de guarir la malaltia no pas en pocs casos.<\/p>\n\n\n\n<p>La leuc\u00e8mia aguda es tracta amb quimioter\u00e0pia. Els diferents tractaments depenen de cada pacient i de cada categoria i subcategoria de leuc\u00e8mia. En tot cas, resta fora de l\u2019abast d\u2019aquest article per l\u2019extensi\u00f3; al final suggerim unes quantes p\u00e0gines web que informen en detall sobre els tractaments disponibles. Hi ha moltes classes de f\u00e0rmacs i en cada cas cal triar el m\u00e9s adequat. L\u2019onc\u00f2leg, juntament amb l\u2019hemat\u00f2leg, ha de prescriure quins medicaments s\u2019han d\u2019administrar als malalts, en quants cicles i en quina quantitat.<\/p>\n\n\n\n<p>La quimioter\u00e0pia antileuc\u00e8mica t\u00e9 un efecte benefici\u00f3s perqu\u00e8 destrueix els blastos i sol ser for\u00e7a efica\u00e7 per erradicar la malaltia en la majoria dels pacients. De tota manera, tot i que cada vegada s\u2019avan\u00e7a m\u00e9s en el perfeccionament de la t\u00e8cnica, encara no \u00e9s tan selectiva com voldr\u00edem i no es poden evitar efectes secundaris transitoris a la medul\u00b7la sana i a altres teixits amb una renovaci\u00f3 cel\u00b7lular freq\u00fcent, sobretot, la pell i les mucoses.<\/p>\n\n\n\n<p>Hi ha alguna classe de leuc\u00e8mia, com la <a href=\"https:\/\/www.cancer.gov\/espanol\/tipos\/leucemia\/paciente\/tratamiento-lma-adultos-pdq\">leuc\u00e8mia aguda promieloc\u00edtica<\/a>, en qu\u00e8 el tractament \u00e9s m\u00e9s simple i consisteix a prendre certes pastilles durant un per\u00edode de temps.<\/p>\n\n\n\n<h2 class=\"wp-block-heading\"><span class=\"ez-toc-section\" id=\"Prevencio_de_la_leucemia_aguda\"><\/span><strong>Prevenci\u00f3 de la leuc\u00e8mia aguda<\/strong><span class=\"ez-toc-section-end\"><\/span><\/h2>\n\n\n\n<p>Malauradament no dep\u00e8n de nosaltres reduir el risc de patir una leuc\u00e8mia aguda, llevat d\u2019evitar d\u2019exposar-se a carcin\u00f2gens demostrats o a radiacions intenses.<\/p>\n\n\n\n<p>Hi ha tractaments que prevenen la recaiguda dels malalts recuperats, i el principal \u00e9s el trasplantament de c\u00e8l\u00b7lules mare. De nou, l\u2019hemat\u00f2leg i l\u2019onc\u00f2leg han de proposar als pacients quin \u00e9s el m\u00e9s adequat quan arribi el moment.<\/p>\n\n\n\n<p>Bibliografia<br><a href=\"https:\/\/cancercenter.cun.es\/todo-sobre-cancer\/tipos-cancer\/leucemia-aguda\">Leuc\u00e8mia aguda<\/a><br><a href=\"https:\/\/www.cancer.gov\/espanol\/tipos\/leucemia\/paciente\/tratamiento-lma-adultos-pdq\">Tractament de la leuc\u00e8mia mieloide aguda&nbsp;<\/a><\/p>\n","protected":false},"excerpt":{"rendered":"<p>La leuc\u00e8mia \u00e9s una malaltia que es caracteritza per la multiplicaci\u00f3 incontrolada d\u2019una classe espec\u00edfica de c\u00e8l\u00b7lules a la sang. Abans d\u2019aprofundir-hi, parlarem una mica de la sang. La sang La sang \u00e9s un teixit m\u00e9s del cos. Es tracta d\u2019un teixit l\u00edquid perqu\u00e8 t\u00e9 una funci\u00f3 important a l\u2019organisme: fa de via de comunicaci\u00f3 [&hellip;]<\/p>\n","protected":false},"author":3,"featured_media":33320,"comment_status":"closed","ping_status":"closed","sticky":false,"template":"","format":"standard","meta":{"footnotes":""},"categories":[15],"tags":[],"class_list":["post-33319","post","type-post","status-publish","format-standard","has-post-thumbnail","hentry","category-salut"],"featured_image_src":"https:\/\/www.mgc.es\/wp-content\/uploads\/2024\/12\/seccion-vena.jpg","author_info":{"display_name":"Revista Inter\u00e8s Mutu","author_link":"https:\/\/www.mgc.es\/ca\/blog\/author\/interesmutu\/"},"yoast_head":"<!-- This site is optimized with the Yoast SEO plugin v27.2 - https:\/\/yoast.com\/product\/yoast-seo-wordpress\/ -->\n<title>Leuc\u00e8mia aguda: qu\u00e8 n\u2019has de saber - MGC M\u00fatua<\/title>\n<meta name=\"robots\" content=\"index, follow, max-snippet:-1, max-image-preview:large, max-video-preview:-1\" \/>\n<link rel=\"canonical\" href=\"https:\/\/www.mgc.es\/blog\/leucemia-aguda-lo-que-debes-saber\/\" \/>\n<meta property=\"og:locale\" content=\"ca_ES\" \/>\n<meta property=\"og:type\" content=\"article\" \/>\n<meta property=\"og:title\" content=\"Leuc\u00e8mia aguda: qu\u00e8 n\u2019has de saber - MGC M\u00fatua\" \/>\n<meta property=\"og:description\" content=\"La leuc\u00e8mia \u00e9s una malaltia que es caracteritza per la multiplicaci\u00f3 incontrolada d\u2019una classe espec\u00edfica de c\u00e8l\u00b7lules a la sang. Abans d\u2019aprofundir-hi, parlarem una mica de la sang. La sang La sang \u00e9s un teixit m\u00e9s del cos. Es tracta d\u2019un teixit l\u00edquid perqu\u00e8 t\u00e9 una funci\u00f3 important a l\u2019organisme: fa de via de comunicaci\u00f3 [&hellip;]\" \/>\n<meta property=\"og:url\" content=\"https:\/\/www.mgc.es\/blog\/leucemia-aguda-lo-que-debes-saber\/\" \/>\n<meta property=\"og:site_name\" content=\"MGC M\u00fatua\" \/>\n<meta property=\"article:publisher\" content=\"https:\/\/www.facebook.com\/mgcmutua\" \/>\n<meta property=\"article:published_time\" content=\"2025-01-30T08:30:48+00:00\" \/>\n<meta property=\"og:image\" content=\"https:\/\/www.mgc.es\/wp-content\/uploads\/2024\/12\/seccion-vena.jpg\" \/>\n\t<meta property=\"og:image:width\" content=\"800\" \/>\n\t<meta property=\"og:image:height\" content=\"450\" \/>\n\t<meta property=\"og:image:type\" content=\"image\/jpeg\" \/>\n<meta name=\"author\" content=\"Revista Inter\u00e8s Mutu\" \/>\n<meta name=\"twitter:card\" content=\"summary_large_image\" \/>\n<meta name=\"twitter:creator\" content=\"@mgcmutua\" \/>\n<meta name=\"twitter:site\" content=\"@mgcmutua\" \/>\n<meta name=\"twitter:label1\" content=\"Escrit per\" \/>\n\t<meta name=\"twitter:data1\" content=\"Revista Inter\u00e8s Mutu\" \/>\n\t<meta name=\"twitter:label2\" content=\"Temps estimat de lectura\" \/>\n\t<meta name=\"twitter:data2\" content=\"1 minut\" \/>\n<!-- \/ Yoast SEO plugin. -->","yoast_head_json":{"title":"Leuc\u00e8mia aguda: qu\u00e8 n\u2019has de saber - MGC M\u00fatua","robots":{"index":"index","follow":"follow","max-snippet":"max-snippet:-1","max-image-preview":"max-image-preview:large","max-video-preview":"max-video-preview:-1"},"canonical":"https:\/\/www.mgc.es\/blog\/leucemia-aguda-lo-que-debes-saber\/","og_locale":"ca_ES","og_type":"article","og_title":"Leuc\u00e8mia aguda: qu\u00e8 n\u2019has de saber - MGC M\u00fatua","og_description":"La leuc\u00e8mia \u00e9s una malaltia que es caracteritza per la multiplicaci\u00f3 incontrolada d\u2019una classe espec\u00edfica de c\u00e8l\u00b7lules a la sang. Abans d\u2019aprofundir-hi, parlarem una mica de la sang. La sang La sang \u00e9s un teixit m\u00e9s del cos. Es tracta d\u2019un teixit l\u00edquid perqu\u00e8 t\u00e9 una funci\u00f3 important a l\u2019organisme: fa de via de comunicaci\u00f3 [&hellip;]","og_url":"https:\/\/www.mgc.es\/blog\/leucemia-aguda-lo-que-debes-saber\/","og_site_name":"MGC M\u00fatua","article_publisher":"https:\/\/www.facebook.com\/mgcmutua","article_published_time":"2025-01-30T08:30:48+00:00","og_image":[{"width":800,"height":450,"url":"https:\/\/www.mgc.es\/wp-content\/uploads\/2024\/12\/seccion-vena.jpg","type":"image\/jpeg"}],"author":"Revista Inter\u00e8s Mutu","twitter_card":"summary_large_image","twitter_creator":"@mgcmutua","twitter_site":"@mgcmutua","twitter_misc":{"Escrit per":"Revista Inter\u00e8s Mutu","Temps estimat de lectura":"1 minut"},"schema":{"@context":"https:\/\/schema.org","@graph":[{"@type":["Article","BlogPosting"],"@id":"https:\/\/www.mgc.es\/blog\/leucemia-aguda-lo-que-debes-saber\/#article","isPartOf":{"@id":"https:\/\/www.mgc.es\/blog\/leucemia-aguda-lo-que-debes-saber\/"},"author":{"name":"Revista Inter\u00e8s Mutu","@id":"https:\/\/www.mgc.es\/#\/schema\/person\/010c961d9c9acf38f11187a02b646c16"},"headline":"Leuc\u00e8mia aguda: qu\u00e8 n\u2019has de saber","datePublished":"2025-01-30T08:30:48+00:00","mainEntityOfPage":{"@id":"https:\/\/www.mgc.es\/blog\/leucemia-aguda-lo-que-debes-saber\/"},"wordCount":1954,"publisher":{"@id":"https:\/\/www.mgc.es\/#organization"},"image":{"@id":"https:\/\/www.mgc.es\/blog\/leucemia-aguda-lo-que-debes-saber\/#primaryimage"},"thumbnailUrl":"https:\/\/www.mgc.es\/wp-content\/uploads\/2024\/12\/seccion-vena.jpg","articleSection":["Salut i medicina"],"inLanguage":"ca"},{"@type":["WebPage","ItemPage"],"@id":"https:\/\/www.mgc.es\/blog\/leucemia-aguda-lo-que-debes-saber\/","url":"https:\/\/www.mgc.es\/blog\/leucemia-aguda-lo-que-debes-saber\/","name":"Leuc\u00e8mia aguda: qu\u00e8 n\u2019has de saber - MGC M\u00fatua","isPartOf":{"@id":"https:\/\/www.mgc.es\/#website"},"primaryImageOfPage":{"@id":"https:\/\/www.mgc.es\/blog\/leucemia-aguda-lo-que-debes-saber\/#primaryimage"},"image":{"@id":"https:\/\/www.mgc.es\/blog\/leucemia-aguda-lo-que-debes-saber\/#primaryimage"},"thumbnailUrl":"https:\/\/www.mgc.es\/wp-content\/uploads\/2024\/12\/seccion-vena.jpg","datePublished":"2025-01-30T08:30:48+00:00","breadcrumb":{"@id":"https:\/\/www.mgc.es\/blog\/leucemia-aguda-lo-que-debes-saber\/#breadcrumb"},"inLanguage":"ca","potentialAction":[{"@type":"ReadAction","target":["https:\/\/www.mgc.es\/blog\/leucemia-aguda-lo-que-debes-saber\/"]}]},{"@type":"ImageObject","inLanguage":"ca","@id":"https:\/\/www.mgc.es\/blog\/leucemia-aguda-lo-que-debes-saber\/#primaryimage","url":"https:\/\/www.mgc.es\/wp-content\/uploads\/2024\/12\/seccion-vena.jpg","contentUrl":"https:\/\/www.mgc.es\/wp-content\/uploads\/2024\/12\/seccion-vena.jpg","width":800,"height":450},{"@type":"BreadcrumbList","@id":"https:\/\/www.mgc.es\/blog\/leucemia-aguda-lo-que-debes-saber\/#breadcrumb","itemListElement":[{"@type":"ListItem","position":1,"name":"Home","item":"https:\/\/www.mgc.es\/ca\/"},{"@type":"ListItem","position":2,"name":"Leuc\u00e8mia aguda: qu\u00e8 n\u2019has de saber"}]},{"@type":"WebSite","@id":"https:\/\/www.mgc.es\/#website","url":"https:\/\/www.mgc.es\/","name":"MGC M\u00fatua","description":"MGC M\u00fatua \u00e9s una entitat asseguradora sense \u00e0nim de lucre constitu\u00efda al 1982 i especialitzada en assegurances de salut i assist\u00e8ncia.","publisher":{"@id":"https:\/\/www.mgc.es\/#organization"},"alternateName":"MGC","potentialAction":[{"@type":"SearchAction","target":{"@type":"EntryPoint","urlTemplate":"https:\/\/www.mgc.es\/?s={search_term_string}"},"query-input":{"@type":"PropertyValueSpecification","valueRequired":true,"valueName":"search_term_string"}}],"inLanguage":"ca"},{"@type":"Organization","@id":"https:\/\/www.mgc.es\/#organization","name":"MGC Mutua","alternateName":"MGC","url":"https:\/\/www.mgc.es\/","logo":{"@type":"ImageObject","inLanguage":"ca","@id":"https:\/\/www.mgc.es\/#\/schema\/logo\/image\/","url":"https:\/\/www.mgc.es\/wp-content\/uploads\/2020\/03\/mgcmutua_h2_2t_reduccions.png","contentUrl":"https:\/\/www.mgc.es\/wp-content\/uploads\/2020\/03\/mgcmutua_h2_2t_reduccions.png","width":303,"height":165,"caption":"MGC Mutua"},"image":{"@id":"https:\/\/www.mgc.es\/#\/schema\/logo\/image\/"},"sameAs":["https:\/\/www.facebook.com\/mgcmutua","https:\/\/x.com\/mgcmutua","https:\/\/www.youtube.com\/c\/MGCMutua"]},{"@type":"Person","@id":"https:\/\/www.mgc.es\/#\/schema\/person\/010c961d9c9acf38f11187a02b646c16","name":"Revista Inter\u00e8s Mutu","image":{"@type":"ImageObject","inLanguage":"ca","@id":"https:\/\/secure.gravatar.com\/avatar\/52302d684339b9d7bf5691e2ad00835d62ce3b4a435f21ca9f21fbe39c63cb1b?s=96&d=mm&r=g","url":"https:\/\/secure.gravatar.com\/avatar\/52302d684339b9d7bf5691e2ad00835d62ce3b4a435f21ca9f21fbe39c63cb1b?s=96&d=mm&r=g","contentUrl":"https:\/\/secure.gravatar.com\/avatar\/52302d684339b9d7bf5691e2ad00835d62ce3b4a435f21ca9f21fbe39c63cb1b?s=96&d=mm&r=g","caption":"Revista Inter\u00e8s Mutu"}}]}},"_links":{"self":[{"href":"https:\/\/www.mgc.es\/ca\/wp-json\/wp\/v2\/posts\/33319","targetHints":{"allow":["GET"]}}],"collection":[{"href":"https:\/\/www.mgc.es\/ca\/wp-json\/wp\/v2\/posts"}],"about":[{"href":"https:\/\/www.mgc.es\/ca\/wp-json\/wp\/v2\/types\/post"}],"author":[{"embeddable":true,"href":"https:\/\/www.mgc.es\/ca\/wp-json\/wp\/v2\/users\/3"}],"replies":[{"embeddable":true,"href":"https:\/\/www.mgc.es\/ca\/wp-json\/wp\/v2\/comments?post=33319"}],"version-history":[{"count":2,"href":"https:\/\/www.mgc.es\/ca\/wp-json\/wp\/v2\/posts\/33319\/revisions"}],"predecessor-version":[{"id":33326,"href":"https:\/\/www.mgc.es\/ca\/wp-json\/wp\/v2\/posts\/33319\/revisions\/33326"}],"wp:featuredmedia":[{"embeddable":true,"href":"https:\/\/www.mgc.es\/ca\/wp-json\/wp\/v2\/media\/33320"}],"wp:attachment":[{"href":"https:\/\/www.mgc.es\/ca\/wp-json\/wp\/v2\/media?parent=33319"}],"wp:term":[{"taxonomy":"category","embeddable":true,"href":"https:\/\/www.mgc.es\/ca\/wp-json\/wp\/v2\/categories?post=33319"},{"taxonomy":"post_tag","embeddable":true,"href":"https:\/\/www.mgc.es\/ca\/wp-json\/wp\/v2\/tags?post=33319"}],"curies":[{"name":"wp","href":"https:\/\/api.w.org\/{rel}","templated":true}]}}