{"id":33306,"date":"2024-12-04T12:11:00","date_gmt":"2024-12-04T11:11:00","guid":{"rendered":"https:\/\/www.mgc.es\/?p=33306"},"modified":"2024-12-11T17:49:08","modified_gmt":"2024-12-11T16:49:08","slug":"que-es-la-sindrome-de-marfan-simptomes-i-causes","status":"publish","type":"post","link":"https:\/\/www.mgc.es\/ca\/blog\/que-es-la-sindrome-de-marfan-simptomes-i-causes\/","title":{"rendered":"Qu\u00e8 \u00e9s la s\u00edndrome de Marfan?: S\u00edmptomes i causes"},"content":{"rendered":"<div id=\"ez-toc-container\" class=\"ez-toc-v2_0_82_1 counter-hierarchy ez-toc-counter ez-toc-custom ez-toc-container-direction\">\n<div class=\"ez-toc-title-container\"><p class=\"ez-toc-title\" style=\"cursor:inherit\">\u00cdndex de continguts<\/p>\n<\/div><nav><ul class='ez-toc-list ez-toc-list-level-1 ' ><li class='ez-toc-page-1 ez-toc-heading-level-2'><a class=\"ez-toc-link ez-toc-heading-1\" href=\"https:\/\/www.mgc.es\/ca\/blog\/que-es-la-sindrome-de-marfan-simptomes-i-causes\/#Que_es_la_sindrome_de_Marfan\" >Qu\u00e8 \u00e9s la s\u00edndrome de Marfan?<\/a><\/li><li class='ez-toc-page-1 ez-toc-heading-level-2'><a class=\"ez-toc-link ez-toc-heading-2\" href=\"https:\/\/www.mgc.es\/ca\/blog\/que-es-la-sindrome-de-marfan-simptomes-i-causes\/#Simptomes_de_la_sindrome_de_Marfan\" >S\u00edmptomes de la s\u00edndrome de Marfan<\/a><\/li><\/ul><\/nav><\/div>\n\n<figure class=\"wp-block-image size-large\"><img loading=\"lazy\" decoding=\"async\" width=\"880\" height=\"587\" src=\"https:\/\/www.mgc.es\/wp-content\/uploads\/2024\/12\/sindrome-de-marfan-880x587.jpg\" alt=\"sindrome de marfan \" class=\"wp-image-33301\" srcset=\"https:\/\/www.mgc.es\/wp-content\/uploads\/2024\/12\/sindrome-de-marfan-880x587.jpg 880w, https:\/\/www.mgc.es\/wp-content\/uploads\/2024\/12\/sindrome-de-marfan-440x294.jpg 440w, https:\/\/www.mgc.es\/wp-content\/uploads\/2024\/12\/sindrome-de-marfan-768x513.jpg 768w, https:\/\/www.mgc.es\/wp-content\/uploads\/2024\/12\/sindrome-de-marfan-1536x1025.jpg 1536w, https:\/\/www.mgc.es\/wp-content\/uploads\/2024\/12\/sindrome-de-marfan-2048x1367.jpg 2048w, https:\/\/www.mgc.es\/wp-content\/uploads\/2024\/12\/sindrome-de-marfan-scaled.jpg 1024w\" sizes=\"auto, (max-width: 880px) 100vw, 880px\" \/><\/figure>\n\n\n\n<p>El passat 2 de novembre, es va commemorar el Dia Europeu de la S\u00edndrome de Marfan, una oportunitat per conscienciar sobre aquesta malaltia gen\u00e8tica poc freq\u00fcent que afecta milers de persones a tot el m\u00f3n. En aquest article, veurem qu\u00e8 \u00e9s, la seva simptomatologia, causes i la import\u00e0ncia d\u2019un diagn\u00f2stic preco\u00e7.<\/p>\n\n\n\n<h2 class=\"wp-block-heading\"><span class=\"ez-toc-section\" id=\"Que_es_la_sindrome_de_Marfan\"><\/span><strong>Qu\u00e8 \u00e9s la s\u00edndrome de Marfan?<\/strong><span class=\"ez-toc-section-end\"><\/span><\/h2>\n\n\n\n<p>La s\u00edndrome de Marfan \u00e9s una malaltia heredit\u00e0ria que afecta el teixit connectiu. Aquest \u00e9s essencial perqu\u00e8 s&#8217;encarrega de donar suport, estructura i for\u00e7a a diferents parts del cos. Quan es pateix aquest trastorn gen\u00e8tic, diversos sistemes es veuen afectats, com ara l&#8217;esquel\u00e8tic, el cardiovascular i l&#8217;ocular, fet que fa que sigui una afecci\u00f3 complexa de diagnosticar i tractar.<\/p>\n\n\n\n<p>La primera vegada que es va identificar aquesta malaltia va ser el 1896, pel pediatre franc\u00e8s Antoine Marfan, d&#8217;aqu\u00ed el seu nom. Pel que fa a la incid\u00e8ncia, la s\u00edndrome afecta aproximadament 1 de cada 5.000 persones, tant homes com dones per igual. Tanmateix, les caracter\u00edstiques f\u00edsiques de les persones que la pateixen varien d\u2019un cas a un altre, cosa que tamb\u00e9 dificulta el diagn\u00f2stic.<\/p>\n\n\n\n<h2 class=\"wp-block-heading\"><span class=\"ez-toc-section\" id=\"Simptomes_de_la_sindrome_de_Marfan\"><\/span><strong>S\u00edmptomes de la s\u00edndrome de Marfan<\/strong><span class=\"ez-toc-section-end\"><\/span><\/h2>\n\n\n\n<p>La s\u00edndrome de Marfan pot manifestar-se de diverses maneres i en diferents sistemes del cos. Els s\u00edmptomes m\u00e9s comuns inclouen caracter\u00edstiques f\u00edsiques distintives, problemes cardiovasculars greus i alteracions en la visi\u00f3. Vegem-los en detall.<\/p>\n\n\n\n<h3 class=\"wp-block-heading\"><strong>Signes al sistema esquel\u00e8tic<\/strong><\/h3>\n\n\n\n<p>Un dels sistemes m\u00e9s afectats per la s\u00edndrome de Marfan \u00e9s l\u2019esquel\u00e8tic. Les persones amb aquest trastorn solen presentar:<\/p>\n\n\n\n<ul class=\"wp-block-list\">\n<li>Al\u00e7ada alta desproporcionada, amb extremitats llargues en relaci\u00f3 amb el tronc.<\/li>\n\n\n\n<li>Dits allargats i prims, una condici\u00f3 coneguda com a aracnodact\u00edlia.<\/li>\n\n\n\n<li>Escoliosi (curvatura anormal de la columna vertebral).<\/li>\n\n\n\n<li>Pit enfonsat o prominent (pectus excavatum o pectus carinatum).<\/li>\n\n\n\n<li>Hipermobilitat articular o alta flexibilitat en les articulacions.<\/li>\n<\/ul>\n\n\n\n<p>Aquestes caracter\u00edstiques poden ser visibles des de la inf\u00e0ncia o desenvolupar-se amb el temps, per\u00f2 tenen un impacte en la qualitat de vida i la mobilitat.<\/p>\n\n\n\n<h3 class=\"wp-block-heading\"><strong>Problemes card\u00edacs associats<\/strong><\/h3>\n\n\n\n<p>Els problemes cardiovasculars s\u00f3n una de les manifestacions m\u00e9s greus de la s\u00edndrome de Marfan, ja que poden posar en risc la vida si no es gestionen amb rapidesa. Entre ells destaquen:<\/p>\n\n\n\n<ul class=\"wp-block-list\">\n<li>Dilataci\u00f3 de l\u2019aorta, que pot derivar en una dissecci\u00f3 o ruptura a\u00f2rtica, una complicaci\u00f3 perillosa.<\/li>\n\n\n\n<li>Prolapse de la v\u00e0lvula mitral, que causa un flux sanguini anormal al cor.<\/li>\n\n\n\n<li>Aneurismes a les art\u00e8ries grans, que augmenten el risc d\u2019hemorr\u00e0gies internes greus.<\/li>\n<\/ul>\n\n\n\n<p>Aquests problemes requereixen vigil\u00e0ncia constant i, en molts casos, intervenci\u00f3 m\u00e8dica o quir\u00fargica.<\/p>\n\n\n\n<h3 class=\"wp-block-heading\"><strong>Afectacions oculars i altres s\u00edmptomes<\/strong><\/h3>\n\n\n\n<p>Pel que fa al sistema ocular, la s\u00edndrome de Marfan pot causar:<\/p>\n\n\n\n<ul class=\"wp-block-list\">\n<li>Luxaci\u00f3 del cristal\u00b7l\u00ed, on el lent de l&#8217;ull es despla\u00e7a de la seva posici\u00f3 normal.<\/li>\n\n\n\n<li>Miopia severa, que pot dificultar les activitats di\u00e0ries.<\/li>\n\n\n\n<li>Major risc de despreniment de retina i glaucoma.<\/li>\n<\/ul>\n\n\n\n<p>A m\u00e9s, altres manifestacions poden incloure fatiga cr\u00f2nica, problemes pulmonars com pneumot\u00f2rax espontani i estries a la pell sense un augment significatiu de pes.<\/p>\n\n\n\n<h3 class=\"wp-block-heading\"><strong>Causes de la s\u00edndrome de Marfan<\/strong><\/h3>\n\n\n\n<p>La s\u00edndrome de Marfan \u00e9s causada per mutacions gen\u00e8tiques que afecten la producci\u00f3 de fibril\u00b7lina-1, una prote\u00efna essencial per a la formaci\u00f3 del teixit connectiu. Aquesta alteraci\u00f3 \u00e9s responsable de la debilitat generalitzada als teixits del cos.<\/p>\n\n\n\n<h3 class=\"wp-block-heading\"><strong>Factors gen\u00e8tics involucrats<\/strong><\/h3>\n\n\n\n<p>La fibril\u00b7lina-1, produ\u00efda pel gen <em>FBN1<\/em>, t\u00e9 un paper important en l&#8217;elasticitat i resist\u00e8ncia dels teixits connectius. Amb la mutaci\u00f3 d\u2019aquest gen, es produeixen prote\u00efnes defectuoses que debiliten les fibres el\u00e0stiques dels teixits.<\/p>\n\n\n\n<p>Aquest defecte gen\u00e8tic tamb\u00e9 provoca un augment en la quantitat d\u2019un factor de creixement anomenat TGF-\u03b2, que contribueix a les manifestacions de la s\u00edndrome, inclosa la dilataci\u00f3 de l\u2019aorta i altres problemes de gravetat ja esmentats.<\/p>\n\n\n\n<h3 class=\"wp-block-heading\"><strong>Transmissi\u00f3 heredit\u00e0ria de la s\u00edndrome<\/strong><\/h3>\n\n\n\n<p>La s\u00edndrome de Marfan s\u2019hereta de manera autos\u00f2mica dominant. \u00c9s a dir, n\u2019hi ha prou que un dels progenitors transmeti el gen defectu\u00f3s perqu\u00e8 hi hagi un 50% de probabilitats de patir-la. Tanmateix, en un 25% dels casos, la s\u00edndrome es deu a una mutaci\u00f3 espont\u00e0nia, sense antecedents familiars.<\/p>\n\n\n\n<h3 class=\"wp-block-heading\"><strong>Diagn\u00f2stic i tractament de la s\u00edndrome de Marfan<\/strong><\/h3>\n\n\n\n<p>Com que la s\u00edndrome de Marfan afecta diferents sistemes, per al diagn\u00f2stic \u00e9s necessari un enfocament integral i l\u2019\u00fas de diferents proves m\u00e8diques.<\/p>\n\n\n\n<h3 class=\"wp-block-heading\"><strong>Proves diagn\u00f2stiques comunes<\/strong><\/h3>\n\n\n\n<p>El diagn\u00f2stic de la s\u00edndrome de Marfan es basa en:<\/p>\n\n\n\n<ul class=\"wp-block-list\">\n<li>Hist\u00f2ria cl\u00ednica i examen f\u00edsic, per buscar caracter\u00edstiques f\u00edsiques distintives.<\/li>\n\n\n\n<li>Ecocardiograma, per avaluar l&#8217;estat de l&#8217;aorta i les v\u00e0lvules del cor.<\/li>\n\n\n\n<li>Proves gen\u00e8tiques, per identificar mutacions en el gen <em>FBN1<\/em>.<\/li>\n\n\n\n<li>Estudis d\u2019imatge com resson\u00e0ncia magn\u00e8tica o tomografia, per analitzar altres zones afectades.<\/li>\n<\/ul>\n\n\n\n<p>El diagn\u00f2stic preco\u00e7 \u00e9s necessari per prevenir complicacions greus i millorar la qualitat de vida dels pacients.<\/p>\n\n\n\n<h3 class=\"wp-block-heading\"><strong>Opcions de tractament disponibles<\/strong><\/h3>\n\n\n\n<p>Encara que no existeix una cura per a la s\u00edndrome de Marfan, els tractaments disponibles poden controlar els s\u00edmptomes i reduir el risc de complicacions. Algunes opcions s\u00f3n:<\/p>\n\n\n\n<ul class=\"wp-block-list\">\n<li>Medicaments betablocadors o bloquejadors dels receptors d\u2019angiotensina, per reduir la pressi\u00f3 a l\u2019aorta.<\/li>\n\n\n\n<li>Cirurgia card\u00edaca, especialment per reparar o reempla\u00e7ar l\u2019aorta dilatada o les v\u00e0lvules danyades.<\/li>\n\n\n\n<li>\u00das d\u2019ulleres o cirurgia ocular per corregir problemes visuals.<\/li>\n\n\n\n<li>Fisioter\u00e0pia i suport ortop\u00e8dic, per gestionar les complicacions esquel\u00e8tiques.<\/li>\n<\/ul>\n\n\n\n<p>El maneig multidisciplinari, que inclou cardi\u00f2legs, genetistes i oftalm\u00f2legs, \u00e9s fonamental per abordar totes les manifestacions de la s\u00edndrome.<\/p>\n\n\n\n<h3 class=\"wp-block-heading\"><strong>La import\u00e0ncia de la detecci\u00f3 preco\u00e7 i la gesti\u00f3 adequada de la s\u00edndrome de Marfan<\/strong><\/h3>\n\n\n\n<p>La detecci\u00f3 preco\u00e7 de la s\u00edndrome de Marfan pot marcar la difer\u00e8ncia entre patir complicacions greus i tenir qualitat de vida. Gr\u00e0cies als aven\u00e7os en les proves gen\u00e8tiques i els tractaments, moltes persones amb aquesta condici\u00f3 poden controlar la simptomatologia i portar una vida activa i satisfact\u00f2ria.<\/p>\n\n\n\n<p>En el Dia Europeu de la S\u00edndrome de Marfan, \u00e9s important fomentar la sensibilitzaci\u00f3 sobre aquesta malaltia, promoure la investigaci\u00f3 cient\u00edfica i garantir que qui la pateix tingui acc\u00e9s a l\u2019atenci\u00f3 m\u00e8dica necess\u00e0ria.<\/p>\n","protected":false},"excerpt":{"rendered":"<p>La s\u00edndrome de Marfan \u00e9s una malaltia gen\u00e8tica que afecta el teixit connectiu, impactant sistemes com l\u2019esquel\u00e8tic, el cardiovascular i l\u2019ocular. Encara que no t\u00e9 cura, el diagn\u00f2stic preco\u00e7 i un maneig multidisciplinari permeten controlar-ne les complicacions, millorant la qualitat de vida. En aquest Dia Europeu, es destaca la import\u00e0ncia de la sensibilitzaci\u00f3.<\/p>\n","protected":false},"author":3,"featured_media":33301,"comment_status":"closed","ping_status":"closed","sticky":false,"template":"","format":"standard","meta":{"footnotes":""},"categories":[996,15],"tags":[],"class_list":["post-33306","post","type-post","status-publish","format-standard","has-post-thumbnail","hentry","category-malalties-i-salut-general","category-salut"],"featured_image_src":"https:\/\/www.mgc.es\/wp-content\/uploads\/2024\/12\/sindrome-de-marfan-scaled.jpg","author_info":{"display_name":"Revista Inter\u00e8s Mutu","author_link":"https:\/\/www.mgc.es\/ca\/blog\/author\/interesmutu\/"},"yoast_head":"<!-- This site is optimized with the Yoast SEO plugin v27.2 - https:\/\/yoast.com\/product\/yoast-seo-wordpress\/ -->\n<title>Qu\u00e8 \u00e9s la s\u00edndrome de Marfan?: S\u00edmptomes i causes - MGC M\u00fatua<\/title>\n<meta name=\"description\" content=\"Descobreix qu\u00e8 \u00e9s la s\u00edndrome de Marfan, els seus s\u00edmptomes, causes i la import\u00e0ncia del diagn\u00f2stic preco\u00e7. Coneix com aquesta malaltia gen\u00e8tica afecta la salut i les opcions de tractament disponibles.\" \/>\n<meta name=\"robots\" content=\"index, follow, max-snippet:-1, max-image-preview:large, max-video-preview:-1\" \/>\n<link rel=\"canonical\" href=\"https:\/\/www.mgc.es\/ca\/blog\/que-es-la-sindrome-de-marfan-simptomes-i-causes\/\" \/>\n<meta property=\"og:locale\" content=\"ca_ES\" \/>\n<meta property=\"og:type\" content=\"article\" \/>\n<meta property=\"og:title\" content=\"Qu\u00e8 \u00e9s la s\u00edndrome de Marfan?: S\u00edmptomes i causes - MGC M\u00fatua\" \/>\n<meta property=\"og:description\" content=\"Descobreix qu\u00e8 \u00e9s la s\u00edndrome de Marfan, els seus s\u00edmptomes, causes i la import\u00e0ncia del diagn\u00f2stic preco\u00e7. Coneix com aquesta malaltia gen\u00e8tica afecta la salut i les opcions de tractament disponibles.\" \/>\n<meta property=\"og:url\" content=\"https:\/\/www.mgc.es\/ca\/blog\/que-es-la-sindrome-de-marfan-simptomes-i-causes\/\" \/>\n<meta property=\"og:site_name\" content=\"MGC M\u00fatua\" \/>\n<meta property=\"article:publisher\" content=\"https:\/\/www.facebook.com\/mgcmutua\" \/>\n<meta property=\"article:published_time\" content=\"2024-12-04T11:11:00+00:00\" \/>\n<meta property=\"article:modified_time\" content=\"2024-12-11T16:49:08+00:00\" \/>\n<meta property=\"og:image\" content=\"https:\/\/www.mgc.es\/wp-content\/uploads\/2024\/12\/sindrome-de-marfan-scaled.jpg\" \/>\n\t<meta property=\"og:image:width\" content=\"1024\" \/>\n\t<meta property=\"og:image:height\" content=\"683\" \/>\n\t<meta property=\"og:image:type\" content=\"image\/jpeg\" \/>\n<meta name=\"author\" content=\"Revista Inter\u00e8s Mutu\" \/>\n<meta name=\"twitter:card\" content=\"summary_large_image\" \/>\n<meta name=\"twitter:creator\" content=\"@mgcmutua\" \/>\n<meta name=\"twitter:site\" content=\"@mgcmutua\" \/>\n<meta name=\"twitter:label1\" content=\"Escrit per\" \/>\n\t<meta name=\"twitter:data1\" content=\"Revista Inter\u00e8s Mutu\" \/>\n\t<meta name=\"twitter:label2\" content=\"Temps estimat de lectura\" \/>\n\t<meta name=\"twitter:data2\" content=\"5 minuts\" \/>\n<!-- \/ Yoast SEO plugin. -->","yoast_head_json":{"title":"Qu\u00e8 \u00e9s la s\u00edndrome de Marfan?: S\u00edmptomes i causes - MGC M\u00fatua","description":"Descobreix qu\u00e8 \u00e9s la s\u00edndrome de Marfan, els seus s\u00edmptomes, causes i la import\u00e0ncia del diagn\u00f2stic preco\u00e7. Coneix com aquesta malaltia gen\u00e8tica afecta la salut i les opcions de tractament disponibles.","robots":{"index":"index","follow":"follow","max-snippet":"max-snippet:-1","max-image-preview":"max-image-preview:large","max-video-preview":"max-video-preview:-1"},"canonical":"https:\/\/www.mgc.es\/ca\/blog\/que-es-la-sindrome-de-marfan-simptomes-i-causes\/","og_locale":"ca_ES","og_type":"article","og_title":"Qu\u00e8 \u00e9s la s\u00edndrome de Marfan?: S\u00edmptomes i causes - MGC M\u00fatua","og_description":"Descobreix qu\u00e8 \u00e9s la s\u00edndrome de Marfan, els seus s\u00edmptomes, causes i la import\u00e0ncia del diagn\u00f2stic preco\u00e7. Coneix com aquesta malaltia gen\u00e8tica afecta la salut i les opcions de tractament disponibles.","og_url":"https:\/\/www.mgc.es\/ca\/blog\/que-es-la-sindrome-de-marfan-simptomes-i-causes\/","og_site_name":"MGC M\u00fatua","article_publisher":"https:\/\/www.facebook.com\/mgcmutua","article_published_time":"2024-12-04T11:11:00+00:00","article_modified_time":"2024-12-11T16:49:08+00:00","og_image":[{"width":1024,"height":683,"url":"https:\/\/www.mgc.es\/wp-content\/uploads\/2024\/12\/sindrome-de-marfan-scaled.jpg","type":"image\/jpeg"}],"author":"Revista Inter\u00e8s Mutu","twitter_card":"summary_large_image","twitter_creator":"@mgcmutua","twitter_site":"@mgcmutua","twitter_misc":{"Escrit per":"Revista Inter\u00e8s Mutu","Temps estimat de lectura":"5 minuts"},"schema":{"@context":"https:\/\/schema.org","@graph":[{"@type":["Article","BlogPosting"],"@id":"https:\/\/www.mgc.es\/ca\/blog\/que-es-la-sindrome-de-marfan-simptomes-i-causes\/#article","isPartOf":{"@id":"https:\/\/www.mgc.es\/ca\/blog\/que-es-la-sindrome-de-marfan-simptomes-i-causes\/"},"author":{"name":"Revista Inter\u00e8s Mutu","@id":"https:\/\/www.mgc.es\/#\/schema\/person\/010c961d9c9acf38f11187a02b646c16"},"headline":"Qu\u00e8 \u00e9s la s\u00edndrome de Marfan?: S\u00edmptomes i causes","datePublished":"2024-12-04T11:11:00+00:00","dateModified":"2024-12-11T16:49:08+00:00","mainEntityOfPage":{"@id":"https:\/\/www.mgc.es\/ca\/blog\/que-es-la-sindrome-de-marfan-simptomes-i-causes\/"},"wordCount":1074,"publisher":{"@id":"https:\/\/www.mgc.es\/#organization"},"image":{"@id":"https:\/\/www.mgc.es\/ca\/blog\/que-es-la-sindrome-de-marfan-simptomes-i-causes\/#primaryimage"},"thumbnailUrl":"https:\/\/www.mgc.es\/wp-content\/uploads\/2024\/12\/sindrome-de-marfan-scaled.jpg","articleSection":["Malalties i salut general","Salut i medicina"],"inLanguage":"ca"},{"@type":["WebPage","ItemPage"],"@id":"https:\/\/www.mgc.es\/ca\/blog\/que-es-la-sindrome-de-marfan-simptomes-i-causes\/","url":"https:\/\/www.mgc.es\/ca\/blog\/que-es-la-sindrome-de-marfan-simptomes-i-causes\/","name":"Qu\u00e8 \u00e9s la s\u00edndrome de Marfan?: S\u00edmptomes i causes - MGC M\u00fatua","isPartOf":{"@id":"https:\/\/www.mgc.es\/#website"},"primaryImageOfPage":{"@id":"https:\/\/www.mgc.es\/ca\/blog\/que-es-la-sindrome-de-marfan-simptomes-i-causes\/#primaryimage"},"image":{"@id":"https:\/\/www.mgc.es\/ca\/blog\/que-es-la-sindrome-de-marfan-simptomes-i-causes\/#primaryimage"},"thumbnailUrl":"https:\/\/www.mgc.es\/wp-content\/uploads\/2024\/12\/sindrome-de-marfan-scaled.jpg","datePublished":"2024-12-04T11:11:00+00:00","dateModified":"2024-12-11T16:49:08+00:00","description":"Descobreix qu\u00e8 \u00e9s la s\u00edndrome de Marfan, els seus s\u00edmptomes, causes i la import\u00e0ncia del diagn\u00f2stic preco\u00e7. Coneix com aquesta malaltia gen\u00e8tica afecta la salut i les opcions de tractament disponibles.","breadcrumb":{"@id":"https:\/\/www.mgc.es\/ca\/blog\/que-es-la-sindrome-de-marfan-simptomes-i-causes\/#breadcrumb"},"inLanguage":"ca","potentialAction":[{"@type":"ReadAction","target":["https:\/\/www.mgc.es\/ca\/blog\/que-es-la-sindrome-de-marfan-simptomes-i-causes\/"]}]},{"@type":"ImageObject","inLanguage":"ca","@id":"https:\/\/www.mgc.es\/ca\/blog\/que-es-la-sindrome-de-marfan-simptomes-i-causes\/#primaryimage","url":"https:\/\/www.mgc.es\/wp-content\/uploads\/2024\/12\/sindrome-de-marfan-scaled.jpg","contentUrl":"https:\/\/www.mgc.es\/wp-content\/uploads\/2024\/12\/sindrome-de-marfan-scaled.jpg","width":1024,"height":683,"caption":"sindrome de marfan"},{"@type":"BreadcrumbList","@id":"https:\/\/www.mgc.es\/ca\/blog\/que-es-la-sindrome-de-marfan-simptomes-i-causes\/#breadcrumb","itemListElement":[{"@type":"ListItem","position":1,"name":"Home","item":"https:\/\/www.mgc.es\/ca\/"},{"@type":"ListItem","position":2,"name":"Qu\u00e8 \u00e9s la s\u00edndrome de Marfan?: S\u00edmptomes i causes"}]},{"@type":"WebSite","@id":"https:\/\/www.mgc.es\/#website","url":"https:\/\/www.mgc.es\/","name":"MGC M\u00fatua","description":"MGC M\u00fatua \u00e9s una entitat asseguradora sense \u00e0nim de lucre constitu\u00efda al 1982 i especialitzada en assegurances de salut i assist\u00e8ncia.","publisher":{"@id":"https:\/\/www.mgc.es\/#organization"},"alternateName":"MGC","potentialAction":[{"@type":"SearchAction","target":{"@type":"EntryPoint","urlTemplate":"https:\/\/www.mgc.es\/?s={search_term_string}"},"query-input":{"@type":"PropertyValueSpecification","valueRequired":true,"valueName":"search_term_string"}}],"inLanguage":"ca"},{"@type":"Organization","@id":"https:\/\/www.mgc.es\/#organization","name":"MGC Mutua","alternateName":"MGC","url":"https:\/\/www.mgc.es\/","logo":{"@type":"ImageObject","inLanguage":"ca","@id":"https:\/\/www.mgc.es\/#\/schema\/logo\/image\/","url":"https:\/\/www.mgc.es\/wp-content\/uploads\/2020\/03\/mgcmutua_h2_2t_reduccions.png","contentUrl":"https:\/\/www.mgc.es\/wp-content\/uploads\/2020\/03\/mgcmutua_h2_2t_reduccions.png","width":303,"height":165,"caption":"MGC Mutua"},"image":{"@id":"https:\/\/www.mgc.es\/#\/schema\/logo\/image\/"},"sameAs":["https:\/\/www.facebook.com\/mgcmutua","https:\/\/x.com\/mgcmutua","https:\/\/www.youtube.com\/c\/MGCMutua"]},{"@type":"Person","@id":"https:\/\/www.mgc.es\/#\/schema\/person\/010c961d9c9acf38f11187a02b646c16","name":"Revista Inter\u00e8s Mutu","image":{"@type":"ImageObject","inLanguage":"ca","@id":"https:\/\/secure.gravatar.com\/avatar\/52302d684339b9d7bf5691e2ad00835d62ce3b4a435f21ca9f21fbe39c63cb1b?s=96&d=mm&r=g","url":"https:\/\/secure.gravatar.com\/avatar\/52302d684339b9d7bf5691e2ad00835d62ce3b4a435f21ca9f21fbe39c63cb1b?s=96&d=mm&r=g","contentUrl":"https:\/\/secure.gravatar.com\/avatar\/52302d684339b9d7bf5691e2ad00835d62ce3b4a435f21ca9f21fbe39c63cb1b?s=96&d=mm&r=g","caption":"Revista Inter\u00e8s Mutu"}}]}},"_links":{"self":[{"href":"https:\/\/www.mgc.es\/ca\/wp-json\/wp\/v2\/posts\/33306","targetHints":{"allow":["GET"]}}],"collection":[{"href":"https:\/\/www.mgc.es\/ca\/wp-json\/wp\/v2\/posts"}],"about":[{"href":"https:\/\/www.mgc.es\/ca\/wp-json\/wp\/v2\/types\/post"}],"author":[{"embeddable":true,"href":"https:\/\/www.mgc.es\/ca\/wp-json\/wp\/v2\/users\/3"}],"replies":[{"embeddable":true,"href":"https:\/\/www.mgc.es\/ca\/wp-json\/wp\/v2\/comments?post=33306"}],"version-history":[{"count":2,"href":"https:\/\/www.mgc.es\/ca\/wp-json\/wp\/v2\/posts\/33306\/revisions"}],"predecessor-version":[{"id":33358,"href":"https:\/\/www.mgc.es\/ca\/wp-json\/wp\/v2\/posts\/33306\/revisions\/33358"}],"wp:featuredmedia":[{"embeddable":true,"href":"https:\/\/www.mgc.es\/ca\/wp-json\/wp\/v2\/media\/33301"}],"wp:attachment":[{"href":"https:\/\/www.mgc.es\/ca\/wp-json\/wp\/v2\/media?parent=33306"}],"wp:term":[{"taxonomy":"category","embeddable":true,"href":"https:\/\/www.mgc.es\/ca\/wp-json\/wp\/v2\/categories?post=33306"},{"taxonomy":"post_tag","embeddable":true,"href":"https:\/\/www.mgc.es\/ca\/wp-json\/wp\/v2\/tags?post=33306"}],"curies":[{"name":"wp","href":"https:\/\/api.w.org\/{rel}","templated":true}]}}