{"id":33283,"date":"2024-12-11T12:40:03","date_gmt":"2024-12-11T11:40:03","guid":{"rendered":"https:\/\/www.mgc.es\/?p=33283"},"modified":"2024-12-04T12:51:38","modified_gmt":"2024-12-04T11:51:38","slug":"helga-la-jove-promesa-que-posa-musica-als-nostres-valors-a-mgc-mutua","status":"publish","type":"post","link":"https:\/\/www.mgc.es\/ca\/blog\/helga-la-jove-promesa-que-posa-musica-als-nostres-valors-a-mgc-mutua\/","title":{"rendered":"Helga: la jove promesa que posa m\u00fasica als nostres valors a MGC M\u00fatua"},"content":{"rendered":"\n<figure class=\"wp-block-image size-large\"><img loading=\"lazy\" decoding=\"async\" width=\"758\" height=\"880\" src=\"https:\/\/www.mgc.es\/wp-content\/uploads\/2024\/12\/Helga-758x880.png\" alt=\"\" class=\"wp-image-33279\" srcset=\"https:\/\/www.mgc.es\/wp-content\/uploads\/2024\/12\/Helga-758x880.png 758w, https:\/\/www.mgc.es\/wp-content\/uploads\/2024\/12\/Helga-379x440.png 379w, https:\/\/www.mgc.es\/wp-content\/uploads\/2024\/12\/Helga-768x892.png 768w, https:\/\/www.mgc.es\/wp-content\/uploads\/2024\/12\/Helga.png 1079w\" sizes=\"auto, (max-width: 758px) 100vw, 758px\" \/><\/figure>\n\n\n\n<p>Amb nom\u00e9s 18 anys, Helga Cortinas, mutualista d\u2019MGC M\u00fatua, ja es perfila com una artista emergent molt prometedora. El seu talent s\u2019ha areflectit a l\u2019\u00faltim anunci de MGC M\u00fatua, on la seva m\u00fasica acompanya els valors de la nostra entitat.<\/p>\n\n\n\n<p>Des de petita, Helga va mostrar un esperit inquiet i creatiu, per\u00f2 la timidesa la va acompanyar durant anys, impedint que formalitz\u00e9s la seva passi\u00f3 per la m\u00fasica. Tanmateix, com ella mateixa reconeix, va ser el confinament del 2020 el que va marcar un punt d\u2019inflexi\u00f3 en la seva vida.<\/p>\n\n\n\n<p>Privada de les classes de dansa, va trobar inspiraci\u00f3 en una s\u00e8rie on una jove componia can\u00e7ons amb un ukelele. Aquest petit instrument aviat es convertiria en l\u2019inici de la seva aventura musical: <em>\u201cVaig aprendre a tocar l\u2019ukelele i vaig comen\u00e7ar a compondre les meves primeres can\u00e7ons. Vaig estar estalviant tot el curs i aquell mateix estiu em vaig comprar un teclat que tamb\u00e9 em va ajudar a compondre.\u201d<\/em><\/p>\n\n\n\n<p>Primer l\u2019ukelele, despr\u00e9s un teclat i finalment una guitarra \u2014el seu instrument predilecte\u2014 l\u2019han acompanyada en el descobriment de la seva passi\u00f3 per compondre i expressar-se a trav\u00e9s de la m\u00fasica.<\/p>\n\n\n\n<p><em>\u201cQuan vaig descobrir com m\u2019agradava poder expressar-me aix\u00ed, vaig decidir que era aix\u00f2 el que volia fer\u201d,<\/em> explica Helga. La seva determinaci\u00f3 era ferma, tot i que no exempta de reptes.<\/p>\n\n\n\n<h2 class=\"wp-block-heading\"><strong>Refugi de M\u00fasics: l\u2019impuls necessari<\/strong><\/h2>\n\n\n\n<p>El cam\u00ed cap als seus somnis no sempre va ser f\u00e0cil. A 4t d\u2019ESO, va haver de decidir quins estudis seguir: <em>\u201cVolia fer un batxillerat d\u2019arts esc\u00e8niques i els meus pares no hi estaven d\u2019acord. Va ser aleshores quan la meva tia va enviar a la meva mare informaci\u00f3 sobre un taller per a joves amb inquietuds musicals anomenat Refugi de M\u00fasics. Em van apuntar i hi vaig passar un cap de setmana.\u201d<\/em><\/p>\n\n\n\n<p>Aquell cap de setmana al taller va marcar un abans i un despr\u00e9s en la seva vida. All\u00e0, amb el suport de la Jana i en Marc, els organitzadors, Helga no nom\u00e9s va aprendre que els seus somnis podien fer-se realitat, sin\u00f3 que tamb\u00e9 va conv\u00e8ncer els seus pares perqu\u00e8 recolzessin la seva decisi\u00f3. Des d\u2019aleshores, la seva fam\u00edlia s\u2019ha convertit en el seu principal suport, encoratjant-la a seguir el seu cam\u00ed.<\/p>\n\n\n\n<p>Abans de fer els divuit anys, Helga va aconseguir llan\u00e7ar el seu primer EP, un assoliment que reflecteix el seu esfor\u00e7, dedicaci\u00f3 i passi\u00f3. Actualment, treballa en un nou projecte i es prepara per ingressar al Grau Superior de M\u00fasica.<\/p>\n\n\n\n<p><em>\u201cS\u00f3c molt autodidacta, per\u00f2 aquest any m\u2019he apuntat a classes per millorar la t\u00e8cnica\u201d,<\/em> explica. El seu esperit inquiet i el desig de seguir creixent es fan evidents en cada pas que fa.<\/p>\n\n\n\n<p>La hist\u00f2ria de l\u2019Helga ressona amb els valors que defensa MGC M\u00fatua, i la seva participaci\u00f3 en el nostre \u00faltim anunci no nom\u00e9s posa m\u00fasica a la nostra campanya, sin\u00f3 que tamb\u00e9 ens regala emoci\u00f3 i autenticitat.<\/p>\n\n\n\n<p>Helga, gr\u00e0cies per posar banda sonora als nostres valors i a les nostres vides. Estem desitjant escoltar tot el que est\u00e0 per venir!<\/p>\n","protected":false},"excerpt":{"rendered":"<p>Amb nom\u00e9s 18 anys, Helga Cortinas, mutualista d\u2019MGC M\u00fatua, ja es perfila com una artista emergent molt prometedora. El seu talent s\u2019ha areflectit a l\u2019\u00faltim anunci de MGC M\u00fatua, on la seva m\u00fasica acompanya els valors de la nostra entitat. Des de petita, Helga va mostrar un esperit inquiet i creatiu, per\u00f2 la timidesa la [&hellip;]<\/p>\n","protected":false},"author":3,"featured_media":33281,"comment_status":"closed","ping_status":"closed","sticky":false,"template":"","format":"standard","meta":{"footnotes":""},"categories":[11],"tags":[],"class_list":["post-33283","post","type-post","status-publish","format-standard","has-post-thumbnail","hentry","category-actualitat"],"featured_image_src":"https:\/\/www.mgc.es\/wp-content\/uploads\/2024\/12\/Helga-apaisada-scaled.jpg","author_info":{"display_name":"Revista Inter\u00e8s Mutu","author_link":"https:\/\/www.mgc.es\/ca\/blog\/author\/interesmutu\/"},"yoast_head":"<!-- This site is optimized with the Yoast SEO plugin v27.2 - https:\/\/yoast.com\/product\/yoast-seo-wordpress\/ -->\n<title>Helga: la jove promesa que posa m\u00fasica als nostres valors a MGC M\u00fatua - MGC M\u00fatua<\/title>\n<meta name=\"robots\" content=\"index, follow, max-snippet:-1, max-image-preview:large, max-video-preview:-1\" \/>\n<link rel=\"canonical\" href=\"https:\/\/www.mgc.es\/ca\/blog\/helga-la-jove-promesa-que-posa-musica-als-nostres-valors-a-mgc-mutua\/\" \/>\n<meta property=\"og:locale\" content=\"ca_ES\" \/>\n<meta property=\"og:type\" content=\"article\" \/>\n<meta property=\"og:title\" content=\"Helga: la jove promesa que posa m\u00fasica als nostres valors a MGC M\u00fatua - MGC M\u00fatua\" \/>\n<meta property=\"og:description\" content=\"Amb nom\u00e9s 18 anys, Helga Cortinas, mutualista d\u2019MGC M\u00fatua, ja es perfila com una artista emergent molt prometedora. El seu talent s\u2019ha areflectit a l\u2019\u00faltim anunci de MGC M\u00fatua, on la seva m\u00fasica acompanya els valors de la nostra entitat. Des de petita, Helga va mostrar un esperit inquiet i creatiu, per\u00f2 la timidesa la [&hellip;]\" \/>\n<meta property=\"og:url\" content=\"https:\/\/www.mgc.es\/ca\/blog\/helga-la-jove-promesa-que-posa-musica-als-nostres-valors-a-mgc-mutua\/\" \/>\n<meta property=\"og:site_name\" content=\"MGC M\u00fatua\" \/>\n<meta property=\"article:publisher\" content=\"https:\/\/www.facebook.com\/mgcmutua\" \/>\n<meta property=\"article:published_time\" content=\"2024-12-11T11:40:03+00:00\" \/>\n<meta property=\"og:image\" content=\"https:\/\/www.mgc.es\/wp-content\/uploads\/2024\/12\/Helga-apaisada-scaled.jpg\" \/>\n\t<meta property=\"og:image:width\" content=\"1024\" \/>\n\t<meta property=\"og:image:height\" content=\"538\" \/>\n\t<meta property=\"og:image:type\" content=\"image\/jpeg\" \/>\n<meta name=\"author\" content=\"Revista Inter\u00e8s Mutu\" \/>\n<meta name=\"twitter:card\" content=\"summary_large_image\" \/>\n<meta name=\"twitter:creator\" content=\"@mgcmutua\" \/>\n<meta name=\"twitter:site\" content=\"@mgcmutua\" \/>\n<meta name=\"twitter:label1\" content=\"Escrit per\" \/>\n\t<meta name=\"twitter:data1\" content=\"Revista Inter\u00e8s Mutu\" \/>\n\t<meta name=\"twitter:label2\" content=\"Temps estimat de lectura\" \/>\n\t<meta name=\"twitter:data2\" content=\"3 minuts\" \/>\n<!-- \/ Yoast SEO plugin. -->","yoast_head_json":{"title":"Helga: la jove promesa que posa m\u00fasica als nostres valors a MGC M\u00fatua - MGC M\u00fatua","robots":{"index":"index","follow":"follow","max-snippet":"max-snippet:-1","max-image-preview":"max-image-preview:large","max-video-preview":"max-video-preview:-1"},"canonical":"https:\/\/www.mgc.es\/ca\/blog\/helga-la-jove-promesa-que-posa-musica-als-nostres-valors-a-mgc-mutua\/","og_locale":"ca_ES","og_type":"article","og_title":"Helga: la jove promesa que posa m\u00fasica als nostres valors a MGC M\u00fatua - MGC M\u00fatua","og_description":"Amb nom\u00e9s 18 anys, Helga Cortinas, mutualista d\u2019MGC M\u00fatua, ja es perfila com una artista emergent molt prometedora. El seu talent s\u2019ha areflectit a l\u2019\u00faltim anunci de MGC M\u00fatua, on la seva m\u00fasica acompanya els valors de la nostra entitat. Des de petita, Helga va mostrar un esperit inquiet i creatiu, per\u00f2 la timidesa la [&hellip;]","og_url":"https:\/\/www.mgc.es\/ca\/blog\/helga-la-jove-promesa-que-posa-musica-als-nostres-valors-a-mgc-mutua\/","og_site_name":"MGC M\u00fatua","article_publisher":"https:\/\/www.facebook.com\/mgcmutua","article_published_time":"2024-12-11T11:40:03+00:00","og_image":[{"width":1024,"height":538,"url":"https:\/\/www.mgc.es\/wp-content\/uploads\/2024\/12\/Helga-apaisada-scaled.jpg","type":"image\/jpeg"}],"author":"Revista Inter\u00e8s Mutu","twitter_card":"summary_large_image","twitter_creator":"@mgcmutua","twitter_site":"@mgcmutua","twitter_misc":{"Escrit per":"Revista Inter\u00e8s Mutu","Temps estimat de lectura":"3 minuts"},"schema":{"@context":"https:\/\/schema.org","@graph":[{"@type":["Article","BlogPosting"],"@id":"https:\/\/www.mgc.es\/ca\/blog\/helga-la-jove-promesa-que-posa-musica-als-nostres-valors-a-mgc-mutua\/#article","isPartOf":{"@id":"https:\/\/www.mgc.es\/ca\/blog\/helga-la-jove-promesa-que-posa-musica-als-nostres-valors-a-mgc-mutua\/"},"author":{"name":"Revista Inter\u00e8s Mutu","@id":"https:\/\/www.mgc.es\/#\/schema\/person\/010c961d9c9acf38f11187a02b646c16"},"headline":"Helga: la jove promesa que posa m\u00fasica als nostres valors a MGC M\u00fatua","datePublished":"2024-12-11T11:40:03+00:00","mainEntityOfPage":{"@id":"https:\/\/www.mgc.es\/ca\/blog\/helga-la-jove-promesa-que-posa-musica-als-nostres-valors-a-mgc-mutua\/"},"wordCount":564,"publisher":{"@id":"https:\/\/www.mgc.es\/#organization"},"image":{"@id":"https:\/\/www.mgc.es\/ca\/blog\/helga-la-jove-promesa-que-posa-musica-als-nostres-valors-a-mgc-mutua\/#primaryimage"},"thumbnailUrl":"https:\/\/www.mgc.es\/wp-content\/uploads\/2024\/12\/Helga-apaisada-scaled.jpg","articleSection":["Actualitat M\u00fatua"],"inLanguage":"ca"},{"@type":["WebPage","ItemPage"],"@id":"https:\/\/www.mgc.es\/ca\/blog\/helga-la-jove-promesa-que-posa-musica-als-nostres-valors-a-mgc-mutua\/","url":"https:\/\/www.mgc.es\/ca\/blog\/helga-la-jove-promesa-que-posa-musica-als-nostres-valors-a-mgc-mutua\/","name":"Helga: la jove promesa que posa m\u00fasica als nostres valors a MGC M\u00fatua - MGC M\u00fatua","isPartOf":{"@id":"https:\/\/www.mgc.es\/#website"},"primaryImageOfPage":{"@id":"https:\/\/www.mgc.es\/ca\/blog\/helga-la-jove-promesa-que-posa-musica-als-nostres-valors-a-mgc-mutua\/#primaryimage"},"image":{"@id":"https:\/\/www.mgc.es\/ca\/blog\/helga-la-jove-promesa-que-posa-musica-als-nostres-valors-a-mgc-mutua\/#primaryimage"},"thumbnailUrl":"https:\/\/www.mgc.es\/wp-content\/uploads\/2024\/12\/Helga-apaisada-scaled.jpg","datePublished":"2024-12-11T11:40:03+00:00","breadcrumb":{"@id":"https:\/\/www.mgc.es\/ca\/blog\/helga-la-jove-promesa-que-posa-musica-als-nostres-valors-a-mgc-mutua\/#breadcrumb"},"inLanguage":"ca","potentialAction":[{"@type":"ReadAction","target":["https:\/\/www.mgc.es\/ca\/blog\/helga-la-jove-promesa-que-posa-musica-als-nostres-valors-a-mgc-mutua\/"]}]},{"@type":"ImageObject","inLanguage":"ca","@id":"https:\/\/www.mgc.es\/ca\/blog\/helga-la-jove-promesa-que-posa-musica-als-nostres-valors-a-mgc-mutua\/#primaryimage","url":"https:\/\/www.mgc.es\/wp-content\/uploads\/2024\/12\/Helga-apaisada-scaled.jpg","contentUrl":"https:\/\/www.mgc.es\/wp-content\/uploads\/2024\/12\/Helga-apaisada-scaled.jpg","width":1024,"height":538},{"@type":"BreadcrumbList","@id":"https:\/\/www.mgc.es\/ca\/blog\/helga-la-jove-promesa-que-posa-musica-als-nostres-valors-a-mgc-mutua\/#breadcrumb","itemListElement":[{"@type":"ListItem","position":1,"name":"Home","item":"https:\/\/www.mgc.es\/ca\/"},{"@type":"ListItem","position":2,"name":"Helga: la jove promesa que posa m\u00fasica als nostres valors a MGC M\u00fatua"}]},{"@type":"WebSite","@id":"https:\/\/www.mgc.es\/#website","url":"https:\/\/www.mgc.es\/","name":"MGC M\u00fatua","description":"MGC M\u00fatua \u00e9s una entitat asseguradora sense \u00e0nim de lucre constitu\u00efda al 1982 i especialitzada en assegurances de salut i assist\u00e8ncia.","publisher":{"@id":"https:\/\/www.mgc.es\/#organization"},"alternateName":"MGC","potentialAction":[{"@type":"SearchAction","target":{"@type":"EntryPoint","urlTemplate":"https:\/\/www.mgc.es\/?s={search_term_string}"},"query-input":{"@type":"PropertyValueSpecification","valueRequired":true,"valueName":"search_term_string"}}],"inLanguage":"ca"},{"@type":"Organization","@id":"https:\/\/www.mgc.es\/#organization","name":"MGC Mutua","alternateName":"MGC","url":"https:\/\/www.mgc.es\/","logo":{"@type":"ImageObject","inLanguage":"ca","@id":"https:\/\/www.mgc.es\/#\/schema\/logo\/image\/","url":"https:\/\/www.mgc.es\/wp-content\/uploads\/2020\/03\/mgcmutua_h2_2t_reduccions.png","contentUrl":"https:\/\/www.mgc.es\/wp-content\/uploads\/2020\/03\/mgcmutua_h2_2t_reduccions.png","width":303,"height":165,"caption":"MGC Mutua"},"image":{"@id":"https:\/\/www.mgc.es\/#\/schema\/logo\/image\/"},"sameAs":["https:\/\/www.facebook.com\/mgcmutua","https:\/\/x.com\/mgcmutua","https:\/\/www.youtube.com\/c\/MGCMutua"]},{"@type":"Person","@id":"https:\/\/www.mgc.es\/#\/schema\/person\/010c961d9c9acf38f11187a02b646c16","name":"Revista Inter\u00e8s Mutu","image":{"@type":"ImageObject","inLanguage":"ca","@id":"https:\/\/secure.gravatar.com\/avatar\/52302d684339b9d7bf5691e2ad00835d62ce3b4a435f21ca9f21fbe39c63cb1b?s=96&d=mm&r=g","url":"https:\/\/secure.gravatar.com\/avatar\/52302d684339b9d7bf5691e2ad00835d62ce3b4a435f21ca9f21fbe39c63cb1b?s=96&d=mm&r=g","contentUrl":"https:\/\/secure.gravatar.com\/avatar\/52302d684339b9d7bf5691e2ad00835d62ce3b4a435f21ca9f21fbe39c63cb1b?s=96&d=mm&r=g","caption":"Revista Inter\u00e8s Mutu"}}]}},"_links":{"self":[{"href":"https:\/\/www.mgc.es\/ca\/wp-json\/wp\/v2\/posts\/33283","targetHints":{"allow":["GET"]}}],"collection":[{"href":"https:\/\/www.mgc.es\/ca\/wp-json\/wp\/v2\/posts"}],"about":[{"href":"https:\/\/www.mgc.es\/ca\/wp-json\/wp\/v2\/types\/post"}],"author":[{"embeddable":true,"href":"https:\/\/www.mgc.es\/ca\/wp-json\/wp\/v2\/users\/3"}],"replies":[{"embeddable":true,"href":"https:\/\/www.mgc.es\/ca\/wp-json\/wp\/v2\/comments?post=33283"}],"version-history":[{"count":1,"href":"https:\/\/www.mgc.es\/ca\/wp-json\/wp\/v2\/posts\/33283\/revisions"}],"predecessor-version":[{"id":33286,"href":"https:\/\/www.mgc.es\/ca\/wp-json\/wp\/v2\/posts\/33283\/revisions\/33286"}],"wp:featuredmedia":[{"embeddable":true,"href":"https:\/\/www.mgc.es\/ca\/wp-json\/wp\/v2\/media\/33281"}],"wp:attachment":[{"href":"https:\/\/www.mgc.es\/ca\/wp-json\/wp\/v2\/media?parent=33283"}],"wp:term":[{"taxonomy":"category","embeddable":true,"href":"https:\/\/www.mgc.es\/ca\/wp-json\/wp\/v2\/categories?post=33283"},{"taxonomy":"post_tag","embeddable":true,"href":"https:\/\/www.mgc.es\/ca\/wp-json\/wp\/v2\/tags?post=33283"}],"curies":[{"name":"wp","href":"https:\/\/api.w.org\/{rel}","templated":true}]}}