{"id":33144,"date":"2024-11-13T18:08:56","date_gmt":"2024-11-13T17:08:56","guid":{"rendered":"https:\/\/www.mgc.es\/?p=33144"},"modified":"2024-11-20T16:31:12","modified_gmt":"2024-11-20T15:31:12","slug":"quines-son-les-consequencies-de-lelevacio-de-lestransaminases","status":"publish","type":"post","link":"https:\/\/www.mgc.es\/ca\/blog\/quines-son-les-consequencies-de-lelevacio-de-lestransaminases\/","title":{"rendered":"Quines s\u00f3n les conseq\u00fc\u00e8ncies de l&#8217;elevaci\u00f3 de les transaminases?"},"content":{"rendered":"<div id=\"ez-toc-container\" class=\"ez-toc-v2_0_82_1 counter-hierarchy ez-toc-counter ez-toc-custom ez-toc-container-direction\">\n<div class=\"ez-toc-title-container\"><p class=\"ez-toc-title\" style=\"cursor:inherit\">\u00cdndex de continguts<\/p>\n<\/div><nav><ul class='ez-toc-list ez-toc-list-level-1 ' ><li class='ez-toc-page-1 ez-toc-heading-level-2'><a class=\"ez-toc-link ez-toc-heading-1\" href=\"https:\/\/www.mgc.es\/ca\/blog\/quines-son-les-consequencies-de-lelevacio-de-lestransaminases\/#Que_son_les_transaminases_i_que_significa_que_estiguin_elevades\" >Qu\u00e8 s\u00f3n les transaminases i qu\u00e8 significa que estiguin elevades?<\/a><\/li><li class='ez-toc-page-1 ez-toc-heading-level-2'><a class=\"ez-toc-link ez-toc-heading-2\" href=\"https:\/\/www.mgc.es\/ca\/blog\/quines-son-les-consequencies-de-lelevacio-de-lestransaminases\/#Causes_de_lelevacio_de_les_transaminases\" >Causes de l\u2019elevaci\u00f3 de les transaminases<\/a><\/li><li class='ez-toc-page-1 ez-toc-heading-level-2'><a class=\"ez-toc-link ez-toc-heading-3\" href=\"https:\/\/www.mgc.es\/ca\/blog\/quines-son-les-consequencies-de-lelevacio-de-lestransaminases\/#Simptomes_de_transaminases_elevades\" >S\u00edmptomes de transaminases elevades<\/a><\/li><li class='ez-toc-page-1 ez-toc-heading-level-2'><a class=\"ez-toc-link ez-toc-heading-4\" href=\"https:\/\/www.mgc.es\/ca\/blog\/quines-son-les-consequencies-de-lelevacio-de-lestransaminases\/#Com_baixar_les_transaminases_altes\" >Com baixar les transaminases altes?<\/a><\/li><li class='ez-toc-page-1 ez-toc-heading-level-2'><a class=\"ez-toc-link ez-toc-heading-5\" href=\"https:\/\/www.mgc.es\/ca\/blog\/quines-son-les-consequencies-de-lelevacio-de-lestransaminases\/#Quant_temps_tarden_a_baixar_les_transaminases\" >Quant temps tarden a baixar les transaminases?<\/a><\/li><li class='ez-toc-page-1 ez-toc-heading-level-2'><a class=\"ez-toc-link ez-toc-heading-6\" href=\"https:\/\/www.mgc.es\/ca\/blog\/quines-son-les-consequencies-de-lelevacio-de-lestransaminases\/#Cuidar_la_salut_hepatica_per_evitar_complicacions\" >Cuidar la salut hep\u00e0tica per evitar complicacions<\/a><\/li><\/ul><\/nav><\/div>\n\n<p><strong>Les transaminases s\u00f3n enzims que es produeixen principalment al fetge. Quan el seu nivell \u00e9s molt alt, pot ser un indicador de problemes hep\u00e0tics. Per tant, \u00e9s necessari monitorar-ne els nivells en sang per evitar que afectin la salut. Avui veurem com baixar les transaminases i les conseq\u00fc\u00e8ncies de no fer-ho.<\/strong><\/p>\n\n\n\n<h2 class=\"wp-block-heading\"><span class=\"ez-toc-section\" id=\"Que_son_les_transaminases_i_que_significa_que_estiguin_elevades\"><\/span><strong>Qu\u00e8 s\u00f3n les transaminases i qu\u00e8 significa que estiguin elevades?<\/strong><span class=\"ez-toc-section-end\"><\/span><\/h2>\n\n\n\n<p>Les transaminases, tamb\u00e9 conegudes com aminotransferases, s\u00f3n enzims responsables de transferir grups amino entre mol\u00e8cules. Es tracta d&#8217;un proc\u00e9s essencial en la s\u00edntesi d&#8217;amino\u00e0cids i en la descomposici\u00f3 de prote\u00efnes en el cos. Es troben principalment al fetge, per\u00f2 tamb\u00e9 estan presents en altres \u00f2rgans.<\/p>\n\n\n\n<p>Quan els nivells d&#8217;aquests enzims augmenten en la sang, sovint indica que hi ha un dany a les c\u00e8l\u00b7lules hep\u00e0tiques. Les causes de l&#8217;elevaci\u00f3 de les transaminases s\u00f3n m\u00faltiples, i van des d&#8217;infeccions virals fins al consum excessiu d&#8217;alcohol. Aquesta elevaci\u00f3 s&#8217;anomena hipertransaminas\u00e8mia i pot ser temporal o persistent. Com m\u00e9s aviat es detecti l&#8217;elevaci\u00f3 de les dues transaminases, menors seran les conseq\u00fc\u00e8ncies.<\/p>\n\n\n\n<h3 class=\"wp-block-heading\"><strong>Tipus de transaminases: ALT i AST<\/strong><\/h3>\n\n\n\n<p>Hi ha dos tipus principals de transaminases: l\u2019ALT o alanina, i l\u2019AST o aspartat. Ambdues s\u00f3n indicadors sensibles de la salut hep\u00e0tica i compleixen funcions similars. Tot i aix\u00ed, l\u2019ALT es troba gaireb\u00e9 exclusivament al fetge. Per tant, quan els seus nivells s\u00f3n alts, indica amb m\u00e9s precisi\u00f3 que el dany es troba en aquest \u00f2rgan.<\/p>\n\n\n\n<p>En canvi, l\u2019AST es troba tant al fetge com en altres teixits, com el cor, els ronyons i els m\u00fasculs. Un augment d\u2019aquesta podria indicar un problema en algun d&#8217;aquests \u00f2rgans. La relaci\u00f3 entre ALT i AST, coneguda com a \u00edndex de De Ritis, tamb\u00e9 \u00e9s \u00fatil per diferenciar causes hep\u00e0tiques i no hep\u00e0tiques en l&#8217;elevaci\u00f3 de les transaminases.<\/p>\n\n\n\n<h2 class=\"wp-block-heading\"><span class=\"ez-toc-section\" id=\"Causes_de_lelevacio_de_les_transaminases\"><\/span><strong>Causes de l\u2019elevaci\u00f3 de les transaminases<\/strong><span class=\"ez-toc-section-end\"><\/span><\/h2>\n\n\n\n<p>Les causes de l&#8217;elevaci\u00f3 de les transaminases s\u00f3n variades i poden ser tan remotes com una infecci\u00f3 no detectada. Tanmateix, les m\u00e9s habituals s\u00f3n les seg\u00fcents:<\/p>\n\n\n\n<h3 class=\"wp-block-heading\"><strong>Consum d&#8217;alcohol i el seu impacte<\/strong><\/h3>\n\n\n\n<p>El consum excessiu d&#8217;alcohol \u00e9s una causa freq\u00fcent de l&#8217;elevaci\u00f3 de les transaminases. El fetge \u00e9s l&#8217;encarregat de metabolitzar aquesta subst\u00e0ncia. Per aix\u00f2, quan la ingesta \u00e9s molt elevada, les c\u00e8l\u00b7lules hep\u00e0tiques es deterioren progressivament i augmenten tamb\u00e9 els nivells d&#8217;ALT i AST en la sang.<\/p>\n\n\n\n<p>En casos greus, el dany pot portar a malalties hep\u00e0tiques com la cirrosi o l\u2019hepatitis alcoh\u00f2lica. En ambd\u00f3s casos, hi ha una elevaci\u00f3 cr\u00f2nica de les transaminases. No hi ha estudis que confirmin que el consum puntual d&#8217;alcohol eleva les transaminases de manera permanent.<\/p>\n\n\n\n<h3 class=\"wp-block-heading\"><strong>Despr\u00e9s de cirurgies: per qu\u00e8 poden elevar-se les transaminases?<\/strong><\/h3>\n\n\n\n<p>Despr\u00e9s d&#8217;una cirurgia, les transaminases poden elevar-se. S&#8217;acostuma a relacionar amb l&#8217;estr\u00e8s f\u00edsic que el cos experimenta durant el proc\u00e9s. Aquest estr\u00e8s pot desencadenar una resposta inflamat\u00f2ria, afectar el fetge i provocar una alliberaci\u00f3 temporal d\u2019ALT i AST en el torrent sanguini. Generalment, aquest augment \u00e9s transitori i es normalitza en unes setmanes, sempre que no hi hagi altres complicacions hep\u00e0tiques.<\/p>\n\n\n\n<h2 class=\"wp-block-heading\"><span class=\"ez-toc-section\" id=\"Simptomes_de_transaminases_elevades\"><\/span><strong>S\u00edmptomes de transaminases elevades<\/strong><span class=\"ez-toc-section-end\"><\/span><\/h2>\n\n\n\n<p>Les transaminases elevades no sempre causen s\u00edmptomes evidents, sobretot si l&#8217;augment \u00e9s lleu. Tot i aix\u00f2, en aquells casos en qu\u00e8 l&#8217;increment \u00e9s molt alt o persisteix durant un temps prolongat, pot haver-hi senyals que indiquin un dany hep\u00e0tic. Els s\u00edmptomes de les transaminases elevades s\u00f3n els seg\u00fcents:<\/p>\n\n\n\n<h3 class=\"wp-block-heading\"><strong>Fatiga i malestar general<\/strong><\/h3>\n\n\n\n<p>Un dels s\u00edmptomes m\u00e9s comuns associats a l&#8217;elevaci\u00f3 de les transaminases \u00e9s la fatiga persistent i el malestar general. Aquest cansament es deu a la sobrec\u00e0rrega al fetge, que no aconsegueix complir eficientment les seves funcions de metabolitzaci\u00f3 i desintoxicaci\u00f3. L&#8217;acumulaci\u00f3 de toxines en el cos pot generar aquesta sensaci\u00f3 de fatiga.<\/p>\n\n\n\n<h3 class=\"wp-block-heading\"><strong>Coloraci\u00f3 groguenca de la pell (icter\u00edcia)<\/strong><\/h3>\n\n\n\n<p>La icter\u00edcia, o coloraci\u00f3 groguenca de la pell i els ulls, \u00e9s un altre dels s\u00edmptomes m\u00e9s freq\u00fcents de les transaminases altes i, per tant, d&#8217;un dany hep\u00e0tic. Es produeix perqu\u00e8 el fetge danyat no processa correctament la bilirubina; una subst\u00e0ncia derivada de la descomposici\u00f3 de gl\u00f2buls vermells. Quan s&#8217;acumula en la sang, es produeix la coloraci\u00f3 groguenca.<\/p>\n\n\n\n<h2 class=\"wp-block-heading\"><span class=\"ez-toc-section\" id=\"Com_baixar_les_transaminases_altes\"><\/span><strong>Com baixar les transaminases altes?<\/strong><span class=\"ez-toc-section-end\"><\/span><\/h2>\n\n\n\n<p>Davant d&#8217;aquesta situaci\u00f3, \u00e9s comprensible preguntar-se com baixar les transaminases altes. Per sort, hi ha solucions eficaces, que impliquen canvis en l&#8217;estil de vida, per\u00f2 tamb\u00e9 tractaments m\u00e8dics. La hidrataci\u00f3 \u00e9s el primer pas, per netejar el fetge i afavorir l&#8217;eliminaci\u00f3 de les toxines acumulades.<\/p>\n\n\n\n<p>Aquesta hidrataci\u00f3 ha de provenir de l&#8217;aigua i d&#8217;aliments saludables com fruites i verdures. La dieta ha de ser baixa en greixos saturats i cal augmentar l&#8217;activitat f\u00edsica, alhora que s&#8217;elimina el consum d&#8217;alcohol i de medicaments innecessaris.<\/p>\n\n\n\n<p>En alguns casos, es recomana l&#8217;\u00fas de suplements antioxidants, com la vitamina E i la silimarina, que poden protegir les c\u00e8l\u00b7lules hep\u00e0tiques. \u00c9s important, per\u00f2, consultar un metge abans d&#8217;iniciar qualsevol suplementaci\u00f3 o dieta espec\u00edfica, aix\u00ed com per obtenir una prescripci\u00f3 de medicaments per baixar les transaminases altes.<\/p>\n\n\n\n<h2 class=\"wp-block-heading\"><span class=\"ez-toc-section\" id=\"Quant_temps_tarden_a_baixar_les_transaminases\"><\/span><strong>Quant temps tarden a baixar les transaminases?<\/strong><span class=\"ez-toc-section-end\"><\/span><\/h2>\n\n\n\n<p>Un cop s&#8217;ha comen\u00e7at amb medicaci\u00f3, suplements o canvis en l&#8217;estil de vida, la pregunta habitual fa refer\u00e8ncia al temps que tarden a baixar les transaminases. Tot i aix\u00f2, aquest varia perqu\u00e8 dep\u00e8n de la causa subjacent i de la resposta de l&#8217;organisme al tractament.<\/p>\n\n\n\n<p>Si la causa \u00e9s temporal, com l&#8217;estr\u00e8s f\u00edsic o un consum lleu d&#8217;alcohol, poden tornar a la normalitat en q\u00fcesti\u00f3 de setmanes. Tot i aix\u00f2, si el dany \u00e9s m\u00e9s sever o la causa subjacent no es tracta, la reducci\u00f3 d&#8217;aquests nivells pot portar mesos. Baixar les transaminases en una setmana o en per\u00edodes de temps tan curts no \u00e9s possible, ja que l&#8217;eliminaci\u00f3 de les toxines del fetge \u00e9s progressiva.<\/p>\n\n\n\n<h2 class=\"wp-block-heading\"><span class=\"ez-toc-section\" id=\"Cuidar_la_salut_hepatica_per_evitar_complicacions\"><\/span><strong>Cuidar la salut hep\u00e0tica per evitar complicacions<\/strong><span class=\"ez-toc-section-end\"><\/span><\/h2>\n\n\n\n<p>El fetge compleix funcions vitals per a l&#8217;organisme, per la qual cosa la seva cura \u00e9s fonamental si es vol mantenir una bona salut general. Els h\u00e0bits de vida saludables i realitzar revisions m\u00e8diques amb freq\u00fc\u00e8ncia poden evitar que una elevaci\u00f3 de transaminases derivi en problemes majors. A m\u00e9s, es recomana reduir el consum de subst\u00e0ncies hepatot\u00f2xiques, portar una dieta equilibrada i evitar el sedentarisme.<\/p>\n","protected":false},"excerpt":{"rendered":"<p>Les transaminases s\u00f3n enzims que es produeixen principalment al fetge. Quan el seu nivell \u00e9s molt alt, pot ser un indicador de problemes hep\u00e0tics. Per tant, \u00e9s necessari monitorar-ne els nivells en sang per evitar que afectin la salut. Avui veurem com baixar les transaminases i les conseq\u00fc\u00e8ncies de no fer-ho. Qu\u00e8 s\u00f3n les transaminases [&hellip;]<\/p>\n","protected":false},"author":3,"featured_media":33142,"comment_status":"closed","ping_status":"closed","sticky":false,"template":"","format":"standard","meta":{"footnotes":""},"categories":[658],"tags":[],"class_list":["post-33144","post","type-post","status-publish","format-standard","has-post-thumbnail","hentry","category-alimentacio-nutricio"],"featured_image_src":"https:\/\/www.mgc.es\/wp-content\/uploads\/2024\/11\/elevacion-de-lastransaminasas-scaled.webp","author_info":{"display_name":"Revista Inter\u00e8s Mutu","author_link":"https:\/\/www.mgc.es\/ca\/blog\/author\/interesmutu\/"},"yoast_head":"<!-- This site is optimized with the Yoast SEO plugin v27.2 - https:\/\/yoast.com\/product\/yoast-seo-wordpress\/ -->\n<title>Quines s\u00f3n les conseq\u00fc\u00e8ncies de l&#039;elevaci\u00f3 de les transaminases? - MGC M\u00fatua<\/title>\n<meta name=\"description\" content=\"Descobreix qu\u00e8 s\u00f3n les transaminases, per qu\u00e8 poden estar elevades i com reduir-ne els nivells per cuidar la salut del fetge. Apr\u00e8n sobre s\u00edmptomes, causes i consells efectius.\" \/>\n<meta name=\"robots\" content=\"index, follow, max-snippet:-1, max-image-preview:large, max-video-preview:-1\" \/>\n<link rel=\"canonical\" href=\"https:\/\/www.mgc.es\/ca\/blog\/quines-son-les-consequencies-de-lelevacio-de-lestransaminases\/\" \/>\n<meta property=\"og:locale\" content=\"ca_ES\" \/>\n<meta property=\"og:type\" content=\"article\" \/>\n<meta property=\"og:title\" content=\"Quines s\u00f3n les conseq\u00fc\u00e8ncies de l&#039;elevaci\u00f3 de les transaminases? - MGC M\u00fatua\" \/>\n<meta property=\"og:description\" content=\"Descobreix qu\u00e8 s\u00f3n les transaminases, per qu\u00e8 poden estar elevades i com reduir-ne els nivells per cuidar la salut del fetge. Apr\u00e8n sobre s\u00edmptomes, causes i consells efectius.\" \/>\n<meta property=\"og:url\" content=\"https:\/\/www.mgc.es\/ca\/blog\/quines-son-les-consequencies-de-lelevacio-de-lestransaminases\/\" \/>\n<meta property=\"og:site_name\" content=\"MGC M\u00fatua\" \/>\n<meta property=\"article:publisher\" content=\"https:\/\/www.facebook.com\/mgcmutua\" \/>\n<meta property=\"article:published_time\" content=\"2024-11-13T17:08:56+00:00\" \/>\n<meta property=\"article:modified_time\" content=\"2024-11-20T15:31:12+00:00\" \/>\n<meta property=\"og:image\" content=\"https:\/\/www.mgc.es\/wp-content\/uploads\/2024\/11\/elevacion-de-lastransaminasas-scaled.webp\" \/>\n\t<meta property=\"og:image:width\" content=\"1024\" \/>\n\t<meta property=\"og:image:height\" content=\"683\" \/>\n\t<meta property=\"og:image:type\" content=\"image\/webp\" \/>\n<meta name=\"author\" content=\"Revista Inter\u00e8s Mutu\" \/>\n<meta name=\"twitter:card\" content=\"summary_large_image\" \/>\n<meta name=\"twitter:creator\" content=\"@mgcmutua\" \/>\n<meta name=\"twitter:site\" content=\"@mgcmutua\" \/>\n<meta name=\"twitter:label1\" content=\"Escrit per\" \/>\n\t<meta name=\"twitter:data1\" content=\"Revista Inter\u00e8s Mutu\" \/>\n\t<meta name=\"twitter:label2\" content=\"Temps estimat de lectura\" \/>\n\t<meta name=\"twitter:data2\" content=\"5 minuts\" \/>\n<!-- \/ Yoast SEO plugin. -->","yoast_head_json":{"title":"Quines s\u00f3n les conseq\u00fc\u00e8ncies de l'elevaci\u00f3 de les transaminases? - MGC M\u00fatua","description":"Descobreix qu\u00e8 s\u00f3n les transaminases, per qu\u00e8 poden estar elevades i com reduir-ne els nivells per cuidar la salut del fetge. Apr\u00e8n sobre s\u00edmptomes, causes i consells efectius.","robots":{"index":"index","follow":"follow","max-snippet":"max-snippet:-1","max-image-preview":"max-image-preview:large","max-video-preview":"max-video-preview:-1"},"canonical":"https:\/\/www.mgc.es\/ca\/blog\/quines-son-les-consequencies-de-lelevacio-de-lestransaminases\/","og_locale":"ca_ES","og_type":"article","og_title":"Quines s\u00f3n les conseq\u00fc\u00e8ncies de l'elevaci\u00f3 de les transaminases? - MGC M\u00fatua","og_description":"Descobreix qu\u00e8 s\u00f3n les transaminases, per qu\u00e8 poden estar elevades i com reduir-ne els nivells per cuidar la salut del fetge. Apr\u00e8n sobre s\u00edmptomes, causes i consells efectius.","og_url":"https:\/\/www.mgc.es\/ca\/blog\/quines-son-les-consequencies-de-lelevacio-de-lestransaminases\/","og_site_name":"MGC M\u00fatua","article_publisher":"https:\/\/www.facebook.com\/mgcmutua","article_published_time":"2024-11-13T17:08:56+00:00","article_modified_time":"2024-11-20T15:31:12+00:00","og_image":[{"width":1024,"height":683,"url":"https:\/\/www.mgc.es\/wp-content\/uploads\/2024\/11\/elevacion-de-lastransaminasas-scaled.webp","type":"image\/webp"}],"author":"Revista Inter\u00e8s Mutu","twitter_card":"summary_large_image","twitter_creator":"@mgcmutua","twitter_site":"@mgcmutua","twitter_misc":{"Escrit per":"Revista Inter\u00e8s Mutu","Temps estimat de lectura":"5 minuts"},"schema":{"@context":"https:\/\/schema.org","@graph":[{"@type":["Article","BlogPosting"],"@id":"https:\/\/www.mgc.es\/ca\/blog\/quines-son-les-consequencies-de-lelevacio-de-lestransaminases\/#article","isPartOf":{"@id":"https:\/\/www.mgc.es\/ca\/blog\/quines-son-les-consequencies-de-lelevacio-de-lestransaminases\/"},"author":{"name":"Revista Inter\u00e8s Mutu","@id":"https:\/\/www.mgc.es\/#\/schema\/person\/010c961d9c9acf38f11187a02b646c16"},"headline":"Quines s\u00f3n les conseq\u00fc\u00e8ncies de l&#8217;elevaci\u00f3 de les transaminases?","datePublished":"2024-11-13T17:08:56+00:00","dateModified":"2024-11-20T15:31:12+00:00","mainEntityOfPage":{"@id":"https:\/\/www.mgc.es\/ca\/blog\/quines-son-les-consequencies-de-lelevacio-de-lestransaminases\/"},"wordCount":1095,"publisher":{"@id":"https:\/\/www.mgc.es\/#organization"},"image":{"@id":"https:\/\/www.mgc.es\/ca\/blog\/quines-son-les-consequencies-de-lelevacio-de-lestransaminases\/#primaryimage"},"thumbnailUrl":"https:\/\/www.mgc.es\/wp-content\/uploads\/2024\/11\/elevacion-de-lastransaminasas-scaled.webp","articleSection":["Alimentaci\u00f3 i Nutrici\u00f3"],"inLanguage":"ca"},{"@type":["WebPage","ItemPage"],"@id":"https:\/\/www.mgc.es\/ca\/blog\/quines-son-les-consequencies-de-lelevacio-de-lestransaminases\/","url":"https:\/\/www.mgc.es\/ca\/blog\/quines-son-les-consequencies-de-lelevacio-de-lestransaminases\/","name":"Quines s\u00f3n les conseq\u00fc\u00e8ncies de l'elevaci\u00f3 de les transaminases? - MGC M\u00fatua","isPartOf":{"@id":"https:\/\/www.mgc.es\/#website"},"primaryImageOfPage":{"@id":"https:\/\/www.mgc.es\/ca\/blog\/quines-son-les-consequencies-de-lelevacio-de-lestransaminases\/#primaryimage"},"image":{"@id":"https:\/\/www.mgc.es\/ca\/blog\/quines-son-les-consequencies-de-lelevacio-de-lestransaminases\/#primaryimage"},"thumbnailUrl":"https:\/\/www.mgc.es\/wp-content\/uploads\/2024\/11\/elevacion-de-lastransaminasas-scaled.webp","datePublished":"2024-11-13T17:08:56+00:00","dateModified":"2024-11-20T15:31:12+00:00","description":"Descobreix qu\u00e8 s\u00f3n les transaminases, per qu\u00e8 poden estar elevades i com reduir-ne els nivells per cuidar la salut del fetge. Apr\u00e8n sobre s\u00edmptomes, causes i consells efectius.","breadcrumb":{"@id":"https:\/\/www.mgc.es\/ca\/blog\/quines-son-les-consequencies-de-lelevacio-de-lestransaminases\/#breadcrumb"},"inLanguage":"ca","potentialAction":[{"@type":"ReadAction","target":["https:\/\/www.mgc.es\/ca\/blog\/quines-son-les-consequencies-de-lelevacio-de-lestransaminases\/"]}]},{"@type":"ImageObject","inLanguage":"ca","@id":"https:\/\/www.mgc.es\/ca\/blog\/quines-son-les-consequencies-de-lelevacio-de-lestransaminases\/#primaryimage","url":"https:\/\/www.mgc.es\/wp-content\/uploads\/2024\/11\/elevacion-de-lastransaminasas-scaled.webp","contentUrl":"https:\/\/www.mgc.es\/wp-content\/uploads\/2024\/11\/elevacion-de-lastransaminasas-scaled.webp","width":1024,"height":683,"caption":"elevaci\u00f3n de lastransaminasas"},{"@type":"BreadcrumbList","@id":"https:\/\/www.mgc.es\/ca\/blog\/quines-son-les-consequencies-de-lelevacio-de-lestransaminases\/#breadcrumb","itemListElement":[{"@type":"ListItem","position":1,"name":"Home","item":"https:\/\/www.mgc.es\/ca\/"},{"@type":"ListItem","position":2,"name":"Quines s\u00f3n les conseq\u00fc\u00e8ncies de l&#8217;elevaci\u00f3 de les transaminases?"}]},{"@type":"WebSite","@id":"https:\/\/www.mgc.es\/#website","url":"https:\/\/www.mgc.es\/","name":"MGC M\u00fatua","description":"MGC M\u00fatua \u00e9s una entitat asseguradora sense \u00e0nim de lucre constitu\u00efda al 1982 i especialitzada en assegurances de salut i assist\u00e8ncia.","publisher":{"@id":"https:\/\/www.mgc.es\/#organization"},"alternateName":"MGC","potentialAction":[{"@type":"SearchAction","target":{"@type":"EntryPoint","urlTemplate":"https:\/\/www.mgc.es\/?s={search_term_string}"},"query-input":{"@type":"PropertyValueSpecification","valueRequired":true,"valueName":"search_term_string"}}],"inLanguage":"ca"},{"@type":"Organization","@id":"https:\/\/www.mgc.es\/#organization","name":"MGC Mutua","alternateName":"MGC","url":"https:\/\/www.mgc.es\/","logo":{"@type":"ImageObject","inLanguage":"ca","@id":"https:\/\/www.mgc.es\/#\/schema\/logo\/image\/","url":"https:\/\/www.mgc.es\/wp-content\/uploads\/2020\/03\/mgcmutua_h2_2t_reduccions.png","contentUrl":"https:\/\/www.mgc.es\/wp-content\/uploads\/2020\/03\/mgcmutua_h2_2t_reduccions.png","width":303,"height":165,"caption":"MGC Mutua"},"image":{"@id":"https:\/\/www.mgc.es\/#\/schema\/logo\/image\/"},"sameAs":["https:\/\/www.facebook.com\/mgcmutua","https:\/\/x.com\/mgcmutua","https:\/\/www.youtube.com\/c\/MGCMutua"]},{"@type":"Person","@id":"https:\/\/www.mgc.es\/#\/schema\/person\/010c961d9c9acf38f11187a02b646c16","name":"Revista Inter\u00e8s Mutu","image":{"@type":"ImageObject","inLanguage":"ca","@id":"https:\/\/secure.gravatar.com\/avatar\/52302d684339b9d7bf5691e2ad00835d62ce3b4a435f21ca9f21fbe39c63cb1b?s=96&d=mm&r=g","url":"https:\/\/secure.gravatar.com\/avatar\/52302d684339b9d7bf5691e2ad00835d62ce3b4a435f21ca9f21fbe39c63cb1b?s=96&d=mm&r=g","contentUrl":"https:\/\/secure.gravatar.com\/avatar\/52302d684339b9d7bf5691e2ad00835d62ce3b4a435f21ca9f21fbe39c63cb1b?s=96&d=mm&r=g","caption":"Revista Inter\u00e8s Mutu"}}]}},"_links":{"self":[{"href":"https:\/\/www.mgc.es\/ca\/wp-json\/wp\/v2\/posts\/33144","targetHints":{"allow":["GET"]}}],"collection":[{"href":"https:\/\/www.mgc.es\/ca\/wp-json\/wp\/v2\/posts"}],"about":[{"href":"https:\/\/www.mgc.es\/ca\/wp-json\/wp\/v2\/types\/post"}],"author":[{"embeddable":true,"href":"https:\/\/www.mgc.es\/ca\/wp-json\/wp\/v2\/users\/3"}],"replies":[{"embeddable":true,"href":"https:\/\/www.mgc.es\/ca\/wp-json\/wp\/v2\/comments?post=33144"}],"version-history":[{"count":5,"href":"https:\/\/www.mgc.es\/ca\/wp-json\/wp\/v2\/posts\/33144\/revisions"}],"predecessor-version":[{"id":33227,"href":"https:\/\/www.mgc.es\/ca\/wp-json\/wp\/v2\/posts\/33144\/revisions\/33227"}],"wp:featuredmedia":[{"embeddable":true,"href":"https:\/\/www.mgc.es\/ca\/wp-json\/wp\/v2\/media\/33142"}],"wp:attachment":[{"href":"https:\/\/www.mgc.es\/ca\/wp-json\/wp\/v2\/media?parent=33144"}],"wp:term":[{"taxonomy":"category","embeddable":true,"href":"https:\/\/www.mgc.es\/ca\/wp-json\/wp\/v2\/categories?post=33144"},{"taxonomy":"post_tag","embeddable":true,"href":"https:\/\/www.mgc.es\/ca\/wp-json\/wp\/v2\/tags?post=33144"}],"curies":[{"name":"wp","href":"https:\/\/api.w.org\/{rel}","templated":true}]}}