{"id":32607,"date":"2024-08-30T09:47:47","date_gmt":"2024-08-30T07:47:47","guid":{"rendered":"https:\/\/www.mgc.es\/?p=32607"},"modified":"2024-08-30T09:47:48","modified_gmt":"2024-08-30T07:47:48","slug":"alergia-sol-simptomes-causes-tractament","status":"publish","type":"post","link":"https:\/\/www.mgc.es\/ca\/blog\/alergia-sol-simptomes-causes-tractament\/","title":{"rendered":"Al\u00b7l\u00e8rgia al sol: S\u00edmptomes, causes i tractament"},"content":{"rendered":"<div id=\"ez-toc-container\" class=\"ez-toc-v2_0_82_1 counter-hierarchy ez-toc-counter ez-toc-custom ez-toc-container-direction\">\n<div class=\"ez-toc-title-container\"><p class=\"ez-toc-title\" style=\"cursor:inherit\">\u00cdndex de continguts<\/p>\n<\/div><nav><ul class='ez-toc-list ez-toc-list-level-1 ' ><li class='ez-toc-page-1 ez-toc-heading-level-2'><a class=\"ez-toc-link ez-toc-heading-1\" href=\"https:\/\/www.mgc.es\/ca\/blog\/alergia-sol-simptomes-causes-tractament\/#Simptomes_de_lallergia_al_sol\" >S\u00edmptomes de l&#8217;al\u00b7l\u00e8rgia al sol<\/a><\/li><li class='ez-toc-page-1 ez-toc-heading-level-2'><a class=\"ez-toc-link ez-toc-heading-2\" href=\"https:\/\/www.mgc.es\/ca\/blog\/alergia-sol-simptomes-causes-tractament\/#Com_prevenir_lallergia_al_sol\" >Com prevenir l&#8217;al\u00b7l\u00e8rgia al sol?<\/a><\/li><li class='ez-toc-page-1 ez-toc-heading-level-2'><a class=\"ez-toc-link ez-toc-heading-3\" href=\"https:\/\/www.mgc.es\/ca\/blog\/alergia-sol-simptomes-causes-tractament\/#Tractament_de_lallergia_al_sol\" >Tractament de l&#8217;al\u00b7l\u00e8rgia al sol<\/a><\/li><li class='ez-toc-page-1 ez-toc-heading-level-2'><a class=\"ez-toc-link ez-toc-heading-4\" href=\"https:\/\/www.mgc.es\/ca\/blog\/alergia-sol-simptomes-causes-tractament\/#Allergia_al_sol_en_bebes_que_fer\" >Al\u00b7l\u00e8rgia al sol en beb\u00e8s, qu\u00e8 fer?<\/a><\/li><li class='ez-toc-page-1 ez-toc-heading-level-2'><a class=\"ez-toc-link ez-toc-heading-5\" href=\"https:\/\/www.mgc.es\/ca\/blog\/alergia-sol-simptomes-causes-tractament\/#Com_saber_si_tinc_allergia_al_sol\" >Com saber si tinc al\u00b7l\u00e8rgia al sol?<\/a><\/li><li class='ez-toc-page-1 ez-toc-heading-level-2'><a class=\"ez-toc-link ez-toc-heading-6\" href=\"https:\/\/www.mgc.es\/ca\/blog\/alergia-sol-simptomes-causes-tractament\/#Granets_per_allergia_al_sol\" >Granets per al\u00b7l\u00e8rgia al sol<\/a><\/li><\/ul><\/nav><\/div>\n\n<figure class=\"wp-block-image size-large\"><img loading=\"lazy\" decoding=\"async\" width=\"880\" height=\"587\" src=\"https:\/\/www.mgc.es\/wp-content\/uploads\/2024\/08\/alergia-al-sol-880x587.jpg\" alt=\"\" class=\"wp-image-32605\" srcset=\"https:\/\/www.mgc.es\/wp-content\/uploads\/2024\/08\/alergia-al-sol-880x587.jpg 880w, https:\/\/www.mgc.es\/wp-content\/uploads\/2024\/08\/alergia-al-sol-440x293.jpg 440w, https:\/\/www.mgc.es\/wp-content\/uploads\/2024\/08\/alergia-al-sol-768x512.jpg 768w, https:\/\/www.mgc.es\/wp-content\/uploads\/2024\/08\/alergia-al-sol-1536x1024.jpg 1536w, https:\/\/www.mgc.es\/wp-content\/uploads\/2024\/08\/alergia-al-sol-2048x1365.jpg 2048w, https:\/\/www.mgc.es\/wp-content\/uploads\/2024\/08\/alergia-al-sol-scaled.jpg 1024w\" sizes=\"auto, (max-width: 880px) 100vw, 880px\" \/><\/figure>\n\n\n\n<p>L&#8217;<strong>al\u00b7l\u00e8rgia al sol<\/strong>, tamb\u00e9 coneguda com a<strong> erupci\u00f3 polimorfa lum\u00ednica<\/strong>, \u00e9s una reacci\u00f3 del sistema immunitari a la llum solar. Tant les causes com la simptomatologia s\u00f3n variables d&#8217;una persona a una altra. En aquest article, coneixerem quina \u00e9s, com tractar-la en adults i menors, i altres aspectes a tenir en compte.\u00a0<\/p>\n\n\n\n<h2 class=\"wp-block-heading\"><span class=\"ez-toc-section\" id=\"Simptomes_de_lallergia_al_sol\"><\/span><strong>S\u00edmptomes de l&#8217;al\u00b7l\u00e8rgia al sol<\/strong><span class=\"ez-toc-section-end\"><\/span><\/h2>\n\n\n\n<p>Els <strong>s\u00edmptomes de l&#8217;al\u00b7l\u00e8rgia al sol <\/strong>varien en intensitat segons la persona i el nivell d&#8217;exposici\u00f3 que hagi tingut. Despr\u00e9s d&#8217;aquesta, <strong>solen apar\u00e8ixer entre uns minuts i diverses hores despr\u00e9s<\/strong>. Quant a la durada, en els casos greus es pot estendre a diversos dies. Els s\u00edmptomes m\u00e9s habituals s\u00f3n els seg\u00fcents:<\/p>\n\n\n\n<p><strong>&#8211; Erupcions cut\u00e0nies.<\/strong> S\u00f3n la manifestaci\u00f3 m\u00e9s freq\u00fcent i es presenta com una erupci\u00f3 vermellosa, que sol anar acompanyada de picor. Apareixen en aquelles zones del cos que han estat exposades al sol. Per exemple, bra\u00e7os, coll, cara i mans.<\/p>\n\n\n\n<p><strong>&#8211; P\u00e0pules.<\/strong> Es tracta de petits embalums o granets amb l\u00edquid al seu interior. Solen apar\u00e8ixer algunes hores despr\u00e9s de l&#8217;exposici\u00f3 solar.<\/p>\n\n\n\n<p><strong>&#8211; Enrogiment. <\/strong>La pell pot posar-se vermella i inflamar-se, com en les cremades solars. La difer\u00e8ncia est\u00e0 en el fet que en l&#8217;al\u00b7l\u00e8rgia al sol, l&#8217;enrogiment va m\u00e9s enll\u00e0 de les zones que han estat exposades.<\/p>\n\n\n\n<p><strong>&#8211; Sensaci\u00f3 d&#8217;ardor o picor.<\/strong> Apareix en les zones de la pell afectades i pot ser molt molesta.&nbsp;<\/p>\n\n\n\n<p><strong>&#8211; Descamaci\u00f3. <\/strong>En alguns casos, quan l&#8217;erupci\u00f3 comen\u00e7a a remetre, la pell pot pelar-se.&nbsp;<\/p>\n\n\n\n<h2 class=\"wp-block-heading\"><span class=\"ez-toc-section\" id=\"Com_prevenir_lallergia_al_sol\"><\/span><strong>Com prevenir l&#8217;al\u00b7l\u00e8rgia al sol?<\/strong><span class=\"ez-toc-section-end\"><\/span><\/h2>\n\n\n\n<p>La prevenci\u00f3 de l&#8217;al\u00b7l\u00e8rgia al sol vindr\u00e0 determinada per les causes, que poden ser <strong>heredit\u00e0ries<\/strong>, per la presa de <strong>certs medicaments o fins i tot per raons desconegudes<\/strong>. En qualsevol cas, es pot reduir el risc que aparegui amb les seg\u00fcents mesures:<\/p>\n\n\n\n<p><strong>&#8211; Utilitzar protector solar. <\/strong>Es recomana per a tota la poblaci\u00f3, per\u00f2 \u00e9s particularment important si hi ha problemes d&#8217;al\u00b7l\u00e8rgies. Ha de ser d&#8217;ampli espectre amb un factor de protecci\u00f3 de 30 com a m\u00ednim. Cal repetir l&#8217;aplicaci\u00f3 cada dues hores o m\u00e9s sovint si es sua o es neda.<\/p>\n\n\n\n<p><strong>&#8211; Roba protectora. <\/strong>Vestir peces que cobreixin la major part del cos, com camises de m\u00e0niga llarga, pantalons i barrets d&#8217;ala ampla. Tamb\u00e9 hi ha <a href=\"https:\/\/www.semg.es\/index.php\/component\/k2\/item\/630-proteccion-solar\">teixits especials<\/a> amb protecci\u00f3 ultraviolada (UPF).&nbsp;<\/p>\n\n\n\n<p><strong>&#8211; Evitar l&#8217;exposici\u00f3 directa al sol. <\/strong>Si hi ha al\u00b7l\u00e8rgia al sol o es creu que pot haver-hi, l&#8217;ideal \u00e9s evitar completament l&#8217;exposici\u00f3. O almenys, limitar el temps a l&#8217;aire lliure en les hores m\u00e9s fortes.&nbsp;<\/p>\n\n\n\n<p><strong>&#8211; Buscar ombra.<\/strong> Si no n&#8217;hi ha, es recomana utilitzar paraigua o ombrel\u00b7les.<\/p>\n\n\n\n<p><strong>&#8211; Evitar medicaments i cosm\u00e8tics<\/strong> que augmenten la sensibilitat al sol.&nbsp;<\/p>\n\n\n\n<h2 class=\"wp-block-heading\"><span class=\"ez-toc-section\" id=\"Tractament_de_lallergia_al_sol\"><\/span><strong>Tractament de l&#8217;al\u00b7l\u00e8rgia al sol<\/strong><span class=\"ez-toc-section-end\"><\/span><\/h2>\n\n\n\n<p>Si es desenvolupa una al\u00b7l\u00e8rgia al sol, el tractament se centrar\u00e0 en alleujar els s\u00edmptomes i reduir la inflamaci\u00f3. Els m\u00e8todes m\u00e9s utilitzats s\u00f3n:<\/p>\n\n\n\n<p><strong>&#8211; Cremes corticoides.<\/strong> Els corticoesteroides redueixen la inflamaci\u00f3 i l&#8217;enrogiment. Algunes estan disponibles sense recepta, per\u00f2 es recomana consultar amb un metge en casos severs.&nbsp;<\/p>\n\n\n\n<p><strong>&#8211; Antihistam\u00ednics<\/strong>. En tractar-se d&#8217;una al\u00b7l\u00e8rgia, els antihistam\u00ednics orals poden ser efica\u00e7os per alleujar la picor i la incomoditat.&nbsp;<\/p>\n\n\n\n<p><strong>&#8211; Hidrataci\u00f3 de la pell.<\/strong> <a href=\"https:\/\/www.mgc.es\/blog\/hidratacion-alimentos-ricos-agua\/\">Mantenir-se hidratat<\/a> redueix la sequedat i posterior descamaci\u00f3 que sol acompanyar l&#8217;al\u00b7l\u00e8rgia al sol.<\/p>\n\n\n\n<p><strong>&#8211; Compreses fredes.<\/strong> Si s&#8217;apliquen sobre la pell afectada, pot oferir alleujament temporal de l&#8217;ardor i la picor.<\/p>\n\n\n\n<p><strong>&#8211; Fototer\u00e0pia.<\/strong> En casos cr\u00f2nics o recurrents, alguns dermat\u00f2legs recomanen la fototer\u00e0pia. \u00c9s un tractament que exposa la pell a quantitats controlades de llum ultraviolada per reduir la sensibilitat al sol.<\/p>\n\n\n\n<h2 class=\"wp-block-heading\"><span class=\"ez-toc-section\" id=\"Allergia_al_sol_en_bebes_que_fer\"><\/span><strong>Al\u00b7l\u00e8rgia al sol en beb\u00e8s, qu\u00e8 fer?<\/strong><span class=\"ez-toc-section-end\"><\/span><\/h2>\n\n\n\n<p>La pell dels beb\u00e8s \u00e9s molt sensible i vulnerable a les reaccions solars, d&#8217;aqu\u00ed ve que<strong> els menors de sis mesos no s&#8217;hagin d&#8217;exposar directament al sol<\/strong>. \u00c9s important utilitzar ombrel\u00b7les, barrets i roba que cobreixi la seva pell. Una vegada superada aquesta edat, es comen\u00e7ar\u00e0 amb un <strong>protector solar espec\u00edfic <\/strong>per a beb\u00e8s, la f\u00f3rmula dels quals sol ser suau.&nbsp;<\/p>\n\n\n\n<p>Despr\u00e9s de l&#8217;exposici\u00f3 al sol, cal hidratar la seva pell amb cremes suaus i sense frag\u00e0ncia. Si s&#8217;observa qualsevol mena de reacci\u00f3 despr\u00e9s de l&#8217;exposici\u00f3 solar, caldr\u00e0 consultar amb un pediatre per a donar amb un diagn\u00f2stic.&nbsp;<\/p>\n\n\n\n<h2 class=\"wp-block-heading\"><span class=\"ez-toc-section\" id=\"Com_saber_si_tinc_allergia_al_sol\"><\/span><strong>Com saber si tinc al\u00b7l\u00e8rgia al sol?<\/strong><span class=\"ez-toc-section-end\"><\/span><\/h2>\n\n\n\n<p>L&#8217;\u00fanica manera de saber si es t\u00e9<strong> al\u00b7l\u00e8rgia al sol<\/strong> \u00e9s a trav\u00e9s de l&#8217;observaci\u00f3 dels s\u00edmptomes despr\u00e9s de l&#8217;exposici\u00f3. Tamb\u00e9 \u00e9s possible realitzar<strong> proves espec\u00edfiques<\/strong> amb un dermat\u00f2leg si hi ha una sospita. Per exemple, l&#8217;exposici\u00f3 controlada a llum ultraviolada en el consultori, que determina la sensibilitat de la pell al sol. L&#8217;<strong>an\u00e0lisi de sang<\/strong> s&#8217;utilitza tamb\u00e9 per descartar altres condicions que puguin causar s\u00edmptomes similars.<\/p>\n\n\n\n<h2 class=\"wp-block-heading\"><span class=\"ez-toc-section\" id=\"Granets_per_allergia_al_sol\"><\/span><strong>Granets per al\u00b7l\u00e8rgia al sol<\/strong><span class=\"ez-toc-section-end\"><\/span><\/h2>\n\n\n\n<p>Els granets poden apar\u00e8ixer com a resultat d&#8217;una al\u00b7l\u00e8rgia al sol, i es coneixen com a p\u00e0pules. S\u00f3n petits <strong>embalums de color vermell que causen picor<\/strong>. Per tractar-los, a m\u00e9s de les mesures esmentades anteriorment, \u00e9s important <strong>evitar gratar-se<\/strong>. En cas contrari, empitjorarem la irritaci\u00f3 i augmentarem el risc d&#8217;una infecci\u00f3. Si els granets persisteixen o s&#8217;acompanyen d&#8217;altres s\u00edmptomes, conv\u00e9 consultar amb un dermat\u00f2leg per obtenir un diagn\u00f2stic i tractament adequat.<\/p>\n","protected":false},"excerpt":{"rendered":"<p>L&#8217;al\u00b7l\u00e8rgia al sol, tamb\u00e9 coneguda com a erupci\u00f3 polimorfa lum\u00ednica, \u00e9s una reacci\u00f3 del sistema immunitari a la llum solar. Tant les causes com la simptomatologia s\u00f3n variables d&#8217;una persona a una altra. En aquest article, coneixerem quina \u00e9s, com tractar-la en adults i menors, i altres aspectes a tenir en compte.\u00a0 S\u00edmptomes de l&#8217;al\u00b7l\u00e8rgia [&hellip;]<\/p>\n","protected":false},"author":3,"featured_media":32605,"comment_status":"closed","ping_status":"closed","sticky":false,"template":"","format":"standard","meta":{"footnotes":""},"categories":[659],"tags":[],"class_list":["post-32607","post","type-post","status-publish","format-standard","has-post-thumbnail","hentry","category-benestar"],"featured_image_src":"https:\/\/www.mgc.es\/wp-content\/uploads\/2024\/08\/alergia-al-sol-scaled.jpg","author_info":{"display_name":"Revista Inter\u00e8s Mutu","author_link":"https:\/\/www.mgc.es\/ca\/blog\/author\/interesmutu\/"},"yoast_head":"<!-- This site is optimized with the Yoast SEO plugin v27.2 - https:\/\/yoast.com\/product\/yoast-seo-wordpress\/ -->\n<title>Al\u00b7l\u00e8rgia al sol: S\u00edmptomes, causes i tractament - MGC M\u00fatua<\/title>\n<meta name=\"description\" content=\"Descobreix tot sobre l&#039;al\u00b7l\u00e8rgia al sol: s\u00edmptomes, causes i tractaments efectius. Apr\u00e8n a identificar els senyals d&#039;aquesta reacci\u00f3 cut\u00e0nia i com prevenir-la.\" \/>\n<meta name=\"robots\" content=\"index, follow, max-snippet:-1, max-image-preview:large, max-video-preview:-1\" \/>\n<link rel=\"canonical\" href=\"https:\/\/www.mgc.es\/ca\/blog\/alergia-sol-simptomes-causes-tractament\/\" \/>\n<meta property=\"og:locale\" content=\"ca_ES\" \/>\n<meta property=\"og:type\" content=\"article\" \/>\n<meta property=\"og:title\" content=\"Al\u00b7l\u00e8rgia al sol: S\u00edmptomes, causes i tractament - MGC M\u00fatua\" \/>\n<meta property=\"og:description\" content=\"Descobreix tot sobre l&#039;al\u00b7l\u00e8rgia al sol: s\u00edmptomes, causes i tractaments efectius. Apr\u00e8n a identificar els senyals d&#039;aquesta reacci\u00f3 cut\u00e0nia i com prevenir-la.\" \/>\n<meta property=\"og:url\" content=\"https:\/\/www.mgc.es\/ca\/blog\/alergia-sol-simptomes-causes-tractament\/\" \/>\n<meta property=\"og:site_name\" content=\"MGC M\u00fatua\" \/>\n<meta property=\"article:publisher\" content=\"https:\/\/www.facebook.com\/mgcmutua\" \/>\n<meta property=\"article:published_time\" content=\"2024-08-30T07:47:47+00:00\" \/>\n<meta property=\"article:modified_time\" content=\"2024-08-30T07:47:48+00:00\" \/>\n<meta property=\"og:image\" content=\"https:\/\/www.mgc.es\/wp-content\/uploads\/2024\/08\/alergia-al-sol-scaled.jpg\" \/>\n\t<meta property=\"og:image:width\" content=\"1024\" \/>\n\t<meta property=\"og:image:height\" content=\"683\" \/>\n\t<meta property=\"og:image:type\" content=\"image\/jpeg\" \/>\n<meta name=\"author\" content=\"Revista Inter\u00e8s Mutu\" \/>\n<meta name=\"twitter:card\" content=\"summary_large_image\" \/>\n<meta name=\"twitter:creator\" content=\"@mgcmutua\" \/>\n<meta name=\"twitter:site\" content=\"@mgcmutua\" \/>\n<meta name=\"twitter:label1\" content=\"Escrit per\" \/>\n\t<meta name=\"twitter:data1\" content=\"Revista Inter\u00e8s Mutu\" \/>\n\t<meta name=\"twitter:label2\" content=\"Temps estimat de lectura\" \/>\n\t<meta name=\"twitter:data2\" content=\"5 minuts\" \/>\n<!-- \/ Yoast SEO plugin. -->","yoast_head_json":{"title":"Al\u00b7l\u00e8rgia al sol: S\u00edmptomes, causes i tractament - MGC M\u00fatua","description":"Descobreix tot sobre l'al\u00b7l\u00e8rgia al sol: s\u00edmptomes, causes i tractaments efectius. Apr\u00e8n a identificar els senyals d'aquesta reacci\u00f3 cut\u00e0nia i com prevenir-la.","robots":{"index":"index","follow":"follow","max-snippet":"max-snippet:-1","max-image-preview":"max-image-preview:large","max-video-preview":"max-video-preview:-1"},"canonical":"https:\/\/www.mgc.es\/ca\/blog\/alergia-sol-simptomes-causes-tractament\/","og_locale":"ca_ES","og_type":"article","og_title":"Al\u00b7l\u00e8rgia al sol: S\u00edmptomes, causes i tractament - MGC M\u00fatua","og_description":"Descobreix tot sobre l'al\u00b7l\u00e8rgia al sol: s\u00edmptomes, causes i tractaments efectius. Apr\u00e8n a identificar els senyals d'aquesta reacci\u00f3 cut\u00e0nia i com prevenir-la.","og_url":"https:\/\/www.mgc.es\/ca\/blog\/alergia-sol-simptomes-causes-tractament\/","og_site_name":"MGC M\u00fatua","article_publisher":"https:\/\/www.facebook.com\/mgcmutua","article_published_time":"2024-08-30T07:47:47+00:00","article_modified_time":"2024-08-30T07:47:48+00:00","og_image":[{"width":1024,"height":683,"url":"https:\/\/www.mgc.es\/wp-content\/uploads\/2024\/08\/alergia-al-sol-scaled.jpg","type":"image\/jpeg"}],"author":"Revista Inter\u00e8s Mutu","twitter_card":"summary_large_image","twitter_creator":"@mgcmutua","twitter_site":"@mgcmutua","twitter_misc":{"Escrit per":"Revista Inter\u00e8s Mutu","Temps estimat de lectura":"5 minuts"},"schema":{"@context":"https:\/\/schema.org","@graph":[{"@type":["Article","BlogPosting"],"@id":"https:\/\/www.mgc.es\/ca\/blog\/alergia-sol-simptomes-causes-tractament\/#article","isPartOf":{"@id":"https:\/\/www.mgc.es\/ca\/blog\/alergia-sol-simptomes-causes-tractament\/"},"author":{"name":"Revista Inter\u00e8s Mutu","@id":"https:\/\/www.mgc.es\/#\/schema\/person\/010c961d9c9acf38f11187a02b646c16"},"headline":"Al\u00b7l\u00e8rgia al sol: S\u00edmptomes, causes i tractament","datePublished":"2024-08-30T07:47:47+00:00","dateModified":"2024-08-30T07:47:48+00:00","mainEntityOfPage":{"@id":"https:\/\/www.mgc.es\/ca\/blog\/alergia-sol-simptomes-causes-tractament\/"},"wordCount":942,"publisher":{"@id":"https:\/\/www.mgc.es\/#organization"},"image":{"@id":"https:\/\/www.mgc.es\/ca\/blog\/alergia-sol-simptomes-causes-tractament\/#primaryimage"},"thumbnailUrl":"https:\/\/www.mgc.es\/wp-content\/uploads\/2024\/08\/alergia-al-sol-scaled.jpg","articleSection":["Benestar i exercici"],"inLanguage":"ca"},{"@type":["WebPage","ItemPage"],"@id":"https:\/\/www.mgc.es\/ca\/blog\/alergia-sol-simptomes-causes-tractament\/","url":"https:\/\/www.mgc.es\/ca\/blog\/alergia-sol-simptomes-causes-tractament\/","name":"Al\u00b7l\u00e8rgia al sol: S\u00edmptomes, causes i tractament - MGC M\u00fatua","isPartOf":{"@id":"https:\/\/www.mgc.es\/#website"},"primaryImageOfPage":{"@id":"https:\/\/www.mgc.es\/ca\/blog\/alergia-sol-simptomes-causes-tractament\/#primaryimage"},"image":{"@id":"https:\/\/www.mgc.es\/ca\/blog\/alergia-sol-simptomes-causes-tractament\/#primaryimage"},"thumbnailUrl":"https:\/\/www.mgc.es\/wp-content\/uploads\/2024\/08\/alergia-al-sol-scaled.jpg","datePublished":"2024-08-30T07:47:47+00:00","dateModified":"2024-08-30T07:47:48+00:00","description":"Descobreix tot sobre l'al\u00b7l\u00e8rgia al sol: s\u00edmptomes, causes i tractaments efectius. Apr\u00e8n a identificar els senyals d'aquesta reacci\u00f3 cut\u00e0nia i com prevenir-la.","breadcrumb":{"@id":"https:\/\/www.mgc.es\/ca\/blog\/alergia-sol-simptomes-causes-tractament\/#breadcrumb"},"inLanguage":"ca","potentialAction":[{"@type":"ReadAction","target":["https:\/\/www.mgc.es\/ca\/blog\/alergia-sol-simptomes-causes-tractament\/"]}]},{"@type":"ImageObject","inLanguage":"ca","@id":"https:\/\/www.mgc.es\/ca\/blog\/alergia-sol-simptomes-causes-tractament\/#primaryimage","url":"https:\/\/www.mgc.es\/wp-content\/uploads\/2024\/08\/alergia-al-sol-scaled.jpg","contentUrl":"https:\/\/www.mgc.es\/wp-content\/uploads\/2024\/08\/alergia-al-sol-scaled.jpg","width":1024,"height":683},{"@type":"BreadcrumbList","@id":"https:\/\/www.mgc.es\/ca\/blog\/alergia-sol-simptomes-causes-tractament\/#breadcrumb","itemListElement":[{"@type":"ListItem","position":1,"name":"Home","item":"https:\/\/www.mgc.es\/ca\/"},{"@type":"ListItem","position":2,"name":"Al\u00b7l\u00e8rgia al sol: S\u00edmptomes, causes i tractament"}]},{"@type":"WebSite","@id":"https:\/\/www.mgc.es\/#website","url":"https:\/\/www.mgc.es\/","name":"MGC M\u00fatua","description":"MGC M\u00fatua \u00e9s una entitat asseguradora sense \u00e0nim de lucre constitu\u00efda al 1982 i especialitzada en assegurances de salut i assist\u00e8ncia.","publisher":{"@id":"https:\/\/www.mgc.es\/#organization"},"alternateName":"MGC","potentialAction":[{"@type":"SearchAction","target":{"@type":"EntryPoint","urlTemplate":"https:\/\/www.mgc.es\/?s={search_term_string}"},"query-input":{"@type":"PropertyValueSpecification","valueRequired":true,"valueName":"search_term_string"}}],"inLanguage":"ca"},{"@type":"Organization","@id":"https:\/\/www.mgc.es\/#organization","name":"MGC Mutua","alternateName":"MGC","url":"https:\/\/www.mgc.es\/","logo":{"@type":"ImageObject","inLanguage":"ca","@id":"https:\/\/www.mgc.es\/#\/schema\/logo\/image\/","url":"https:\/\/www.mgc.es\/wp-content\/uploads\/2020\/03\/mgcmutua_h2_2t_reduccions.png","contentUrl":"https:\/\/www.mgc.es\/wp-content\/uploads\/2020\/03\/mgcmutua_h2_2t_reduccions.png","width":303,"height":165,"caption":"MGC Mutua"},"image":{"@id":"https:\/\/www.mgc.es\/#\/schema\/logo\/image\/"},"sameAs":["https:\/\/www.facebook.com\/mgcmutua","https:\/\/x.com\/mgcmutua","https:\/\/www.youtube.com\/c\/MGCMutua"]},{"@type":"Person","@id":"https:\/\/www.mgc.es\/#\/schema\/person\/010c961d9c9acf38f11187a02b646c16","name":"Revista Inter\u00e8s Mutu","image":{"@type":"ImageObject","inLanguage":"ca","@id":"https:\/\/secure.gravatar.com\/avatar\/52302d684339b9d7bf5691e2ad00835d62ce3b4a435f21ca9f21fbe39c63cb1b?s=96&d=mm&r=g","url":"https:\/\/secure.gravatar.com\/avatar\/52302d684339b9d7bf5691e2ad00835d62ce3b4a435f21ca9f21fbe39c63cb1b?s=96&d=mm&r=g","contentUrl":"https:\/\/secure.gravatar.com\/avatar\/52302d684339b9d7bf5691e2ad00835d62ce3b4a435f21ca9f21fbe39c63cb1b?s=96&d=mm&r=g","caption":"Revista Inter\u00e8s Mutu"}}]}},"_links":{"self":[{"href":"https:\/\/www.mgc.es\/ca\/wp-json\/wp\/v2\/posts\/32607","targetHints":{"allow":["GET"]}}],"collection":[{"href":"https:\/\/www.mgc.es\/ca\/wp-json\/wp\/v2\/posts"}],"about":[{"href":"https:\/\/www.mgc.es\/ca\/wp-json\/wp\/v2\/types\/post"}],"author":[{"embeddable":true,"href":"https:\/\/www.mgc.es\/ca\/wp-json\/wp\/v2\/users\/3"}],"replies":[{"embeddable":true,"href":"https:\/\/www.mgc.es\/ca\/wp-json\/wp\/v2\/comments?post=32607"}],"version-history":[{"count":1,"href":"https:\/\/www.mgc.es\/ca\/wp-json\/wp\/v2\/posts\/32607\/revisions"}],"predecessor-version":[{"id":32608,"href":"https:\/\/www.mgc.es\/ca\/wp-json\/wp\/v2\/posts\/32607\/revisions\/32608"}],"wp:featuredmedia":[{"embeddable":true,"href":"https:\/\/www.mgc.es\/ca\/wp-json\/wp\/v2\/media\/32605"}],"wp:attachment":[{"href":"https:\/\/www.mgc.es\/ca\/wp-json\/wp\/v2\/media?parent=32607"}],"wp:term":[{"taxonomy":"category","embeddable":true,"href":"https:\/\/www.mgc.es\/ca\/wp-json\/wp\/v2\/categories?post=32607"},{"taxonomy":"post_tag","embeddable":true,"href":"https:\/\/www.mgc.es\/ca\/wp-json\/wp\/v2\/tags?post=32607"}],"curies":[{"name":"wp","href":"https:\/\/api.w.org\/{rel}","templated":true}]}}