{"id":32571,"date":"2024-09-26T14:44:42","date_gmt":"2024-09-26T12:44:42","guid":{"rendered":"https:\/\/www.mgc.es\/?p=32571"},"modified":"2024-08-28T14:46:00","modified_gmt":"2024-08-28T12:46:00","slug":"endometriosi-definicio-simptomes-i-tractament-daquesta-afeccio-ginecologica","status":"publish","type":"post","link":"https:\/\/www.mgc.es\/ca\/blog\/endometriosi-definicio-simptomes-i-tractament-daquesta-afeccio-ginecologica\/","title":{"rendered":"Endometriosi: definici\u00f3, s\u00edmptomes i tractament d\u2019aquesta afecci\u00f3 ginecol\u00f2gica"},"content":{"rendered":"<div id=\"ez-toc-container\" class=\"ez-toc-v2_0_82_1 counter-hierarchy ez-toc-counter ez-toc-custom ez-toc-container-direction\">\n<div class=\"ez-toc-title-container\"><p class=\"ez-toc-title\" style=\"cursor:inherit\">\u00cdndex de continguts<\/p>\n<\/div><nav><ul class='ez-toc-list ez-toc-list-level-1 ' ><li class='ez-toc-page-1 ez-toc-heading-level-2'><a class=\"ez-toc-link ez-toc-heading-1\" href=\"https:\/\/www.mgc.es\/ca\/blog\/endometriosi-definicio-simptomes-i-tractament-daquesta-afeccio-ginecologica\/#Lendometri_Que_es_lendometriosi\" >L\u2019endometri. Qu\u00e8 \u00e9s l\u2019endometriosi<\/a><\/li><li class='ez-toc-page-1 ez-toc-heading-level-2'><a class=\"ez-toc-link ez-toc-heading-2\" href=\"https:\/\/www.mgc.es\/ca\/blog\/endometriosi-definicio-simptomes-i-tractament-daquesta-afeccio-ginecologica\/#Simptomes_de_lendometriosi\" >S\u00edmptomes de l\u2019endometriosi<\/a><\/li><li class='ez-toc-page-1 ez-toc-heading-level-2'><a class=\"ez-toc-link ez-toc-heading-3\" href=\"https:\/\/www.mgc.es\/ca\/blog\/endometriosi-definicio-simptomes-i-tractament-daquesta-afeccio-ginecologica\/#Com_es_diagnostica\" >Com es diagnostica<\/a><\/li><li class='ez-toc-page-1 ez-toc-heading-level-2'><a class=\"ez-toc-link ez-toc-heading-4\" href=\"https:\/\/www.mgc.es\/ca\/blog\/endometriosi-definicio-simptomes-i-tractament-daquesta-afeccio-ginecologica\/#Tractament_de_lendometriosi\" >Tractament de l\u2019endometriosi<\/a><\/li><\/ul><\/nav><\/div>\n\n<figure class=\"wp-block-image size-full\"><img loading=\"lazy\" decoding=\"async\" width=\"800\" height=\"541\" src=\"https:\/\/www.mgc.es\/wp-content\/uploads\/2024\/08\/genital-femenino2.jpg\" alt=\"\" class=\"wp-image-32563\" srcset=\"https:\/\/www.mgc.es\/wp-content\/uploads\/2024\/08\/genital-femenino2.jpg 800w, https:\/\/www.mgc.es\/wp-content\/uploads\/2024\/08\/genital-femenino2-440x298.jpg 440w, https:\/\/www.mgc.es\/wp-content\/uploads\/2024\/08\/genital-femenino2-768x519.jpg 768w\" sizes=\"auto, (max-width: 800px) 100vw, 800px\" \/><\/figure>\n\n\n\n<h2 class=\"wp-block-heading\"><span class=\"ez-toc-section\" id=\"Lendometri_Que_es_lendometriosi\"><\/span><strong>L\u2019endometri. Qu\u00e8 \u00e9s l\u2019endometriosi<\/strong><span class=\"ez-toc-section-end\"><\/span><\/h2>\n\n\n\n<p>L\u2019endometri \u00e9s el revestiment intern de l\u2019<a href=\"https:\/\/medlineplus.gov\/spanish\/ency\/esp_imagepages\/19263.htm\">\u00fater<\/a> i est\u00e0 completament vinculat a la salut del sistema reproductiu de la dona. Durant el cicle menstrual (la menstruaci\u00f3) l\u2019endometri es prepara per rebre un \u00f2vul fecundat i comen\u00e7ar la gestaci\u00f3; si no s\u2019arriba a formar l\u2019embri\u00f3, l\u2019endometri es despr\u00e8n de la capa externa i l\u2019expulsa a l\u2019exterior per la vagina, que \u00e9s el proc\u00e9s conegut com a menstruaci\u00f3.<\/p>\n\n\n\n<p>L\u2019<a href=\"https:\/\/www.mayoclinic.org\/es\/diseases-conditions\/endometriosis\/symptoms-causes\/syc-20354656\">endometriosi<\/a> \u00e9s una malaltia benigna que afecta les dones durant l\u2019etapa reproductiva. Es produeix quan el teixit endometrial surt de l\u2019\u00fater i s\u2019implanta en altres llocs.<\/p>\n\n\n\n<p>En aquests casos acostuma a localitzar-se als ovaris, fet que origina els anomenats <a href=\"https:\/\/www.cun.es\/diccionario-medico\/terminos\/quiste-chocolate\">quists endom\u00e8trics<\/a>, compostos per sang d\u2019un color brunenc. Tamb\u00e9 poden apar\u00e8ixer en forma de petits n\u00f2duls o concrecions d\u2019un cm de color marron\u00f3s o violaci als lligaments uterosacres (o lligaments d\u2019ancoratge de l\u2019\u00fater per mantenir-lo en la posici\u00f3 correcta), a les trompes de Fal\u00b7lopi, al peritoneu (membrana que revesteix la cavitat abdominal), etc. S\u2019han descrit altres implantacions d\u2019endometri al melic i, fins i tot, als pulmons.<\/p>\n\n\n\n<p>Es pensa que aquestes c\u00e8l\u00b7lules endometrials surten de la cavitat uterina per la sang o el sistema limf\u00e0tic, o pel fluix menstrual a les zones on s\u2019implanta.<\/p>\n\n\n\n<p>Aquesta malaltia afecta entre un 10 % i un 15 % (segons els estudis) de les dones d\u2019entre 25 i 45 anys d\u2019edat. Pot arribar a causar esterilitat.<\/p>\n\n\n\n<p>L\u2019endometriosi \u00e9s un proc\u00e9s d\u2019evoluci\u00f3 imprevisible i origina s\u00edmptomes molt variables.<\/p>\n\n\n\n<h2 class=\"wp-block-heading\"><span class=\"ez-toc-section\" id=\"Simptomes_de_lendometriosi\"><\/span><strong>S\u00edmptomes de l\u2019endometriosi<\/strong><span class=\"ez-toc-section-end\"><\/span><\/h2>\n\n\n\n<p>Els principals s\u00f3n:<\/p>\n\n\n\n<ul class=\"wp-block-list\">\n<li><strong>Dismenorrea<\/strong>, en terminologia m\u00e8dica \u00e9s el dolor associat a la regla. \u00c9s important assenyalar que no tots els dolors menstruals s\u00f3n indicatius d\u2019endometriosi.<\/li>\n\n\n\n<li><strong>Dispar\u00e8unia<\/strong>, o dolor durant o despr\u00e9s de les relacions sexuals.<\/li>\n\n\n\n<li><strong>Dolor en defecar o orinar<\/strong>, normalment aquest s\u00edmptoma es manifesta abans o durant la menstruaci\u00f3.<\/li>\n\n\n\n<li><strong>Fluix sanguini excessiu.<\/strong><\/li>\n\n\n\n<li><strong>Infertilitat.<\/strong><\/li>\n<\/ul>\n\n\n\n<p>Altres s\u00edmptomes possibles, m\u00e9s inespec\u00edfics, s\u00f3n:<\/p>\n\n\n\n<ul class=\"wp-block-list\">\n<li>Fatiga.<\/li>\n\n\n\n<li>Diarrea o restrenyiment.<\/li>\n\n\n\n<li>Inflor abdominal.<\/li>\n\n\n\n<li>Basques i v\u00f2mits.<\/li>\n<\/ul>\n\n\n\n<p>La intensitat del dolor no ha de revelar necess\u00e0riament la mida o l\u2019abast de l\u2019endometriosi. Una quantitat insignificant de teixit pot causar dolors molt forts i, a la inversa, una proporci\u00f3 extensa pot fer poc mal o b\u00e9 gens. Hi ha dones amb endometriosi que no en manifesten cap s\u00edmptoma.<\/p>\n\n\n\n<h2 class=\"wp-block-heading\"><span class=\"ez-toc-section\" id=\"Com_es_diagnostica\"><\/span><strong>Com es diagnostica<\/strong><span class=\"ez-toc-section-end\"><\/span><\/h2>\n\n\n\n<p>Segons la descripci\u00f3 dels s\u00edmptomes que en faci la pacient, el ginec\u00f2leg pot practicar, com a primera mesura, una <strong>exploraci\u00f3 ginecol\u00f2gica<\/strong>. Amb aquesta acci\u00f3 podria comprovar si els ovaris han augmentat de mida o no. Tamb\u00e9 podria verificar la mobilitat de l\u2019\u00fater, que seria limitada en cas que els lligaments uterosacres estiguessin afectats.<\/p>\n\n\n\n<p><strong>An\u00e0lisi de sang<\/strong>. A m\u00e9s a m\u00e9s, podria demanar una an\u00e0lisi per examinar el nivell d\u2019un <a href=\"https:\/\/medlineplus.gov\/spanish\/ency\/article\/007217.htm#:~:text=Resultados%20normales&amp;text=Un%20nivel%20por%20encima%20de,variar%20ligeramente%20entre%20diferentes%20laboratorios.\">marcador<\/a> (el CA-125), que, en cas de reflectir un valor elevat, podr\u00edem associar a l\u2019endometriosi. Tanmateix, cal tenir en compte que el valor elevat d\u2019aquest marcador no s\u2019ha d\u2019atribuir \u00fanicament a l\u2019endometriosi, sin\u00f3 a altres problemes o trastorns. Per tant, la comprovaci\u00f3 del seu nivell no s\u2019ha generalitzat.<\/p>\n\n\n\n<p><strong>Ecografia<\/strong>. Tot i que \u00e9s una prova subjectiva, l\u2019ecografia \u00e9s for\u00e7a determinant per diagnosticar l\u2019endometriosi, perqu\u00e8 permet de veure els quists endom\u00e8trics, esmentats m\u00e9s amunt, que s\u00f3n tan caracter\u00edstics. Malgrat tot, si la pacient no presenta aquesta mena de quists, encara podria tenir petites implantacions endom\u00e8triques a la pelvis que no s\u2019observen amb una ecografia.<\/p>\n\n\n\n<p><strong>Laparosc\u00f2pia<\/strong>. La laparosc\u00f2pia serveix per veure l\u2019interior de l\u2019abdomen. Es practica al quir\u00f2fan i requereix anest\u00e8sia. El cirurgi\u00e0 fa petites incisions (d\u2019un o dos cm) a sota del melic, al damunt del pubis i als laterals de l\u2019abdomen, per on s\u2019introdueix un tub amb una c\u00e0mera i una font de llum que permet d\u2019explorar la part inferior de l\u2019abdomen (la pelvis). Aquest procediment revela si hi ha implantacions, al contrari de l\u2019ecografia. L\u2019avantatge de la laparosc\u00f2pia \u00e9s que va b\u00e9 per eliminar tant els quists ov\u00e0rics com les petites implantacions.<\/p>\n\n\n\n<p>Una vegada extirpat el teixit endom\u00e8tric, s\u2019envia al laboratori per fer-ne una <strong>bi\u00f2psia<\/strong> i obtenir-ne el diagn\u00f2stic definitiu.<\/p>\n\n\n\n<h2 class=\"wp-block-heading\"><span class=\"ez-toc-section\" id=\"Tractament_de_lendometriosi\"><\/span><strong>Tractament de l\u2019endometriosi<\/strong><span class=\"ez-toc-section-end\"><\/span><\/h2>\n\n\n\n<p>El tractament \u00e9s personalitzat, de manera que cada pacient rep el m\u00e9s adequat en funci\u00f3 de l\u2019edat, classe i abast de la seva endometriosi i de si vol tenir m\u00e9s fills o no.<\/p>\n\n\n\n<p>Amb les dades de la pacient ben presents, el <a href=\"https:\/\/espanol.nichd.nih.gov\/salud\/temas\/endometri\/informacion\/tratamientos\">tractament<\/a> t\u00e9 com a objectiu aturar el creixement de les c\u00e8l\u00b7lules ect\u00f2piques (les implantacions) i pot ser quir\u00fargic, farmacol\u00f2gic o b\u00e9 una combinaci\u00f3 de totes dues t\u00e8cniques. Els f\u00e0rmacs que es fan servir per controlar el desequilibri hormonal inclouen:<\/p>\n\n\n\n<ul class=\"wp-block-list\">\n<li>Anticonceptius hormonals, per controlar les hormones que causen (estimulen) l\u2019endometriosi. Poden ser en forma de p\u00edndoles, pegats o anells vaginals.<\/li>\n\n\n\n<li>Progestina (la versi\u00f3 sint\u00e8tica de la progesterona).<\/li>\n\n\n\n<li>Agonistes i antagonistes de les hormones alliberadores de les gonadotropines.<\/li>\n<\/ul>\n\n\n\n<p>Pel que fa al tractament quir\u00fargic, t\u00e9 com a finalitat eliminar el teixit endometrial intrusiu, procurant de no lesionar la pacient perqu\u00e8 mantingui intacta la capacitat reproductora.<\/p>\n\n\n\n<p>Es fan servir t\u00e8cniques de microcirurgia, laparosc\u00f2pia o l\u00e0ser, segons qu\u00e8 considera m\u00e9s escaient el cirurgi\u00e0. En casos greus, quan l\u2019extensi\u00f3 \u00e9s important, potser cal extirpar l\u2019\u00fater i tots dos ovaris.<\/p>\n\n\n\n<p>L\u2019endometriosi t\u00e9 una tend\u00e8ncia elevada a reapar\u00e8ixer, a desgrat del tractament.<\/p>\n\n\n\n<p>Bibliografia<\/p>\n\n\n\n<figure class=\"wp-block-embed\"><div class=\"wp-block-embed__wrapper\">\nhttps:\/\/www.cun.es\/enfermedades-tratamientos\/enfermedades\/endometriosis\n<\/div><\/figure>\n\n\n\n<figure class=\"wp-block-embed\"><div class=\"wp-block-embed__wrapper\">\nhttps:\/\/www.clinicbarcelona.org\/asistencia\/enfermedades\/endometriosis\n<\/div><\/figure>\n\n\n\n<figure class=\"wp-block-embed\"><div class=\"wp-block-embed__wrapper\">\nhttps:\/\/www.msdmanuals.com\/es-es\/hogar\/salud-femenina\/endometriosis\/endometriosis\n<\/div><\/figure>\n","protected":false},"excerpt":{"rendered":"<p>L\u2019endometri. Qu\u00e8 \u00e9s l\u2019endometriosi L\u2019endometri \u00e9s el revestiment intern de l\u2019\u00fater i est\u00e0 completament vinculat a la salut del sistema reproductiu de la dona. Durant el cicle menstrual (la menstruaci\u00f3) l\u2019endometri es prepara per rebre un \u00f2vul fecundat i comen\u00e7ar la gestaci\u00f3; si no s\u2019arriba a formar l\u2019embri\u00f3, l\u2019endometri es despr\u00e8n de la capa externa [&hellip;]<\/p>\n","protected":false},"author":3,"featured_media":32563,"comment_status":"closed","ping_status":"closed","sticky":false,"template":"","format":"standard","meta":{"footnotes":""},"categories":[979,15],"tags":[],"class_list":["post-32571","post","type-post","status-publish","format-standard","has-post-thumbnail","hentry","category-ginecologia-y-reproduccion","category-salut"],"featured_image_src":"https:\/\/www.mgc.es\/wp-content\/uploads\/2024\/08\/genital-femenino2.jpg","author_info":{"display_name":"Revista Inter\u00e8s Mutu","author_link":"https:\/\/www.mgc.es\/ca\/blog\/author\/interesmutu\/"},"yoast_head":"<!-- This site is optimized with the Yoast SEO plugin v27.2 - https:\/\/yoast.com\/product\/yoast-seo-wordpress\/ -->\n<title>Endometriosi: definici\u00f3, s\u00edmptomes i tractament d\u2019aquesta afecci\u00f3 ginecol\u00f2gica - MGC M\u00fatua<\/title>\n<meta name=\"robots\" content=\"index, follow, max-snippet:-1, max-image-preview:large, max-video-preview:-1\" \/>\n<link rel=\"canonical\" href=\"https:\/\/www.mgc.es\/blog\/endometriosis-definicion-sintomas-y-tratamiento-de-esta-afeccion-ginecologica\/\" \/>\n<meta property=\"og:locale\" content=\"ca_ES\" \/>\n<meta property=\"og:type\" content=\"article\" \/>\n<meta property=\"og:title\" content=\"Endometriosi: definici\u00f3, s\u00edmptomes i tractament d\u2019aquesta afecci\u00f3 ginecol\u00f2gica - MGC M\u00fatua\" \/>\n<meta property=\"og:description\" content=\"L\u2019endometri. Qu\u00e8 \u00e9s l\u2019endometriosi L\u2019endometri \u00e9s el revestiment intern de l\u2019\u00fater i est\u00e0 completament vinculat a la salut del sistema reproductiu de la dona. Durant el cicle menstrual (la menstruaci\u00f3) l\u2019endometri es prepara per rebre un \u00f2vul fecundat i comen\u00e7ar la gestaci\u00f3; si no s\u2019arriba a formar l\u2019embri\u00f3, l\u2019endometri es despr\u00e8n de la capa externa [&hellip;]\" \/>\n<meta property=\"og:url\" content=\"https:\/\/www.mgc.es\/blog\/endometriosis-definicion-sintomas-y-tratamiento-de-esta-afeccion-ginecologica\/\" \/>\n<meta property=\"og:site_name\" content=\"MGC M\u00fatua\" \/>\n<meta property=\"article:publisher\" content=\"https:\/\/www.facebook.com\/mgcmutua\" \/>\n<meta property=\"article:published_time\" content=\"2024-09-26T12:44:42+00:00\" \/>\n<meta property=\"og:image\" content=\"https:\/\/www.mgc.es\/wp-content\/uploads\/2024\/08\/genital-femenino2.jpg\" \/>\n\t<meta property=\"og:image:width\" content=\"800\" \/>\n\t<meta property=\"og:image:height\" content=\"541\" \/>\n\t<meta property=\"og:image:type\" content=\"image\/jpeg\" \/>\n<meta name=\"author\" content=\"Revista Inter\u00e8s Mutu\" \/>\n<meta name=\"twitter:card\" content=\"summary_large_image\" \/>\n<meta name=\"twitter:creator\" content=\"@mgcmutua\" \/>\n<meta name=\"twitter:site\" content=\"@mgcmutua\" \/>\n<meta name=\"twitter:label1\" content=\"Escrit per\" \/>\n\t<meta name=\"twitter:data1\" content=\"Revista Inter\u00e8s Mutu\" \/>\n\t<meta name=\"twitter:label2\" content=\"Temps estimat de lectura\" \/>\n\t<meta name=\"twitter:data2\" content=\"5 minuts\" \/>\n<!-- \/ Yoast SEO plugin. -->","yoast_head_json":{"title":"Endometriosi: definici\u00f3, s\u00edmptomes i tractament d\u2019aquesta afecci\u00f3 ginecol\u00f2gica - MGC M\u00fatua","robots":{"index":"index","follow":"follow","max-snippet":"max-snippet:-1","max-image-preview":"max-image-preview:large","max-video-preview":"max-video-preview:-1"},"canonical":"https:\/\/www.mgc.es\/blog\/endometriosis-definicion-sintomas-y-tratamiento-de-esta-afeccion-ginecologica\/","og_locale":"ca_ES","og_type":"article","og_title":"Endometriosi: definici\u00f3, s\u00edmptomes i tractament d\u2019aquesta afecci\u00f3 ginecol\u00f2gica - MGC M\u00fatua","og_description":"L\u2019endometri. Qu\u00e8 \u00e9s l\u2019endometriosi L\u2019endometri \u00e9s el revestiment intern de l\u2019\u00fater i est\u00e0 completament vinculat a la salut del sistema reproductiu de la dona. Durant el cicle menstrual (la menstruaci\u00f3) l\u2019endometri es prepara per rebre un \u00f2vul fecundat i comen\u00e7ar la gestaci\u00f3; si no s\u2019arriba a formar l\u2019embri\u00f3, l\u2019endometri es despr\u00e8n de la capa externa [&hellip;]","og_url":"https:\/\/www.mgc.es\/blog\/endometriosis-definicion-sintomas-y-tratamiento-de-esta-afeccion-ginecologica\/","og_site_name":"MGC M\u00fatua","article_publisher":"https:\/\/www.facebook.com\/mgcmutua","article_published_time":"2024-09-26T12:44:42+00:00","og_image":[{"width":800,"height":541,"url":"https:\/\/www.mgc.es\/wp-content\/uploads\/2024\/08\/genital-femenino2.jpg","type":"image\/jpeg"}],"author":"Revista Inter\u00e8s Mutu","twitter_card":"summary_large_image","twitter_creator":"@mgcmutua","twitter_site":"@mgcmutua","twitter_misc":{"Escrit per":"Revista Inter\u00e8s Mutu","Temps estimat de lectura":"5 minuts"},"schema":{"@context":"https:\/\/schema.org","@graph":[{"@type":["Article","BlogPosting"],"@id":"https:\/\/www.mgc.es\/blog\/endometriosis-definicion-sintomas-y-tratamiento-de-esta-afeccion-ginecologica\/#article","isPartOf":{"@id":"https:\/\/www.mgc.es\/blog\/endometriosis-definicion-sintomas-y-tratamiento-de-esta-afeccion-ginecologica\/"},"author":{"name":"Revista Inter\u00e8s Mutu","@id":"https:\/\/www.mgc.es\/#\/schema\/person\/010c961d9c9acf38f11187a02b646c16"},"headline":"Endometriosi: definici\u00f3, s\u00edmptomes i tractament d\u2019aquesta afecci\u00f3 ginecol\u00f2gica","datePublished":"2024-09-26T12:44:42+00:00","mainEntityOfPage":{"@id":"https:\/\/www.mgc.es\/blog\/endometriosis-definicion-sintomas-y-tratamiento-de-esta-afeccion-ginecologica\/"},"wordCount":991,"publisher":{"@id":"https:\/\/www.mgc.es\/#organization"},"image":{"@id":"https:\/\/www.mgc.es\/blog\/endometriosis-definicion-sintomas-y-tratamiento-de-esta-afeccion-ginecologica\/#primaryimage"},"thumbnailUrl":"https:\/\/www.mgc.es\/wp-content\/uploads\/2024\/08\/genital-femenino2.jpg","articleSection":["Ginecolog\u00eda y reproducci\u00f3n","Salut i medicina"],"inLanguage":"ca"},{"@type":["WebPage","ItemPage"],"@id":"https:\/\/www.mgc.es\/blog\/endometriosis-definicion-sintomas-y-tratamiento-de-esta-afeccion-ginecologica\/","url":"https:\/\/www.mgc.es\/blog\/endometriosis-definicion-sintomas-y-tratamiento-de-esta-afeccion-ginecologica\/","name":"Endometriosi: definici\u00f3, s\u00edmptomes i tractament d\u2019aquesta afecci\u00f3 ginecol\u00f2gica - MGC M\u00fatua","isPartOf":{"@id":"https:\/\/www.mgc.es\/#website"},"primaryImageOfPage":{"@id":"https:\/\/www.mgc.es\/blog\/endometriosis-definicion-sintomas-y-tratamiento-de-esta-afeccion-ginecologica\/#primaryimage"},"image":{"@id":"https:\/\/www.mgc.es\/blog\/endometriosis-definicion-sintomas-y-tratamiento-de-esta-afeccion-ginecologica\/#primaryimage"},"thumbnailUrl":"https:\/\/www.mgc.es\/wp-content\/uploads\/2024\/08\/genital-femenino2.jpg","datePublished":"2024-09-26T12:44:42+00:00","breadcrumb":{"@id":"https:\/\/www.mgc.es\/blog\/endometriosis-definicion-sintomas-y-tratamiento-de-esta-afeccion-ginecologica\/#breadcrumb"},"inLanguage":"ca","potentialAction":[{"@type":"ReadAction","target":["https:\/\/www.mgc.es\/blog\/endometriosis-definicion-sintomas-y-tratamiento-de-esta-afeccion-ginecologica\/"]}]},{"@type":"ImageObject","inLanguage":"ca","@id":"https:\/\/www.mgc.es\/blog\/endometriosis-definicion-sintomas-y-tratamiento-de-esta-afeccion-ginecologica\/#primaryimage","url":"https:\/\/www.mgc.es\/wp-content\/uploads\/2024\/08\/genital-femenino2.jpg","contentUrl":"https:\/\/www.mgc.es\/wp-content\/uploads\/2024\/08\/genital-femenino2.jpg","width":800,"height":541},{"@type":"BreadcrumbList","@id":"https:\/\/www.mgc.es\/blog\/endometriosis-definicion-sintomas-y-tratamiento-de-esta-afeccion-ginecologica\/#breadcrumb","itemListElement":[{"@type":"ListItem","position":1,"name":"Home","item":"https:\/\/www.mgc.es\/ca\/"},{"@type":"ListItem","position":2,"name":"Endometriosi: definici\u00f3, s\u00edmptomes i tractament d\u2019aquesta afecci\u00f3 ginecol\u00f2gica"}]},{"@type":"WebSite","@id":"https:\/\/www.mgc.es\/#website","url":"https:\/\/www.mgc.es\/","name":"MGC M\u00fatua","description":"MGC M\u00fatua \u00e9s una entitat asseguradora sense \u00e0nim de lucre constitu\u00efda al 1982 i especialitzada en assegurances de salut i assist\u00e8ncia.","publisher":{"@id":"https:\/\/www.mgc.es\/#organization"},"alternateName":"MGC","potentialAction":[{"@type":"SearchAction","target":{"@type":"EntryPoint","urlTemplate":"https:\/\/www.mgc.es\/?s={search_term_string}"},"query-input":{"@type":"PropertyValueSpecification","valueRequired":true,"valueName":"search_term_string"}}],"inLanguage":"ca"},{"@type":"Organization","@id":"https:\/\/www.mgc.es\/#organization","name":"MGC Mutua","alternateName":"MGC","url":"https:\/\/www.mgc.es\/","logo":{"@type":"ImageObject","inLanguage":"ca","@id":"https:\/\/www.mgc.es\/#\/schema\/logo\/image\/","url":"https:\/\/www.mgc.es\/wp-content\/uploads\/2020\/03\/mgcmutua_h2_2t_reduccions.png","contentUrl":"https:\/\/www.mgc.es\/wp-content\/uploads\/2020\/03\/mgcmutua_h2_2t_reduccions.png","width":303,"height":165,"caption":"MGC Mutua"},"image":{"@id":"https:\/\/www.mgc.es\/#\/schema\/logo\/image\/"},"sameAs":["https:\/\/www.facebook.com\/mgcmutua","https:\/\/x.com\/mgcmutua","https:\/\/www.youtube.com\/c\/MGCMutua"]},{"@type":"Person","@id":"https:\/\/www.mgc.es\/#\/schema\/person\/010c961d9c9acf38f11187a02b646c16","name":"Revista Inter\u00e8s Mutu","image":{"@type":"ImageObject","inLanguage":"ca","@id":"https:\/\/secure.gravatar.com\/avatar\/52302d684339b9d7bf5691e2ad00835d62ce3b4a435f21ca9f21fbe39c63cb1b?s=96&d=mm&r=g","url":"https:\/\/secure.gravatar.com\/avatar\/52302d684339b9d7bf5691e2ad00835d62ce3b4a435f21ca9f21fbe39c63cb1b?s=96&d=mm&r=g","contentUrl":"https:\/\/secure.gravatar.com\/avatar\/52302d684339b9d7bf5691e2ad00835d62ce3b4a435f21ca9f21fbe39c63cb1b?s=96&d=mm&r=g","caption":"Revista Inter\u00e8s Mutu"}}]}},"_links":{"self":[{"href":"https:\/\/www.mgc.es\/ca\/wp-json\/wp\/v2\/posts\/32571","targetHints":{"allow":["GET"]}}],"collection":[{"href":"https:\/\/www.mgc.es\/ca\/wp-json\/wp\/v2\/posts"}],"about":[{"href":"https:\/\/www.mgc.es\/ca\/wp-json\/wp\/v2\/types\/post"}],"author":[{"embeddable":true,"href":"https:\/\/www.mgc.es\/ca\/wp-json\/wp\/v2\/users\/3"}],"replies":[{"embeddable":true,"href":"https:\/\/www.mgc.es\/ca\/wp-json\/wp\/v2\/comments?post=32571"}],"version-history":[{"count":1,"href":"https:\/\/www.mgc.es\/ca\/wp-json\/wp\/v2\/posts\/32571\/revisions"}],"predecessor-version":[{"id":32572,"href":"https:\/\/www.mgc.es\/ca\/wp-json\/wp\/v2\/posts\/32571\/revisions\/32572"}],"wp:featuredmedia":[{"embeddable":true,"href":"https:\/\/www.mgc.es\/ca\/wp-json\/wp\/v2\/media\/32563"}],"wp:attachment":[{"href":"https:\/\/www.mgc.es\/ca\/wp-json\/wp\/v2\/media?parent=32571"}],"wp:term":[{"taxonomy":"category","embeddable":true,"href":"https:\/\/www.mgc.es\/ca\/wp-json\/wp\/v2\/categories?post=32571"},{"taxonomy":"post_tag","embeddable":true,"href":"https:\/\/www.mgc.es\/ca\/wp-json\/wp\/v2\/tags?post=32571"}],"curies":[{"name":"wp","href":"https:\/\/api.w.org\/{rel}","templated":true}]}}