{"id":32437,"date":"2024-08-01T09:54:36","date_gmt":"2024-08-01T07:54:36","guid":{"rendered":"https:\/\/www.mgc.es\/?p=32437"},"modified":"2024-07-11T09:56:44","modified_gmt":"2024-07-11T07:56:44","slug":"tot-el-que-has-saber-de-sobre-la-varicella-simptomes-tractament-i-prevencio","status":"publish","type":"post","link":"https:\/\/www.mgc.es\/ca\/blog\/tot-el-que-has-saber-de-sobre-la-varicella-simptomes-tractament-i-prevencio\/","title":{"rendered":"Tot el que has saber de sobre la varicel\u00b7la: s\u00edmptomes, tractament i prevenci\u00f3"},"content":{"rendered":"<div id=\"ez-toc-container\" class=\"ez-toc-v2_0_82_1 counter-hierarchy ez-toc-counter ez-toc-custom ez-toc-container-direction\">\n<div class=\"ez-toc-title-container\"><p class=\"ez-toc-title\" style=\"cursor:inherit\">\u00cdndex de continguts<\/p>\n<\/div><nav><ul class='ez-toc-list ez-toc-list-level-1 ' ><li class='ez-toc-page-1 ez-toc-heading-level-2'><a class=\"ez-toc-link ez-toc-heading-1\" href=\"https:\/\/www.mgc.es\/ca\/blog\/tot-el-que-has-saber-de-sobre-la-varicella-simptomes-tractament-i-prevencio\/#Que_es_la_varicella\" >Qu\u00e8 \u00e9s la varicel\u00b7la<\/a><\/li><li class='ez-toc-page-1 ez-toc-heading-level-2'><a class=\"ez-toc-link ez-toc-heading-2\" href=\"https:\/\/www.mgc.es\/ca\/blog\/tot-el-que-has-saber-de-sobre-la-varicella-simptomes-tractament-i-prevencio\/#Com_sencomana\" >Com s\u2019encomana<\/a><\/li><li class='ez-toc-page-1 ez-toc-heading-level-2'><a class=\"ez-toc-link ez-toc-heading-3\" href=\"https:\/\/www.mgc.es\/ca\/blog\/tot-el-que-has-saber-de-sobre-la-varicella-simptomes-tractament-i-prevencio\/#Per_que_es_produeix\" >Per qu\u00e8 es produeix<\/a><\/li><li class='ez-toc-page-1 ez-toc-heading-level-2'><a class=\"ez-toc-link ez-toc-heading-4\" href=\"https:\/\/www.mgc.es\/ca\/blog\/tot-el-que-has-saber-de-sobre-la-varicella-simptomes-tractament-i-prevencio\/#Quins_simptomes_te\" >Quins s\u00edmptomes t\u00e9<\/a><\/li><li class='ez-toc-page-1 ez-toc-heading-level-2'><a class=\"ez-toc-link ez-toc-heading-5\" href=\"https:\/\/www.mgc.es\/ca\/blog\/tot-el-que-has-saber-de-sobre-la-varicella-simptomes-tractament-i-prevencio\/#Les_lesions_de_la_pell_tenen_les_caracteristiques_seguents\" >Les lesions de la pell tenen les caracter\u00edstiques seg\u00fcents:<\/a><\/li><li class='ez-toc-page-1 ez-toc-heading-level-2'><a class=\"ez-toc-link ez-toc-heading-6\" href=\"https:\/\/www.mgc.es\/ca\/blog\/tot-el-que-has-saber-de-sobre-la-varicella-simptomes-tractament-i-prevencio\/#Com_es_diagnostica\" >Com es diagnostica<\/a><\/li><li class='ez-toc-page-1 ez-toc-heading-level-2'><a class=\"ez-toc-link ez-toc-heading-7\" href=\"https:\/\/www.mgc.es\/ca\/blog\/tot-el-que-has-saber-de-sobre-la-varicella-simptomes-tractament-i-prevencio\/#Com_es_tracta\" >Com es tracta<\/a><\/li><li class='ez-toc-page-1 ez-toc-heading-level-2'><a class=\"ez-toc-link ez-toc-heading-8\" href=\"https:\/\/www.mgc.es\/ca\/blog\/tot-el-que-has-saber-de-sobre-la-varicella-simptomes-tractament-i-prevencio\/#Es_pot_prevenir_la_varicella\" >Es pot prevenir la varicel\u00b7la<\/a><\/li><li class='ez-toc-page-1 ez-toc-heading-level-2'><a class=\"ez-toc-link ez-toc-heading-9\" href=\"https:\/\/www.mgc.es\/ca\/blog\/tot-el-que-has-saber-de-sobre-la-varicella-simptomes-tractament-i-prevencio\/#Com_pot_evolucionar_la_malaltia\" >Com pot evolucionar la malaltia<\/a><\/li><\/ul><\/nav><\/div>\n\n<figure class=\"wp-block-image size-full\"><img loading=\"lazy\" decoding=\"async\" width=\"800\" height=\"530\" src=\"https:\/\/www.mgc.es\/wp-content\/uploads\/2024\/07\/varicela.jpg\" alt=\"\" class=\"wp-image-32435\" srcset=\"https:\/\/www.mgc.es\/wp-content\/uploads\/2024\/07\/varicela.jpg 800w, https:\/\/www.mgc.es\/wp-content\/uploads\/2024\/07\/varicela-440x292.jpg 440w, https:\/\/www.mgc.es\/wp-content\/uploads\/2024\/07\/varicela-768x509.jpg 768w\" sizes=\"auto, (max-width: 800px) 100vw, 800px\" \/><\/figure>\n\n\n\n<h2 class=\"wp-block-heading\"><span class=\"ez-toc-section\" id=\"Que_es_la_varicella\"><\/span><strong>Qu\u00e8 \u00e9s la varicel\u00b7la<\/strong><span class=\"ez-toc-section-end\"><\/span><\/h2>\n\n\n\n<p>La varicel\u00b7la \u00e9s una infecci\u00f3 causada pel virus de la varicel\u00b7la z\u00f2ster<em>.<\/em> La malaltia es caracteritza per la pres\u00e8ncia de febre i una erupci\u00f3 generalitzada a la pell amb formaci\u00f3 de butllofes i pru\u00efja.<\/p>\n\n\n\n<p>La gran majoria dels casos, sobretot si afecta els infants, es resolen de manera espont\u00e0nia sense complicacions gaire importants. Tanmateix, la malaltia sol evolucionar pitjor entre els adults, que en manifesten complicacions m\u00e9s sovint. La malaltia \u00e9s perillosa durant el per\u00edode de gestaci\u00f3 i, sobretot, quan apareix en persones amb immunodefici\u00e8ncia (capacitat redu\u00efda per defensar-se contra les infeccions). &nbsp;<\/p>\n\n\n\n<p>La varicel\u00b7la \u00e9s molt comuna a tot el m\u00f3n. A Espanya, en els darrers quinze anys, se n\u2019ha declarat a la Xarxa Nacional de Vigil\u00e0ncia una mitjana anual de cap a 300.000 casos (una taxa mitjana de 500 casos per cada 100.000 habitants) <a href=\"https:\/\/www.isciii.es\/QueHacemos\/Servicios\/VigilanciaSaludPublicaRENAVE\/EnfermedadesTransmisibles\/Documents\/archivos%20A-Z\/VARICELA\/Informe_Varicela_Espa%C3%B1a_2006.pdf\">El 85 % dels nens<\/a> a Espanya pateix aquesta malaltia abans de fer set anys.<\/p>\n\n\n\n<p>El virus de la varicel\u00b7la z\u00f2ster es comporta de manera peculiar. Quan infecta un individu per primera vegada causa la varicel\u00b7la i, quan la malaltia remet, el virus es mant\u00e9 latent, arraconat als ganglis nerviosos, i molts anys m\u00e9s tard es pot reactivar i originar una infecci\u00f3 localitzada a la pell, for\u00e7a dolorosa, que es coneix com a <a href=\"https:\/\/www.cun.es\/enfermedades-tratamientos\/enfermedades\/herpes-zoster\">herpes z\u00f2ster<\/a>.<\/p>\n\n\n\n<h2 class=\"wp-block-heading\"><span class=\"ez-toc-section\" id=\"Com_sencomana\"><\/span><strong>Com s\u2019encomana<\/strong><span class=\"ez-toc-section-end\"><\/span><\/h2>\n\n\n\n<p>La varicel\u00b7la \u00e9s una malaltia que s\u2019encomana amb facilitat: fins al 90 % dels qui tenen contacte estret amb un malalt la desenvolupen (si no l\u2019han passada abans).<\/p>\n\n\n\n<p>Els humans que tenen varicel\u00b7la (o herpes z\u00f2ster) s\u00f3n l\u2019\u00fanic reservoriconegut del virus, \u00e9s a dir, l\u2019\u00fanica font a partir de la qual el virus es propaga.<\/p>\n\n\n\n<p>Es pensa que el <a href=\"https:\/\/www.cdc.gov\/chickenpox\/about\/transmission-sp.html\">contagi<\/a> es produeix per via respirat\u00f2ria. Els virus eliminats pel pacient, continguts en gotetes de saliva o l\u00edquid a les ves\u00edcules de la pell i transportats per l\u2019aire, entren en contacte amb la mucosa de l\u2019aparell respiratori d\u2019una altra persona sense immunitat, \u00e9s a dir, que no t\u00e9 defenses contra la varicel\u00b7la, i la infecten.<\/p>\n\n\n\n<p>Els malalts nom\u00e9s l\u2019encomanen durant els primers dies de la malaltia, en el temps aproximat que va de 48 hores abans que aparegui l\u2019erupci\u00f3 fins quan totes les lesions s\u2019han tornat crostes (s\u2019han ressecat).<\/p>\n\n\n\n<h2 class=\"wp-block-heading\"><span class=\"ez-toc-section\" id=\"Per_que_es_produeix\"><\/span><strong>Per qu\u00e8 es produeix<\/strong><span class=\"ez-toc-section-end\"><\/span><\/h2>\n\n\n\n<p>Un cop s\u2019ha transm\u00e8s, se suposa que el virus es multiplica a l\u2019aparell respiratori i passa a la sang, on es dissemina per tot l\u2019organisme. Els virus tenen una predilecci\u00f3 especial per colonitzar les c\u00e8l\u00b7lules de la pell, fins a danyar-les i produir-hi les lesions cut\u00e0nies caracter\u00edstiques de la malaltia.<\/p>\n\n\n\n<h2 class=\"wp-block-heading\"><span class=\"ez-toc-section\" id=\"Quins_simptomes_te\"><\/span><strong>Quins s\u00edmptomes t\u00e9<\/strong><span class=\"ez-toc-section-end\"><\/span><\/h2>\n\n\n\n<p>Despr\u00e9s del contagi, hi ha un per\u00edode d\u2019incubaci\u00f3 (sense <a href=\"https:\/\/www.cdc.gov\/chickenpox\/about\/symptoms-sp.html\">s\u00edmptomes<\/a>) d\u2019un parell de setmanes (10-22 dies) abans de l\u2019esclat de la malaltia. Seguidament, durant un o dos dies, es presenta un quadre semblant al de la grip, amb febre i malestar general, sense que encara hagin aparegut les lesions a la pell, que s\u00f3n el factor clau per recon\u00e8ixer la infecci\u00f3.<\/p>\n\n\n\n<h2 class=\"wp-block-heading\"><span class=\"ez-toc-section\" id=\"Les_lesions_de_la_pell_tenen_les_caracteristiques_seguents\"><\/span><strong>Les lesions de la pell tenen les caracter\u00edstiques seg\u00fcents:<\/strong><span class=\"ez-toc-section-end\"><\/span><\/h2>\n\n\n\n<ul class=\"wp-block-list\">\n<li>Les lesions evolucionen en quatre fases successives: de primer es forma una taca rosada, a continuaci\u00f3 la taca es boteix i el bony es torna una butllofa. Finalment, la butllofa es resseca i hi deixa una crosta.<\/li>\n\n\n\n<li>El pas de taca a butllofa pot ser q\u00fcesti\u00f3 d\u2019hores o de dies; la butllofa triga uns quants dies a convertir-se en una crosta.<\/li>\n\n\n\n<li>Les lesions apareixen en diferents fases, de manera que quan les unes s\u2019han tornat crostes, les altres encara s\u00f3n taques o butllofes.<\/li>\n\n\n\n<li>Tendeixen a ser m\u00e9s freq\u00fcents al cap i al tronc que a les extremitats. Potser n\u2019apareix alguna a la boca, a la gola i a la vagina.<\/li>\n\n\n\n<li>El nombre de lesions se sol situar entre 250 i 500, tot i que \u00e9s molt variable i fluctua entre poques o b\u00e9 molt\u00edssimes (fins a 2.000).<\/li>\n\n\n\n<li>La mida de cada ves\u00edcula sol oscil\u00b7lar entre mig cent\u00edmetre i un.<\/li>\n\n\n\n<li>El s\u00edmptoma principal de l\u2019erupci\u00f3 \u00e9s una pru\u00efja intensa. Se sol acompanyar de febre i estats de postraci\u00f3, sobretot durant els primers dies.<\/li>\n\n\n\n<li>Les lesions es guareixen al cap d\u2019una o dues setmanes, tot i que, de vegades, deixen cicatrius en forma d\u2019\u00e0rees enfonsades a la pell.<\/li>\n\n\n\n<li>La pitjor soluci\u00f3 per al pacient \u00e9s gratar-se, perqu\u00e8 les lesions poden esdevenir ferides i infectar-se per l\u2019acci\u00f3 dels bacteris, com ara els estreptococs o els estafilococs, i aleshores cal seguir un tractament antibi\u00f2tic que deixa m\u00e9s cicatrius.<\/li>\n\n\n\n<li>En els infants la varicel\u00b7la sol ser una malaltia benigna i les complicacions greus s\u00f3n estranyes, per\u00f2 en els adults l\u2019afecci\u00f3 sol ser m\u00e9s general i hi ha m\u00e9s complicacions, perqu\u00e8 s\u2019hi veuen involucrats altres \u00f2rgans a part de la pell, com ara els pulmons o el sistema nervi\u00f3s.<\/li>\n<\/ul>\n\n\n\n<h2 class=\"wp-block-heading\"><span class=\"ez-toc-section\" id=\"Com_es_diagnostica\"><\/span><strong>Com es diagnostica<\/strong><span class=\"ez-toc-section-end\"><\/span><\/h2>\n\n\n\n<p>La varicel\u00b7la t\u00e9 un <a href=\"https:\/\/www.mayoclinic.org\/es\/diseases-conditions\/chickenpox\/diagnosis-treatment\/drc-20351287#:~:text=La%20mayor%C3%ADa%20de%20las%20veces,tejidos%20de%20la%20piel%20afectada.\">diagn\u00f2stic cl\u00ednic<\/a>, i aix\u00f2 vol dir que es basa en les explicacions dels malalts i les observacions dels metges durant l\u2019exploraci\u00f3. Per b\u00e9 que t\u00e8cnicament \u00e9s possible de confirmar-ne el diagn\u00f2stic amb la detecci\u00f3 del virus o l\u2019aparici\u00f3 de defenses que el combaten, habitualment no cal fer cap estudi especial i n\u2019hi ha prou amb la valoraci\u00f3 del metge o del pediatra d\u2019atenci\u00f3 prim\u00e0ria.<\/p>\n\n\n\n<p>Si b\u00e9 hi ha moltes malalties que poden causar erupcions, la formaci\u00f3 de ves\u00edcules no \u00e9s gaire freq\u00fcent. Aix\u00ed doncs, quan una persona t\u00e9 un episodi de febre amb ves\u00edcules i crostes, i \u00e9s un nen petit, la primera malaltia en qu\u00e8 haur\u00edem de pensar \u00e9s la varicel\u00b7la, sobretot si durant aquests dies hi ha altres casos de la malaltia a la fam\u00edlia, a l\u2019escola o entre els amics.<\/p>\n\n\n\n<p>En la gran majoria dels casos no cal enviar el malalt a l\u2019hospital. El pacient s\u2019ha de fer tractar per un especialista al centre hospitalari quan:<\/p>\n\n\n\n<ul class=\"wp-block-list\">\n<li>La malaltia ataca persones amb un sistema immunitari feble, com s\u00f3n els malalts de leuc\u00e8mia, de c\u00e0ncer tractat amb quimioter\u00e0pia o de sida.<\/li>\n\n\n\n<li>Hi ha s\u00edmptomes de complicacions quan afecta altres \u00f2rgans que no s\u00f3n la pell, com ara dificultat per respirar, incoordinaci\u00f3, par\u00e0lisi o un grau de somnol\u00e8ncia important.<\/li>\n<\/ul>\n\n\n\n<h2 class=\"wp-block-heading\"><span class=\"ez-toc-section\" id=\"Com_es_tracta\"><\/span><strong>Com es tracta<\/strong><span class=\"ez-toc-section-end\"><\/span><\/h2>\n\n\n\n<p>El fet m\u00e9s important, en la majoria dels casos, \u00e9s combatre la picor i evitar de gratar-se per prevenir que s\u2019infectin les lesions. Les mesures recomanades s\u00f3n:<\/p>\n\n\n\n<ul class=\"wp-block-list\">\n<li>Caldria protegir-se en un ambient fresc. La calor i la suor fan augmentar la pru\u00efja.<\/li>\n\n\n\n<li>Ens haur\u00edem de banyar cada dia per mantenir la pell neta i fresca.<\/li>\n\n\n\n<li>Es recomana de tallar-se les ungles, mantenir-les netes i, fins i tot, fer servir guants per impedir les rascades.<\/li>\n\n\n\n<li>La picor es pot fer disminuir amb compreses humides i, quan \u00e9s intensa, amb medicaments a base d\u2019antihistam\u00ednics que, a m\u00e9s a m\u00e9s, tenen un efecte sedant per als pacients amb desfici a causa de la pru\u00efja.<\/li>\n\n\n\n<li>La febre es pot tractar amb paracetamol, per\u00f2 cal evitar l\u2019aspirina en els infants, perqu\u00e8 se n\u2019ha relacionat la presa amb una malaltia rara per\u00f2 greu del fetge i el cervell (s\u00edndrome de Reye).<\/li>\n\n\n\n<li>Per evitar la transmissi\u00f3, \u00e9s convenient que els malalts s\u2019estiguin a casa fins que totes les lesions es tornin crostes.<\/li>\n\n\n\n<li>L\u2019<a href=\"https:\/\/www.aeped.es\/comite-medicamentos\/pediamecum\/aciclovir\">aciclovir<\/a> \u00e9s un f\u00e0rmac amb activitat contra el virus de la varicel\u00b7laz\u00f2ster que, de mitjana, escur\u00e7a la durada de la malaltia en un dia i redueix l\u2019aparici\u00f3 de noves lesions en un 25 % quan es comen\u00e7a el tractament durant les primeres 24 hores, a comptar del moment que es t\u00e9 l\u2019erupci\u00f3. S\u2019administra de manera obligat\u00f2ria als pacients amb m\u00e9s risc de complicacions, com ara els qui tenen problemes d\u2019immunodepressi\u00f3 o els nadons; igualment, es pot tenir en compte per tractar adults i adolescents, at\u00e8s que la varicel\u00b7la tendeix a ser m\u00e9s greu com m\u00e9s gran \u00e9s el malalt.<\/li>\n<\/ul>\n\n\n\n<h2 class=\"wp-block-heading\"><span class=\"ez-toc-section\" id=\"Es_pot_prevenir_la_varicella\"><\/span><strong>Es pot prevenir la varicel\u00b7la<\/strong><span class=\"ez-toc-section-end\"><\/span><\/h2>\n\n\n\n<p>Hi ha una vacuna efica\u00e7 i ben tolerada contra la varicel\u00b7la que cada vegada es fa servir m\u00e9s en altres pa\u00efsos; aix\u00ed, el <a>Comit\u00e8 Assessor sobre Pr\u00e0ctiques d\u2019Immunitzacions <\/a><a href=\"#_msocom_1\">[AP1]<\/a>&nbsp;dels Estats Units va recomanar el 1999 a tots els estats que exigissin la vaccinaci\u00f3 contra la varicel\u00b7la a tots els infants tan bon punt entraven a la guarderia o a l\u2019escola prim\u00e0ria. Igualment, va recomanar que es vaccinessin els adults i els adolescents m\u00e9s exposats, pel contacte amb nens, i les dones en edat f\u00e8rtil no prenyades (totes aquestes recomanacions s\u2019adre\u00e7aven l\u00f2gicament a persones que no havien passat la malaltia).<\/p>\n\n\n\n<p>A <a href=\"https:\/\/www.mayoclinic.org\/es\/diseases-conditions\/chickenpox\/diagnosis-treatment\/drc-20351287#:~:text=La%20mayor%C3%ADa%20de%20las%20veces,tejidos%20de%20la%20piel%20afectada.\">Espanya, la vacuna<\/a> s\u2019inclou en el calendari oficial de vaccinaci\u00f3 per a infants.<\/p>\n\n\n\n<p>Hi ha tamb\u00e9 immunoglobulines contra la varicel\u00b7la, \u00e9s a dir anticossos per defensar-se contra el virus, que cal administrar a persones d\u2019alt risc exposades de fa poc a la malaltia, per exemple als nadons, si la mare va contreure la varicel\u00b7la els dies abans del part, o als infants amb problemes immunitaris que han estat en contacte amb malalts.<\/p>\n\n\n\n<h2 class=\"wp-block-heading\"><span class=\"ez-toc-section\" id=\"Com_pot_evolucionar_la_malaltia\"><\/span><strong>Com pot evolucionar la malaltia<\/strong><span class=\"ez-toc-section-end\"><\/span><\/h2>\n\n\n\n<p>Sovint, sobretot en els nens, l\u2019evoluci\u00f3 de la malaltia \u00e9s benigna i es guareix sense originar complicacions. Molts anys despr\u00e9s d\u2019haver-la passada, poden reapar\u00e8ixer les erupcions en forma d\u2019herpes z\u00f2ster, que, en general, s\u00f3n doloroses i es caracteritzen per unes butllofes localitzades en una zona concreta de la pell.<\/p>\n\n\n\n<p>Les complicacions viscerals, com ara la pneum\u00f2nia o la pulmonia, o la inflamaci\u00f3 del cervell o de les meninges s\u00f3n rares en criatures i m\u00e9s freq\u00fcents en els adults. La mortalitat \u00e9s quinze vegades m\u00e9s alta en els adults que en els infants (aproximadament es moren un de cada 3.000 adults afectats).<\/p>\n\n\n\n<p>En les <a href=\"https:\/\/www.mayoclinic.org\/es\/healthy-lifestyle\/pregnancy-week-by-week\/expert-answers\/chickenpox-and-pregnancy\/faq-20057886\">dones gestants<\/a> la infecci\u00f3 durant el primer trimestre pot ocasionar malformacions al fetus en un petit tant per cent dels casos. Si la infecci\u00f3 es produeix uns quants dies abans del part, el nounat podria patir una forma greu de varicel\u00b7la.<\/p>\n\n\n\n<p>En el cas dels pacients amb immunodepressi\u00f3 i els nadons, la malaltia \u00e9s molt greu.<\/p>\n\n\n\n<p>Bibliografia<\/p>\n\n\n\n<figure class=\"wp-block-embed\"><div class=\"wp-block-embed__wrapper\">\nhttps:\/\/www.aeped.es\/sites\/default\/files\/documentos\/varicela.pdf\n<\/div><\/figure>\n\n\n\n<figure class=\"wp-block-embed\"><div class=\"wp-block-embed__wrapper\">\nhttps:\/\/medlineplus.gov\/spanish\/ency\/article\/001592.htm\n<\/div><\/figure>\n\n\n\n<hr class=\"wp-block-separator has-alpha-channel-opacity\"\/>\n\n\n\n<p><a id=\"_msocom_1\"><\/a><\/p>\n\n\n\n<h1 class=\"wp-block-heading\">&nbsp;<a href=\"#_msoanchor_1\">[AP1]<\/a>Segons les fonts consultades \u00e9s:<strong> Advisory Committee on Immunization Practices<\/strong><\/h1>\n\n\n\n<figure class=\"wp-block-embed\"><div class=\"wp-block-embed__wrapper\">\nhttps:\/\/www.cdc.gov\/vaccines\/acip\/index.html\n<\/div><\/figure>\n\n\n\n<p><strong>Tot el que has saber de sobre la varicel\u00b7la: s\u00edmptomes, tractament i prevenci\u00f3<\/strong><\/p>\n\n\n\n<p><strong>Qu\u00e8 \u00e9s la varicel\u00b7la<\/strong><\/p>\n\n\n\n<p>La varicel\u00b7la \u00e9s una infecci\u00f3 causada pel virus de la varicel\u00b7la z\u00f2ster<em>.<\/em> La malaltia es caracteritza per la pres\u00e8ncia de febre i una erupci\u00f3 generalitzada a la pell amb formaci\u00f3 de butllofes i pru\u00efja.<\/p>\n\n\n\n<p>La gran majoria dels casos, sobretot si afecta els infants, es resolen de manera espont\u00e0nia sense complicacions gaire importants. Tanmateix, la malaltia sol evolucionar pitjor entre els adults, que en manifesten complicacions m\u00e9s sovint. La malaltia \u00e9s perillosa durant el per\u00edode de gestaci\u00f3 i, sobretot, quan apareix en persones amb immunodefici\u00e8ncia (capacitat redu\u00efda per defensar-se contra les infeccions). &nbsp;<\/p>\n\n\n\n<p>La varicel\u00b7la \u00e9s molt comuna a tot el m\u00f3n. A Espanya, en els darrers quinze anys, se n\u2019ha declarat a la Xarxa Nacional de Vigil\u00e0ncia una mitjana anual de cap a 300.000 casos (una taxa mitjana de 500 casos per cada 100.000 habitants) <a href=\"https:\/\/www.isciii.es\/QueHacemos\/Servicios\/VigilanciaSaludPublicaRENAVE\/EnfermedadesTransmisibles\/Documents\/archivos%20A-Z\/VARICELA\/Informe_Varicela_Espa%C3%B1a_2006.pdf\">El 85 % dels nens<\/a> a Espanya pateix aquesta malaltia abans de fer set anys.<\/p>\n\n\n\n<p>El virus de la varicel\u00b7la z\u00f2ster es comporta de manera peculiar. Quan infecta un individu per primera vegada causa la varicel\u00b7la i, quan la malaltia remet, el virus es mant\u00e9 latent, arraconat als ganglis nerviosos, i molts anys m\u00e9s tard es pot reactivar i originar una infecci\u00f3 localitzada a la pell, for\u00e7a dolorosa, que es coneix com a <a href=\"https:\/\/www.cun.es\/enfermedades-tratamientos\/enfermedades\/herpes-zoster\">herpes z\u00f2ster<\/a>.<\/p>\n\n\n\n<p><strong>Com s\u2019encomana<\/strong><\/p>\n\n\n\n<p>La varicel\u00b7la \u00e9s una malaltia que s\u2019encomana amb facilitat: fins al 90 % dels qui tenen contacte estret amb un malalt la desenvolupen (si no l\u2019han passada abans).<\/p>\n\n\n\n<p>Els humans que tenen varicel\u00b7la (o herpes z\u00f2ster) s\u00f3n l\u2019\u00fanic reservoriconegut del virus, \u00e9s a dir, l\u2019\u00fanica font a partir de la qual el virus es propaga.<\/p>\n\n\n\n<p>Es pensa que el <a href=\"https:\/\/www.cdc.gov\/chickenpox\/about\/transmission-sp.html\">contagi<\/a> es produeix per via respirat\u00f2ria. Els virus eliminats pel pacient, continguts en gotetes de saliva o l\u00edquid a les ves\u00edcules de la pell i transportats per l\u2019aire, entren en contacte amb la mucosa de l\u2019aparell respiratori d\u2019una altra persona sense immunitat, \u00e9s a dir, que no t\u00e9 defenses contra la varicel\u00b7la, i la infecten.<\/p>\n\n\n\n<p>Els malalts nom\u00e9s l\u2019encomanen durant els primers dies de la malaltia, en el temps aproximat que va de 48 hores abans que aparegui l\u2019erupci\u00f3 fins quan totes les lesions s\u2019han tornat crostes (s\u2019han ressecat).<\/p>\n\n\n\n<p><strong>Per qu\u00e8 es produeix<\/strong><\/p>\n\n\n\n<p>Un cop s\u2019ha transm\u00e8s, se suposa que el virus es multiplica a l\u2019aparell respiratori i passa a la sang, on es dissemina per tot l\u2019organisme. Els virus tenen una predilecci\u00f3 especial per colonitzar les c\u00e8l\u00b7lules de la pell, fins a danyar-les i produir-hi les lesions cut\u00e0nies caracter\u00edstiques de la malaltia.<\/p>\n\n\n\n<p><strong>Quins s\u00edmptomes t\u00e9<\/strong><\/p>\n\n\n\n<p>Despr\u00e9s del contagi, hi ha un per\u00edode d\u2019incubaci\u00f3 (sense <a href=\"https:\/\/www.cdc.gov\/chickenpox\/about\/symptoms-sp.html\">s\u00edmptomes<\/a>) d\u2019un parell de setmanes (10-22 dies) abans de l\u2019esclat de la malaltia. Seguidament, durant un o dos dies, es presenta un quadre semblant al de la grip, amb febre i malestar general, sense que encara hagin aparegut les lesions a la pell, que s\u00f3n el factor clau per recon\u00e8ixer la infecci\u00f3.<\/p>\n\n\n\n<p><strong>Les lesions de la pell tenen les caracter\u00edstiques seg\u00fcents:<\/strong><\/p>\n\n\n\n<ul class=\"wp-block-list\">\n<li>Les lesions evolucionen en quatre fases successives: de primer es forma una taca rosada, a continuaci\u00f3 la taca es boteix i el bony es torna una butllofa. Finalment, la butllofa es resseca i hi deixa una crosta.<\/li>\n\n\n\n<li>El pas de taca a butllofa pot ser q\u00fcesti\u00f3 d\u2019hores o de dies; la butllofa triga uns quants dies a convertir-se en una crosta.<\/li>\n\n\n\n<li>Les lesions apareixen en diferents fases, de manera que quan les unes s\u2019han tornat crostes, les altres encara s\u00f3n taques o butllofes.<\/li>\n\n\n\n<li>Tendeixen a ser m\u00e9s freq\u00fcents al cap i al tronc que a les extremitats. Potser n\u2019apareix alguna a la boca, a la gola i a la vagina.<\/li>\n\n\n\n<li>El nombre de lesions se sol situar entre 250 i 500, tot i que \u00e9s molt variable i fluctua entre poques o b\u00e9 molt\u00edssimes (fins a 2.000).<\/li>\n\n\n\n<li>La mida de cada ves\u00edcula sol oscil\u00b7lar entre mig cent\u00edmetre i un.<\/li>\n\n\n\n<li>El s\u00edmptoma principal de l\u2019erupci\u00f3 \u00e9s una pru\u00efja intensa. Se sol acompanyar de febre i estats de postraci\u00f3, sobretot durant els primers dies.<\/li>\n\n\n\n<li>Les lesions es guareixen al cap d\u2019una o dues setmanes, tot i que, de vegades, deixen cicatrius en forma d\u2019\u00e0rees enfonsades a la pell.<\/li>\n\n\n\n<li>La pitjor soluci\u00f3 per al pacient \u00e9s gratar-se, perqu\u00e8 les lesions poden esdevenir ferides i infectar-se per l\u2019acci\u00f3 dels bacteris, com ara els estreptococs o els estafilococs, i aleshores cal seguir un tractament antibi\u00f2tic que deixa m\u00e9s cicatrius.<\/li>\n\n\n\n<li>En els infants la varicel\u00b7la sol ser una malaltia benigna i les complicacions greus s\u00f3n estranyes, per\u00f2 en els adults l\u2019afecci\u00f3 sol ser m\u00e9s general i hi ha m\u00e9s complicacions, perqu\u00e8 s\u2019hi veuen involucrats altres \u00f2rgans a part de la pell, com ara els pulmons o el sistema nervi\u00f3s.<\/li>\n<\/ul>\n\n\n\n<p><strong>Com es diagnostica<\/strong><\/p>\n\n\n\n<p>La varicel\u00b7la t\u00e9 un <a href=\"https:\/\/www.mayoclinic.org\/es\/diseases-conditions\/chickenpox\/diagnosis-treatment\/drc-20351287#:~:text=La%20mayor%C3%ADa%20de%20las%20veces,tejidos%20de%20la%20piel%20afectada.\">diagn\u00f2stic cl\u00ednic<\/a>, i aix\u00f2 vol dir que es basa en les explicacions dels malalts i les observacions dels metges durant l\u2019exploraci\u00f3. Per b\u00e9 que t\u00e8cnicament \u00e9s possible de confirmar-ne el diagn\u00f2stic amb la detecci\u00f3 del virus o l\u2019aparici\u00f3 de defenses que el combaten, habitualment no cal fer cap estudi especial i n\u2019hi ha prou amb la valoraci\u00f3 del metge o del pediatra d\u2019atenci\u00f3 prim\u00e0ria.<\/p>\n\n\n\n<p>Si b\u00e9 hi ha moltes malalties que poden causar erupcions, la formaci\u00f3 de ves\u00edcules no \u00e9s gaire freq\u00fcent. Aix\u00ed doncs, quan una persona t\u00e9 un episodi de febre amb ves\u00edcules i crostes, i \u00e9s un nen petit, la primera malaltia en qu\u00e8 haur\u00edem de pensar \u00e9s la varicel\u00b7la, sobretot si durant aquests dies hi ha altres casos de la malaltia a la fam\u00edlia, a l\u2019escola o entre els amics.<\/p>\n\n\n\n<p>En la gran majoria dels casos no cal enviar el malalt a l\u2019hospital. El pacient s\u2019ha de fer tractar per un especialista al centre hospitalari quan:<\/p>\n\n\n\n<ul class=\"wp-block-list\">\n<li>La malaltia ataca persones amb un sistema immunitari feble, com s\u00f3n els malalts de leuc\u00e8mia, de c\u00e0ncer tractat amb quimioter\u00e0pia o de sida.<\/li>\n\n\n\n<li>Hi ha s\u00edmptomes de complicacions quan afecta altres \u00f2rgans que no s\u00f3n la pell, com ara dificultat per respirar, incoordinaci\u00f3, par\u00e0lisi o un grau de somnol\u00e8ncia important.<\/li>\n<\/ul>\n\n\n\n<p><strong>Com es tracta<\/strong><\/p>\n\n\n\n<p>El fet m\u00e9s important, en la majoria dels casos, \u00e9s combatre la picor i evitar de gratar-se per prevenir que s\u2019infectin les lesions. Les mesures recomanades s\u00f3n:<\/p>\n\n\n\n<ul class=\"wp-block-list\">\n<li>Caldria protegir-se en un ambient fresc. La calor i la suor fan augmentar la pru\u00efja.<\/li>\n\n\n\n<li>Ens haur\u00edem de banyar cada dia per mantenir la pell neta i fresca.<\/li>\n\n\n\n<li>Es recomana de tallar-se les ungles, mantenir-les netes i, fins i tot, fer servir guants per impedir les rascades.<\/li>\n\n\n\n<li>La picor es pot fer disminuir amb compreses humides i, quan \u00e9s intensa, amb medicaments a base d\u2019antihistam\u00ednics que, a m\u00e9s a m\u00e9s, tenen un efecte sedant per als pacients amb desfici a causa de la pru\u00efja.<\/li>\n\n\n\n<li>La febre es pot tractar amb paracetamol, per\u00f2 cal evitar l\u2019aspirina en els infants, perqu\u00e8 se n\u2019ha relacionat la presa amb una malaltia rara per\u00f2 greu del fetge i el cervell (s\u00edndrome de Reye).<\/li>\n\n\n\n<li>Per evitar la transmissi\u00f3, \u00e9s convenient que els malalts s\u2019estiguin a casa fins que totes les lesions es tornin crostes.<\/li>\n\n\n\n<li>L\u2019<a href=\"https:\/\/www.aeped.es\/comite-medicamentos\/pediamecum\/aciclovir\">aciclovir<\/a> \u00e9s un f\u00e0rmac amb activitat contra el virus de la varicel\u00b7laz\u00f2ster que, de mitjana, escur\u00e7a la durada de la malaltia en un dia i redueix l\u2019aparici\u00f3 de noves lesions en un 25 % quan es comen\u00e7a el tractament durant les primeres 24 hores, a comptar del moment que es t\u00e9 l\u2019erupci\u00f3. S\u2019administra de manera obligat\u00f2ria als pacients amb m\u00e9s risc de complicacions, com ara els qui tenen problemes d\u2019immunodepressi\u00f3 o els nadons; igualment, es pot tenir en compte per tractar adults i adolescents, at\u00e8s que la varicel\u00b7la tendeix a ser m\u00e9s greu com m\u00e9s gran \u00e9s el malalt.<\/li>\n<\/ul>\n\n\n\n<p><strong>Es pot prevenir la varicel\u00b7la<\/strong><\/p>\n\n\n\n<p>Hi ha una vacuna efica\u00e7 i ben tolerada contra la varicel\u00b7la que cada vegada es fa servir m\u00e9s en altres pa\u00efsos; aix\u00ed, el <a>Comit\u00e8 Assessor sobre Pr\u00e0ctiques d\u2019Immunitzacions <\/a><a href=\"#_msocom_1\">[AP1]<\/a>&nbsp;dels Estats Units va recomanar el 1999 a tots els estats que exigissin la vaccinaci\u00f3 contra la varicel\u00b7la a tots els infants tan bon punt entraven a la guarderia o a l\u2019escola prim\u00e0ria. Igualment, va recomanar que es vaccinessin els adults i els adolescents m\u00e9s exposats, pel contacte amb nens, i les dones en edat f\u00e8rtil no prenyades (totes aquestes recomanacions s\u2019adre\u00e7aven l\u00f2gicament a persones que no havien passat la malaltia).<\/p>\n\n\n\n<p>A <a href=\"https:\/\/www.mayoclinic.org\/es\/diseases-conditions\/chickenpox\/diagnosis-treatment\/drc-20351287#:~:text=La%20mayor%C3%ADa%20de%20las%20veces,tejidos%20de%20la%20piel%20afectada.\">Espanya, la vacuna<\/a> s\u2019inclou en el calendari oficial de vaccinaci\u00f3 per a infants.<\/p>\n\n\n\n<p>Hi ha tamb\u00e9 immunoglobulines contra la varicel\u00b7la, \u00e9s a dir anticossos per defensar-se contra el virus, que cal administrar a persones d\u2019alt risc exposades de fa poc a la malaltia, per exemple als nadons, si la mare va contreure la varicel\u00b7la els dies abans del part, o als infants amb problemes immunitaris que han estat en contacte amb malalts.<\/p>\n\n\n\n<p><strong>Com pot evolucionar la malaltia<\/strong><\/p>\n\n\n\n<p>Sovint, sobretot en els nens, l\u2019evoluci\u00f3 de la malaltia \u00e9s benigna i es guareix sense originar complicacions. Molts anys despr\u00e9s d\u2019haver-la passada, poden reapar\u00e8ixer les erupcions en forma d\u2019herpes z\u00f2ster, que, en general, s\u00f3n doloroses i es caracteritzen per unes butllofes localitzades en una zona concreta de la pell.<\/p>\n\n\n\n<p>Les complicacions viscerals, com ara la pneum\u00f2nia o la pulmonia, o la inflamaci\u00f3 del cervell o de les meninges s\u00f3n rares en criatures i m\u00e9s freq\u00fcents en els adults. La mortalitat \u00e9s quinze vegades m\u00e9s alta en els adults que en els infants (aproximadament es moren un de cada 3.000 adults afectats).<\/p>\n\n\n\n<p>En les <a href=\"https:\/\/www.mayoclinic.org\/es\/healthy-lifestyle\/pregnancy-week-by-week\/expert-answers\/chickenpox-and-pregnancy\/faq-20057886\">dones gestants<\/a> la infecci\u00f3 durant el primer trimestre pot ocasionar malformacions al fetus en un petit tant per cent dels casos. Si la infecci\u00f3 es produeix uns quants dies abans del part, el nounat podria patir una forma greu de varicel\u00b7la.<\/p>\n\n\n\n<p>En el cas dels pacients amb immunodepressi\u00f3 i els nadons, la malaltia \u00e9s molt greu.<\/p>\n\n\n\n<p>Bibliografia<\/p>\n\n\n\n<figure class=\"wp-block-embed\"><div class=\"wp-block-embed__wrapper\">\nhttps:\/\/www.aeped.es\/sites\/default\/files\/documentos\/varicela.pdf\n<\/div><\/figure>\n\n\n\n<figure class=\"wp-block-embed\"><div class=\"wp-block-embed__wrapper\">\nhttps:\/\/medlineplus.gov\/spanish\/ency\/article\/001592.htm\n<\/div><\/figure>\n\n\n\n<hr class=\"wp-block-separator has-alpha-channel-opacity\"\/>\n\n\n\n<p><a id=\"_msocom_1\"><\/a><\/p>\n\n\n\n<h1 class=\"wp-block-heading\"><\/h1>\n\n\n\n<figure class=\"wp-block-embed\"><div class=\"wp-block-embed__wrapper\">\nhttps:\/\/www.cdc.gov\/vaccines\/acip\/index.html\n<\/div><\/figure>\n","protected":false},"excerpt":{"rendered":"<p>Qu\u00e8 \u00e9s la varicel\u00b7la La varicel\u00b7la \u00e9s una infecci\u00f3 causada pel virus de la varicel\u00b7la z\u00f2ster. La malaltia es caracteritza per la pres\u00e8ncia de febre i una erupci\u00f3 generalitzada a la pell amb formaci\u00f3 de butllofes i pru\u00efja. La gran majoria dels casos, sobretot si afecta els infants, es resolen de manera espont\u00e0nia sense complicacions [&hellip;]<\/p>\n","protected":false},"author":3,"featured_media":32435,"comment_status":"closed","ping_status":"closed","sticky":false,"template":"","format":"standard","meta":{"footnotes":""},"categories":[15],"tags":[],"class_list":["post-32437","post","type-post","status-publish","format-standard","has-post-thumbnail","hentry","category-salut"],"featured_image_src":"https:\/\/www.mgc.es\/wp-content\/uploads\/2024\/07\/varicela.jpg","author_info":{"display_name":"Revista Inter\u00e8s Mutu","author_link":"https:\/\/www.mgc.es\/ca\/blog\/author\/interesmutu\/"},"yoast_head":"<!-- This site is optimized with the Yoast SEO plugin v27.2 - https:\/\/yoast.com\/product\/yoast-seo-wordpress\/ -->\n<title>Tot el que has saber de sobre la varicel\u00b7la: s\u00edmptomes, tractament i prevenci\u00f3 - MGC M\u00fatua<\/title>\n<meta name=\"robots\" content=\"index, follow, max-snippet:-1, max-image-preview:large, max-video-preview:-1\" \/>\n<link rel=\"canonical\" href=\"https:\/\/www.mgc.es\/blog\/todo-lo-que-necesitas-saber-sobre-la-varicela-sintomas-tratamiento-y-prevencion\/\" \/>\n<meta property=\"og:locale\" content=\"ca_ES\" \/>\n<meta property=\"og:type\" content=\"article\" \/>\n<meta property=\"og:title\" content=\"Tot el que has saber de sobre la varicel\u00b7la: s\u00edmptomes, tractament i prevenci\u00f3 - MGC M\u00fatua\" \/>\n<meta property=\"og:description\" content=\"Qu\u00e8 \u00e9s la varicel\u00b7la La varicel\u00b7la \u00e9s una infecci\u00f3 causada pel virus de la varicel\u00b7la z\u00f2ster. La malaltia es caracteritza per la pres\u00e8ncia de febre i una erupci\u00f3 generalitzada a la pell amb formaci\u00f3 de butllofes i pru\u00efja. La gran majoria dels casos, sobretot si afecta els infants, es resolen de manera espont\u00e0nia sense complicacions [&hellip;]\" \/>\n<meta property=\"og:url\" content=\"https:\/\/www.mgc.es\/blog\/todo-lo-que-necesitas-saber-sobre-la-varicela-sintomas-tratamiento-y-prevencion\/\" \/>\n<meta property=\"og:site_name\" content=\"MGC M\u00fatua\" \/>\n<meta property=\"article:publisher\" content=\"https:\/\/www.facebook.com\/mgcmutua\" \/>\n<meta property=\"article:published_time\" content=\"2024-08-01T07:54:36+00:00\" \/>\n<meta property=\"og:image\" content=\"https:\/\/www.mgc.es\/wp-content\/uploads\/2024\/07\/varicela.jpg\" \/>\n\t<meta property=\"og:image:width\" content=\"800\" \/>\n\t<meta property=\"og:image:height\" content=\"530\" \/>\n\t<meta property=\"og:image:type\" content=\"image\/jpeg\" \/>\n<meta name=\"author\" content=\"Revista Inter\u00e8s Mutu\" \/>\n<meta name=\"twitter:card\" content=\"summary_large_image\" \/>\n<meta name=\"twitter:creator\" content=\"@mgcmutua\" \/>\n<meta name=\"twitter:site\" content=\"@mgcmutua\" \/>\n<meta name=\"twitter:label1\" content=\"Escrit per\" \/>\n\t<meta name=\"twitter:data1\" content=\"Revista Inter\u00e8s Mutu\" \/>\n\t<meta name=\"twitter:label2\" content=\"Temps estimat de lectura\" \/>\n\t<meta name=\"twitter:data2\" content=\"16 minuts\" \/>\n<!-- \/ Yoast SEO plugin. -->","yoast_head_json":{"title":"Tot el que has saber de sobre la varicel\u00b7la: s\u00edmptomes, tractament i prevenci\u00f3 - MGC M\u00fatua","robots":{"index":"index","follow":"follow","max-snippet":"max-snippet:-1","max-image-preview":"max-image-preview:large","max-video-preview":"max-video-preview:-1"},"canonical":"https:\/\/www.mgc.es\/blog\/todo-lo-que-necesitas-saber-sobre-la-varicela-sintomas-tratamiento-y-prevencion\/","og_locale":"ca_ES","og_type":"article","og_title":"Tot el que has saber de sobre la varicel\u00b7la: s\u00edmptomes, tractament i prevenci\u00f3 - MGC M\u00fatua","og_description":"Qu\u00e8 \u00e9s la varicel\u00b7la La varicel\u00b7la \u00e9s una infecci\u00f3 causada pel virus de la varicel\u00b7la z\u00f2ster. La malaltia es caracteritza per la pres\u00e8ncia de febre i una erupci\u00f3 generalitzada a la pell amb formaci\u00f3 de butllofes i pru\u00efja. La gran majoria dels casos, sobretot si afecta els infants, es resolen de manera espont\u00e0nia sense complicacions [&hellip;]","og_url":"https:\/\/www.mgc.es\/blog\/todo-lo-que-necesitas-saber-sobre-la-varicela-sintomas-tratamiento-y-prevencion\/","og_site_name":"MGC M\u00fatua","article_publisher":"https:\/\/www.facebook.com\/mgcmutua","article_published_time":"2024-08-01T07:54:36+00:00","og_image":[{"width":800,"height":530,"url":"https:\/\/www.mgc.es\/wp-content\/uploads\/2024\/07\/varicela.jpg","type":"image\/jpeg"}],"author":"Revista Inter\u00e8s Mutu","twitter_card":"summary_large_image","twitter_creator":"@mgcmutua","twitter_site":"@mgcmutua","twitter_misc":{"Escrit per":"Revista Inter\u00e8s Mutu","Temps estimat de lectura":"16 minuts"},"schema":{"@context":"https:\/\/schema.org","@graph":[{"@type":["Article","BlogPosting"],"@id":"https:\/\/www.mgc.es\/blog\/todo-lo-que-necesitas-saber-sobre-la-varicela-sintomas-tratamiento-y-prevencion\/#article","isPartOf":{"@id":"https:\/\/www.mgc.es\/blog\/todo-lo-que-necesitas-saber-sobre-la-varicela-sintomas-tratamiento-y-prevencion\/"},"author":{"name":"Revista Inter\u00e8s Mutu","@id":"https:\/\/www.mgc.es\/#\/schema\/person\/010c961d9c9acf38f11187a02b646c16"},"headline":"Tot el que has saber de sobre la varicel\u00b7la: s\u00edmptomes, tractament i prevenci\u00f3","datePublished":"2024-08-01T07:54:36+00:00","mainEntityOfPage":{"@id":"https:\/\/www.mgc.es\/blog\/todo-lo-que-necesitas-saber-sobre-la-varicela-sintomas-tratamiento-y-prevencion\/"},"wordCount":3614,"publisher":{"@id":"https:\/\/www.mgc.es\/#organization"},"image":{"@id":"https:\/\/www.mgc.es\/blog\/todo-lo-que-necesitas-saber-sobre-la-varicela-sintomas-tratamiento-y-prevencion\/#primaryimage"},"thumbnailUrl":"https:\/\/www.mgc.es\/wp-content\/uploads\/2024\/07\/varicela.jpg","articleSection":["Salut i medicina"],"inLanguage":"ca"},{"@type":["WebPage","ItemPage"],"@id":"https:\/\/www.mgc.es\/blog\/todo-lo-que-necesitas-saber-sobre-la-varicela-sintomas-tratamiento-y-prevencion\/","url":"https:\/\/www.mgc.es\/blog\/todo-lo-que-necesitas-saber-sobre-la-varicela-sintomas-tratamiento-y-prevencion\/","name":"Tot el que has saber de sobre la varicel\u00b7la: s\u00edmptomes, tractament i prevenci\u00f3 - MGC M\u00fatua","isPartOf":{"@id":"https:\/\/www.mgc.es\/#website"},"primaryImageOfPage":{"@id":"https:\/\/www.mgc.es\/blog\/todo-lo-que-necesitas-saber-sobre-la-varicela-sintomas-tratamiento-y-prevencion\/#primaryimage"},"image":{"@id":"https:\/\/www.mgc.es\/blog\/todo-lo-que-necesitas-saber-sobre-la-varicela-sintomas-tratamiento-y-prevencion\/#primaryimage"},"thumbnailUrl":"https:\/\/www.mgc.es\/wp-content\/uploads\/2024\/07\/varicela.jpg","datePublished":"2024-08-01T07:54:36+00:00","breadcrumb":{"@id":"https:\/\/www.mgc.es\/blog\/todo-lo-que-necesitas-saber-sobre-la-varicela-sintomas-tratamiento-y-prevencion\/#breadcrumb"},"inLanguage":"ca","potentialAction":[{"@type":"ReadAction","target":["https:\/\/www.mgc.es\/blog\/todo-lo-que-necesitas-saber-sobre-la-varicela-sintomas-tratamiento-y-prevencion\/"]}]},{"@type":"ImageObject","inLanguage":"ca","@id":"https:\/\/www.mgc.es\/blog\/todo-lo-que-necesitas-saber-sobre-la-varicela-sintomas-tratamiento-y-prevencion\/#primaryimage","url":"https:\/\/www.mgc.es\/wp-content\/uploads\/2024\/07\/varicela.jpg","contentUrl":"https:\/\/www.mgc.es\/wp-content\/uploads\/2024\/07\/varicela.jpg","width":800,"height":530},{"@type":"BreadcrumbList","@id":"https:\/\/www.mgc.es\/blog\/todo-lo-que-necesitas-saber-sobre-la-varicela-sintomas-tratamiento-y-prevencion\/#breadcrumb","itemListElement":[{"@type":"ListItem","position":1,"name":"Home","item":"https:\/\/www.mgc.es\/ca\/"},{"@type":"ListItem","position":2,"name":"Tot el que has saber de sobre la varicel\u00b7la: s\u00edmptomes, tractament i prevenci\u00f3"}]},{"@type":"WebSite","@id":"https:\/\/www.mgc.es\/#website","url":"https:\/\/www.mgc.es\/","name":"MGC M\u00fatua","description":"MGC M\u00fatua \u00e9s una entitat asseguradora sense \u00e0nim de lucre constitu\u00efda al 1982 i especialitzada en assegurances de salut i assist\u00e8ncia.","publisher":{"@id":"https:\/\/www.mgc.es\/#organization"},"alternateName":"MGC","potentialAction":[{"@type":"SearchAction","target":{"@type":"EntryPoint","urlTemplate":"https:\/\/www.mgc.es\/?s={search_term_string}"},"query-input":{"@type":"PropertyValueSpecification","valueRequired":true,"valueName":"search_term_string"}}],"inLanguage":"ca"},{"@type":"Organization","@id":"https:\/\/www.mgc.es\/#organization","name":"MGC Mutua","alternateName":"MGC","url":"https:\/\/www.mgc.es\/","logo":{"@type":"ImageObject","inLanguage":"ca","@id":"https:\/\/www.mgc.es\/#\/schema\/logo\/image\/","url":"https:\/\/www.mgc.es\/wp-content\/uploads\/2020\/03\/mgcmutua_h2_2t_reduccions.png","contentUrl":"https:\/\/www.mgc.es\/wp-content\/uploads\/2020\/03\/mgcmutua_h2_2t_reduccions.png","width":303,"height":165,"caption":"MGC Mutua"},"image":{"@id":"https:\/\/www.mgc.es\/#\/schema\/logo\/image\/"},"sameAs":["https:\/\/www.facebook.com\/mgcmutua","https:\/\/x.com\/mgcmutua","https:\/\/www.youtube.com\/c\/MGCMutua"]},{"@type":"Person","@id":"https:\/\/www.mgc.es\/#\/schema\/person\/010c961d9c9acf38f11187a02b646c16","name":"Revista Inter\u00e8s Mutu","image":{"@type":"ImageObject","inLanguage":"ca","@id":"https:\/\/secure.gravatar.com\/avatar\/52302d684339b9d7bf5691e2ad00835d62ce3b4a435f21ca9f21fbe39c63cb1b?s=96&d=mm&r=g","url":"https:\/\/secure.gravatar.com\/avatar\/52302d684339b9d7bf5691e2ad00835d62ce3b4a435f21ca9f21fbe39c63cb1b?s=96&d=mm&r=g","contentUrl":"https:\/\/secure.gravatar.com\/avatar\/52302d684339b9d7bf5691e2ad00835d62ce3b4a435f21ca9f21fbe39c63cb1b?s=96&d=mm&r=g","caption":"Revista Inter\u00e8s Mutu"}}]}},"_links":{"self":[{"href":"https:\/\/www.mgc.es\/ca\/wp-json\/wp\/v2\/posts\/32437","targetHints":{"allow":["GET"]}}],"collection":[{"href":"https:\/\/www.mgc.es\/ca\/wp-json\/wp\/v2\/posts"}],"about":[{"href":"https:\/\/www.mgc.es\/ca\/wp-json\/wp\/v2\/types\/post"}],"author":[{"embeddable":true,"href":"https:\/\/www.mgc.es\/ca\/wp-json\/wp\/v2\/users\/3"}],"replies":[{"embeddable":true,"href":"https:\/\/www.mgc.es\/ca\/wp-json\/wp\/v2\/comments?post=32437"}],"version-history":[{"count":1,"href":"https:\/\/www.mgc.es\/ca\/wp-json\/wp\/v2\/posts\/32437\/revisions"}],"predecessor-version":[{"id":32438,"href":"https:\/\/www.mgc.es\/ca\/wp-json\/wp\/v2\/posts\/32437\/revisions\/32438"}],"wp:featuredmedia":[{"embeddable":true,"href":"https:\/\/www.mgc.es\/ca\/wp-json\/wp\/v2\/media\/32435"}],"wp:attachment":[{"href":"https:\/\/www.mgc.es\/ca\/wp-json\/wp\/v2\/media?parent=32437"}],"wp:term":[{"taxonomy":"category","embeddable":true,"href":"https:\/\/www.mgc.es\/ca\/wp-json\/wp\/v2\/categories?post=32437"},{"taxonomy":"post_tag","embeddable":true,"href":"https:\/\/www.mgc.es\/ca\/wp-json\/wp\/v2\/tags?post=32437"}],"curies":[{"name":"wp","href":"https:\/\/api.w.org\/{rel}","templated":true}]}}