{"id":32244,"date":"2024-07-25T12:58:19","date_gmt":"2024-07-25T10:58:19","guid":{"rendered":"https:\/\/www.mgc.es\/?p=32244"},"modified":"2024-05-29T13:01:18","modified_gmt":"2024-05-29T11:01:18","slug":"el-teu-fill-es-diabetic-que-has-de-saber-sobre-la-diabetis-infantil","status":"publish","type":"post","link":"https:\/\/www.mgc.es\/ca\/blog\/el-teu-fill-es-diabetic-que-has-de-saber-sobre-la-diabetis-infantil\/","title":{"rendered":"El teu fill \u00e9s diab\u00e8tic? Qu\u00e8 has de saber sobre la diabetis Infantil"},"content":{"rendered":"<div id=\"ez-toc-container\" class=\"ez-toc-v2_0_82_1 counter-hierarchy ez-toc-counter ez-toc-custom ez-toc-container-direction\">\n<div class=\"ez-toc-title-container\"><p class=\"ez-toc-title\" style=\"cursor:inherit\">\u00cdndex de continguts<\/p>\n<\/div><nav><ul class='ez-toc-list ez-toc-list-level-1 ' ><li class='ez-toc-page-1 ez-toc-heading-level-2'><a class=\"ez-toc-link ez-toc-heading-1\" href=\"https:\/\/www.mgc.es\/ca\/blog\/el-teu-fill-es-diabetic-que-has-de-saber-sobre-la-diabetis-infantil\/#Que_es_la_diabetis\" >Qu\u00e8 \u00e9s la diabetis<\/a><\/li><li class='ez-toc-page-1 ez-toc-heading-level-2'><a class=\"ez-toc-link ez-toc-heading-2\" href=\"https:\/\/www.mgc.es\/ca\/blog\/el-teu-fill-es-diabetic-que-has-de-saber-sobre-la-diabetis-infantil\/#Quins_simptomes_te\" >Quins s\u00edmptomes t\u00e9<\/a><\/li><li class='ez-toc-page-1 ez-toc-heading-level-2'><a class=\"ez-toc-link ez-toc-heading-3\" href=\"https:\/\/www.mgc.es\/ca\/blog\/el-teu-fill-es-diabetic-que-has-de-saber-sobre-la-diabetis-infantil\/#Com_poden_actuar_els_pares\" >Com poden actuar els pares<\/a><\/li><li class='ez-toc-page-1 ez-toc-heading-level-2'><a class=\"ez-toc-link ez-toc-heading-4\" href=\"https:\/\/www.mgc.es\/ca\/blog\/el-teu-fill-es-diabetic-que-has-de-saber-sobre-la-diabetis-infantil\/#Dieta\" >Dieta<\/a><\/li><li class='ez-toc-page-1 ez-toc-heading-level-2'><a class=\"ez-toc-link ez-toc-heading-5\" href=\"https:\/\/www.mgc.es\/ca\/blog\/el-teu-fill-es-diabetic-que-has-de-saber-sobre-la-diabetis-infantil\/#Activitat_fisica\" >Activitat f\u00edsica<\/a><\/li><li class='ez-toc-page-1 ez-toc-heading-level-2'><a class=\"ez-toc-link ez-toc-heading-6\" href=\"https:\/\/www.mgc.es\/ca\/blog\/el-teu-fill-es-diabetic-que-has-de-saber-sobre-la-diabetis-infantil\/#Com_sha_de_tractar_la_diabetis_infantil\" >Com s\u2019ha de tractar la diabetis infantil<\/a><\/li><li class='ez-toc-page-1 ez-toc-heading-level-2'><a class=\"ez-toc-link ez-toc-heading-7\" href=\"https:\/\/www.mgc.es\/ca\/blog\/el-teu-fill-es-diabetic-que-has-de-saber-sobre-la-diabetis-infantil\/#La_bomba_dinsulina\" >La bomba d\u2019insulina<\/a><\/li><li class='ez-toc-page-1 ez-toc-heading-level-2'><a class=\"ez-toc-link ez-toc-heading-8\" href=\"https:\/\/www.mgc.es\/ca\/blog\/el-teu-fill-es-diabetic-que-has-de-saber-sobre-la-diabetis-infantil\/#Pronostic_a_llarg_termini\" >Pron\u00f2stic a llarg termini<\/a><\/li><li class='ez-toc-page-1 ez-toc-heading-level-2'><a class=\"ez-toc-link ez-toc-heading-9\" href=\"https:\/\/www.mgc.es\/ca\/blog\/el-teu-fill-es-diabetic-que-has-de-saber-sobre-la-diabetis-infantil\/#Medicaments_que_sadministren_en_cas_de_diabetis_infantil\" >Medicaments que s\u2019administren en cas de diabetis infantil<\/a><\/li><\/ul><\/nav><\/div>\n\n<figure class=\"wp-block-image size-full\"><img loading=\"lazy\" decoding=\"async\" width=\"800\" height=\"533\" src=\"https:\/\/www.mgc.es\/wp-content\/uploads\/2024\/05\/medida-azucar.jpg\" alt=\"\" class=\"wp-image-32238\" srcset=\"https:\/\/www.mgc.es\/wp-content\/uploads\/2024\/05\/medida-azucar.jpg 800w, https:\/\/www.mgc.es\/wp-content\/uploads\/2024\/05\/medida-azucar-440x293.jpg 440w, https:\/\/www.mgc.es\/wp-content\/uploads\/2024\/05\/medida-azucar-768x512.jpg 768w\" sizes=\"auto, (max-width: 800px) 100vw, 800px\" \/><\/figure>\n\n\n\n<h2 class=\"wp-block-heading\"><span class=\"ez-toc-section\" id=\"Que_es_la_diabetis\"><\/span><strong>Qu\u00e8 \u00e9s la diabetis<\/strong><span class=\"ez-toc-section-end\"><\/span><\/h2>\n\n\n\n<p>La diabetis de tipus 1, o insulinodependent, \u00e9s la forma prevalent de malaltia diab\u00e8tica en els infants. S\u2019origina per la incapacitat del p\u00e0ncrees de secretar prou quantitat d\u2019insulina, que \u00e9s una hormona que regula el metabolisme de la glucosa a la sang. La causa de la diabetis encara \u00e9s desconeguda, per\u00f2 es pensa que hi intervenen tant factors hereditaris com influ\u00e8ncies ambientals, i tamb\u00e9 que les infeccions participen activament en el seu desenvolupament. Afecta amb la mateixa freq\u00fc\u00e8ncia els nens que les nenes.<\/p>\n\n\n\n<p>La diabetis de tipus 1 \u00e9s una de les anomenades <a href=\"https:\/\/medlineplus.gov\/spanish\/autoimmunediseases.html\">malalties autoimmunit\u00e0ries<\/a>; \u00e9s a dir, \u00e9s una malaltia en qu\u00e8 el sistema immunol\u00f2gic ataca per error un teixit del mateix organisme. El proc\u00e9s es perllonga for\u00e7a temps abans que se\u2019n manifestin els s\u00edmptomes.<\/p>\n\n\n\n<p>En general la diabetis de tipus 1 apareix abans de la pubertat, per\u00f2 es pot donar en qualsevol edat, de la primera infantesa fins a la vida adulta, i fins i tot al llindar de la vellesa.<\/p>\n\n\n\n<h2 class=\"wp-block-heading\"><span class=\"ez-toc-section\" id=\"Quins_simptomes_te\"><\/span><strong>Quins s\u00edmptomes t\u00e9<\/strong><span class=\"ez-toc-section-end\"><\/span><\/h2>\n\n\n\n<p>Els s\u00edmptomes de la malaltia es manifesten amb rapidesa al cap d\u2019uns quants dies o setmanes. S\u00f3n els seg\u00fcents:<\/p>\n\n\n\n<ul class=\"wp-block-list\">\n<li>Cansament<\/li>\n\n\n\n<li>Una set que obliga els infants a beure sovint (s\u2019anomena polid\u00edpsia)<\/li>\n\n\n\n<li>Miccions freq\u00fcents (rep el nom de poli\u00faria)<\/li>\n\n\n\n<li>Enuresi nocturna (quan els infants es pixen al llit)<\/li>\n\n\n\n<li>Augment de la gana (polif\u00e0gia), per\u00f2 amb p\u00e8rdua de pes<\/li>\n\n\n\n<li>Infeccions a la pell o al voltant de la boca<\/li>\n<\/ul>\n\n\n\n<p>De vegades, els <a href=\"https:\/\/www.mayoclinic.org\/es\/diseases-conditions\/type-1-diabetes-in-children\/symptoms-causes\/syc-20355306\">s\u00edmptomes<\/a> progressen amb molta rapidesa i fan empitjorar l\u2019estat del pacient, amb basques, v\u00f2mits, dolor abdominal i dificultat respirat\u00f2ria. Aquests s\u00edmptomes s\u00f3n greus i demanen atenci\u00f3 m\u00e8dica urgent.<\/p>\n\n\n\n<h2 class=\"wp-block-heading\"><span class=\"ez-toc-section\" id=\"Com_poden_actuar_els_pares\"><\/span><strong>Com poden actuar els pares<\/strong><span class=\"ez-toc-section-end\"><\/span><\/h2>\n\n\n\n<p>Aprendre a controlar la diabetis requereix molt esfor\u00e7, tant per als pares com per als infants. Malgrat tot, cal saber com funciona l\u2019organisme, com es posen les injeccions d\u2019insulina, com s\u2019ha de controlar la dieta i com es mesura la quantitat de glucosa a la sang; tot plegat contribueix a fer que la vida dels infants i de la fam\u00edlia torni a la normalitat.<\/p>\n\n\n\n<p>L\u2019equip de professionals del centre sanitari (hospital o centre de salut) assessora els pares sobre tots els aspectes que cal saber. Bona part dels equips que treballen amb diab\u00e8tics incorpora infermeres especialitzades que organitzen els programes d\u2019educaci\u00f3 sanit\u00e0ria.<\/p>\n\n\n\n<p>\u00c9s important que els pares tinguin en compte els punts seg\u00fcents:<\/p>\n\n\n\n<ul class=\"wp-block-list\">\n<li>Els s\u00edmptomes de la <a href=\"https:\/\/www.niddk.nih.gov\/health-information\/informacion-de-la-salud\/diabetes\/informacion-general\/prevenir-problemas\/hipoglucemia\">hipogluc\u00e8mia<\/a> (concentraci\u00f3 baixa de glucosa a la sang, tamb\u00e9 coneguda com a \u00abbaixada de sucre\u00bb) i, a la inversa, de la <a href=\"https:\/\/www.mayoclinic.org\/es\/diseases-conditions\/type-1-diabetes-in-children\/diagnosis-treatment\/drc-20355312\">hipergluc\u00e8mia<\/a> (concentraci\u00f3 elevada de glucosa a la sang).<\/li>\n\n\n\n<li>Cal saber mesurar el nivell de gluc\u00e8mia a la sang i ensenyar els infants a controlar-la tan bon punt l\u2019edat ho permet.<\/li>\n\n\n\n<li>S\u2019ha d\u2019ensenyar els nens a posar-se ells mateixos les injeccions d\u2019insulina a l\u2019edat adequada.<\/li>\n\n\n\n<li>Cal tenir sempre a m\u00e0 sucre per tractar les hipogluc\u00e8mies.<\/li>\n\n\n\n<li>Convindria anar al metge amb regularitat.<\/li>\n\n\n\n<li>Haur\u00edem d\u2019anar al metge en cas que es declarin altres malalties o trastorns.<\/li>\n\n\n\n<li>Cal informar els professors i els amics sobre els s\u00edmptomes de les baixades de sucre.<\/li>\n\n\n\n<li>Hi pot ajudar molt posar-se en contacte amb l\u2019associaci\u00f3 de diab\u00e8tics m\u00e9s propera per rebre suport i assist\u00e8ncia, si cal.<\/li>\n<\/ul>\n\n\n\n<h2 class=\"wp-block-heading\"><span class=\"ez-toc-section\" id=\"Dieta\"><\/span><strong>Dieta<\/strong><span class=\"ez-toc-section-end\"><\/span><\/h2>\n\n\n\n<p>En els equips que atenen malalts de diabetis hi sovintegen els especialistes en nutrici\u00f3 i diet\u00e8tica.<\/p>\n\n\n\n<p>\u00c9s important que l\u2019alimentaci\u00f3 dels infants sigui saludable i equilibrada, rica en fibra i en hidrats de carboni. Les quantitats que ha de menjar cada nen depenen de la seva edat i pes, i cal que l\u2019especialista en diet\u00e8tica assessori els pares sobre aquest tema. L\u2019exercici f\u00edsic tamb\u00e9 influeix en les quantitats que s\u2019han d\u2019ingerir. Aix\u00ed doncs, abans de practicar cap esport, es recomana de donar als infants una mica m\u00e9s de pa, un suc o altres aliments que continguin hidrats de carboni.<\/p>\n\n\n\n<p>S\u2019aconsella de fer tres \u00e0pats principals al dia i fer un mos lleuger un parell o tres de vegades en els intervals. De manera ideal tota la fam\u00edlia hauria de menjar igual. En aquest cas els dol\u00e7os no es prohibeixen del tot. Quan l\u2019infant apr\u00e8n com respon el seu organisme al menjar i a les injeccions de insulina, pot incorporar a la dieta uns quants aliments dol\u00e7os, sempre que s\u2019augmenti la dosi d\u2019insulina en la quantitat adequada.<\/p>\n\n\n\n<figure class=\"wp-block-image size-full\"><img loading=\"lazy\" decoding=\"async\" width=\"800\" height=\"465\" src=\"https:\/\/www.mgc.es\/wp-content\/uploads\/2024\/05\/azucar2.jpg\" alt=\"\" class=\"wp-image-32242\" srcset=\"https:\/\/www.mgc.es\/wp-content\/uploads\/2024\/05\/azucar2.jpg 800w, https:\/\/www.mgc.es\/wp-content\/uploads\/2024\/05\/azucar2-440x256.jpg 440w, https:\/\/www.mgc.es\/wp-content\/uploads\/2024\/05\/azucar2-768x446.jpg 768w\" sizes=\"auto, (max-width: 800px) 100vw, 800px\" \/><\/figure>\n\n\n\n<h2 class=\"wp-block-heading\"><span class=\"ez-toc-section\" id=\"Activitat_fisica\"><\/span><strong>Activitat f\u00edsica<\/strong><span class=\"ez-toc-section-end\"><\/span><\/h2>\n\n\n\n<p>L\u2019exercici f\u00edsic ha de ser una part important de l\u2019activitat di\u00e0ria d\u2019un infant amb diabetis, encara que sovint cal reduir la dosi d\u2019insulina, perqu\u00e8 l\u2019exercici fa davallar la gluc\u00e8mia. Per tant, l\u2019infant ha de dur sempre sucre si vol evitar les hipogluc\u00e8mies (disminuci\u00f3 del nivell de glucosa).<\/p>\n\n\n\n<h2 class=\"wp-block-heading\"><span class=\"ez-toc-section\" id=\"Com_sha_de_tractar_la_diabetis_infantil\"><\/span><strong>Com s\u2019ha de tractar la diabetis infantil<\/strong><span class=\"ez-toc-section-end\"><\/span><\/h2>\n\n\n\n<p>La diabetis en els infants sempre es tracta amb un <a href=\"https:\/\/kidshealth.org\/es\/parents\/diabetes-control.html\">control de la dieta i de la insulina<\/a>. Tanmateix, durant el primer any despr\u00e9s del diagn\u00f2stic, \u00e9s probable que l\u2019infant nom\u00e9s necessiti una quantitat minsa d\u2019insulina. Aquest per\u00edode es coneix amb el nom de lluna de mel.<\/p>\n\n\n\n<p>Els pares han d\u2019injectar la insulina als fills diab\u00e8tics fins que no arriben a certa edat per aprendre\u2019n i se la poden administrar tots sols. Aquesta edat dep\u00e8n de cada cas, per\u00f2 se sol situar cap als nou anys. La insulina s\u2019injecta a sota de la pell (injecci\u00f3 subcut\u00e0nia), normalment a la zona de l\u2019abdomen o de les cuixes, per\u00f2 pot ser en qualsevol altre lloc on la capa de pell sigui prou gruixuda.<\/p>\n\n\n\n<p>Cada nen demana una pauta de dosificaci\u00f3 d\u2019insulina que ha de programar l\u2019equip d\u2019atenci\u00f3 sanit\u00e0ria.<\/p>\n\n\n\n<p>Les criatures petites no acostumen a necessitar insulina a la nit, per\u00f2 aix\u00f2 comen\u00e7a a canviar a mesura que es van fent grans.<\/p>\n\n\n\n<p>Els nens grans solen necessitar una injecci\u00f3 d\u2019insulina d\u2019acci\u00f3 r\u00e0pida abans de cada \u00e0pat principal i una dosi d\u2019insulina amb acci\u00f3 prolongada a la nit.<\/p>\n\n\n\n<p>Actualment estan disponibles uns sistemes d\u2019administraci\u00f3 d\u2019insulina amb forma de bol\u00edgraf, molt c\u00f2modes de fer servir i amb agulles molt primes.<\/p>\n\n\n\n<h2 class=\"wp-block-heading\"><span class=\"ez-toc-section\" id=\"La_bomba_dinsulina\"><\/span><strong>La bomba d\u2019insulina<\/strong><span class=\"ez-toc-section-end\"><\/span><\/h2>\n\n\n\n<p>\u00c9s un sistema per administrar insulina via subcut\u00e0nia, amb un petit ordinador i un reservori que cont\u00e9 l\u2019hormona i un cat\u00e8ter subcutani (un tub sota la pell) per injectar la insulina.<\/p>\n\n\n\n<p>La <a href=\"https:\/\/www.cun.es\/enfermedades-tratamientos\/tratamientos\/bomba-insulina\">bomba<\/a> es pot programar i proveeix la quantitat d\u2019insulina establerta de manera continuada les 24 hores del dia, repartides en franges hor\u00e0ries segons les necessitats de l\u2019infant.<\/p>\n\n\n\n<p>L\u2019especialista, juntament amb els pares, \u00e9s qui programa el tractament i les dosis escaients. De la mateixa manera, l\u2019especialista ha de determinar la idone\u00eftat d\u2019implantar un dispositiu a l\u2019infant.<\/p>\n\n\n\n<p>Es comencen a fer trasplantaments d\u2019illots pancre\u00e0tics en pacients amb diabetis insulinodependent, tot i que aquesta modalitat terap\u00e8utica encara no es pot generalitzar per a tots els malalts de diabetis.<\/p>\n\n\n\n<h2 class=\"wp-block-heading\"><span class=\"ez-toc-section\" id=\"Pronostic_a_llarg_termini\"><\/span><strong>Pron\u00f2stic a llarg termini<\/strong><span class=\"ez-toc-section-end\"><\/span><\/h2>\n\n\n\n<p>Cal procurar de mantenir un nivell de gluc\u00e8mia normal, a fi d\u2019ajornar o evitar les complicacions a llarg termini de la diabetis (com ara lesions als ulls, als ronyons o al sistema nervi\u00f3s). Aquestes lesions poden apar\u00e8ixer despr\u00e9s de la pubertat, per\u00f2, en general, es donen m\u00e9s endavant.<\/p>\n\n\n\n<p>Es recomana de passar, com a m\u00ednim, una revisi\u00f3 cada tres mesos a la consulta de pediatria. Les proves per detectar les complicacions de la diabetis a llarg termini es comencen a fer als nou o deu anys d\u2019edat. A partir d\u2019aleshores es repeteixen un cop l\u2019any. Aquestes proves consisteixen en una an\u00e0lisi d\u2019orina per identificar la pres\u00e8ncia de prote\u00efnes, la presa de la pressi\u00f3 arterial, un examen del fons de l\u2019ull i una an\u00e0lisi de sang. Les alteracions als ulls (retinopatia) no afecten la vista en les fases primerenques, per\u00f2 si, m\u00e9s endavant, les lesions progressen, potser cal seguir un tractament amb raigs l\u00e0ser o altres t\u00e8cniques per evitar la p\u00e8rdua de visi\u00f3.<\/p>\n\n\n\n<h2 class=\"wp-block-heading\"><span class=\"ez-toc-section\" id=\"Medicaments_que_sadministren_en_cas_de_diabetis_infantil\"><\/span><strong>Medicaments que s\u2019administren en cas de diabetis infantil<\/strong><span class=\"ez-toc-section-end\"><\/span><\/h2>\n\n\n\n<ul class=\"wp-block-list\">\n<li>Insulina d\u2019acci\u00f3 r\u00e0pida<\/li>\n\n\n\n<li>Insulina d\u2019acci\u00f3 retardada<\/li>\n\n\n\n<li>Diferents barreges d\u2019insulina amb acci\u00f3 r\u00e0pida i d\u2019insulina amb acci\u00f3 retardada<\/li>\n\n\n\n<li>Insulina lispro<\/li>\n\n\n\n<li>insulina aspart<\/li>\n<\/ul>\n\n\n\n<p>Tots els preparats d\u2019insulina s\u2019administren amb injeccions per via subcut\u00e0nia.<\/p>\n\n\n\n<p>Bibliografia<\/p>\n\n\n\n<figure class=\"wp-block-embed\"><div class=\"wp-block-embed__wrapper\">\nhttps:\/\/www.elsevier.es\/es-revista-endocrinologia-nutricion-12-articulo-diabetes-mellitus-edad-pediatrica-diabetes-13066001\n<\/div><\/figure>\n\n\n\n<figure class=\"wp-block-embed\"><div class=\"wp-block-embed__wrapper\">\nhttps:\/\/www.mayoclinic.org\/es\/diseases-conditions\/type-1-diabetes-in-children\/symptoms-causes\/syc-20355306\n<\/div><\/figure>\n","protected":false},"excerpt":{"rendered":"<p>Qu\u00e8 \u00e9s la diabetis La diabetis de tipus 1, o insulinodependent, \u00e9s la forma prevalent de malaltia diab\u00e8tica en els infants. S\u2019origina per la incapacitat del p\u00e0ncrees de secretar prou quantitat d\u2019insulina, que \u00e9s una hormona que regula el metabolisme de la glucosa a la sang. La causa de la diabetis encara \u00e9s desconeguda, per\u00f2 [&hellip;]<\/p>\n","protected":false},"author":3,"featured_media":32240,"comment_status":"closed","ping_status":"closed","sticky":false,"template":"","format":"standard","meta":{"footnotes":""},"categories":[669,15],"tags":[],"class_list":["post-32244","post","type-post","status-publish","format-standard","has-post-thumbnail","hentry","category-fills","category-salut"],"featured_image_src":"https:\/\/www.mgc.es\/wp-content\/uploads\/2024\/05\/medida-azucar-1.jpg","author_info":{"display_name":"Revista Inter\u00e8s Mutu","author_link":"https:\/\/www.mgc.es\/ca\/blog\/author\/interesmutu\/"},"yoast_head":"<!-- This site is optimized with the Yoast SEO plugin v27.2 - https:\/\/yoast.com\/product\/yoast-seo-wordpress\/ -->\n<title>El teu fill \u00e9s diab\u00e8tic? Qu\u00e8 has de saber sobre la diabetis Infantil - MGC M\u00fatua<\/title>\n<meta name=\"robots\" content=\"index, follow, max-snippet:-1, max-image-preview:large, max-video-preview:-1\" \/>\n<link rel=\"canonical\" href=\"https:\/\/www.mgc.es\/ca\/blog\/el-teu-fill-es-diabetic-que-has-de-saber-sobre-la-diabetis-infantil\/\" \/>\n<meta property=\"og:locale\" content=\"ca_ES\" \/>\n<meta property=\"og:type\" content=\"article\" \/>\n<meta property=\"og:title\" content=\"El teu fill \u00e9s diab\u00e8tic? Qu\u00e8 has de saber sobre la diabetis Infantil - MGC M\u00fatua\" \/>\n<meta property=\"og:description\" content=\"Qu\u00e8 \u00e9s la diabetis La diabetis de tipus 1, o insulinodependent, \u00e9s la forma prevalent de malaltia diab\u00e8tica en els infants. S\u2019origina per la incapacitat del p\u00e0ncrees de secretar prou quantitat d\u2019insulina, que \u00e9s una hormona que regula el metabolisme de la glucosa a la sang. La causa de la diabetis encara \u00e9s desconeguda, per\u00f2 [&hellip;]\" \/>\n<meta property=\"og:url\" content=\"https:\/\/www.mgc.es\/ca\/blog\/el-teu-fill-es-diabetic-que-has-de-saber-sobre-la-diabetis-infantil\/\" \/>\n<meta property=\"og:site_name\" content=\"MGC M\u00fatua\" \/>\n<meta property=\"article:publisher\" content=\"https:\/\/www.facebook.com\/mgcmutua\" \/>\n<meta property=\"article:published_time\" content=\"2024-07-25T10:58:19+00:00\" \/>\n<meta property=\"og:image\" content=\"https:\/\/www.mgc.es\/wp-content\/uploads\/2024\/05\/medida-azucar-1.jpg\" \/>\n\t<meta property=\"og:image:width\" content=\"800\" \/>\n\t<meta property=\"og:image:height\" content=\"533\" \/>\n\t<meta property=\"og:image:type\" content=\"image\/jpeg\" \/>\n<meta name=\"author\" content=\"Revista Inter\u00e8s Mutu\" \/>\n<meta name=\"twitter:card\" content=\"summary_large_image\" \/>\n<meta name=\"twitter:creator\" content=\"@mgcmutua\" \/>\n<meta name=\"twitter:site\" content=\"@mgcmutua\" \/>\n<meta name=\"twitter:label1\" content=\"Escrit per\" \/>\n\t<meta name=\"twitter:data1\" content=\"Revista Inter\u00e8s Mutu\" \/>\n\t<meta name=\"twitter:label2\" content=\"Temps estimat de lectura\" \/>\n\t<meta name=\"twitter:data2\" content=\"7 minuts\" \/>\n<!-- \/ Yoast SEO plugin. -->","yoast_head_json":{"title":"El teu fill \u00e9s diab\u00e8tic? Qu\u00e8 has de saber sobre la diabetis Infantil - MGC M\u00fatua","robots":{"index":"index","follow":"follow","max-snippet":"max-snippet:-1","max-image-preview":"max-image-preview:large","max-video-preview":"max-video-preview:-1"},"canonical":"https:\/\/www.mgc.es\/ca\/blog\/el-teu-fill-es-diabetic-que-has-de-saber-sobre-la-diabetis-infantil\/","og_locale":"ca_ES","og_type":"article","og_title":"El teu fill \u00e9s diab\u00e8tic? Qu\u00e8 has de saber sobre la diabetis Infantil - MGC M\u00fatua","og_description":"Qu\u00e8 \u00e9s la diabetis La diabetis de tipus 1, o insulinodependent, \u00e9s la forma prevalent de malaltia diab\u00e8tica en els infants. S\u2019origina per la incapacitat del p\u00e0ncrees de secretar prou quantitat d\u2019insulina, que \u00e9s una hormona que regula el metabolisme de la glucosa a la sang. La causa de la diabetis encara \u00e9s desconeguda, per\u00f2 [&hellip;]","og_url":"https:\/\/www.mgc.es\/ca\/blog\/el-teu-fill-es-diabetic-que-has-de-saber-sobre-la-diabetis-infantil\/","og_site_name":"MGC M\u00fatua","article_publisher":"https:\/\/www.facebook.com\/mgcmutua","article_published_time":"2024-07-25T10:58:19+00:00","og_image":[{"width":800,"height":533,"url":"https:\/\/www.mgc.es\/wp-content\/uploads\/2024\/05\/medida-azucar-1.jpg","type":"image\/jpeg"}],"author":"Revista Inter\u00e8s Mutu","twitter_card":"summary_large_image","twitter_creator":"@mgcmutua","twitter_site":"@mgcmutua","twitter_misc":{"Escrit per":"Revista Inter\u00e8s Mutu","Temps estimat de lectura":"7 minuts"},"schema":{"@context":"https:\/\/schema.org","@graph":[{"@type":["Article","BlogPosting"],"@id":"https:\/\/www.mgc.es\/ca\/blog\/el-teu-fill-es-diabetic-que-has-de-saber-sobre-la-diabetis-infantil\/#article","isPartOf":{"@id":"https:\/\/www.mgc.es\/ca\/blog\/el-teu-fill-es-diabetic-que-has-de-saber-sobre-la-diabetis-infantil\/"},"author":{"name":"Revista Inter\u00e8s Mutu","@id":"https:\/\/www.mgc.es\/#\/schema\/person\/010c961d9c9acf38f11187a02b646c16"},"headline":"El teu fill \u00e9s diab\u00e8tic? Qu\u00e8 has de saber sobre la diabetis Infantil","datePublished":"2024-07-25T10:58:19+00:00","mainEntityOfPage":{"@id":"https:\/\/www.mgc.es\/ca\/blog\/el-teu-fill-es-diabetic-que-has-de-saber-sobre-la-diabetis-infantil\/"},"wordCount":1467,"publisher":{"@id":"https:\/\/www.mgc.es\/#organization"},"image":{"@id":"https:\/\/www.mgc.es\/ca\/blog\/el-teu-fill-es-diabetic-que-has-de-saber-sobre-la-diabetis-infantil\/#primaryimage"},"thumbnailUrl":"https:\/\/www.mgc.es\/wp-content\/uploads\/2024\/05\/medida-azucar-1.jpg","articleSection":["Familia i fills","Salut i medicina"],"inLanguage":"ca"},{"@type":["WebPage","ItemPage"],"@id":"https:\/\/www.mgc.es\/ca\/blog\/el-teu-fill-es-diabetic-que-has-de-saber-sobre-la-diabetis-infantil\/","url":"https:\/\/www.mgc.es\/ca\/blog\/el-teu-fill-es-diabetic-que-has-de-saber-sobre-la-diabetis-infantil\/","name":"El teu fill \u00e9s diab\u00e8tic? Qu\u00e8 has de saber sobre la diabetis Infantil - MGC M\u00fatua","isPartOf":{"@id":"https:\/\/www.mgc.es\/#website"},"primaryImageOfPage":{"@id":"https:\/\/www.mgc.es\/ca\/blog\/el-teu-fill-es-diabetic-que-has-de-saber-sobre-la-diabetis-infantil\/#primaryimage"},"image":{"@id":"https:\/\/www.mgc.es\/ca\/blog\/el-teu-fill-es-diabetic-que-has-de-saber-sobre-la-diabetis-infantil\/#primaryimage"},"thumbnailUrl":"https:\/\/www.mgc.es\/wp-content\/uploads\/2024\/05\/medida-azucar-1.jpg","datePublished":"2024-07-25T10:58:19+00:00","breadcrumb":{"@id":"https:\/\/www.mgc.es\/ca\/blog\/el-teu-fill-es-diabetic-que-has-de-saber-sobre-la-diabetis-infantil\/#breadcrumb"},"inLanguage":"ca","potentialAction":[{"@type":"ReadAction","target":["https:\/\/www.mgc.es\/ca\/blog\/el-teu-fill-es-diabetic-que-has-de-saber-sobre-la-diabetis-infantil\/"]}]},{"@type":"ImageObject","inLanguage":"ca","@id":"https:\/\/www.mgc.es\/ca\/blog\/el-teu-fill-es-diabetic-que-has-de-saber-sobre-la-diabetis-infantil\/#primaryimage","url":"https:\/\/www.mgc.es\/wp-content\/uploads\/2024\/05\/medida-azucar-1.jpg","contentUrl":"https:\/\/www.mgc.es\/wp-content\/uploads\/2024\/05\/medida-azucar-1.jpg","width":800,"height":533},{"@type":"BreadcrumbList","@id":"https:\/\/www.mgc.es\/ca\/blog\/el-teu-fill-es-diabetic-que-has-de-saber-sobre-la-diabetis-infantil\/#breadcrumb","itemListElement":[{"@type":"ListItem","position":1,"name":"Home","item":"https:\/\/www.mgc.es\/ca\/"},{"@type":"ListItem","position":2,"name":"El teu fill \u00e9s diab\u00e8tic? Qu\u00e8 has de saber sobre la diabetis Infantil"}]},{"@type":"WebSite","@id":"https:\/\/www.mgc.es\/#website","url":"https:\/\/www.mgc.es\/","name":"MGC M\u00fatua","description":"MGC M\u00fatua \u00e9s una entitat asseguradora sense \u00e0nim de lucre constitu\u00efda al 1982 i especialitzada en assegurances de salut i assist\u00e8ncia.","publisher":{"@id":"https:\/\/www.mgc.es\/#organization"},"alternateName":"MGC","potentialAction":[{"@type":"SearchAction","target":{"@type":"EntryPoint","urlTemplate":"https:\/\/www.mgc.es\/?s={search_term_string}"},"query-input":{"@type":"PropertyValueSpecification","valueRequired":true,"valueName":"search_term_string"}}],"inLanguage":"ca"},{"@type":"Organization","@id":"https:\/\/www.mgc.es\/#organization","name":"MGC Mutua","alternateName":"MGC","url":"https:\/\/www.mgc.es\/","logo":{"@type":"ImageObject","inLanguage":"ca","@id":"https:\/\/www.mgc.es\/#\/schema\/logo\/image\/","url":"https:\/\/www.mgc.es\/wp-content\/uploads\/2020\/03\/mgcmutua_h2_2t_reduccions.png","contentUrl":"https:\/\/www.mgc.es\/wp-content\/uploads\/2020\/03\/mgcmutua_h2_2t_reduccions.png","width":303,"height":165,"caption":"MGC Mutua"},"image":{"@id":"https:\/\/www.mgc.es\/#\/schema\/logo\/image\/"},"sameAs":["https:\/\/www.facebook.com\/mgcmutua","https:\/\/x.com\/mgcmutua","https:\/\/www.youtube.com\/c\/MGCMutua"]},{"@type":"Person","@id":"https:\/\/www.mgc.es\/#\/schema\/person\/010c961d9c9acf38f11187a02b646c16","name":"Revista Inter\u00e8s Mutu","image":{"@type":"ImageObject","inLanguage":"ca","@id":"https:\/\/secure.gravatar.com\/avatar\/52302d684339b9d7bf5691e2ad00835d62ce3b4a435f21ca9f21fbe39c63cb1b?s=96&d=mm&r=g","url":"https:\/\/secure.gravatar.com\/avatar\/52302d684339b9d7bf5691e2ad00835d62ce3b4a435f21ca9f21fbe39c63cb1b?s=96&d=mm&r=g","contentUrl":"https:\/\/secure.gravatar.com\/avatar\/52302d684339b9d7bf5691e2ad00835d62ce3b4a435f21ca9f21fbe39c63cb1b?s=96&d=mm&r=g","caption":"Revista Inter\u00e8s Mutu"}}]}},"_links":{"self":[{"href":"https:\/\/www.mgc.es\/ca\/wp-json\/wp\/v2\/posts\/32244","targetHints":{"allow":["GET"]}}],"collection":[{"href":"https:\/\/www.mgc.es\/ca\/wp-json\/wp\/v2\/posts"}],"about":[{"href":"https:\/\/www.mgc.es\/ca\/wp-json\/wp\/v2\/types\/post"}],"author":[{"embeddable":true,"href":"https:\/\/www.mgc.es\/ca\/wp-json\/wp\/v2\/users\/3"}],"replies":[{"embeddable":true,"href":"https:\/\/www.mgc.es\/ca\/wp-json\/wp\/v2\/comments?post=32244"}],"version-history":[{"count":1,"href":"https:\/\/www.mgc.es\/ca\/wp-json\/wp\/v2\/posts\/32244\/revisions"}],"predecessor-version":[{"id":32245,"href":"https:\/\/www.mgc.es\/ca\/wp-json\/wp\/v2\/posts\/32244\/revisions\/32245"}],"wp:featuredmedia":[{"embeddable":true,"href":"https:\/\/www.mgc.es\/ca\/wp-json\/wp\/v2\/media\/32240"}],"wp:attachment":[{"href":"https:\/\/www.mgc.es\/ca\/wp-json\/wp\/v2\/media?parent=32244"}],"wp:term":[{"taxonomy":"category","embeddable":true,"href":"https:\/\/www.mgc.es\/ca\/wp-json\/wp\/v2\/categories?post=32244"},{"taxonomy":"post_tag","embeddable":true,"href":"https:\/\/www.mgc.es\/ca\/wp-json\/wp\/v2\/tags?post=32244"}],"curies":[{"name":"wp","href":"https:\/\/api.w.org\/{rel}","templated":true}]}}