{"id":32234,"date":"2024-07-18T12:40:44","date_gmt":"2024-07-18T10:40:44","guid":{"rendered":"https:\/\/www.mgc.es\/?p=32234"},"modified":"2024-05-29T12:42:25","modified_gmt":"2024-05-29T10:42:25","slug":"que-en-sabeu-del-colic-del-lactant","status":"publish","type":"post","link":"https:\/\/www.mgc.es\/ca\/blog\/que-en-sabeu-del-colic-del-lactant\/","title":{"rendered":"Qu\u00e8 en sabeu del c\u00f2lic del lactant"},"content":{"rendered":"<div id=\"ez-toc-container\" class=\"ez-toc-v2_0_82_1 counter-hierarchy ez-toc-counter ez-toc-custom ez-toc-container-direction\">\n<div class=\"ez-toc-title-container\"><p class=\"ez-toc-title\" style=\"cursor:inherit\">\u00cdndex de continguts<\/p>\n<\/div><nav><ul class='ez-toc-list ez-toc-list-level-1 ' ><li class='ez-toc-page-1 ez-toc-heading-level-2'><a class=\"ez-toc-link ez-toc-heading-1\" href=\"https:\/\/www.mgc.es\/ca\/blog\/que-en-sabeu-del-colic-del-lactant\/#Per_quina_rao_es_produeixen_els_colics\" >Per quina ra\u00f3 es produeixen els c\u00f2lics<\/a><\/li><li class='ez-toc-page-1 ez-toc-heading-level-2'><a class=\"ez-toc-link ez-toc-heading-2\" href=\"https:\/\/www.mgc.es\/ca\/blog\/que-en-sabeu-del-colic-del-lactant\/#Com_podeu_saber_si_el_vostre_fill_te_cap_colic\" >Com podeu saber si el vostre fill t\u00e9 cap c\u00f2lic<\/a><\/li><li class='ez-toc-page-1 ez-toc-heading-level-2'><a class=\"ez-toc-link ez-toc-heading-3\" href=\"https:\/\/www.mgc.es\/ca\/blog\/que-en-sabeu-del-colic-del-lactant\/#La_dieta_pot_fer_empitjorar_el_colic\" >La dieta pot fer empitjorar el c\u00f2lic<\/a><\/li><li class='ez-toc-page-1 ez-toc-heading-level-2'><a class=\"ez-toc-link ez-toc-heading-4\" href=\"https:\/\/www.mgc.es\/ca\/blog\/que-en-sabeu-del-colic-del-lactant\/#Que_pots_fer_per_ajudar_el_teu_fill\" >Qu\u00e8 pots fer per ajudar el teu fill<\/a><\/li><li class='ez-toc-page-1 ez-toc-heading-level-2'><a class=\"ez-toc-link ez-toc-heading-5\" href=\"https:\/\/www.mgc.es\/ca\/blog\/que-en-sabeu-del-colic-del-lactant\/#Tambe_pot_anar_be\" >Tamb\u00e9 pot anar b\u00e9:<\/a><\/li><li class='ez-toc-page-1 ez-toc-heading-level-2'><a class=\"ez-toc-link ez-toc-heading-6\" href=\"https:\/\/www.mgc.es\/ca\/blog\/que-en-sabeu-del-colic-del-lactant\/#El_nostre_fill_te_un_colic_Que_hem_de_fer\" >El nostre fill t\u00e9 un c\u00f2lic. Qu\u00e8 hem de fer<\/a><\/li><\/ul><\/nav><\/div>\n\n<figure class=\"wp-block-image size-full\"><img loading=\"lazy\" decoding=\"async\" width=\"800\" height=\"532\" src=\"https:\/\/www.mgc.es\/wp-content\/uploads\/2024\/05\/bebe-llorando.jpg\" alt=\"\" class=\"wp-image-32230\" srcset=\"https:\/\/www.mgc.es\/wp-content\/uploads\/2024\/05\/bebe-llorando.jpg 800w, https:\/\/www.mgc.es\/wp-content\/uploads\/2024\/05\/bebe-llorando-440x293.jpg 440w, https:\/\/www.mgc.es\/wp-content\/uploads\/2024\/05\/bebe-llorando-768x511.jpg 768w\" sizes=\"auto, (max-width: 800px) 100vw, 800px\" \/><\/figure>\n\n\n\n<h2 class=\"wp-block-heading\"><span class=\"ez-toc-section\" id=\"Per_quina_rao_es_produeixen_els_colics\"><\/span><strong>Per quina ra\u00f3 es produeixen els c\u00f2lics<\/strong><strong><\/strong><span class=\"ez-toc-section-end\"><\/span><\/h2>\n\n\n\n<p>Els metges no saben amb certesa qu\u00e8 \u00e9s un <a href=\"https:\/\/enfamilia.aeped.es\/edades-etapas\/colicos-lactante\">c\u00f2lic<\/a> o qu\u00e8 l\u2019origina. Hi ha diverses teories, per\u00f2 els especialistes no es posen d\u2019acord a identificar-ne una \u00fanica causa ni han decidit quin \u00e9s el tractament m\u00e9s efectiu.<\/p>\n\n\n\n<p>La teoria amb m\u00e9s acceptaci\u00f3 \u00e9s que es tracta d\u2019una s\u00edndrome amb un conjunt de trastorns. Segons algunes hip\u00f2tesis, els intestins dels infants treballen massa i aix\u00f2 fa que tinguin cargolaments de ventre. Tanmateix, hi ha experts que opinen en sentit contrari: els moviments dels intestins s\u00f3n en realitat tan lents que l\u2019aire s\u2019acumula als intestins fins a dilatar-los i, com a resultat, fan mal.<\/p>\n\n\n\n<p>Altres metges pensen que el c\u00f2lic t\u00e9 relaci\u00f3 amb el fet que les criatures mengen m\u00e9s del compte, amb excessiva rapidesa o que s\u2019empassen massa aire i no roten.<\/p>\n\n\n\n<p>De tota manera, tamb\u00e9 hi podria haver certa connexi\u00f3 entre els c\u00f2lics dels lactants i la pres\u00e8ncia de llet de vaca en la dieta de les dones que alleten. Entre el 10 i el 15 % dels nens petits t\u00e9 c\u00f2lics.<\/p>\n\n\n\n<h2 class=\"wp-block-heading\"><span class=\"ez-toc-section\" id=\"Com_podeu_saber_si_el_vostre_fill_te_cap_colic\"><\/span><strong>Com podeu saber si el vostre fill t\u00e9 cap c\u00f2lic<\/strong><span class=\"ez-toc-section-end\"><\/span><\/h2>\n\n\n\n<p>Entre els s\u00edmptomes dels c\u00f2lics trobem:<\/p>\n\n\n\n<ul class=\"wp-block-list\">\n<li>Els c\u00f2lics poden apar\u00e8ixer entre dues i quatre setmanes despr\u00e9s de l\u2019infantament i solen desapar\u00e8ixer quan la criatura arriba als tres mesos d\u2019edat.<\/li>\n\n\n\n<li>El nad\u00f3, en general, plora molt, sovint dues o tres hores seguides, i costa calmar-lo. Crida for\u00e7a, si fa no fa a la mateixa hora i normalment una o dues vegades al dia.<\/li>\n\n\n\n<li>El nad\u00f3 estira i encongeix les cames i estreny els punys.<\/li>\n\n\n\n<li>Hi ha nadons que fan molt soroll quan expulsen gasos de l\u2019est\u00f3mac.<\/li>\n<\/ul>\n\n\n\n<p>De tota manera, el c\u00f2lic no \u00e9s sempre l\u2019\u00fanica causa de malestar de la criatura. Si un nen plora gaire sovint i no el podem consolar, potser hi ha altres raons m\u00e9s greus per aquest desfici, de manera que sempre val m\u00e9s consultar-ho amb el metge i no concloure abans d\u2019hora que l\u2019infant t\u00e9 un c\u00f2lic. Altres malalties, com ara el <a href=\"https:\/\/medlineplus.gov\/spanish\/ency\/article\/000985.htm\">v\u00f2lvul<\/a> (quan es recargola un segment de l\u2019intest\u00ed), la torsi\u00f3 d\u2019un testicle o qualsevol altre dolor tamb\u00e9 poden ocasionar el plor incontrolat del nad\u00f3. En cas de dubte, cal consultar-ho de seguida amb el pediatra.<\/p>\n\n\n\n<h2 class=\"wp-block-heading\"><span class=\"ez-toc-section\" id=\"La_dieta_pot_fer_empitjorar_el_colic\"><\/span><strong>La dieta pot fer empitjorar el c\u00f2lic<\/strong><span class=\"ez-toc-section-end\"><\/span><\/h2>\n\n\n\n<p>Hi ha metges que pensen que els aliments que fan augmentar el gas intestinal, consumits per la mare durant el per\u00edode d\u2019alletament, poden afavorir els c\u00f2lics o empitjorar-los.<\/p>\n\n\n\n<p>Els aliments i les begudes que t\u00edpicament produeixen m\u00e9s gasos s\u00f3n:<\/p>\n\n\n\n<ul class=\"wp-block-list\">\n<li>El suc de taronja<\/li>\n\n\n\n<li>La verdura, especialment les cebes i la col<\/li>\n\n\n\n<li>La fruita, sobretot les pomes i les prunes<\/li>\n\n\n\n<li>El menjar picant<\/li>\n\n\n\n<li>Aliments que contenen cafe\u00efna, com ara la xocolata, el caf\u00e8 i el te<\/li>\n<\/ul>\n\n\n\n<p>Cal observar amb atenci\u00f3 com reaccionen els infants amb cada classe de menjar i, aix\u00ed, potser esbrinarem quins aliments els propicien els c\u00f2lics. Val m\u00e9s deixar passar un parell de dies entre cada canvi de dieta per fer-se una idea exacta de qu\u00e8 \u00e9s millor o pitjor per al nen.<\/p>\n\n\n\n<figure class=\"wp-block-image size-full\"><img loading=\"lazy\" decoding=\"async\" width=\"800\" height=\"531\" src=\"https:\/\/www.mgc.es\/wp-content\/uploads\/2024\/05\/madre-y-bebe2.jpg\" alt=\"\" class=\"wp-image-32232\" srcset=\"https:\/\/www.mgc.es\/wp-content\/uploads\/2024\/05\/madre-y-bebe2.jpg 800w, https:\/\/www.mgc.es\/wp-content\/uploads\/2024\/05\/madre-y-bebe2-440x292.jpg 440w, https:\/\/www.mgc.es\/wp-content\/uploads\/2024\/05\/madre-y-bebe2-768x510.jpg 768w\" sizes=\"auto, (max-width: 800px) 100vw, 800px\" \/><\/figure>\n\n\n\n<h2 class=\"wp-block-heading\"><span class=\"ez-toc-section\" id=\"Que_pots_fer_per_ajudar_el_teu_fill\"><\/span><strong>Qu\u00e8 pots fer per ajudar el teu fill<\/strong><span class=\"ez-toc-section-end\"><\/span><\/h2>\n\n\n\n<p>Com que ning\u00fa sap ben b\u00e9 qu\u00e8 \u00e9s aquesta malaltia dels nadons, no hi ha cap consell infal\u00b7lible, tot i que els pares poden provar certes coses \u00fatils com ara:<\/p>\n\n\n\n<ul class=\"wp-block-list\">\n<li>Gronxar-los al bressol o a la falda; molts infants amb c\u00f2lics es calmen d\u2019aquesta manera.<\/li>\n\n\n\n<li>Dur-los a collib\u00e8 dins una motxilla portanadons arran de pit. L\u2019escalfor corporal dels pares i el moviment poden ajudar les criatures a estar m\u00e9s c\u00f2modes.<\/li>\n\n\n\n<li>Embolcallar-los amb una manta o abra\u00e7ar-los fort; hi ha nens que hi troben consol.<\/li>\n\n\n\n<li>En certs casos va b\u00e9 de fer-los massatges suaus a la panxa. Els massatges haurien de ser circulars, movent la m\u00e0 d\u2019esquerra a dreta amb delicadesa, perqu\u00e8 \u00e9s el sentit dels moviments de l\u2019intest\u00ed gros en els infants. Aquesta t\u00e8cnica els calma el mal i els ajuda a eliminar amb m\u00e9s rapidesa els gasos.<\/li>\n\n\n\n<li>Hi ha pares que diuen que hi noten milloria quan duen els nadons a fer un tomb amb cotxe a la nit.<\/li>\n\n\n\n<li>De vegades, es poden calmar amb m\u00fasica o sons mon\u00f2tons. Hi pot contribuir cantar als nadons, la qual cosa, a m\u00e9s, t\u00e9 l\u2019efecte suplementari de tranquil\u00b7litzar els pares.<\/li>\n<\/ul>\n\n\n\n<h2 class=\"wp-block-heading\"><span class=\"ez-toc-section\" id=\"Tambe_pot_anar_be\"><\/span><strong>Tamb\u00e9 pot anar b\u00e9:<\/strong><span class=\"ez-toc-section-end\"><\/span><\/h2>\n\n\n\n<ul class=\"wp-block-list\">\n<li>Fer que el nen es begui la llet m\u00e9s lentament<\/li>\n\n\n\n<li>Fer que el nen eructi m\u00e9s sovint<\/li>\n\n\n\n<li>Asseure el nen amb l\u2019esquena recta mentre menja, si \u00e9s prou gran<\/li>\n\n\n\n<li>Si el nen pren llet en pols, provar-ho amb productes o marques diferents per veure si hi ha cap difer\u00e8ncia<\/li>\n<\/ul>\n\n\n\n<p>Hi ha diferents f\u00f3rmules de lact\u00e0ncia artificial per pal\u00b7liar els c\u00f2lics dels lactants. Es basen en hidrolitzats parcials de prote\u00efnes, que afavoreixen la digesti\u00f3, i amb continguts baixos en lactosa, per fer disminuir la fermentaci\u00f3 al c\u00f2lon. Aquests preparats poden substituir del tot les f\u00f3rmules tradicionals i fan millorar de manera notable els c\u00f2lics i la qualitat del son dels lactants. Cal tenir en compte, per\u00f2, que aquestes preparacions no haurien de substituir mai la llet materna.<\/p>\n\n\n\n<h2 class=\"wp-block-heading\"><span class=\"ez-toc-section\" id=\"El_nostre_fill_te_un_colic_Que_hem_de_fer\"><\/span><strong>El nostre fill t\u00e9 un c\u00f2lic. Qu\u00e8 hem de fer<\/strong><span class=\"ez-toc-section-end\"><\/span><\/h2>\n\n\n\n<p>Quan una criatura <a href=\"https:\/\/medlineplus.gov\/spanish\/ency\/patientinstructions\/000753.htm\">t\u00e9 un c\u00f2lic<\/a>, s\u2019altera la vida familiar. Els pares es trasbalsen i es neguitegen quan veuen que el nad\u00f3 plora durant hores i no s\u00f3n capa\u00e7os de consolar-lo.<\/p>\n\n\n\n<p>Per als pares novells, en especial, pot ser una experi\u00e8ncia for\u00e7a desagradable i els pot desil\u00b7lusionar una mica descobrir que el nad\u00f3 no els aporta la felicitat esperada. De la mateixa manera, els pares poden tenir certa recan\u00e7a per la situaci\u00f3 tot i que no s\u00f3n responsables del c\u00f2lic.<\/p>\n\n\n\n<p>Tanmateix, cal tenir present que el nen t\u00e9 salut i que, ben probablement, superar\u00e0 aquesta fase dels c\u00f2lics d\u2019aqu\u00ed uns quants mesos. Els c\u00f2lics no afecten el desenvolupament dels infants, i, de fet, fins i tot poden tenir certs beneficis, perqu\u00e8 les criatures amb c\u00f2lics solen estar m\u00e9s estimulades.<\/p>\n\n\n\n<p>Els pares tamb\u00e9 haurien de mirar per ells durant els per\u00edodes dif\u00edcils. Potser s\u2019han d\u2019organitzar torns, de manera que l\u2019un pugui reposar mentre l\u2019altre s\u2019ha d\u2019estar despert, o, fins i tot, demanar la col\u00b7laboraci\u00f3 d\u2019amics o familiars com a refor\u00e7. \u00c9s preferible reclamar ajut, tant com convingui, que no pas acabar extenuats en una etapa tan delicada del desenvolupament del nen.<\/p>\n\n\n\n<p>Tamb\u00e9 pot ser \u00fatil de parlar-ne amb altres pares que hagin passat per la mateixa situaci\u00f3 i contrastar-hi les experi\u00e8ncies. Si no es coneix ning\u00fa, potser es pot demanar al metge que faciliti el contacte amb altres persones que s\u2019hagin trobat amb el mateix problema.<\/p>\n\n\n\n<p>Cal recordar sempre que els c\u00f2lics s\u00f3n temporals.<\/p>\n\n\n\n<p>Bibliografia<\/p>\n\n\n\n<figure class=\"wp-block-embed\"><div class=\"wp-block-embed__wrapper\">\nhttps:\/\/www.cun.es\/chequeos-salud\/infancia\/colico-lactante\n<\/div><\/figure>\n\n\n\n<figure class=\"wp-block-embed\"><div class=\"wp-block-embed__wrapper\">\nhttps:\/\/www.healthychildren.org\/Spanish\/health-issues\/conditions\/abdominal\/Paginas\/abdominal-pains-in-infants.aspx?gad_source=1&#038;gclid=CjwKCAjwwr6wBhBcEiwAfMEQs45SSJG5h9AmdKdWvMN2D6hidfc0PFCqg5N8eBNx5s1nqfIC4CjXtRoCLYEQAvD_BwE\n<\/div><\/figure>\n","protected":false},"excerpt":{"rendered":"<p>Per quina ra\u00f3 es produeixen els c\u00f2lics Els metges no saben amb certesa qu\u00e8 \u00e9s un c\u00f2lic o qu\u00e8 l\u2019origina. Hi ha diverses teories, per\u00f2 els especialistes no es posen d\u2019acord a identificar-ne una \u00fanica causa ni han decidit quin \u00e9s el tractament m\u00e9s efectiu. La teoria amb m\u00e9s acceptaci\u00f3 \u00e9s que es tracta d\u2019una [&hellip;]<\/p>\n","protected":false},"author":3,"featured_media":32230,"comment_status":"closed","ping_status":"closed","sticky":false,"template":"","format":"standard","meta":{"footnotes":""},"categories":[669,15],"tags":[],"class_list":["post-32234","post","type-post","status-publish","format-standard","has-post-thumbnail","hentry","category-fills","category-salut"],"featured_image_src":"https:\/\/www.mgc.es\/wp-content\/uploads\/2024\/05\/bebe-llorando.jpg","author_info":{"display_name":"Revista Inter\u00e8s Mutu","author_link":"https:\/\/www.mgc.es\/ca\/blog\/author\/interesmutu\/"},"yoast_head":"<!-- This site is optimized with the Yoast SEO plugin v27.2 - https:\/\/yoast.com\/product\/yoast-seo-wordpress\/ -->\n<title>Qu\u00e8 en sabeu del c\u00f2lic del lactant - MGC M\u00fatua<\/title>\n<meta name=\"robots\" content=\"index, follow, max-snippet:-1, max-image-preview:large, max-video-preview:-1\" \/>\n<link rel=\"canonical\" href=\"https:\/\/www.mgc.es\/ca\/blog\/que-en-sabeu-del-colic-del-lactant\/\" \/>\n<meta property=\"og:locale\" content=\"ca_ES\" \/>\n<meta property=\"og:type\" content=\"article\" \/>\n<meta property=\"og:title\" content=\"Qu\u00e8 en sabeu del c\u00f2lic del lactant - MGC M\u00fatua\" \/>\n<meta property=\"og:description\" content=\"Per quina ra\u00f3 es produeixen els c\u00f2lics Els metges no saben amb certesa qu\u00e8 \u00e9s un c\u00f2lic o qu\u00e8 l\u2019origina. Hi ha diverses teories, per\u00f2 els especialistes no es posen d\u2019acord a identificar-ne una \u00fanica causa ni han decidit quin \u00e9s el tractament m\u00e9s efectiu. La teoria amb m\u00e9s acceptaci\u00f3 \u00e9s que es tracta d\u2019una [&hellip;]\" \/>\n<meta property=\"og:url\" content=\"https:\/\/www.mgc.es\/ca\/blog\/que-en-sabeu-del-colic-del-lactant\/\" \/>\n<meta property=\"og:site_name\" content=\"MGC M\u00fatua\" \/>\n<meta property=\"article:publisher\" content=\"https:\/\/www.facebook.com\/mgcmutua\" \/>\n<meta property=\"article:published_time\" content=\"2024-07-18T10:40:44+00:00\" \/>\n<meta property=\"og:image\" content=\"https:\/\/www.mgc.es\/wp-content\/uploads\/2024\/05\/bebe-llorando.jpg\" \/>\n\t<meta property=\"og:image:width\" content=\"800\" \/>\n\t<meta property=\"og:image:height\" content=\"532\" \/>\n\t<meta property=\"og:image:type\" content=\"image\/jpeg\" \/>\n<meta name=\"author\" content=\"Revista Inter\u00e8s Mutu\" \/>\n<meta name=\"twitter:card\" content=\"summary_large_image\" \/>\n<meta name=\"twitter:creator\" content=\"@mgcmutua\" \/>\n<meta name=\"twitter:site\" content=\"@mgcmutua\" \/>\n<meta name=\"twitter:label1\" content=\"Escrit per\" \/>\n\t<meta name=\"twitter:data1\" content=\"Revista Inter\u00e8s Mutu\" \/>\n\t<meta name=\"twitter:label2\" content=\"Temps estimat de lectura\" \/>\n\t<meta name=\"twitter:data2\" content=\"6 minuts\" \/>\n<!-- \/ Yoast SEO plugin. -->","yoast_head_json":{"title":"Qu\u00e8 en sabeu del c\u00f2lic del lactant - MGC M\u00fatua","robots":{"index":"index","follow":"follow","max-snippet":"max-snippet:-1","max-image-preview":"max-image-preview:large","max-video-preview":"max-video-preview:-1"},"canonical":"https:\/\/www.mgc.es\/ca\/blog\/que-en-sabeu-del-colic-del-lactant\/","og_locale":"ca_ES","og_type":"article","og_title":"Qu\u00e8 en sabeu del c\u00f2lic del lactant - MGC M\u00fatua","og_description":"Per quina ra\u00f3 es produeixen els c\u00f2lics Els metges no saben amb certesa qu\u00e8 \u00e9s un c\u00f2lic o qu\u00e8 l\u2019origina. Hi ha diverses teories, per\u00f2 els especialistes no es posen d\u2019acord a identificar-ne una \u00fanica causa ni han decidit quin \u00e9s el tractament m\u00e9s efectiu. La teoria amb m\u00e9s acceptaci\u00f3 \u00e9s que es tracta d\u2019una [&hellip;]","og_url":"https:\/\/www.mgc.es\/ca\/blog\/que-en-sabeu-del-colic-del-lactant\/","og_site_name":"MGC M\u00fatua","article_publisher":"https:\/\/www.facebook.com\/mgcmutua","article_published_time":"2024-07-18T10:40:44+00:00","og_image":[{"width":800,"height":532,"url":"https:\/\/www.mgc.es\/wp-content\/uploads\/2024\/05\/bebe-llorando.jpg","type":"image\/jpeg"}],"author":"Revista Inter\u00e8s Mutu","twitter_card":"summary_large_image","twitter_creator":"@mgcmutua","twitter_site":"@mgcmutua","twitter_misc":{"Escrit per":"Revista Inter\u00e8s Mutu","Temps estimat de lectura":"6 minuts"},"schema":{"@context":"https:\/\/schema.org","@graph":[{"@type":["Article","BlogPosting"],"@id":"https:\/\/www.mgc.es\/ca\/blog\/que-en-sabeu-del-colic-del-lactant\/#article","isPartOf":{"@id":"https:\/\/www.mgc.es\/ca\/blog\/que-en-sabeu-del-colic-del-lactant\/"},"author":{"name":"Revista Inter\u00e8s Mutu","@id":"https:\/\/www.mgc.es\/#\/schema\/person\/010c961d9c9acf38f11187a02b646c16"},"headline":"Qu\u00e8 en sabeu del c\u00f2lic del lactant","datePublished":"2024-07-18T10:40:44+00:00","mainEntityOfPage":{"@id":"https:\/\/www.mgc.es\/ca\/blog\/que-en-sabeu-del-colic-del-lactant\/"},"wordCount":1232,"publisher":{"@id":"https:\/\/www.mgc.es\/#organization"},"image":{"@id":"https:\/\/www.mgc.es\/ca\/blog\/que-en-sabeu-del-colic-del-lactant\/#primaryimage"},"thumbnailUrl":"https:\/\/www.mgc.es\/wp-content\/uploads\/2024\/05\/bebe-llorando.jpg","articleSection":["Familia i fills","Salut i medicina"],"inLanguage":"ca"},{"@type":["WebPage","ItemPage"],"@id":"https:\/\/www.mgc.es\/ca\/blog\/que-en-sabeu-del-colic-del-lactant\/","url":"https:\/\/www.mgc.es\/ca\/blog\/que-en-sabeu-del-colic-del-lactant\/","name":"Qu\u00e8 en sabeu del c\u00f2lic del lactant - MGC M\u00fatua","isPartOf":{"@id":"https:\/\/www.mgc.es\/#website"},"primaryImageOfPage":{"@id":"https:\/\/www.mgc.es\/ca\/blog\/que-en-sabeu-del-colic-del-lactant\/#primaryimage"},"image":{"@id":"https:\/\/www.mgc.es\/ca\/blog\/que-en-sabeu-del-colic-del-lactant\/#primaryimage"},"thumbnailUrl":"https:\/\/www.mgc.es\/wp-content\/uploads\/2024\/05\/bebe-llorando.jpg","datePublished":"2024-07-18T10:40:44+00:00","breadcrumb":{"@id":"https:\/\/www.mgc.es\/ca\/blog\/que-en-sabeu-del-colic-del-lactant\/#breadcrumb"},"inLanguage":"ca","potentialAction":[{"@type":"ReadAction","target":["https:\/\/www.mgc.es\/ca\/blog\/que-en-sabeu-del-colic-del-lactant\/"]}]},{"@type":"ImageObject","inLanguage":"ca","@id":"https:\/\/www.mgc.es\/ca\/blog\/que-en-sabeu-del-colic-del-lactant\/#primaryimage","url":"https:\/\/www.mgc.es\/wp-content\/uploads\/2024\/05\/bebe-llorando.jpg","contentUrl":"https:\/\/www.mgc.es\/wp-content\/uploads\/2024\/05\/bebe-llorando.jpg","width":800,"height":532},{"@type":"BreadcrumbList","@id":"https:\/\/www.mgc.es\/ca\/blog\/que-en-sabeu-del-colic-del-lactant\/#breadcrumb","itemListElement":[{"@type":"ListItem","position":1,"name":"Home","item":"https:\/\/www.mgc.es\/ca\/"},{"@type":"ListItem","position":2,"name":"Qu\u00e8 en sabeu del c\u00f2lic del lactant"}]},{"@type":"WebSite","@id":"https:\/\/www.mgc.es\/#website","url":"https:\/\/www.mgc.es\/","name":"MGC M\u00fatua","description":"MGC M\u00fatua \u00e9s una entitat asseguradora sense \u00e0nim de lucre constitu\u00efda al 1982 i especialitzada en assegurances de salut i assist\u00e8ncia.","publisher":{"@id":"https:\/\/www.mgc.es\/#organization"},"alternateName":"MGC","potentialAction":[{"@type":"SearchAction","target":{"@type":"EntryPoint","urlTemplate":"https:\/\/www.mgc.es\/?s={search_term_string}"},"query-input":{"@type":"PropertyValueSpecification","valueRequired":true,"valueName":"search_term_string"}}],"inLanguage":"ca"},{"@type":"Organization","@id":"https:\/\/www.mgc.es\/#organization","name":"MGC Mutua","alternateName":"MGC","url":"https:\/\/www.mgc.es\/","logo":{"@type":"ImageObject","inLanguage":"ca","@id":"https:\/\/www.mgc.es\/#\/schema\/logo\/image\/","url":"https:\/\/www.mgc.es\/wp-content\/uploads\/2020\/03\/mgcmutua_h2_2t_reduccions.png","contentUrl":"https:\/\/www.mgc.es\/wp-content\/uploads\/2020\/03\/mgcmutua_h2_2t_reduccions.png","width":303,"height":165,"caption":"MGC Mutua"},"image":{"@id":"https:\/\/www.mgc.es\/#\/schema\/logo\/image\/"},"sameAs":["https:\/\/www.facebook.com\/mgcmutua","https:\/\/x.com\/mgcmutua","https:\/\/www.youtube.com\/c\/MGCMutua"]},{"@type":"Person","@id":"https:\/\/www.mgc.es\/#\/schema\/person\/010c961d9c9acf38f11187a02b646c16","name":"Revista Inter\u00e8s Mutu","image":{"@type":"ImageObject","inLanguage":"ca","@id":"https:\/\/secure.gravatar.com\/avatar\/52302d684339b9d7bf5691e2ad00835d62ce3b4a435f21ca9f21fbe39c63cb1b?s=96&d=mm&r=g","url":"https:\/\/secure.gravatar.com\/avatar\/52302d684339b9d7bf5691e2ad00835d62ce3b4a435f21ca9f21fbe39c63cb1b?s=96&d=mm&r=g","contentUrl":"https:\/\/secure.gravatar.com\/avatar\/52302d684339b9d7bf5691e2ad00835d62ce3b4a435f21ca9f21fbe39c63cb1b?s=96&d=mm&r=g","caption":"Revista Inter\u00e8s Mutu"}}]}},"_links":{"self":[{"href":"https:\/\/www.mgc.es\/ca\/wp-json\/wp\/v2\/posts\/32234","targetHints":{"allow":["GET"]}}],"collection":[{"href":"https:\/\/www.mgc.es\/ca\/wp-json\/wp\/v2\/posts"}],"about":[{"href":"https:\/\/www.mgc.es\/ca\/wp-json\/wp\/v2\/types\/post"}],"author":[{"embeddable":true,"href":"https:\/\/www.mgc.es\/ca\/wp-json\/wp\/v2\/users\/3"}],"replies":[{"embeddable":true,"href":"https:\/\/www.mgc.es\/ca\/wp-json\/wp\/v2\/comments?post=32234"}],"version-history":[{"count":1,"href":"https:\/\/www.mgc.es\/ca\/wp-json\/wp\/v2\/posts\/32234\/revisions"}],"predecessor-version":[{"id":32235,"href":"https:\/\/www.mgc.es\/ca\/wp-json\/wp\/v2\/posts\/32234\/revisions\/32235"}],"wp:featuredmedia":[{"embeddable":true,"href":"https:\/\/www.mgc.es\/ca\/wp-json\/wp\/v2\/media\/32230"}],"wp:attachment":[{"href":"https:\/\/www.mgc.es\/ca\/wp-json\/wp\/v2\/media?parent=32234"}],"wp:term":[{"taxonomy":"category","embeddable":true,"href":"https:\/\/www.mgc.es\/ca\/wp-json\/wp\/v2\/categories?post=32234"},{"taxonomy":"post_tag","embeddable":true,"href":"https:\/\/www.mgc.es\/ca\/wp-json\/wp\/v2\/tags?post=32234"}],"curies":[{"name":"wp","href":"https:\/\/api.w.org\/{rel}","templated":true}]}}