{"id":32031,"date":"2024-06-27T12:13:12","date_gmt":"2024-06-27T10:13:12","guid":{"rendered":"https:\/\/www.mgc.es\/?p=32031"},"modified":"2024-05-02T12:17:45","modified_gmt":"2024-05-02T10:17:45","slug":"infectologia-que-tracten-els-infectolegs-i-quina-funcio-fan","status":"publish","type":"post","link":"https:\/\/www.mgc.es\/ca\/blog\/infectologia-que-tracten-els-infectolegs-i-quina-funcio-fan\/","title":{"rendered":"Infectologia. Qu\u00e8 tracten els infect\u00f2legs i quina funci\u00f3 fan"},"content":{"rendered":"\n<figure class=\"wp-block-image size-full\"><img loading=\"lazy\" decoding=\"async\" width=\"800\" height=\"600\" src=\"https:\/\/www.mgc.es\/wp-content\/uploads\/2024\/05\/sida-celula2.jpg\" alt=\"\" class=\"wp-image-32032\" srcset=\"https:\/\/www.mgc.es\/wp-content\/uploads\/2024\/05\/sida-celula2.jpg 800w, https:\/\/www.mgc.es\/wp-content\/uploads\/2024\/05\/sida-celula2-440x330.jpg 440w, https:\/\/www.mgc.es\/wp-content\/uploads\/2024\/05\/sida-celula2-768x576.jpg 768w\" sizes=\"auto, (max-width: 800px) 100vw, 800px\" \/><\/figure>\n\n\n\n<p>La infectologia \u00e9s una especialitat m\u00e8dica que estudia i tracta les infeccions de tota mena, tant si s\u00f3n cr\u00f2niques com agudes, i que s\u00f3n conseq\u00fc\u00e8ncia de bacteris, virus, fongs i par\u00e0sits.<\/p>\n\n\n\n<p>A Espanya encara no existeix l\u2019especialitat reglada com a tal. Normalment, s\u00f3n els especialistes en medicina interna els qui tracten les infeccions, perqu\u00e8 \u00e9s un \u00e0rea eminentment cl\u00ednica.<\/p>\n\n\n\n<p><strong>Qu\u00e8 fans els infect\u00f2legs<\/strong><\/p>\n\n\n\n<p>B\u00e0sicament, amb l\u2019exploraci\u00f3 i les proves diagn\u00f2stiques corresponents, el metge diagnostica la classe d\u2019infecci\u00f3 que t\u00e9 el pacient i prescriu quin tractament \u00e9s m\u00e9s escaient per combatre-la.<\/p>\n\n\n\n<p>A fi de diagnosticar-la amb exactitud, l\u2019infect\u00f2leg pot raspar la zona malalta (si sospita que hi ha cap fong), prendre una mostra del teixit afectat o fer-ne un cultiu per estudiar-lo al microscopi, de manera que es pugui isolar i identificar l\u2019organisme causant de la infecci\u00f3. Tamb\u00e9 pot rec\u00f3rrer a proves d\u2019imatge, com ara la resson\u00e0ncia magn\u00e8tica o l\u2019esc\u00e0ner. L\u2019organisme identificat determinar\u00e0 com s\u2019ha d\u2019actuar posteriorment.<\/p>\n\n\n\n<p>En aquest article exposarem les diferents classes d\u2019infeccions i quines s\u00f3n m\u00e9s freq\u00fcents.<\/p>\n\n\n\n<p><strong>Classes de infeccions<\/strong><\/p>\n\n\n\n<p>Podem dividir les infeccions en quatre grups: infeccions bacterianes, infeccions v\u00edriques, infeccions f\u00fangiques (\u00e9s a dir, causades per fongs) i les infeccions per par\u00e0sits.<\/p>\n\n\n\n<p><strong>Infeccions bacterianes<\/strong><\/p>\n\n\n\n<p>S\u00f3n les <a href=\"https:\/\/www.msdmanuals.com\/es-es\/hogar\/infecciones\/infecciones-bacterianas-introducci%C3%B3n\/introducci%C3%B3n-a-las-bacterias\">causades per bacteris<\/a>, que s\u00f3n organismes unicel\u00b7lulars, uns quants dels quals s\u00f3n beneficiosos per a l\u2019organisme, com ara els que viuen a l\u2019intest\u00ed i ajuden a fer la digesti\u00f3.<\/p>\n\n\n\n<p>Els bacteris s\u00f3n vulnerables als antibi\u00f2tics, \u00e9s a dir s\u2019eliminen quan es prenen aquesta mena de medicaments. Malgrat tot, l\u2019\u00fas indiscriminat (i tot sovint equivocat) d\u2019aquests f\u00e0rmacs ha fet apar\u00e8ixer noves soques de bacteris que hi s\u00f3n resistents, fins al punt de crear un problema m\u00e9s gros que encara no s\u2019ha resolt.<\/p>\n\n\n\n<p><strong>Infeccions v\u00edriques<\/strong><\/p>\n\n\n\n<p>S\u00f3n les <a href=\"https:\/\/www.msdmanuals.com\/es-es\/hogar\/breve-informaci%C3%B3n-infecciones\/introducci%C3%B3n-a-las-infecciones-virales\/introducci%C3%B3n-a-las-infecciones-virales#:~:text=como%20a%20animales.-,%C2%BFQu%C3%A9%20es%20una%20infecci%C3%B3n%20v%C3%ADrica%3F,enfermedad%20causada%20por%20un%20virus.&amp;text=Los%20virus%20generalmente%20infectan%20solo,la%20boca%20y%20la%20garganta.\">causades per virus<\/a>. Els virus no s\u00f3n organismes que puguin viure isolats, com passa amb els bacteris, sin\u00f3 que necessiten un amfitri\u00f3 o un hoste per establir-s\u2019hi i usurpar-ne l\u2019estructura a fi de reproduir-se.<\/p>\n\n\n\n<p>Els virus no s\u00f3n sensibles als antibi\u00f2tics i, en realitat, les infeccions que causen no tenen cura. Hi ha una classe de medicaments, els antivirals, que impedeixen la reproducci\u00f3 de virus a l\u2019organisme, dit altrament, n\u2019inhibeixen la proliferaci\u00f3 de c\u00f2pies.<\/p>\n\n\n\n<p><strong>Infeccions per fongs<\/strong><\/p>\n\n\n\n<p>Els fongs s\u00f3n un grup d\u2019organismes eucariotes que no pertanyen al regne animal ni al vegetal. Han de parasitar un hoste, perqu\u00e8 tots sols no poden sintetitzar els propis nutrients. Al cos hum\u00e0 hi ha habitualment una multitud de fongs que hi viuen sense fer cap mal, tot i que en certes condicions s\u00ed que poden causar infeccions.<\/p>\n\n\n\n<p>Les <a href=\"https:\/\/www.msdmanuals.com\/es-es\/hogar\/infecciones\/infecciones-por-hongos-infecciones-f%C3%BAngicas-micosis\/introducci%C3%B3n-a-las-infecciones-por-hongos\">infeccions per fongs<\/a> es tracten amb medicaments antif\u00fangics. Si la infecci\u00f3 es localitza a la pell, s\u2019aplica una pomada o una loci\u00f3 a la zona infectada. Quan la infecci\u00f3 \u00e9s m\u00e9s greu, hi ha disponibles medicaments antif\u00fangics per prendre via oral.<\/p>\n\n\n\n<p><strong>Infeccions per par\u00e0sits<\/strong><\/p>\n\n\n\n<p>Els par\u00e0sits s\u00f3n organismes que s\u2019estableixen en un altre organisme (hoste) i viuen dels recursos que n\u2019obtenen. El terme <em>par\u00e0sit<\/em> tamb\u00e9 \u00e9s v\u00e0lid per als causants de les altres classes d\u2019infeccions, tot i que cal entendre per par\u00e0sits els organismes unicel\u00b7lulars com ara les amebes, o m\u00e9s complexos, com ara els cucs, que s\u00f3n pluricel\u00b7lulars i tenen \u00f2rgans propis.<\/p>\n\n\n\n<p>Les <a href=\"https:\/\/www.msdmanuals.com\/es-es\/hogar\/infecciones\/infecciones-parasitarias-introducci%C3%B3n\/introducci%C3%B3n-a-las-infecciones-parasitarias\">infeccions per par\u00e0sits<\/a> s\u00f3n pr\u00f2pies de pa\u00efsos en desenvolupament, amb condicions sanit\u00e0ries deficients.<\/p>\n\n\n\n<p>Actualment es disposa de tractaments farmacol\u00f2gics per a la majoria de les infeccions causades per par\u00e0sits.<\/p>\n\n\n\n<p><strong>Malalties infeccioses m\u00e9s freq\u00fcents<\/strong><\/p>\n\n\n\n<p>Si parlem en termes globals, la infecci\u00f3 m\u00e9s comuna al m\u00f3n \u00e9s la mal\u00e0ria, o el paludisme, per infecci\u00f3 d\u2019un par\u00e0sit del g\u00e8nere <em>Plasmodium<\/em> que transmet el mosquit an\u00f2fel. La mal\u00e0ria mata gaireb\u00e9 mig mili\u00f3 de persones cada any, de les quals m\u00e9s de 240.000 s\u00f3n infants, i \u00e9s present quasi exclusivament en zones tropicals i subtropicals.<\/p>\n\n\n\n<p>Al nostre pa\u00eds, i principalment a Occident, les infeccions m\u00e9s freq\u00fcents s\u00f3n:<\/p>\n\n\n\n<figure class=\"wp-block-image size-full\"><img loading=\"lazy\" decoding=\"async\" width=\"800\" height=\"600\" src=\"https:\/\/www.mgc.es\/wp-content\/uploads\/2024\/05\/bacterias2.jpg\" alt=\"\" class=\"wp-image-32034\" srcset=\"https:\/\/www.mgc.es\/wp-content\/uploads\/2024\/05\/bacterias2.jpg 800w, https:\/\/www.mgc.es\/wp-content\/uploads\/2024\/05\/bacterias2-440x330.jpg 440w, https:\/\/www.mgc.es\/wp-content\/uploads\/2024\/05\/bacterias2-768x576.jpg 768w\" sizes=\"auto, (max-width: 800px) 100vw, 800px\" \/><figcaption class=\"wp-element-caption\">Cells.<\/figcaption><\/figure>\n\n\n\n<p><strong>Bronquitis aguda<\/strong><\/p>\n\n\n\n<p>\u00c9s una inflamaci\u00f3 de les vies respirat\u00f2ries a l\u2019interior dels pulmons. Tamb\u00e9 se\u2019n diu refredat de pit i pot ser d\u2019origen bacteri\u00e0, quan no se sol encomanar, o v\u00edric, que s\u00ed que pot ser contagi\u00f3s. Els s\u00edmptomes m\u00e9s habituals de la <a href=\"https:\/\/www.fesemi.org\/informacion-pacientes\/conozca-mejor-su-enfermedad\/bronquitis-cronica-y-aguda\">bronquitis<\/a> s\u00f3n:<\/p>\n\n\n\n<ul class=\"wp-block-list\">\n<li>Tos, productiva o no<\/li>\n\n\n\n<li>Mal al pit<\/li>\n\n\n\n<li>Fatiga<\/li>\n\n\n\n<li>Cefalees (mals de cap)<\/li>\n\n\n\n<li>Dolor al cos, com passa amb la grip i el mal de gola<\/li>\n<\/ul>\n\n\n\n<p>En general, els s\u00edmptomes desapareixen per si mateixos al cap d\u2019una setmana o deu dies. No hi ha cap tractament espec\u00edfic.<\/p>\n\n\n\n<p><strong>Refredat com\u00fa<\/strong><\/p>\n\n\n\n<p>El <a href=\"https:\/\/www.cun.es\/enfermedades-tratamientos\/cuidados-casa\/cuidados-catarro-comun\">refredat com\u00fa<\/a>, o cadarn, t\u00e9 origen v\u00edric i causa una inflamaci\u00f3 a l\u2019aparell respiratori, en concret a les vies a\u00e8ries superiors: gola, nas, sins nasals, orelles, tr\u00e0quea i laringe. S\u2019encomana amb facilitat.<\/p>\n\n\n\n<p>Els s\u00edmptomes del refredat s\u00f3n:<\/p>\n\n\n\n<ul class=\"wp-block-list\">\n<li>Congesti\u00f3 i fluix nasal, o rinorrea<\/li>\n\n\n\n<li>Esternuts<\/li>\n\n\n\n<li>Mal de gola<\/li>\n\n\n\n<li>Tos<\/li>\n\n\n\n<li>Mals de cap<\/li>\n<\/ul>\n\n\n\n<p>Com que es tracta d\u2019un virus, no hi ha cap tractament espec\u00edfic contra la infecci\u00f3. Es recomana fer rep\u00f2s, una bona hidrataci\u00f3 (beure for\u00e7a aigua) i pal\u00b7liar-ne els s\u00edmptomes amb analg\u00e8sics i, si escau, amb antipir\u00e8tics.<\/p>\n\n\n\n<p><strong>Infeccions a les orelles<\/strong><\/p>\n\n\n\n<p>Les poden causar tant els bacteris com els virus (els mateixos, en aquest cas, que el refredat com\u00fa). Els s\u00edmptomes inclouen:<\/p>\n\n\n\n<ul class=\"wp-block-list\">\n<li>Mal d\u2019orella<\/li>\n\n\n\n<li>Febre<\/li>\n\n\n\n<li>Inquietud<\/li>\n\n\n\n<li>Problemes per dormir<\/li>\n<\/ul>\n\n\n\n<p>Les infeccions per bacteris, en general a l\u2019<a href=\"https:\/\/www.mayoclinic.org\/es\/diseases-conditions\/ear-infections\/symptoms-causes\/syc-20351616\">orella mitjana<\/a>, es tracten amb antibi\u00f2tics, tot i que sovint no s\u00f3n necessaris perqu\u00e8 la infecci\u00f3 remet de manera espont\u00e0nia.<\/p>\n\n\n\n<p><strong>Grip<\/strong><\/p>\n\n\n\n<p>La <a href=\"https:\/\/www.cun.es\/enfermedades-tratamientos\/enfermedades\/gripe\">grip<\/a> \u00e9s una malaltia infecciosa causada per diferents classes (soques) de virus. El nom en varia segons els animals hostes: grip <a href=\"https:\/\/www.cun.es\/enfermedades-tratamientos\/enfermedades\/gripe\">avi\u00e0r<\/a>ia (aviram), <a href=\"https:\/\/www.woah.org\/es\/enfermedad\/gripe-porcina\/#:~:text=La%20influenza%20porcina%20es%20una,com%C3%BAn%3B%20tambi%C3%A9n%20puede%20producir%20abortos.\">porcina<\/a> (porcs), etc. S\u2019encomana amb facilitat entre els diferents exemplars, per\u00f2 no \u00e9s clar si els animals poden infectar cap \u00e9sser hum\u00e0.<\/p>\n\n\n\n<p>La grip anual es manifesta per brots o onades epid\u00e8miques, en especial al comen\u00e7ament de l\u2019hivern. Es molt contagiosa i t\u00e9 uns s\u00edmptomes semblants als del refredat, per b\u00e9 que amb el refredat no es t\u00e9 febre a difer\u00e8ncia de la grip. Els m\u00e9s habituals s\u00f3n:<\/p>\n\n\n\n<ul class=\"wp-block-list\">\n<li>Febre, per sobre de 38 \u00baC<\/li>\n\n\n\n<li>Mal de cap<\/li>\n\n\n\n<li>Malestar general, amb dolors generalitzats (a les articulacions)<\/li>\n<\/ul>\n\n\n\n<p>La infecci\u00f3 per grip pot ser molt greu i, si es tracta de persones amb immunodepressi\u00f3 o amb malalties cr\u00f2niques de base, pot arribar a causar la mort.<\/p>\n\n\n\n<p>Hi ha un vacc\u00ed que la sanitat p\u00fablica facilita gratu\u00eftament cada tardor.<\/p>\n\n\n\n<p>Com que \u00e9s una infecci\u00f3 v\u00edrica, no t\u00e9 cap tractament espec\u00edfic i, igual que passa amb el refredat com\u00fa, es recomana rep\u00f2s, una bona hidrataci\u00f3 i medicaments pal\u00b7liatius per al dolor i la febre.<\/p>\n\n\n\n<p><strong>Sinusitis<\/strong><\/p>\n\n\n\n<p>\u00c9s una inflamaci\u00f3 del teixit que recobreix l\u2019interior de les vies a\u00e8ries superiors, els sins nasals o paranasals. Els sins paranasals s\u00f3n cavitats situades darrere del front, el nas i les galtes. En condicions normals, s\u00f3n buits i l\u2019aire hi circula lliurement. La inflamaci\u00f3 tant la pot causar una infecci\u00f3 per bacteris com per virus o fongs.<\/p>\n\n\n\n<p>Els s\u00edmptomes habituals de la <a href=\"https:\/\/www.cun.es\/enfermedades-tratamientos\/enfermedades\/sinusitis\">sinusitis<\/a> s\u00f3n:<\/p>\n\n\n\n<ul class=\"wp-block-list\">\n<li>Febre<\/li>\n\n\n\n<li>Mal de cap i darrere els ulls<\/li>\n\n\n\n<li>Congesti\u00f3 i fluix nasal<\/li>\n\n\n\n<li>Mal de gola<\/li>\n\n\n\n<li>Al\u00e8 f\u00e8tid; problemes d\u2019olfacte<\/li>\n\n\n\n<li>Tos, exacerbada a la nit<\/li>\n<\/ul>\n\n\n\n<p>Normalment, la sinusitis aguda no necessita tractament i els s\u00edmptomes remeten al cap d\u2019una setmana o deu dies. La sinusitis cr\u00f2nica en manifesta els mateixos s\u00edmptomes, per\u00f2 m\u00e9s lleus i amb una durada superior als tres mesos.<\/p>\n\n\n\n<p><strong>Tuberculosi<\/strong><\/p>\n\n\n\n<p>La <a href=\"https:\/\/www.cun.es\/enfermedades-tratamientos\/enfermedades\/tuberculosis\">tuberculosi<\/a> \u00e9s una malaltia infecciosa dels pulmons, tot i que es pot estendre per la sang a altres \u00f2rgans del cos. A partir dels anys cinquanta en va disminuir la prevalen\u00e7a a Espanya, per\u00f2 no s\u2019acaba d\u2019erradicar. Hi ha noves soques resistents als antibi\u00f2tics.<\/p>\n\n\n\n<p>Els s\u00edmptomes habituals de la tuberculosi s\u00f3n:<\/p>\n\n\n\n<ul class=\"wp-block-list\">\n<li>Tos cr\u00f2nica, amb expectoraci\u00f3<\/li>\n\n\n\n<li>Fatiga<\/li>\n\n\n\n<li>Manca de gana<\/li>\n\n\n\n<li>P\u00e8rdua de pes<\/li>\n\n\n\n<li>Febre<\/li>\n\n\n\n<li>Suor nocturna<\/li>\n\n\n\n<li>Sang als esputs (en fases avan\u00e7ades)<\/li>\n<\/ul>\n\n\n\n<p>Per tractar la tuberculosi cal tres o quatre antibi\u00f2tics diferents, que s\u2019administren alhora durant uns quants mesos. No s\u2019ha de fer servir un \u00fanic f\u00e0rmac per prevenir l\u2019aparici\u00f3 de noves resist\u00e8ncies.<\/p>\n\n\n\n<p><strong>VIH<\/strong><\/p>\n\n\n\n<p>El virus de la immunodefici\u00e8ncia humana \u00e9s la causa de la sida, una malaltia que destrueix el sistema immunol\u00f2gic del pacient (s\u00edndrome d\u2019immunodefici\u00e8ncia adquirida) i el deixa a la merc\u00e8 de qualsevol infecci\u00f3. A la d\u00e8cada dels anys vuitanta, quan es va propagar, era inguarible i condemanava el pacient a la mort.<\/p>\n\n\n\n<p>Entre una i sis setmanes despr\u00e9s del contagi pot seguir un proc\u00e9s similar a la grip, per\u00f2 no pas en tots els casos. Al cap de deu o dotze setmanes d\u2019encomanar-se\u2019n, els gl\u00f2buls blancs dels malalts ja han produ\u00eft anticossos i es poden detectar a la sang: aleshores es diu que s\u00f3n seropositius per <a href=\"https:\/\/www.who.int\/es\/news-room\/fact-sheets\/detail\/hiv-aids\">VIH<\/a>.<\/p>\n\n\n\n<p>Per m\u00e9s que la sida trigui anys a manifestar-se, el virus va actuant sense parar a l\u2019organisme i la infecci\u00f3 avan\u00e7a destruint gl\u00f2buls blancs. La sida apareix quan se n\u2019ha redu\u00eft de manera significativa el nombre.<\/p>\n\n\n\n<p>Avui dia hi ha tractaments contra la sida, els antivirals, que no poden guarir la infecci\u00f3 per\u00f2 s\u00ed que en poden mitigar els s\u00edmptomes, de manera que el pacient pot fer vida normal pr\u00e0cticament.<\/p>\n\n\n\n<p><strong>Herpes z\u00f2ster<\/strong><\/p>\n\n\n\n<p>\u00c9s una erupci\u00f3 amb ves\u00edcules, dolorosa i causada pel virus de la varicel\u00b7la-z\u00f2ster. La varicel\u00b7la sol afectar nens de menys de 10 anys, per\u00f2 l\u2019<a href=\"https:\/\/www.cun.es\/enfermedades-tratamientos\/enfermedades\/herpes-zoster\">herpes z\u00f2ster<\/a> t\u00e9 una incid\u00e8ncia m\u00e9s alta en la poblaci\u00f3 adulta a partir dels 50 anys. Nom\u00e9s afecta els qui han passat la varicel\u00b7la, com a conseq\u00fc\u00e8ncia de la reactivaci\u00f3 del virus adormit. \u00c9s una malaltia que ataca un segment nervi\u00f3s (una part del cos innervada pel mateix nervi).<\/p>\n\n\n\n<p>El primer s\u00edmptoma acostuma a ser una sensaci\u00f3 de cremor a les vies nervioses, acompanyat, de vegades, d\u2019una febre lleu. Tot seguit la pell envermelleix i el dolor augmenta progressivament. Surten ves\u00edcules (butllofes) amb un contingut grog\u00f3s gaireb\u00e9 sempre situades en un \u00fanic costat de la cara o del cos.<\/p>\n\n\n\n<p>Normalment arriba al punt \u00e0lgid al cap de tres o cinc dies, quan les butllofes es comencen a assecar i s\u2019hi formen crostes. Aleshores sol fer molt mal.<\/p>\n\n\n\n<p>El tractament de l\u2019herpes z\u00f2ster es fa amb analg\u00e8sics, per calmar el dolor, i amb antivirals, per reduir al m\u00e0xim l\u2019activitat del virus.<\/p>\n\n\n\n<p><strong>Hepatitis<\/strong><\/p>\n\n\n\n<p>L\u2019<a href=\"https:\/\/www.cun.es\/enfermedades-tratamientos\/enfermedades\/hepatitis-virales\">hepatitis<\/a> es caracteritza per destruir una quantitat variable de c\u00e8l\u00b7lules del fetge i per la pres\u00e8ncia de c\u00e8l\u00b7lules inflamat\u00f2ries al teixit hep\u00e0tic. Pot ser conseq\u00fc\u00e8ncia de malalties que ataquen espec\u00edficament les c\u00e8l\u00b7lules o de malalties m\u00e9s generalitzades, com ara la <a href=\"https:\/\/www.mayoclinic.org\/es\/diseases-conditions\/mononucleosis\/symptoms-causes\/syc-20350328\">mononucleosi infecciosa<\/a>.<\/p>\n\n\n\n<p>S\u2019han descrit cinc classes d\u2019hepatitis: A, B, C, D (\u00fanicament es dona en pacients infectats per l\u2019hepatitis B) i E. Tenim vaccins per a les de les categories A i B, tots dos inclosos en el calendari oficial de vaccinaci\u00f3 a Espanya; en canvi, no disposem de vaccins contra les hepatitis C i E, actualment en curs de desenvolupament.<\/p>\n\n\n\n<p>En fases primerenques, els s\u00edmptomes habituals s\u00f3n:<\/p>\n\n\n\n<ul class=\"wp-block-list\">\n<li>Cansament, malestar general i una mica de febre<\/li>\n\n\n\n<li>Basques i p\u00e8rdua de gana<\/li>\n\n\n\n<li>Mol\u00e8sties al costat dret per la inflamaci\u00f3 del fetge<\/li>\n\n\n\n<li>Dolors musculars i articulars<\/li>\n<\/ul>\n\n\n\n<p>En la fase ict\u00e8rica:<\/p>\n\n\n\n<ul class=\"wp-block-list\">\n<li>Color grog\u00f3s del blanc dels ulls, la pell i les membranes mucoses<\/li>\n\n\n\n<li>Orina fosca<\/li>\n\n\n\n<li>Femta clara<\/li>\n<\/ul>\n\n\n\n<p>Durant el per\u00edode de convalesc\u00e8ncia, despr\u00e9s de superar la fase ict\u00e8rica, persisteix el cansament. En un petit percentatge de pacients amb hepatitis A es produeix una recaiguda, normalment lleu.<\/p>\n\n\n\n<p>Les hepatitis es tracten amb diversos medicaments, com ara l\u2019interfer\u00f3 i la ribavirina, i amb glucocorticoides, sols o combinats amb immunosupressors.<\/p>\n\n\n\n<p>Bibliografia<\/p>\n\n\n\n<figure class=\"wp-block-embed\"><div class=\"wp-block-embed__wrapper\">\nhttps:\/\/www.seipweb.es\n<\/div><\/figure>\n\n\n\n<figure class=\"wp-block-embed\"><div class=\"wp-block-embed__wrapper\">\nhttps:\/\/www.elsevier.es\/es-revista-revista-medica-clinica-las-condes-202-articulo-infecciones-por-parasitos-mas-frecuentes-S0716864014700653\n<\/div><\/figure>\n\n\n\n<figure class=\"wp-block-embed\"><div class=\"wp-block-embed__wrapper\">\nhttps:\/\/www.msdmanuals.com\/es-es\/hogar\/infecciones\/introducci%C3%B3n-a-las-infecciones-virales\/introducci%C3%B3n-a-las-infecciones-virales\n<\/div><\/figure>\n\n\n\n<figure class=\"wp-block-embed\"><div class=\"wp-block-embed__wrapper\">\nhttps:\/\/www.msdmanuals.com\/es-es\/hogar\/infecciones\/infecciones-bacterianas-introducci%C3%B3n\/introducci%C3%B3n-a-las-bacterias\n<\/div><\/figure>\n","protected":false},"excerpt":{"rendered":"<p>La infectologia \u00e9s una especialitat m\u00e8dica que estudia i tracta les infeccions de tota mena, tant si s\u00f3n cr\u00f2niques com agudes, i que s\u00f3n conseq\u00fc\u00e8ncia de bacteris, virus, fongs i par\u00e0sits. A Espanya encara no existeix l\u2019especialitat reglada com a tal. Normalment, s\u00f3n els especialistes en medicina interna els qui tracten les infeccions, perqu\u00e8 \u00e9s [&hellip;]<\/p>\n","protected":false},"author":3,"featured_media":32032,"comment_status":"closed","ping_status":"closed","sticky":false,"template":"","format":"standard","meta":{"footnotes":""},"categories":[15],"tags":[],"class_list":["post-32031","post","type-post","status-publish","format-standard","has-post-thumbnail","hentry","category-salut"],"featured_image_src":"https:\/\/www.mgc.es\/wp-content\/uploads\/2024\/05\/sida-celula2.jpg","author_info":{"display_name":"Revista Inter\u00e8s Mutu","author_link":"https:\/\/www.mgc.es\/ca\/blog\/author\/interesmutu\/"},"yoast_head":"<!-- This site is optimized with the Yoast SEO plugin v27.2 - https:\/\/yoast.com\/product\/yoast-seo-wordpress\/ -->\n<title>Infectologia. Qu\u00e8 tracten els infect\u00f2legs i quina funci\u00f3 fan - MGC M\u00fatua<\/title>\n<meta name=\"robots\" content=\"index, follow, max-snippet:-1, max-image-preview:large, max-video-preview:-1\" \/>\n<link rel=\"canonical\" href=\"https:\/\/www.mgc.es\/?p=32037\" \/>\n<meta property=\"og:locale\" content=\"ca_ES\" \/>\n<meta property=\"og:type\" content=\"article\" \/>\n<meta property=\"og:title\" content=\"Infectologia. Qu\u00e8 tracten els infect\u00f2legs i quina funci\u00f3 fan - MGC M\u00fatua\" \/>\n<meta property=\"og:description\" content=\"La infectologia \u00e9s una especialitat m\u00e8dica que estudia i tracta les infeccions de tota mena, tant si s\u00f3n cr\u00f2niques com agudes, i que s\u00f3n conseq\u00fc\u00e8ncia de bacteris, virus, fongs i par\u00e0sits. A Espanya encara no existeix l\u2019especialitat reglada com a tal. Normalment, s\u00f3n els especialistes en medicina interna els qui tracten les infeccions, perqu\u00e8 \u00e9s [&hellip;]\" \/>\n<meta property=\"og:url\" content=\"https:\/\/www.mgc.es\/?p=32037\" \/>\n<meta property=\"og:site_name\" content=\"MGC M\u00fatua\" \/>\n<meta property=\"article:publisher\" content=\"https:\/\/www.facebook.com\/mgcmutua\" \/>\n<meta property=\"article:published_time\" content=\"2024-06-27T10:13:12+00:00\" \/>\n<meta property=\"og:image\" content=\"https:\/\/www.mgc.es\/wp-content\/uploads\/2024\/05\/sida-celula2.jpg\" \/>\n\t<meta property=\"og:image:width\" content=\"800\" \/>\n\t<meta property=\"og:image:height\" content=\"600\" \/>\n\t<meta property=\"og:image:type\" content=\"image\/jpeg\" \/>\n<meta name=\"author\" content=\"Revista Inter\u00e8s Mutu\" \/>\n<meta name=\"twitter:card\" content=\"summary_large_image\" \/>\n<meta name=\"twitter:creator\" content=\"@mgcmutua\" \/>\n<meta name=\"twitter:site\" content=\"@mgcmutua\" \/>\n<meta name=\"twitter:label1\" content=\"Escrit per\" \/>\n\t<meta name=\"twitter:data1\" content=\"Revista Inter\u00e8s Mutu\" \/>\n\t<meta name=\"twitter:label2\" content=\"Temps estimat de lectura\" \/>\n\t<meta name=\"twitter:data2\" content=\"9 minuts\" \/>\n<!-- \/ Yoast SEO plugin. -->","yoast_head_json":{"title":"Infectologia. Qu\u00e8 tracten els infect\u00f2legs i quina funci\u00f3 fan - MGC M\u00fatua","robots":{"index":"index","follow":"follow","max-snippet":"max-snippet:-1","max-image-preview":"max-image-preview:large","max-video-preview":"max-video-preview:-1"},"canonical":"https:\/\/www.mgc.es\/?p=32037","og_locale":"ca_ES","og_type":"article","og_title":"Infectologia. Qu\u00e8 tracten els infect\u00f2legs i quina funci\u00f3 fan - MGC M\u00fatua","og_description":"La infectologia \u00e9s una especialitat m\u00e8dica que estudia i tracta les infeccions de tota mena, tant si s\u00f3n cr\u00f2niques com agudes, i que s\u00f3n conseq\u00fc\u00e8ncia de bacteris, virus, fongs i par\u00e0sits. A Espanya encara no existeix l\u2019especialitat reglada com a tal. Normalment, s\u00f3n els especialistes en medicina interna els qui tracten les infeccions, perqu\u00e8 \u00e9s [&hellip;]","og_url":"https:\/\/www.mgc.es\/?p=32037","og_site_name":"MGC M\u00fatua","article_publisher":"https:\/\/www.facebook.com\/mgcmutua","article_published_time":"2024-06-27T10:13:12+00:00","og_image":[{"width":800,"height":600,"url":"https:\/\/www.mgc.es\/wp-content\/uploads\/2024\/05\/sida-celula2.jpg","type":"image\/jpeg"}],"author":"Revista Inter\u00e8s Mutu","twitter_card":"summary_large_image","twitter_creator":"@mgcmutua","twitter_site":"@mgcmutua","twitter_misc":{"Escrit per":"Revista Inter\u00e8s Mutu","Temps estimat de lectura":"9 minuts"},"schema":{"@context":"https:\/\/schema.org","@graph":[{"@type":["Article","BlogPosting"],"@id":"https:\/\/www.mgc.es\/?p=32037#article","isPartOf":{"@id":"https:\/\/www.mgc.es\/?p=32037"},"author":{"name":"Revista Inter\u00e8s Mutu","@id":"https:\/\/www.mgc.es\/#\/schema\/person\/010c961d9c9acf38f11187a02b646c16"},"headline":"Infectologia. Qu\u00e8 tracten els infect\u00f2legs i quina funci\u00f3 fan","datePublished":"2024-06-27T10:13:12+00:00","mainEntityOfPage":{"@id":"https:\/\/www.mgc.es\/?p=32037"},"wordCount":2139,"publisher":{"@id":"https:\/\/www.mgc.es\/#organization"},"image":{"@id":"https:\/\/www.mgc.es\/?p=32037#primaryimage"},"thumbnailUrl":"https:\/\/www.mgc.es\/wp-content\/uploads\/2024\/05\/sida-celula2.jpg","articleSection":["Salut i medicina"],"inLanguage":"ca"},{"@type":["WebPage","ItemPage"],"@id":"https:\/\/www.mgc.es\/?p=32037","url":"https:\/\/www.mgc.es\/?p=32037","name":"Infectologia. Qu\u00e8 tracten els infect\u00f2legs i quina funci\u00f3 fan - MGC M\u00fatua","isPartOf":{"@id":"https:\/\/www.mgc.es\/#website"},"primaryImageOfPage":{"@id":"https:\/\/www.mgc.es\/?p=32037#primaryimage"},"image":{"@id":"https:\/\/www.mgc.es\/?p=32037#primaryimage"},"thumbnailUrl":"https:\/\/www.mgc.es\/wp-content\/uploads\/2024\/05\/sida-celula2.jpg","datePublished":"2024-06-27T10:13:12+00:00","breadcrumb":{"@id":"https:\/\/www.mgc.es\/?p=32037#breadcrumb"},"inLanguage":"ca","potentialAction":[{"@type":"ReadAction","target":["https:\/\/www.mgc.es\/?p=32037"]}]},{"@type":"ImageObject","inLanguage":"ca","@id":"https:\/\/www.mgc.es\/?p=32037#primaryimage","url":"https:\/\/www.mgc.es\/wp-content\/uploads\/2024\/05\/sida-celula2.jpg","contentUrl":"https:\/\/www.mgc.es\/wp-content\/uploads\/2024\/05\/sida-celula2.jpg","width":800,"height":600,"caption":"3d rendered virus"},{"@type":"BreadcrumbList","@id":"https:\/\/www.mgc.es\/?p=32037#breadcrumb","itemListElement":[{"@type":"ListItem","position":1,"name":"Home","item":"https:\/\/www.mgc.es\/ca\/"},{"@type":"ListItem","position":2,"name":"Infectologia. Qu\u00e8 tracten els infect\u00f2legs i quina funci\u00f3 fan"}]},{"@type":"WebSite","@id":"https:\/\/www.mgc.es\/#website","url":"https:\/\/www.mgc.es\/","name":"MGC M\u00fatua","description":"MGC M\u00fatua \u00e9s una entitat asseguradora sense \u00e0nim de lucre constitu\u00efda al 1982 i especialitzada en assegurances de salut i assist\u00e8ncia.","publisher":{"@id":"https:\/\/www.mgc.es\/#organization"},"alternateName":"MGC","potentialAction":[{"@type":"SearchAction","target":{"@type":"EntryPoint","urlTemplate":"https:\/\/www.mgc.es\/?s={search_term_string}"},"query-input":{"@type":"PropertyValueSpecification","valueRequired":true,"valueName":"search_term_string"}}],"inLanguage":"ca"},{"@type":"Organization","@id":"https:\/\/www.mgc.es\/#organization","name":"MGC Mutua","alternateName":"MGC","url":"https:\/\/www.mgc.es\/","logo":{"@type":"ImageObject","inLanguage":"ca","@id":"https:\/\/www.mgc.es\/#\/schema\/logo\/image\/","url":"https:\/\/www.mgc.es\/wp-content\/uploads\/2020\/03\/mgcmutua_h2_2t_reduccions.png","contentUrl":"https:\/\/www.mgc.es\/wp-content\/uploads\/2020\/03\/mgcmutua_h2_2t_reduccions.png","width":303,"height":165,"caption":"MGC Mutua"},"image":{"@id":"https:\/\/www.mgc.es\/#\/schema\/logo\/image\/"},"sameAs":["https:\/\/www.facebook.com\/mgcmutua","https:\/\/x.com\/mgcmutua","https:\/\/www.youtube.com\/c\/MGCMutua"]},{"@type":"Person","@id":"https:\/\/www.mgc.es\/#\/schema\/person\/010c961d9c9acf38f11187a02b646c16","name":"Revista Inter\u00e8s Mutu","image":{"@type":"ImageObject","inLanguage":"ca","@id":"https:\/\/secure.gravatar.com\/avatar\/52302d684339b9d7bf5691e2ad00835d62ce3b4a435f21ca9f21fbe39c63cb1b?s=96&d=mm&r=g","url":"https:\/\/secure.gravatar.com\/avatar\/52302d684339b9d7bf5691e2ad00835d62ce3b4a435f21ca9f21fbe39c63cb1b?s=96&d=mm&r=g","contentUrl":"https:\/\/secure.gravatar.com\/avatar\/52302d684339b9d7bf5691e2ad00835d62ce3b4a435f21ca9f21fbe39c63cb1b?s=96&d=mm&r=g","caption":"Revista Inter\u00e8s Mutu"}}]}},"_links":{"self":[{"href":"https:\/\/www.mgc.es\/ca\/wp-json\/wp\/v2\/posts\/32031","targetHints":{"allow":["GET"]}}],"collection":[{"href":"https:\/\/www.mgc.es\/ca\/wp-json\/wp\/v2\/posts"}],"about":[{"href":"https:\/\/www.mgc.es\/ca\/wp-json\/wp\/v2\/types\/post"}],"author":[{"embeddable":true,"href":"https:\/\/www.mgc.es\/ca\/wp-json\/wp\/v2\/users\/3"}],"replies":[{"embeddable":true,"href":"https:\/\/www.mgc.es\/ca\/wp-json\/wp\/v2\/comments?post=32031"}],"version-history":[{"count":1,"href":"https:\/\/www.mgc.es\/ca\/wp-json\/wp\/v2\/posts\/32031\/revisions"}],"predecessor-version":[{"id":32036,"href":"https:\/\/www.mgc.es\/ca\/wp-json\/wp\/v2\/posts\/32031\/revisions\/32036"}],"wp:featuredmedia":[{"embeddable":true,"href":"https:\/\/www.mgc.es\/ca\/wp-json\/wp\/v2\/media\/32032"}],"wp:attachment":[{"href":"https:\/\/www.mgc.es\/ca\/wp-json\/wp\/v2\/media?parent=32031"}],"wp:term":[{"taxonomy":"category","embeddable":true,"href":"https:\/\/www.mgc.es\/ca\/wp-json\/wp\/v2\/categories?post=32031"},{"taxonomy":"post_tag","embeddable":true,"href":"https:\/\/www.mgc.es\/ca\/wp-json\/wp\/v2\/tags?post=32031"}],"curies":[{"name":"wp","href":"https:\/\/api.w.org\/{rel}","templated":true}]}}