{"id":31758,"date":"2024-03-05T12:51:43","date_gmt":"2024-03-05T11:51:43","guid":{"rendered":"https:\/\/www.mgc.es\/?p=31758"},"modified":"2024-03-11T13:04:02","modified_gmt":"2024-03-11T12:04:02","slug":"mgc-mutua-nou-patrocinador-de-garrotxa-tech","status":"publish","type":"post","link":"https:\/\/www.mgc.es\/ca\/blog\/mgc-mutua-nou-patrocinador-de-garrotxa-tech\/","title":{"rendered":"MGC M\u00fatua nou patrocinador de Garrotxa Tech"},"content":{"rendered":"\n<figure class=\"wp-block-image size-full\"><img loading=\"lazy\" decoding=\"async\" width=\"640\" height=\"474\" src=\"https:\/\/www.mgc.es\/wp-content\/uploads\/2024\/03\/vila-garrotxa-tech.jpg\" alt=\"\" class=\"wp-image-31756\" srcset=\"https:\/\/www.mgc.es\/wp-content\/uploads\/2024\/03\/vila-garrotxa-tech.jpg 640w, https:\/\/www.mgc.es\/wp-content\/uploads\/2024\/03\/vila-garrotxa-tech-440x326.jpg 440w\" sizes=\"auto, (max-width: 640px) 100vw, 640px\" \/><\/figure>\n\n\n\n<p>MGC M\u00fatua i Garrotxa Tech han subscrit un acord de patrocini mitjan\u00e7ant el qual la M\u00fatua ser\u00e0 patrocinadora d&#8217;aquesta associaci\u00f3 sense \u00e0nim de lucre, que t\u00e9 com a objectiu promoure un ecosistema digital i tecnol\u00f2gic a la Garrotxa, a Girona.<\/p>\n\n\n\n<p>Garrotxa Tech va n\u00e9ixer davant de la manca de connexi\u00f3 que existia entre els professionals i empreses de la zona i la necessitat de crear un model com\u00fa de col\u00b7laboraci\u00f3 entre empresaris, enginyers, consultors, inform\u00e0tics&#8230; que exerceixen la seva activitat en aquesta comarca. Per aix\u00f2, han desenvolupat una plataforma que fomenta la creaci\u00f3 d&#8217;empreses de noves tecnologies, amb la intenci\u00f3 de crear un hub digital que atregui el talent i s&#8217;estableixi a la Garrotxa.<\/p>\n\n\n\n<p>Enric Vila, cap Corporatiu de MGC M\u00fatua a Girona i Catalunya Central, va declarar durant la signatura de l\u00b4acord, \u201cGarrotxa Tech i Garrotxa Startup s\u00f3n projectes que busquen impulsar l\u00b4esperit emprenedor entre els joves de la comarca de la Garrotxa i la nostra m\u00fatua comparteix plenament la seva comprom\u00eds de suport a emprenedors i de proximitat al territori. Ens agrada tenir cura de la salut de les fam\u00edlies, de les persones, dels negocis i tenir cura de prop la dinamitzaci\u00f3 de l&#8217;emprenedoria amb l&#8217;objectiu de crear m\u00e9s oportunitats per als nostres joves\u201d<\/p>\n\n\n\n<p>Per la seva banda, Sergi Serra, vicepresident de Garrotxa Tech va comentar que \u201ccomptar amb el suport de MGC M\u00fatua suposa una gran confian\u00e7a en nosaltres i en la projecci\u00f3 de futur de la Garrotxa; ens uneix la passi\u00f3 pel territori i els valors compartits.\u201d<\/p>\n\n\n\n<figure class=\"wp-block-image size-large\"><img loading=\"lazy\" decoding=\"async\" width=\"880\" height=\"660\" src=\"https:\/\/www.mgc.es\/wp-content\/uploads\/2024\/03\/garrotxa-start-up-n-880x660.jpeg\" alt=\"\" class=\"wp-image-31754\" srcset=\"https:\/\/www.mgc.es\/wp-content\/uploads\/2024\/03\/garrotxa-start-up-n-880x660.jpeg 880w, https:\/\/www.mgc.es\/wp-content\/uploads\/2024\/03\/garrotxa-start-up-n-440x330.jpeg 440w, https:\/\/www.mgc.es\/wp-content\/uploads\/2024\/03\/garrotxa-start-up-n-768x576.jpeg 768w, https:\/\/www.mgc.es\/wp-content\/uploads\/2024\/03\/garrotxa-start-up-n-1536x1152.jpeg 1536w, https:\/\/www.mgc.es\/wp-content\/uploads\/2024\/03\/garrotxa-start-up-n-scaled.jpeg 1024w\" sizes=\"auto, (max-width: 880px) 100vw, 880px\" \/><\/figure>\n\n\n\n<h2 class=\"wp-block-heading\"><strong>Primera edici\u00f3 del programa d\u2019emprenedoria Garrotxa Startup<\/strong><\/h2>\n\n\n\n<p>El passat 28 de febrer l&#8217;equip comercial d\u2019MGC a Olot va assistir a una jornada de conferencies i presentacions a l&#8217;Espai Cr\u00e0ter d&#8217;Olot, en el que l&#8217;associaci\u00f3 dedicada a l&#8217;emprenedoria digital, que va n\u00e9ixer el passat estiu, es va presentar en societat.<\/p>\n\n\n\n<p>A la jornada, que va comptar amb m\u00e9s d&#8217;un centenar d&#8217;assistents, la nova entitat garrotxina va aprofitat per debatre sobre la seva missi\u00f3 amb dues taules rodones sobre emprenedoria i sostenibilitat on han participat experts de nivell nacional. La jornada tamb\u00e9 va servit per presentar el primer programa d&#8217;emprenedoria que ha dut a terme l&#8217;associaci\u00f3 els \u00faltims mesos i que ha ajudat a materialitzar quatre projectes de joves garrotxins. A m\u00e9s, \u201c van tenir present la marca MGC M\u00fatua al <em>photocall<\/em> i en <em>slide<\/em> d&#8217;agra\u00efment a patrocinadors, i tamb\u00e9 ens van fer entrega d&#8217;un reconeixement com a patrocinadors que vam agrair molt sincerament, iel m\u00e9s important, volem felicitar als impulsors d&#8217;aquest projecte i als emprenedors participants, que van explicar el seu model de negoci i animar-los a continuar treballant amb aquesta energia per aconseguir els seus prop\u00f2sits d&#8217;ajudar a la societat\u201d \u201d, ens explica l\u2019Enric Vila.<\/p>\n","protected":false},"excerpt":{"rendered":"<p>MGC M\u00fatua i Garrotxa Tech han subscrit un acord de patrocini mitjan\u00e7ant el qual la M\u00fatua ser\u00e0 patrocinadora d&#8217;aquesta associaci\u00f3 sense \u00e0nim de lucre, que t\u00e9 com a objectiu promoure un ecosistema digital i tecnol\u00f2gic a la Garrotxa, a Girona. Garrotxa Tech va n\u00e9ixer davant de la manca de connexi\u00f3 que existia entre els professionals [&hellip;]<\/p>\n","protected":false},"author":3,"featured_media":31756,"comment_status":"closed","ping_status":"closed","sticky":false,"template":"","format":"standard","meta":{"footnotes":""},"categories":[11],"tags":[],"class_list":["post-31758","post","type-post","status-publish","format-standard","has-post-thumbnail","hentry","category-actualitat"],"featured_image_src":"https:\/\/www.mgc.es\/wp-content\/uploads\/2024\/03\/vila-garrotxa-tech.jpg","author_info":{"display_name":"Revista Inter\u00e8s Mutu","author_link":"https:\/\/www.mgc.es\/ca\/blog\/author\/interesmutu\/"},"yoast_head":"<!-- This site is optimized with the Yoast SEO plugin v27.2 - https:\/\/yoast.com\/product\/yoast-seo-wordpress\/ -->\n<title>MGC M\u00fatua nou patrocinador de Garrotxa Tech - MGC M\u00fatua<\/title>\n<meta name=\"robots\" content=\"index, follow, max-snippet:-1, max-image-preview:large, max-video-preview:-1\" \/>\n<link rel=\"canonical\" href=\"https:\/\/www.mgc.es\/ca\/blog\/mgc-mutua-nou-patrocinador-de-garrotxa-tech\/\" \/>\n<meta property=\"og:locale\" content=\"ca_ES\" \/>\n<meta property=\"og:type\" content=\"article\" \/>\n<meta property=\"og:title\" content=\"MGC M\u00fatua nou patrocinador de Garrotxa Tech - MGC M\u00fatua\" \/>\n<meta property=\"og:description\" content=\"MGC M\u00fatua i Garrotxa Tech han subscrit un acord de patrocini mitjan\u00e7ant el qual la M\u00fatua ser\u00e0 patrocinadora d&#8217;aquesta associaci\u00f3 sense \u00e0nim de lucre, que t\u00e9 com a objectiu promoure un ecosistema digital i tecnol\u00f2gic a la Garrotxa, a Girona. Garrotxa Tech va n\u00e9ixer davant de la manca de connexi\u00f3 que existia entre els professionals [&hellip;]\" \/>\n<meta property=\"og:url\" content=\"https:\/\/www.mgc.es\/ca\/blog\/mgc-mutua-nou-patrocinador-de-garrotxa-tech\/\" \/>\n<meta property=\"og:site_name\" content=\"MGC M\u00fatua\" \/>\n<meta property=\"article:publisher\" content=\"https:\/\/www.facebook.com\/mgcmutua\" \/>\n<meta property=\"article:published_time\" content=\"2024-03-05T11:51:43+00:00\" \/>\n<meta property=\"article:modified_time\" content=\"2024-03-11T12:04:02+00:00\" \/>\n<meta property=\"og:image\" content=\"https:\/\/www.mgc.es\/wp-content\/uploads\/2024\/03\/vila-garrotxa-tech.jpg\" \/>\n\t<meta property=\"og:image:width\" content=\"640\" \/>\n\t<meta property=\"og:image:height\" content=\"474\" \/>\n\t<meta property=\"og:image:type\" content=\"image\/jpeg\" \/>\n<meta name=\"author\" content=\"Revista Inter\u00e8s Mutu\" \/>\n<meta name=\"twitter:card\" content=\"summary_large_image\" \/>\n<meta name=\"twitter:creator\" content=\"@mgcmutua\" \/>\n<meta name=\"twitter:site\" content=\"@mgcmutua\" \/>\n<meta name=\"twitter:label1\" content=\"Escrit per\" \/>\n\t<meta name=\"twitter:data1\" content=\"Revista Inter\u00e8s Mutu\" \/>\n\t<meta name=\"twitter:label2\" content=\"Temps estimat de lectura\" \/>\n\t<meta name=\"twitter:data2\" content=\"3 minuts\" \/>\n<!-- \/ Yoast SEO plugin. -->","yoast_head_json":{"title":"MGC M\u00fatua nou patrocinador de Garrotxa Tech - MGC M\u00fatua","robots":{"index":"index","follow":"follow","max-snippet":"max-snippet:-1","max-image-preview":"max-image-preview:large","max-video-preview":"max-video-preview:-1"},"canonical":"https:\/\/www.mgc.es\/ca\/blog\/mgc-mutua-nou-patrocinador-de-garrotxa-tech\/","og_locale":"ca_ES","og_type":"article","og_title":"MGC M\u00fatua nou patrocinador de Garrotxa Tech - MGC M\u00fatua","og_description":"MGC M\u00fatua i Garrotxa Tech han subscrit un acord de patrocini mitjan\u00e7ant el qual la M\u00fatua ser\u00e0 patrocinadora d&#8217;aquesta associaci\u00f3 sense \u00e0nim de lucre, que t\u00e9 com a objectiu promoure un ecosistema digital i tecnol\u00f2gic a la Garrotxa, a Girona. Garrotxa Tech va n\u00e9ixer davant de la manca de connexi\u00f3 que existia entre els professionals [&hellip;]","og_url":"https:\/\/www.mgc.es\/ca\/blog\/mgc-mutua-nou-patrocinador-de-garrotxa-tech\/","og_site_name":"MGC M\u00fatua","article_publisher":"https:\/\/www.facebook.com\/mgcmutua","article_published_time":"2024-03-05T11:51:43+00:00","article_modified_time":"2024-03-11T12:04:02+00:00","og_image":[{"width":640,"height":474,"url":"https:\/\/www.mgc.es\/wp-content\/uploads\/2024\/03\/vila-garrotxa-tech.jpg","type":"image\/jpeg"}],"author":"Revista Inter\u00e8s Mutu","twitter_card":"summary_large_image","twitter_creator":"@mgcmutua","twitter_site":"@mgcmutua","twitter_misc":{"Escrit per":"Revista Inter\u00e8s Mutu","Temps estimat de lectura":"3 minuts"},"schema":{"@context":"https:\/\/schema.org","@graph":[{"@type":["Article","BlogPosting"],"@id":"https:\/\/www.mgc.es\/ca\/blog\/mgc-mutua-nou-patrocinador-de-garrotxa-tech\/#article","isPartOf":{"@id":"https:\/\/www.mgc.es\/ca\/blog\/mgc-mutua-nou-patrocinador-de-garrotxa-tech\/"},"author":{"name":"Revista Inter\u00e8s Mutu","@id":"https:\/\/www.mgc.es\/#\/schema\/person\/010c961d9c9acf38f11187a02b646c16"},"headline":"MGC M\u00fatua nou patrocinador de Garrotxa Tech","datePublished":"2024-03-05T11:51:43+00:00","dateModified":"2024-03-11T12:04:02+00:00","mainEntityOfPage":{"@id":"https:\/\/www.mgc.es\/ca\/blog\/mgc-mutua-nou-patrocinador-de-garrotxa-tech\/"},"wordCount":479,"publisher":{"@id":"https:\/\/www.mgc.es\/#organization"},"image":{"@id":"https:\/\/www.mgc.es\/ca\/blog\/mgc-mutua-nou-patrocinador-de-garrotxa-tech\/#primaryimage"},"thumbnailUrl":"https:\/\/www.mgc.es\/wp-content\/uploads\/2024\/03\/vila-garrotxa-tech.jpg","articleSection":["Actualitat M\u00fatua"],"inLanguage":"ca"},{"@type":["WebPage","ItemPage"],"@id":"https:\/\/www.mgc.es\/ca\/blog\/mgc-mutua-nou-patrocinador-de-garrotxa-tech\/","url":"https:\/\/www.mgc.es\/ca\/blog\/mgc-mutua-nou-patrocinador-de-garrotxa-tech\/","name":"MGC M\u00fatua nou patrocinador de Garrotxa Tech - MGC M\u00fatua","isPartOf":{"@id":"https:\/\/www.mgc.es\/#website"},"primaryImageOfPage":{"@id":"https:\/\/www.mgc.es\/ca\/blog\/mgc-mutua-nou-patrocinador-de-garrotxa-tech\/#primaryimage"},"image":{"@id":"https:\/\/www.mgc.es\/ca\/blog\/mgc-mutua-nou-patrocinador-de-garrotxa-tech\/#primaryimage"},"thumbnailUrl":"https:\/\/www.mgc.es\/wp-content\/uploads\/2024\/03\/vila-garrotxa-tech.jpg","datePublished":"2024-03-05T11:51:43+00:00","dateModified":"2024-03-11T12:04:02+00:00","breadcrumb":{"@id":"https:\/\/www.mgc.es\/ca\/blog\/mgc-mutua-nou-patrocinador-de-garrotxa-tech\/#breadcrumb"},"inLanguage":"ca","potentialAction":[{"@type":"ReadAction","target":["https:\/\/www.mgc.es\/ca\/blog\/mgc-mutua-nou-patrocinador-de-garrotxa-tech\/"]}]},{"@type":"ImageObject","inLanguage":"ca","@id":"https:\/\/www.mgc.es\/ca\/blog\/mgc-mutua-nou-patrocinador-de-garrotxa-tech\/#primaryimage","url":"https:\/\/www.mgc.es\/wp-content\/uploads\/2024\/03\/vila-garrotxa-tech.jpg","contentUrl":"https:\/\/www.mgc.es\/wp-content\/uploads\/2024\/03\/vila-garrotxa-tech.jpg","width":640,"height":474},{"@type":"BreadcrumbList","@id":"https:\/\/www.mgc.es\/ca\/blog\/mgc-mutua-nou-patrocinador-de-garrotxa-tech\/#breadcrumb","itemListElement":[{"@type":"ListItem","position":1,"name":"Home","item":"https:\/\/www.mgc.es\/ca\/"},{"@type":"ListItem","position":2,"name":"MGC M\u00fatua nou patrocinador de Garrotxa Tech"}]},{"@type":"WebSite","@id":"https:\/\/www.mgc.es\/#website","url":"https:\/\/www.mgc.es\/","name":"MGC M\u00fatua","description":"MGC M\u00fatua \u00e9s una entitat asseguradora sense \u00e0nim de lucre constitu\u00efda al 1982 i especialitzada en assegurances de salut i assist\u00e8ncia.","publisher":{"@id":"https:\/\/www.mgc.es\/#organization"},"alternateName":"MGC","potentialAction":[{"@type":"SearchAction","target":{"@type":"EntryPoint","urlTemplate":"https:\/\/www.mgc.es\/?s={search_term_string}"},"query-input":{"@type":"PropertyValueSpecification","valueRequired":true,"valueName":"search_term_string"}}],"inLanguage":"ca"},{"@type":"Organization","@id":"https:\/\/www.mgc.es\/#organization","name":"MGC Mutua","alternateName":"MGC","url":"https:\/\/www.mgc.es\/","logo":{"@type":"ImageObject","inLanguage":"ca","@id":"https:\/\/www.mgc.es\/#\/schema\/logo\/image\/","url":"https:\/\/www.mgc.es\/wp-content\/uploads\/2020\/03\/mgcmutua_h2_2t_reduccions.png","contentUrl":"https:\/\/www.mgc.es\/wp-content\/uploads\/2020\/03\/mgcmutua_h2_2t_reduccions.png","width":303,"height":165,"caption":"MGC Mutua"},"image":{"@id":"https:\/\/www.mgc.es\/#\/schema\/logo\/image\/"},"sameAs":["https:\/\/www.facebook.com\/mgcmutua","https:\/\/x.com\/mgcmutua","https:\/\/www.youtube.com\/c\/MGCMutua"]},{"@type":"Person","@id":"https:\/\/www.mgc.es\/#\/schema\/person\/010c961d9c9acf38f11187a02b646c16","name":"Revista Inter\u00e8s Mutu","image":{"@type":"ImageObject","inLanguage":"ca","@id":"https:\/\/secure.gravatar.com\/avatar\/52302d684339b9d7bf5691e2ad00835d62ce3b4a435f21ca9f21fbe39c63cb1b?s=96&d=mm&r=g","url":"https:\/\/secure.gravatar.com\/avatar\/52302d684339b9d7bf5691e2ad00835d62ce3b4a435f21ca9f21fbe39c63cb1b?s=96&d=mm&r=g","contentUrl":"https:\/\/secure.gravatar.com\/avatar\/52302d684339b9d7bf5691e2ad00835d62ce3b4a435f21ca9f21fbe39c63cb1b?s=96&d=mm&r=g","caption":"Revista Inter\u00e8s Mutu"}}]}},"_links":{"self":[{"href":"https:\/\/www.mgc.es\/ca\/wp-json\/wp\/v2\/posts\/31758","targetHints":{"allow":["GET"]}}],"collection":[{"href":"https:\/\/www.mgc.es\/ca\/wp-json\/wp\/v2\/posts"}],"about":[{"href":"https:\/\/www.mgc.es\/ca\/wp-json\/wp\/v2\/types\/post"}],"author":[{"embeddable":true,"href":"https:\/\/www.mgc.es\/ca\/wp-json\/wp\/v2\/users\/3"}],"replies":[{"embeddable":true,"href":"https:\/\/www.mgc.es\/ca\/wp-json\/wp\/v2\/comments?post=31758"}],"version-history":[{"count":2,"href":"https:\/\/www.mgc.es\/ca\/wp-json\/wp\/v2\/posts\/31758\/revisions"}],"predecessor-version":[{"id":31763,"href":"https:\/\/www.mgc.es\/ca\/wp-json\/wp\/v2\/posts\/31758\/revisions\/31763"}],"wp:featuredmedia":[{"embeddable":true,"href":"https:\/\/www.mgc.es\/ca\/wp-json\/wp\/v2\/media\/31756"}],"wp:attachment":[{"href":"https:\/\/www.mgc.es\/ca\/wp-json\/wp\/v2\/media?parent=31758"}],"wp:term":[{"taxonomy":"category","embeddable":true,"href":"https:\/\/www.mgc.es\/ca\/wp-json\/wp\/v2\/categories?post=31758"},{"taxonomy":"post_tag","embeddable":true,"href":"https:\/\/www.mgc.es\/ca\/wp-json\/wp\/v2\/tags?post=31758"}],"curies":[{"name":"wp","href":"https:\/\/api.w.org\/{rel}","templated":true}]}}