{"id":31712,"date":"2024-05-09T12:39:54","date_gmt":"2024-05-09T10:39:54","guid":{"rendered":"https:\/\/www.mgc.es\/?p=31712"},"modified":"2024-02-26T12:41:32","modified_gmt":"2024-02-26T11:41:32","slug":"pots-tenir-diabetis-sense-saber-ho-la-diabetis-oculta","status":"publish","type":"post","link":"https:\/\/www.mgc.es\/ca\/blog\/pots-tenir-diabetis-sense-saber-ho-la-diabetis-oculta\/","title":{"rendered":"Pots tenir diabetis sense saber-ho? La diabetis oculta"},"content":{"rendered":"<div id=\"ez-toc-container\" class=\"ez-toc-v2_0_82_1 counter-hierarchy ez-toc-counter ez-toc-custom ez-toc-container-direction\">\n<div class=\"ez-toc-title-container\"><p class=\"ez-toc-title\" style=\"cursor:inherit\">\u00cdndex de continguts<\/p>\n<\/div><nav><ul class='ez-toc-list ez-toc-list-level-1 ' ><li class='ez-toc-page-1 ez-toc-heading-level-2'><a class=\"ez-toc-link ez-toc-heading-1\" href=\"https:\/\/www.mgc.es\/ca\/blog\/pots-tenir-diabetis-sense-saber-ho-la-diabetis-oculta\/#La_magnitud_del_problema\" >La magnitud del problema<\/a><\/li><li class='ez-toc-page-1 ez-toc-heading-level-2'><a class=\"ez-toc-link ez-toc-heading-2\" href=\"https:\/\/www.mgc.es\/ca\/blog\/pots-tenir-diabetis-sense-saber-ho-la-diabetis-oculta\/#Lestil_de_vida\" >L\u2019estil de vida<\/a><\/li><li class='ez-toc-page-1 ez-toc-heading-level-2'><a class=\"ez-toc-link ez-toc-heading-3\" href=\"https:\/\/www.mgc.es\/ca\/blog\/pots-tenir-diabetis-sense-saber-ho-la-diabetis-oculta\/#Factors_de_risc_de_la_diabetis_de_tipus_2\" >Factors de risc de la diabetis de tipus 2<\/a><\/li><li class='ez-toc-page-1 ez-toc-heading-level-2'><a class=\"ez-toc-link ez-toc-heading-4\" href=\"https:\/\/www.mgc.es\/ca\/blog\/pots-tenir-diabetis-sense-saber-ho-la-diabetis-oculta\/#Com_se_sap_si_tens_diabetis_de_tipus_2\" >Com se sap si tens diabetis de tipus 2<\/a><\/li><li class='ez-toc-page-1 ez-toc-heading-level-2'><a class=\"ez-toc-link ez-toc-heading-5\" href=\"https:\/\/www.mgc.es\/ca\/blog\/pots-tenir-diabetis-sense-saber-ho-la-diabetis-oculta\/#Recomanacions_per_prevenir_la_diabetis\" >Recomanacions per prevenir la diabetis<\/a><\/li><\/ul><\/nav><\/div>\n\n<figure class=\"wp-block-image size-full\"><img loading=\"lazy\" decoding=\"async\" width=\"800\" height=\"480\" src=\"https:\/\/www.mgc.es\/wp-content\/uploads\/2024\/02\/obesa-de-espaldas2.jpg\" alt=\"\" class=\"wp-image-31708\" srcset=\"https:\/\/www.mgc.es\/wp-content\/uploads\/2024\/02\/obesa-de-espaldas2.jpg 800w, https:\/\/www.mgc.es\/wp-content\/uploads\/2024\/02\/obesa-de-espaldas2-440x264.jpg 440w, https:\/\/www.mgc.es\/wp-content\/uploads\/2024\/02\/obesa-de-espaldas2-768x461.jpg 768w\" sizes=\"auto, (max-width: 800px) 100vw, 800px\" \/><figcaption class=\"wp-element-caption\">Middle aged stout woman sitting with back<\/figcaption><\/figure>\n\n\n\n<p>La <a href=\"https:\/\/dtc.ucsf.edu\/es\/tipos-de-diabetes\/diabetes-tipo-1\/comprension-de-la-diabetes-tipo-1\/datos-basicos\/que-es-la-diabetes-mellitus\/\">diabetis mellitus<\/a> \u00e9s una malaltia cr\u00f2nica del metabolisme que es caracteritza per l\u2019augment del sucre (glucosa) a la sang. La causen els defectes en la secreci\u00f3 de la insulina \u2014una hormona secretada pel p\u00e0ncreas\u2014, en l\u2019acci\u00f3 d\u2019aquesta hormona al cos o totes dues coses alhora.<\/p>\n\n\n\n<p>N\u2019hi ha de dues classes, de <a href=\"https:\/\/medlineplus.gov\/spanish\/ency\/article\/000305.htm\">tipus 1<\/a> i de <a href=\"https:\/\/medlineplus.gov\/spanish\/ency\/article\/000313.htm\">tipus 2<\/a>. La darrera \u00e9s la forma m\u00e9s freq\u00fcent de la malaltia i, sovint, no se\u2019n manifesta cap s\u00edmptoma, fins al punt que resta oculta i sense diagn\u00f2stic durant molts anys.<\/p>\n\n\n\n<p>Aquesta concentraci\u00f3 alta de <a href=\"https:\/\/www.redaccionmedica.com\/recursos-salud\/diccionario-enfermedades\/glucosa-en-sangre\">glucosa a la sang<\/a> (gluc\u00e8mia) s\u2019associa amb dificultats a llarg termini, que inclouen danys i fallides en \u00f2rgans vitals, com ara els ulls, els ronyons, els nervis, el cor i els vasos sanguinis. Els pacients amb diabetis corren m\u00e9s perill que les persones saludables de tenir els problemes seg\u00fcents:<\/p>\n\n\n\n<ul class=\"wp-block-list\">\n<li>Un accident cerebrovascular (o <a href=\"https:\/\/www.cun.es\/enfermedades-tratamientos\/enfermedades\/ictus\">ictus<\/a>).<\/li>\n\n\n\n<li>Una malaltia de les art\u00e8ries que reguen el cor (les art\u00e8ries coron\u00e0ries) i dels vasos sanguinis perif\u00e8rics.<\/li>\n\n\n\n<li>Un augment dels greixos a la sang.<\/li>\n\n\n\n<li>Elevaci\u00f3 de la pressi\u00f3 arterial (<a href=\"https:\/\/www.who.int\/es\/news-room\/fact-sheets\/detail\/hypertension\">hipertensi\u00f3<\/a>).<\/li>\n\n\n\n<li>Obesitat.<\/li>\n<\/ul>\n\n\n\n<h2 class=\"wp-block-heading\"><span class=\"ez-toc-section\" id=\"La_magnitud_del_problema\"><\/span><strong>La magnitud del problema<\/strong><span class=\"ez-toc-section-end\"><\/span><\/h2>\n\n\n\n<p>Tot i que les xifres no s\u00f3n exactes, s\u2019estima que m\u00e9s de 280 milions de persones poden ser diab\u00e8tiques i que, el 2025, n\u2019afectar\u00e0 350 milions (segons les dades de l\u2019Organitzaci\u00f3 Mundial de la Salut, l\u2019OMS).<\/p>\n\n\n\n<p>A Espanya, el 2004 es calculava que hi havia 1,5 milions de persones diagnosticades de diabetis i fins a un mili\u00f3 m\u00e9s sense diagnosticar. Actualment, s\u2019estima que la pateixen m\u00e9s de 2,5 milions d\u2019espanyols i que n\u2019hi ha un parell de milions m\u00e9s que s\u00f3n diab\u00e8tics per\u00f2 no ho saben.<\/p>\n\n\n\n<p>La realitat \u00e9s encara pitjor que els pron\u00f2stics m\u00e9s pessimistes, tal com va demostrar l\u2019estudi <a href=\"mailto:di@bet.es\">di@bet.es<\/a>, el m\u00e9s important que s\u2019ha dut a terme a Espanya, el 2017, i que ha continuat d\u2019aleshores en\u00e7\u00e0 un grup d\u2019experts. Segons aquests experts, el 13,8 % dels espanyols de m\u00e9s de 18 anys, pel cap baix, t\u00e9 diabetis de tipus 2, fet que representa una xifra de 5,3 milions de pacients i, encara, n\u2019hi ha 2,3 milions sense diagnosticar.<\/p>\n\n\n\n<h2 class=\"wp-block-heading\"><span class=\"ez-toc-section\" id=\"Lestil_de_vida\"><\/span><strong>L\u2019estil de vida<\/strong><span class=\"ez-toc-section-end\"><\/span><\/h2>\n\n\n\n<p>S\u2019ha demostrat a bastament que l\u2019estil de vida \u00e9s determinant en l\u2019aparici\u00f3 de la diabetis. La reducci\u00f3 del pes i la intensificaci\u00f3 de l\u2019activitat f\u00edsica s\u00f3n mesures que poden prevenir o endarrerir la diabetis. Les recomanacions de l\u2019OMS inclouen l\u2019activitat f\u00edsica moderada, com ara fer exercici f\u00edsic mitja hora al dia. Tamb\u00e9 s\u2019aconsella de reduir el pes entre un 5 i un 10 %.<\/p>\n\n\n\n<h2 class=\"wp-block-heading\"><span class=\"ez-toc-section\" id=\"Factors_de_risc_de_la_diabetis_de_tipus_2\"><\/span><strong>Factors de risc de la diabetis de tipus 2<\/strong><span class=\"ez-toc-section-end\"><\/span><\/h2>\n\n\n\n<p>Els principals factors de risc d\u2019aquesta malaltia s\u00f3n:<\/p>\n\n\n\n<ul class=\"wp-block-list\">\n<li>Edat superior als 45 anys.<\/li>\n\n\n\n<li>Sobrep\u00e8s: <a href=\"https:\/\/fundaciondelcorazon.com\/prevencion\/calculadoras-nutricion\/imc.html\">\u00edndex de la massa corporal<\/a> (IMC) superior a 25.<\/li>\n\n\n\n<li>Antecedents familiars de diabetis.<\/li>\n\n\n\n<li>Sedentarisme: inactivitat f\u00edsica habitual.<\/li>\n\n\n\n<li>Historial previ de diabetis gestacional (dones prenyades).<\/li>\n\n\n\n<li>Part d\u2019una criatura amb un pes superior a 4,5 quilos.<\/li>\n\n\n\n<li>Hipertensi\u00f3 arterial.<\/li>\n\n\n\n<li>Augment dels greixos a la sang.<\/li>\n\n\n\n<li>Hist\u00f2ria pr\u00e8via d\u2019una malaltia vascular.<\/li>\n<\/ul>\n\n\n\n<figure class=\"wp-block-image size-full\"><img loading=\"lazy\" decoding=\"async\" width=\"800\" height=\"465\" src=\"https:\/\/www.mgc.es\/wp-content\/uploads\/2024\/02\/azucar2.jpg\" alt=\"\" class=\"wp-image-31710\" srcset=\"https:\/\/www.mgc.es\/wp-content\/uploads\/2024\/02\/azucar2.jpg 800w, https:\/\/www.mgc.es\/wp-content\/uploads\/2024\/02\/azucar2-440x256.jpg 440w, https:\/\/www.mgc.es\/wp-content\/uploads\/2024\/02\/azucar2-768x446.jpg 768w\" sizes=\"auto, (max-width: 800px) 100vw, 800px\" \/><figcaption class=\"wp-element-caption\">various types of sugar<\/figcaption><\/figure>\n\n\n\n<h2 class=\"wp-block-heading\"><span class=\"ez-toc-section\" id=\"Com_se_sap_si_tens_diabetis_de_tipus_2\"><\/span><strong>Com se sap si tens diabetis de tipus 2<\/strong><span class=\"ez-toc-section-end\"><\/span><\/h2>\n\n\n\n<p>Tothom que presenta cap dels factors de risc esmentats (tots o algun de concret) s\u2019hauria de fer proves per descobrir si t\u00e9 prediabetis, \u00e9s a dir <a href=\"https:\/\/www.mayoclinic.org\/es\/diseases-conditions\/diabetes\/expert-answers\/glucose-levels\/faq-20424316\">alteracions del nivell del sucre a la sang<\/a> \u2014pr\u00e8vies al desenvolupament ple de la malaltia\u2013, que englobarien l\u2019anomenada glucosa basal alterada i la intoler\u00e0ncia a la glucosa, segons l\u2019\u00edndex de sucre detectat a la sang. En concret:<\/p>\n\n\n\n<ul class=\"wp-block-list\">\n<li>Si es t\u00e9 m\u00e9s de 45 anys i sobrep\u00e8s (\u00edndex de massa corporal superior a 25).<\/li>\n\n\n\n<li>Si es t\u00e9 menys de 45 anys, sobrep\u00e8s i cap dels factors de risc enumerats m\u00e9s amunt.<\/li>\n<\/ul>\n\n\n\n<p>Es poden fer dues proves diferents:<\/p>\n\n\n\n<ul class=\"wp-block-list\">\n<li>Una <a href=\"https:\/\/medlineplus.gov\/spanish\/ency\/article\/003482.htm\">an\u00e0lisi de sang<\/a> per observar el nivell de sucre a la sang.<\/li>\n\n\n\n<li>La prova de la sobrec\u00e0rrega oral de glucosa, que consisteix a beure\u2019s una l\u00edquid molt ensucrat i mesurar-ne el contingut de glucosa al cap de dues hores de la presa.<\/li>\n<\/ul>\n\n\n\n<p>Actualment l\u2019opci\u00f3 preferida \u00e9s l\u2019an\u00e0lisi de sang, per la rapidesa, la simplicitat i l\u2019acceptaci\u00f3 m\u00e9s alta de la prova entre els pacients. La prova s\u2019hauria de repetir, com a m\u00e0xim, cada tres anys i fins a cada sis mesos en cas d\u2019un \u00edndex gluc\u00e8mic lleugerament elevat.<\/p>\n\n\n\n<h2 class=\"wp-block-heading\"><span class=\"ez-toc-section\" id=\"Recomanacions_per_prevenir_la_diabetis\"><\/span>Recomanacions per prevenir la diabetis<span class=\"ez-toc-section-end\"><\/span><\/h2>\n\n\n\n<p>Ja s\u2019han assenyalat quins s\u00f3n els factors de risc de la malaltia. Tothom hauria de ser conscient dels beneficis de perdre pes, encara que es tracti d\u2019una xifra moderada, i de fer exercici f\u00edsic amb regularitat.<\/p>\n\n\n\n<p>Tal com hem explicat, si tens m\u00e9s de 45 anys i sobrep\u00e8s, hauries d\u2019anar al metge de fam\u00edlia perqu\u00e8 et demani una an\u00e0lisi de sang amb determinaci\u00f3 de l\u2019\u00edndex glucosa. Igualment, si tens un IMC superior a 25, encara que no hagis fet 45 anys.<\/p>\n\n\n\n<p>Si el metge et troba <a href=\"https:\/\/www.elsevier.es\/es-revista-atencion-primaria-27-articulo-prediabetes-atencion-primaria-diagnostico-y-13087385\">prediabetis<\/a> amb la prova, et recomanar\u00e0 vivament que perdis pes i que facis m\u00e9s exercici. En aquests casos, \u00e9s important de controlar la malaltia amb un seguiment adequat, \u00e9s a dir fer-se an\u00e0lisis amb la periodicitat que estableixi el metge mateix.<\/p>\n\n\n\n<p>Tamb\u00e9 cal deixar de fumar, si fa al cas, i vigilar la tensi\u00f3 arterial.<\/p>\n\n\n\n<p>Finalment, hi ha medicaments, com ara la metformina, que impedeixen l\u2019augment del sucre, per\u00f2 ha de ser el metge qui els ha de prescriure amb el tractament.<\/p>\n\n\n\n<p>Bibliografia<\/p>\n\n\n\n<figure class=\"wp-block-embed\"><div class=\"wp-block-embed__wrapper\">\nhttps:\/\/www.sediabetes.org\/cientifico-y-asistencial\/investigacion\/proyectos-de-investigacion\/estudio-dibet-es\/\n<\/div><\/figure>\n\n\n\n<figure class=\"wp-block-embed\"><div class=\"wp-block-embed__wrapper\">\nhttps:\/\/www.msdmanuals.com\/es-es\/hogar\/trastornos-hormonales-y-metab%C3%B3licos\/diabetes-mellitus-y-otros-trastornos-del-metabolismo-de-la-glucosa-sangu%C3%ADnea\/diabetes-mellitus\n<\/div><\/figure>\n","protected":false},"excerpt":{"rendered":"<p>La diabetis mellitus \u00e9s una malaltia cr\u00f2nica del metabolisme que es caracteritza per l\u2019augment del sucre (glucosa) a la sang. La causen els defectes en la secreci\u00f3 de la insulina \u2014una hormona secretada pel p\u00e0ncreas\u2014, en l\u2019acci\u00f3 d\u2019aquesta hormona al cos o totes dues coses alhora. N\u2019hi ha de dues classes, de tipus 1 i [&hellip;]<\/p>\n","protected":false},"author":3,"featured_media":31708,"comment_status":"closed","ping_status":"closed","sticky":false,"template":"","format":"standard","meta":{"footnotes":""},"categories":[996,15],"tags":[],"class_list":["post-31712","post","type-post","status-publish","format-standard","has-post-thumbnail","hentry","category-malalties-i-salut-general","category-salut"],"featured_image_src":"https:\/\/www.mgc.es\/wp-content\/uploads\/2024\/02\/obesa-de-espaldas2.jpg","author_info":{"display_name":"Revista Inter\u00e8s Mutu","author_link":"https:\/\/www.mgc.es\/ca\/blog\/author\/interesmutu\/"},"yoast_head":"<!-- This site is optimized with the Yoast SEO plugin v27.2 - https:\/\/yoast.com\/product\/yoast-seo-wordpress\/ -->\n<title>Pots tenir diabetis sense saber-ho? La diabetis oculta - MGC M\u00fatua<\/title>\n<meta name=\"robots\" content=\"index, follow, max-snippet:-1, max-image-preview:large, max-video-preview:-1\" \/>\n<link rel=\"canonical\" href=\"https:\/\/www.mgc.es\/blog\/puedes-tener-diabetes-y-no-saberlo-la-diabetes-oculta\/\" \/>\n<meta property=\"og:locale\" content=\"ca_ES\" \/>\n<meta property=\"og:type\" content=\"article\" \/>\n<meta property=\"og:title\" content=\"Pots tenir diabetis sense saber-ho? La diabetis oculta - MGC M\u00fatua\" \/>\n<meta property=\"og:description\" content=\"La diabetis mellitus \u00e9s una malaltia cr\u00f2nica del metabolisme que es caracteritza per l\u2019augment del sucre (glucosa) a la sang. La causen els defectes en la secreci\u00f3 de la insulina \u2014una hormona secretada pel p\u00e0ncreas\u2014, en l\u2019acci\u00f3 d\u2019aquesta hormona al cos o totes dues coses alhora. N\u2019hi ha de dues classes, de tipus 1 i [&hellip;]\" \/>\n<meta property=\"og:url\" content=\"https:\/\/www.mgc.es\/blog\/puedes-tener-diabetes-y-no-saberlo-la-diabetes-oculta\/\" \/>\n<meta property=\"og:site_name\" content=\"MGC M\u00fatua\" \/>\n<meta property=\"article:publisher\" content=\"https:\/\/www.facebook.com\/mgcmutua\" \/>\n<meta property=\"article:published_time\" content=\"2024-05-09T10:39:54+00:00\" \/>\n<meta property=\"og:image\" content=\"https:\/\/www.mgc.es\/wp-content\/uploads\/2024\/02\/obesa-de-espaldas2.jpg\" \/>\n\t<meta property=\"og:image:width\" content=\"800\" \/>\n\t<meta property=\"og:image:height\" content=\"480\" \/>\n\t<meta property=\"og:image:type\" content=\"image\/jpeg\" \/>\n<meta name=\"author\" content=\"Revista Inter\u00e8s Mutu\" \/>\n<meta name=\"twitter:card\" content=\"summary_large_image\" \/>\n<meta name=\"twitter:creator\" content=\"@mgcmutua\" \/>\n<meta name=\"twitter:site\" content=\"@mgcmutua\" \/>\n<meta name=\"twitter:label1\" content=\"Escrit per\" \/>\n\t<meta name=\"twitter:data1\" content=\"Revista Inter\u00e8s Mutu\" \/>\n\t<meta name=\"twitter:label2\" content=\"Temps estimat de lectura\" \/>\n\t<meta name=\"twitter:data2\" content=\"5 minuts\" \/>\n<!-- \/ Yoast SEO plugin. -->","yoast_head_json":{"title":"Pots tenir diabetis sense saber-ho? La diabetis oculta - MGC M\u00fatua","robots":{"index":"index","follow":"follow","max-snippet":"max-snippet:-1","max-image-preview":"max-image-preview:large","max-video-preview":"max-video-preview:-1"},"canonical":"https:\/\/www.mgc.es\/blog\/puedes-tener-diabetes-y-no-saberlo-la-diabetes-oculta\/","og_locale":"ca_ES","og_type":"article","og_title":"Pots tenir diabetis sense saber-ho? La diabetis oculta - MGC M\u00fatua","og_description":"La diabetis mellitus \u00e9s una malaltia cr\u00f2nica del metabolisme que es caracteritza per l\u2019augment del sucre (glucosa) a la sang. La causen els defectes en la secreci\u00f3 de la insulina \u2014una hormona secretada pel p\u00e0ncreas\u2014, en l\u2019acci\u00f3 d\u2019aquesta hormona al cos o totes dues coses alhora. N\u2019hi ha de dues classes, de tipus 1 i [&hellip;]","og_url":"https:\/\/www.mgc.es\/blog\/puedes-tener-diabetes-y-no-saberlo-la-diabetes-oculta\/","og_site_name":"MGC M\u00fatua","article_publisher":"https:\/\/www.facebook.com\/mgcmutua","article_published_time":"2024-05-09T10:39:54+00:00","og_image":[{"width":800,"height":480,"url":"https:\/\/www.mgc.es\/wp-content\/uploads\/2024\/02\/obesa-de-espaldas2.jpg","type":"image\/jpeg"}],"author":"Revista Inter\u00e8s Mutu","twitter_card":"summary_large_image","twitter_creator":"@mgcmutua","twitter_site":"@mgcmutua","twitter_misc":{"Escrit per":"Revista Inter\u00e8s Mutu","Temps estimat de lectura":"5 minuts"},"schema":{"@context":"https:\/\/schema.org","@graph":[{"@type":["Article","BlogPosting"],"@id":"https:\/\/www.mgc.es\/blog\/puedes-tener-diabetes-y-no-saberlo-la-diabetes-oculta\/#article","isPartOf":{"@id":"https:\/\/www.mgc.es\/blog\/puedes-tener-diabetes-y-no-saberlo-la-diabetes-oculta\/"},"author":{"name":"Revista Inter\u00e8s Mutu","@id":"https:\/\/www.mgc.es\/#\/schema\/person\/010c961d9c9acf38f11187a02b646c16"},"headline":"Pots tenir diabetis sense saber-ho? La diabetis oculta","datePublished":"2024-05-09T10:39:54+00:00","mainEntityOfPage":{"@id":"https:\/\/www.mgc.es\/blog\/puedes-tener-diabetes-y-no-saberlo-la-diabetes-oculta\/"},"wordCount":965,"publisher":{"@id":"https:\/\/www.mgc.es\/#organization"},"image":{"@id":"https:\/\/www.mgc.es\/blog\/puedes-tener-diabetes-y-no-saberlo-la-diabetes-oculta\/#primaryimage"},"thumbnailUrl":"https:\/\/www.mgc.es\/wp-content\/uploads\/2024\/02\/obesa-de-espaldas2.jpg","articleSection":["Malalties i salut general","Salut i medicina"],"inLanguage":"ca"},{"@type":["WebPage","ItemPage"],"@id":"https:\/\/www.mgc.es\/blog\/puedes-tener-diabetes-y-no-saberlo-la-diabetes-oculta\/","url":"https:\/\/www.mgc.es\/blog\/puedes-tener-diabetes-y-no-saberlo-la-diabetes-oculta\/","name":"Pots tenir diabetis sense saber-ho? La diabetis oculta - MGC M\u00fatua","isPartOf":{"@id":"https:\/\/www.mgc.es\/#website"},"primaryImageOfPage":{"@id":"https:\/\/www.mgc.es\/blog\/puedes-tener-diabetes-y-no-saberlo-la-diabetes-oculta\/#primaryimage"},"image":{"@id":"https:\/\/www.mgc.es\/blog\/puedes-tener-diabetes-y-no-saberlo-la-diabetes-oculta\/#primaryimage"},"thumbnailUrl":"https:\/\/www.mgc.es\/wp-content\/uploads\/2024\/02\/obesa-de-espaldas2.jpg","datePublished":"2024-05-09T10:39:54+00:00","breadcrumb":{"@id":"https:\/\/www.mgc.es\/blog\/puedes-tener-diabetes-y-no-saberlo-la-diabetes-oculta\/#breadcrumb"},"inLanguage":"ca","potentialAction":[{"@type":"ReadAction","target":["https:\/\/www.mgc.es\/blog\/puedes-tener-diabetes-y-no-saberlo-la-diabetes-oculta\/"]}]},{"@type":"ImageObject","inLanguage":"ca","@id":"https:\/\/www.mgc.es\/blog\/puedes-tener-diabetes-y-no-saberlo-la-diabetes-oculta\/#primaryimage","url":"https:\/\/www.mgc.es\/wp-content\/uploads\/2024\/02\/obesa-de-espaldas2.jpg","contentUrl":"https:\/\/www.mgc.es\/wp-content\/uploads\/2024\/02\/obesa-de-espaldas2.jpg","width":800,"height":480,"caption":"Middle aged stout woman sitting with back"},{"@type":"BreadcrumbList","@id":"https:\/\/www.mgc.es\/blog\/puedes-tener-diabetes-y-no-saberlo-la-diabetes-oculta\/#breadcrumb","itemListElement":[{"@type":"ListItem","position":1,"name":"Home","item":"https:\/\/www.mgc.es\/ca\/"},{"@type":"ListItem","position":2,"name":"Pots tenir diabetis sense saber-ho? La diabetis oculta"}]},{"@type":"WebSite","@id":"https:\/\/www.mgc.es\/#website","url":"https:\/\/www.mgc.es\/","name":"MGC M\u00fatua","description":"MGC M\u00fatua \u00e9s una entitat asseguradora sense \u00e0nim de lucre constitu\u00efda al 1982 i especialitzada en assegurances de salut i assist\u00e8ncia.","publisher":{"@id":"https:\/\/www.mgc.es\/#organization"},"alternateName":"MGC","potentialAction":[{"@type":"SearchAction","target":{"@type":"EntryPoint","urlTemplate":"https:\/\/www.mgc.es\/?s={search_term_string}"},"query-input":{"@type":"PropertyValueSpecification","valueRequired":true,"valueName":"search_term_string"}}],"inLanguage":"ca"},{"@type":"Organization","@id":"https:\/\/www.mgc.es\/#organization","name":"MGC Mutua","alternateName":"MGC","url":"https:\/\/www.mgc.es\/","logo":{"@type":"ImageObject","inLanguage":"ca","@id":"https:\/\/www.mgc.es\/#\/schema\/logo\/image\/","url":"https:\/\/www.mgc.es\/wp-content\/uploads\/2020\/03\/mgcmutua_h2_2t_reduccions.png","contentUrl":"https:\/\/www.mgc.es\/wp-content\/uploads\/2020\/03\/mgcmutua_h2_2t_reduccions.png","width":303,"height":165,"caption":"MGC Mutua"},"image":{"@id":"https:\/\/www.mgc.es\/#\/schema\/logo\/image\/"},"sameAs":["https:\/\/www.facebook.com\/mgcmutua","https:\/\/x.com\/mgcmutua","https:\/\/www.youtube.com\/c\/MGCMutua"]},{"@type":"Person","@id":"https:\/\/www.mgc.es\/#\/schema\/person\/010c961d9c9acf38f11187a02b646c16","name":"Revista Inter\u00e8s Mutu","image":{"@type":"ImageObject","inLanguage":"ca","@id":"https:\/\/secure.gravatar.com\/avatar\/52302d684339b9d7bf5691e2ad00835d62ce3b4a435f21ca9f21fbe39c63cb1b?s=96&d=mm&r=g","url":"https:\/\/secure.gravatar.com\/avatar\/52302d684339b9d7bf5691e2ad00835d62ce3b4a435f21ca9f21fbe39c63cb1b?s=96&d=mm&r=g","contentUrl":"https:\/\/secure.gravatar.com\/avatar\/52302d684339b9d7bf5691e2ad00835d62ce3b4a435f21ca9f21fbe39c63cb1b?s=96&d=mm&r=g","caption":"Revista Inter\u00e8s Mutu"}}]}},"_links":{"self":[{"href":"https:\/\/www.mgc.es\/ca\/wp-json\/wp\/v2\/posts\/31712","targetHints":{"allow":["GET"]}}],"collection":[{"href":"https:\/\/www.mgc.es\/ca\/wp-json\/wp\/v2\/posts"}],"about":[{"href":"https:\/\/www.mgc.es\/ca\/wp-json\/wp\/v2\/types\/post"}],"author":[{"embeddable":true,"href":"https:\/\/www.mgc.es\/ca\/wp-json\/wp\/v2\/users\/3"}],"replies":[{"embeddable":true,"href":"https:\/\/www.mgc.es\/ca\/wp-json\/wp\/v2\/comments?post=31712"}],"version-history":[{"count":1,"href":"https:\/\/www.mgc.es\/ca\/wp-json\/wp\/v2\/posts\/31712\/revisions"}],"predecessor-version":[{"id":31713,"href":"https:\/\/www.mgc.es\/ca\/wp-json\/wp\/v2\/posts\/31712\/revisions\/31713"}],"wp:featuredmedia":[{"embeddable":true,"href":"https:\/\/www.mgc.es\/ca\/wp-json\/wp\/v2\/media\/31708"}],"wp:attachment":[{"href":"https:\/\/www.mgc.es\/ca\/wp-json\/wp\/v2\/media?parent=31712"}],"wp:term":[{"taxonomy":"category","embeddable":true,"href":"https:\/\/www.mgc.es\/ca\/wp-json\/wp\/v2\/categories?post=31712"},{"taxonomy":"post_tag","embeddable":true,"href":"https:\/\/www.mgc.es\/ca\/wp-json\/wp\/v2\/tags?post=31712"}],"curies":[{"name":"wp","href":"https:\/\/api.w.org\/{rel}","templated":true}]}}