{"id":31405,"date":"2024-04-04T15:56:32","date_gmt":"2024-04-04T13:56:32","guid":{"rendered":"https:\/\/www.mgc.es\/?p=31405"},"modified":"2024-01-25T15:59:11","modified_gmt":"2024-01-25T14:59:11","slug":"la-meningitis-els-simptomes-les-causes-el-tractament-i-la-prevencio","status":"publish","type":"post","link":"https:\/\/www.mgc.es\/ca\/blog\/la-meningitis-els-simptomes-les-causes-el-tractament-i-la-prevencio\/","title":{"rendered":"La meningitis: els s\u00edmptomes, les causes, el tractament i la prevenci\u00f3"},"content":{"rendered":"<div id=\"ez-toc-container\" class=\"ez-toc-v2_0_82_1 counter-hierarchy ez-toc-counter ez-toc-custom ez-toc-container-direction\">\n<div class=\"ez-toc-title-container\"><p class=\"ez-toc-title\" style=\"cursor:inherit\">\u00cdndex de continguts<\/p>\n<\/div><nav><ul class='ez-toc-list ez-toc-list-level-1 ' ><li class='ez-toc-page-1 ez-toc-heading-level-2'><a class=\"ez-toc-link ez-toc-heading-1\" href=\"https:\/\/www.mgc.es\/ca\/blog\/la-meningitis-els-simptomes-les-causes-el-tractament-i-la-prevencio\/#Les_meninges_i_la_meningitis\" >Les meninges i la meningitis<\/a><\/li><li class='ez-toc-page-1 ez-toc-heading-level-2'><a class=\"ez-toc-link ez-toc-heading-2\" href=\"https:\/\/www.mgc.es\/ca\/blog\/la-meningitis-els-simptomes-les-causes-el-tractament-i-la-prevencio\/#Simptomes_de_la_meningitis\" >S\u00edmptomes de la meningitis<\/a><\/li><li class='ez-toc-page-1 ez-toc-heading-level-2'><a class=\"ez-toc-link ez-toc-heading-3\" href=\"https:\/\/www.mgc.es\/ca\/blog\/la-meningitis-els-simptomes-les-causes-el-tractament-i-la-prevencio\/#Per_que_es_produeix_la_meningitis\" >Per qu\u00e8 es produeix la meningitis?<\/a><\/li><li class='ez-toc-page-1 ez-toc-heading-level-2'><a class=\"ez-toc-link ez-toc-heading-4\" href=\"https:\/\/www.mgc.es\/ca\/blog\/la-meningitis-els-simptomes-les-causes-el-tractament-i-la-prevencio\/#Causa_mes_frequent_de_la_meningitis\" >Causa m\u00e9s freq\u00fcent de la meningitis<\/a><\/li><li class='ez-toc-page-1 ez-toc-heading-level-2'><a class=\"ez-toc-link ez-toc-heading-5\" href=\"https:\/\/www.mgc.es\/ca\/blog\/la-meningitis-els-simptomes-les-causes-el-tractament-i-la-prevencio\/#Problemes_que_pot_comportar_una_meningitis\" >Problemes que pot comportar una meningitis<\/a><\/li><li class='ez-toc-page-1 ez-toc-heading-level-2'><a class=\"ez-toc-link ez-toc-heading-6\" href=\"https:\/\/www.mgc.es\/ca\/blog\/la-meningitis-els-simptomes-les-causes-el-tractament-i-la-prevencio\/#Possibles_complicacions\" >Possibles complicacions<\/a><\/li><li class='ez-toc-page-1 ez-toc-heading-level-2'><a class=\"ez-toc-link ez-toc-heading-7\" href=\"https:\/\/www.mgc.es\/ca\/blog\/la-meningitis-els-simptomes-les-causes-el-tractament-i-la-prevencio\/#Com_es_tracta_la_meningitis\" >Com es tracta la meningitis?<\/a><\/li><li class='ez-toc-page-1 ez-toc-heading-level-2'><a class=\"ez-toc-link ez-toc-heading-8\" href=\"https:\/\/www.mgc.es\/ca\/blog\/la-meningitis-els-simptomes-les-causes-el-tractament-i-la-prevencio\/#Hi_ha_cap_vacci_contra_el_meningococ\" >Hi ha cap vacc\u00ed contra el meningococ?<\/a><\/li><li class='ez-toc-page-1 ez-toc-heading-level-2'><a class=\"ez-toc-link ez-toc-heading-9\" href=\"https:\/\/www.mgc.es\/ca\/blog\/la-meningitis-els-simptomes-les-causes-el-tractament-i-la-prevencio\/#Prevencio_de_la_meningitis\" >Prevenci\u00f3 de la meningitis<\/a><\/li><\/ul><\/nav><\/div>\n\n<figure class=\"wp-block-image size-full\"><img loading=\"lazy\" decoding=\"async\" width=\"800\" height=\"534\" src=\"https:\/\/www.mgc.es\/wp-content\/uploads\/2024\/01\/fiebre-meningitis.jpg\" alt=\"\" class=\"wp-image-31401\" srcset=\"https:\/\/www.mgc.es\/wp-content\/uploads\/2024\/01\/fiebre-meningitis.jpg 800w, https:\/\/www.mgc.es\/wp-content\/uploads\/2024\/01\/fiebre-meningitis-440x294.jpg 440w, https:\/\/www.mgc.es\/wp-content\/uploads\/2024\/01\/fiebre-meningitis-768x513.jpg 768w\" sizes=\"auto, (max-width: 800px) 100vw, 800px\" \/><\/figure>\n\n\n\n<h2 class=\"wp-block-heading\"><span class=\"ez-toc-section\" id=\"Les_meninges_i_la_meningitis\"><\/span><strong>Les meninges i la meningitis<\/strong><span class=\"ez-toc-section-end\"><\/span><\/h2>\n\n\n\n<p>Les <a href=\"https:\/\/es.slideshare.net\/nadryperez\/meninges-47587922\">meninges<\/a> s\u00f3n unes estructures que envolten la part noble del cervell com un embolcall. La meningitis \u00e9s una inflamaci\u00f3 d\u2019aquestes estructures.<\/p>\n\n\n\n<p>La inflamaci\u00f3 es constata amb l\u2019an\u00e0lisi del l\u00edquid cefalorraquidi (LCR), que \u00e9s un fluid que protegeix les diferents estructures del sistema nervi\u00f3s central, i \u00e9s situat al cap i al llarg de tota la medul\u00b7la espinal. La medul\u00b7la espinal t\u00e9, aproximadament, la consist\u00e8ncia d\u2019un flam, i si estigu\u00e9s ancorada de manera r\u00edgida dins la columna vertebral, qualsevol moviment brusc que f\u00e9ssim o qualsevol traumatisme que pat\u00eds l\u2019esquena (empentes, caigudes) la podrien danyar i les conseq\u00fc\u00e8ncies serien molt greus. Per aquest motiu, la natura ha ideat el l\u00edquid cefalorraquidi, en el qual sura la medul\u00b7la espinal, de manera que \u00e9s m\u00e9s dif\u00edcil que es danyi.<\/p>\n\n\n\n<p>Quan les meninges s\u2019inflamen, les c\u00e8l\u00b7lules inflamat\u00f2ries (en ess\u00e8ncia, totes les encarregades de defensar el nostre organisme) i els g\u00e8rmens que han originat la inflamaci\u00f3 passen al l\u00edquid cefalorraquidi. L\u2019an\u00e0lisi d\u2019aquest l\u00edquid es fa mitjan\u00e7ant una <a href=\"https:\/\/medlineplus.gov\/spanish\/ency\/esp_imagepages\/19078.htm\">punci\u00f3 lumbar<\/a>, en una zona molt precisa on no hi ha medul\u00b7la espinal.<\/p>\n\n\n\n<p>Al nostre entorn, la mortalitat per aquesta classe de meningitis \u00e9s de poc m\u00e9s del 5&nbsp;%, i est\u00e0 clarament relacionada amb l\u2019endarreriment en el tractament. Aix\u00ed doncs, tan bon punt se\u2019n manifesti un petit s\u00edmptoma, cal anar al metge.<\/p>\n\n\n\n<h2 class=\"wp-block-heading\"><span class=\"ez-toc-section\" id=\"Simptomes_de_la_meningitis\"><\/span><strong>S\u00edmptomes de la meningitis<\/strong><strong><\/strong><span class=\"ez-toc-section-end\"><\/span><\/h2>\n\n\n\n<p>Totes les meningitis es defineixen segons una s\u00e8rie de signes i s\u00edmptomes:<\/p>\n\n\n\n<ul class=\"wp-block-list\">\n<li>La manifestaci\u00f3 m\u00e9s important de la meningitis \u00e9s el mal de cap o cefalea; sol afectar tot el cap, si b\u00e9 alguns pacients poden notar m\u00e9s mol\u00e8sties en la zona posterior. Pot ser molt intens i sol anar acompanyat de sensibilitat a la llum i al soroll.<\/li>\n\n\n\n<li>Habitualment els pacients amb meningitis tenen v\u00f2mits sense relaci\u00f3 amb la digesti\u00f3; en general, van precedits de basques i solen estar associats a la gravetat de la cefalea.<\/li>\n\n\n\n<li>Sovint la febre \u00e9s molt elevada i, normalment, s\u2019acompanya de calfreds previs; aquest s\u00edmptoma potser no apareix en el cas de la gent gran.<\/li>\n\n\n\n<li>Els anomenats <a href=\"file:\/\/\/C:\/Users\/eduar\/Downloads\/S0212538205713881.pdf\">signes d\u2019irritaci\u00f3 men\u00edngia<\/a> ajuden a fer-ne el diagn\u00f2stic. El signe principal \u00e9s la rigidesa del clatell, que fa impossible per al pacient de tocar-se el pit amb la barbeta; aquest moviment li \u00e9s molt dolor\u00f3s.<\/li>\n\n\n\n<li>A m\u00e9s d\u2019aquests s\u00edmptomes, hi pot haver certa disminuci\u00f3 del grau de consci\u00e8ncia: els pacients responen vagament les nostres indicacions, no saben com es diuen o on s\u00f3n. Tamb\u00e9 es poden produir convulsions o altres s\u00edmptomes.<\/li>\n<\/ul>\n\n\n\n<h2 class=\"wp-block-heading\"><span class=\"ez-toc-section\" id=\"Per_que_es_produeix_la_meningitis\"><\/span><strong>Per qu\u00e8 es produeix la meningitis?<\/strong><strong><\/strong><span class=\"ez-toc-section-end\"><\/span><\/h2>\n\n\n\n<p>Els g\u00e8rmens que causen la meningitis s\u00f3n molt variats i inclouen bacteris, virus, fongs o altres agents infecciosos. Aix\u00ed mateix, la inflamaci\u00f3 de les meninges es pot produir per una irritaci\u00f3 qu\u00edmica o per una infiltraci\u00f3 de c\u00e8l\u00b7lules malignes.<\/p>\n\n\n\n<p>Els <a href=\"https:\/\/www.cdc.gov\/meningitis\/bacterial-sp.html\">agents pat\u00f2gens<\/a> penetren fins a les meninges que, tal com hem dit, s\u00f3n una estructura interna del cap, per tres vies possibles:<\/p>\n\n\n\n<ul class=\"wp-block-list\">\n<li>La sang, des d\u2019un focus proper a les meninges (per exemple, algunes infecciones de l\u2019orella interna).<\/li>\n\n\n\n<li>Per contacte directe (s\u2019esdev\u00e9 quan hi ha fractures cranials obertes).<\/li>\n\n\n\n<li>Despr\u00e9s d\u2019una intervenci\u00f3 neuroquir\u00fargica.<\/li>\n<\/ul>\n\n\n\n<h2 class=\"wp-block-heading\"><span class=\"ez-toc-section\" id=\"Causa_mes_frequent_de_la_meningitis\"><\/span><strong>Causa m\u00e9s freq\u00fcent de la meningitis<\/strong><strong><\/strong><span class=\"ez-toc-section-end\"><\/span><\/h2>\n\n\n\n<p>Un dels pat\u00f2gens m\u00e9s freq\u00fcents en l\u2019aparici\u00f3 de la meningitis \u00e9s el <a href=\"https:\/\/www.msdmanuals.com\/es-es\/professional\/enfermedades-infecciosas\/cocos-gramnegativos-y-cocobacilos\/enfermedades-meningoc%C3%B3ccicas\">meningococ<\/a>, que \u00e9s un bacteri en forma de galeta amb una marcada tend\u00e8ncia a inflamar les estructures men\u00edngies.<\/p>\n\n\n\n<p>S\u2019han distingit cinc classes diferents de meningococ: A, B, C, W i Y. Cada un t\u00e9 unes caracter\u00edstiques especials, que no tractarem en aquest article perqu\u00e8 en sobrepassa l\u2019abast. Tanmateix, saber que hi ha aquestes subclasses \u00e9s fonamental per entendre el problema que planteja la vaccinaci\u00f3.<\/p>\n\n\n\n<p>La meningitis per meningococ pot apar\u00e8ixer de manera espor\u00e0dica, \u00e9s a dir, que en una comunitat en sorgeixi un cas a\u00efllat; o b\u00e9 associada a brots epid\u00e8mics de meningitis, com passa a vegades en alguns punts d\u2019Espanya.<\/p>\n\n\n\n<p>Pot afectar pacients de qualsevol edat, per\u00f2 \u00e9s m\u00e9s usual en infants i adults joves. Es pot donar en qualsevol moment de l\u2019any, encara que \u00e9s m\u00e9s freq\u00fcent trobar-ne casos a l\u2019hivern i al principi de la primavera.<\/p>\n\n\n\n<p>L\u2019agent patogen es localitza habitualment a la zona nasofar\u00edngia (nas i coll), i en un 50&nbsp;% dels casos aproximadament precedeixen o acompanyen la malaltia mol\u00e8sties quan s\u2019empassen aliments o amigdalitis. Des de la nasofaringe el germen pot viatjar per la sang i arribar a diferents \u00f2rgans, com les articulacions, les meninges, el cor, les orelles o els ulls. Una dada molt important en la meningitis per meningococ \u00e9s la pres\u00e8ncia de certes <a href=\"https:\/\/medlineplus.gov\/spanish\/ency\/article\/000608.htm\">taques cut\u00e0nies<\/a> \u2014surten en gaireb\u00e9 el 60&nbsp;% dels pacients amb meningitis per meningococ\u2013 que es poden presentar en qualsevol lloc de l\u2019organisme.<\/p>\n\n\n\n<figure class=\"wp-block-image size-full\"><img loading=\"lazy\" decoding=\"async\" width=\"800\" height=\"600\" src=\"https:\/\/www.mgc.es\/wp-content\/uploads\/2024\/01\/cerebro2.jpg\" alt=\"\" class=\"wp-image-31403\" srcset=\"https:\/\/www.mgc.es\/wp-content\/uploads\/2024\/01\/cerebro2.jpg 800w, https:\/\/www.mgc.es\/wp-content\/uploads\/2024\/01\/cerebro2-440x330.jpg 440w, https:\/\/www.mgc.es\/wp-content\/uploads\/2024\/01\/cerebro2-768x576.jpg 768w\" sizes=\"auto, (max-width: 800px) 100vw, 800px\" \/><\/figure>\n\n\n\n<h2 class=\"wp-block-heading\"><span class=\"ez-toc-section\" id=\"Problemes_que_pot_comportar_una_meningitis\"><\/span><strong>Problemes que pot comportar una meningitis<\/strong><strong><\/strong><span class=\"ez-toc-section-end\"><\/span><\/h2>\n\n\n\n<p>L\u2019evoluci\u00f3 de la meningitis dep\u00e8n de diversos factors:<\/p>\n\n\n\n<ul class=\"wp-block-list\">\n<li>El temps que es triga a rebre el tractament des que comen\u00e7a la malaltia (com m\u00e9s retard hi ha, m\u00e9s probables s\u00f3n les complicacions).<\/li>\n\n\n\n<li>L\u2019edat del pacient: el pron\u00f2stic empitjora en infants i gent gran.<\/li>\n\n\n\n<li>Les possibles malalties associades del mateix pacient, perqu\u00e8 en pacients amb m\u00faltiples malalties, el pron\u00f2stic \u00e9s m\u00e9s greu.<\/li>\n\n\n\n<li>El germen causant de la inflamaci\u00f3 (hi ha pat\u00f2gens que s\u00f3n m\u00e9s agressius) i la seva virul\u00e8ncia.<\/li>\n<\/ul>\n\n\n\n<p>D\u2019aquesta manera, l\u2019evoluci\u00f3 de la malaltia pot anar de la curaci\u00f3 completa, que \u00e9s la tend\u00e8ncia m\u00e9s habitual a Espanya, fins a la inflamaci\u00f3 de les estructures encef\u00e0liques (<a href=\"https:\/\/www.mayoclinic.org\/es\/diseases-conditions\/encephalitis\/symptoms-causes\/syc-20356136#:~:text=La%20encefalitis%20es%20la%20inflamaci%C3%B3n,cerebro%2C%20se%20denomina%20encefalitis%20infecciosa.\">encefalitis<\/a>) i, anant malament, a la mort del pacient.<\/p>\n\n\n\n<h2 class=\"wp-block-heading\"><span class=\"ez-toc-section\" id=\"Possibles_complicacions\"><\/span><strong>Possibles complicacions<\/strong><span class=\"ez-toc-section-end\"><\/span><\/h2>\n\n\n\n<p>Les complicacions es deuen al grau d\u2019inflamaci\u00f3 de les meninges, un fet secundari a la infecci\u00f3. Normalment es resol completament i no en resten seq\u00fceles. Ben rarament la meningitis meningoc\u00f2ccica es complica amb sordesa, convulsions, ceguesa o altres classes d\u2019alteracions.<\/p>\n\n\n\n<h2 class=\"wp-block-heading\"><span class=\"ez-toc-section\" id=\"Com_es_tracta_la_meningitis\"><\/span><strong>Com es tracta la meningitis?<\/strong><strong><\/strong><span class=\"ez-toc-section-end\"><\/span><\/h2>\n\n\n\n<p>Tal com hem dit, la meningitis \u00e9s una malaltia potencialment mortal i causada, en la major part dels casos, per bacteris; aix\u00ed doncs, cal fer l\u2019ingr\u00e9s hospitalari al m\u00e9s aviat possible per comen\u00e7ar un <a href=\"https:\/\/www.cun.es\/enfermedades-tratamientos\/enfermedades\/meningitis\">tractament<\/a> amb antibi\u00f2tics intravenosos durant una setmana.<\/p>\n\n\n\n<p>Si se sospita que es t\u00e9 meningitis, s\u2019ha d\u2019anar immediatament a un servei d\u2019urg\u00e8ncies hospitalari perqu\u00e8 en faci l\u2019avaluaci\u00f3 un especialista.<\/p>\n\n\n\n<h2 class=\"wp-block-heading\"><span class=\"ez-toc-section\" id=\"Hi_ha_cap_vacci_contra_el_meningococ\"><\/span><strong>Hi ha cap vacc\u00ed contra el meningococ?<\/strong><strong><\/strong><span class=\"ez-toc-section-end\"><\/span><\/h2>\n\n\n\n<p>Actualment hi ha la vacuna tetravalent, que actua contra els grups A, C, W i Y. \u00c9s totalment segura, garanteix una bona resposta immunit\u00e0ria i concedeix protecci\u00f3 comunit\u00e0ria, \u00e9s a dir, serveix de protecci\u00f3 a la poblaci\u00f3 no vaccinada. La protecci\u00f3 estimada \u00e9s, almenys, de 5 a 10 anys.<\/p>\n\n\n\n<p>El vacc\u00ed contra la meningitis B \u00e9s relativament nou i encara no s\u2019ha determinat quant dura la protecci\u00f3 que ofereix.<\/p>\n\n\n\n<p>Tant la tetravalent com la del grup B tenen escassos efectes secundaris. Els principals efectes adversos que tenen els infants vaccinats s\u00f3n febre moderada o l\u2019aparici\u00f3 d\u2019una petita inflamaci\u00f3 al punt on s\u2019ha inoculat la vacuna, que desapareix al cap de pocs dies.<\/p>\n\n\n\n<p>Nom\u00e9s t\u00e9 tres contraindicacions:<\/p>\n\n\n\n<ul class=\"wp-block-list\">\n<li>Si el pacient t\u00e9 febre l\u2019endem\u00e0.<\/li>\n\n\n\n<li>Si pr\u00e8viament s\u2019ha tingut cap reacci\u00f3 al\u00b7l\u00e8rgica greu.<\/li>\n\n\n\n<li>Si la pacient est\u00e0 prenyada.<\/li>\n<\/ul>\n\n\n\n<p>Les vacunes s\u2019inclouen en els <a href=\"https:\/\/www.sanidad.gob.es\/areas\/promocionPrevencion\/vacunaciones\/calendario-y-coberturas\/home.htm\">calendaris de vaccinaci\u00f3<\/a> de la Seguretat Social:<\/p>\n\n\n\n<ul class=\"wp-block-list\">\n<li>Meningitis B: 2, 4 i 12 mesos d\u2019edat.<\/li>\n\n\n\n<li>Meningitis C: 4 i 12 mesos.<\/li>\n\n\n\n<li>Meningitis A, C, W, Y: als 12 anys, amb dosis de record dels 13 als 18 anys.<\/li>\n<\/ul>\n\n\n\n<h2 class=\"wp-block-heading\"><span class=\"ez-toc-section\" id=\"Prevencio_de_la_meningitis\"><\/span><strong>Prevenci\u00f3 de la meningitis<\/strong><strong><\/strong><span class=\"ez-toc-section-end\"><\/span><\/h2>\n\n\n\n<p>S\u2019estima que els portadors del meningococ a la nasofaringe varia entre el 2 i el 5&nbsp;% dels nens sans. Tot i que la meningitis meningoc\u00f2ccica generalment \u00e9s una malaltia infantil, el microorganisme s\u2019encomana d\u2019un portador adult, que sol ser de la mateixa fam\u00edlia. La probabilitat de tenir la malaltia despr\u00e9s d\u2019un contacte familiar \u00e9s d\u2019aproximadament l\u20191&nbsp;%, una xifra que cal multiplicar per 1.000 quan el contacte es produeix dins la comunitat.<\/p>\n\n\n\n<p>El perill d\u2019agafar la malaltia despr\u00e9s del contacte amb un infant malalt \u00e9s, aproximadament, d\u2019un 1&nbsp;\u2030, i \u00e9s m\u00e9s freq\u00fcent en infants de menys de cinc anys, amb un risc m\u00e9s alt entre els 6 i els 12 mesos.<\/p>\n\n\n\n<p>S\u2019ha de vigilar especialment l\u2019exposici\u00f3 als contactes dins la fam\u00edlia, a l\u2019escola o a la llar d\u2019infants, i sempre que hi hagi cap cas de febre en alg\u00fa de l\u2019entorn, s\u2019ha d\u2019anar immediatament al metge.<\/p>\n\n\n\n<p>Bibliografia<\/p>\n\n\n\n<figure class=\"wp-block-embed\"><div class=\"wp-block-embed__wrapper\">\nhttps:\/\/www.msdmanuals.com\/es-es\/professional\/trastornos-neurol%C3%B3gicos\/meningitis\/generalidades-sobre-meningitis\n<\/div><\/figure>\n\n\n\n<figure class=\"wp-block-embed\"><div class=\"wp-block-embed__wrapper\">\nhttps:\/\/www.stanfordchildrens.org\/es\/topic\/default?id=meningitis-85-P03882\n<\/div><\/figure>\n\n\n\n<figure class=\"wp-block-embed\"><div class=\"wp-block-embed__wrapper\">\nhttps:\/\/www.sanidad.gob.es\/areas\/sanidadExterior\/laSaludTambienViaja\/consejosSanitarios\/docs\/2023_EnfermedadMeningococica_ULT_vf.pdf\n<\/div><\/figure>\n","protected":false},"excerpt":{"rendered":"<p>Les meninges i la meningitis Les meninges s\u00f3n unes estructures que envolten la part noble del cervell com un embolcall. La meningitis \u00e9s una inflamaci\u00f3 d\u2019aquestes estructures. La inflamaci\u00f3 es constata amb l\u2019an\u00e0lisi del l\u00edquid cefalorraquidi (LCR), que \u00e9s un fluid que protegeix les diferents estructures del sistema nervi\u00f3s central, i \u00e9s situat al cap [&hellip;]<\/p>\n","protected":false},"author":3,"featured_media":31401,"comment_status":"closed","ping_status":"closed","sticky":false,"template":"","format":"standard","meta":{"footnotes":""},"categories":[15],"tags":[],"class_list":["post-31405","post","type-post","status-publish","format-standard","has-post-thumbnail","hentry","category-salut"],"featured_image_src":"https:\/\/www.mgc.es\/wp-content\/uploads\/2024\/01\/fiebre-meningitis.jpg","author_info":{"display_name":"Revista Inter\u00e8s Mutu","author_link":"https:\/\/www.mgc.es\/ca\/blog\/author\/interesmutu\/"},"yoast_head":"<!-- This site is optimized with the Yoast SEO plugin v27.2 - https:\/\/yoast.com\/product\/yoast-seo-wordpress\/ -->\n<title>La meningitis: els s\u00edmptomes, les causes, el tractament i la prevenci\u00f3 - MGC M\u00fatua<\/title>\n<meta name=\"robots\" content=\"index, follow, max-snippet:-1, max-image-preview:large, max-video-preview:-1\" \/>\n<link rel=\"canonical\" href=\"https:\/\/www.mgc.es\/blog\/la-meningitis-sus-sintomas-causas-tratamiento-y-prevencion\/\" \/>\n<meta property=\"og:locale\" content=\"ca_ES\" \/>\n<meta property=\"og:type\" content=\"article\" \/>\n<meta property=\"og:title\" content=\"La meningitis: els s\u00edmptomes, les causes, el tractament i la prevenci\u00f3 - MGC M\u00fatua\" \/>\n<meta property=\"og:description\" content=\"Les meninges i la meningitis Les meninges s\u00f3n unes estructures que envolten la part noble del cervell com un embolcall. La meningitis \u00e9s una inflamaci\u00f3 d\u2019aquestes estructures. La inflamaci\u00f3 es constata amb l\u2019an\u00e0lisi del l\u00edquid cefalorraquidi (LCR), que \u00e9s un fluid que protegeix les diferents estructures del sistema nervi\u00f3s central, i \u00e9s situat al cap [&hellip;]\" \/>\n<meta property=\"og:url\" content=\"https:\/\/www.mgc.es\/blog\/la-meningitis-sus-sintomas-causas-tratamiento-y-prevencion\/\" \/>\n<meta property=\"og:site_name\" content=\"MGC M\u00fatua\" \/>\n<meta property=\"article:publisher\" content=\"https:\/\/www.facebook.com\/mgcmutua\" \/>\n<meta property=\"article:published_time\" content=\"2024-04-04T13:56:32+00:00\" \/>\n<meta property=\"og:image\" content=\"https:\/\/www.mgc.es\/wp-content\/uploads\/2024\/01\/fiebre-meningitis.jpg\" \/>\n\t<meta property=\"og:image:width\" content=\"800\" \/>\n\t<meta property=\"og:image:height\" content=\"534\" \/>\n\t<meta property=\"og:image:type\" content=\"image\/jpeg\" \/>\n<meta name=\"author\" content=\"Revista Inter\u00e8s Mutu\" \/>\n<meta name=\"twitter:card\" content=\"summary_large_image\" \/>\n<meta name=\"twitter:creator\" content=\"@mgcmutua\" \/>\n<meta name=\"twitter:site\" content=\"@mgcmutua\" \/>\n<meta name=\"twitter:label1\" content=\"Escrit per\" \/>\n\t<meta name=\"twitter:data1\" content=\"Revista Inter\u00e8s Mutu\" \/>\n\t<meta name=\"twitter:label2\" content=\"Temps estimat de lectura\" \/>\n\t<meta name=\"twitter:data2\" content=\"7 minuts\" \/>\n<!-- \/ Yoast SEO plugin. -->","yoast_head_json":{"title":"La meningitis: els s\u00edmptomes, les causes, el tractament i la prevenci\u00f3 - MGC M\u00fatua","robots":{"index":"index","follow":"follow","max-snippet":"max-snippet:-1","max-image-preview":"max-image-preview:large","max-video-preview":"max-video-preview:-1"},"canonical":"https:\/\/www.mgc.es\/blog\/la-meningitis-sus-sintomas-causas-tratamiento-y-prevencion\/","og_locale":"ca_ES","og_type":"article","og_title":"La meningitis: els s\u00edmptomes, les causes, el tractament i la prevenci\u00f3 - MGC M\u00fatua","og_description":"Les meninges i la meningitis Les meninges s\u00f3n unes estructures que envolten la part noble del cervell com un embolcall. La meningitis \u00e9s una inflamaci\u00f3 d\u2019aquestes estructures. La inflamaci\u00f3 es constata amb l\u2019an\u00e0lisi del l\u00edquid cefalorraquidi (LCR), que \u00e9s un fluid que protegeix les diferents estructures del sistema nervi\u00f3s central, i \u00e9s situat al cap [&hellip;]","og_url":"https:\/\/www.mgc.es\/blog\/la-meningitis-sus-sintomas-causas-tratamiento-y-prevencion\/","og_site_name":"MGC M\u00fatua","article_publisher":"https:\/\/www.facebook.com\/mgcmutua","article_published_time":"2024-04-04T13:56:32+00:00","og_image":[{"width":800,"height":534,"url":"https:\/\/www.mgc.es\/wp-content\/uploads\/2024\/01\/fiebre-meningitis.jpg","type":"image\/jpeg"}],"author":"Revista Inter\u00e8s Mutu","twitter_card":"summary_large_image","twitter_creator":"@mgcmutua","twitter_site":"@mgcmutua","twitter_misc":{"Escrit per":"Revista Inter\u00e8s Mutu","Temps estimat de lectura":"7 minuts"},"schema":{"@context":"https:\/\/schema.org","@graph":[{"@type":["Article","BlogPosting"],"@id":"https:\/\/www.mgc.es\/blog\/la-meningitis-sus-sintomas-causas-tratamiento-y-prevencion\/#article","isPartOf":{"@id":"https:\/\/www.mgc.es\/blog\/la-meningitis-sus-sintomas-causas-tratamiento-y-prevencion\/"},"author":{"name":"Revista Inter\u00e8s Mutu","@id":"https:\/\/www.mgc.es\/#\/schema\/person\/010c961d9c9acf38f11187a02b646c16"},"headline":"La meningitis: els s\u00edmptomes, les causes, el tractament i la prevenci\u00f3","datePublished":"2024-04-04T13:56:32+00:00","mainEntityOfPage":{"@id":"https:\/\/www.mgc.es\/blog\/la-meningitis-sus-sintomas-causas-tratamiento-y-prevencion\/"},"wordCount":1524,"publisher":{"@id":"https:\/\/www.mgc.es\/#organization"},"image":{"@id":"https:\/\/www.mgc.es\/blog\/la-meningitis-sus-sintomas-causas-tratamiento-y-prevencion\/#primaryimage"},"thumbnailUrl":"https:\/\/www.mgc.es\/wp-content\/uploads\/2024\/01\/fiebre-meningitis.jpg","articleSection":["Salut i medicina"],"inLanguage":"ca"},{"@type":["WebPage","ItemPage"],"@id":"https:\/\/www.mgc.es\/blog\/la-meningitis-sus-sintomas-causas-tratamiento-y-prevencion\/","url":"https:\/\/www.mgc.es\/blog\/la-meningitis-sus-sintomas-causas-tratamiento-y-prevencion\/","name":"La meningitis: els s\u00edmptomes, les causes, el tractament i la prevenci\u00f3 - MGC M\u00fatua","isPartOf":{"@id":"https:\/\/www.mgc.es\/#website"},"primaryImageOfPage":{"@id":"https:\/\/www.mgc.es\/blog\/la-meningitis-sus-sintomas-causas-tratamiento-y-prevencion\/#primaryimage"},"image":{"@id":"https:\/\/www.mgc.es\/blog\/la-meningitis-sus-sintomas-causas-tratamiento-y-prevencion\/#primaryimage"},"thumbnailUrl":"https:\/\/www.mgc.es\/wp-content\/uploads\/2024\/01\/fiebre-meningitis.jpg","datePublished":"2024-04-04T13:56:32+00:00","breadcrumb":{"@id":"https:\/\/www.mgc.es\/blog\/la-meningitis-sus-sintomas-causas-tratamiento-y-prevencion\/#breadcrumb"},"inLanguage":"ca","potentialAction":[{"@type":"ReadAction","target":["https:\/\/www.mgc.es\/blog\/la-meningitis-sus-sintomas-causas-tratamiento-y-prevencion\/"]}]},{"@type":"ImageObject","inLanguage":"ca","@id":"https:\/\/www.mgc.es\/blog\/la-meningitis-sus-sintomas-causas-tratamiento-y-prevencion\/#primaryimage","url":"https:\/\/www.mgc.es\/wp-content\/uploads\/2024\/01\/fiebre-meningitis.jpg","contentUrl":"https:\/\/www.mgc.es\/wp-content\/uploads\/2024\/01\/fiebre-meningitis.jpg","width":800,"height":534},{"@type":"BreadcrumbList","@id":"https:\/\/www.mgc.es\/blog\/la-meningitis-sus-sintomas-causas-tratamiento-y-prevencion\/#breadcrumb","itemListElement":[{"@type":"ListItem","position":1,"name":"Home","item":"https:\/\/www.mgc.es\/ca\/"},{"@type":"ListItem","position":2,"name":"La meningitis: els s\u00edmptomes, les causes, el tractament i la prevenci\u00f3"}]},{"@type":"WebSite","@id":"https:\/\/www.mgc.es\/#website","url":"https:\/\/www.mgc.es\/","name":"MGC M\u00fatua","description":"MGC M\u00fatua \u00e9s una entitat asseguradora sense \u00e0nim de lucre constitu\u00efda al 1982 i especialitzada en assegurances de salut i assist\u00e8ncia.","publisher":{"@id":"https:\/\/www.mgc.es\/#organization"},"alternateName":"MGC","potentialAction":[{"@type":"SearchAction","target":{"@type":"EntryPoint","urlTemplate":"https:\/\/www.mgc.es\/?s={search_term_string}"},"query-input":{"@type":"PropertyValueSpecification","valueRequired":true,"valueName":"search_term_string"}}],"inLanguage":"ca"},{"@type":"Organization","@id":"https:\/\/www.mgc.es\/#organization","name":"MGC Mutua","alternateName":"MGC","url":"https:\/\/www.mgc.es\/","logo":{"@type":"ImageObject","inLanguage":"ca","@id":"https:\/\/www.mgc.es\/#\/schema\/logo\/image\/","url":"https:\/\/www.mgc.es\/wp-content\/uploads\/2020\/03\/mgcmutua_h2_2t_reduccions.png","contentUrl":"https:\/\/www.mgc.es\/wp-content\/uploads\/2020\/03\/mgcmutua_h2_2t_reduccions.png","width":303,"height":165,"caption":"MGC Mutua"},"image":{"@id":"https:\/\/www.mgc.es\/#\/schema\/logo\/image\/"},"sameAs":["https:\/\/www.facebook.com\/mgcmutua","https:\/\/x.com\/mgcmutua","https:\/\/www.youtube.com\/c\/MGCMutua"]},{"@type":"Person","@id":"https:\/\/www.mgc.es\/#\/schema\/person\/010c961d9c9acf38f11187a02b646c16","name":"Revista Inter\u00e8s Mutu","image":{"@type":"ImageObject","inLanguage":"ca","@id":"https:\/\/secure.gravatar.com\/avatar\/52302d684339b9d7bf5691e2ad00835d62ce3b4a435f21ca9f21fbe39c63cb1b?s=96&d=mm&r=g","url":"https:\/\/secure.gravatar.com\/avatar\/52302d684339b9d7bf5691e2ad00835d62ce3b4a435f21ca9f21fbe39c63cb1b?s=96&d=mm&r=g","contentUrl":"https:\/\/secure.gravatar.com\/avatar\/52302d684339b9d7bf5691e2ad00835d62ce3b4a435f21ca9f21fbe39c63cb1b?s=96&d=mm&r=g","caption":"Revista Inter\u00e8s Mutu"}}]}},"_links":{"self":[{"href":"https:\/\/www.mgc.es\/ca\/wp-json\/wp\/v2\/posts\/31405","targetHints":{"allow":["GET"]}}],"collection":[{"href":"https:\/\/www.mgc.es\/ca\/wp-json\/wp\/v2\/posts"}],"about":[{"href":"https:\/\/www.mgc.es\/ca\/wp-json\/wp\/v2\/types\/post"}],"author":[{"embeddable":true,"href":"https:\/\/www.mgc.es\/ca\/wp-json\/wp\/v2\/users\/3"}],"replies":[{"embeddable":true,"href":"https:\/\/www.mgc.es\/ca\/wp-json\/wp\/v2\/comments?post=31405"}],"version-history":[{"count":1,"href":"https:\/\/www.mgc.es\/ca\/wp-json\/wp\/v2\/posts\/31405\/revisions"}],"predecessor-version":[{"id":31406,"href":"https:\/\/www.mgc.es\/ca\/wp-json\/wp\/v2\/posts\/31405\/revisions\/31406"}],"wp:featuredmedia":[{"embeddable":true,"href":"https:\/\/www.mgc.es\/ca\/wp-json\/wp\/v2\/media\/31401"}],"wp:attachment":[{"href":"https:\/\/www.mgc.es\/ca\/wp-json\/wp\/v2\/media?parent=31405"}],"wp:term":[{"taxonomy":"category","embeddable":true,"href":"https:\/\/www.mgc.es\/ca\/wp-json\/wp\/v2\/categories?post=31405"},{"taxonomy":"post_tag","embeddable":true,"href":"https:\/\/www.mgc.es\/ca\/wp-json\/wp\/v2\/tags?post=31405"}],"curies":[{"name":"wp","href":"https:\/\/api.w.org\/{rel}","templated":true}]}}