{"id":31163,"date":"2024-01-16T12:50:58","date_gmt":"2024-01-16T11:50:58","guid":{"rendered":"https:\/\/www.mgc.es\/?p=31163"},"modified":"2024-01-22T10:31:29","modified_gmt":"2024-01-22T09:31:29","slug":"daniel-redondo-assumeix-la-presidencia-dmgc-mutua","status":"publish","type":"post","link":"https:\/\/www.mgc.es\/ca\/blog\/daniel-redondo-assumeix-la-presidencia-dmgc-mutua\/","title":{"rendered":"Daniel Redondo assumeix la presid\u00e8ncia d\u2019MGC M\u00fatua"},"content":{"rendered":"\n<figure class=\"wp-block-image size-full\"><img loading=\"lazy\" decoding=\"async\" width=\"834\" height=\"861\" src=\"https:\/\/www.mgc.es\/wp-content\/uploads\/2024\/01\/DR-2019-5_ret._cudrada_png-1.png\" alt=\"\" class=\"wp-image-31181\" srcset=\"https:\/\/www.mgc.es\/wp-content\/uploads\/2024\/01\/DR-2019-5_ret._cudrada_png-1.png 834w, https:\/\/www.mgc.es\/wp-content\/uploads\/2024\/01\/DR-2019-5_ret._cudrada_png-1-426x440.png 426w, https:\/\/www.mgc.es\/wp-content\/uploads\/2024\/01\/DR-2019-5_ret._cudrada_png-1-768x793.png 768w\" sizes=\"auto, (max-width: 834px) 100vw, 834px\" \/><\/figure>\n\n\n\n<p>Daniel Redondo ha estat nomenat president d\u2019MGC M\u00fatua, c\u00e0rrec en el que succeeix al Dr. Bartomeu Vicens que ha estat president durant la darrera d\u00e8cada i que seguir\u00e0 vinculat a l&#8217;entitat com a President Honor\u00edfic.<\/p>\n\n\n\n<p>Daniel Redondo es va incorporar a MGC M\u00fatua l&#8217;any 1991, exercint les seves funcions com a subdirector general i posteriorment com a director general adjunt. Ha estat director general durant 10 anys i ha ocupat la vicepresid\u00e8ncia del Consell d&#8217;Administraci\u00f3 durant l&#8217;\u00faltim any, distingint-se pel seu lideratge i capacitat de treball. Des del seu nou c\u00e0rrec, Daniel Redondo aportar\u00e0 la seva experi\u00e8ncia i la seva visi\u00f3 estrat\u00e8gica per tal de perseverar en el creixement sostenible i la digitalitzaci\u00f3 efica\u00e7 i els processos d&#8217;IA impulsats per la direcci\u00f3 general, aix\u00ed com en l&#8217;expansi\u00f3 que est\u00e0 portant a terme l\u2019entitat al territori nacional.<\/p>\n\n\n\n<p>El nou president d\u2019MGC M\u00fatua \u00e9s advocat, amb contrastada solv\u00e8ncia en l&#8217;\u00e0mbit mercantil i assegurador, M\u00e0ster en Compliance per ICAB (Il\u00b7lustre Col\u00b7legi de l&#8217;Advocacia de Barcelona), membre d\u2019AEDAF (Asociaci\u00f3n Espa\u00f1ola de Asesores Fiscales) i MBA per ESADE.<\/p>\n\n\n\n<p>Per la seva part, Llu\u00eds Morillas, tamb\u00e9 membre del Consell, ha estat designat vicepresident de l&#8217;entitat. Morillas, reconegut empresari i creatiu, fundador d&#8217;una de les consultores de <em>branding<\/em> de major prestigi i reconeixement mundial, aportar\u00e0 els seus coneixements en la gesti\u00f3 i la bona imatge de marca de la M\u00fatua, aix\u00ed com altres funcions impl\u00edcites en la qualitat del servei i l&#8217;experi\u00e8ncia de mutualista.<\/p>\n\n\n\n<p>El president i el vicepresident continuaran promovent els principis que transmet MGC M\u00fatua, aix\u00ed com la seva disposici\u00f3 plena per adaptar-se a les necessitats de cada assegurat. Ambd\u00f3s comparteixen la visi\u00f3 d\u2019actualitzar i modernitzar el mutualisme, basant-se en els seus valors i la seva autenticitat. Ha arribat l&#8217;\u00e8poca en qu\u00e8 el mutualista se sentir\u00e0 m\u00e9s orgull\u00f3s de ser-ho.<\/p>\n","protected":false},"excerpt":{"rendered":"<p>Daniel Redondo ha estat nomenat president d\u2019MGC M\u00fatua, c\u00e0rrec en el que succeeix al Dr. Bartomeu Vicens que ha estat president durant la darrera d\u00e8cada i que seguir\u00e0 vinculat a l&#8217;entitat com a President Honor\u00edfic. Daniel Redondo es va incorporar a MGC M\u00fatua l&#8217;any 1991, exercint les seves funcions com a subdirector general i posteriorment [&hellip;]<\/p>\n","protected":false},"author":3,"featured_media":31169,"comment_status":"closed","ping_status":"closed","sticky":false,"template":"","format":"standard","meta":{"footnotes":""},"categories":[11],"tags":[576],"class_list":["post-31163","post","type-post","status-publish","format-standard","has-post-thumbnail","hentry","category-actualitat","tag-mgc-mutua-ca"],"featured_image_src":"https:\/\/www.mgc.es\/wp-content\/uploads\/2024\/01\/DR-2019-5_ret._detallejpg.jpg","author_info":{"display_name":"Revista Inter\u00e8s Mutu","author_link":"https:\/\/www.mgc.es\/ca\/blog\/author\/interesmutu\/"},"yoast_head":"<!-- This site is optimized with the Yoast SEO plugin v27.2 - https:\/\/yoast.com\/product\/yoast-seo-wordpress\/ -->\n<title>Daniel Redondo assumeix la presid\u00e8ncia d\u2019MGC M\u00fatua - MGC M\u00fatua<\/title>\n<meta name=\"robots\" content=\"index, follow, max-snippet:-1, max-image-preview:large, max-video-preview:-1\" \/>\n<link rel=\"canonical\" href=\"https:\/\/www.mgc.es\/ca\/blog\/daniel-redondo-assumeix-la-presidencia-dmgc-mutua\/\" \/>\n<meta property=\"og:locale\" content=\"ca_ES\" \/>\n<meta property=\"og:type\" content=\"article\" \/>\n<meta property=\"og:title\" content=\"Daniel Redondo assumeix la presid\u00e8ncia d\u2019MGC M\u00fatua - MGC M\u00fatua\" \/>\n<meta property=\"og:description\" content=\"Daniel Redondo ha estat nomenat president d\u2019MGC M\u00fatua, c\u00e0rrec en el que succeeix al Dr. Bartomeu Vicens que ha estat president durant la darrera d\u00e8cada i que seguir\u00e0 vinculat a l&#8217;entitat com a President Honor\u00edfic. Daniel Redondo es va incorporar a MGC M\u00fatua l&#8217;any 1991, exercint les seves funcions com a subdirector general i posteriorment [&hellip;]\" \/>\n<meta property=\"og:url\" content=\"https:\/\/www.mgc.es\/ca\/blog\/daniel-redondo-assumeix-la-presidencia-dmgc-mutua\/\" \/>\n<meta property=\"og:site_name\" content=\"MGC M\u00fatua\" \/>\n<meta property=\"article:publisher\" content=\"https:\/\/www.facebook.com\/mgcmutua\" \/>\n<meta property=\"article:published_time\" content=\"2024-01-16T11:50:58+00:00\" \/>\n<meta property=\"article:modified_time\" content=\"2024-01-22T09:31:29+00:00\" \/>\n<meta property=\"og:image\" content=\"https:\/\/www.mgc.es\/wp-content\/uploads\/2024\/01\/DR-2019-5_ret._detallejpg.jpg\" \/>\n\t<meta property=\"og:image:width\" content=\"864\" \/>\n\t<meta property=\"og:image:height\" content=\"500\" \/>\n\t<meta property=\"og:image:type\" content=\"image\/jpeg\" \/>\n<meta name=\"author\" content=\"Revista Inter\u00e8s Mutu\" \/>\n<meta name=\"twitter:card\" content=\"summary_large_image\" \/>\n<meta name=\"twitter:creator\" content=\"@mgcmutua\" \/>\n<meta name=\"twitter:site\" content=\"@mgcmutua\" \/>\n<meta name=\"twitter:label1\" content=\"Escrit per\" \/>\n\t<meta name=\"twitter:data1\" content=\"Revista Inter\u00e8s Mutu\" \/>\n\t<meta name=\"twitter:label2\" content=\"Temps estimat de lectura\" \/>\n\t<meta name=\"twitter:data2\" content=\"2 minuts\" \/>\n<!-- \/ Yoast SEO plugin. -->","yoast_head_json":{"title":"Daniel Redondo assumeix la presid\u00e8ncia d\u2019MGC M\u00fatua - MGC M\u00fatua","robots":{"index":"index","follow":"follow","max-snippet":"max-snippet:-1","max-image-preview":"max-image-preview:large","max-video-preview":"max-video-preview:-1"},"canonical":"https:\/\/www.mgc.es\/ca\/blog\/daniel-redondo-assumeix-la-presidencia-dmgc-mutua\/","og_locale":"ca_ES","og_type":"article","og_title":"Daniel Redondo assumeix la presid\u00e8ncia d\u2019MGC M\u00fatua - MGC M\u00fatua","og_description":"Daniel Redondo ha estat nomenat president d\u2019MGC M\u00fatua, c\u00e0rrec en el que succeeix al Dr. Bartomeu Vicens que ha estat president durant la darrera d\u00e8cada i que seguir\u00e0 vinculat a l&#8217;entitat com a President Honor\u00edfic. Daniel Redondo es va incorporar a MGC M\u00fatua l&#8217;any 1991, exercint les seves funcions com a subdirector general i posteriorment [&hellip;]","og_url":"https:\/\/www.mgc.es\/ca\/blog\/daniel-redondo-assumeix-la-presidencia-dmgc-mutua\/","og_site_name":"MGC M\u00fatua","article_publisher":"https:\/\/www.facebook.com\/mgcmutua","article_published_time":"2024-01-16T11:50:58+00:00","article_modified_time":"2024-01-22T09:31:29+00:00","og_image":[{"width":864,"height":500,"url":"https:\/\/www.mgc.es\/wp-content\/uploads\/2024\/01\/DR-2019-5_ret._detallejpg.jpg","type":"image\/jpeg"}],"author":"Revista Inter\u00e8s Mutu","twitter_card":"summary_large_image","twitter_creator":"@mgcmutua","twitter_site":"@mgcmutua","twitter_misc":{"Escrit per":"Revista Inter\u00e8s Mutu","Temps estimat de lectura":"2 minuts"},"schema":{"@context":"https:\/\/schema.org","@graph":[{"@type":["Article","BlogPosting"],"@id":"https:\/\/www.mgc.es\/ca\/blog\/daniel-redondo-assumeix-la-presidencia-dmgc-mutua\/#article","isPartOf":{"@id":"https:\/\/www.mgc.es\/ca\/blog\/daniel-redondo-assumeix-la-presidencia-dmgc-mutua\/"},"author":{"name":"Revista Inter\u00e8s Mutu","@id":"https:\/\/www.mgc.es\/#\/schema\/person\/010c961d9c9acf38f11187a02b646c16"},"headline":"Daniel Redondo assumeix la presid\u00e8ncia d\u2019MGC M\u00fatua","datePublished":"2024-01-16T11:50:58+00:00","dateModified":"2024-01-22T09:31:29+00:00","mainEntityOfPage":{"@id":"https:\/\/www.mgc.es\/ca\/blog\/daniel-redondo-assumeix-la-presidencia-dmgc-mutua\/"},"wordCount":335,"publisher":{"@id":"https:\/\/www.mgc.es\/#organization"},"image":{"@id":"https:\/\/www.mgc.es\/ca\/blog\/daniel-redondo-assumeix-la-presidencia-dmgc-mutua\/#primaryimage"},"thumbnailUrl":"https:\/\/www.mgc.es\/wp-content\/uploads\/2024\/01\/DR-2019-5_ret._detallejpg.jpg","keywords":["mgc mutua"],"articleSection":["Actualitat M\u00fatua"],"inLanguage":"ca"},{"@type":["WebPage","ItemPage"],"@id":"https:\/\/www.mgc.es\/ca\/blog\/daniel-redondo-assumeix-la-presidencia-dmgc-mutua\/","url":"https:\/\/www.mgc.es\/ca\/blog\/daniel-redondo-assumeix-la-presidencia-dmgc-mutua\/","name":"Daniel Redondo assumeix la presid\u00e8ncia d\u2019MGC M\u00fatua - MGC M\u00fatua","isPartOf":{"@id":"https:\/\/www.mgc.es\/#website"},"primaryImageOfPage":{"@id":"https:\/\/www.mgc.es\/ca\/blog\/daniel-redondo-assumeix-la-presidencia-dmgc-mutua\/#primaryimage"},"image":{"@id":"https:\/\/www.mgc.es\/ca\/blog\/daniel-redondo-assumeix-la-presidencia-dmgc-mutua\/#primaryimage"},"thumbnailUrl":"https:\/\/www.mgc.es\/wp-content\/uploads\/2024\/01\/DR-2019-5_ret._detallejpg.jpg","datePublished":"2024-01-16T11:50:58+00:00","dateModified":"2024-01-22T09:31:29+00:00","breadcrumb":{"@id":"https:\/\/www.mgc.es\/ca\/blog\/daniel-redondo-assumeix-la-presidencia-dmgc-mutua\/#breadcrumb"},"inLanguage":"ca","potentialAction":[{"@type":"ReadAction","target":["https:\/\/www.mgc.es\/ca\/blog\/daniel-redondo-assumeix-la-presidencia-dmgc-mutua\/"]}]},{"@type":"ImageObject","inLanguage":"ca","@id":"https:\/\/www.mgc.es\/ca\/blog\/daniel-redondo-assumeix-la-presidencia-dmgc-mutua\/#primaryimage","url":"https:\/\/www.mgc.es\/wp-content\/uploads\/2024\/01\/DR-2019-5_ret._detallejpg.jpg","contentUrl":"https:\/\/www.mgc.es\/wp-content\/uploads\/2024\/01\/DR-2019-5_ret._detallejpg.jpg","width":864,"height":500},{"@type":"BreadcrumbList","@id":"https:\/\/www.mgc.es\/ca\/blog\/daniel-redondo-assumeix-la-presidencia-dmgc-mutua\/#breadcrumb","itemListElement":[{"@type":"ListItem","position":1,"name":"Home","item":"https:\/\/www.mgc.es\/ca\/"},{"@type":"ListItem","position":2,"name":"Daniel Redondo assumeix la presid\u00e8ncia d\u2019MGC M\u00fatua"}]},{"@type":"WebSite","@id":"https:\/\/www.mgc.es\/#website","url":"https:\/\/www.mgc.es\/","name":"MGC M\u00fatua","description":"MGC M\u00fatua \u00e9s una entitat asseguradora sense \u00e0nim de lucre constitu\u00efda al 1982 i especialitzada en assegurances de salut i assist\u00e8ncia.","publisher":{"@id":"https:\/\/www.mgc.es\/#organization"},"alternateName":"MGC","potentialAction":[{"@type":"SearchAction","target":{"@type":"EntryPoint","urlTemplate":"https:\/\/www.mgc.es\/?s={search_term_string}"},"query-input":{"@type":"PropertyValueSpecification","valueRequired":true,"valueName":"search_term_string"}}],"inLanguage":"ca"},{"@type":"Organization","@id":"https:\/\/www.mgc.es\/#organization","name":"MGC Mutua","alternateName":"MGC","url":"https:\/\/www.mgc.es\/","logo":{"@type":"ImageObject","inLanguage":"ca","@id":"https:\/\/www.mgc.es\/#\/schema\/logo\/image\/","url":"https:\/\/www.mgc.es\/wp-content\/uploads\/2020\/03\/mgcmutua_h2_2t_reduccions.png","contentUrl":"https:\/\/www.mgc.es\/wp-content\/uploads\/2020\/03\/mgcmutua_h2_2t_reduccions.png","width":303,"height":165,"caption":"MGC Mutua"},"image":{"@id":"https:\/\/www.mgc.es\/#\/schema\/logo\/image\/"},"sameAs":["https:\/\/www.facebook.com\/mgcmutua","https:\/\/x.com\/mgcmutua","https:\/\/www.youtube.com\/c\/MGCMutua"]},{"@type":"Person","@id":"https:\/\/www.mgc.es\/#\/schema\/person\/010c961d9c9acf38f11187a02b646c16","name":"Revista Inter\u00e8s Mutu","image":{"@type":"ImageObject","inLanguage":"ca","@id":"https:\/\/secure.gravatar.com\/avatar\/52302d684339b9d7bf5691e2ad00835d62ce3b4a435f21ca9f21fbe39c63cb1b?s=96&d=mm&r=g","url":"https:\/\/secure.gravatar.com\/avatar\/52302d684339b9d7bf5691e2ad00835d62ce3b4a435f21ca9f21fbe39c63cb1b?s=96&d=mm&r=g","contentUrl":"https:\/\/secure.gravatar.com\/avatar\/52302d684339b9d7bf5691e2ad00835d62ce3b4a435f21ca9f21fbe39c63cb1b?s=96&d=mm&r=g","caption":"Revista Inter\u00e8s Mutu"}}]}},"_links":{"self":[{"href":"https:\/\/www.mgc.es\/ca\/wp-json\/wp\/v2\/posts\/31163","targetHints":{"allow":["GET"]}}],"collection":[{"href":"https:\/\/www.mgc.es\/ca\/wp-json\/wp\/v2\/posts"}],"about":[{"href":"https:\/\/www.mgc.es\/ca\/wp-json\/wp\/v2\/types\/post"}],"author":[{"embeddable":true,"href":"https:\/\/www.mgc.es\/ca\/wp-json\/wp\/v2\/users\/3"}],"replies":[{"embeddable":true,"href":"https:\/\/www.mgc.es\/ca\/wp-json\/wp\/v2\/comments?post=31163"}],"version-history":[{"count":7,"href":"https:\/\/www.mgc.es\/ca\/wp-json\/wp\/v2\/posts\/31163\/revisions"}],"predecessor-version":[{"id":31304,"href":"https:\/\/www.mgc.es\/ca\/wp-json\/wp\/v2\/posts\/31163\/revisions\/31304"}],"wp:featuredmedia":[{"embeddable":true,"href":"https:\/\/www.mgc.es\/ca\/wp-json\/wp\/v2\/media\/31169"}],"wp:attachment":[{"href":"https:\/\/www.mgc.es\/ca\/wp-json\/wp\/v2\/media?parent=31163"}],"wp:term":[{"taxonomy":"category","embeddable":true,"href":"https:\/\/www.mgc.es\/ca\/wp-json\/wp\/v2\/categories?post=31163"},{"taxonomy":"post_tag","embeddable":true,"href":"https:\/\/www.mgc.es\/ca\/wp-json\/wp\/v2\/tags?post=31163"}],"curies":[{"name":"wp","href":"https:\/\/api.w.org\/{rel}","templated":true}]}}