{"id":30708,"date":"2023-12-21T11:33:11","date_gmt":"2023-12-21T10:33:11","guid":{"rendered":"https:\/\/www.mgc.es\/?p=30708"},"modified":"2023-11-10T11:35:11","modified_gmt":"2023-11-10T10:35:11","slug":"que-es-lartritis-psoriasica-descobreix-ne-les-caracteristiques-i-les-causes","status":"publish","type":"post","link":"https:\/\/www.mgc.es\/ca\/blog\/que-es-lartritis-psoriasica-descobreix-ne-les-caracteristiques-i-les-causes\/","title":{"rendered":"Qu\u00e8 \u00e9s l\u2019artritis psori\u00e0sica? Descobreix-ne les caracter\u00edstiques i les causes"},"content":{"rendered":"<div id=\"ez-toc-container\" class=\"ez-toc-v2_0_82_1 counter-hierarchy ez-toc-counter ez-toc-custom ez-toc-container-direction\">\n<div class=\"ez-toc-title-container\"><p class=\"ez-toc-title\" style=\"cursor:inherit\">\u00cdndex de continguts<\/p>\n<\/div><nav><ul class='ez-toc-list ez-toc-list-level-1 ' ><li class='ez-toc-page-1 ez-toc-heading-level-2'><a class=\"ez-toc-link ez-toc-heading-1\" href=\"https:\/\/www.mgc.es\/ca\/blog\/que-es-lartritis-psoriasica-descobreix-ne-les-caracteristiques-i-les-causes\/#Que_es_lartritis_i_que_es_la_psoriasi\" >Qu\u00e8 \u00e9s l\u2019artritis i qu\u00e8 \u00e9s la psoriasi<\/a><\/li><li class='ez-toc-page-1 ez-toc-heading-level-2'><a class=\"ez-toc-link ez-toc-heading-2\" href=\"https:\/\/www.mgc.es\/ca\/blog\/que-es-lartritis-psoriasica-descobreix-ne-les-caracteristiques-i-les-causes\/#Lartritis_psoriasica_Simptomes\" >L\u2019artritis psori\u00e0sica. S\u00edmptomes<\/a><\/li><li class='ez-toc-page-1 ez-toc-heading-level-2'><a class=\"ez-toc-link ez-toc-heading-3\" href=\"https:\/\/www.mgc.es\/ca\/blog\/que-es-lartritis-psoriasica-descobreix-ne-les-caracteristiques-i-les-causes\/#Per_que_es_produeix\" >Per qu\u00e8 es produeix<\/a><\/li><li class='ez-toc-page-1 ez-toc-heading-level-2'><a class=\"ez-toc-link ez-toc-heading-4\" href=\"https:\/\/www.mgc.es\/ca\/blog\/que-es-lartritis-psoriasica-descobreix-ne-les-caracteristiques-i-les-causes\/#Tractament_de_lartritis_psoriasica\" >Tractament de l\u2019artritis psori\u00e0sica<\/a><\/li><li class='ez-toc-page-1 ez-toc-heading-level-2'><a class=\"ez-toc-link ez-toc-heading-5\" href=\"https:\/\/www.mgc.es\/ca\/blog\/que-es-lartritis-psoriasica-descobreix-ne-les-caracteristiques-i-les-causes\/#Que_pots_fer_a_casa\" >Qu\u00e8 pots fer a casa<\/a><\/li><\/ul><\/nav><\/div>\n\n<figure class=\"wp-block-image size-full\"><img loading=\"lazy\" decoding=\"async\" width=\"800\" height=\"533\" src=\"https:\/\/www.mgc.es\/wp-content\/uploads\/2023\/11\/esclerosis-multiple2.jpg\" alt=\"\" class=\"wp-image-30704\" srcset=\"https:\/\/www.mgc.es\/wp-content\/uploads\/2023\/11\/esclerosis-multiple2.jpg 800w, https:\/\/www.mgc.es\/wp-content\/uploads\/2023\/11\/esclerosis-multiple2-440x293.jpg 440w, https:\/\/www.mgc.es\/wp-content\/uploads\/2023\/11\/esclerosis-multiple2-768x512.jpg 768w\" sizes=\"auto, (max-width: 800px) 100vw, 800px\" \/><\/figure>\n\n\n\n<h2 class=\"wp-block-heading\"><span class=\"ez-toc-section\" id=\"Que_es_lartritis_i_que_es_la_psoriasi\"><\/span><strong>Qu\u00e8 \u00e9s l\u2019artritis i qu\u00e8 \u00e9s la psoriasi<\/strong><span class=\"ez-toc-section-end\"><\/span><\/h2>\n\n\n\n<p><a href=\"https:\/\/medlineplus.gov\/spanish\/ency\/article\/001243.htm\">Artritis<\/a> significa inflamaci\u00f3 d\u2019una articulaci\u00f3. Hi ha diverses classes d\u2019artritis i la majoria s\u00f3n inflamat\u00f2ries. No s\u2019ha de confondre amb les malalties articulars degeneratives, com ara l\u2019<a href=\"https:\/\/www.msdmanuals.com\/es-es\/hogar\/trastornos-de-los-huesos,-articulaciones-y-m%C3%BAsculos\/enfermedades-articulares\/artrosis\">artrosi<\/a>.<\/p>\n\n\n\n<p>La psoriasi \u00e9s una malaltia c\u00edclica i cr\u00f2nica de la pell, en qu\u00e8 apareixen taques vermelles eritematoses. Cursa de manera molt variable: de petits brots que passen inadvertits per al pacient fins a casos molt greus, incapacitants i, fins i tot, fat\u00eddics. No s\u2019encomana.<\/p>\n\n\n\n<p>Totes dues malalties s\u00f3n degeneratives i, tot i que solen mostrar episodis greus o lleus de manera alterna, en termes globals empitjoren a mesura que passa el temps.<\/p>\n\n\n\n<h2 class=\"wp-block-heading\"><span class=\"ez-toc-section\" id=\"Lartritis_psoriasica_Simptomes\"><\/span><strong>L\u2019artritis psori\u00e0sica. S\u00edmptomes<\/strong><span class=\"ez-toc-section-end\"><\/span><\/h2>\n\n\n\n<p>\u00c9s una classe d\u2019artritis que afecta uns quants pacients amb psoriasi. Totes dues malalties poden apar\u00e8ixer alhora, per b\u00e9 que, en general, primer se sol manifestar la <a href=\"https:\/\/www.cun.es\/enfermedades-tratamientos\/enfermedades\/psoriasis\">psoriasi<\/a>.<\/p>\n\n\n\n<p>Els s\u00edmptomes afecten les articulacions, amb dolor i inflor, en concret tenim:<\/p>\n\n\n\n<ul class=\"wp-block-list\">\n<li>Dits rebotits, tant de les mans com dels peus, que es noten calents al tacte.<\/li>\n\n\n\n<li>Dolor en les insercions dels tendons als ossos, com ara el tend\u00f3 d\u2019Aquil\u00b7les al tal\u00f3.<\/li>\n\n\n\n<li>Problemes a les ungles, que es poden arribar a desprendre de la carn.<\/li>\n\n\n\n<li>En certs casos es presenta <a href=\"https:\/\/medlineplus.gov\/spanish\/ency\/article\/001005.htm\">uve\u00eftis<\/a>, que \u00e9s la inflamaci\u00f3 d\u2019una capa interna de l\u2019ull; pot causar ceguesa si no es tracta com cal.<\/li>\n<\/ul>\n\n\n\n<p>Hi ha pacients que tenen espondilitis, que \u00e9s una inflamaci\u00f3 entre les v\u00e8rtebres i entre la columna i la pelvis.<\/p>\n\n\n\n<figure class=\"wp-block-image size-full\"><img loading=\"lazy\" decoding=\"async\" width=\"800\" height=\"533\" src=\"https:\/\/www.mgc.es\/wp-content\/uploads\/2023\/11\/unas-estropeadas.jpg\" alt=\"\" class=\"wp-image-30706\" srcset=\"https:\/\/www.mgc.es\/wp-content\/uploads\/2023\/11\/unas-estropeadas.jpg 800w, https:\/\/www.mgc.es\/wp-content\/uploads\/2023\/11\/unas-estropeadas-440x293.jpg 440w, https:\/\/www.mgc.es\/wp-content\/uploads\/2023\/11\/unas-estropeadas-768x512.jpg 768w\" sizes=\"auto, (max-width: 800px) 100vw, 800px\" \/><\/figure>\n\n\n\n<h2 class=\"wp-block-heading\"><span class=\"ez-toc-section\" id=\"Per_que_es_produeix\"><\/span><strong>Per qu\u00e8 es produeix<\/strong><span class=\"ez-toc-section-end\"><\/span><\/h2>\n\n\n\n<p>L\u2019artritis psori\u00e0sica \u00e9s una <a href=\"https:\/\/salud.nih.gov\/recursos-de-salud\/nih-noticias-de-salud\/comprender-las-enfermedades-autoinmunes\">malaltia autoimmunit\u00e0ria<\/a>. En condicions normals, les c\u00e8l\u00b7lules del cos tenen mecanismes de defensa contra les agressions externes o internes (bacteris, virus o c\u00e8l\u00b7lules canceroses): el sistema immunitari s\u2019encarrega de produir anticossos per combatre-les. Ara b\u00e9, de vegades, per causes desconegudes, el sistema immunitari identifica err\u00f2niament zones de teixit sa i les ataca.<\/p>\n\n\n\n<p>En el cas de l\u2019artritis psori\u00e0sica, aquest atac origina inflamaci\u00f3 a les articulacions i una producci\u00f3 excessiva de c\u00e8l\u00b7lules cut\u00e0nies, que es manifesten com les taques vermelloses que hem esmentat.<\/p>\n\n\n\n<p>Tal com d\u00e8iem, no se sap ben b\u00e9 qu\u00e8 causa les malalties autoimmunit\u00e0ries. Amb tot, sembla que hi influeixen els antecedents familiars; molts pacients d\u2019artritis psori\u00e0sica tenen parents afectats. Igualment, hi ha recerques m\u00e8diques que han descobert marcadors gen\u00e8tics probablement associats amb la malaltia.<\/p>\n\n\n\n<h2 class=\"wp-block-heading\"><span class=\"ez-toc-section\" id=\"Tractament_de_lartritis_psoriasica\"><\/span><strong>Tractament de l\u2019artritis psori\u00e0sica<\/strong><span class=\"ez-toc-section-end\"><\/span><\/h2>\n\n\n\n<p>Com que es tracta d\u2019una malaltia autoimmunit\u00e0ria, no t\u00e9 cura. Aix\u00ed doncs, els tractaments s\u00f3n pensats per pal\u00b7liar-ne els s\u00edmptomes, i no hi ha cap tractament general, sin\u00f3 que cal seguir cada pacient de manera individual i personalitzada; per descomptat \u00e9s el metge qui ha de dir quins mesures cal adoptar.<\/p>\n\n\n\n<p>En general, el metge recomana un antiinflamatori no esteroidal per tractar la inflamaci\u00f3, i un analg\u00e8sic contra el dolor. Si el mal es localitza en una articulaci\u00f3 o diverses, val m\u00e9s que les mantinguem en rep\u00f2s; en canvi, si el dolor afecta la inserci\u00f3 del tend\u00f3 en l\u2019os (com ara el tend\u00f3 d\u2019Aquil\u00b7les al calcani), el pot apaivagar aplicar-hi fred.<\/p>\n\n\n\n<h2 class=\"wp-block-heading\"><span class=\"ez-toc-section\" id=\"Que_pots_fer_a_casa\"><\/span><strong>Qu\u00e8 pots fer a casa<\/strong><span class=\"ez-toc-section-end\"><\/span><\/h2>\n\n\n\n<p>La gravetat de l\u2019afectaci\u00f3 que comporta la malaltia determinar\u00e0 fins a quin punt t\u2019\u00e9s perm\u00e8s d\u2019actuar. Pot variar entre no aixecar pes fins a fer canvis substancials en els mobles de casa, per exemple.<\/p>\n\n\n\n<p>Et pot anar molt b\u00e9 de cercar grups de suport. Hi trobar\u00e0s tota mena d\u2019idees que t\u2019hi ajudaran i, sobretot, et podr\u00e0s posar en contacte amb altres pacients en situaci\u00f3 an\u00e0loga a la teva. Te\u2019n suggerim uns quants:<\/p>\n\n\n\n<p><a><\/a><a href=\"https:\/\/www.conartritis.org\/nuestro-trabajo\/un-dia-conartritis\/?gclid=EAIaIQobChMI-Yvx0fmOgQMVNZRoCR1KpQPUEAAYBCAAEgLgePD_BwE\">Coordinadora Nacional de Artritis<\/a><a href=\"#_msocom_1\">[AP1]<\/a>&nbsp;<\/p>\n\n\n\n<p><a><\/a><a href=\"https:\/\/artritispsoriasica.org\/vivir-con-artritis-psoriasica\/?gad=1&amp;gclid=EAIaIQobChMI-Yvx0fmOgQMVNZRoCR1KpQPUEAAYAyAAEgLiX_D_BwE\">Vivir con artritis psori\u00e1sica<\/a><a href=\"#_msocom_2\">[AP2]<\/a>&nbsp;<\/p>\n\n\n\n<p><a><\/a><a href=\"https:\/\/www.artritishoy.es\/es\/vivir-con-artritis-psoriasica\">Artritis Hoy<\/a><a href=\"#_msocom_3\">[AP3]<\/a>&nbsp;<\/p>\n\n\n\n<p>Bibliografia:<\/p>\n\n\n\n<figure class=\"wp-block-embed is-type-wp-embed is-provider-artritis-psoriasica wp-block-embed-artritis-psoriasica\"><div class=\"wp-block-embed__wrapper\">\nhttps:\/\/artritispsoriasica.org\/vivir-con-artritis-psoriasica\/?gad=1&#038;gclid=EAIaIQobChMIh7SjkumOgQMVGYVoCR0E0wFcEAAYAiAAEgLYFvD_BwE\n<\/div><\/figure>\n\n\n\n<figure class=\"wp-block-embed\"><div class=\"wp-block-embed__wrapper\">\nhttps:\/\/accionpsoriasis.org\/respuestaspsoriasis\/?gad=1&#038;gclid=EAIaIQobChMIoqTDlPiOgQMVGkZBAh3-IQ6TEAAYBCAAEgLDzfD_BwE\n<\/div><\/figure>\n\n\n\n<hr class=\"wp-block-separator has-alpha-channel-opacity\"\/>\n\n\n\n<p><a id=\"_msocom_1\"><\/a><\/p>\n\n\n\n<p><\/p>\n","protected":false},"excerpt":{"rendered":"<p>Qu\u00e8 \u00e9s l\u2019artritis i qu\u00e8 \u00e9s la psoriasi Artritis significa inflamaci\u00f3 d\u2019una articulaci\u00f3. Hi ha diverses classes d\u2019artritis i la majoria s\u00f3n inflamat\u00f2ries. No s\u2019ha de confondre amb les malalties articulars degeneratives, com ara l\u2019artrosi. La psoriasi \u00e9s una malaltia c\u00edclica i cr\u00f2nica de la pell, en qu\u00e8 apareixen taques vermelles eritematoses. Cursa de manera [&hellip;]<\/p>\n","protected":false},"author":3,"featured_media":30704,"comment_status":"closed","ping_status":"closed","sticky":false,"template":"","format":"standard","meta":{"footnotes":""},"categories":[15],"tags":[],"class_list":["post-30708","post","type-post","status-publish","format-standard","has-post-thumbnail","hentry","category-salut"],"featured_image_src":"https:\/\/www.mgc.es\/wp-content\/uploads\/2023\/11\/esclerosis-multiple2.jpg","author_info":{"display_name":"Revista Inter\u00e8s Mutu","author_link":"https:\/\/www.mgc.es\/ca\/blog\/author\/interesmutu\/"},"yoast_head":"<!-- This site is optimized with the Yoast SEO plugin v27.2 - https:\/\/yoast.com\/product\/yoast-seo-wordpress\/ -->\n<title>Qu\u00e8 \u00e9s l\u2019artritis psori\u00e0sica? Descobreix-ne les caracter\u00edstiques i les causes - MGC M\u00fatua<\/title>\n<meta name=\"robots\" content=\"index, follow, max-snippet:-1, max-image-preview:large, max-video-preview:-1\" \/>\n<link rel=\"canonical\" href=\"https:\/\/www.mgc.es\/blog\/que-es-la-artritis-psoriasica-conoce-sus-caracteristicas-y-desencadenantes\/\" \/>\n<meta property=\"og:locale\" content=\"ca_ES\" \/>\n<meta property=\"og:type\" content=\"article\" \/>\n<meta property=\"og:title\" content=\"Qu\u00e8 \u00e9s l\u2019artritis psori\u00e0sica? Descobreix-ne les caracter\u00edstiques i les causes - MGC M\u00fatua\" \/>\n<meta property=\"og:description\" content=\"Qu\u00e8 \u00e9s l\u2019artritis i qu\u00e8 \u00e9s la psoriasi Artritis significa inflamaci\u00f3 d\u2019una articulaci\u00f3. Hi ha diverses classes d\u2019artritis i la majoria s\u00f3n inflamat\u00f2ries. No s\u2019ha de confondre amb les malalties articulars degeneratives, com ara l\u2019artrosi. La psoriasi \u00e9s una malaltia c\u00edclica i cr\u00f2nica de la pell, en qu\u00e8 apareixen taques vermelles eritematoses. Cursa de manera [&hellip;]\" \/>\n<meta property=\"og:url\" content=\"https:\/\/www.mgc.es\/blog\/que-es-la-artritis-psoriasica-conoce-sus-caracteristicas-y-desencadenantes\/\" \/>\n<meta property=\"og:site_name\" content=\"MGC M\u00fatua\" \/>\n<meta property=\"article:publisher\" content=\"https:\/\/www.facebook.com\/mgcmutua\" \/>\n<meta property=\"article:published_time\" content=\"2023-12-21T10:33:11+00:00\" \/>\n<meta property=\"og:image\" content=\"https:\/\/www.mgc.es\/wp-content\/uploads\/2023\/11\/esclerosis-multiple2.jpg\" \/>\n\t<meta property=\"og:image:width\" content=\"800\" \/>\n\t<meta property=\"og:image:height\" content=\"533\" \/>\n\t<meta property=\"og:image:type\" content=\"image\/jpeg\" \/>\n<meta name=\"author\" content=\"Revista Inter\u00e8s Mutu\" \/>\n<meta name=\"twitter:card\" content=\"summary_large_image\" \/>\n<meta name=\"twitter:creator\" content=\"@mgcmutua\" \/>\n<meta name=\"twitter:site\" content=\"@mgcmutua\" \/>\n<meta name=\"twitter:label1\" content=\"Escrit per\" \/>\n\t<meta name=\"twitter:data1\" content=\"Revista Inter\u00e8s Mutu\" \/>\n\t<meta name=\"twitter:label2\" content=\"Temps estimat de lectura\" \/>\n\t<meta name=\"twitter:data2\" content=\"4 minuts\" \/>\n<!-- \/ Yoast SEO plugin. -->","yoast_head_json":{"title":"Qu\u00e8 \u00e9s l\u2019artritis psori\u00e0sica? Descobreix-ne les caracter\u00edstiques i les causes - MGC M\u00fatua","robots":{"index":"index","follow":"follow","max-snippet":"max-snippet:-1","max-image-preview":"max-image-preview:large","max-video-preview":"max-video-preview:-1"},"canonical":"https:\/\/www.mgc.es\/blog\/que-es-la-artritis-psoriasica-conoce-sus-caracteristicas-y-desencadenantes\/","og_locale":"ca_ES","og_type":"article","og_title":"Qu\u00e8 \u00e9s l\u2019artritis psori\u00e0sica? Descobreix-ne les caracter\u00edstiques i les causes - MGC M\u00fatua","og_description":"Qu\u00e8 \u00e9s l\u2019artritis i qu\u00e8 \u00e9s la psoriasi Artritis significa inflamaci\u00f3 d\u2019una articulaci\u00f3. Hi ha diverses classes d\u2019artritis i la majoria s\u00f3n inflamat\u00f2ries. No s\u2019ha de confondre amb les malalties articulars degeneratives, com ara l\u2019artrosi. La psoriasi \u00e9s una malaltia c\u00edclica i cr\u00f2nica de la pell, en qu\u00e8 apareixen taques vermelles eritematoses. Cursa de manera [&hellip;]","og_url":"https:\/\/www.mgc.es\/blog\/que-es-la-artritis-psoriasica-conoce-sus-caracteristicas-y-desencadenantes\/","og_site_name":"MGC M\u00fatua","article_publisher":"https:\/\/www.facebook.com\/mgcmutua","article_published_time":"2023-12-21T10:33:11+00:00","og_image":[{"width":800,"height":533,"url":"https:\/\/www.mgc.es\/wp-content\/uploads\/2023\/11\/esclerosis-multiple2.jpg","type":"image\/jpeg"}],"author":"Revista Inter\u00e8s Mutu","twitter_card":"summary_large_image","twitter_creator":"@mgcmutua","twitter_site":"@mgcmutua","twitter_misc":{"Escrit per":"Revista Inter\u00e8s Mutu","Temps estimat de lectura":"4 minuts"},"schema":{"@context":"https:\/\/schema.org","@graph":[{"@type":["Article","BlogPosting"],"@id":"https:\/\/www.mgc.es\/blog\/que-es-la-artritis-psoriasica-conoce-sus-caracteristicas-y-desencadenantes\/#article","isPartOf":{"@id":"https:\/\/www.mgc.es\/blog\/que-es-la-artritis-psoriasica-conoce-sus-caracteristicas-y-desencadenantes\/"},"author":{"name":"Revista Inter\u00e8s Mutu","@id":"https:\/\/www.mgc.es\/#\/schema\/person\/010c961d9c9acf38f11187a02b646c16"},"headline":"Qu\u00e8 \u00e9s l\u2019artritis psori\u00e0sica? Descobreix-ne les caracter\u00edstiques i les causes","datePublished":"2023-12-21T10:33:11+00:00","mainEntityOfPage":{"@id":"https:\/\/www.mgc.es\/blog\/que-es-la-artritis-psoriasica-conoce-sus-caracteristicas-y-desencadenantes\/"},"wordCount":684,"publisher":{"@id":"https:\/\/www.mgc.es\/#organization"},"image":{"@id":"https:\/\/www.mgc.es\/blog\/que-es-la-artritis-psoriasica-conoce-sus-caracteristicas-y-desencadenantes\/#primaryimage"},"thumbnailUrl":"https:\/\/www.mgc.es\/wp-content\/uploads\/2023\/11\/esclerosis-multiple2.jpg","articleSection":["Salut i medicina"],"inLanguage":"ca"},{"@type":["WebPage","ItemPage"],"@id":"https:\/\/www.mgc.es\/blog\/que-es-la-artritis-psoriasica-conoce-sus-caracteristicas-y-desencadenantes\/","url":"https:\/\/www.mgc.es\/blog\/que-es-la-artritis-psoriasica-conoce-sus-caracteristicas-y-desencadenantes\/","name":"Qu\u00e8 \u00e9s l\u2019artritis psori\u00e0sica? Descobreix-ne les caracter\u00edstiques i les causes - MGC M\u00fatua","isPartOf":{"@id":"https:\/\/www.mgc.es\/#website"},"primaryImageOfPage":{"@id":"https:\/\/www.mgc.es\/blog\/que-es-la-artritis-psoriasica-conoce-sus-caracteristicas-y-desencadenantes\/#primaryimage"},"image":{"@id":"https:\/\/www.mgc.es\/blog\/que-es-la-artritis-psoriasica-conoce-sus-caracteristicas-y-desencadenantes\/#primaryimage"},"thumbnailUrl":"https:\/\/www.mgc.es\/wp-content\/uploads\/2023\/11\/esclerosis-multiple2.jpg","datePublished":"2023-12-21T10:33:11+00:00","breadcrumb":{"@id":"https:\/\/www.mgc.es\/blog\/que-es-la-artritis-psoriasica-conoce-sus-caracteristicas-y-desencadenantes\/#breadcrumb"},"inLanguage":"ca","potentialAction":[{"@type":"ReadAction","target":["https:\/\/www.mgc.es\/blog\/que-es-la-artritis-psoriasica-conoce-sus-caracteristicas-y-desencadenantes\/"]}]},{"@type":"ImageObject","inLanguage":"ca","@id":"https:\/\/www.mgc.es\/blog\/que-es-la-artritis-psoriasica-conoce-sus-caracteristicas-y-desencadenantes\/#primaryimage","url":"https:\/\/www.mgc.es\/wp-content\/uploads\/2023\/11\/esclerosis-multiple2.jpg","contentUrl":"https:\/\/www.mgc.es\/wp-content\/uploads\/2023\/11\/esclerosis-multiple2.jpg","width":800,"height":533},{"@type":"BreadcrumbList","@id":"https:\/\/www.mgc.es\/blog\/que-es-la-artritis-psoriasica-conoce-sus-caracteristicas-y-desencadenantes\/#breadcrumb","itemListElement":[{"@type":"ListItem","position":1,"name":"Home","item":"https:\/\/www.mgc.es\/ca\/"},{"@type":"ListItem","position":2,"name":"Qu\u00e8 \u00e9s l\u2019artritis psori\u00e0sica? Descobreix-ne les caracter\u00edstiques i les causes"}]},{"@type":"WebSite","@id":"https:\/\/www.mgc.es\/#website","url":"https:\/\/www.mgc.es\/","name":"MGC M\u00fatua","description":"MGC M\u00fatua \u00e9s una entitat asseguradora sense \u00e0nim de lucre constitu\u00efda al 1982 i especialitzada en assegurances de salut i assist\u00e8ncia.","publisher":{"@id":"https:\/\/www.mgc.es\/#organization"},"alternateName":"MGC","potentialAction":[{"@type":"SearchAction","target":{"@type":"EntryPoint","urlTemplate":"https:\/\/www.mgc.es\/?s={search_term_string}"},"query-input":{"@type":"PropertyValueSpecification","valueRequired":true,"valueName":"search_term_string"}}],"inLanguage":"ca"},{"@type":"Organization","@id":"https:\/\/www.mgc.es\/#organization","name":"MGC Mutua","alternateName":"MGC","url":"https:\/\/www.mgc.es\/","logo":{"@type":"ImageObject","inLanguage":"ca","@id":"https:\/\/www.mgc.es\/#\/schema\/logo\/image\/","url":"https:\/\/www.mgc.es\/wp-content\/uploads\/2020\/03\/mgcmutua_h2_2t_reduccions.png","contentUrl":"https:\/\/www.mgc.es\/wp-content\/uploads\/2020\/03\/mgcmutua_h2_2t_reduccions.png","width":303,"height":165,"caption":"MGC Mutua"},"image":{"@id":"https:\/\/www.mgc.es\/#\/schema\/logo\/image\/"},"sameAs":["https:\/\/www.facebook.com\/mgcmutua","https:\/\/x.com\/mgcmutua","https:\/\/www.youtube.com\/c\/MGCMutua"]},{"@type":"Person","@id":"https:\/\/www.mgc.es\/#\/schema\/person\/010c961d9c9acf38f11187a02b646c16","name":"Revista Inter\u00e8s Mutu","image":{"@type":"ImageObject","inLanguage":"ca","@id":"https:\/\/secure.gravatar.com\/avatar\/52302d684339b9d7bf5691e2ad00835d62ce3b4a435f21ca9f21fbe39c63cb1b?s=96&d=mm&r=g","url":"https:\/\/secure.gravatar.com\/avatar\/52302d684339b9d7bf5691e2ad00835d62ce3b4a435f21ca9f21fbe39c63cb1b?s=96&d=mm&r=g","contentUrl":"https:\/\/secure.gravatar.com\/avatar\/52302d684339b9d7bf5691e2ad00835d62ce3b4a435f21ca9f21fbe39c63cb1b?s=96&d=mm&r=g","caption":"Revista Inter\u00e8s Mutu"}}]}},"_links":{"self":[{"href":"https:\/\/www.mgc.es\/ca\/wp-json\/wp\/v2\/posts\/30708","targetHints":{"allow":["GET"]}}],"collection":[{"href":"https:\/\/www.mgc.es\/ca\/wp-json\/wp\/v2\/posts"}],"about":[{"href":"https:\/\/www.mgc.es\/ca\/wp-json\/wp\/v2\/types\/post"}],"author":[{"embeddable":true,"href":"https:\/\/www.mgc.es\/ca\/wp-json\/wp\/v2\/users\/3"}],"replies":[{"embeddable":true,"href":"https:\/\/www.mgc.es\/ca\/wp-json\/wp\/v2\/comments?post=30708"}],"version-history":[{"count":1,"href":"https:\/\/www.mgc.es\/ca\/wp-json\/wp\/v2\/posts\/30708\/revisions"}],"predecessor-version":[{"id":30709,"href":"https:\/\/www.mgc.es\/ca\/wp-json\/wp\/v2\/posts\/30708\/revisions\/30709"}],"wp:featuredmedia":[{"embeddable":true,"href":"https:\/\/www.mgc.es\/ca\/wp-json\/wp\/v2\/media\/30704"}],"wp:attachment":[{"href":"https:\/\/www.mgc.es\/ca\/wp-json\/wp\/v2\/media?parent=30708"}],"wp:term":[{"taxonomy":"category","embeddable":true,"href":"https:\/\/www.mgc.es\/ca\/wp-json\/wp\/v2\/categories?post=30708"},{"taxonomy":"post_tag","embeddable":true,"href":"https:\/\/www.mgc.es\/ca\/wp-json\/wp\/v2\/tags?post=30708"}],"curies":[{"name":"wp","href":"https:\/\/api.w.org\/{rel}","templated":true}]}}