{"id":30693,"date":"2023-11-15T09:44:39","date_gmt":"2023-11-15T08:44:39","guid":{"rendered":"https:\/\/www.mgc.es\/?p=30693"},"modified":"2023-11-15T10:36:04","modified_gmt":"2023-11-15T09:36:04","slug":"1-origami-1-euro-una-decada-de-campanya-solidaria","status":"publish","type":"post","link":"https:\/\/www.mgc.es\/ca\/blog\/1-origami-1-euro-una-decada-de-campanya-solidaria\/","title":{"rendered":"1 origami 1 euro, una d\u00e8cada de campanya solid\u00e0ria"},"content":{"rendered":"\n<figure class=\"wp-block-image size-full\"><img loading=\"lazy\" decoding=\"async\" width=\"738\" height=\"738\" src=\"https:\/\/www.mgc.es\/wp-content\/uploads\/2023\/11\/paper_ok_3.jpg\" alt=\"\" class=\"wp-image-30691\" srcset=\"https:\/\/www.mgc.es\/wp-content\/uploads\/2023\/11\/paper_ok_3.jpg 738w, https:\/\/www.mgc.es\/wp-content\/uploads\/2023\/11\/paper_ok_3-440x440.jpg 440w, https:\/\/www.mgc.es\/wp-content\/uploads\/2023\/11\/paper_ok_3-150x150.jpg 150w\" sizes=\"auto, (max-width: 738px) 100vw, 738px\" \/><\/figure>\n\n\n\n<p>Des de fa m\u00e9s de deu anys, la Responsabilitat Social Corporativa d\u2019MGC M\u00fatua compleix amb el seu comprom\u00eds social a trav\u00e9s de la seva Fundaci\u00f3, donant suport a causes socials i solid\u00e0ries, que inclouen el foment de la salut i de la previsi\u00f3 social en tots els seus vessants com a part de el seu objecte fundacional.<\/p>\n\n\n\n<p>En aquest sentit, el projecte de la Fundaci\u00f3 MGC <a href=\"https:\/\/www.1origami1euro.org\/\">\u00ab1 origami 1 euro\u00bb<\/a> ha triomfat al llarg de deu edicions entre la poblaci\u00f3 infantil de Catalunya, esdevenint \u201cel batec de la M\u00fatua\u201d, en aconseguir associar la Fundaci\u00f3 MGC amb els valors que representen els origamis: solidaritat, esfor\u00e7 i dedicaci\u00f3. Es tracta d\u2019una campanya solid\u00e0ria la donaci\u00f3 econ\u00f2mica de la Fundaci\u00f3 MGC de la qual es destina a organitzacions i associacions sense \u00e0nim de lucre, que actuen en benefici d\u2019una societat m\u00e9s saludable.<\/p>\n\n\n\n<p>Per aix\u00f2, aquest 2023, mitjan\u00e7ant la <strong>XI edici\u00f3 d\u20191 origami 1 euro<\/strong>, la Fundaci\u00f3 MGC destinar\u00e0 50.000 euros a tres organitzacions que focalitzen els seus esfor\u00e7os en la prevenci\u00f3 de malalties, com \u00e9s <strong>l\u2019Associaci\u00f3 Espanyola contra el C\u00e0ncer<\/strong>, que fa 70 anys que finan\u00e7a projectes de recerca que permetin un diagn\u00f2stic preco\u00e7 i avan\u00e7ats tractaments contra el c\u00e0ncer, aix\u00ed com millorar la vida de les persones que pateixen aquesta malaltia.<\/p>\n\n\n\n<p>Tamb\u00e9 donar\u00e0 suport a <strong>La Nineta dels Ulls<\/strong>, que t\u00e9 com a missi\u00f3 ajudar la investigaci\u00f3 i el coneixement del retinoblastoma i els seus tractaments per poder millorar la detecci\u00f3, el tractament i la qualitat de vida dels afectats, ja que \u00e9s el c\u00e0ncer ocular m\u00e9s freq\u00fcent entre els menors de 3 anys. Cada any se\u2019n diagnostiquen 8.000 casos al m\u00f3n, dels quals 3.000 no sobreviuen. I, finalment, la Fundaci\u00f3 MGC col\u00b7laborar\u00e0 amb la seva aportaci\u00f3 econ\u00f2mica al programa Salut Sexual i Reproductiva de la <strong>Fundaci\u00f3 La Marat\u00f3 de TV3<\/strong>.<\/p>\n\n\n\n<figure class=\"wp-block-image size-large\"><img loading=\"lazy\" decoding=\"async\" width=\"880\" height=\"495\" src=\"https:\/\/www.mgc.es\/wp-content\/uploads\/2023\/09\/cabecera_cs-880x495.png\" alt=\"\" class=\"wp-image-30360\" srcset=\"https:\/\/www.mgc.es\/wp-content\/uploads\/2023\/09\/cabecera_cs-880x495.png 880w, https:\/\/www.mgc.es\/wp-content\/uploads\/2023\/09\/cabecera_cs-440x247.png 440w, https:\/\/www.mgc.es\/wp-content\/uploads\/2023\/09\/cabecera_cs-768x432.png 768w, https:\/\/www.mgc.es\/wp-content\/uploads\/2023\/09\/cabecera_cs.png 1000w\" sizes=\"auto, (max-width: 880px) 100vw, 880px\" \/><\/figure>\n\n\n\n<h2 class=\"wp-block-heading\"><strong>El primer curtmetratge de la Fundaci\u00f3 MGC<\/strong><strong><\/strong><\/h2>\n\n\n\n<p>La campanya solid\u00e0ria \u00ab1 origami 1 euro\u00bb va comen\u00e7ar el seu cam\u00ed el 2013 amb molta il\u00b7lusi\u00f3. Per celebrar aquesta primera d\u00e8cada de vida de la campanya solid\u00e0ria, la Fundaci\u00f3 MGC ha creat un curtmetratge d\u2019animaci\u00f3 titulat <strong><a href=\"https:\/\/vimeo.com\/852661844\">\u201cMil grues de paper\u201d<\/a><\/strong> que transporta els espectadors a un m\u00f3n de fantasia pintat a m\u00e0 i que recull l\u2019ess\u00e8ncia del significat de fer una grua de paper per a alg\u00fa a qui estimes. Es pot veure en catal\u00e0, castell\u00e0, angl\u00e8s i, fins i tot, en japon\u00e8s als canals corporatius d\u2019MGC M\u00fatua (YouTube i Vimeo).<\/p>\n\n\n\n<p>L\u2019obra, feta a partir de les aquarel\u00b7les de la il\u00b7lustradora Diana Garc\u00eda i dirigida i muntada per Xavi Gilabert, tots dos del departament de M\u00e0rqueting d\u2019MGC M\u00fatua, est\u00e0 destinada a inspirar nens i nenes de totes les edats a trav\u00e9s de la seva narrativa i els seus valors. En perfecta sintonia amb la campanya \u00ab1 origami 1 euro\u00bb, el curtmetratge convida els espectadors a unir-se a la causa ben\u00e8fica. Aquesta converg\u00e8ncia d\u2019art, cultura i solidaritat \u00e9s el reflex de l\u2019esperit comprom\u00e8s de la Fundaci\u00f3 MGC. El curtmetratge \u00e9s, en definitiva, una eina molt \u00fatil per a la finalitat de la Fundaci\u00f3 MGC: comunicar valors que realcin els conceptes de la fam\u00edlia, la salut i la solidaritat.<\/p>\n","protected":false},"excerpt":{"rendered":"<p>Des de fa m\u00e9s de deu anys, la Responsabilitat Social Corporativa d\u2019MGC M\u00fatua compleix amb el seu comprom\u00eds social a trav\u00e9s de la seva Fundaci\u00f3, donant suport a causes socials i solid\u00e0ries, que inclouen el foment de la salut i de la previsi\u00f3 social en tots els seus vessants com a part de el seu objecte fundacional.<\/p>\n","protected":false},"author":3,"featured_media":30691,"comment_status":"closed","ping_status":"closed","sticky":false,"template":"","format":"standard","meta":{"footnotes":""},"categories":[568],"tags":[371,432],"class_list":["post-30693","post","type-post","status-publish","format-standard","has-post-thumbnail","hentry","category-fundacio-mgc","tag-1origami1euro-ca","tag-fundacio-mutua-general-de-catalunya"],"featured_image_src":"https:\/\/www.mgc.es\/wp-content\/uploads\/2023\/11\/paper_ok_3.jpg","author_info":{"display_name":"Revista Inter\u00e8s Mutu","author_link":"https:\/\/www.mgc.es\/ca\/blog\/author\/interesmutu\/"},"yoast_head":"<!-- This site is optimized with the Yoast SEO plugin v27.2 - https:\/\/yoast.com\/product\/yoast-seo-wordpress\/ -->\n<title>1 origami 1 euro, una d\u00e8cada de campanya solid\u00e0ria - MGC M\u00fatua<\/title>\n<meta name=\"robots\" content=\"index, follow, max-snippet:-1, max-image-preview:large, max-video-preview:-1\" \/>\n<link rel=\"canonical\" href=\"https:\/\/www.mgc.es\/ca\/blog\/1-origami-1-euro-una-decada-de-campanya-solidaria\/\" \/>\n<meta property=\"og:locale\" content=\"ca_ES\" \/>\n<meta property=\"og:type\" content=\"article\" \/>\n<meta property=\"og:title\" content=\"1 origami 1 euro, una d\u00e8cada de campanya solid\u00e0ria - MGC M\u00fatua\" \/>\n<meta property=\"og:description\" content=\"Des de fa m\u00e9s de deu anys, la Responsabilitat Social Corporativa d\u2019MGC M\u00fatua compleix amb el seu comprom\u00eds social a trav\u00e9s de la seva Fundaci\u00f3, donant suport a causes socials i solid\u00e0ries, que inclouen el foment de la salut i de la previsi\u00f3 social en tots els seus vessants com a part de el seu objecte fundacional.\" \/>\n<meta property=\"og:url\" content=\"https:\/\/www.mgc.es\/ca\/blog\/1-origami-1-euro-una-decada-de-campanya-solidaria\/\" \/>\n<meta property=\"og:site_name\" content=\"MGC M\u00fatua\" \/>\n<meta property=\"article:publisher\" content=\"https:\/\/www.facebook.com\/mgcmutua\" \/>\n<meta property=\"article:published_time\" content=\"2023-11-15T08:44:39+00:00\" \/>\n<meta property=\"article:modified_time\" content=\"2023-11-15T09:36:04+00:00\" \/>\n<meta property=\"og:image\" content=\"https:\/\/www.mgc.es\/wp-content\/uploads\/2023\/11\/paper_ok_3.jpg\" \/>\n\t<meta property=\"og:image:width\" content=\"738\" \/>\n\t<meta property=\"og:image:height\" content=\"738\" \/>\n\t<meta property=\"og:image:type\" content=\"image\/jpeg\" \/>\n<meta name=\"author\" content=\"Revista Inter\u00e8s Mutu\" \/>\n<meta name=\"twitter:card\" content=\"summary_large_image\" \/>\n<meta name=\"twitter:creator\" content=\"@mgcmutua\" \/>\n<meta name=\"twitter:site\" content=\"@mgcmutua\" \/>\n<meta name=\"twitter:label1\" content=\"Escrit per\" \/>\n\t<meta name=\"twitter:data1\" content=\"Revista Inter\u00e8s Mutu\" \/>\n\t<meta name=\"twitter:label2\" content=\"Temps estimat de lectura\" \/>\n\t<meta name=\"twitter:data2\" content=\"3 minuts\" \/>\n<!-- \/ Yoast SEO plugin. -->","yoast_head_json":{"title":"1 origami 1 euro, una d\u00e8cada de campanya solid\u00e0ria - MGC M\u00fatua","robots":{"index":"index","follow":"follow","max-snippet":"max-snippet:-1","max-image-preview":"max-image-preview:large","max-video-preview":"max-video-preview:-1"},"canonical":"https:\/\/www.mgc.es\/ca\/blog\/1-origami-1-euro-una-decada-de-campanya-solidaria\/","og_locale":"ca_ES","og_type":"article","og_title":"1 origami 1 euro, una d\u00e8cada de campanya solid\u00e0ria - MGC M\u00fatua","og_description":"Des de fa m\u00e9s de deu anys, la Responsabilitat Social Corporativa d\u2019MGC M\u00fatua compleix amb el seu comprom\u00eds social a trav\u00e9s de la seva Fundaci\u00f3, donant suport a causes socials i solid\u00e0ries, que inclouen el foment de la salut i de la previsi\u00f3 social en tots els seus vessants com a part de el seu objecte fundacional.","og_url":"https:\/\/www.mgc.es\/ca\/blog\/1-origami-1-euro-una-decada-de-campanya-solidaria\/","og_site_name":"MGC M\u00fatua","article_publisher":"https:\/\/www.facebook.com\/mgcmutua","article_published_time":"2023-11-15T08:44:39+00:00","article_modified_time":"2023-11-15T09:36:04+00:00","og_image":[{"width":738,"height":738,"url":"https:\/\/www.mgc.es\/wp-content\/uploads\/2023\/11\/paper_ok_3.jpg","type":"image\/jpeg"}],"author":"Revista Inter\u00e8s Mutu","twitter_card":"summary_large_image","twitter_creator":"@mgcmutua","twitter_site":"@mgcmutua","twitter_misc":{"Escrit per":"Revista Inter\u00e8s Mutu","Temps estimat de lectura":"3 minuts"},"schema":{"@context":"https:\/\/schema.org","@graph":[{"@type":["Article","BlogPosting"],"@id":"https:\/\/www.mgc.es\/ca\/blog\/1-origami-1-euro-una-decada-de-campanya-solidaria\/#article","isPartOf":{"@id":"https:\/\/www.mgc.es\/ca\/blog\/1-origami-1-euro-una-decada-de-campanya-solidaria\/"},"author":{"name":"Revista Inter\u00e8s Mutu","@id":"https:\/\/www.mgc.es\/#\/schema\/person\/010c961d9c9acf38f11187a02b646c16"},"headline":"1 origami 1 euro, una d\u00e8cada de campanya solid\u00e0ria","datePublished":"2023-11-15T08:44:39+00:00","dateModified":"2023-11-15T09:36:04+00:00","mainEntityOfPage":{"@id":"https:\/\/www.mgc.es\/ca\/blog\/1-origami-1-euro-una-decada-de-campanya-solidaria\/"},"wordCount":563,"publisher":{"@id":"https:\/\/www.mgc.es\/#organization"},"image":{"@id":"https:\/\/www.mgc.es\/ca\/blog\/1-origami-1-euro-una-decada-de-campanya-solidaria\/#primaryimage"},"thumbnailUrl":"https:\/\/www.mgc.es\/wp-content\/uploads\/2023\/11\/paper_ok_3.jpg","keywords":["1origami1euro","fundaci\u00f3 m\u00fatua general de catalunya"],"articleSection":["Fundaci\u00f3 MGC"],"inLanguage":"ca"},{"@type":["WebPage","ItemPage"],"@id":"https:\/\/www.mgc.es\/ca\/blog\/1-origami-1-euro-una-decada-de-campanya-solidaria\/","url":"https:\/\/www.mgc.es\/ca\/blog\/1-origami-1-euro-una-decada-de-campanya-solidaria\/","name":"1 origami 1 euro, una d\u00e8cada de campanya solid\u00e0ria - MGC M\u00fatua","isPartOf":{"@id":"https:\/\/www.mgc.es\/#website"},"primaryImageOfPage":{"@id":"https:\/\/www.mgc.es\/ca\/blog\/1-origami-1-euro-una-decada-de-campanya-solidaria\/#primaryimage"},"image":{"@id":"https:\/\/www.mgc.es\/ca\/blog\/1-origami-1-euro-una-decada-de-campanya-solidaria\/#primaryimage"},"thumbnailUrl":"https:\/\/www.mgc.es\/wp-content\/uploads\/2023\/11\/paper_ok_3.jpg","datePublished":"2023-11-15T08:44:39+00:00","dateModified":"2023-11-15T09:36:04+00:00","breadcrumb":{"@id":"https:\/\/www.mgc.es\/ca\/blog\/1-origami-1-euro-una-decada-de-campanya-solidaria\/#breadcrumb"},"inLanguage":"ca","potentialAction":[{"@type":"ReadAction","target":["https:\/\/www.mgc.es\/ca\/blog\/1-origami-1-euro-una-decada-de-campanya-solidaria\/"]}]},{"@type":"ImageObject","inLanguage":"ca","@id":"https:\/\/www.mgc.es\/ca\/blog\/1-origami-1-euro-una-decada-de-campanya-solidaria\/#primaryimage","url":"https:\/\/www.mgc.es\/wp-content\/uploads\/2023\/11\/paper_ok_3.jpg","contentUrl":"https:\/\/www.mgc.es\/wp-content\/uploads\/2023\/11\/paper_ok_3.jpg","width":738,"height":738},{"@type":"BreadcrumbList","@id":"https:\/\/www.mgc.es\/ca\/blog\/1-origami-1-euro-una-decada-de-campanya-solidaria\/#breadcrumb","itemListElement":[{"@type":"ListItem","position":1,"name":"Home","item":"https:\/\/www.mgc.es\/ca\/"},{"@type":"ListItem","position":2,"name":"1 origami 1 euro, una d\u00e8cada de campanya solid\u00e0ria"}]},{"@type":"WebSite","@id":"https:\/\/www.mgc.es\/#website","url":"https:\/\/www.mgc.es\/","name":"MGC M\u00fatua","description":"MGC M\u00fatua \u00e9s una entitat asseguradora sense \u00e0nim de lucre constitu\u00efda al 1982 i especialitzada en assegurances de salut i assist\u00e8ncia.","publisher":{"@id":"https:\/\/www.mgc.es\/#organization"},"alternateName":"MGC","potentialAction":[{"@type":"SearchAction","target":{"@type":"EntryPoint","urlTemplate":"https:\/\/www.mgc.es\/?s={search_term_string}"},"query-input":{"@type":"PropertyValueSpecification","valueRequired":true,"valueName":"search_term_string"}}],"inLanguage":"ca"},{"@type":"Organization","@id":"https:\/\/www.mgc.es\/#organization","name":"MGC Mutua","alternateName":"MGC","url":"https:\/\/www.mgc.es\/","logo":{"@type":"ImageObject","inLanguage":"ca","@id":"https:\/\/www.mgc.es\/#\/schema\/logo\/image\/","url":"https:\/\/www.mgc.es\/wp-content\/uploads\/2020\/03\/mgcmutua_h2_2t_reduccions.png","contentUrl":"https:\/\/www.mgc.es\/wp-content\/uploads\/2020\/03\/mgcmutua_h2_2t_reduccions.png","width":303,"height":165,"caption":"MGC Mutua"},"image":{"@id":"https:\/\/www.mgc.es\/#\/schema\/logo\/image\/"},"sameAs":["https:\/\/www.facebook.com\/mgcmutua","https:\/\/x.com\/mgcmutua","https:\/\/www.youtube.com\/c\/MGCMutua"]},{"@type":"Person","@id":"https:\/\/www.mgc.es\/#\/schema\/person\/010c961d9c9acf38f11187a02b646c16","name":"Revista Inter\u00e8s Mutu","image":{"@type":"ImageObject","inLanguage":"ca","@id":"https:\/\/secure.gravatar.com\/avatar\/52302d684339b9d7bf5691e2ad00835d62ce3b4a435f21ca9f21fbe39c63cb1b?s=96&d=mm&r=g","url":"https:\/\/secure.gravatar.com\/avatar\/52302d684339b9d7bf5691e2ad00835d62ce3b4a435f21ca9f21fbe39c63cb1b?s=96&d=mm&r=g","contentUrl":"https:\/\/secure.gravatar.com\/avatar\/52302d684339b9d7bf5691e2ad00835d62ce3b4a435f21ca9f21fbe39c63cb1b?s=96&d=mm&r=g","caption":"Revista Inter\u00e8s Mutu"}}]}},"_links":{"self":[{"href":"https:\/\/www.mgc.es\/ca\/wp-json\/wp\/v2\/posts\/30693","targetHints":{"allow":["GET"]}}],"collection":[{"href":"https:\/\/www.mgc.es\/ca\/wp-json\/wp\/v2\/posts"}],"about":[{"href":"https:\/\/www.mgc.es\/ca\/wp-json\/wp\/v2\/types\/post"}],"author":[{"embeddable":true,"href":"https:\/\/www.mgc.es\/ca\/wp-json\/wp\/v2\/users\/3"}],"replies":[{"embeddable":true,"href":"https:\/\/www.mgc.es\/ca\/wp-json\/wp\/v2\/comments?post=30693"}],"version-history":[{"count":1,"href":"https:\/\/www.mgc.es\/ca\/wp-json\/wp\/v2\/posts\/30693\/revisions"}],"predecessor-version":[{"id":30694,"href":"https:\/\/www.mgc.es\/ca\/wp-json\/wp\/v2\/posts\/30693\/revisions\/30694"}],"wp:featuredmedia":[{"embeddable":true,"href":"https:\/\/www.mgc.es\/ca\/wp-json\/wp\/v2\/media\/30691"}],"wp:attachment":[{"href":"https:\/\/www.mgc.es\/ca\/wp-json\/wp\/v2\/media?parent=30693"}],"wp:term":[{"taxonomy":"category","embeddable":true,"href":"https:\/\/www.mgc.es\/ca\/wp-json\/wp\/v2\/categories?post=30693"},{"taxonomy":"post_tag","embeddable":true,"href":"https:\/\/www.mgc.es\/ca\/wp-json\/wp\/v2\/tags?post=30693"}],"curies":[{"name":"wp","href":"https:\/\/api.w.org\/{rel}","templated":true}]}}