{"id":30366,"date":"2023-09-27T11:48:19","date_gmt":"2023-09-27T09:48:19","guid":{"rendered":"https:\/\/www.mgc.es\/?p=30366"},"modified":"2023-09-27T12:44:52","modified_gmt":"2023-09-27T10:44:52","slug":"fundacio-mgc-al-cinema","status":"publish","type":"post","link":"https:\/\/www.mgc.es\/ca\/blog\/fundacio-mgc-al-cinema\/","title":{"rendered":"Fundaci\u00f3 MGC al cinema"},"content":{"rendered":"<div id=\"ez-toc-container\" class=\"ez-toc-v2_0_82_1 counter-hierarchy ez-toc-counter ez-toc-custom ez-toc-container-direction\">\n<div class=\"ez-toc-title-container\"><p class=\"ez-toc-title\" style=\"cursor:inherit\">\u00cdndex de continguts<\/p>\n<\/div><nav><ul class='ez-toc-list ez-toc-list-level-1 ' ><li class='ez-toc-page-1 ez-toc-heading-level-2'><a class=\"ez-toc-link ez-toc-heading-1\" href=\"https:\/\/www.mgc.es\/ca\/blog\/fundacio-mgc-al-cinema\/#El_primer_curtmetratge_de_la_Fundacio_MGC\" >El primer curtmetratge de la Fundaci\u00f3 MGC<\/a><\/li><li class='ez-toc-page-1 ez-toc-heading-level-2'><a class=\"ez-toc-link ez-toc-heading-2\" href=\"https:\/\/www.mgc.es\/ca\/blog\/fundacio-mgc-al-cinema\/#Disponible_en_diversos_idiomes\" >Disponible en diversos idiomes<\/a><\/li><\/ul><\/nav><\/div>\n\n<div class=\"video\"><iframe loading=\"lazy\" src=\"https:\/\/player.vimeo.com\/video\/868662519?h=7cc467b5ab\" width=\"640\" height=\"360\" frameborder=\"0\" allow=\"autoplay; fullscreen; picture-in-picture\" allowfullscreen><\/iframe><\/div>\n\n\n\n<p>MGC M\u00fatua i el Grup Bala\u00f1\u00e1 han arribat a un acord de patrocini que permetr\u00e0 que <a href=\"https:\/\/vimeo.com\/852661844\">el primer curtmetratge de la Fundaci\u00f3 MGC, \u201cMil grues de paper\u201d<\/a>, es pugui veure al cinema. El curtmetratge\u00a0 es projecta durant 10 sessions des del mes de setembre al cinema Mooby Gran Sarri\u00e0 de Barcelona. <\/p>\n\n\n\n<p>Les sessions formen part de la segona temporada del <strong><a href=\"https:\/\/www.moobycinemas.com\/gran_sarria_musical\">Gran Sarri\u00e0 Musical<\/a><\/strong>, on es presenta un esdeveniment molt especial consistent &nbsp;en una sessi\u00f3 musical de la m\u00e0 del trio de <strong>Jazz&nbsp;<em>The Moonrivers<\/em><\/strong>&nbsp;interpretant temes de bandes sonores de pel\u00b7l\u00edcules i posteriorment la projecci\u00f3 de la pel\u00b7l\u00edcula. <strong>\u201cMil grues de paper\u201d es podr\u00e0 veure abans de comen\u00e7ar el film.<\/strong><\/p>\n\n\n\n<p><strong>Les sessions confirmades s\u00f3n:<\/strong><\/p>\n\n\n\n<ul class=\"wp-block-list\">\n<li><strong>16 de setembre:<\/strong> Memorias de \u00c1frica (18:00 h)<\/li>\n\n\n\n<li><strong>7 d\u2019octubre:<\/strong> Vacaciones en Roma (18:00 h)<\/li>\n\n\n\n<li><strong>4 de novembre:<\/strong> Sopa de Ganso (18:00 h)<\/li>\n\n\n\n<li><strong>25 de novembre:<\/strong> West Side Story (18:00 h)<\/li>\n<\/ul>\n\n\n\n<p>\u201cMil grues de paper\u201d tamb\u00e9 es podr\u00e0 veure tamb\u00e9 a les <strong>\u201cFamiliy Movie Session\u201d<\/strong> que organitza el Grup Bala\u00f1\u00e1 a la Sala 5 del <strong>Cinema Aribau<\/strong> de Barcelona, amb capacitat per 1.100 persones. Aquestes sessions encara estan per definir. Us mantindrem informats!<\/p>\n\n\n\n<figure class=\"wp-block-image size-large\"><img loading=\"lazy\" decoding=\"async\" width=\"880\" height=\"495\" src=\"https:\/\/www.mgc.es\/wp-content\/uploads\/2023\/09\/pelis-880x495.png\" alt=\"\" class=\"wp-image-30358\" srcset=\"https:\/\/www.mgc.es\/wp-content\/uploads\/2023\/09\/pelis-880x495.png 880w, https:\/\/www.mgc.es\/wp-content\/uploads\/2023\/09\/pelis-440x247.png 440w, https:\/\/www.mgc.es\/wp-content\/uploads\/2023\/09\/pelis-768x432.png 768w, https:\/\/www.mgc.es\/wp-content\/uploads\/2023\/09\/pelis.png 1000w\" sizes=\"auto, (max-width: 880px) 100vw, 880px\" \/><\/figure>\n\n\n\n<h2 class=\"wp-block-heading\"><span class=\"ez-toc-section\" id=\"El_primer_curtmetratge_de_la_Fundacio_MGC\"><\/span><strong>El primer curtmetratge de la Fundaci\u00f3 MGC<\/strong><span class=\"ez-toc-section-end\"><\/span><\/h2>\n\n\n\n<p>La Fundaci\u00f3 MGC s&#8217;enorgulleix de presentar el seu \u00e8xit cinematogr\u00e0fic, un commovedor curtmetratge d&#8217;animaci\u00f3 tradicional que transporta els espectadors a un m\u00f3n de fantasia pintat a m\u00e0.<\/p>\n\n\n\n<p>Enclavat a l&#8217;encantador poble de Montblanc, &#8220;Mil grues de paper&#8221; narra la travessia de la Rita i el Xavi, dos germans que arriben a aquest poble amb la seva mare mentre el seu pare est\u00e0 ingressat en un hospital proper. Envoltats per muntanyes m\u00e0giques descobriran que hi ha coses que no sempre s\u00f3n el que semblen i viuran una gran aventura amb alg\u00fa molt especial&#8230;<\/p>\n\n\n\n<p>L&#8217;obra, realitzada a partir de les aquarel\u00b7les de la il\u00b7lustradora Diana Garc\u00eda i dirigida i muntada per Xavi Gilabert, ambd\u00f3s del departament de M\u00e0rqueting d\u2019MGC M\u00fatua, est\u00e0 destinada a inspirar nens i nenes de totes les edats a trav\u00e9s de la seva narrativa i els seus valors. En perfecta sintonia amb la campanya<a href=\"https:\/\/www.1origami1euro.org\/1origami1euro\/https:\/\/www.1origami1euro.org\/1origami1euro\/\"> <strong>\u201c1 origami 1 euro\u201d<\/strong> de la Fundaci\u00f3 MGC<\/a>, el curtmetratge convida els espectadors a unir-se a la causa ben\u00e8fica. Aquesta converg\u00e8ncia d\u2019art, cultura i solidaritat \u00e9s el reflex de l\u2019esperit comprom\u00e8s de la Fundaci\u00f3 MGC.<\/p>\n\n\n\n<p>La Fundaci\u00f3 MGC t\u00e9 com a objectiu fer arribar Mil grues de paper a les escoles de tot Catalunya, brindant als nens i nenes l&#8217;oportunitat de reflexionar sobre temes importants com la superaci\u00f3 de desafiaments i la import\u00e0ncia de la fam\u00edlia. A trav\u00e9s dels valors transmesos a la hist\u00f2ria, s&#8217;espera que els estudiants puguin desenvolupar una comprensi\u00f3 m\u00e9s profunda de l&#8217;empatia i la solidaritat. La Fundaci\u00f3 convida els educadors, pares i cuidadors a unir-se a aquesta missi\u00f3 educativa i solid\u00e0ria en portar &#8220;Mil grues de paper&#8221; a les aules i llars. La m\u00e0gia de l\u00b4animaci\u00f3 i el poder de la narraci\u00f3 s\u2019uneixen en aquest viatge de descobriment, resili\u00e8ncia i esperan\u00e7a.<\/p>\n\n\n\n<h2 class=\"wp-block-heading\"><span class=\"ez-toc-section\" id=\"Disponible_en_diversos_idiomes\"><\/span><strong>Disponible en diversos idiomes<\/strong><span class=\"ez-toc-section-end\"><\/span><\/h2>\n\n\n\n<p>Els seus 6 minuts de travessia visual estaran disponibles en diversos idiomes: castell\u00e0, catal\u00e0, angl\u00e8s i japon\u00e8s. Nom\u00e9s tres persones han treballat en aquesta petita obra d&#8217;animaci\u00f3 durant una mica m\u00e9s d&#8217;un any i moltes nits carregades de caf\u00e8. Les animacions de Ferran Vilanova, de la productora <a href=\"https:\/\/www.flexic.es\/\">Flexic<\/a>, les captivadores aquarel\u00b7les de Diana Garc\u00eda i la direcci\u00f3 de Xavi Gilabert es van combinar per a crear una experi\u00e8ncia \u00fanica que connecta amb el p\u00fablic infantil i juvenil, per\u00f2 tamb\u00e9 amb els que no som tan petits.<\/p>\n\n\n\n<p>Tots tres han repassat tota mena de refer\u00e8ncies creatives que els han inspirat des de petits. Les pel\u00b7l\u00edcules de Hayao Miyazaki i Ghibli, els Moomins de Tove Jansson, la m\u00fasica tradicional japonesa, l&#8217;esperit de Sadako Sasaki, les aventures de Bone de Jeff Smith, el drac de Sant Jordi, el poble de Montblanc i les muntanyes de Prades&#8230; experi\u00e8ncies que vivim i que ens agraden i que s&#8217;acaben filtrant de la manera m\u00e9s positiva possible per crear alguna cosa nova.<\/p>\n\n\n\n<p>El curtmetratge ser\u00e0 una eina molt \u00fatil per a la finalitat de la Fundaci\u00f3 MGC: comunicar valors positius relacionats amb la fam\u00edlia, la salut i la solidaritat.<\/p>\n","protected":false},"excerpt":{"rendered":"<p>MGC M\u00fatua i el Grup Bala\u00f1\u00e1 han arribat a un acord de patrocini que permetr\u00e0 que el primer curtmetratge de la Fundaci\u00f3 MGC, \u201cMil grues de paper\u201d, es pugui veure al cinema.El curtmetratge\u00a0 es projecta durant 10 sessions des del mes de setembre al cinema Mooby Gran Sarri\u00e0 de Barcelona. <\/p>\n","protected":false},"author":3,"featured_media":30356,"comment_status":"closed","ping_status":"closed","sticky":false,"template":"","format":"standard","meta":{"footnotes":""},"categories":[11,568],"tags":[371,432,463],"class_list":["post-30366","post","type-post","status-publish","format-standard","has-post-thumbnail","hentry","category-actualitat","category-fundacio-mgc","tag-1origami1euro-ca","tag-fundacio-mutua-general-de-catalunya","tag-nens"],"featured_image_src":"https:\/\/www.mgc.es\/wp-content\/uploads\/2023\/09\/Imagen2.png","author_info":{"display_name":"Revista Inter\u00e8s Mutu","author_link":"https:\/\/www.mgc.es\/ca\/blog\/author\/interesmutu\/"},"yoast_head":"<!-- This site is optimized with the Yoast SEO plugin v27.2 - https:\/\/yoast.com\/product\/yoast-seo-wordpress\/ -->\n<title>Fundaci\u00f3 MGC al cinema - MGC M\u00fatua<\/title>\n<meta name=\"description\" content=\"MGC M\u00fatua i el Grup Bala\u00f1\u00e1 han arribat a un acord de patrocini que permetr\u00e0 que el primer curtmetratge de la Fundaci\u00f3 MGC, \u201cMil grues de paper\u201d, es pugui veure al cinema.\" \/>\n<meta name=\"robots\" content=\"index, follow, max-snippet:-1, max-image-preview:large, max-video-preview:-1\" \/>\n<link rel=\"canonical\" href=\"https:\/\/www.mgc.es\/ca\/blog\/fundacio-mgc-al-cinema\/\" \/>\n<meta property=\"og:locale\" content=\"ca_ES\" \/>\n<meta property=\"og:type\" content=\"article\" \/>\n<meta property=\"og:title\" content=\"Fundaci\u00f3 MGC al cinema - MGC M\u00fatua\" \/>\n<meta property=\"og:description\" content=\"MGC M\u00fatua i el Grup Bala\u00f1\u00e1 han arribat a un acord de patrocini que permetr\u00e0 que el primer curtmetratge de la Fundaci\u00f3 MGC, \u201cMil grues de paper\u201d, es pugui veure al cinema.\" \/>\n<meta property=\"og:url\" content=\"https:\/\/www.mgc.es\/ca\/blog\/fundacio-mgc-al-cinema\/\" \/>\n<meta property=\"og:site_name\" content=\"MGC M\u00fatua\" \/>\n<meta property=\"article:publisher\" content=\"https:\/\/www.facebook.com\/mgcmutua\" \/>\n<meta property=\"article:published_time\" content=\"2023-09-27T09:48:19+00:00\" \/>\n<meta property=\"article:modified_time\" content=\"2023-09-27T10:44:52+00:00\" \/>\n<meta property=\"og:image\" content=\"https:\/\/www.mgc.es\/wp-content\/uploads\/2023\/09\/Imagen2.png\" \/>\n\t<meta property=\"og:image:width\" content=\"1000\" \/>\n\t<meta property=\"og:image:height\" content=\"562\" \/>\n\t<meta property=\"og:image:type\" content=\"image\/png\" \/>\n<meta name=\"author\" content=\"Revista Inter\u00e8s Mutu\" \/>\n<meta name=\"twitter:card\" content=\"summary_large_image\" \/>\n<meta name=\"twitter:creator\" content=\"@mgcmutua\" \/>\n<meta name=\"twitter:site\" content=\"@mgcmutua\" \/>\n<meta name=\"twitter:label1\" content=\"Escrit per\" \/>\n\t<meta name=\"twitter:data1\" content=\"Revista Inter\u00e8s Mutu\" \/>\n<!-- \/ Yoast SEO plugin. -->","yoast_head_json":{"title":"Fundaci\u00f3 MGC al cinema - MGC M\u00fatua","description":"MGC M\u00fatua i el Grup Bala\u00f1\u00e1 han arribat a un acord de patrocini que permetr\u00e0 que el primer curtmetratge de la Fundaci\u00f3 MGC, \u201cMil grues de paper\u201d, es pugui veure al cinema.","robots":{"index":"index","follow":"follow","max-snippet":"max-snippet:-1","max-image-preview":"max-image-preview:large","max-video-preview":"max-video-preview:-1"},"canonical":"https:\/\/www.mgc.es\/ca\/blog\/fundacio-mgc-al-cinema\/","og_locale":"ca_ES","og_type":"article","og_title":"Fundaci\u00f3 MGC al cinema - MGC M\u00fatua","og_description":"MGC M\u00fatua i el Grup Bala\u00f1\u00e1 han arribat a un acord de patrocini que permetr\u00e0 que el primer curtmetratge de la Fundaci\u00f3 MGC, \u201cMil grues de paper\u201d, es pugui veure al cinema.","og_url":"https:\/\/www.mgc.es\/ca\/blog\/fundacio-mgc-al-cinema\/","og_site_name":"MGC M\u00fatua","article_publisher":"https:\/\/www.facebook.com\/mgcmutua","article_published_time":"2023-09-27T09:48:19+00:00","article_modified_time":"2023-09-27T10:44:52+00:00","og_image":[{"width":1000,"height":562,"url":"https:\/\/www.mgc.es\/wp-content\/uploads\/2023\/09\/Imagen2.png","type":"image\/png"}],"author":"Revista Inter\u00e8s Mutu","twitter_card":"summary_large_image","twitter_creator":"@mgcmutua","twitter_site":"@mgcmutua","twitter_misc":{"Escrit per":"Revista Inter\u00e8s Mutu"},"schema":{"@context":"https:\/\/schema.org","@graph":[{"@type":["Article","BlogPosting"],"@id":"https:\/\/www.mgc.es\/ca\/blog\/fundacio-mgc-al-cinema\/#article","isPartOf":{"@id":"https:\/\/www.mgc.es\/ca\/blog\/fundacio-mgc-al-cinema\/"},"author":{"name":"Revista Inter\u00e8s Mutu","@id":"https:\/\/www.mgc.es\/#\/schema\/person\/010c961d9c9acf38f11187a02b646c16"},"headline":"Fundaci\u00f3 MGC al cinema","datePublished":"2023-09-27T09:48:19+00:00","dateModified":"2023-09-27T10:44:52+00:00","mainEntityOfPage":{"@id":"https:\/\/www.mgc.es\/ca\/blog\/fundacio-mgc-al-cinema\/"},"wordCount":724,"publisher":{"@id":"https:\/\/www.mgc.es\/#organization"},"image":{"@id":"https:\/\/www.mgc.es\/ca\/blog\/fundacio-mgc-al-cinema\/#primaryimage"},"thumbnailUrl":"https:\/\/www.mgc.es\/wp-content\/uploads\/2023\/09\/Imagen2.png","keywords":["1origami1euro","fundaci\u00f3 m\u00fatua general de catalunya","nens"],"articleSection":["Actualitat M\u00fatua","Fundaci\u00f3 MGC"],"inLanguage":"ca"},{"@type":["WebPage","ItemPage"],"@id":"https:\/\/www.mgc.es\/ca\/blog\/fundacio-mgc-al-cinema\/","url":"https:\/\/www.mgc.es\/ca\/blog\/fundacio-mgc-al-cinema\/","name":"Fundaci\u00f3 MGC al cinema - MGC M\u00fatua","isPartOf":{"@id":"https:\/\/www.mgc.es\/#website"},"primaryImageOfPage":{"@id":"https:\/\/www.mgc.es\/ca\/blog\/fundacio-mgc-al-cinema\/#primaryimage"},"image":{"@id":"https:\/\/www.mgc.es\/ca\/blog\/fundacio-mgc-al-cinema\/#primaryimage"},"thumbnailUrl":"https:\/\/www.mgc.es\/wp-content\/uploads\/2023\/09\/Imagen2.png","datePublished":"2023-09-27T09:48:19+00:00","dateModified":"2023-09-27T10:44:52+00:00","description":"MGC M\u00fatua i el Grup Bala\u00f1\u00e1 han arribat a un acord de patrocini que permetr\u00e0 que el primer curtmetratge de la Fundaci\u00f3 MGC, \u201cMil grues de paper\u201d, es pugui veure al cinema.","breadcrumb":{"@id":"https:\/\/www.mgc.es\/ca\/blog\/fundacio-mgc-al-cinema\/#breadcrumb"},"inLanguage":"ca","potentialAction":[{"@type":"ReadAction","target":["https:\/\/www.mgc.es\/ca\/blog\/fundacio-mgc-al-cinema\/"]}]},{"@type":"ImageObject","inLanguage":"ca","@id":"https:\/\/www.mgc.es\/ca\/blog\/fundacio-mgc-al-cinema\/#primaryimage","url":"https:\/\/www.mgc.es\/wp-content\/uploads\/2023\/09\/Imagen2.png","contentUrl":"https:\/\/www.mgc.es\/wp-content\/uploads\/2023\/09\/Imagen2.png","width":1000,"height":562},{"@type":"BreadcrumbList","@id":"https:\/\/www.mgc.es\/ca\/blog\/fundacio-mgc-al-cinema\/#breadcrumb","itemListElement":[{"@type":"ListItem","position":1,"name":"Home","item":"https:\/\/www.mgc.es\/ca\/"},{"@type":"ListItem","position":2,"name":"Fundaci\u00f3 MGC al cinema"}]},{"@type":"WebSite","@id":"https:\/\/www.mgc.es\/#website","url":"https:\/\/www.mgc.es\/","name":"MGC M\u00fatua","description":"MGC M\u00fatua \u00e9s una entitat asseguradora sense \u00e0nim de lucre constitu\u00efda al 1982 i especialitzada en assegurances de salut i assist\u00e8ncia.","publisher":{"@id":"https:\/\/www.mgc.es\/#organization"},"alternateName":"MGC","potentialAction":[{"@type":"SearchAction","target":{"@type":"EntryPoint","urlTemplate":"https:\/\/www.mgc.es\/?s={search_term_string}"},"query-input":{"@type":"PropertyValueSpecification","valueRequired":true,"valueName":"search_term_string"}}],"inLanguage":"ca"},{"@type":"Organization","@id":"https:\/\/www.mgc.es\/#organization","name":"MGC Mutua","alternateName":"MGC","url":"https:\/\/www.mgc.es\/","logo":{"@type":"ImageObject","inLanguage":"ca","@id":"https:\/\/www.mgc.es\/#\/schema\/logo\/image\/","url":"https:\/\/www.mgc.es\/wp-content\/uploads\/2020\/03\/mgcmutua_h2_2t_reduccions.png","contentUrl":"https:\/\/www.mgc.es\/wp-content\/uploads\/2020\/03\/mgcmutua_h2_2t_reduccions.png","width":303,"height":165,"caption":"MGC Mutua"},"image":{"@id":"https:\/\/www.mgc.es\/#\/schema\/logo\/image\/"},"sameAs":["https:\/\/www.facebook.com\/mgcmutua","https:\/\/x.com\/mgcmutua","https:\/\/www.youtube.com\/c\/MGCMutua"]},{"@type":"Person","@id":"https:\/\/www.mgc.es\/#\/schema\/person\/010c961d9c9acf38f11187a02b646c16","name":"Revista Inter\u00e8s Mutu","image":{"@type":"ImageObject","inLanguage":"ca","@id":"https:\/\/secure.gravatar.com\/avatar\/52302d684339b9d7bf5691e2ad00835d62ce3b4a435f21ca9f21fbe39c63cb1b?s=96&d=mm&r=g","url":"https:\/\/secure.gravatar.com\/avatar\/52302d684339b9d7bf5691e2ad00835d62ce3b4a435f21ca9f21fbe39c63cb1b?s=96&d=mm&r=g","contentUrl":"https:\/\/secure.gravatar.com\/avatar\/52302d684339b9d7bf5691e2ad00835d62ce3b4a435f21ca9f21fbe39c63cb1b?s=96&d=mm&r=g","caption":"Revista Inter\u00e8s Mutu"}}]}},"_links":{"self":[{"href":"https:\/\/www.mgc.es\/ca\/wp-json\/wp\/v2\/posts\/30366","targetHints":{"allow":["GET"]}}],"collection":[{"href":"https:\/\/www.mgc.es\/ca\/wp-json\/wp\/v2\/posts"}],"about":[{"href":"https:\/\/www.mgc.es\/ca\/wp-json\/wp\/v2\/types\/post"}],"author":[{"embeddable":true,"href":"https:\/\/www.mgc.es\/ca\/wp-json\/wp\/v2\/users\/3"}],"replies":[{"embeddable":true,"href":"https:\/\/www.mgc.es\/ca\/wp-json\/wp\/v2\/comments?post=30366"}],"version-history":[{"count":6,"href":"https:\/\/www.mgc.es\/ca\/wp-json\/wp\/v2\/posts\/30366\/revisions"}],"predecessor-version":[{"id":30381,"href":"https:\/\/www.mgc.es\/ca\/wp-json\/wp\/v2\/posts\/30366\/revisions\/30381"}],"wp:featuredmedia":[{"embeddable":true,"href":"https:\/\/www.mgc.es\/ca\/wp-json\/wp\/v2\/media\/30356"}],"wp:attachment":[{"href":"https:\/\/www.mgc.es\/ca\/wp-json\/wp\/v2\/media?parent=30366"}],"wp:term":[{"taxonomy":"category","embeddable":true,"href":"https:\/\/www.mgc.es\/ca\/wp-json\/wp\/v2\/categories?post=30366"},{"taxonomy":"post_tag","embeddable":true,"href":"https:\/\/www.mgc.es\/ca\/wp-json\/wp\/v2\/tags?post=30366"}],"curies":[{"name":"wp","href":"https:\/\/api.w.org\/{rel}","templated":true}]}}