{"id":30252,"date":"2023-12-07T16:13:58","date_gmt":"2023-12-07T15:13:58","guid":{"rendered":"https:\/\/www.mgc.es\/?p=30252"},"modified":"2023-09-20T16:17:03","modified_gmt":"2023-09-20T14:17:03","slug":"sospites-que-tens-intolerancia-al-gluten-te-nexpliquem-els-simptomes-mes-comuns","status":"publish","type":"post","link":"https:\/\/www.mgc.es\/ca\/blog\/sospites-que-tens-intolerancia-al-gluten-te-nexpliquem-els-simptomes-mes-comuns\/","title":{"rendered":"Sospites que tens intoler\u00e0ncia al gluten? Te n\u2019expliquem els s\u00edmptomes m\u00e9s comuns"},"content":{"rendered":"<div id=\"ez-toc-container\" class=\"ez-toc-v2_0_82_1 counter-hierarchy ez-toc-counter ez-toc-custom ez-toc-container-direction\">\n<div class=\"ez-toc-title-container\"><p class=\"ez-toc-title\" style=\"cursor:inherit\">\u00cdndex de continguts<\/p>\n<\/div><nav><ul class='ez-toc-list ez-toc-list-level-1 ' ><li class='ez-toc-page-1 ez-toc-heading-level-2'><a class=\"ez-toc-link ez-toc-heading-1\" href=\"https:\/\/www.mgc.es\/ca\/blog\/sospites-que-tens-intolerancia-al-gluten-te-nexpliquem-els-simptomes-mes-comuns\/#Que_es_la_intolerancia_al_gluten\" >Qu\u00e8 \u00e9s la intoler\u00e0ncia al gluten<\/a><\/li><li class='ez-toc-page-1 ez-toc-heading-level-2'><a class=\"ez-toc-link ez-toc-heading-2\" href=\"https:\/\/www.mgc.es\/ca\/blog\/sospites-que-tens-intolerancia-al-gluten-te-nexpliquem-els-simptomes-mes-comuns\/#La_celiaquia\" >La celiaquia<\/a><\/li><li class='ez-toc-page-1 ez-toc-heading-level-2'><a class=\"ez-toc-link ez-toc-heading-3\" href=\"https:\/\/www.mgc.es\/ca\/blog\/sospites-que-tens-intolerancia-al-gluten-te-nexpliquem-els-simptomes-mes-comuns\/#La_intolerancia_al_gluten%E2%80%A6_o_al_blat\" >La intoler\u00e0ncia al gluten\u2026 o al blat<\/a><\/li><li class='ez-toc-page-1 ez-toc-heading-level-2'><a class=\"ez-toc-link ez-toc-heading-4\" href=\"https:\/\/www.mgc.es\/ca\/blog\/sospites-que-tens-intolerancia-al-gluten-te-nexpliquem-els-simptomes-mes-comuns\/#Quins_simptomes_produeix\" >Quins s\u00edmptomes produeix<\/a><\/li><li class='ez-toc-page-1 ez-toc-heading-level-2'><a class=\"ez-toc-link ez-toc-heading-5\" href=\"https:\/\/www.mgc.es\/ca\/blog\/sospites-que-tens-intolerancia-al-gluten-te-nexpliquem-els-simptomes-mes-comuns\/#El_diagnostic\" >El diagn\u00f2stic<\/a><\/li><li class='ez-toc-page-1 ez-toc-heading-level-2'><a class=\"ez-toc-link ez-toc-heading-6\" href=\"https:\/\/www.mgc.es\/ca\/blog\/sospites-que-tens-intolerancia-al-gluten-te-nexpliquem-els-simptomes-mes-comuns\/#Uns_quants_consells\" >Uns quants consells<\/a><\/li><\/ul><\/nav><\/div>\n\n<figure class=\"wp-block-image size-full\"><img loading=\"lazy\" decoding=\"async\" width=\"800\" height=\"500\" src=\"https:\/\/www.mgc.es\/wp-content\/uploads\/2023\/09\/panes-diferentes-trigo2.jpg\" alt=\"\" class=\"wp-image-30248\" srcset=\"https:\/\/www.mgc.es\/wp-content\/uploads\/2023\/09\/panes-diferentes-trigo2.jpg 800w, https:\/\/www.mgc.es\/wp-content\/uploads\/2023\/09\/panes-diferentes-trigo2-440x275.jpg 440w, https:\/\/www.mgc.es\/wp-content\/uploads\/2023\/09\/panes-diferentes-trigo2-768x480.jpg 768w\" sizes=\"auto, (max-width: 800px) 100vw, 800px\" \/><\/figure>\n\n\n\n<h2 class=\"wp-block-heading\"><span class=\"ez-toc-section\" id=\"Que_es_la_intolerancia_al_gluten\"><\/span><strong>Qu\u00e8 \u00e9s la intoler\u00e0ncia al gluten<\/strong><span class=\"ez-toc-section-end\"><\/span><\/h2>\n\n\n\n<p>Fins fa pocs anys, la intoler\u00e0ncia al gluten era un trastorn estrany, que es limitava a un grup petit de pacients amb <a href=\"https:\/\/www.cun.es\/enfermedades-tratamientos\/enfermedades\/enfermedad-celiaca\">malaltia cel\u00edaca<\/a>. D\u2019un temps en\u00e7\u00e0, per\u00f2, n\u2019ha augmentat la prevalen\u00e7a fins a prendre proporcions aut\u00e8nticament epid\u00e8miques.<\/p>\n\n\n\n<p>El perqu\u00e8 d\u2019aquest creixement de la intoler\u00e0ncia a un aliment \u2014al pa de blat o a d\u2019altres cereals que contenen gluten\u2014 \u00e9s complex. No en sabem gaire la ra\u00f3 i, de fet, s\u2019hi hauria de dedicar un article sencer. El pa ha estat la base aliment\u00e0ria de les civilitzacions mesopot\u00e0mica, eg\u00edpcia, grega i, al capdavall, de totes les cultures occidentals de fa m\u00e9s de 9.000 anys. \u00c9s impossible que, de sobte, un percentatge relativament elevat de la poblaci\u00f3 no el toleri. Podr\u00edem dir, simplement, que aquesta intoler\u00e0ncia recent potser no \u00e9s originada pel gluten i prou, sin\u00f3 que tamb\u00e9 hi intervenen altres components dels cereals, o b\u00e9 \u00e9s pels tractaments a qu\u00e8 se sotmeten.<\/p>\n\n\n\n<h2 class=\"wp-block-heading\"><span class=\"ez-toc-section\" id=\"La_celiaquia\"><\/span><strong>La celiaquia<\/strong><span class=\"ez-toc-section-end\"><\/span><\/h2>\n\n\n\n<p>Es tracta d\u2019una <a href=\"https:\/\/medlineplus.gov\/spanish\/autoimmunediseases.html\">malaltia autoimmunit\u00e0ria<\/a>, en la qual l\u2019organisme interacciona amb certes estructures de l\u2019intest\u00ed prim i indueix el cos a reaccionar contra el delicat revestiment intern de l\u2019intest\u00ed, fins a danyar-lo o a destruir-lo i tot. Aix\u00f2 vol dir que els aliments no es processen adequadament.<\/p>\n\n\n\n<h2 class=\"wp-block-heading\"><span class=\"ez-toc-section\" id=\"La_intolerancia_al_gluten%E2%80%A6_o_al_blat\"><\/span><strong>La intoler\u00e0ncia al gluten\u2026 o al blat<\/strong><span class=\"ez-toc-section-end\"><\/span><\/h2>\n\n\n\n<p>Aquest terme d\u2019intoler\u00e0ncia al gluten engloba diverses reaccions de l\u2019organisme contra components del blat i d\u2019altres cereals. Les dues reaccions m\u00e9s conegudes s\u00f3n la celiaquia i l\u2019al\u00b7l\u00e8rgia al blat.<\/p>\n\n\n\n<p>Malgrat tot, tamb\u00e9 es pot tenir intoler\u00e0ncia i incapacitat per pair com cal els hidrats del blat o d\u2019altres components, com ara els inhibidors de la tripsina i l\u2019amilasa. Qualsevol d\u2019aquestes situacions pot comportar s\u00edmptomes similars, per m\u00e9s que les causin subst\u00e0ncies o mecanismes diferents, i que s\u2019incloguin de manera vaga dins de la intoler\u00e0ncia al gluten.<\/p>\n\n\n\n<h2 class=\"wp-block-heading\"><span class=\"ez-toc-section\" id=\"Quins_simptomes_produeix\"><\/span><strong>Quins s\u00edmptomes produeix<\/strong><span class=\"ez-toc-section-end\"><\/span><\/h2>\n\n\n\n<p>La intoler\u00e0ncia es manifesta amb s\u00edmptomes variats i m\u00faltiples, i s\u00f3n diferents en les criatures i en els adults.<\/p>\n\n\n\n<p>Durant la infantesa, els s\u00edmptomes no apareixen fins que no s\u2019incorporen en la dieta els aliments que contenen gluten. Els m\u00e9s habituals s\u00f3n:<\/p>\n\n\n\n<ul class=\"wp-block-list\">\n<li>Irritabilitat i desfici.<\/li>\n\n\n\n<li>Manca de gana i dificultat per engreixar-se.<\/li>\n\n\n\n<li>La femta pot canviar de color (es torna m\u00e9s clara), esdevenir abundat i pudenta.<\/li>\n\n\n\n<li>En alguns casos, es poden donar v\u00f2mits i diarrees i, aleshores, \u00e9s freq\u00fcent de diagnosticar err\u00f2niament una gastroenteritis.<\/li>\n\n\n\n<li>L\u2019abdomen es dilata a causa de la p\u00e8rdua de massa muscular, que tamb\u00e9 fa que s\u2019aprimin les cames i els bra\u00e7os.<\/li>\n<\/ul>\n\n\n\n<p>En els adults, els <a href=\"https:\/\/www.healthline.com\/health\/es\/signos-de-intolerancia-al-gluten\">s\u00edmptomes<\/a> poden ser semblants:<\/p>\n\n\n\n<ul class=\"wp-block-list\">\n<li>P\u00e8rdua de pes i diarrea;<\/li>\n\n\n\n<li>femta tova i pudenta, o en canvi<\/li>\n\n\n\n<li>restrenyiment, distensi\u00f3 abdominal i gasos.<\/li>\n<\/ul>\n\n\n\n<p>D\u2019altra banda, molts adults no presenten s\u00edmptomes intestinals i van al metge al\u00b7legant:<\/p>\n\n\n\n<ul class=\"wp-block-list\">\n<li>Cansament extrem.<\/li>\n\n\n\n<li>Trastorns psicol\u00f2gics (depressi\u00f3).<\/li>\n\n\n\n<li>Mal d\u2019ossos.<\/li>\n\n\n\n<li>Fractures, causades per l\u2019afebliment dels ossos.<\/li>\n\n\n\n<li>\u00dalceres a la boca.<\/li>\n\n\n\n<li>Erupcions a la pell (amb aparici\u00f3 de butllofes i pru\u00efja), localitzades sobretot als colzes i als genolls (es coneix com a dermatitis herpetiforme).<\/li>\n<\/ul>\n\n\n\n<figure class=\"wp-block-image size-full\"><img loading=\"lazy\" decoding=\"async\" width=\"800\" height=\"444\" src=\"https:\/\/www.mgc.es\/wp-content\/uploads\/2023\/09\/tarta-sin-gluten.jpg\" alt=\"\" class=\"wp-image-30250\" srcset=\"https:\/\/www.mgc.es\/wp-content\/uploads\/2023\/09\/tarta-sin-gluten.jpg 800w, https:\/\/www.mgc.es\/wp-content\/uploads\/2023\/09\/tarta-sin-gluten-440x244.jpg 440w, https:\/\/www.mgc.es\/wp-content\/uploads\/2023\/09\/tarta-sin-gluten-768x426.jpg 768w\" sizes=\"auto, (max-width: 800px) 100vw, 800px\" \/><\/figure>\n\n\n\n<p>Hi ha dones que poden tenir problemes per quedar prenyades i aix\u00f2 pot ser la pista que n\u2019afavoreixi el diagn\u00f2stic. En casos extrems es pot patir una an\u00e8mia greu (per la incapacitat d\u2019absorbir les dosis de ferro i de vitamines que reclama la gestaci\u00f3) i, fins i tot, avortaments espontanis. Igualment, els nadons poden n\u00e9ixer amb poc pes, a causa d\u2019una nutrici\u00f3 deficient proporcionada per la mare.<\/p>\n\n\n\n<p>Per concloure, hi ha malalties estranyes que es donen m\u00e9s sovint entre els cel\u00edacs i els intolerants. Algunes s\u00f3n autoimmunit\u00e0ries i poden afectar la gl\u00e0ndula tiroide, originar diabetis mellitus o cirrosi biliar prim\u00e0ria, que ataca el fetge.<\/p>\n\n\n\n<h2 class=\"wp-block-heading\"><span class=\"ez-toc-section\" id=\"El_diagnostic\"><\/span><strong>El diagn\u00f2stic<\/strong><span class=\"ez-toc-section-end\"><\/span><\/h2>\n\n\n\n<p>Quan es manifesta amb persist\u00e8ncia cap dels s\u00edmptomes que hem esmentat, l\u2019\u00fanica via d\u2019actuaci\u00f3 segura \u00e9s anar al metge, que far\u00e0 l\u2019historial cl\u00ednic demanant pels s\u00edmptomes, freq\u00fc\u00e8ncia, aspecte i color de la femta. Tamb\u00e9 voldr\u00e0 saber si s\u2019ha perdut pes o si hi ha cap indici d\u2019an\u00e8mia (pal\u00b7lidesa i fatiga), i explorar\u00e0 l\u2019abdomen per comprovar si es tenen erupcions, butllofes o \u00falceres a la boca.<\/p>\n\n\n\n<p>L\u2019estudi inicial passa per l\u2019an\u00e0lisi de sang, que ha de revelar manca de vitamines i minerals. Tot seguit, es fa una an\u00e0lisi espec\u00edfica per identificar els anticossos que, de vegades, es troben en els cel\u00edacs.<\/p>\n\n\n\n<p>De tota manera, el diagn\u00f2stic definitiu exigeix que s\u2019examini una mostra de teixit intestinal (<a href=\"https:\/\/medlineplus.gov\/spanish\/ency\/esp_imagepages\/8927.htm\">bi\u00f2psia intestinal<\/a>). Aquest estudi es du a terme a l\u2019hospital i despr\u00e9s d\u2019un cert temps de fer una dieta en la qual s\u2019ha suprimit del tot la ingesta de gluten.<\/p>\n\n\n\n<h2 class=\"wp-block-heading\"><span class=\"ez-toc-section\" id=\"Uns_quants_consells\"><\/span><strong>Uns quants consells<\/strong><span class=\"ez-toc-section-end\"><\/span><\/h2>\n\n\n\n<p>Si seguim una dieta sense gluten podem revertir la <a href=\"https:\/\/www.noticias.cun.es\/paginas-revista\/117-somos-innovacion-intestino-delgado\/\">lesi\u00f3 de l\u2019intest\u00ed prim<\/a>. A la majoria de les botigues d\u2019alimentaci\u00f3 ja trobem diversos aliments sense gluten. Aix\u00ed i tot, la supressi\u00f3 total demana molta disciplina i comen\u00e7ar a llegir detingudament els components de cada aliment. Cal fer compte que contenen gluten:<\/p>\n\n\n\n<ul class=\"wp-block-list\">\n<li>El pa, les pastes, els pastissos o les galetes.<\/li>\n\n\n\n<li>Unes quantes salses i sopes preparades.<\/li>\n\n\n\n<li>Les barres diet\u00e8tiques, les patates xips i altres productes oferts als bars i als restaurants com a aperitius.<\/li>\n\n\n\n<li>La brioixeria.<\/li>\n\n\n\n<li>Certs olis per cuinar.<\/li>\n\n\n\n<li>Les salses de soja, la mostassa o la maionesa comercial.<\/li>\n\n\n\n<li>La cervesa, el whisky i el bourbon.<\/li>\n<\/ul>\n\n\n\n<p>Si llegim acuradament la llista d\u2019ingredients, potser trobem la indicaci\u00f3 que el producte en pot contenir traces i, per tant, no l\u2019haur\u00edem de consumir, si m\u00e9s no d\u2019entrada.<\/p>\n\n\n\n<p>Bibliografia<\/p>\n\n\n\n<figure class=\"wp-block-embed\"><div class=\"wp-block-embed__wrapper\">\nhttps:\/\/acsa.gencat.cat\/es\/seguretat_alimentaria\/seguretat_alimentaria_per_temes\/alergies_i_intolerancies_alimentaries\/la_intolerancia_al_gluten\/index.html\n<\/div><\/figure>\n\n\n\n<figure class=\"wp-block-embed\"><div class=\"wp-block-embed__wrapper\">\nhttps:\/\/www.mayoclinic.org\/es\/diseases-conditions\/celiac-disease\/symptoms-causes\/syc-20352220\n<\/div><\/figure>\n","protected":false},"excerpt":{"rendered":"<p>Fins fa pocs anys, la intoler\u00e0ncia al gluten era un trastorn estrany, que es limitava a un grup petit de pacients amb malaltia cel\u00edaca. D\u2019un temps en\u00e7\u00e0, per\u00f2, n\u2019ha augmentat la prevalen\u00e7a fins a prendre proporcions aut\u00e8nticament epid\u00e8miques.<\/p>\n","protected":false},"author":3,"featured_media":30248,"comment_status":"closed","ping_status":"closed","sticky":false,"template":"","format":"standard","meta":{"footnotes":""},"categories":[658,15],"tags":[],"class_list":["post-30252","post","type-post","status-publish","format-standard","has-post-thumbnail","hentry","category-alimentacio-nutricio","category-salut"],"featured_image_src":"https:\/\/www.mgc.es\/wp-content\/uploads\/2023\/09\/panes-diferentes-trigo2.jpg","author_info":{"display_name":"Revista Inter\u00e8s Mutu","author_link":"https:\/\/www.mgc.es\/ca\/blog\/author\/interesmutu\/"},"yoast_head":"<!-- This site is optimized with the Yoast SEO plugin v27.2 - https:\/\/yoast.com\/product\/yoast-seo-wordpress\/ -->\n<title>Sospites que tens intoler\u00e0ncia al gluten? Te n\u2019expliquem els s\u00edmptomes m\u00e9s comuns - MGC M\u00fatua<\/title>\n<meta name=\"robots\" content=\"index, follow, max-snippet:-1, max-image-preview:large, max-video-preview:-1\" \/>\n<link rel=\"canonical\" href=\"https:\/\/www.mgc.es\/blog\/sospechas-intolerancia-al-gluten-conoce-los-sintomas-mas-comunes\/\" \/>\n<meta property=\"og:locale\" content=\"ca_ES\" \/>\n<meta property=\"og:type\" content=\"article\" \/>\n<meta property=\"og:title\" content=\"Sospites que tens intoler\u00e0ncia al gluten? Te n\u2019expliquem els s\u00edmptomes m\u00e9s comuns - MGC M\u00fatua\" \/>\n<meta property=\"og:description\" content=\"Fins fa pocs anys, la intoler\u00e0ncia al gluten era un trastorn estrany, que es limitava a un grup petit de pacients amb malaltia cel\u00edaca. D\u2019un temps en\u00e7\u00e0, per\u00f2, n\u2019ha augmentat la prevalen\u00e7a fins a prendre proporcions aut\u00e8nticament epid\u00e8miques.\" \/>\n<meta property=\"og:url\" content=\"https:\/\/www.mgc.es\/blog\/sospechas-intolerancia-al-gluten-conoce-los-sintomas-mas-comunes\/\" \/>\n<meta property=\"og:site_name\" content=\"MGC M\u00fatua\" \/>\n<meta property=\"article:publisher\" content=\"https:\/\/www.facebook.com\/mgcmutua\" \/>\n<meta property=\"article:published_time\" content=\"2023-12-07T15:13:58+00:00\" \/>\n<meta property=\"og:image\" content=\"https:\/\/www.mgc.es\/wp-content\/uploads\/2023\/09\/panes-diferentes-trigo2.jpg\" \/>\n\t<meta property=\"og:image:width\" content=\"800\" \/>\n\t<meta property=\"og:image:height\" content=\"500\" \/>\n\t<meta property=\"og:image:type\" content=\"image\/jpeg\" \/>\n<meta name=\"author\" content=\"Revista Inter\u00e8s Mutu\" \/>\n<meta name=\"twitter:card\" content=\"summary_large_image\" \/>\n<meta name=\"twitter:creator\" content=\"@mgcmutua\" \/>\n<meta name=\"twitter:site\" content=\"@mgcmutua\" \/>\n<meta name=\"twitter:label1\" content=\"Escrit per\" \/>\n\t<meta name=\"twitter:data1\" content=\"Revista Inter\u00e8s Mutu\" \/>\n\t<meta name=\"twitter:label2\" content=\"Temps estimat de lectura\" \/>\n\t<meta name=\"twitter:data2\" content=\"5 minuts\" \/>\n<!-- \/ Yoast SEO plugin. -->","yoast_head_json":{"title":"Sospites que tens intoler\u00e0ncia al gluten? Te n\u2019expliquem els s\u00edmptomes m\u00e9s comuns - MGC M\u00fatua","robots":{"index":"index","follow":"follow","max-snippet":"max-snippet:-1","max-image-preview":"max-image-preview:large","max-video-preview":"max-video-preview:-1"},"canonical":"https:\/\/www.mgc.es\/blog\/sospechas-intolerancia-al-gluten-conoce-los-sintomas-mas-comunes\/","og_locale":"ca_ES","og_type":"article","og_title":"Sospites que tens intoler\u00e0ncia al gluten? Te n\u2019expliquem els s\u00edmptomes m\u00e9s comuns - MGC M\u00fatua","og_description":"Fins fa pocs anys, la intoler\u00e0ncia al gluten era un trastorn estrany, que es limitava a un grup petit de pacients amb malaltia cel\u00edaca. D\u2019un temps en\u00e7\u00e0, per\u00f2, n\u2019ha augmentat la prevalen\u00e7a fins a prendre proporcions aut\u00e8nticament epid\u00e8miques.","og_url":"https:\/\/www.mgc.es\/blog\/sospechas-intolerancia-al-gluten-conoce-los-sintomas-mas-comunes\/","og_site_name":"MGC M\u00fatua","article_publisher":"https:\/\/www.facebook.com\/mgcmutua","article_published_time":"2023-12-07T15:13:58+00:00","og_image":[{"width":800,"height":500,"url":"https:\/\/www.mgc.es\/wp-content\/uploads\/2023\/09\/panes-diferentes-trigo2.jpg","type":"image\/jpeg"}],"author":"Revista Inter\u00e8s Mutu","twitter_card":"summary_large_image","twitter_creator":"@mgcmutua","twitter_site":"@mgcmutua","twitter_misc":{"Escrit per":"Revista Inter\u00e8s Mutu","Temps estimat de lectura":"5 minuts"},"schema":{"@context":"https:\/\/schema.org","@graph":[{"@type":["Article","BlogPosting"],"@id":"https:\/\/www.mgc.es\/blog\/sospechas-intolerancia-al-gluten-conoce-los-sintomas-mas-comunes\/#article","isPartOf":{"@id":"https:\/\/www.mgc.es\/blog\/sospechas-intolerancia-al-gluten-conoce-los-sintomas-mas-comunes\/"},"author":{"name":"Revista Inter\u00e8s Mutu","@id":"https:\/\/www.mgc.es\/#\/schema\/person\/010c961d9c9acf38f11187a02b646c16"},"headline":"Sospites que tens intoler\u00e0ncia al gluten? Te n\u2019expliquem els s\u00edmptomes m\u00e9s comuns","datePublished":"2023-12-07T15:13:58+00:00","mainEntityOfPage":{"@id":"https:\/\/www.mgc.es\/blog\/sospechas-intolerancia-al-gluten-conoce-los-sintomas-mas-comunes\/"},"wordCount":1036,"publisher":{"@id":"https:\/\/www.mgc.es\/#organization"},"image":{"@id":"https:\/\/www.mgc.es\/blog\/sospechas-intolerancia-al-gluten-conoce-los-sintomas-mas-comunes\/#primaryimage"},"thumbnailUrl":"https:\/\/www.mgc.es\/wp-content\/uploads\/2023\/09\/panes-diferentes-trigo2.jpg","articleSection":["Alimentaci\u00f3 i Nutrici\u00f3","Salut i medicina"],"inLanguage":"ca"},{"@type":["WebPage","ItemPage"],"@id":"https:\/\/www.mgc.es\/blog\/sospechas-intolerancia-al-gluten-conoce-los-sintomas-mas-comunes\/","url":"https:\/\/www.mgc.es\/blog\/sospechas-intolerancia-al-gluten-conoce-los-sintomas-mas-comunes\/","name":"Sospites que tens intoler\u00e0ncia al gluten? Te n\u2019expliquem els s\u00edmptomes m\u00e9s comuns - MGC M\u00fatua","isPartOf":{"@id":"https:\/\/www.mgc.es\/#website"},"primaryImageOfPage":{"@id":"https:\/\/www.mgc.es\/blog\/sospechas-intolerancia-al-gluten-conoce-los-sintomas-mas-comunes\/#primaryimage"},"image":{"@id":"https:\/\/www.mgc.es\/blog\/sospechas-intolerancia-al-gluten-conoce-los-sintomas-mas-comunes\/#primaryimage"},"thumbnailUrl":"https:\/\/www.mgc.es\/wp-content\/uploads\/2023\/09\/panes-diferentes-trigo2.jpg","datePublished":"2023-12-07T15:13:58+00:00","breadcrumb":{"@id":"https:\/\/www.mgc.es\/blog\/sospechas-intolerancia-al-gluten-conoce-los-sintomas-mas-comunes\/#breadcrumb"},"inLanguage":"ca","potentialAction":[{"@type":"ReadAction","target":["https:\/\/www.mgc.es\/blog\/sospechas-intolerancia-al-gluten-conoce-los-sintomas-mas-comunes\/"]}]},{"@type":"ImageObject","inLanguage":"ca","@id":"https:\/\/www.mgc.es\/blog\/sospechas-intolerancia-al-gluten-conoce-los-sintomas-mas-comunes\/#primaryimage","url":"https:\/\/www.mgc.es\/wp-content\/uploads\/2023\/09\/panes-diferentes-trigo2.jpg","contentUrl":"https:\/\/www.mgc.es\/wp-content\/uploads\/2023\/09\/panes-diferentes-trigo2.jpg","width":800,"height":500,"caption":"variety of bread"},{"@type":"BreadcrumbList","@id":"https:\/\/www.mgc.es\/blog\/sospechas-intolerancia-al-gluten-conoce-los-sintomas-mas-comunes\/#breadcrumb","itemListElement":[{"@type":"ListItem","position":1,"name":"Home","item":"https:\/\/www.mgc.es\/ca\/"},{"@type":"ListItem","position":2,"name":"Sospites que tens intoler\u00e0ncia al gluten? Te n\u2019expliquem els s\u00edmptomes m\u00e9s comuns"}]},{"@type":"WebSite","@id":"https:\/\/www.mgc.es\/#website","url":"https:\/\/www.mgc.es\/","name":"MGC M\u00fatua","description":"MGC M\u00fatua \u00e9s una entitat asseguradora sense \u00e0nim de lucre constitu\u00efda al 1982 i especialitzada en assegurances de salut i assist\u00e8ncia.","publisher":{"@id":"https:\/\/www.mgc.es\/#organization"},"alternateName":"MGC","potentialAction":[{"@type":"SearchAction","target":{"@type":"EntryPoint","urlTemplate":"https:\/\/www.mgc.es\/?s={search_term_string}"},"query-input":{"@type":"PropertyValueSpecification","valueRequired":true,"valueName":"search_term_string"}}],"inLanguage":"ca"},{"@type":"Organization","@id":"https:\/\/www.mgc.es\/#organization","name":"MGC Mutua","alternateName":"MGC","url":"https:\/\/www.mgc.es\/","logo":{"@type":"ImageObject","inLanguage":"ca","@id":"https:\/\/www.mgc.es\/#\/schema\/logo\/image\/","url":"https:\/\/www.mgc.es\/wp-content\/uploads\/2020\/03\/mgcmutua_h2_2t_reduccions.png","contentUrl":"https:\/\/www.mgc.es\/wp-content\/uploads\/2020\/03\/mgcmutua_h2_2t_reduccions.png","width":303,"height":165,"caption":"MGC Mutua"},"image":{"@id":"https:\/\/www.mgc.es\/#\/schema\/logo\/image\/"},"sameAs":["https:\/\/www.facebook.com\/mgcmutua","https:\/\/x.com\/mgcmutua","https:\/\/www.youtube.com\/c\/MGCMutua"]},{"@type":"Person","@id":"https:\/\/www.mgc.es\/#\/schema\/person\/010c961d9c9acf38f11187a02b646c16","name":"Revista Inter\u00e8s Mutu","image":{"@type":"ImageObject","inLanguage":"ca","@id":"https:\/\/secure.gravatar.com\/avatar\/52302d684339b9d7bf5691e2ad00835d62ce3b4a435f21ca9f21fbe39c63cb1b?s=96&d=mm&r=g","url":"https:\/\/secure.gravatar.com\/avatar\/52302d684339b9d7bf5691e2ad00835d62ce3b4a435f21ca9f21fbe39c63cb1b?s=96&d=mm&r=g","contentUrl":"https:\/\/secure.gravatar.com\/avatar\/52302d684339b9d7bf5691e2ad00835d62ce3b4a435f21ca9f21fbe39c63cb1b?s=96&d=mm&r=g","caption":"Revista Inter\u00e8s Mutu"}}]}},"_links":{"self":[{"href":"https:\/\/www.mgc.es\/ca\/wp-json\/wp\/v2\/posts\/30252","targetHints":{"allow":["GET"]}}],"collection":[{"href":"https:\/\/www.mgc.es\/ca\/wp-json\/wp\/v2\/posts"}],"about":[{"href":"https:\/\/www.mgc.es\/ca\/wp-json\/wp\/v2\/types\/post"}],"author":[{"embeddable":true,"href":"https:\/\/www.mgc.es\/ca\/wp-json\/wp\/v2\/users\/3"}],"replies":[{"embeddable":true,"href":"https:\/\/www.mgc.es\/ca\/wp-json\/wp\/v2\/comments?post=30252"}],"version-history":[{"count":1,"href":"https:\/\/www.mgc.es\/ca\/wp-json\/wp\/v2\/posts\/30252\/revisions"}],"predecessor-version":[{"id":30253,"href":"https:\/\/www.mgc.es\/ca\/wp-json\/wp\/v2\/posts\/30252\/revisions\/30253"}],"wp:featuredmedia":[{"embeddable":true,"href":"https:\/\/www.mgc.es\/ca\/wp-json\/wp\/v2\/media\/30248"}],"wp:attachment":[{"href":"https:\/\/www.mgc.es\/ca\/wp-json\/wp\/v2\/media?parent=30252"}],"wp:term":[{"taxonomy":"category","embeddable":true,"href":"https:\/\/www.mgc.es\/ca\/wp-json\/wp\/v2\/categories?post=30252"},{"taxonomy":"post_tag","embeddable":true,"href":"https:\/\/www.mgc.es\/ca\/wp-json\/wp\/v2\/tags?post=30252"}],"curies":[{"name":"wp","href":"https:\/\/api.w.org\/{rel}","templated":true}]}}