{"id":30149,"date":"2023-10-26T12:47:03","date_gmt":"2023-10-26T10:47:03","guid":{"rendered":"https:\/\/www.mgc.es\/?p=30149"},"modified":"2023-09-05T12:51:16","modified_gmt":"2023-09-05T10:51:16","slug":"concentracio-baixa-de-leucocits-que-significa-i-quines-en-son-les-possibles-causes","status":"publish","type":"post","link":"https:\/\/www.mgc.es\/ca\/blog\/concentracio-baixa-de-leucocits-que-significa-i-quines-en-son-les-possibles-causes\/","title":{"rendered":"Concentraci\u00f3 baixa de leuc\u00f2cits: Qu\u00e8 significa i quines en s\u00f3n les possibles causes?"},"content":{"rendered":"<div id=\"ez-toc-container\" class=\"ez-toc-v2_0_82_1 counter-hierarchy ez-toc-counter ez-toc-custom ez-toc-container-direction\">\n<div class=\"ez-toc-title-container\"><p class=\"ez-toc-title\" style=\"cursor:inherit\">\u00cdndex de continguts<\/p>\n<\/div><nav><ul class='ez-toc-list ez-toc-list-level-1 ' ><li class='ez-toc-page-1 ez-toc-heading-level-2'><a class=\"ez-toc-link ez-toc-heading-1\" href=\"https:\/\/www.mgc.es\/ca\/blog\/concentracio-baixa-de-leucocits-que-significa-i-quines-en-son-les-possibles-causes\/#Que_son_els_leucocits\" >Qu\u00e8 s\u00f3n els leuc\u00f2cits<\/a><\/li><li class='ez-toc-page-1 ez-toc-heading-level-2'><a class=\"ez-toc-link ez-toc-heading-2\" href=\"https:\/\/www.mgc.es\/ca\/blog\/concentracio-baixa-de-leucocits-que-significa-i-quines-en-son-les-possibles-causes\/#Classes_de_leucocits\" >Classes de leuc\u00f2cits<\/a><\/li><li class='ez-toc-page-1 ez-toc-heading-level-2'><a class=\"ez-toc-link ez-toc-heading-3\" href=\"https:\/\/www.mgc.es\/ca\/blog\/concentracio-baixa-de-leucocits-que-significa-i-quines-en-son-les-possibles-causes\/#Que_vol_dir_tenir_una_concentracio_baixa_de_leucocits\" >Qu\u00e8 vol dir tenir una concentraci\u00f3 baixa de leuc\u00f2cits<\/a><\/li><li class='ez-toc-page-1 ez-toc-heading-level-2'><a class=\"ez-toc-link ez-toc-heading-4\" href=\"https:\/\/www.mgc.es\/ca\/blog\/concentracio-baixa-de-leucocits-que-significa-i-quines-en-son-les-possibles-causes\/#Quins_en_son_els_simptomes\" >Quins en s\u00f3n els s\u00edmptomes<\/a><\/li><li class='ez-toc-page-1 ez-toc-heading-level-2'><a class=\"ez-toc-link ez-toc-heading-5\" href=\"https:\/\/www.mgc.es\/ca\/blog\/concentracio-baixa-de-leucocits-que-significa-i-quines-en-son-les-possibles-causes\/#Per_que_es_produeix\" >Per qu\u00e8 es produeix<\/a><\/li><li class='ez-toc-page-1 ez-toc-heading-level-2'><a class=\"ez-toc-link ez-toc-heading-6\" href=\"https:\/\/www.mgc.es\/ca\/blog\/concentracio-baixa-de-leucocits-que-significa-i-quines-en-son-les-possibles-causes\/#Com_es_pot_actuar\" >Com es pot actuar<\/a><\/li><\/ul><\/nav><\/div>\n\n<figure class=\"wp-block-image size-full\"><img loading=\"lazy\" decoding=\"async\" width=\"800\" height=\"632\" src=\"https:\/\/www.mgc.es\/wp-content\/uploads\/2023\/09\/extraccion-sangre.jpg\" alt=\"\" class=\"wp-image-30145\" srcset=\"https:\/\/www.mgc.es\/wp-content\/uploads\/2023\/09\/extraccion-sangre.jpg 800w, https:\/\/www.mgc.es\/wp-content\/uploads\/2023\/09\/extraccion-sangre-440x348.jpg 440w, https:\/\/www.mgc.es\/wp-content\/uploads\/2023\/09\/extraccion-sangre-768x607.jpg 768w\" sizes=\"auto, (max-width: 800px) 100vw, 800px\" \/><\/figure>\n\n\n\n<h2 class=\"wp-block-heading\"><span class=\"ez-toc-section\" id=\"Que_son_els_leucocits\"><\/span><strong>Qu\u00e8 s\u00f3n els leuc\u00f2cits<\/strong><span class=\"ez-toc-section-end\"><\/span><\/h2>\n\n\n\n<p>S\u00f3n un dels quatre components de la sang, el teixit \u2014perqu\u00e8 la sang \u00e9s un teixit m\u00e9s del cos\u2014 que s\u2019encarrega de dur l\u2019aliment o oxigen a totes les c\u00e8l\u00b7lules del cos. Els altres components s\u00f3n els gl\u00f2buls vermells (o hematies), que tenen com a funci\u00f3 emmagatzemar l\u2019oxigen per distribuir-lo a les c\u00e8l\u00b7lules, les plaquetes, que obstrueixen les ferides amb la finalitat de deturar les hemorr\u00e0gies, i el plasma, que \u00e9s la part l\u00edquida de la sang per on circulen els anteriors.<\/p>\n\n\n\n<p>Els leuc\u00f2cits tenen la missi\u00f3 de combatre les infeccions. Quan identifiquen cap germen nociu a la sang, es traslladen a la zona infectada i maten o fagociten l\u2019intr\u00fas. Aix\u00ed doncs, s\u00f3n una part essencial del sistema immunol\u00f2gic del cos.<\/p>\n\n\n\n<h2 class=\"wp-block-heading\"><span class=\"ez-toc-section\" id=\"Classes_de_leucocits\"><\/span><strong>Classes de leuc\u00f2cits<\/strong><span class=\"ez-toc-section-end\"><\/span><\/h2>\n\n\n\n<p>Hi ha quatre classes de leuc\u00f2cits, que enumerem tot seguit. Expliquem, tamb\u00e9, les funcions clau de cada grup en la lluita contra les infeccions (fins i tot del c\u00e0ncer):<\/p>\n\n\n\n<ul class=\"wp-block-list\">\n<li>Neutr\u00f2fils, que en condicions normals s\u00f3n els m\u00e9s nombrosos. Representen la for\u00e7a de xoc contra els invasors.<\/li>\n\n\n\n<li>Limf\u00f2cits, dels quals n\u2019hi ha dues subcategories:<ul><li>limf\u00f2cits T, que ajuden a destruir les c\u00e8l\u00b7lules tumorals i que controlen les respostes immunit\u00e0ries, i<\/li><\/ul>\n<ul class=\"wp-block-list\">\n<li>limf\u00f2cits B, que produeixen els anticossos i marquen els g\u00e8rmens perqu\u00e8 altres c\u00e8l\u00b7lules els destrueixin.<\/li>\n<\/ul>\n<\/li>\n\n\n\n<li>Mon\u00f2cits, que combaten les infeccions tumorals i fan feines de neteja.<\/li>\n\n\n\n<li>Bas\u00f2fils, que tamb\u00e9 tenen una funci\u00f3 fagocit\u00e0ria.<\/li>\n\n\n\n<li>Eosin\u00f2fils, que reaccionen amb les al\u00b7l\u00e8rgies, l\u2019asma i les infeccions de par\u00e0sits.<\/li>\n<\/ul>\n\n\n\n<h2 class=\"wp-block-heading\"><span class=\"ez-toc-section\" id=\"Que_vol_dir_tenir_una_concentracio_baixa_de_leucocits\"><\/span><strong>Qu\u00e8 vol dir tenir una concentraci\u00f3 baixa de leuc\u00f2cits<\/strong><span class=\"ez-toc-section-end\"><\/span><\/h2>\n\n\n\n<p>Els nivells de leuc\u00f2cits considerats normals oscil\u00b7len entre 4.500 i 11.000 unitats per mil\u00b7l\u00edmetre c\u00fabic de sang. Segons cada grup trobem:<\/p>\n\n\n\n<ul class=\"wp-block-list\">\n<li>Neutr\u00f2fils, entre 2.000 i 8.000 per mil\u00b7l\u00edmetre c\u00fabic de sang<\/li>\n\n\n\n<li>Limf\u00f2cits, entre 1.000 i 4.000 per mil\u00b7l\u00edmetre c\u00fabic<\/li>\n\n\n\n<li>Mon\u00f2cits, entre 150 i 900 per mm<sup>3<\/sup><\/li>\n\n\n\n<li>Bas\u00f2fils, entre 10 i 150 per mm<sup>3<\/sup><\/li>\n\n\n\n<li>Eosin\u00f2fils, entre 50 i 500 per mm<sup>3<\/sup><\/li>\n<\/ul>\n\n\n\n<p>Cal tenir en compte que aquests rangs poden variar lleument entre un laboratori i un altre.<\/p>\n\n\n\n<p>B\u00e0sicament, un recompte baix de leuc\u00f2cits fa cr\u00e9ixer el perill d\u2019agafar una infecci\u00f3.<\/p>\n\n\n\n<p>Un recompte anormalment baix de gl\u00f2buls blancs \u00e9s una quantitat inferior als par\u00e0metres usuals, segons els rangs esmentats.<\/p>\n\n\n\n<figure class=\"wp-block-image size-full\"><img loading=\"lazy\" decoding=\"async\" width=\"800\" height=\"450\" src=\"https:\/\/www.mgc.es\/wp-content\/uploads\/2023\/09\/seccion-vena.jpg\" alt=\"\" class=\"wp-image-30147\" srcset=\"https:\/\/www.mgc.es\/wp-content\/uploads\/2023\/09\/seccion-vena.jpg 800w, https:\/\/www.mgc.es\/wp-content\/uploads\/2023\/09\/seccion-vena-440x248.jpg 440w, https:\/\/www.mgc.es\/wp-content\/uploads\/2023\/09\/seccion-vena-768x432.jpg 768w\" sizes=\"auto, (max-width: 800px) 100vw, 800px\" \/><\/figure>\n\n\n\n<h2 class=\"wp-block-heading\"><span class=\"ez-toc-section\" id=\"Quins_en_son_els_simptomes\"><\/span><strong>Quins en s\u00f3n els s\u00edmptomes<\/strong><span class=\"ez-toc-section-end\"><\/span><\/h2>\n\n\n\n<p>La disminuci\u00f3 del nivell de gl\u00f2buls blancs a la sang no s\u2019associa amb cap s\u00edmptoma espec\u00edfic, per la qual cosa se sospita que, si el pacient t\u00e9 infeccions amb certa freq\u00fc\u00e8ncia, potser \u00e9s per una concentraci\u00f3 baixa de leuc\u00f2cits. Aquestes infeccions se solen manifestar amb aquests senyals:<\/p>\n\n\n\n<ul class=\"wp-block-list\">\n<li>Febre<\/li>\n\n\n\n<li>Erupcions<\/li>\n\n\n\n<li>Esgarrifances<\/li>\n\n\n\n<li>Tos i dificultat per respirar<\/li>\n\n\n\n<li>Nafres a la boca i en altres mucoses<\/li>\n\n\n\n<li>Inflor dels ganglis limf\u00e0tics<\/li>\n<\/ul>\n\n\n\n<h2 class=\"wp-block-heading\"><span class=\"ez-toc-section\" id=\"Per_que_es_produeix\"><\/span><strong>Per qu\u00e8 es produeix<\/strong><span class=\"ez-toc-section-end\"><\/span><\/h2>\n\n\n\n<p>Les possibles causes d\u2019un recompte baix de leuc\u00f2cits s\u00f3n m\u00faltiples i for\u00e7a diverses:<\/p>\n\n\n\n<ul class=\"wp-block-list\">\n<li>Una infecci\u00f3, com ara diferents infeccions v\u00edriques (el VIH, causant de la sida).<\/li>\n\n\n\n<li>Una septic\u00e8mia, que \u00e9s una infecci\u00f3 generalitzada del cos molt greu.<\/li>\n\n\n\n<li>Diversos medicaments o tractaments, en especial la quimioter\u00e0pia.<\/li>\n\n\n\n<li>La radioter\u00e0pia, com a tractament contra el c\u00e0ncer.<\/li>\n\n\n\n<li>Trastorns de la medul\u00b7la \u00f2ssia (que \u00e9s on s\u2019originen els leuc\u00f2cits.)<\/li>\n\n\n\n<li>Un c\u00e0ncer, sobretot els que afecten la medul\u00b7la \u00f2ssia (leuc\u00e8mia, mieloma i limfoma) o els que s\u00f3n metast\u00e0tics.<\/li>\n<\/ul>\n\n\n\n<h2 class=\"wp-block-heading\"><span class=\"ez-toc-section\" id=\"Com_es_pot_actuar\"><\/span><strong>Com es pot actuar<\/strong><span class=\"ez-toc-section-end\"><\/span><\/h2>\n\n\n\n<p>Si sospitem que tenim cap infecci\u00f3 recurrent, cal anar al metge, que ben probablement demanar\u00e0 una an\u00e0lisi de sang amb un estudi hematol\u00f2gic b\u00e0sic, per revelar l\u2019estat dels components de la sang.<\/p>\n\n\n\n<p>Les pautes d\u2019actuaci\u00f3 s\u2019estableixen en funci\u00f3 de les descobertes que es fan, com ara el tractament d\u2019una possible infecci\u00f3 (la causa m\u00e9s freq\u00fcent). Si la davallada de leuc\u00f2cits \u00e9s per ra\u00f3 d\u2019una altra malaltia, primer de tot caldr\u00e0 abordar-ne el tractament.<\/p>\n\n\n\n<p>En cas que el pacient es tracti un c\u00e0ncer, potser la quimioter\u00e0pia i la radioter\u00e0pia ocasionen aquesta immunosupressi\u00f3 per una concentraci\u00f3 baixa de leuc\u00f2cits.<\/p>\n\n\n\n<p>En darrer terme, si la causa no \u00e9s clara, el metge podria demanar que es fes una punci\u00f3 a la medul\u00b7la \u00f2ssia i obtenir-ne una mostra, per sotmetre-la a una bi\u00f2psia. D\u2019aquesta manera se sabria si hi ha cap alteraci\u00f3 a la medul\u00b7la.<\/p>\n","protected":false},"excerpt":{"rendered":"<p>S\u00f3n un dels quatre components de la sang, el teixit \u2014perqu\u00e8 la sang \u00e9s un teixit m\u00e9s del cos\u2014 que s\u2019encarrega de dur l\u2019aliment o oxigen a totes les c\u00e8l\u00b7lules del cos.<\/p>\n","protected":false},"author":3,"featured_media":30145,"comment_status":"closed","ping_status":"closed","sticky":false,"template":"","format":"standard","meta":{"footnotes":""},"categories":[15],"tags":[],"class_list":["post-30149","post","type-post","status-publish","format-standard","has-post-thumbnail","hentry","category-salut"],"featured_image_src":"https:\/\/www.mgc.es\/wp-content\/uploads\/2023\/09\/extraccion-sangre.jpg","author_info":{"display_name":"Revista Inter\u00e8s Mutu","author_link":"https:\/\/www.mgc.es\/ca\/blog\/author\/interesmutu\/"},"yoast_head":"<!-- This site is optimized with the Yoast SEO plugin v27.2 - https:\/\/yoast.com\/product\/yoast-seo-wordpress\/ -->\n<title>Concentraci\u00f3 baixa de leuc\u00f2cits: Qu\u00e8 significa i quines en s\u00f3n les possibles causes? - MGC M\u00fatua<\/title>\n<meta name=\"robots\" content=\"index, follow, max-snippet:-1, max-image-preview:large, max-video-preview:-1\" \/>\n<link rel=\"canonical\" href=\"https:\/\/www.mgc.es\/blog\/leucocitos-bajos-que-significan-y-cuales-son-las-posibles-causas\/\" \/>\n<meta property=\"og:locale\" content=\"ca_ES\" \/>\n<meta property=\"og:type\" content=\"article\" \/>\n<meta property=\"og:title\" content=\"Concentraci\u00f3 baixa de leuc\u00f2cits: Qu\u00e8 significa i quines en s\u00f3n les possibles causes? - MGC M\u00fatua\" \/>\n<meta property=\"og:description\" content=\"S\u00f3n un dels quatre components de la sang, el teixit \u2014perqu\u00e8 la sang \u00e9s un teixit m\u00e9s del cos\u2014 que s\u2019encarrega de dur l\u2019aliment o oxigen a totes les c\u00e8l\u00b7lules del cos.\" \/>\n<meta property=\"og:url\" content=\"https:\/\/www.mgc.es\/blog\/leucocitos-bajos-que-significan-y-cuales-son-las-posibles-causas\/\" \/>\n<meta property=\"og:site_name\" content=\"MGC M\u00fatua\" \/>\n<meta property=\"article:publisher\" content=\"https:\/\/www.facebook.com\/mgcmutua\" \/>\n<meta property=\"article:published_time\" content=\"2023-10-26T10:47:03+00:00\" \/>\n<meta property=\"og:image\" content=\"https:\/\/www.mgc.es\/wp-content\/uploads\/2023\/09\/extraccion-sangre.jpg\" \/>\n\t<meta property=\"og:image:width\" content=\"800\" \/>\n\t<meta property=\"og:image:height\" content=\"632\" \/>\n\t<meta property=\"og:image:type\" content=\"image\/jpeg\" \/>\n<meta name=\"author\" content=\"Revista Inter\u00e8s Mutu\" \/>\n<meta name=\"twitter:card\" content=\"summary_large_image\" \/>\n<meta name=\"twitter:creator\" content=\"@mgcmutua\" \/>\n<meta name=\"twitter:site\" content=\"@mgcmutua\" \/>\n<meta name=\"twitter:label1\" content=\"Escrit per\" \/>\n\t<meta name=\"twitter:data1\" content=\"Revista Inter\u00e8s Mutu\" \/>\n\t<meta name=\"twitter:label2\" content=\"Temps estimat de lectura\" \/>\n\t<meta name=\"twitter:data2\" content=\"4 minuts\" \/>\n<!-- \/ Yoast SEO plugin. -->","yoast_head_json":{"title":"Concentraci\u00f3 baixa de leuc\u00f2cits: Qu\u00e8 significa i quines en s\u00f3n les possibles causes? - MGC M\u00fatua","robots":{"index":"index","follow":"follow","max-snippet":"max-snippet:-1","max-image-preview":"max-image-preview:large","max-video-preview":"max-video-preview:-1"},"canonical":"https:\/\/www.mgc.es\/blog\/leucocitos-bajos-que-significan-y-cuales-son-las-posibles-causas\/","og_locale":"ca_ES","og_type":"article","og_title":"Concentraci\u00f3 baixa de leuc\u00f2cits: Qu\u00e8 significa i quines en s\u00f3n les possibles causes? - MGC M\u00fatua","og_description":"S\u00f3n un dels quatre components de la sang, el teixit \u2014perqu\u00e8 la sang \u00e9s un teixit m\u00e9s del cos\u2014 que s\u2019encarrega de dur l\u2019aliment o oxigen a totes les c\u00e8l\u00b7lules del cos.","og_url":"https:\/\/www.mgc.es\/blog\/leucocitos-bajos-que-significan-y-cuales-son-las-posibles-causas\/","og_site_name":"MGC M\u00fatua","article_publisher":"https:\/\/www.facebook.com\/mgcmutua","article_published_time":"2023-10-26T10:47:03+00:00","og_image":[{"width":800,"height":632,"url":"https:\/\/www.mgc.es\/wp-content\/uploads\/2023\/09\/extraccion-sangre.jpg","type":"image\/jpeg"}],"author":"Revista Inter\u00e8s Mutu","twitter_card":"summary_large_image","twitter_creator":"@mgcmutua","twitter_site":"@mgcmutua","twitter_misc":{"Escrit per":"Revista Inter\u00e8s Mutu","Temps estimat de lectura":"4 minuts"},"schema":{"@context":"https:\/\/schema.org","@graph":[{"@type":["Article","BlogPosting"],"@id":"https:\/\/www.mgc.es\/blog\/leucocitos-bajos-que-significan-y-cuales-son-las-posibles-causas\/#article","isPartOf":{"@id":"https:\/\/www.mgc.es\/blog\/leucocitos-bajos-que-significan-y-cuales-son-las-posibles-causas\/"},"author":{"name":"Revista Inter\u00e8s Mutu","@id":"https:\/\/www.mgc.es\/#\/schema\/person\/010c961d9c9acf38f11187a02b646c16"},"headline":"Concentraci\u00f3 baixa de leuc\u00f2cits: Qu\u00e8 significa i quines en s\u00f3n les possibles causes?","datePublished":"2023-10-26T10:47:03+00:00","mainEntityOfPage":{"@id":"https:\/\/www.mgc.es\/blog\/leucocitos-bajos-que-significan-y-cuales-son-las-posibles-causas\/"},"wordCount":777,"publisher":{"@id":"https:\/\/www.mgc.es\/#organization"},"image":{"@id":"https:\/\/www.mgc.es\/blog\/leucocitos-bajos-que-significan-y-cuales-son-las-posibles-causas\/#primaryimage"},"thumbnailUrl":"https:\/\/www.mgc.es\/wp-content\/uploads\/2023\/09\/extraccion-sangre.jpg","articleSection":["Salut i medicina"],"inLanguage":"ca"},{"@type":["WebPage","ItemPage"],"@id":"https:\/\/www.mgc.es\/blog\/leucocitos-bajos-que-significan-y-cuales-son-las-posibles-causas\/","url":"https:\/\/www.mgc.es\/blog\/leucocitos-bajos-que-significan-y-cuales-son-las-posibles-causas\/","name":"Concentraci\u00f3 baixa de leuc\u00f2cits: Qu\u00e8 significa i quines en s\u00f3n les possibles causes? - MGC M\u00fatua","isPartOf":{"@id":"https:\/\/www.mgc.es\/#website"},"primaryImageOfPage":{"@id":"https:\/\/www.mgc.es\/blog\/leucocitos-bajos-que-significan-y-cuales-son-las-posibles-causas\/#primaryimage"},"image":{"@id":"https:\/\/www.mgc.es\/blog\/leucocitos-bajos-que-significan-y-cuales-son-las-posibles-causas\/#primaryimage"},"thumbnailUrl":"https:\/\/www.mgc.es\/wp-content\/uploads\/2023\/09\/extraccion-sangre.jpg","datePublished":"2023-10-26T10:47:03+00:00","breadcrumb":{"@id":"https:\/\/www.mgc.es\/blog\/leucocitos-bajos-que-significan-y-cuales-son-las-posibles-causas\/#breadcrumb"},"inLanguage":"ca","potentialAction":[{"@type":"ReadAction","target":["https:\/\/www.mgc.es\/blog\/leucocitos-bajos-que-significan-y-cuales-son-las-posibles-causas\/"]}]},{"@type":"ImageObject","inLanguage":"ca","@id":"https:\/\/www.mgc.es\/blog\/leucocitos-bajos-que-significan-y-cuales-son-las-posibles-causas\/#primaryimage","url":"https:\/\/www.mgc.es\/wp-content\/uploads\/2023\/09\/extraccion-sangre.jpg","contentUrl":"https:\/\/www.mgc.es\/wp-content\/uploads\/2023\/09\/extraccion-sangre.jpg","width":800,"height":632},{"@type":"BreadcrumbList","@id":"https:\/\/www.mgc.es\/blog\/leucocitos-bajos-que-significan-y-cuales-son-las-posibles-causas\/#breadcrumb","itemListElement":[{"@type":"ListItem","position":1,"name":"Home","item":"https:\/\/www.mgc.es\/ca\/"},{"@type":"ListItem","position":2,"name":"Concentraci\u00f3 baixa de leuc\u00f2cits: Qu\u00e8 significa i quines en s\u00f3n les possibles causes?"}]},{"@type":"WebSite","@id":"https:\/\/www.mgc.es\/#website","url":"https:\/\/www.mgc.es\/","name":"MGC M\u00fatua","description":"MGC M\u00fatua \u00e9s una entitat asseguradora sense \u00e0nim de lucre constitu\u00efda al 1982 i especialitzada en assegurances de salut i assist\u00e8ncia.","publisher":{"@id":"https:\/\/www.mgc.es\/#organization"},"alternateName":"MGC","potentialAction":[{"@type":"SearchAction","target":{"@type":"EntryPoint","urlTemplate":"https:\/\/www.mgc.es\/?s={search_term_string}"},"query-input":{"@type":"PropertyValueSpecification","valueRequired":true,"valueName":"search_term_string"}}],"inLanguage":"ca"},{"@type":"Organization","@id":"https:\/\/www.mgc.es\/#organization","name":"MGC Mutua","alternateName":"MGC","url":"https:\/\/www.mgc.es\/","logo":{"@type":"ImageObject","inLanguage":"ca","@id":"https:\/\/www.mgc.es\/#\/schema\/logo\/image\/","url":"https:\/\/www.mgc.es\/wp-content\/uploads\/2020\/03\/mgcmutua_h2_2t_reduccions.png","contentUrl":"https:\/\/www.mgc.es\/wp-content\/uploads\/2020\/03\/mgcmutua_h2_2t_reduccions.png","width":303,"height":165,"caption":"MGC Mutua"},"image":{"@id":"https:\/\/www.mgc.es\/#\/schema\/logo\/image\/"},"sameAs":["https:\/\/www.facebook.com\/mgcmutua","https:\/\/x.com\/mgcmutua","https:\/\/www.youtube.com\/c\/MGCMutua"]},{"@type":"Person","@id":"https:\/\/www.mgc.es\/#\/schema\/person\/010c961d9c9acf38f11187a02b646c16","name":"Revista Inter\u00e8s Mutu","image":{"@type":"ImageObject","inLanguage":"ca","@id":"https:\/\/secure.gravatar.com\/avatar\/52302d684339b9d7bf5691e2ad00835d62ce3b4a435f21ca9f21fbe39c63cb1b?s=96&d=mm&r=g","url":"https:\/\/secure.gravatar.com\/avatar\/52302d684339b9d7bf5691e2ad00835d62ce3b4a435f21ca9f21fbe39c63cb1b?s=96&d=mm&r=g","contentUrl":"https:\/\/secure.gravatar.com\/avatar\/52302d684339b9d7bf5691e2ad00835d62ce3b4a435f21ca9f21fbe39c63cb1b?s=96&d=mm&r=g","caption":"Revista Inter\u00e8s Mutu"}}]}},"_links":{"self":[{"href":"https:\/\/www.mgc.es\/ca\/wp-json\/wp\/v2\/posts\/30149","targetHints":{"allow":["GET"]}}],"collection":[{"href":"https:\/\/www.mgc.es\/ca\/wp-json\/wp\/v2\/posts"}],"about":[{"href":"https:\/\/www.mgc.es\/ca\/wp-json\/wp\/v2\/types\/post"}],"author":[{"embeddable":true,"href":"https:\/\/www.mgc.es\/ca\/wp-json\/wp\/v2\/users\/3"}],"replies":[{"embeddable":true,"href":"https:\/\/www.mgc.es\/ca\/wp-json\/wp\/v2\/comments?post=30149"}],"version-history":[{"count":2,"href":"https:\/\/www.mgc.es\/ca\/wp-json\/wp\/v2\/posts\/30149\/revisions"}],"predecessor-version":[{"id":30152,"href":"https:\/\/www.mgc.es\/ca\/wp-json\/wp\/v2\/posts\/30149\/revisions\/30152"}],"wp:featuredmedia":[{"embeddable":true,"href":"https:\/\/www.mgc.es\/ca\/wp-json\/wp\/v2\/media\/30145"}],"wp:attachment":[{"href":"https:\/\/www.mgc.es\/ca\/wp-json\/wp\/v2\/media?parent=30149"}],"wp:term":[{"taxonomy":"category","embeddable":true,"href":"https:\/\/www.mgc.es\/ca\/wp-json\/wp\/v2\/categories?post=30149"},{"taxonomy":"post_tag","embeddable":true,"href":"https:\/\/www.mgc.es\/ca\/wp-json\/wp\/v2\/tags?post=30149"}],"curies":[{"name":"wp","href":"https:\/\/api.w.org\/{rel}","templated":true}]}}