{"id":30104,"date":"2023-09-01T09:55:01","date_gmt":"2023-09-01T07:55:01","guid":{"rendered":"https:\/\/www.mgc.es\/?p=30104"},"modified":"2023-09-05T09:52:19","modified_gmt":"2023-09-05T07:52:19","slug":"mgc-mutua-nou-patrocinador-de-la-unio-esportiva-olot","status":"publish","type":"post","link":"https:\/\/www.mgc.es\/ca\/blog\/mgc-mutua-nou-patrocinador-de-la-unio-esportiva-olot\/","title":{"rendered":"MGC M\u00fatua, nou patrocinador de la Uni\u00f3 Esportiva Olot"},"content":{"rendered":"\n<figure class=\"wp-block-image size-large\"><img loading=\"lazy\" decoding=\"async\" width=\"880\" height=\"587\" src=\"https:\/\/www.mgc.es\/wp-content\/uploads\/2023\/09\/F1d_qpvXoAAmKKj-880x587.jpg\" alt=\"\" class=\"wp-image-30140\" srcset=\"https:\/\/www.mgc.es\/wp-content\/uploads\/2023\/09\/F1d_qpvXoAAmKKj-880x587.jpg 880w, https:\/\/www.mgc.es\/wp-content\/uploads\/2023\/09\/F1d_qpvXoAAmKKj-440x293.jpg 440w, https:\/\/www.mgc.es\/wp-content\/uploads\/2023\/09\/F1d_qpvXoAAmKKj-768x512.jpg 768w, https:\/\/www.mgc.es\/wp-content\/uploads\/2023\/09\/F1d_qpvXoAAmKKj-1536x1024.jpg 1536w, https:\/\/www.mgc.es\/wp-content\/uploads\/2023\/09\/F1d_qpvXoAAmKKj.jpg 2048w\" sizes=\"auto, (max-width: 880px) 100vw, 880px\" \/><\/figure>\n\n\n\n<p>L\u2019acord de patrocini entre el club de futbol UE Olot i MGC M\u00fatua, que es va signar el mes de juliol passat, permet lluir el logo de l\u2019entitat a la part dorsal de la samarreta del primer equip. <\/p>\n\n\n\n<p>A l\u2019acte de signtura van assistir Guillermo Padrisa, director de mutualistes i institucions d\u2019MGC M\u00fatua, Enric Vila, vicepresident de promoci\u00f3 econ\u00f2mica de la UE Olot, i Joan Agust\u00ed, president de la UE Olot, qui va destacar la vessant social i solid\u00e0ria d\u2019MGC M\u00fatua: \u201cTenim les mateixes intencions, fem una feina molt semblant i estem content\u00edssims de signar aquest acord amb vosaltres\u201d.<\/p>\n\n\n\n<p>Enric Vila va recalcar la import\u00e0ncia dels patrocinadors en aquest projecte de valor compartit: \u201cMGC M\u00fatua ens vol donar suport en aquest projecte de triple comprom\u00eds; esportiu, formatiu i social. Els nostres patrocinadors juguen un paper molt important, \u00e9s una de les principals r\u00fabriques dins del pressupost d\u2019ingressos. El patrocini esportiu \u00e9s un acte de generositat d\u2019una empresa que se sent identificat amb els valors d\u2019un club.<\/p>\n\n\n\n<figure class=\"wp-block-image size-full\"><img loading=\"lazy\" decoding=\"async\" width=\"880\" height=\"495\" src=\"https:\/\/www.mgc.es\/wp-content\/uploads\/2023\/09\/86ed42fa-94f7-4f85-a539-ac15dcf857c8_16-9-aspect-ratio_default_0.jpg\" alt=\"\" class=\"wp-image-30098\" srcset=\"https:\/\/www.mgc.es\/wp-content\/uploads\/2023\/09\/86ed42fa-94f7-4f85-a539-ac15dcf857c8_16-9-aspect-ratio_default_0.jpg 880w, https:\/\/www.mgc.es\/wp-content\/uploads\/2023\/09\/86ed42fa-94f7-4f85-a539-ac15dcf857c8_16-9-aspect-ratio_default_0-440x248.jpg 440w, https:\/\/www.mgc.es\/wp-content\/uploads\/2023\/09\/86ed42fa-94f7-4f85-a539-ac15dcf857c8_16-9-aspect-ratio_default_0-768x432.jpg 768w\" sizes=\"auto, (max-width: 880px) 100vw, 880px\" \/><\/figure>\n\n\n\n<p>Per la seva part, Guillermo Padrisa va parlar de la filosofia de proximitat d\u2019ambdues entitats amb el territori i va afegir que \u201c\u00e9s un gran plaer ser un dels nous patrocinadors de la Uni\u00f3 Esportiva Olot\u201d. <\/p>\n\n\n\n<p>El conjunt garrotx\u00ed va estrenar la nova samarreta amb MGC M\u00fatua com a patrocinador al partit amist\u00f3s contra el Girona, que es va jugar uns dies despr\u00e9s. A la pr\u00e8via, l\u2019equip va comptar amb la visita de Xavier Plana, director general d\u2019MGC M\u00fatua, que es va mostrar molt content i va destacar la import\u00e0ncia de compartir valors com la il\u00b7lusi\u00f3, el comprom\u00eds i l\u2019esfor\u00e7.<\/p>\n","protected":false},"excerpt":{"rendered":"<p>L\u2019acord de patrocini entre el club de futbol UE Olot i MGC M\u00fatua, que es va signar el mes de juliol passat, permet lluir el logo de l\u2019entitat a la part dorsal de la samarreta del primer equip.<\/p>\n","protected":false},"author":3,"featured_media":30140,"comment_status":"closed","ping_status":"closed","sticky":false,"template":"","format":"standard","meta":{"footnotes":""},"categories":[11],"tags":[410,576],"class_list":["post-30104","post","type-post","status-publish","format-standard","has-post-thumbnail","hentry","category-actualitat","tag-esport","tag-mgc-mutua-ca"],"featured_image_src":"https:\/\/www.mgc.es\/wp-content\/uploads\/2023\/09\/F1d_qpvXoAAmKKj.jpg","author_info":{"display_name":"Revista Inter\u00e8s Mutu","author_link":"https:\/\/www.mgc.es\/ca\/blog\/author\/interesmutu\/"},"yoast_head":"<!-- This site is optimized with the Yoast SEO plugin v27.2 - https:\/\/yoast.com\/product\/yoast-seo-wordpress\/ -->\n<title>MGC M\u00fatua, nou patrocinador de la Uni\u00f3 Esportiva Olot - MGC M\u00fatua<\/title>\n<meta name=\"robots\" content=\"index, follow, max-snippet:-1, max-image-preview:large, max-video-preview:-1\" \/>\n<link rel=\"canonical\" href=\"https:\/\/www.mgc.es\/ca\/blog\/mgc-mutua-nou-patrocinador-de-la-unio-esportiva-olot\/\" \/>\n<meta property=\"og:locale\" content=\"ca_ES\" \/>\n<meta property=\"og:type\" content=\"article\" \/>\n<meta property=\"og:title\" content=\"MGC M\u00fatua, nou patrocinador de la Uni\u00f3 Esportiva Olot - MGC M\u00fatua\" \/>\n<meta property=\"og:description\" content=\"L\u2019acord de patrocini entre el club de futbol UE Olot i MGC M\u00fatua, que es va signar el mes de juliol passat, permet lluir el logo de l\u2019entitat a la part dorsal de la samarreta del primer equip.\" \/>\n<meta property=\"og:url\" content=\"https:\/\/www.mgc.es\/ca\/blog\/mgc-mutua-nou-patrocinador-de-la-unio-esportiva-olot\/\" \/>\n<meta property=\"og:site_name\" content=\"MGC M\u00fatua\" \/>\n<meta property=\"article:publisher\" content=\"https:\/\/www.facebook.com\/mgcmutua\" \/>\n<meta property=\"article:published_time\" content=\"2023-09-01T07:55:01+00:00\" \/>\n<meta property=\"article:modified_time\" content=\"2023-09-05T07:52:19+00:00\" \/>\n<meta property=\"og:image\" content=\"https:\/\/www.mgc.es\/wp-content\/uploads\/2023\/09\/F1d_qpvXoAAmKKj.jpg\" \/>\n\t<meta property=\"og:image:width\" content=\"2048\" \/>\n\t<meta property=\"og:image:height\" content=\"1365\" \/>\n\t<meta property=\"og:image:type\" content=\"image\/jpeg\" \/>\n<meta name=\"author\" content=\"Revista Inter\u00e8s Mutu\" \/>\n<meta name=\"twitter:card\" content=\"summary_large_image\" \/>\n<meta name=\"twitter:creator\" content=\"@mgcmutua\" \/>\n<meta name=\"twitter:site\" content=\"@mgcmutua\" \/>\n<meta name=\"twitter:label1\" content=\"Escrit per\" \/>\n\t<meta name=\"twitter:data1\" content=\"Revista Inter\u00e8s Mutu\" \/>\n\t<meta name=\"twitter:label2\" content=\"Temps estimat de lectura\" \/>\n\t<meta name=\"twitter:data2\" content=\"2 minuts\" \/>\n<!-- \/ Yoast SEO plugin. -->","yoast_head_json":{"title":"MGC M\u00fatua, nou patrocinador de la Uni\u00f3 Esportiva Olot - MGC M\u00fatua","robots":{"index":"index","follow":"follow","max-snippet":"max-snippet:-1","max-image-preview":"max-image-preview:large","max-video-preview":"max-video-preview:-1"},"canonical":"https:\/\/www.mgc.es\/ca\/blog\/mgc-mutua-nou-patrocinador-de-la-unio-esportiva-olot\/","og_locale":"ca_ES","og_type":"article","og_title":"MGC M\u00fatua, nou patrocinador de la Uni\u00f3 Esportiva Olot - MGC M\u00fatua","og_description":"L\u2019acord de patrocini entre el club de futbol UE Olot i MGC M\u00fatua, que es va signar el mes de juliol passat, permet lluir el logo de l\u2019entitat a la part dorsal de la samarreta del primer equip.","og_url":"https:\/\/www.mgc.es\/ca\/blog\/mgc-mutua-nou-patrocinador-de-la-unio-esportiva-olot\/","og_site_name":"MGC M\u00fatua","article_publisher":"https:\/\/www.facebook.com\/mgcmutua","article_published_time":"2023-09-01T07:55:01+00:00","article_modified_time":"2023-09-05T07:52:19+00:00","og_image":[{"width":2048,"height":1365,"url":"https:\/\/www.mgc.es\/wp-content\/uploads\/2023\/09\/F1d_qpvXoAAmKKj.jpg","type":"image\/jpeg"}],"author":"Revista Inter\u00e8s Mutu","twitter_card":"summary_large_image","twitter_creator":"@mgcmutua","twitter_site":"@mgcmutua","twitter_misc":{"Escrit per":"Revista Inter\u00e8s Mutu","Temps estimat de lectura":"2 minuts"},"schema":{"@context":"https:\/\/schema.org","@graph":[{"@type":["Article","BlogPosting"],"@id":"https:\/\/www.mgc.es\/ca\/blog\/mgc-mutua-nou-patrocinador-de-la-unio-esportiva-olot\/#article","isPartOf":{"@id":"https:\/\/www.mgc.es\/ca\/blog\/mgc-mutua-nou-patrocinador-de-la-unio-esportiva-olot\/"},"author":{"name":"Revista Inter\u00e8s Mutu","@id":"https:\/\/www.mgc.es\/#\/schema\/person\/010c961d9c9acf38f11187a02b646c16"},"headline":"MGC M\u00fatua, nou patrocinador de la Uni\u00f3 Esportiva Olot","datePublished":"2023-09-01T07:55:01+00:00","dateModified":"2023-09-05T07:52:19+00:00","mainEntityOfPage":{"@id":"https:\/\/www.mgc.es\/ca\/blog\/mgc-mutua-nou-patrocinador-de-la-unio-esportiva-olot\/"},"wordCount":306,"publisher":{"@id":"https:\/\/www.mgc.es\/#organization"},"image":{"@id":"https:\/\/www.mgc.es\/ca\/blog\/mgc-mutua-nou-patrocinador-de-la-unio-esportiva-olot\/#primaryimage"},"thumbnailUrl":"https:\/\/www.mgc.es\/wp-content\/uploads\/2023\/09\/F1d_qpvXoAAmKKj.jpg","keywords":["esport","mgc mutua"],"articleSection":["Actualitat M\u00fatua"],"inLanguage":"ca"},{"@type":["WebPage","ItemPage"],"@id":"https:\/\/www.mgc.es\/ca\/blog\/mgc-mutua-nou-patrocinador-de-la-unio-esportiva-olot\/","url":"https:\/\/www.mgc.es\/ca\/blog\/mgc-mutua-nou-patrocinador-de-la-unio-esportiva-olot\/","name":"MGC M\u00fatua, nou patrocinador de la Uni\u00f3 Esportiva Olot - MGC M\u00fatua","isPartOf":{"@id":"https:\/\/www.mgc.es\/#website"},"primaryImageOfPage":{"@id":"https:\/\/www.mgc.es\/ca\/blog\/mgc-mutua-nou-patrocinador-de-la-unio-esportiva-olot\/#primaryimage"},"image":{"@id":"https:\/\/www.mgc.es\/ca\/blog\/mgc-mutua-nou-patrocinador-de-la-unio-esportiva-olot\/#primaryimage"},"thumbnailUrl":"https:\/\/www.mgc.es\/wp-content\/uploads\/2023\/09\/F1d_qpvXoAAmKKj.jpg","datePublished":"2023-09-01T07:55:01+00:00","dateModified":"2023-09-05T07:52:19+00:00","breadcrumb":{"@id":"https:\/\/www.mgc.es\/ca\/blog\/mgc-mutua-nou-patrocinador-de-la-unio-esportiva-olot\/#breadcrumb"},"inLanguage":"ca","potentialAction":[{"@type":"ReadAction","target":["https:\/\/www.mgc.es\/ca\/blog\/mgc-mutua-nou-patrocinador-de-la-unio-esportiva-olot\/"]}]},{"@type":"ImageObject","inLanguage":"ca","@id":"https:\/\/www.mgc.es\/ca\/blog\/mgc-mutua-nou-patrocinador-de-la-unio-esportiva-olot\/#primaryimage","url":"https:\/\/www.mgc.es\/wp-content\/uploads\/2023\/09\/F1d_qpvXoAAmKKj.jpg","contentUrl":"https:\/\/www.mgc.es\/wp-content\/uploads\/2023\/09\/F1d_qpvXoAAmKKj.jpg","width":2048,"height":1365},{"@type":"BreadcrumbList","@id":"https:\/\/www.mgc.es\/ca\/blog\/mgc-mutua-nou-patrocinador-de-la-unio-esportiva-olot\/#breadcrumb","itemListElement":[{"@type":"ListItem","position":1,"name":"Home","item":"https:\/\/www.mgc.es\/ca\/"},{"@type":"ListItem","position":2,"name":"MGC M\u00fatua, nou patrocinador de la Uni\u00f3 Esportiva Olot"}]},{"@type":"WebSite","@id":"https:\/\/www.mgc.es\/#website","url":"https:\/\/www.mgc.es\/","name":"MGC M\u00fatua","description":"MGC M\u00fatua \u00e9s una entitat asseguradora sense \u00e0nim de lucre constitu\u00efda al 1982 i especialitzada en assegurances de salut i assist\u00e8ncia.","publisher":{"@id":"https:\/\/www.mgc.es\/#organization"},"alternateName":"MGC","potentialAction":[{"@type":"SearchAction","target":{"@type":"EntryPoint","urlTemplate":"https:\/\/www.mgc.es\/?s={search_term_string}"},"query-input":{"@type":"PropertyValueSpecification","valueRequired":true,"valueName":"search_term_string"}}],"inLanguage":"ca"},{"@type":"Organization","@id":"https:\/\/www.mgc.es\/#organization","name":"MGC Mutua","alternateName":"MGC","url":"https:\/\/www.mgc.es\/","logo":{"@type":"ImageObject","inLanguage":"ca","@id":"https:\/\/www.mgc.es\/#\/schema\/logo\/image\/","url":"https:\/\/www.mgc.es\/wp-content\/uploads\/2020\/03\/mgcmutua_h2_2t_reduccions.png","contentUrl":"https:\/\/www.mgc.es\/wp-content\/uploads\/2020\/03\/mgcmutua_h2_2t_reduccions.png","width":303,"height":165,"caption":"MGC Mutua"},"image":{"@id":"https:\/\/www.mgc.es\/#\/schema\/logo\/image\/"},"sameAs":["https:\/\/www.facebook.com\/mgcmutua","https:\/\/x.com\/mgcmutua","https:\/\/www.youtube.com\/c\/MGCMutua"]},{"@type":"Person","@id":"https:\/\/www.mgc.es\/#\/schema\/person\/010c961d9c9acf38f11187a02b646c16","name":"Revista Inter\u00e8s Mutu","image":{"@type":"ImageObject","inLanguage":"ca","@id":"https:\/\/secure.gravatar.com\/avatar\/52302d684339b9d7bf5691e2ad00835d62ce3b4a435f21ca9f21fbe39c63cb1b?s=96&d=mm&r=g","url":"https:\/\/secure.gravatar.com\/avatar\/52302d684339b9d7bf5691e2ad00835d62ce3b4a435f21ca9f21fbe39c63cb1b?s=96&d=mm&r=g","contentUrl":"https:\/\/secure.gravatar.com\/avatar\/52302d684339b9d7bf5691e2ad00835d62ce3b4a435f21ca9f21fbe39c63cb1b?s=96&d=mm&r=g","caption":"Revista Inter\u00e8s Mutu"}}]}},"_links":{"self":[{"href":"https:\/\/www.mgc.es\/ca\/wp-json\/wp\/v2\/posts\/30104","targetHints":{"allow":["GET"]}}],"collection":[{"href":"https:\/\/www.mgc.es\/ca\/wp-json\/wp\/v2\/posts"}],"about":[{"href":"https:\/\/www.mgc.es\/ca\/wp-json\/wp\/v2\/types\/post"}],"author":[{"embeddable":true,"href":"https:\/\/www.mgc.es\/ca\/wp-json\/wp\/v2\/users\/3"}],"replies":[{"embeddable":true,"href":"https:\/\/www.mgc.es\/ca\/wp-json\/wp\/v2\/comments?post=30104"}],"version-history":[{"count":11,"href":"https:\/\/www.mgc.es\/ca\/wp-json\/wp\/v2\/posts\/30104\/revisions"}],"predecessor-version":[{"id":30142,"href":"https:\/\/www.mgc.es\/ca\/wp-json\/wp\/v2\/posts\/30104\/revisions\/30142"}],"wp:featuredmedia":[{"embeddable":true,"href":"https:\/\/www.mgc.es\/ca\/wp-json\/wp\/v2\/media\/30140"}],"wp:attachment":[{"href":"https:\/\/www.mgc.es\/ca\/wp-json\/wp\/v2\/media?parent=30104"}],"wp:term":[{"taxonomy":"category","embeddable":true,"href":"https:\/\/www.mgc.es\/ca\/wp-json\/wp\/v2\/categories?post=30104"},{"taxonomy":"post_tag","embeddable":true,"href":"https:\/\/www.mgc.es\/ca\/wp-json\/wp\/v2\/tags?post=30104"}],"curies":[{"name":"wp","href":"https:\/\/api.w.org\/{rel}","templated":true}]}}