{"id":29109,"date":"2023-06-30T09:41:59","date_gmt":"2023-06-30T07:41:59","guid":{"rendered":"https:\/\/www.mgc.es\/?p=29109"},"modified":"2023-06-30T11:48:35","modified_gmt":"2023-06-30T09:48:35","slug":"la-revista-interes-mutu-de-juny-a-loficina-virtual-dmgc","status":"publish","type":"post","link":"https:\/\/www.mgc.es\/ca\/blog\/la-revista-interes-mutu-de-juny-a-loficina-virtual-dmgc\/","title":{"rendered":"La revista \u201cInter\u00e8s Mutu\u201d de juny a l\u2019oficina virtual d\u2019MGC"},"content":{"rendered":"\n<figure class=\"wp-block-image size-full\"><img loading=\"lazy\" decoding=\"async\" width=\"540\" height=\"768\" src=\"https:\/\/www.mgc.es\/wp-content\/uploads\/2023\/06\/Imagen2.png\" alt=\"\" class=\"wp-image-29105\" srcset=\"https:\/\/www.mgc.es\/wp-content\/uploads\/2023\/06\/Imagen2.png 540w, https:\/\/www.mgc.es\/wp-content\/uploads\/2023\/06\/Imagen2-309x440.png 309w\" sizes=\"auto, (max-width: 540px) 100vw, 540px\" \/><\/figure>\n\n\n\n<p>La nova edici\u00f3 de la revista \u201cInter\u00e8s Mutu\u201d ja est\u00e0 disponible per a tots els nostres mutualistes. Pots consultar-la en l\u00ednia o descarrega-te-la al teu dispositiu des de l\u2019<a href=\"https:\/\/oficinavirtual.mgc.es:7326\/ca\/index.php\"><strong>oficina virtual.<\/strong><\/a><\/p>\n\n\n\n<p>El mes de juny publiquem una nova edici\u00f3 de la revista corporativa d\u2019MGC M\u00fatua, Inter\u00e8s Mutu. A m\u00e9s de l\u2019edici\u00f3 en paper que reben els nostres mutualistes, aquells que ho desitgin tamb\u00e9 poden consultar la revista i descarregar-se-la en format PDF al seu dispositiu des de l\u2019oficina virtual.<\/p>\n\n\n\n<p>L\u2019Inter\u00e8s Mutu pret\u00e9n oferir sempre continguts de qualitat: articles de salut i medicina elaborats i\/o supervisats per metges i articles d\u2019actualitat, d\u2019opini\u00f3 i d\u2019an\u00e0lisi, amb un tractament de la informaci\u00f3 am\u00e8, original i rigor\u00f3s.<\/p>\n\n\n\n<p>En l\u2019edici\u00f3 d\u2019aquest semestre destaquem els seg\u00fcents temes:<\/p>\n\n\n\n<ul class=\"wp-block-list\">\n<li><strong>Editorial:<\/strong> La millor inversi\u00f3 en salut<\/li>\n\n\n\n<li><strong>Novetats:<\/strong> MGC M\u00fatua aposta per l&#8217;excel\u00b7l\u00e8ncia al seu quadre m\u00e8dic amb la categoria \u201cCentre-Metge Consultor\u201d<\/li>\n\n\n\n<li><strong>Actualitat:<\/strong> Xavier Plana assumeix la direcci\u00f3 general de MGC M\u00fatua<\/li>\n\n\n\n<li><strong>Entrevista:<\/strong> Gloria Montasell: \u201cHi ha molts estudis i investigacions cient\u00edfiques que coincideixen que la gratitud millora considerablement la nostra salut\u201d.<\/li>\n\n\n\n<li><strong>Salut de prop<\/strong>: Per a qu\u00e8 serveix la melatonina?<\/li>\n\n\n\n<li><strong>P\u00edndola de Salut:<\/strong> Tinc al\u00b7l\u00e8rgia<\/li>\n<\/ul>\n\n\n\n<p>S\u00f3n 20 p\u00e0gines impregnades de l\u2019esfor\u00e7, la il\u00b7lusi\u00f3 i el comprom\u00eds que conforma la nostra filosofia i que tamb\u00e9 pots descarregar al teu dispositiu per consultar on vulguis amb total comoditat. Accedeix ara a la revista Inter\u00e8s Mutu des de&nbsp;<a href=\"https:\/\/oficinavirtual.mgc.es:7326\/ca\/index.php\"><strong>l\u2019oficina virtual.<\/strong><\/a><strong><\/strong><\/p>\n","protected":false},"excerpt":{"rendered":"<p>La nova edici\u00f3 de la revista \u201cInter\u00e8s Mutu\u201d ja est\u00e0 disponible per a tots els nostres mutualistes. Pots consultar-la en l\u00ednia o descarrega-te-la al teu dispositiu des de l\u2019oficina virtual.<\/p>\n","protected":false},"author":3,"featured_media":29105,"comment_status":"closed","ping_status":"closed","sticky":false,"template":"","format":"standard","meta":{"footnotes":""},"categories":[11],"tags":[576],"class_list":["post-29109","post","type-post","status-publish","format-standard","has-post-thumbnail","hentry","category-actualitat","tag-mgc-mutua-ca"],"featured_image_src":"https:\/\/www.mgc.es\/wp-content\/uploads\/2023\/06\/Imagen2.png","author_info":{"display_name":"Revista Inter\u00e8s Mutu","author_link":"https:\/\/www.mgc.es\/ca\/blog\/author\/interesmutu\/"},"yoast_head":"<!-- This site is optimized with the Yoast SEO plugin v27.2 - https:\/\/yoast.com\/product\/yoast-seo-wordpress\/ -->\n<title>La revista \u201cInter\u00e8s Mutu\u201d de juny a l\u2019oficina virtual d\u2019MGC - MGC M\u00fatua<\/title>\n<meta name=\"robots\" content=\"index, follow, max-snippet:-1, max-image-preview:large, max-video-preview:-1\" \/>\n<link rel=\"canonical\" href=\"https:\/\/www.mgc.es\/ca\/blog\/la-revista-interes-mutu-de-juny-a-loficina-virtual-dmgc\/\" \/>\n<meta property=\"og:locale\" content=\"ca_ES\" \/>\n<meta property=\"og:type\" content=\"article\" \/>\n<meta property=\"og:title\" content=\"La revista \u201cInter\u00e8s Mutu\u201d de juny a l\u2019oficina virtual d\u2019MGC - MGC M\u00fatua\" \/>\n<meta property=\"og:description\" content=\"La nova edici\u00f3 de la revista \u201cInter\u00e8s Mutu\u201d ja est\u00e0 disponible per a tots els nostres mutualistes. Pots consultar-la en l\u00ednia o descarrega-te-la al teu dispositiu des de l\u2019oficina virtual.\" \/>\n<meta property=\"og:url\" content=\"https:\/\/www.mgc.es\/ca\/blog\/la-revista-interes-mutu-de-juny-a-loficina-virtual-dmgc\/\" \/>\n<meta property=\"og:site_name\" content=\"MGC M\u00fatua\" \/>\n<meta property=\"article:publisher\" content=\"https:\/\/www.facebook.com\/mgcmutua\" \/>\n<meta property=\"article:published_time\" content=\"2023-06-30T07:41:59+00:00\" \/>\n<meta property=\"article:modified_time\" content=\"2023-06-30T09:48:35+00:00\" \/>\n<meta property=\"og:image\" content=\"https:\/\/www.mgc.es\/wp-content\/uploads\/2023\/06\/Imagen2.png\" \/>\n\t<meta property=\"og:image:width\" content=\"540\" \/>\n\t<meta property=\"og:image:height\" content=\"768\" \/>\n\t<meta property=\"og:image:type\" content=\"image\/png\" \/>\n<meta name=\"author\" content=\"Revista Inter\u00e8s Mutu\" \/>\n<meta name=\"twitter:card\" content=\"summary_large_image\" \/>\n<meta name=\"twitter:creator\" content=\"@mgcmutua\" \/>\n<meta name=\"twitter:site\" content=\"@mgcmutua\" \/>\n<meta name=\"twitter:label1\" content=\"Escrit per\" \/>\n\t<meta name=\"twitter:data1\" content=\"Revista Inter\u00e8s Mutu\" \/>\n\t<meta name=\"twitter:label2\" content=\"Temps estimat de lectura\" \/>\n\t<meta name=\"twitter:data2\" content=\"2 minuts\" \/>\n<!-- \/ Yoast SEO plugin. -->","yoast_head_json":{"title":"La revista \u201cInter\u00e8s Mutu\u201d de juny a l\u2019oficina virtual d\u2019MGC - MGC M\u00fatua","robots":{"index":"index","follow":"follow","max-snippet":"max-snippet:-1","max-image-preview":"max-image-preview:large","max-video-preview":"max-video-preview:-1"},"canonical":"https:\/\/www.mgc.es\/ca\/blog\/la-revista-interes-mutu-de-juny-a-loficina-virtual-dmgc\/","og_locale":"ca_ES","og_type":"article","og_title":"La revista \u201cInter\u00e8s Mutu\u201d de juny a l\u2019oficina virtual d\u2019MGC - MGC M\u00fatua","og_description":"La nova edici\u00f3 de la revista \u201cInter\u00e8s Mutu\u201d ja est\u00e0 disponible per a tots els nostres mutualistes. Pots consultar-la en l\u00ednia o descarrega-te-la al teu dispositiu des de l\u2019oficina virtual.","og_url":"https:\/\/www.mgc.es\/ca\/blog\/la-revista-interes-mutu-de-juny-a-loficina-virtual-dmgc\/","og_site_name":"MGC M\u00fatua","article_publisher":"https:\/\/www.facebook.com\/mgcmutua","article_published_time":"2023-06-30T07:41:59+00:00","article_modified_time":"2023-06-30T09:48:35+00:00","og_image":[{"width":540,"height":768,"url":"https:\/\/www.mgc.es\/wp-content\/uploads\/2023\/06\/Imagen2.png","type":"image\/png"}],"author":"Revista Inter\u00e8s Mutu","twitter_card":"summary_large_image","twitter_creator":"@mgcmutua","twitter_site":"@mgcmutua","twitter_misc":{"Escrit per":"Revista Inter\u00e8s Mutu","Temps estimat de lectura":"2 minuts"},"schema":{"@context":"https:\/\/schema.org","@graph":[{"@type":["Article","BlogPosting"],"@id":"https:\/\/www.mgc.es\/ca\/blog\/la-revista-interes-mutu-de-juny-a-loficina-virtual-dmgc\/#article","isPartOf":{"@id":"https:\/\/www.mgc.es\/ca\/blog\/la-revista-interes-mutu-de-juny-a-loficina-virtual-dmgc\/"},"author":{"name":"Revista Inter\u00e8s Mutu","@id":"https:\/\/www.mgc.es\/#\/schema\/person\/010c961d9c9acf38f11187a02b646c16"},"headline":"La revista \u201cInter\u00e8s Mutu\u201d de juny a l\u2019oficina virtual d\u2019MGC","datePublished":"2023-06-30T07:41:59+00:00","dateModified":"2023-06-30T09:48:35+00:00","mainEntityOfPage":{"@id":"https:\/\/www.mgc.es\/ca\/blog\/la-revista-interes-mutu-de-juny-a-loficina-virtual-dmgc\/"},"wordCount":277,"publisher":{"@id":"https:\/\/www.mgc.es\/#organization"},"image":{"@id":"https:\/\/www.mgc.es\/ca\/blog\/la-revista-interes-mutu-de-juny-a-loficina-virtual-dmgc\/#primaryimage"},"thumbnailUrl":"https:\/\/www.mgc.es\/wp-content\/uploads\/2023\/06\/Imagen2.png","keywords":["mgc mutua"],"articleSection":["Actualitat M\u00fatua"],"inLanguage":"ca"},{"@type":["WebPage","ItemPage"],"@id":"https:\/\/www.mgc.es\/ca\/blog\/la-revista-interes-mutu-de-juny-a-loficina-virtual-dmgc\/","url":"https:\/\/www.mgc.es\/ca\/blog\/la-revista-interes-mutu-de-juny-a-loficina-virtual-dmgc\/","name":"La revista \u201cInter\u00e8s Mutu\u201d de juny a l\u2019oficina virtual d\u2019MGC - MGC M\u00fatua","isPartOf":{"@id":"https:\/\/www.mgc.es\/#website"},"primaryImageOfPage":{"@id":"https:\/\/www.mgc.es\/ca\/blog\/la-revista-interes-mutu-de-juny-a-loficina-virtual-dmgc\/#primaryimage"},"image":{"@id":"https:\/\/www.mgc.es\/ca\/blog\/la-revista-interes-mutu-de-juny-a-loficina-virtual-dmgc\/#primaryimage"},"thumbnailUrl":"https:\/\/www.mgc.es\/wp-content\/uploads\/2023\/06\/Imagen2.png","datePublished":"2023-06-30T07:41:59+00:00","dateModified":"2023-06-30T09:48:35+00:00","breadcrumb":{"@id":"https:\/\/www.mgc.es\/ca\/blog\/la-revista-interes-mutu-de-juny-a-loficina-virtual-dmgc\/#breadcrumb"},"inLanguage":"ca","potentialAction":[{"@type":"ReadAction","target":["https:\/\/www.mgc.es\/ca\/blog\/la-revista-interes-mutu-de-juny-a-loficina-virtual-dmgc\/"]}]},{"@type":"ImageObject","inLanguage":"ca","@id":"https:\/\/www.mgc.es\/ca\/blog\/la-revista-interes-mutu-de-juny-a-loficina-virtual-dmgc\/#primaryimage","url":"https:\/\/www.mgc.es\/wp-content\/uploads\/2023\/06\/Imagen2.png","contentUrl":"https:\/\/www.mgc.es\/wp-content\/uploads\/2023\/06\/Imagen2.png","width":540,"height":768},{"@type":"BreadcrumbList","@id":"https:\/\/www.mgc.es\/ca\/blog\/la-revista-interes-mutu-de-juny-a-loficina-virtual-dmgc\/#breadcrumb","itemListElement":[{"@type":"ListItem","position":1,"name":"Home","item":"https:\/\/www.mgc.es\/ca\/"},{"@type":"ListItem","position":2,"name":"La revista \u201cInter\u00e8s Mutu\u201d de juny a l\u2019oficina virtual d\u2019MGC"}]},{"@type":"WebSite","@id":"https:\/\/www.mgc.es\/#website","url":"https:\/\/www.mgc.es\/","name":"MGC M\u00fatua","description":"MGC M\u00fatua \u00e9s una entitat asseguradora sense \u00e0nim de lucre constitu\u00efda al 1982 i especialitzada en assegurances de salut i assist\u00e8ncia.","publisher":{"@id":"https:\/\/www.mgc.es\/#organization"},"alternateName":"MGC","potentialAction":[{"@type":"SearchAction","target":{"@type":"EntryPoint","urlTemplate":"https:\/\/www.mgc.es\/?s={search_term_string}"},"query-input":{"@type":"PropertyValueSpecification","valueRequired":true,"valueName":"search_term_string"}}],"inLanguage":"ca"},{"@type":"Organization","@id":"https:\/\/www.mgc.es\/#organization","name":"MGC Mutua","alternateName":"MGC","url":"https:\/\/www.mgc.es\/","logo":{"@type":"ImageObject","inLanguage":"ca","@id":"https:\/\/www.mgc.es\/#\/schema\/logo\/image\/","url":"https:\/\/www.mgc.es\/wp-content\/uploads\/2020\/03\/mgcmutua_h2_2t_reduccions.png","contentUrl":"https:\/\/www.mgc.es\/wp-content\/uploads\/2020\/03\/mgcmutua_h2_2t_reduccions.png","width":303,"height":165,"caption":"MGC Mutua"},"image":{"@id":"https:\/\/www.mgc.es\/#\/schema\/logo\/image\/"},"sameAs":["https:\/\/www.facebook.com\/mgcmutua","https:\/\/x.com\/mgcmutua","https:\/\/www.youtube.com\/c\/MGCMutua"]},{"@type":"Person","@id":"https:\/\/www.mgc.es\/#\/schema\/person\/010c961d9c9acf38f11187a02b646c16","name":"Revista Inter\u00e8s Mutu","image":{"@type":"ImageObject","inLanguage":"ca","@id":"https:\/\/secure.gravatar.com\/avatar\/52302d684339b9d7bf5691e2ad00835d62ce3b4a435f21ca9f21fbe39c63cb1b?s=96&d=mm&r=g","url":"https:\/\/secure.gravatar.com\/avatar\/52302d684339b9d7bf5691e2ad00835d62ce3b4a435f21ca9f21fbe39c63cb1b?s=96&d=mm&r=g","contentUrl":"https:\/\/secure.gravatar.com\/avatar\/52302d684339b9d7bf5691e2ad00835d62ce3b4a435f21ca9f21fbe39c63cb1b?s=96&d=mm&r=g","caption":"Revista Inter\u00e8s Mutu"}}]}},"_links":{"self":[{"href":"https:\/\/www.mgc.es\/ca\/wp-json\/wp\/v2\/posts\/29109","targetHints":{"allow":["GET"]}}],"collection":[{"href":"https:\/\/www.mgc.es\/ca\/wp-json\/wp\/v2\/posts"}],"about":[{"href":"https:\/\/www.mgc.es\/ca\/wp-json\/wp\/v2\/types\/post"}],"author":[{"embeddable":true,"href":"https:\/\/www.mgc.es\/ca\/wp-json\/wp\/v2\/users\/3"}],"replies":[{"embeddable":true,"href":"https:\/\/www.mgc.es\/ca\/wp-json\/wp\/v2\/comments?post=29109"}],"version-history":[{"count":2,"href":"https:\/\/www.mgc.es\/ca\/wp-json\/wp\/v2\/posts\/29109\/revisions"}],"predecessor-version":[{"id":29201,"href":"https:\/\/www.mgc.es\/ca\/wp-json\/wp\/v2\/posts\/29109\/revisions\/29201"}],"wp:featuredmedia":[{"embeddable":true,"href":"https:\/\/www.mgc.es\/ca\/wp-json\/wp\/v2\/media\/29105"}],"wp:attachment":[{"href":"https:\/\/www.mgc.es\/ca\/wp-json\/wp\/v2\/media?parent=29109"}],"wp:term":[{"taxonomy":"category","embeddable":true,"href":"https:\/\/www.mgc.es\/ca\/wp-json\/wp\/v2\/categories?post=29109"},{"taxonomy":"post_tag","embeddable":true,"href":"https:\/\/www.mgc.es\/ca\/wp-json\/wp\/v2\/tags?post=29109"}],"curies":[{"name":"wp","href":"https:\/\/api.w.org\/{rel}","templated":true}]}}