{"id":29067,"date":"2023-06-09T09:27:51","date_gmt":"2023-06-09T07:27:51","guid":{"rendered":"https:\/\/www.mgc.es\/?p=29067"},"modified":"2023-06-09T09:29:28","modified_gmt":"2023-06-09T07:29:28","slug":"convocatoria-assemblea-general-extraordinaria-juliol-2023","status":"publish","type":"post","link":"https:\/\/www.mgc.es\/ca\/blog\/convocatoria-assemblea-general-extraordinaria-juliol-2023\/","title":{"rendered":"Convocat\u00f2ria Assemblea General Extraordin\u00e0ria"},"content":{"rendered":"\n<figure class=\"wp-block-image size-large\"><img loading=\"lazy\" decoding=\"async\" width=\"880\" height=\"406\" src=\"https:\/\/www.mgc.es\/wp-content\/uploads\/2022\/05\/assemblea-880x406.jpg\" alt=\"\" class=\"wp-image-26367\" srcset=\"https:\/\/www.mgc.es\/wp-content\/uploads\/2022\/05\/assemblea-880x406.jpg 880w, https:\/\/www.mgc.es\/wp-content\/uploads\/2022\/05\/assemblea-440x203.jpg 440w, https:\/\/www.mgc.es\/wp-content\/uploads\/2022\/05\/assemblea-768x354.jpg 768w, https:\/\/www.mgc.es\/wp-content\/uploads\/2022\/05\/assemblea.jpg 960w\" sizes=\"auto, (max-width: 880px) 100vw, 880px\" \/><\/figure>\n\n\n\n<p>En compliment del que estableixen els articles 16 i 17 dels Estatuts Socials, el Consell d&#8217;Administraci\u00f3 d\u2019MGC Insurance, Mutua de Seguros y Reaseguros a Prima Fija, en sessi\u00f3 celebrada el dia 6 de juny de 2023, va acordar convocar els mutualistes de l\u2019entitat a l&#8217;Assemblea General Extraordin\u00e0ria que tindr\u00e0 lloc el proper dia 10 de juliol de 2023, a les 11:00h, en primera convocat\u00f2ria i, si escau, a les 12:00h en segona convocat\u00f2ria, a la \u201cSala d&#8217;Actes Manel Ar\u00e1n\u201d de la seva seu social, situada al carrer Tuset 5-11, de Barcelona.<\/p>\n\n\n\n<p>Consulta l&#8217;<strong><a href=\"https:\/\/www.mgc.es\/wp-content\/uploads\/2023\/06\/anunci_convocatoria_230710.pdf\" target=\"_blank\" rel=\"noreferrer noopener nofollow\">Anunci de convoc\u00e0toria<\/a><\/strong>.<\/p>\n","protected":false},"excerpt":{"rendered":"<p>En compliment del que estableixen els articles 16 i 17 dels Estatuts Socials, el Consell d&#8217;Administraci\u00f3 d\u2019MGC Insurance, Mutua de Seguros y Reaseguros a Prima Fija, en sessi\u00f3 celebrada el dia 6 de juny de 2023, va acordar convocar els mutualistes de l\u2019entitat a l&#8217;Assemblea General Extraordin\u00e0ria que tindr\u00e0 lloc el proper dia 10 de [&hellip;]<\/p>\n","protected":false},"author":3,"featured_media":26368,"comment_status":"closed","ping_status":"closed","sticky":false,"template":"","format":"standard","meta":{"footnotes":""},"categories":[11],"tags":[],"class_list":["post-29067","post","type-post","status-publish","format-standard","has-post-thumbnail","hentry","category-actualitat"],"featured_image_src":"https:\/\/www.mgc.es\/wp-content\/uploads\/2022\/05\/assemblea.jpg","author_info":{"display_name":"Revista Inter\u00e8s Mutu","author_link":"https:\/\/www.mgc.es\/ca\/blog\/author\/interesmutu\/"},"yoast_head":"<!-- This site is optimized with the Yoast SEO plugin v27.2 - https:\/\/yoast.com\/product\/yoast-seo-wordpress\/ -->\n<title>Convocat\u00f2ria Assemblea General Extraordin\u00e0ria - MGC M\u00fatua<\/title>\n<meta name=\"description\" content=\"Convocat\u00f2ria per als mutualistes de l\u2019entitat a l&#039;Assemblea General Extraordin\u00e0ria que tindr\u00e0 lloc el proper dia 10 de juliol de 2023.\" \/>\n<meta name=\"robots\" content=\"index, follow, max-snippet:-1, max-image-preview:large, max-video-preview:-1\" \/>\n<link rel=\"canonical\" href=\"https:\/\/www.mgc.es\/ca\/blog\/convocatoria-assemblea-general-extraordinaria-juliol-2023\/\" \/>\n<meta property=\"og:locale\" content=\"ca_ES\" \/>\n<meta property=\"og:type\" content=\"article\" \/>\n<meta property=\"og:title\" content=\"Convocat\u00f2ria Assemblea General Extraordin\u00e0ria - MGC M\u00fatua\" \/>\n<meta property=\"og:description\" content=\"Convocat\u00f2ria per als mutualistes de l\u2019entitat a l&#039;Assemblea General Extraordin\u00e0ria que tindr\u00e0 lloc el proper dia 10 de juliol de 2023.\" \/>\n<meta property=\"og:url\" content=\"https:\/\/www.mgc.es\/ca\/blog\/convocatoria-assemblea-general-extraordinaria-juliol-2023\/\" \/>\n<meta property=\"og:site_name\" content=\"MGC M\u00fatua\" \/>\n<meta property=\"article:publisher\" content=\"https:\/\/www.facebook.com\/mgcmutua\" \/>\n<meta property=\"article:published_time\" content=\"2023-06-09T07:27:51+00:00\" \/>\n<meta property=\"article:modified_time\" content=\"2023-06-09T07:29:28+00:00\" \/>\n<meta property=\"og:image\" content=\"https:\/\/www.mgc.es\/wp-content\/uploads\/2022\/05\/assemblea.jpg\" \/>\n\t<meta property=\"og:image:width\" content=\"960\" \/>\n\t<meta property=\"og:image:height\" content=\"443\" \/>\n\t<meta property=\"og:image:type\" content=\"image\/jpeg\" \/>\n<meta name=\"author\" content=\"Revista Inter\u00e8s Mutu\" \/>\n<meta name=\"twitter:card\" content=\"summary_large_image\" \/>\n<meta name=\"twitter:creator\" content=\"@mgcmutua\" \/>\n<meta name=\"twitter:site\" content=\"@mgcmutua\" \/>\n<meta name=\"twitter:label1\" content=\"Escrit per\" \/>\n\t<meta name=\"twitter:data1\" content=\"Revista Inter\u00e8s Mutu\" \/>\n\t<meta name=\"twitter:label2\" content=\"Temps estimat de lectura\" \/>\n\t<meta name=\"twitter:data2\" content=\"1 minut\" \/>\n<!-- \/ Yoast SEO plugin. -->","yoast_head_json":{"title":"Convocat\u00f2ria Assemblea General Extraordin\u00e0ria - MGC M\u00fatua","description":"Convocat\u00f2ria per als mutualistes de l\u2019entitat a l'Assemblea General Extraordin\u00e0ria que tindr\u00e0 lloc el proper dia 10 de juliol de 2023.","robots":{"index":"index","follow":"follow","max-snippet":"max-snippet:-1","max-image-preview":"max-image-preview:large","max-video-preview":"max-video-preview:-1"},"canonical":"https:\/\/www.mgc.es\/ca\/blog\/convocatoria-assemblea-general-extraordinaria-juliol-2023\/","og_locale":"ca_ES","og_type":"article","og_title":"Convocat\u00f2ria Assemblea General Extraordin\u00e0ria - MGC M\u00fatua","og_description":"Convocat\u00f2ria per als mutualistes de l\u2019entitat a l'Assemblea General Extraordin\u00e0ria que tindr\u00e0 lloc el proper dia 10 de juliol de 2023.","og_url":"https:\/\/www.mgc.es\/ca\/blog\/convocatoria-assemblea-general-extraordinaria-juliol-2023\/","og_site_name":"MGC M\u00fatua","article_publisher":"https:\/\/www.facebook.com\/mgcmutua","article_published_time":"2023-06-09T07:27:51+00:00","article_modified_time":"2023-06-09T07:29:28+00:00","og_image":[{"width":960,"height":443,"url":"https:\/\/www.mgc.es\/wp-content\/uploads\/2022\/05\/assemblea.jpg","type":"image\/jpeg"}],"author":"Revista Inter\u00e8s Mutu","twitter_card":"summary_large_image","twitter_creator":"@mgcmutua","twitter_site":"@mgcmutua","twitter_misc":{"Escrit per":"Revista Inter\u00e8s Mutu","Temps estimat de lectura":"1 minut"},"schema":{"@context":"https:\/\/schema.org","@graph":[{"@type":["Article","BlogPosting"],"@id":"https:\/\/www.mgc.es\/ca\/blog\/convocatoria-assemblea-general-extraordinaria-juliol-2023\/#article","isPartOf":{"@id":"https:\/\/www.mgc.es\/ca\/blog\/convocatoria-assemblea-general-extraordinaria-juliol-2023\/"},"author":{"name":"Revista Inter\u00e8s Mutu","@id":"https:\/\/www.mgc.es\/#\/schema\/person\/010c961d9c9acf38f11187a02b646c16"},"headline":"Convocat\u00f2ria Assemblea General Extraordin\u00e0ria","datePublished":"2023-06-09T07:27:51+00:00","dateModified":"2023-06-09T07:29:28+00:00","mainEntityOfPage":{"@id":"https:\/\/www.mgc.es\/ca\/blog\/convocatoria-assemblea-general-extraordinaria-juliol-2023\/"},"wordCount":103,"publisher":{"@id":"https:\/\/www.mgc.es\/#organization"},"image":{"@id":"https:\/\/www.mgc.es\/ca\/blog\/convocatoria-assemblea-general-extraordinaria-juliol-2023\/#primaryimage"},"thumbnailUrl":"https:\/\/www.mgc.es\/wp-content\/uploads\/2022\/05\/assemblea.jpg","articleSection":["Actualitat M\u00fatua"],"inLanguage":"ca"},{"@type":["WebPage","ItemPage"],"@id":"https:\/\/www.mgc.es\/ca\/blog\/convocatoria-assemblea-general-extraordinaria-juliol-2023\/","url":"https:\/\/www.mgc.es\/ca\/blog\/convocatoria-assemblea-general-extraordinaria-juliol-2023\/","name":"Convocat\u00f2ria Assemblea General Extraordin\u00e0ria - MGC M\u00fatua","isPartOf":{"@id":"https:\/\/www.mgc.es\/#website"},"primaryImageOfPage":{"@id":"https:\/\/www.mgc.es\/ca\/blog\/convocatoria-assemblea-general-extraordinaria-juliol-2023\/#primaryimage"},"image":{"@id":"https:\/\/www.mgc.es\/ca\/blog\/convocatoria-assemblea-general-extraordinaria-juliol-2023\/#primaryimage"},"thumbnailUrl":"https:\/\/www.mgc.es\/wp-content\/uploads\/2022\/05\/assemblea.jpg","datePublished":"2023-06-09T07:27:51+00:00","dateModified":"2023-06-09T07:29:28+00:00","description":"Convocat\u00f2ria per als mutualistes de l\u2019entitat a l'Assemblea General Extraordin\u00e0ria que tindr\u00e0 lloc el proper dia 10 de juliol de 2023.","breadcrumb":{"@id":"https:\/\/www.mgc.es\/ca\/blog\/convocatoria-assemblea-general-extraordinaria-juliol-2023\/#breadcrumb"},"inLanguage":"ca","potentialAction":[{"@type":"ReadAction","target":["https:\/\/www.mgc.es\/ca\/blog\/convocatoria-assemblea-general-extraordinaria-juliol-2023\/"]}]},{"@type":"ImageObject","inLanguage":"ca","@id":"https:\/\/www.mgc.es\/ca\/blog\/convocatoria-assemblea-general-extraordinaria-juliol-2023\/#primaryimage","url":"https:\/\/www.mgc.es\/wp-content\/uploads\/2022\/05\/assemblea.jpg","contentUrl":"https:\/\/www.mgc.es\/wp-content\/uploads\/2022\/05\/assemblea.jpg","width":960,"height":443},{"@type":"BreadcrumbList","@id":"https:\/\/www.mgc.es\/ca\/blog\/convocatoria-assemblea-general-extraordinaria-juliol-2023\/#breadcrumb","itemListElement":[{"@type":"ListItem","position":1,"name":"Home","item":"https:\/\/www.mgc.es\/ca\/"},{"@type":"ListItem","position":2,"name":"Convocat\u00f2ria Assemblea General Extraordin\u00e0ria"}]},{"@type":"WebSite","@id":"https:\/\/www.mgc.es\/#website","url":"https:\/\/www.mgc.es\/","name":"MGC M\u00fatua","description":"MGC M\u00fatua \u00e9s una entitat asseguradora sense \u00e0nim de lucre constitu\u00efda al 1982 i especialitzada en assegurances de salut i assist\u00e8ncia.","publisher":{"@id":"https:\/\/www.mgc.es\/#organization"},"alternateName":"MGC","potentialAction":[{"@type":"SearchAction","target":{"@type":"EntryPoint","urlTemplate":"https:\/\/www.mgc.es\/?s={search_term_string}"},"query-input":{"@type":"PropertyValueSpecification","valueRequired":true,"valueName":"search_term_string"}}],"inLanguage":"ca"},{"@type":"Organization","@id":"https:\/\/www.mgc.es\/#organization","name":"MGC Mutua","alternateName":"MGC","url":"https:\/\/www.mgc.es\/","logo":{"@type":"ImageObject","inLanguage":"ca","@id":"https:\/\/www.mgc.es\/#\/schema\/logo\/image\/","url":"https:\/\/www.mgc.es\/wp-content\/uploads\/2020\/03\/mgcmutua_h2_2t_reduccions.png","contentUrl":"https:\/\/www.mgc.es\/wp-content\/uploads\/2020\/03\/mgcmutua_h2_2t_reduccions.png","width":303,"height":165,"caption":"MGC Mutua"},"image":{"@id":"https:\/\/www.mgc.es\/#\/schema\/logo\/image\/"},"sameAs":["https:\/\/www.facebook.com\/mgcmutua","https:\/\/x.com\/mgcmutua","https:\/\/www.youtube.com\/c\/MGCMutua"]},{"@type":"Person","@id":"https:\/\/www.mgc.es\/#\/schema\/person\/010c961d9c9acf38f11187a02b646c16","name":"Revista Inter\u00e8s Mutu","image":{"@type":"ImageObject","inLanguage":"ca","@id":"https:\/\/secure.gravatar.com\/avatar\/52302d684339b9d7bf5691e2ad00835d62ce3b4a435f21ca9f21fbe39c63cb1b?s=96&d=mm&r=g","url":"https:\/\/secure.gravatar.com\/avatar\/52302d684339b9d7bf5691e2ad00835d62ce3b4a435f21ca9f21fbe39c63cb1b?s=96&d=mm&r=g","contentUrl":"https:\/\/secure.gravatar.com\/avatar\/52302d684339b9d7bf5691e2ad00835d62ce3b4a435f21ca9f21fbe39c63cb1b?s=96&d=mm&r=g","caption":"Revista Inter\u00e8s Mutu"}}]}},"_links":{"self":[{"href":"https:\/\/www.mgc.es\/ca\/wp-json\/wp\/v2\/posts\/29067","targetHints":{"allow":["GET"]}}],"collection":[{"href":"https:\/\/www.mgc.es\/ca\/wp-json\/wp\/v2\/posts"}],"about":[{"href":"https:\/\/www.mgc.es\/ca\/wp-json\/wp\/v2\/types\/post"}],"author":[{"embeddable":true,"href":"https:\/\/www.mgc.es\/ca\/wp-json\/wp\/v2\/users\/3"}],"replies":[{"embeddable":true,"href":"https:\/\/www.mgc.es\/ca\/wp-json\/wp\/v2\/comments?post=29067"}],"version-history":[{"count":1,"href":"https:\/\/www.mgc.es\/ca\/wp-json\/wp\/v2\/posts\/29067\/revisions"}],"predecessor-version":[{"id":29068,"href":"https:\/\/www.mgc.es\/ca\/wp-json\/wp\/v2\/posts\/29067\/revisions\/29068"}],"wp:featuredmedia":[{"embeddable":true,"href":"https:\/\/www.mgc.es\/ca\/wp-json\/wp\/v2\/media\/26368"}],"wp:attachment":[{"href":"https:\/\/www.mgc.es\/ca\/wp-json\/wp\/v2\/media?parent=29067"}],"wp:term":[{"taxonomy":"category","embeddable":true,"href":"https:\/\/www.mgc.es\/ca\/wp-json\/wp\/v2\/categories?post=29067"},{"taxonomy":"post_tag","embeddable":true,"href":"https:\/\/www.mgc.es\/ca\/wp-json\/wp\/v2\/tags?post=29067"}],"curies":[{"name":"wp","href":"https:\/\/api.w.org\/{rel}","templated":true}]}}