{"id":28984,"date":"2023-06-29T16:33:03","date_gmt":"2023-06-29T14:33:03","guid":{"rendered":"https:\/\/www.mgc.es\/?p=28984"},"modified":"2023-05-22T16:35:53","modified_gmt":"2023-05-22T14:35:53","slug":"com-evitem-el-cerumen-a-les-orelles","status":"publish","type":"post","link":"https:\/\/www.mgc.es\/ca\/blog\/com-evitem-el-cerumen-a-les-orelles\/","title":{"rendered":"Com evitem el cerumen a les orelles"},"content":{"rendered":"<div id=\"ez-toc-container\" class=\"ez-toc-v2_0_82_1 counter-hierarchy ez-toc-counter ez-toc-custom ez-toc-container-direction\">\n<div class=\"ez-toc-title-container\"><p class=\"ez-toc-title\" style=\"cursor:inherit\">\u00cdndex de continguts<\/p>\n<\/div><nav><ul class='ez-toc-list ez-toc-list-level-1 ' ><li class='ez-toc-page-1 ez-toc-heading-level-2'><a class=\"ez-toc-link ez-toc-heading-1\" href=\"https:\/\/www.mgc.es\/ca\/blog\/com-evitem-el-cerumen-a-les-orelles\/#Que_es_la_cera_a_les_orelles\" >Qu\u00e8 \u00e9s la cera a les orelles<\/a><\/li><li class='ez-toc-page-1 ez-toc-heading-level-2'><a class=\"ez-toc-link ez-toc-heading-2\" href=\"https:\/\/www.mgc.es\/ca\/blog\/com-evitem-el-cerumen-a-les-orelles\/#Quins_simptomes_sobserven_amb_lacumulacio_de_cera\" >Quins s\u00edmptomes s\u2019observen amb l\u2019acumulaci\u00f3 de cera<\/a><\/li><li class='ez-toc-page-1 ez-toc-heading-level-2'><a class=\"ez-toc-link ez-toc-heading-3\" href=\"https:\/\/www.mgc.es\/ca\/blog\/com-evitem-el-cerumen-a-les-orelles\/#Com_eliminem_el_cerumen\" >Com eliminem el cerumen<\/a><\/li><li class='ez-toc-page-1 ez-toc-heading-level-2'><a class=\"ez-toc-link ez-toc-heading-4\" href=\"https:\/\/www.mgc.es\/ca\/blog\/com-evitem-el-cerumen-a-les-orelles\/#Que_shauria_devitar\" >Qu\u00e8 s\u2019hauria d\u2019evitar<\/a><\/li><li class='ez-toc-page-1 ez-toc-heading-level-2'><a class=\"ez-toc-link ez-toc-heading-5\" href=\"https:\/\/www.mgc.es\/ca\/blog\/com-evitem-el-cerumen-a-les-orelles\/#Quan_hauries_danar_al_metge\" >Quan hauries d\u2019anar al metge<\/a><\/li><\/ul><\/nav><\/div>\n\n<figure class=\"wp-block-image size-full\"><img loading=\"lazy\" decoding=\"async\" width=\"800\" height=\"534\" src=\"https:\/\/www.mgc.es\/wp-content\/uploads\/2023\/05\/examenoidos2.jpg\" alt=\"\" class=\"wp-image-28980\" srcset=\"https:\/\/www.mgc.es\/wp-content\/uploads\/2023\/05\/examenoidos2.jpg 800w, https:\/\/www.mgc.es\/wp-content\/uploads\/2023\/05\/examenoidos2-440x294.jpg 440w, https:\/\/www.mgc.es\/wp-content\/uploads\/2023\/05\/examenoidos2-768x513.jpg 768w\" sizes=\"auto, (max-width: 800px) 100vw, 800px\" \/><\/figure>\n\n\n\n<p>A tothom li ha passat alguna vegada: hi deixa de sentir amb normalitat i t\u00e9 certes mol\u00e8sties a les orelles que, al final, es taponen. En pot ser la causa una acumulaci\u00f3 excessiva de cera a les orelles, fins al punt que s\u2019obstrueixen.<\/p>\n\n\n\n<h2 class=\"wp-block-heading\"><span class=\"ez-toc-section\" id=\"Que_es_la_cera_a_les_orelles\"><\/span><strong>Qu\u00e8 \u00e9s la cera a les orelles<\/strong><strong><\/strong><span class=\"ez-toc-section-end\"><\/span><\/h2>\n\n\n\n<p>El <a href=\"https:\/\/medlineplus.gov\/spanish\/ency\/article\/000979.htm\">cerumen<\/a> \u00e9s com s\u2019anomena la subst\u00e0ncia groguenca semblant a la cera que el cos segrega als canals auditius. T\u00e9 com a funci\u00f3, juntament amb la pilositat natural dels conductes, de protegir les orelles contra infeccions i altres danys. Normalment, el so passa sense problemes pels intersticis que resten lliures.<\/p>\n\n\n\n<p>Tamb\u00e9 serveix per atrapar les part\u00edcules que de mica en mica s\u00f3n arrossegades enfora, tot i que es tracta d\u2019un moviment totalment imperceptible.<\/p>\n\n\n\n<p>Si, per la ra\u00f3 que sigui, es forma un <a href=\"https:\/\/www.elsevier.es\/es-revista-farmacia-profesional-3-articulo-problemas-otologicos-i-otitis-tapones-X021393241657133X\">exc\u00e9s de cerumen<\/a> a les orelles i s\u2019hi acumula, pot acabar obstruint-ne els conductes.<\/p>\n\n\n\n<p>De vegades la causa n\u2019\u00e9s una malformaci\u00f3 dels conductes; com ara quan s\u00f3n massa estrets o hi ha cap angle que impedeix la sortida de la cera a l\u2019exterior.<\/p>\n\n\n\n<h2 class=\"wp-block-heading\"><span class=\"ez-toc-section\" id=\"Quins_simptomes_sobserven_amb_lacumulacio_de_cera\"><\/span><strong>Quins s\u00edmptomes s\u2019observen amb l\u2019acumulaci\u00f3 de cera<\/strong><strong><\/strong><span class=\"ez-toc-section-end\"><\/span><\/h2>\n\n\n\n<p>Potser no se\u2019n manifesta cap s\u00edmptoma, per\u00f2, en general, la p\u00e8rdua d\u2019audici\u00f3 n\u2019\u00e9s el signe m\u00e9s habitual. Altres s\u00edmptomes possibles s\u00f3n:<\/p>\n\n\n\n<ul class=\"wp-block-list\">\n<li>Mal de l\u2019orella taponada<\/li>\n\n\n\n<li>Malestar o sensaci\u00f3 de blocatge<\/li>\n\n\n\n<li>Ac\u00fafens (o tinnitus), que s\u00f3n brunzits que es perceben sense est\u00edmul exterior i que nom\u00e9s existeixen al cervell del pacient<\/li>\n\n\n\n<li>Picors<\/li>\n\n\n\n<li>Secrecions groguenques i cer\u00falies<\/li>\n<\/ul>\n\n\n\n<figure class=\"wp-block-image size-full\"><img loading=\"lazy\" decoding=\"async\" width=\"800\" height=\"530\" src=\"https:\/\/www.mgc.es\/wp-content\/uploads\/2023\/05\/irrigacion-oido.jpg\" alt=\"\" class=\"wp-image-28982\" srcset=\"https:\/\/www.mgc.es\/wp-content\/uploads\/2023\/05\/irrigacion-oido.jpg 800w, https:\/\/www.mgc.es\/wp-content\/uploads\/2023\/05\/irrigacion-oido-440x292.jpg 440w, https:\/\/www.mgc.es\/wp-content\/uploads\/2023\/05\/irrigacion-oido-768x509.jpg 768w\" sizes=\"auto, (max-width: 800px) 100vw, 800px\" \/><\/figure>\n\n\n\n<h2 class=\"wp-block-heading\"><span class=\"ez-toc-section\" id=\"Com_eliminem_el_cerumen\"><\/span><strong>Com eliminem el cerumen<\/strong><strong><\/strong><span class=\"ez-toc-section-end\"><\/span><\/h2>\n\n\n\n<p><strong>Gotes<\/strong><strong><\/strong><\/p>\n\n\n\n<p>A la farm\u00e0cia venen gotes que, si s\u2019apliquen tal com indica el prospecte, estoven i afebleixen la cera, cosa que en facilita l\u2019eliminaci\u00f3. En trobem diferents compostos: de bicarbonat s\u00f2dic, de clorur s\u00f2dic, d\u2019urea o de per\u00f2xid d\u2019hidrogen.<\/p>\n\n\n\n<p>La situaci\u00f3 ideal \u00e9s deixar-se aconsellar pel farmac\u00e8utic, que et dir\u00e0 que \u00e9s m\u00e9s convenient en el teu cas.<\/p>\n\n\n\n<p><strong>Oli d\u2019oliva<\/strong><strong><\/strong><\/p>\n\n\n\n<p>Sembla un <a href=\"https:\/\/www.aceitesdeolivadeespana.com\/diario-del-aceite\/aceite-de-oliva-limpieza-de-oidos\/\">remei<\/a> dels avis, oi?, per\u00f2 el cas \u00e9s que, ben sovint, es el primer tractament que s\u2019aplica. L\u2019oli amara la cera i l\u2019estova quan s\u2019ha endurit, cosa que en facilita l\u2019expulsi\u00f3.<\/p>\n\n\n\n<p><strong>Irrigacions<\/strong><strong><\/strong><\/p>\n\n\n\n<p>Si persisteix l\u2019exc\u00e9s de cerumen a les orelles, es pot optar per les irrigacions. Consisteix a injectar-hi un raig d\u2019aigua t\u00e8bia a baixa pressi\u00f3, que suavitza i expulsa la cera. Normalment, abans de la irrigaci\u00f3, s\u2019hi apliquen unes quantes gotes per estovar m\u00e9s la cera.<\/p>\n\n\n\n<p>Cal que faci aquesta operaci\u00f3 un professional m\u00e8dic.<\/p>\n\n\n\n<p><strong>Microsucci\u00f3<\/strong><strong><\/strong><\/p>\n\n\n\n<p>Aquest tractament \u00e9s reservat a l\u2019otorrino, i consisteix a introduir un tub per aspirar suaument l\u2019exc\u00e9s de cera a les orelles. \u00c9s m\u00e9s simple i menys perill\u00f3s que la irrigaci\u00f3, i potser fa que t\u2019estalvi\u00efs les gotes pr\u00e8vies per estovar la cera.<\/p>\n\n\n\n<h2 class=\"wp-block-heading\"><span class=\"ez-toc-section\" id=\"Que_shauria_devitar\"><\/span><strong>Qu\u00e8 s\u2019hauria d\u2019evitar<\/strong><strong><\/strong><span class=\"ez-toc-section-end\"><\/span><\/h2>\n\n\n\n<p><strong>Fer servir aigua a pressi\u00f3<\/strong><strong><\/strong><\/p>\n\n\n\n<p>Te\u00f2ricament un raig d\u2019aigua a pressi\u00f3 expulsa la cera de les orelles, arrossegant-la enfora, per\u00f2 no \u00e9s gens recomanable, perqu\u00e8 pot produir lesions greus, com ara la perforaci\u00f3 del timp\u00e0. La irrigaci\u00f3 \u00e9s molt m\u00e9s segura.<\/p>\n\n\n\n<p><strong>Els bastonets de cot\u00f3<\/strong><strong><\/strong><\/p>\n\n\n\n<p>No s\u2019ha de provar mai d\u2019eliminar el cerumen fent servir aquests bastonets tan populars, perqu\u00e8 l\u2019empenyen irremeiablement endins i, a m\u00e9s a m\u00e9s, poden causar abrasi\u00f3 al delicat conducte intern de l\u2019orella.<\/p>\n\n\n\n<p>No cal dir que introduir-se qualsevol altre objecte a l\u2019orella tamb\u00e9 \u00e9s del tot desaconsellable. De fet, els otorrinos s\u00f3n contraris a fer servir bastonets per a les orelles.<\/p>\n\n\n\n<p><strong>Espelmes<\/strong><strong><\/strong><\/p>\n\n\n\n<p>Aix\u00ed mateix, no \u00e9s gens recomanable de fer servir espelmes per a les orelles, at\u00e8s que no hi ha cap evid\u00e8ncia que demostri l\u2019efectivitat d\u2019aquest m\u00e8tode, i aix\u00f2 sense parlar del risc de patir cremades potencialment greus.<\/p>\n\n\n\n<p><strong>Qu\u00e8 pots fer per prevenir l\u2019exc\u00e9s de cerumen<\/strong><strong><\/strong><\/p>\n\n\n\n<p>Si tens problemes recurrents d\u2019acumulaci\u00f3 de cerumen, prova d\u2019introduir-te regularment una gota d\u2019oli d\u2019oliva tebi, amb la periodicitat necess\u00e0ria: di\u00e0ria, setmanal o encara m\u00e9s sovint. \u00c9s un remei natural i sol funcionar.<\/p>\n\n\n\n<p>Si l\u2019oli no funciona, val m\u00e9s que en parlis amb el farmac\u00e8utic.<\/p>\n\n\n\n<h2 class=\"wp-block-heading\"><span class=\"ez-toc-section\" id=\"Quan_hauries_danar_al_metge\"><\/span><strong>Quan hauries d\u2019anar al metge<\/strong><strong><\/strong><span class=\"ez-toc-section-end\"><\/span><\/h2>\n\n\n\n<p>Si persisteix cap dels s\u00edmptomes que enumerem, parla\u2019n amb el metge de fam\u00edlia o amb un otorrinolaring\u00f2leg:<\/p>\n\n\n\n<ul class=\"wp-block-list\">\n<li>Mal d\u2019orella o mal de cap.<\/li>\n\n\n\n<li>Mareigs.<\/li>\n\n\n\n<li>Febre, a part de les mol\u00e8sties a l\u2019orella.<\/li>\n\n\n\n<li>Si tens cap secreci\u00f3 an\u00f2mala a l\u2019orella, o t\u2019adones que hi ha una inflor al voltant.<\/li>\n\n\n\n<li>Si notes que hi sents menys.<\/li>\n<\/ul>\n","protected":false},"excerpt":{"rendered":"<p>A tothom li ha passat alguna vegada: hi deixa de sentir amb normalitat i t\u00e9 certes mol\u00e8sties a les orelles que, al final, es taponen. En pot ser la causa una acumulaci\u00f3 excessiva de cera a les orelles, fins al punt que s\u2019obstrueixen.<\/p>\n","protected":false},"author":3,"featured_media":28980,"comment_status":"closed","ping_status":"closed","sticky":false,"template":"","format":"standard","meta":{"footnotes":""},"categories":[999,15],"tags":[437,481],"class_list":["post-28984","post","type-post","status-publish","format-standard","has-post-thumbnail","hentry","category-otorrinolaringologia","category-salut","tag-habits-saludables","tag-prevencio"],"featured_image_src":"https:\/\/www.mgc.es\/wp-content\/uploads\/2023\/05\/examenoidos2.jpg","author_info":{"display_name":"Revista Inter\u00e8s Mutu","author_link":"https:\/\/www.mgc.es\/ca\/blog\/author\/interesmutu\/"},"yoast_head":"<!-- This site is optimized with the Yoast SEO plugin v27.2 - https:\/\/yoast.com\/product\/yoast-seo-wordpress\/ -->\n<title>Com evitem el cerumen a les orelles - MGC M\u00fatua<\/title>\n<meta name=\"robots\" content=\"index, follow, max-snippet:-1, max-image-preview:large, max-video-preview:-1\" \/>\n<link rel=\"canonical\" href=\"https:\/\/www.mgc.es\/ca\/blog\/com-evitem-el-cerumen-a-les-orelles\/\" \/>\n<meta property=\"og:locale\" content=\"ca_ES\" \/>\n<meta property=\"og:type\" content=\"article\" \/>\n<meta property=\"og:title\" content=\"Com evitem el cerumen a les orelles - MGC M\u00fatua\" \/>\n<meta property=\"og:description\" content=\"A tothom li ha passat alguna vegada: hi deixa de sentir amb normalitat i t\u00e9 certes mol\u00e8sties a les orelles que, al final, es taponen. En pot ser la causa una acumulaci\u00f3 excessiva de cera a les orelles, fins al punt que s\u2019obstrueixen.\" \/>\n<meta property=\"og:url\" content=\"https:\/\/www.mgc.es\/ca\/blog\/com-evitem-el-cerumen-a-les-orelles\/\" \/>\n<meta property=\"og:site_name\" content=\"MGC M\u00fatua\" \/>\n<meta property=\"article:publisher\" content=\"https:\/\/www.facebook.com\/mgcmutua\" \/>\n<meta property=\"article:published_time\" content=\"2023-06-29T14:33:03+00:00\" \/>\n<meta property=\"og:image\" content=\"https:\/\/www.mgc.es\/wp-content\/uploads\/2023\/05\/examenoidos2.jpg\" \/>\n\t<meta property=\"og:image:width\" content=\"800\" \/>\n\t<meta property=\"og:image:height\" content=\"534\" \/>\n\t<meta property=\"og:image:type\" content=\"image\/jpeg\" \/>\n<meta name=\"author\" content=\"Revista Inter\u00e8s Mutu\" \/>\n<meta name=\"twitter:card\" content=\"summary_large_image\" \/>\n<meta name=\"twitter:creator\" content=\"@mgcmutua\" \/>\n<meta name=\"twitter:site\" content=\"@mgcmutua\" \/>\n<meta name=\"twitter:label1\" content=\"Escrit per\" \/>\n\t<meta name=\"twitter:data1\" content=\"Revista Inter\u00e8s Mutu\" \/>\n\t<meta name=\"twitter:label2\" content=\"Temps estimat de lectura\" \/>\n\t<meta name=\"twitter:data2\" content=\"4 minuts\" \/>\n<!-- \/ Yoast SEO plugin. -->","yoast_head_json":{"title":"Com evitem el cerumen a les orelles - MGC M\u00fatua","robots":{"index":"index","follow":"follow","max-snippet":"max-snippet:-1","max-image-preview":"max-image-preview:large","max-video-preview":"max-video-preview:-1"},"canonical":"https:\/\/www.mgc.es\/ca\/blog\/com-evitem-el-cerumen-a-les-orelles\/","og_locale":"ca_ES","og_type":"article","og_title":"Com evitem el cerumen a les orelles - MGC M\u00fatua","og_description":"A tothom li ha passat alguna vegada: hi deixa de sentir amb normalitat i t\u00e9 certes mol\u00e8sties a les orelles que, al final, es taponen. En pot ser la causa una acumulaci\u00f3 excessiva de cera a les orelles, fins al punt que s\u2019obstrueixen.","og_url":"https:\/\/www.mgc.es\/ca\/blog\/com-evitem-el-cerumen-a-les-orelles\/","og_site_name":"MGC M\u00fatua","article_publisher":"https:\/\/www.facebook.com\/mgcmutua","article_published_time":"2023-06-29T14:33:03+00:00","og_image":[{"width":800,"height":534,"url":"https:\/\/www.mgc.es\/wp-content\/uploads\/2023\/05\/examenoidos2.jpg","type":"image\/jpeg"}],"author":"Revista Inter\u00e8s Mutu","twitter_card":"summary_large_image","twitter_creator":"@mgcmutua","twitter_site":"@mgcmutua","twitter_misc":{"Escrit per":"Revista Inter\u00e8s Mutu","Temps estimat de lectura":"4 minuts"},"schema":{"@context":"https:\/\/schema.org","@graph":[{"@type":["Article","BlogPosting"],"@id":"https:\/\/www.mgc.es\/ca\/blog\/com-evitem-el-cerumen-a-les-orelles\/#article","isPartOf":{"@id":"https:\/\/www.mgc.es\/ca\/blog\/com-evitem-el-cerumen-a-les-orelles\/"},"author":{"name":"Revista Inter\u00e8s Mutu","@id":"https:\/\/www.mgc.es\/#\/schema\/person\/010c961d9c9acf38f11187a02b646c16"},"headline":"Com evitem el cerumen a les orelles","datePublished":"2023-06-29T14:33:03+00:00","mainEntityOfPage":{"@id":"https:\/\/www.mgc.es\/ca\/blog\/com-evitem-el-cerumen-a-les-orelles\/"},"wordCount":797,"publisher":{"@id":"https:\/\/www.mgc.es\/#organization"},"image":{"@id":"https:\/\/www.mgc.es\/ca\/blog\/com-evitem-el-cerumen-a-les-orelles\/#primaryimage"},"thumbnailUrl":"https:\/\/www.mgc.es\/wp-content\/uploads\/2023\/05\/examenoidos2.jpg","keywords":["h\u00e0bits saludables","prevenci\u00f3"],"articleSection":["Otorrinolaringologia","Salut i medicina"],"inLanguage":"ca"},{"@type":["WebPage","ItemPage"],"@id":"https:\/\/www.mgc.es\/ca\/blog\/com-evitem-el-cerumen-a-les-orelles\/","url":"https:\/\/www.mgc.es\/ca\/blog\/com-evitem-el-cerumen-a-les-orelles\/","name":"Com evitem el cerumen a les orelles - MGC M\u00fatua","isPartOf":{"@id":"https:\/\/www.mgc.es\/#website"},"primaryImageOfPage":{"@id":"https:\/\/www.mgc.es\/ca\/blog\/com-evitem-el-cerumen-a-les-orelles\/#primaryimage"},"image":{"@id":"https:\/\/www.mgc.es\/ca\/blog\/com-evitem-el-cerumen-a-les-orelles\/#primaryimage"},"thumbnailUrl":"https:\/\/www.mgc.es\/wp-content\/uploads\/2023\/05\/examenoidos2.jpg","datePublished":"2023-06-29T14:33:03+00:00","breadcrumb":{"@id":"https:\/\/www.mgc.es\/ca\/blog\/com-evitem-el-cerumen-a-les-orelles\/#breadcrumb"},"inLanguage":"ca","potentialAction":[{"@type":"ReadAction","target":["https:\/\/www.mgc.es\/ca\/blog\/com-evitem-el-cerumen-a-les-orelles\/"]}]},{"@type":"ImageObject","inLanguage":"ca","@id":"https:\/\/www.mgc.es\/ca\/blog\/com-evitem-el-cerumen-a-les-orelles\/#primaryimage","url":"https:\/\/www.mgc.es\/wp-content\/uploads\/2023\/05\/examenoidos2.jpg","contentUrl":"https:\/\/www.mgc.es\/wp-content\/uploads\/2023\/05\/examenoidos2.jpg","width":800,"height":534,"caption":"Otoscope"},{"@type":"BreadcrumbList","@id":"https:\/\/www.mgc.es\/ca\/blog\/com-evitem-el-cerumen-a-les-orelles\/#breadcrumb","itemListElement":[{"@type":"ListItem","position":1,"name":"Home","item":"https:\/\/www.mgc.es\/ca\/"},{"@type":"ListItem","position":2,"name":"Com evitem el cerumen a les orelles"}]},{"@type":"WebSite","@id":"https:\/\/www.mgc.es\/#website","url":"https:\/\/www.mgc.es\/","name":"MGC M\u00fatua","description":"MGC M\u00fatua \u00e9s una entitat asseguradora sense \u00e0nim de lucre constitu\u00efda al 1982 i especialitzada en assegurances de salut i assist\u00e8ncia.","publisher":{"@id":"https:\/\/www.mgc.es\/#organization"},"alternateName":"MGC","potentialAction":[{"@type":"SearchAction","target":{"@type":"EntryPoint","urlTemplate":"https:\/\/www.mgc.es\/?s={search_term_string}"},"query-input":{"@type":"PropertyValueSpecification","valueRequired":true,"valueName":"search_term_string"}}],"inLanguage":"ca"},{"@type":"Organization","@id":"https:\/\/www.mgc.es\/#organization","name":"MGC Mutua","alternateName":"MGC","url":"https:\/\/www.mgc.es\/","logo":{"@type":"ImageObject","inLanguage":"ca","@id":"https:\/\/www.mgc.es\/#\/schema\/logo\/image\/","url":"https:\/\/www.mgc.es\/wp-content\/uploads\/2020\/03\/mgcmutua_h2_2t_reduccions.png","contentUrl":"https:\/\/www.mgc.es\/wp-content\/uploads\/2020\/03\/mgcmutua_h2_2t_reduccions.png","width":303,"height":165,"caption":"MGC Mutua"},"image":{"@id":"https:\/\/www.mgc.es\/#\/schema\/logo\/image\/"},"sameAs":["https:\/\/www.facebook.com\/mgcmutua","https:\/\/x.com\/mgcmutua","https:\/\/www.youtube.com\/c\/MGCMutua"]},{"@type":"Person","@id":"https:\/\/www.mgc.es\/#\/schema\/person\/010c961d9c9acf38f11187a02b646c16","name":"Revista Inter\u00e8s Mutu","image":{"@type":"ImageObject","inLanguage":"ca","@id":"https:\/\/secure.gravatar.com\/avatar\/52302d684339b9d7bf5691e2ad00835d62ce3b4a435f21ca9f21fbe39c63cb1b?s=96&d=mm&r=g","url":"https:\/\/secure.gravatar.com\/avatar\/52302d684339b9d7bf5691e2ad00835d62ce3b4a435f21ca9f21fbe39c63cb1b?s=96&d=mm&r=g","contentUrl":"https:\/\/secure.gravatar.com\/avatar\/52302d684339b9d7bf5691e2ad00835d62ce3b4a435f21ca9f21fbe39c63cb1b?s=96&d=mm&r=g","caption":"Revista Inter\u00e8s Mutu"}}]}},"_links":{"self":[{"href":"https:\/\/www.mgc.es\/ca\/wp-json\/wp\/v2\/posts\/28984","targetHints":{"allow":["GET"]}}],"collection":[{"href":"https:\/\/www.mgc.es\/ca\/wp-json\/wp\/v2\/posts"}],"about":[{"href":"https:\/\/www.mgc.es\/ca\/wp-json\/wp\/v2\/types\/post"}],"author":[{"embeddable":true,"href":"https:\/\/www.mgc.es\/ca\/wp-json\/wp\/v2\/users\/3"}],"replies":[{"embeddable":true,"href":"https:\/\/www.mgc.es\/ca\/wp-json\/wp\/v2\/comments?post=28984"}],"version-history":[{"count":1,"href":"https:\/\/www.mgc.es\/ca\/wp-json\/wp\/v2\/posts\/28984\/revisions"}],"predecessor-version":[{"id":28985,"href":"https:\/\/www.mgc.es\/ca\/wp-json\/wp\/v2\/posts\/28984\/revisions\/28985"}],"wp:featuredmedia":[{"embeddable":true,"href":"https:\/\/www.mgc.es\/ca\/wp-json\/wp\/v2\/media\/28980"}],"wp:attachment":[{"href":"https:\/\/www.mgc.es\/ca\/wp-json\/wp\/v2\/media?parent=28984"}],"wp:term":[{"taxonomy":"category","embeddable":true,"href":"https:\/\/www.mgc.es\/ca\/wp-json\/wp\/v2\/categories?post=28984"},{"taxonomy":"post_tag","embeddable":true,"href":"https:\/\/www.mgc.es\/ca\/wp-json\/wp\/v2\/tags?post=28984"}],"curies":[{"name":"wp","href":"https:\/\/api.w.org\/{rel}","templated":true}]}}