{"id":28565,"date":"2023-04-11T11:23:20","date_gmt":"2023-04-11T09:23:20","guid":{"rendered":"https:\/\/www.mgc.es\/?p=28565"},"modified":"2023-04-20T09:13:40","modified_gmt":"2023-04-20T07:13:40","slug":"mgc-mutua-participa-a-lespai-empresa-de-tv3","status":"publish","type":"post","link":"https:\/\/www.mgc.es\/ca\/blog\/mgc-mutua-participa-a-lespai-empresa-de-tv3\/","title":{"rendered":"MGC M\u00fatua participa a l\u2019Espai Empresa de TV3"},"content":{"rendered":"\n<p>Recenment hem gravat un<a href=\"https:\/\/vimeo.com\/814885919\/\"> v\u00eddeo sobre la M\u00fatua <\/a>per a l\u2019Espai Empresa, de TV3, en el qual Guillermo Padrisa, director de Relacions Corporatives d\u2019MGC M\u00fatua,  explica qui som, qu\u00e8 fem i qu\u00e8 ens diferencia d&#8217;altres companyies d&#8217;assegurances de salut.<\/p>\n\n\n\n<div class=\"video\"><iframe loading=\"lazy\" src=\"https:\/\/player.vimeo.com\/video\/814885919?h=438cdba28b\" allow=\"autoplay; fullscreen; picture-in-picture\" allowfullscreen=\"\" width=\"640\" height=\"360\" frameborder=\"0\"><\/iframe><\/div>\n\n\n\n<h2 class=\"wp-block-heading\">En benefici dels mutualistes<\/h2>\n\n\n\n<p>MGC M\u00fatua es va fundar el 1982 a Barcelona, compta amb una plantilla de m\u00e9s de 300 persones, i t\u00e9 22 oficines arreu de Catalunya. Tamb\u00e9 tenim pres\u00e8ncia a palma de Mallorca, a Val\u00e8ncia i a Madrid.<\/p>\n\n\n\n<p>La M\u00fatua, a difer\u00e8ncia d&#8217;altres companyies d&#8217;assegurances de salut, \u00e9s una entitat sense \u00e0nim de lucre que inverteix els seus beneficis en l&#8217;ampliaci\u00f3 de cobertures i serveis per als mutualistes.<\/p>\n\n\n\n<p>Volem que els mutualistes tinguin llibertat per triar el metge i el centre que vulguin i puguin realitzar proves diagn\u00f2stiques sense cues ni esperes, amb tr\u00e0mits administratius senzills.<\/p>\n\n\n\n<p>Portem m\u00e9s de 40 anys oferint les millors cobertures m\u00e8diques, <a href=\"https:\/\/www.mgc.es\/ca\/blog\/mgc-mutua-entre-les-mes-ben-valorades-per-tots-els-collegis-de-metges-de-catalunya\/\">segons els professionals de la salut<\/a>, i a m\u00e9s, estem considerats per l\u2019<a href=\"https:\/\/www.mgc.es\/ca\/blog\/mgc-mutua-torna-a-ser-considerada-la-millor-asseguradora-despanya\/\">OCU<\/a>, i durant diversos anys, com la millor companyia d\u2019assegurances de salut d\u2019Espanya.<\/p>\n\n\n\n<p>A la M\u00fatua creiem que \u00e9s important invertir en la salut. Una alimentaci\u00f3 sana, exercici f\u00edsic, benestar emocional&#8230; i disposar una bona asseguran\u00e7a de salut.<\/p>\n","protected":false},"excerpt":{"rendered":"<p>Recenment hem gravat un v\u00eddeo sobre la M\u00fatua per a l\u2019Espai Empresa, de TV3, en el qual Guillermo Padrisa, director de Relacions Corporatives d\u2019MGC M\u00fatua,  explica qui som, qu\u00e8 fem i qu\u00e8 ens diferencia d&#8217;altres companyies d&#8217;assegurances de salut.<\/p>\n","protected":false},"author":3,"featured_media":28566,"comment_status":"closed","ping_status":"closed","sticky":false,"template":"","format":"standard","meta":{"footnotes":""},"categories":[11],"tags":[509,576],"class_list":["post-28565","post","type-post","status-publish","format-standard","has-post-thumbnail","hentry","category-actualitat","tag-asseguranca-salut","tag-mgc-mutua-ca"],"featured_image_src":"https:\/\/www.mgc.es\/wp-content\/uploads\/2023\/04\/GP.jpg","author_info":{"display_name":"Revista Inter\u00e8s Mutu","author_link":"https:\/\/www.mgc.es\/ca\/blog\/author\/interesmutu\/"},"yoast_head":"<!-- This site is optimized with the Yoast SEO plugin v27.2 - https:\/\/yoast.com\/product\/yoast-seo-wordpress\/ -->\n<title>MGC M\u00fatua participa a l\u2019Espai Empresa de TV3 - MGC M\u00fatua<\/title>\n<meta name=\"description\" content=\"Recenment hem gravat un v\u00eddeo sobre la M\u00fatua per a l\u2019Espai Empresa, de TV3, en el qual Guillermo Padrisa, director de Relacions Corporatives d\u2019MGC M\u00fatua, explica qui som, qu\u00e8 fem i qu\u00e8 ens diferencia d&#039;altres companyies d&#039;assegurances de salut.\" \/>\n<meta name=\"robots\" content=\"index, follow, max-snippet:-1, max-image-preview:large, max-video-preview:-1\" \/>\n<link rel=\"canonical\" href=\"https:\/\/www.mgc.es\/ca\/blog\/mgc-mutua-participa-a-lespai-empresa-de-tv3\/\" \/>\n<meta property=\"og:locale\" content=\"ca_ES\" \/>\n<meta property=\"og:type\" content=\"article\" \/>\n<meta property=\"og:title\" content=\"MGC M\u00fatua participa a l\u2019Espai Empresa de TV3 - MGC M\u00fatua\" \/>\n<meta property=\"og:description\" content=\"Recenment hem gravat un v\u00eddeo sobre la M\u00fatua per a l\u2019Espai Empresa, de TV3, en el qual Guillermo Padrisa, director de Relacions Corporatives d\u2019MGC M\u00fatua, explica qui som, qu\u00e8 fem i qu\u00e8 ens diferencia d&#039;altres companyies d&#039;assegurances de salut.\" \/>\n<meta property=\"og:url\" content=\"https:\/\/www.mgc.es\/ca\/blog\/mgc-mutua-participa-a-lespai-empresa-de-tv3\/\" \/>\n<meta property=\"og:site_name\" content=\"MGC M\u00fatua\" \/>\n<meta property=\"article:publisher\" content=\"https:\/\/www.facebook.com\/mgcmutua\" \/>\n<meta property=\"article:published_time\" content=\"2023-04-11T09:23:20+00:00\" \/>\n<meta property=\"article:modified_time\" content=\"2023-04-20T07:13:40+00:00\" \/>\n<meta property=\"og:image\" content=\"https:\/\/www.mgc.es\/wp-content\/uploads\/2023\/04\/GP.jpg\" \/>\n\t<meta property=\"og:image:width\" content=\"1920\" \/>\n\t<meta property=\"og:image:height\" content=\"1080\" \/>\n\t<meta property=\"og:image:type\" content=\"image\/jpeg\" \/>\n<meta name=\"author\" content=\"Revista Inter\u00e8s Mutu\" \/>\n<meta name=\"twitter:card\" content=\"summary_large_image\" \/>\n<meta name=\"twitter:creator\" content=\"@mgcmutua\" \/>\n<meta name=\"twitter:site\" content=\"@mgcmutua\" \/>\n<meta name=\"twitter:label1\" content=\"Escrit per\" \/>\n\t<meta name=\"twitter:data1\" content=\"Revista Inter\u00e8s Mutu\" \/>\n\t<meta name=\"twitter:label2\" content=\"Temps estimat de lectura\" \/>\n\t<meta name=\"twitter:data2\" content=\"1 minut\" \/>\n<!-- \/ Yoast SEO plugin. -->","yoast_head_json":{"title":"MGC M\u00fatua participa a l\u2019Espai Empresa de TV3 - MGC M\u00fatua","description":"Recenment hem gravat un v\u00eddeo sobre la M\u00fatua per a l\u2019Espai Empresa, de TV3, en el qual Guillermo Padrisa, director de Relacions Corporatives d\u2019MGC M\u00fatua, explica qui som, qu\u00e8 fem i qu\u00e8 ens diferencia d'altres companyies d'assegurances de salut.","robots":{"index":"index","follow":"follow","max-snippet":"max-snippet:-1","max-image-preview":"max-image-preview:large","max-video-preview":"max-video-preview:-1"},"canonical":"https:\/\/www.mgc.es\/ca\/blog\/mgc-mutua-participa-a-lespai-empresa-de-tv3\/","og_locale":"ca_ES","og_type":"article","og_title":"MGC M\u00fatua participa a l\u2019Espai Empresa de TV3 - MGC M\u00fatua","og_description":"Recenment hem gravat un v\u00eddeo sobre la M\u00fatua per a l\u2019Espai Empresa, de TV3, en el qual Guillermo Padrisa, director de Relacions Corporatives d\u2019MGC M\u00fatua, explica qui som, qu\u00e8 fem i qu\u00e8 ens diferencia d'altres companyies d'assegurances de salut.","og_url":"https:\/\/www.mgc.es\/ca\/blog\/mgc-mutua-participa-a-lespai-empresa-de-tv3\/","og_site_name":"MGC M\u00fatua","article_publisher":"https:\/\/www.facebook.com\/mgcmutua","article_published_time":"2023-04-11T09:23:20+00:00","article_modified_time":"2023-04-20T07:13:40+00:00","og_image":[{"width":1920,"height":1080,"url":"https:\/\/www.mgc.es\/wp-content\/uploads\/2023\/04\/GP.jpg","type":"image\/jpeg"}],"author":"Revista Inter\u00e8s Mutu","twitter_card":"summary_large_image","twitter_creator":"@mgcmutua","twitter_site":"@mgcmutua","twitter_misc":{"Escrit per":"Revista Inter\u00e8s Mutu","Temps estimat de lectura":"1 minut"},"schema":{"@context":"https:\/\/schema.org","@graph":[{"@type":["Article","BlogPosting"],"@id":"https:\/\/www.mgc.es\/ca\/blog\/mgc-mutua-participa-a-lespai-empresa-de-tv3\/#article","isPartOf":{"@id":"https:\/\/www.mgc.es\/ca\/blog\/mgc-mutua-participa-a-lespai-empresa-de-tv3\/"},"author":{"name":"Revista Inter\u00e8s Mutu","@id":"https:\/\/www.mgc.es\/#\/schema\/person\/010c961d9c9acf38f11187a02b646c16"},"headline":"MGC M\u00fatua participa a l\u2019Espai Empresa de TV3","datePublished":"2023-04-11T09:23:20+00:00","dateModified":"2023-04-20T07:13:40+00:00","mainEntityOfPage":{"@id":"https:\/\/www.mgc.es\/ca\/blog\/mgc-mutua-participa-a-lespai-empresa-de-tv3\/"},"wordCount":226,"publisher":{"@id":"https:\/\/www.mgc.es\/#organization"},"image":{"@id":"https:\/\/www.mgc.es\/ca\/blog\/mgc-mutua-participa-a-lespai-empresa-de-tv3\/#primaryimage"},"thumbnailUrl":"https:\/\/www.mgc.es\/wp-content\/uploads\/2023\/04\/GP.jpg","keywords":["asseguran\u00e7a salut","mgc mutua"],"articleSection":["Actualitat M\u00fatua"],"inLanguage":"ca"},{"@type":["WebPage","ItemPage"],"@id":"https:\/\/www.mgc.es\/ca\/blog\/mgc-mutua-participa-a-lespai-empresa-de-tv3\/","url":"https:\/\/www.mgc.es\/ca\/blog\/mgc-mutua-participa-a-lespai-empresa-de-tv3\/","name":"MGC M\u00fatua participa a l\u2019Espai Empresa de TV3 - MGC M\u00fatua","isPartOf":{"@id":"https:\/\/www.mgc.es\/#website"},"primaryImageOfPage":{"@id":"https:\/\/www.mgc.es\/ca\/blog\/mgc-mutua-participa-a-lespai-empresa-de-tv3\/#primaryimage"},"image":{"@id":"https:\/\/www.mgc.es\/ca\/blog\/mgc-mutua-participa-a-lespai-empresa-de-tv3\/#primaryimage"},"thumbnailUrl":"https:\/\/www.mgc.es\/wp-content\/uploads\/2023\/04\/GP.jpg","datePublished":"2023-04-11T09:23:20+00:00","dateModified":"2023-04-20T07:13:40+00:00","description":"Recenment hem gravat un v\u00eddeo sobre la M\u00fatua per a l\u2019Espai Empresa, de TV3, en el qual Guillermo Padrisa, director de Relacions Corporatives d\u2019MGC M\u00fatua, explica qui som, qu\u00e8 fem i qu\u00e8 ens diferencia d'altres companyies d'assegurances de salut.","breadcrumb":{"@id":"https:\/\/www.mgc.es\/ca\/blog\/mgc-mutua-participa-a-lespai-empresa-de-tv3\/#breadcrumb"},"inLanguage":"ca","potentialAction":[{"@type":"ReadAction","target":["https:\/\/www.mgc.es\/ca\/blog\/mgc-mutua-participa-a-lespai-empresa-de-tv3\/"]}]},{"@type":"ImageObject","inLanguage":"ca","@id":"https:\/\/www.mgc.es\/ca\/blog\/mgc-mutua-participa-a-lespai-empresa-de-tv3\/#primaryimage","url":"https:\/\/www.mgc.es\/wp-content\/uploads\/2023\/04\/GP.jpg","contentUrl":"https:\/\/www.mgc.es\/wp-content\/uploads\/2023\/04\/GP.jpg","width":1024,"height":576},{"@type":"BreadcrumbList","@id":"https:\/\/www.mgc.es\/ca\/blog\/mgc-mutua-participa-a-lespai-empresa-de-tv3\/#breadcrumb","itemListElement":[{"@type":"ListItem","position":1,"name":"Home","item":"https:\/\/www.mgc.es\/ca\/"},{"@type":"ListItem","position":2,"name":"MGC M\u00fatua participa a l\u2019Espai Empresa de TV3"}]},{"@type":"WebSite","@id":"https:\/\/www.mgc.es\/#website","url":"https:\/\/www.mgc.es\/","name":"MGC M\u00fatua","description":"MGC M\u00fatua \u00e9s una entitat asseguradora sense \u00e0nim de lucre constitu\u00efda al 1982 i especialitzada en assegurances de salut i assist\u00e8ncia.","publisher":{"@id":"https:\/\/www.mgc.es\/#organization"},"alternateName":"MGC","potentialAction":[{"@type":"SearchAction","target":{"@type":"EntryPoint","urlTemplate":"https:\/\/www.mgc.es\/?s={search_term_string}"},"query-input":{"@type":"PropertyValueSpecification","valueRequired":true,"valueName":"search_term_string"}}],"inLanguage":"ca"},{"@type":"Organization","@id":"https:\/\/www.mgc.es\/#organization","name":"MGC Mutua","alternateName":"MGC","url":"https:\/\/www.mgc.es\/","logo":{"@type":"ImageObject","inLanguage":"ca","@id":"https:\/\/www.mgc.es\/#\/schema\/logo\/image\/","url":"https:\/\/www.mgc.es\/wp-content\/uploads\/2020\/03\/mgcmutua_h2_2t_reduccions.png","contentUrl":"https:\/\/www.mgc.es\/wp-content\/uploads\/2020\/03\/mgcmutua_h2_2t_reduccions.png","width":303,"height":165,"caption":"MGC Mutua"},"image":{"@id":"https:\/\/www.mgc.es\/#\/schema\/logo\/image\/"},"sameAs":["https:\/\/www.facebook.com\/mgcmutua","https:\/\/x.com\/mgcmutua","https:\/\/www.youtube.com\/c\/MGCMutua"]},{"@type":"Person","@id":"https:\/\/www.mgc.es\/#\/schema\/person\/010c961d9c9acf38f11187a02b646c16","name":"Revista Inter\u00e8s Mutu","image":{"@type":"ImageObject","inLanguage":"ca","@id":"https:\/\/secure.gravatar.com\/avatar\/52302d684339b9d7bf5691e2ad00835d62ce3b4a435f21ca9f21fbe39c63cb1b?s=96&d=mm&r=g","url":"https:\/\/secure.gravatar.com\/avatar\/52302d684339b9d7bf5691e2ad00835d62ce3b4a435f21ca9f21fbe39c63cb1b?s=96&d=mm&r=g","contentUrl":"https:\/\/secure.gravatar.com\/avatar\/52302d684339b9d7bf5691e2ad00835d62ce3b4a435f21ca9f21fbe39c63cb1b?s=96&d=mm&r=g","caption":"Revista Inter\u00e8s Mutu"}}]}},"_links":{"self":[{"href":"https:\/\/www.mgc.es\/ca\/wp-json\/wp\/v2\/posts\/28565","targetHints":{"allow":["GET"]}}],"collection":[{"href":"https:\/\/www.mgc.es\/ca\/wp-json\/wp\/v2\/posts"}],"about":[{"href":"https:\/\/www.mgc.es\/ca\/wp-json\/wp\/v2\/types\/post"}],"author":[{"embeddable":true,"href":"https:\/\/www.mgc.es\/ca\/wp-json\/wp\/v2\/users\/3"}],"replies":[{"embeddable":true,"href":"https:\/\/www.mgc.es\/ca\/wp-json\/wp\/v2\/comments?post=28565"}],"version-history":[{"count":4,"href":"https:\/\/www.mgc.es\/ca\/wp-json\/wp\/v2\/posts\/28565\/revisions"}],"predecessor-version":[{"id":28672,"href":"https:\/\/www.mgc.es\/ca\/wp-json\/wp\/v2\/posts\/28565\/revisions\/28672"}],"wp:featuredmedia":[{"embeddable":true,"href":"https:\/\/www.mgc.es\/ca\/wp-json\/wp\/v2\/media\/28566"}],"wp:attachment":[{"href":"https:\/\/www.mgc.es\/ca\/wp-json\/wp\/v2\/media?parent=28565"}],"wp:term":[{"taxonomy":"category","embeddable":true,"href":"https:\/\/www.mgc.es\/ca\/wp-json\/wp\/v2\/categories?post=28565"},{"taxonomy":"post_tag","embeddable":true,"href":"https:\/\/www.mgc.es\/ca\/wp-json\/wp\/v2\/tags?post=28565"}],"curies":[{"name":"wp","href":"https:\/\/api.w.org\/{rel}","templated":true}]}}