{"id":28365,"date":"2023-04-13T13:20:00","date_gmt":"2023-04-13T11:20:00","guid":{"rendered":"https:\/\/www.mgc.es\/?p=28365"},"modified":"2023-03-23T12:47:07","modified_gmt":"2023-03-23T11:47:07","slug":"simptomes-del-cancer-de-colon-descobreix-los-i-controlals","status":"publish","type":"post","link":"https:\/\/www.mgc.es\/ca\/blog\/simptomes-del-cancer-de-colon-descobreix-los-i-controlals\/","title":{"rendered":"S\u00edmptomes del c\u00e0ncer de colon. Descobreix-los i controla&#8217;ls"},"content":{"rendered":"<div id=\"ez-toc-container\" class=\"ez-toc-v2_0_82_1 counter-hierarchy ez-toc-counter ez-toc-custom ez-toc-container-direction\">\n<div class=\"ez-toc-title-container\"><p class=\"ez-toc-title\" style=\"cursor:inherit\">\u00cdndex de continguts<\/p>\n<\/div><nav><ul class='ez-toc-list ez-toc-list-level-1 ' ><li class='ez-toc-page-1 ez-toc-heading-level-2'><a class=\"ez-toc-link ez-toc-heading-1\" href=\"https:\/\/www.mgc.es\/ca\/blog\/simptomes-del-cancer-de-colon-descobreix-los-i-controlals\/#El_cancer_de_colon\" >El c\u00e0ncer de colon<\/a><\/li><li class='ez-toc-page-1 ez-toc-heading-level-2'><a class=\"ez-toc-link ez-toc-heading-2\" href=\"https:\/\/www.mgc.es\/ca\/blog\/simptomes-del-cancer-de-colon-descobreix-los-i-controlals\/#Quins_simptomes_te\" >Quins s\u00edmptomes t\u00e9<\/a><\/li><li class='ez-toc-page-1 ez-toc-heading-level-2'><a class=\"ez-toc-link ez-toc-heading-3\" href=\"https:\/\/www.mgc.es\/ca\/blog\/simptomes-del-cancer-de-colon-descobreix-los-i-controlals\/#Quines_altres_malalties_tenen_simptomes_semblants\" >Quines altres malalties tenen s\u00edmptomes semblants<\/a><\/li><li class='ez-toc-page-1 ez-toc-heading-level-2'><a class=\"ez-toc-link ez-toc-heading-4\" href=\"https:\/\/www.mgc.es\/ca\/blog\/simptomes-del-cancer-de-colon-descobreix-los-i-controlals\/#Quins_factors_de_risc_hi_ha\" >Quins factors de risc hi ha<\/a><\/li><li class='ez-toc-page-1 ez-toc-heading-level-2'><a class=\"ez-toc-link ez-toc-heading-5\" href=\"https:\/\/www.mgc.es\/ca\/blog\/simptomes-del-cancer-de-colon-descobreix-los-i-controlals\/#Diagnostic_i_tractament\" >Diagn\u00f2stic i tractament<\/a><\/li><\/ul><\/nav><\/div>\n\n<figure class=\"wp-block-image size-full\"><img loading=\"lazy\" decoding=\"async\" width=\"800\" height=\"661\" src=\"https:\/\/www.mgc.es\/wp-content\/uploads\/2023\/03\/cancer-de-colon2.jpg\" alt=\"\" class=\"wp-image-28366\" srcset=\"https:\/\/www.mgc.es\/wp-content\/uploads\/2023\/03\/cancer-de-colon2.jpg 800w, https:\/\/www.mgc.es\/wp-content\/uploads\/2023\/03\/cancer-de-colon2-440x364.jpg 440w, https:\/\/www.mgc.es\/wp-content\/uploads\/2023\/03\/cancer-de-colon2-768x635.jpg 768w\" sizes=\"auto, (max-width: 800px) 100vw, 800px\" \/><\/figure>\n\n\n\n<h2 class=\"wp-block-heading\"><span class=\"ez-toc-section\" id=\"El_cancer_de_colon\"><\/span><strong>El c\u00e0ncer de colon<\/strong><span class=\"ez-toc-section-end\"><\/span><\/h2>\n\n\n\n<p>\u00c9s el c\u00e0ncer m\u00e9s freq\u00fcent a Espanya, tant entre els homes com entre les dones, i s&#8217;estima que el 2023 se&#8217;n diagnosticaran m\u00e9s de 40.000 casos nous (segon l&#8217;Associaci\u00f3 Espanyola contra el C\u00e0ncer). Aquesta xifra situa el nostre pa\u00eds per sota de la mitjana dels pa\u00efsos de la Uni\u00f3 Europea. Aix\u00ed mateix, la superviv\u00e8ncia a cinc anys dels malalts a Espanya \u00e9s del 64 %, per sobre del 57 % a la resta d&#8217;Europa.<\/p>\n\n\n\n<p>Una caracter\u00edstica principal del c\u00e0ncer de colon \u00e9s que \u00e9s insidi\u00f3s; dit altrament, en general manifesta s\u00edmptomes lleus que f\u00e0cilment es confonen amb els d&#8217;altres malalties menys greus. Per aquesta ra\u00f3 \u00e9s fonamental seguir els programes de detecci\u00f3 del Ministeri de Sanitat i de les conselleries corresponents a les comunitats aut\u00f2nomes.<\/p>\n\n\n\n<p>Normalment comen\u00e7a amb la formaci\u00f3 d&#8217;un p\u00f2lip benigne (una esp\u00e8cie de berruga) que creix a dins de l&#8217;intest\u00ed. Amb el temps es pot transformar, esdevenir maligne i fer-se gros fins al punt de perforar la paret de l&#8217;intest\u00ed. D&#8217;aqu\u00ed es pot estendre a altres \u00f2rgans, on s&#8217;instal\u00b7len les c\u00e8l\u00b7lules cancer\u00edgenes, i fer met\u00e0stasi.<\/p>\n\n\n\n<h2 class=\"wp-block-heading\"><span class=\"ez-toc-section\" id=\"Quins_simptomes_te\"><\/span><strong>Quins s\u00edmptomes t\u00e9<\/strong><span class=\"ez-toc-section-end\"><\/span><\/h2>\n\n\n\n<p>Tal com explic\u00e0vem, els s\u00edmptomes del c\u00e0ncer de colon solen ser lleus i poc definits, cosa que dificulta de fer-ne un diagn\u00f2stic primerenc. Actualment no es detecta el c\u00e0ncer de colon en el 85 % dels pacients fins que no s&#8217;ha infiltrat a la paret de l&#8217;intest\u00ed.<\/p>\n\n\n\n<p>Els pacients poden tenir alteracions generals com ara:<\/p>\n\n\n\n<ul class=\"wp-block-list\">\n<li>An\u00e8mia, m\u00e9s o menys important<\/li>\n\n\n\n<li>Fatiga o cansament<\/li>\n\n\n\n<li>Manca de gana<\/li>\n\n\n\n<li>P\u00e8rdua de pes<\/li>\n<\/ul>\n\n\n\n<p>Els altres s\u00edmptomes associats amb el c\u00e0ncer de color afecten l&#8217;aparell digestiu i s\u00f3n:<\/p>\n\n\n\n<ul class=\"wp-block-list\">\n<li>Dolors abdominals vagues i indefinits<\/li>\n\n\n\n<li>C\u00f2lics abdominals<\/li>\n\n\n\n<li>Canvis en les defecacions. Femta tova i freq\u00fcent<\/li>\n\n\n\n<li>Restrenyiment, de vegades alternat amb diarrea<\/li>\n\n\n\n<li>Aparici\u00f3 de sang o de mocs en la femta<\/li>\n<\/ul>\n\n\n\n<p>El problema \u00e9s que aquests s\u00edmptomes no s\u00f3n exclusius del c\u00e0ncer de colon, i aix\u00f2 en fa m\u00e9s dif\u00edcil el diagn\u00f2stic.<\/p>\n\n\n\n<p>Quan el c\u00e0ncer se situa al recte, a banda dels s\u00edmptomes descrits, podem tenir urg\u00e8ncia per defecar, tenesme (o sensaci\u00f3 de buidada incompleta), dolor durant la deposici\u00f3 i fluix de sang pel recte.<\/p>\n\n\n\n<h2 class=\"wp-block-heading\"><span class=\"ez-toc-section\" id=\"Quines_altres_malalties_tenen_simptomes_semblants\"><\/span><strong>Quines altres malalties tenen s\u00edmptomes semblants<\/strong><span class=\"ez-toc-section-end\"><\/span><\/h2>\n\n\n\n<p>Segons el s\u00edmptoma:<\/p>\n\n\n\n<ul class=\"wp-block-list\">\n<li><strong>El fluix de sang pel recte<\/strong>: es tracta d&#8217;un s\u00edmptoma for\u00e7a freq\u00fcent. Si \u00e9s sang vermella no relacionada amb la deposici\u00f3 (es taca la roba interior entre una deposici\u00f3 i una altra), sol tenir origen en les hemorroides. Ara b\u00e9, si la sang apareix amb la femta, potser indica malalties com ara els diverticles, manca de reg al colon, angiomes (alteracions a les venes) o colitis. En qualsevol cas, cal anar al metge amb urg\u00e8ncia.<\/li>\n<\/ul>\n\n\n\n<ul class=\"wp-block-list\">\n<li><strong>Dolor abdominal<\/strong>: hi ha, literalment, dotzenes de causes per tenir dolor abdominal, i la darrera cosa en qu\u00e8 hem de pensar \u00e9s el c\u00e0ncer. Tot i aix\u00ed, si el dolor no remet amb el temps, cal que un metge ho examini, i m\u00e9s encara si va acompanyat d&#8217;altres trastorns.<\/li>\n\n\n\n<li><strong>L&#8217;an\u00e8mia<\/strong>: tamb\u00e9 pot ser conseq\u00fc\u00e8ncia de moltes malalties i, en general, no \u00e9s gaire important. De tota manera, cal investigar-ho si la causa no \u00e9s evident.<\/li>\n\n\n\n<li><strong>La diarrea<\/strong>: si dura gaire tamb\u00e9 cal saber-ne el per qu\u00e8. Pot ser un s\u00edmptoma de colitis ulcerosa, de la malaltia de Crohn, de la s\u00edndrome del colon irritable, de diverticles, de colitis isqu\u00e8mica (manca de reg al colon) o de problemes d&#8217;absorci\u00f3 intestinal, entre d&#8217;altres.<\/li>\n<\/ul>\n\n\n\n<figure class=\"wp-block-image size-full\"><img loading=\"lazy\" decoding=\"async\" width=\"800\" height=\"500\" src=\"https:\/\/www.mgc.es\/wp-content\/uploads\/2023\/03\/dolor-estomago2.jpg\" alt=\"\" class=\"wp-image-28369\" srcset=\"https:\/\/www.mgc.es\/wp-content\/uploads\/2023\/03\/dolor-estomago2.jpg 800w, https:\/\/www.mgc.es\/wp-content\/uploads\/2023\/03\/dolor-estomago2-440x275.jpg 440w, https:\/\/www.mgc.es\/wp-content\/uploads\/2023\/03\/dolor-estomago2-768x480.jpg 768w\" sizes=\"auto, (max-width: 800px) 100vw, 800px\" \/><figcaption class=\"wp-element-caption\">people, healthcare and problem concept &#8211; unhappy woman suffering from stomach ache at home<\/figcaption><\/figure>\n\n\n\n<h2 class=\"wp-block-heading\"><span class=\"ez-toc-section\" id=\"Quins_factors_de_risc_hi_ha\"><\/span><strong>Quins factors de risc hi ha<\/strong><span class=\"ez-toc-section-end\"><\/span><\/h2>\n\n\n\n<p>L&#8217;experi\u00e8ncia ens diu que hi ha gent amb h\u00e0bits m\u00e9s proclius a l&#8217;aparici\u00f3 del c\u00e0ncer de colon, entre els quals una dieta:<\/p>\n\n\n\n<ul class=\"wp-block-list\">\n<li>Baixa en fibra (provinent de la fruita i la verdura)<\/li>\n\n\n\n<li>Rica en greixos<\/li>\n\n\n\n<li>Amb alt contingut de sucres refinats<\/li>\n<\/ul>\n\n\n\n<p>Aix\u00ed doncs, es pensa que la dieta mediterr\u00e0nia, que inclou for\u00e7a fruita i verdura, \u00e9s bona per prevenir el c\u00e0ncer de colon. Tamb\u00e9 \u00e9s recomanable de mantenir un pes adequat. D&#8217;altra banda, la ingesta di\u00e0ria d&#8217;una aspirina infantil pot tenir un efecte protector, encara l&#8217;hauria de prescriure un metge, per m\u00e9s innocu que sembli aquest f\u00e0rmac.<\/p>\n\n\n\n<p>Les persones amb m\u00e9s propensi\u00f3 a tenir aquest c\u00e0ncer s\u00f3n:<\/p>\n\n\n\n<ul class=\"wp-block-list\">\n<li>Pacients amb p\u00f2lips al colon<\/li>\n\n\n\n<li>Pacients de colitis ulcerosa de llarga durada<\/li>\n\n\n\n<li>Persones amb antecedents familiars de c\u00e0ncer de colon en edats primerenques<\/li>\n<\/ul>\n\n\n\n<h2 class=\"wp-block-heading\"><span class=\"ez-toc-section\" id=\"Diagnostic_i_tractament\"><\/span><strong>Diagn\u00f2stic i tractament<\/strong><span class=\"ez-toc-section-end\"><\/span><\/h2>\n\n\n\n<p>La prova que determina si es t\u00e9 c\u00e0ncer de colon o no \u00e9s una colonosc\u00f2pia, seguida d&#8217;una bi\u00f2psia. La colonosc\u00f2pia (exploraci\u00f3 i obtenci\u00f3 d&#8217;una mostra de teixit sospit\u00f3s a l&#8217;interior del colon), i la bi\u00f2psia posterior, que duu a terme un especialista anatomopatol\u00f2gic, permetran de decidir si el teixit \u00e9s maligne o no.<\/p>\n\n\n\n<p>Pel que fa al tractament, cal fer una extirpaci\u00f3 completa amb un marge sa de la part de l&#8217;intest\u00ed on hi ha el tumor, si es vol guarir la malaltia. De vegades aix\u00f2 pot obligar a fer una colostomia, que \u00e9s la creaci\u00f3 quir\u00fargica d&#8217;una obertura a l&#8217;abdomen per comunicar l&#8217;intest\u00ed amb l&#8217;exterior i permetre l&#8217;evacuaci\u00f3. La femta, en aquest cas, es recull dins una bossa. La colostomia pot ser definitiva o temporal; en el darrer cas es pot tancar amb una altra intervenci\u00f3 quir\u00fargica. Actualment els dispositius per fer la colostomia afavoreixen que el pacient faci una vida absolutament normal, fins i tot en els aspectes m\u00e9s \u00edntims.<\/p>\n","protected":false},"excerpt":{"rendered":"<p>\u00c9s el c\u00e0ncer m\u00e9s freq\u00fcent a Espanya, tant entre els homes com entre les dones, i s&#8217;estima que el 2023 se&#8217;n diagnosticaran m\u00e9s de 40.000 casos nous (segon l&#8217;Associaci\u00f3 Espanyola contra el C\u00e0ncer). Aquesta xifra situa el nostre pa\u00eds per sota de la mitjana dels pa\u00efsos de la Uni\u00f3 Europea. Aix\u00ed mateix, la superviv\u00e8ncia a cinc anys dels malalts a Espanya \u00e9s del 64 %, per sobre del 57 % a la resta d&#8217;Europa.<\/p>\n","protected":false},"author":3,"featured_media":28366,"comment_status":"closed","ping_status":"closed","sticky":false,"template":"","format":"standard","meta":{"footnotes":""},"categories":[15],"tags":[701,498],"class_list":["post-28365","post","type-post","status-publish","format-standard","has-post-thumbnail","hentry","category-salut","tag-salud-intestinal-2","tag-salut-digestiva"],"featured_image_src":"https:\/\/www.mgc.es\/wp-content\/uploads\/2023\/03\/cancer-de-colon2.jpg","author_info":{"display_name":"Revista Inter\u00e8s Mutu","author_link":"https:\/\/www.mgc.es\/ca\/blog\/author\/interesmutu\/"},"yoast_head":"<!-- This site is optimized with the Yoast SEO plugin v27.2 - https:\/\/yoast.com\/product\/yoast-seo-wordpress\/ -->\n<title>S\u00edmptomes del c\u00e0ncer de colon. Descobreix-los i controla&#039;ls - MGC M\u00fatua<\/title>\n<meta name=\"robots\" content=\"index, follow, max-snippet:-1, max-image-preview:large, max-video-preview:-1\" \/>\n<link rel=\"canonical\" href=\"https:\/\/www.mgc.es\/?p=28372\" \/>\n<meta property=\"og:locale\" content=\"ca_ES\" \/>\n<meta property=\"og:type\" content=\"article\" \/>\n<meta property=\"og:title\" content=\"S\u00edmptomes del c\u00e0ncer de colon. Descobreix-los i controla&#039;ls - MGC M\u00fatua\" \/>\n<meta property=\"og:description\" content=\"\u00c9s el c\u00e0ncer m\u00e9s freq\u00fcent a Espanya, tant entre els homes com entre les dones, i s&#039;estima que el 2023 se&#039;n diagnosticaran m\u00e9s de 40.000 casos nous (segon l&#039;Associaci\u00f3 Espanyola contra el C\u00e0ncer). Aquesta xifra situa el nostre pa\u00eds per sota de la mitjana dels pa\u00efsos de la Uni\u00f3 Europea. Aix\u00ed mateix, la superviv\u00e8ncia a cinc anys dels malalts a Espanya \u00e9s del 64 %, per sobre del 57 % a la resta d&#039;Europa.\" \/>\n<meta property=\"og:url\" content=\"https:\/\/www.mgc.es\/?p=28372\" \/>\n<meta property=\"og:site_name\" content=\"MGC M\u00fatua\" \/>\n<meta property=\"article:publisher\" content=\"https:\/\/www.facebook.com\/mgcmutua\" \/>\n<meta property=\"article:published_time\" content=\"2023-04-13T11:20:00+00:00\" \/>\n<meta property=\"og:image\" content=\"https:\/\/www.mgc.es\/wp-content\/uploads\/2023\/03\/cancer-de-colon2.jpg\" \/>\n\t<meta property=\"og:image:width\" content=\"800\" \/>\n\t<meta property=\"og:image:height\" content=\"661\" \/>\n\t<meta property=\"og:image:type\" content=\"image\/jpeg\" \/>\n<meta name=\"author\" content=\"Revista Inter\u00e8s Mutu\" \/>\n<meta name=\"twitter:card\" content=\"summary_large_image\" \/>\n<meta name=\"twitter:creator\" content=\"@mgcmutua\" \/>\n<meta name=\"twitter:site\" content=\"@mgcmutua\" \/>\n<meta name=\"twitter:label1\" content=\"Escrit per\" \/>\n\t<meta name=\"twitter:data1\" content=\"Revista Inter\u00e8s Mutu\" \/>\n\t<meta name=\"twitter:label2\" content=\"Temps estimat de lectura\" \/>\n\t<meta name=\"twitter:data2\" content=\"5 minuts\" \/>\n<!-- \/ Yoast SEO plugin. -->","yoast_head_json":{"title":"S\u00edmptomes del c\u00e0ncer de colon. Descobreix-los i controla'ls - MGC M\u00fatua","robots":{"index":"index","follow":"follow","max-snippet":"max-snippet:-1","max-image-preview":"max-image-preview:large","max-video-preview":"max-video-preview:-1"},"canonical":"https:\/\/www.mgc.es\/?p=28372","og_locale":"ca_ES","og_type":"article","og_title":"S\u00edmptomes del c\u00e0ncer de colon. Descobreix-los i controla'ls - MGC M\u00fatua","og_description":"\u00c9s el c\u00e0ncer m\u00e9s freq\u00fcent a Espanya, tant entre els homes com entre les dones, i s'estima que el 2023 se'n diagnosticaran m\u00e9s de 40.000 casos nous (segon l'Associaci\u00f3 Espanyola contra el C\u00e0ncer). Aquesta xifra situa el nostre pa\u00eds per sota de la mitjana dels pa\u00efsos de la Uni\u00f3 Europea. Aix\u00ed mateix, la superviv\u00e8ncia a cinc anys dels malalts a Espanya \u00e9s del 64 %, per sobre del 57 % a la resta d'Europa.","og_url":"https:\/\/www.mgc.es\/?p=28372","og_site_name":"MGC M\u00fatua","article_publisher":"https:\/\/www.facebook.com\/mgcmutua","article_published_time":"2023-04-13T11:20:00+00:00","og_image":[{"width":800,"height":661,"url":"https:\/\/www.mgc.es\/wp-content\/uploads\/2023\/03\/cancer-de-colon2.jpg","type":"image\/jpeg"}],"author":"Revista Inter\u00e8s Mutu","twitter_card":"summary_large_image","twitter_creator":"@mgcmutua","twitter_site":"@mgcmutua","twitter_misc":{"Escrit per":"Revista Inter\u00e8s Mutu","Temps estimat de lectura":"5 minuts"},"schema":{"@context":"https:\/\/schema.org","@graph":[{"@type":["Article","BlogPosting"],"@id":"https:\/\/www.mgc.es\/?p=28372#article","isPartOf":{"@id":"https:\/\/www.mgc.es\/?p=28372"},"author":{"name":"Revista Inter\u00e8s Mutu","@id":"https:\/\/www.mgc.es\/#\/schema\/person\/010c961d9c9acf38f11187a02b646c16"},"headline":"S\u00edmptomes del c\u00e0ncer de colon. Descobreix-los i controla&#8217;ls","datePublished":"2023-04-13T11:20:00+00:00","mainEntityOfPage":{"@id":"https:\/\/www.mgc.es\/?p=28372"},"wordCount":959,"publisher":{"@id":"https:\/\/www.mgc.es\/#organization"},"image":{"@id":"https:\/\/www.mgc.es\/?p=28372#primaryimage"},"thumbnailUrl":"https:\/\/www.mgc.es\/wp-content\/uploads\/2023\/03\/cancer-de-colon2.jpg","keywords":["salud intestinal","salut-digestiva"],"articleSection":["Salut i medicina"],"inLanguage":"ca"},{"@type":["WebPage","ItemPage"],"@id":"https:\/\/www.mgc.es\/?p=28372","url":"https:\/\/www.mgc.es\/?p=28372","name":"S\u00edmptomes del c\u00e0ncer de colon. Descobreix-los i controla'ls - MGC M\u00fatua","isPartOf":{"@id":"https:\/\/www.mgc.es\/#website"},"primaryImageOfPage":{"@id":"https:\/\/www.mgc.es\/?p=28372#primaryimage"},"image":{"@id":"https:\/\/www.mgc.es\/?p=28372#primaryimage"},"thumbnailUrl":"https:\/\/www.mgc.es\/wp-content\/uploads\/2023\/03\/cancer-de-colon2.jpg","datePublished":"2023-04-13T11:20:00+00:00","breadcrumb":{"@id":"https:\/\/www.mgc.es\/?p=28372#breadcrumb"},"inLanguage":"ca","potentialAction":[{"@type":"ReadAction","target":["https:\/\/www.mgc.es\/?p=28372"]}]},{"@type":"ImageObject","inLanguage":"ca","@id":"https:\/\/www.mgc.es\/?p=28372#primaryimage","url":"https:\/\/www.mgc.es\/wp-content\/uploads\/2023\/03\/cancer-de-colon2.jpg","contentUrl":"https:\/\/www.mgc.es\/wp-content\/uploads\/2023\/03\/cancer-de-colon2.jpg","width":800,"height":661},{"@type":"BreadcrumbList","@id":"https:\/\/www.mgc.es\/?p=28372#breadcrumb","itemListElement":[{"@type":"ListItem","position":1,"name":"Home","item":"https:\/\/www.mgc.es\/ca\/"},{"@type":"ListItem","position":2,"name":"S\u00edmptomes del c\u00e0ncer de colon. Descobreix-los i controla&#8217;ls"}]},{"@type":"WebSite","@id":"https:\/\/www.mgc.es\/#website","url":"https:\/\/www.mgc.es\/","name":"MGC M\u00fatua","description":"MGC M\u00fatua \u00e9s una entitat asseguradora sense \u00e0nim de lucre constitu\u00efda al 1982 i especialitzada en assegurances de salut i assist\u00e8ncia.","publisher":{"@id":"https:\/\/www.mgc.es\/#organization"},"alternateName":"MGC","potentialAction":[{"@type":"SearchAction","target":{"@type":"EntryPoint","urlTemplate":"https:\/\/www.mgc.es\/?s={search_term_string}"},"query-input":{"@type":"PropertyValueSpecification","valueRequired":true,"valueName":"search_term_string"}}],"inLanguage":"ca"},{"@type":"Organization","@id":"https:\/\/www.mgc.es\/#organization","name":"MGC Mutua","alternateName":"MGC","url":"https:\/\/www.mgc.es\/","logo":{"@type":"ImageObject","inLanguage":"ca","@id":"https:\/\/www.mgc.es\/#\/schema\/logo\/image\/","url":"https:\/\/www.mgc.es\/wp-content\/uploads\/2020\/03\/mgcmutua_h2_2t_reduccions.png","contentUrl":"https:\/\/www.mgc.es\/wp-content\/uploads\/2020\/03\/mgcmutua_h2_2t_reduccions.png","width":303,"height":165,"caption":"MGC Mutua"},"image":{"@id":"https:\/\/www.mgc.es\/#\/schema\/logo\/image\/"},"sameAs":["https:\/\/www.facebook.com\/mgcmutua","https:\/\/x.com\/mgcmutua","https:\/\/www.youtube.com\/c\/MGCMutua"]},{"@type":"Person","@id":"https:\/\/www.mgc.es\/#\/schema\/person\/010c961d9c9acf38f11187a02b646c16","name":"Revista Inter\u00e8s Mutu","image":{"@type":"ImageObject","inLanguage":"ca","@id":"https:\/\/secure.gravatar.com\/avatar\/52302d684339b9d7bf5691e2ad00835d62ce3b4a435f21ca9f21fbe39c63cb1b?s=96&d=mm&r=g","url":"https:\/\/secure.gravatar.com\/avatar\/52302d684339b9d7bf5691e2ad00835d62ce3b4a435f21ca9f21fbe39c63cb1b?s=96&d=mm&r=g","contentUrl":"https:\/\/secure.gravatar.com\/avatar\/52302d684339b9d7bf5691e2ad00835d62ce3b4a435f21ca9f21fbe39c63cb1b?s=96&d=mm&r=g","caption":"Revista Inter\u00e8s Mutu"}}]}},"_links":{"self":[{"href":"https:\/\/www.mgc.es\/ca\/wp-json\/wp\/v2\/posts\/28365","targetHints":{"allow":["GET"]}}],"collection":[{"href":"https:\/\/www.mgc.es\/ca\/wp-json\/wp\/v2\/posts"}],"about":[{"href":"https:\/\/www.mgc.es\/ca\/wp-json\/wp\/v2\/types\/post"}],"author":[{"embeddable":true,"href":"https:\/\/www.mgc.es\/ca\/wp-json\/wp\/v2\/users\/3"}],"replies":[{"embeddable":true,"href":"https:\/\/www.mgc.es\/ca\/wp-json\/wp\/v2\/comments?post=28365"}],"version-history":[{"count":2,"href":"https:\/\/www.mgc.es\/ca\/wp-json\/wp\/v2\/posts\/28365\/revisions"}],"predecessor-version":[{"id":28438,"href":"https:\/\/www.mgc.es\/ca\/wp-json\/wp\/v2\/posts\/28365\/revisions\/28438"}],"wp:featuredmedia":[{"embeddable":true,"href":"https:\/\/www.mgc.es\/ca\/wp-json\/wp\/v2\/media\/28366"}],"wp:attachment":[{"href":"https:\/\/www.mgc.es\/ca\/wp-json\/wp\/v2\/media?parent=28365"}],"wp:term":[{"taxonomy":"category","embeddable":true,"href":"https:\/\/www.mgc.es\/ca\/wp-json\/wp\/v2\/categories?post=28365"},{"taxonomy":"post_tag","embeddable":true,"href":"https:\/\/www.mgc.es\/ca\/wp-json\/wp\/v2\/tags?post=28365"}],"curies":[{"name":"wp","href":"https:\/\/api.w.org\/{rel}","templated":true}]}}