{"id":27769,"date":"2023-01-30T11:22:00","date_gmt":"2023-01-30T10:22:00","guid":{"rendered":"https:\/\/www.mgc.es\/?p=27769"},"modified":"2023-01-31T11:23:02","modified_gmt":"2023-01-31T10:23:02","slug":"mgc-mutua-continuara-potenciant-el-creixement-sostenible","status":"publish","type":"post","link":"https:\/\/www.mgc.es\/ca\/blog\/mgc-mutua-continuara-potenciant-el-creixement-sostenible\/","title":{"rendered":"MGC M\u00fatua continuar\u00e0 potenciant el creixement sostenible"},"content":{"rendered":"\n<figure class=\"wp-block-image size-large\"><img loading=\"lazy\" decoding=\"async\" width=\"880\" height=\"480\" src=\"https:\/\/www.mgc.es\/wp-content\/uploads\/2023\/01\/IMG_20230127_135550-880x480.jpg\" alt=\"\" class=\"wp-image-27770\" srcset=\"https:\/\/www.mgc.es\/wp-content\/uploads\/2023\/01\/IMG_20230127_135550-880x480.jpg 880w, https:\/\/www.mgc.es\/wp-content\/uploads\/2023\/01\/IMG_20230127_135550-440x240.jpg 440w, https:\/\/www.mgc.es\/wp-content\/uploads\/2023\/01\/IMG_20230127_135550-768x419.jpg 768w, https:\/\/www.mgc.es\/wp-content\/uploads\/2023\/01\/IMG_20230127_135550-1536x839.jpg 1536w, https:\/\/www.mgc.es\/wp-content\/uploads\/2023\/01\/IMG_20230127_135550-2048x1118.jpg 2048w, https:\/\/www.mgc.es\/wp-content\/uploads\/2023\/01\/IMG_20230127_135550-scaled.jpg 1024w\" sizes=\"auto, (max-width: 880px) 100vw, 880px\" \/><\/figure>\n\n\n\n<p>El Grup MGC, format per MGC M\u00fatua i CA Life, ha organitzat aquest cap de setmana passat, 27 i 28 de gener, la seva<strong> Convenci\u00f3 Anual<\/strong>, en qu\u00e8 s&#8217;han donat cita el departament comercial i el d&#8217;atenci\u00f3 al mutualista, aix\u00ed com els caps d&#8217;oficines i equip directiu, que han pogut gaudir d&#8217;una trobada a l&#8217;emblem\u00e0tic Hotel M\u00d3N SANT BENET, a la localitat de Sant Fruit\u00f3s de Bages a Barcelona, \u200b\u200ben plena natura i on destaca el monestir benedict\u00ed de Sant Benet de Bages, un dels conjunts mon\u00e0stics de l&#8217;Edat Mitjana m\u00e9s ben conservats de Catalunya.<\/p>\n\n\n\n<p>La trobada ha estat el marc idoni <strong>perqu\u00e8 Daniel Redondo, actual vicepresident del Consell d&#8217;Administraci\u00f3<\/strong>, don\u00e9s pas al seu successor <strong>Xavier Plana, com a nou director general d\u2019MGC M\u00fatua<\/strong>. En la seva intervenci\u00f3, Plana va fer un balan\u00e7 del 2022, en qu\u00e8 va avan\u00e7ar els \u00f2ptims resultats econ\u00f2mics i va establir les previsions per a aquest any. A m\u00e9s, va aprofitar el moment per avan\u00e7ar part del pla estrat\u00e8gic encaminat <strong>a impulsar el creixement sostenible i liderar el proc\u00e9s d&#8217;expansi\u00f3 per la resta del territori nacional<\/strong>. Dins l&#8217;equip d&#8217;alta direcci\u00f3 tamb\u00e9 hi va ser <strong>Francesc Rabassa, director general de CA Life.<\/strong><\/p>\n\n\n\n<figure class=\"wp-block-image size-large\"><img loading=\"lazy\" decoding=\"async\" width=\"880\" height=\"355\" src=\"https:\/\/www.mgc.es\/wp-content\/uploads\/2023\/01\/IMG_20230128_121111-880x355.jpg\" alt=\"\" class=\"wp-image-27772\" srcset=\"https:\/\/www.mgc.es\/wp-content\/uploads\/2023\/01\/IMG_20230128_121111-880x355.jpg 880w, https:\/\/www.mgc.es\/wp-content\/uploads\/2023\/01\/IMG_20230128_121111-440x178.jpg 440w, https:\/\/www.mgc.es\/wp-content\/uploads\/2023\/01\/IMG_20230128_121111-768x310.jpg 768w, https:\/\/www.mgc.es\/wp-content\/uploads\/2023\/01\/IMG_20230128_121111-1536x620.jpg 1536w, https:\/\/www.mgc.es\/wp-content\/uploads\/2023\/01\/IMG_20230128_121111-2048x826.jpg 2048w, https:\/\/www.mgc.es\/wp-content\/uploads\/2023\/01\/IMG_20230128_121111-scaled.jpg 1024w\" sizes=\"auto, (max-width: 880px) 100vw, 880px\" \/><\/figure>\n\n\n\n<p>Seguidament, es van detallar els plans d&#8217;acci\u00f3 que s&#8217;ha marcat el Grup MGC a les \u00e0rees d&#8217;Innovaci\u00f3, Direcci\u00f3 M\u00e8dica i M\u00e0rqueting i es van presentar tres nous productes desenvolupats, entre els quals hi ha un producte espec\u00edfic per assegurar les mascotes.<\/p>\n\n\n\n<p>Despr\u00e9s d&#8217;una primera jornada en qu\u00e8 es van succeir diferents reunions de treball, els assistents van poder gaudir d&#8217;un sopar de gala, on va prendre la paraula Daniel Redondo, i va destacar que \u201c\u00e9s un orgull haver assumit durant deu anys la direcci\u00f3 general d\u2019MGC M\u00fatua, i estic segur que passar aquest testimoni a Xavier Plana ha estat un gran encert, ja que \u00e9s un gran professional que sabr\u00e0 guiar la M\u00fatua i expandir els nostres serveis per la resta del territori nacional. Xavier \u00e9s una persona preparada, capa\u00e7 i amb experi\u00e8ncia. \u00c9s un bon l\u00edder.\u201d<\/p>\n\n\n\n<figure class=\"wp-block-image size-large\"><img loading=\"lazy\" decoding=\"async\" width=\"880\" height=\"394\" src=\"https:\/\/www.mgc.es\/wp-content\/uploads\/2023\/01\/IMG_20230127_225240bis-880x394.jpg\" alt=\"\" class=\"wp-image-27778\" srcset=\"https:\/\/www.mgc.es\/wp-content\/uploads\/2023\/01\/IMG_20230127_225240bis-880x394.jpg 880w, https:\/\/www.mgc.es\/wp-content\/uploads\/2023\/01\/IMG_20230127_225240bis-440x197.jpg 440w, https:\/\/www.mgc.es\/wp-content\/uploads\/2023\/01\/IMG_20230127_225240bis-768x344.jpg 768w, https:\/\/www.mgc.es\/wp-content\/uploads\/2023\/01\/IMG_20230127_225240bis-1536x687.jpg 1536w, https:\/\/www.mgc.es\/wp-content\/uploads\/2023\/01\/IMG_20230127_225240bis-2048x916.jpg 2048w, https:\/\/www.mgc.es\/wp-content\/uploads\/2023\/01\/IMG_20230127_225240bis-scaled.jpg 1024w\" sizes=\"auto, (max-width: 880px) 100vw, 880px\" \/><\/figure>\n\n\n\n<p>I va animar tothom a \u201cacompanyar el l\u00edder, estar al seu costat, fer propostes, aportar valor, perqu\u00e8 cadasc\u00fa a la seva \u00e0rea, a la seva feina, \u00e9s qui millor la coneix, \u00e9s qui sap qu\u00e8 i com millorar i, en definitiva, \u00e9s i ha de ser el l\u00edder de la seva parcel\u00b7la de responsabilitat, gran o petita\u201d<\/p>\n\n\n\n<p>A la jornada matinal de dissabte es van celebrar dues reunions amb els membres dels diferents departaments, i al final del mat\u00ed va clausurar-se la Convenci\u00f3 Anual 2023 del Grup MGC.<\/p>\n","protected":false},"excerpt":{"rendered":"<p>El Grup MGC, format per MGC M\u00fatua i CA Life, ha organitzat aquest cap de setmana passat, 27 i 28 de gener, la seva Convenci\u00f3 Anual, en qu\u00e8 s&#8217;han donat cita el departament comercial i el d&#8217;atenci\u00f3 al mutualista, aix\u00ed com els caps d&#8217;oficines i equip directiu, que han pogut gaudir d&#8217;una trobada a l&#8217;emblem\u00e0tic Hotel M\u00d3N SANT BENET, a la localitat de Sant Fruit\u00f3s de Bages a Barcelona.<\/p>\n","protected":false},"author":3,"featured_media":27771,"comment_status":"closed","ping_status":"closed","sticky":false,"template":"","format":"standard","meta":{"footnotes":""},"categories":[11,16],"tags":[509,614,576],"class_list":["post-27769","post","type-post","status-publish","format-standard","has-post-thumbnail","hentry","category-actualitat","category-assegurances","tag-asseguranca-salut","tag-convencio","tag-mgc-mutua-ca"],"featured_image_src":"https:\/\/www.mgc.es\/wp-content\/uploads\/2023\/01\/IMG_20230127_135550.jpg","author_info":{"display_name":"Revista Inter\u00e8s Mutu","author_link":"https:\/\/www.mgc.es\/ca\/blog\/author\/interesmutu\/"},"yoast_head":"<!-- This site is optimized with the Yoast SEO plugin v27.2 - https:\/\/yoast.com\/product\/yoast-seo-wordpress\/ -->\n<title>MGC M\u00fatua continuar\u00e0 potenciant el creixement sostenible - MGC M\u00fatua<\/title>\n<meta name=\"robots\" content=\"index, follow, max-snippet:-1, max-image-preview:large, max-video-preview:-1\" \/>\n<link rel=\"canonical\" href=\"https:\/\/www.mgc.es\/ca\/blog\/mgc-mutua-continuara-potenciant-el-creixement-sostenible\/\" \/>\n<meta property=\"og:locale\" content=\"ca_ES\" \/>\n<meta property=\"og:type\" content=\"article\" \/>\n<meta property=\"og:title\" content=\"MGC M\u00fatua continuar\u00e0 potenciant el creixement sostenible - MGC M\u00fatua\" \/>\n<meta property=\"og:description\" content=\"El Grup MGC, format per MGC M\u00fatua i CA Life, ha organitzat aquest cap de setmana passat, 27 i 28 de gener, la seva Convenci\u00f3 Anual, en qu\u00e8 s&#039;han donat cita el departament comercial i el d&#039;atenci\u00f3 al mutualista, aix\u00ed com els caps d&#039;oficines i equip directiu, que han pogut gaudir d&#039;una trobada a l&#039;emblem\u00e0tic Hotel M\u00d3N SANT BENET, a la localitat de Sant Fruit\u00f3s de Bages a Barcelona.\" \/>\n<meta property=\"og:url\" content=\"https:\/\/www.mgc.es\/ca\/blog\/mgc-mutua-continuara-potenciant-el-creixement-sostenible\/\" \/>\n<meta property=\"og:site_name\" content=\"MGC M\u00fatua\" \/>\n<meta property=\"article:publisher\" content=\"https:\/\/www.facebook.com\/mgcmutua\" \/>\n<meta property=\"article:published_time\" content=\"2023-01-30T10:22:00+00:00\" \/>\n<meta property=\"article:modified_time\" content=\"2023-01-31T10:23:02+00:00\" \/>\n<meta property=\"og:image\" content=\"https:\/\/www.mgc.es\/wp-content\/uploads\/2023\/01\/IMG_20230127_135550.jpg\" \/>\n\t<meta property=\"og:image:width\" content=\"2560\" \/>\n\t<meta property=\"og:image:height\" content=\"1398\" \/>\n\t<meta property=\"og:image:type\" content=\"image\/jpeg\" \/>\n<meta name=\"author\" content=\"Revista Inter\u00e8s Mutu\" \/>\n<meta name=\"twitter:card\" content=\"summary_large_image\" \/>\n<meta name=\"twitter:creator\" content=\"@mgcmutua\" \/>\n<meta name=\"twitter:site\" content=\"@mgcmutua\" \/>\n<meta name=\"twitter:label1\" content=\"Escrit per\" \/>\n\t<meta name=\"twitter:data1\" content=\"Revista Inter\u00e8s Mutu\" \/>\n\t<meta name=\"twitter:label2\" content=\"Temps estimat de lectura\" \/>\n\t<meta name=\"twitter:data2\" content=\"3 minuts\" \/>\n<!-- \/ Yoast SEO plugin. -->","yoast_head_json":{"title":"MGC M\u00fatua continuar\u00e0 potenciant el creixement sostenible - MGC M\u00fatua","robots":{"index":"index","follow":"follow","max-snippet":"max-snippet:-1","max-image-preview":"max-image-preview:large","max-video-preview":"max-video-preview:-1"},"canonical":"https:\/\/www.mgc.es\/ca\/blog\/mgc-mutua-continuara-potenciant-el-creixement-sostenible\/","og_locale":"ca_ES","og_type":"article","og_title":"MGC M\u00fatua continuar\u00e0 potenciant el creixement sostenible - MGC M\u00fatua","og_description":"El Grup MGC, format per MGC M\u00fatua i CA Life, ha organitzat aquest cap de setmana passat, 27 i 28 de gener, la seva Convenci\u00f3 Anual, en qu\u00e8 s'han donat cita el departament comercial i el d'atenci\u00f3 al mutualista, aix\u00ed com els caps d'oficines i equip directiu, que han pogut gaudir d'una trobada a l'emblem\u00e0tic Hotel M\u00d3N SANT BENET, a la localitat de Sant Fruit\u00f3s de Bages a Barcelona.","og_url":"https:\/\/www.mgc.es\/ca\/blog\/mgc-mutua-continuara-potenciant-el-creixement-sostenible\/","og_site_name":"MGC M\u00fatua","article_publisher":"https:\/\/www.facebook.com\/mgcmutua","article_published_time":"2023-01-30T10:22:00+00:00","article_modified_time":"2023-01-31T10:23:02+00:00","og_image":[{"width":2560,"height":1398,"url":"https:\/\/www.mgc.es\/wp-content\/uploads\/2023\/01\/IMG_20230127_135550.jpg","type":"image\/jpeg"}],"author":"Revista Inter\u00e8s Mutu","twitter_card":"summary_large_image","twitter_creator":"@mgcmutua","twitter_site":"@mgcmutua","twitter_misc":{"Escrit per":"Revista Inter\u00e8s Mutu","Temps estimat de lectura":"3 minuts"},"schema":{"@context":"https:\/\/schema.org","@graph":[{"@type":["Article","BlogPosting"],"@id":"https:\/\/www.mgc.es\/ca\/blog\/mgc-mutua-continuara-potenciant-el-creixement-sostenible\/#article","isPartOf":{"@id":"https:\/\/www.mgc.es\/ca\/blog\/mgc-mutua-continuara-potenciant-el-creixement-sostenible\/"},"author":{"name":"Revista Inter\u00e8s Mutu","@id":"https:\/\/www.mgc.es\/#\/schema\/person\/010c961d9c9acf38f11187a02b646c16"},"headline":"MGC M\u00fatua continuar\u00e0 potenciant el creixement sostenible","datePublished":"2023-01-30T10:22:00+00:00","dateModified":"2023-01-31T10:23:02+00:00","mainEntityOfPage":{"@id":"https:\/\/www.mgc.es\/ca\/blog\/mgc-mutua-continuara-potenciant-el-creixement-sostenible\/"},"wordCount":452,"publisher":{"@id":"https:\/\/www.mgc.es\/#organization"},"image":{"@id":"https:\/\/www.mgc.es\/ca\/blog\/mgc-mutua-continuara-potenciant-el-creixement-sostenible\/#primaryimage"},"thumbnailUrl":"https:\/\/www.mgc.es\/wp-content\/uploads\/2023\/01\/IMG_20230127_135550.jpg","keywords":["asseguran\u00e7a salut","convencio","mgc mutua"],"articleSection":["Actualitat M\u00fatua","Sector assegurances"],"inLanguage":"ca"},{"@type":["WebPage","ItemPage"],"@id":"https:\/\/www.mgc.es\/ca\/blog\/mgc-mutua-continuara-potenciant-el-creixement-sostenible\/","url":"https:\/\/www.mgc.es\/ca\/blog\/mgc-mutua-continuara-potenciant-el-creixement-sostenible\/","name":"MGC M\u00fatua continuar\u00e0 potenciant el creixement sostenible - MGC M\u00fatua","isPartOf":{"@id":"https:\/\/www.mgc.es\/#website"},"primaryImageOfPage":{"@id":"https:\/\/www.mgc.es\/ca\/blog\/mgc-mutua-continuara-potenciant-el-creixement-sostenible\/#primaryimage"},"image":{"@id":"https:\/\/www.mgc.es\/ca\/blog\/mgc-mutua-continuara-potenciant-el-creixement-sostenible\/#primaryimage"},"thumbnailUrl":"https:\/\/www.mgc.es\/wp-content\/uploads\/2023\/01\/IMG_20230127_135550.jpg","datePublished":"2023-01-30T10:22:00+00:00","dateModified":"2023-01-31T10:23:02+00:00","breadcrumb":{"@id":"https:\/\/www.mgc.es\/ca\/blog\/mgc-mutua-continuara-potenciant-el-creixement-sostenible\/#breadcrumb"},"inLanguage":"ca","potentialAction":[{"@type":"ReadAction","target":["https:\/\/www.mgc.es\/ca\/blog\/mgc-mutua-continuara-potenciant-el-creixement-sostenible\/"]}]},{"@type":"ImageObject","inLanguage":"ca","@id":"https:\/\/www.mgc.es\/ca\/blog\/mgc-mutua-continuara-potenciant-el-creixement-sostenible\/#primaryimage","url":"https:\/\/www.mgc.es\/wp-content\/uploads\/2023\/01\/IMG_20230127_135550.jpg","contentUrl":"https:\/\/www.mgc.es\/wp-content\/uploads\/2023\/01\/IMG_20230127_135550.jpg","width":2560,"height":1398},{"@type":"BreadcrumbList","@id":"https:\/\/www.mgc.es\/ca\/blog\/mgc-mutua-continuara-potenciant-el-creixement-sostenible\/#breadcrumb","itemListElement":[{"@type":"ListItem","position":1,"name":"Home","item":"https:\/\/www.mgc.es\/ca\/"},{"@type":"ListItem","position":2,"name":"MGC M\u00fatua continuar\u00e0 potenciant el creixement sostenible"}]},{"@type":"WebSite","@id":"https:\/\/www.mgc.es\/#website","url":"https:\/\/www.mgc.es\/","name":"MGC M\u00fatua","description":"MGC M\u00fatua \u00e9s una entitat asseguradora sense \u00e0nim de lucre constitu\u00efda al 1982 i especialitzada en assegurances de salut i assist\u00e8ncia.","publisher":{"@id":"https:\/\/www.mgc.es\/#organization"},"alternateName":"MGC","potentialAction":[{"@type":"SearchAction","target":{"@type":"EntryPoint","urlTemplate":"https:\/\/www.mgc.es\/?s={search_term_string}"},"query-input":{"@type":"PropertyValueSpecification","valueRequired":true,"valueName":"search_term_string"}}],"inLanguage":"ca"},{"@type":"Organization","@id":"https:\/\/www.mgc.es\/#organization","name":"MGC Mutua","alternateName":"MGC","url":"https:\/\/www.mgc.es\/","logo":{"@type":"ImageObject","inLanguage":"ca","@id":"https:\/\/www.mgc.es\/#\/schema\/logo\/image\/","url":"https:\/\/www.mgc.es\/wp-content\/uploads\/2020\/03\/mgcmutua_h2_2t_reduccions.png","contentUrl":"https:\/\/www.mgc.es\/wp-content\/uploads\/2020\/03\/mgcmutua_h2_2t_reduccions.png","width":303,"height":165,"caption":"MGC Mutua"},"image":{"@id":"https:\/\/www.mgc.es\/#\/schema\/logo\/image\/"},"sameAs":["https:\/\/www.facebook.com\/mgcmutua","https:\/\/x.com\/mgcmutua","https:\/\/www.youtube.com\/c\/MGCMutua"]},{"@type":"Person","@id":"https:\/\/www.mgc.es\/#\/schema\/person\/010c961d9c9acf38f11187a02b646c16","name":"Revista Inter\u00e8s Mutu","image":{"@type":"ImageObject","inLanguage":"ca","@id":"https:\/\/secure.gravatar.com\/avatar\/52302d684339b9d7bf5691e2ad00835d62ce3b4a435f21ca9f21fbe39c63cb1b?s=96&d=mm&r=g","url":"https:\/\/secure.gravatar.com\/avatar\/52302d684339b9d7bf5691e2ad00835d62ce3b4a435f21ca9f21fbe39c63cb1b?s=96&d=mm&r=g","contentUrl":"https:\/\/secure.gravatar.com\/avatar\/52302d684339b9d7bf5691e2ad00835d62ce3b4a435f21ca9f21fbe39c63cb1b?s=96&d=mm&r=g","caption":"Revista Inter\u00e8s Mutu"}}]}},"_links":{"self":[{"href":"https:\/\/www.mgc.es\/ca\/wp-json\/wp\/v2\/posts\/27769","targetHints":{"allow":["GET"]}}],"collection":[{"href":"https:\/\/www.mgc.es\/ca\/wp-json\/wp\/v2\/posts"}],"about":[{"href":"https:\/\/www.mgc.es\/ca\/wp-json\/wp\/v2\/types\/post"}],"author":[{"embeddable":true,"href":"https:\/\/www.mgc.es\/ca\/wp-json\/wp\/v2\/users\/3"}],"replies":[{"embeddable":true,"href":"https:\/\/www.mgc.es\/ca\/wp-json\/wp\/v2\/comments?post=27769"}],"version-history":[{"count":6,"href":"https:\/\/www.mgc.es\/ca\/wp-json\/wp\/v2\/posts\/27769\/revisions"}],"predecessor-version":[{"id":27789,"href":"https:\/\/www.mgc.es\/ca\/wp-json\/wp\/v2\/posts\/27769\/revisions\/27789"}],"wp:featuredmedia":[{"embeddable":true,"href":"https:\/\/www.mgc.es\/ca\/wp-json\/wp\/v2\/media\/27771"}],"wp:attachment":[{"href":"https:\/\/www.mgc.es\/ca\/wp-json\/wp\/v2\/media?parent=27769"}],"wp:term":[{"taxonomy":"category","embeddable":true,"href":"https:\/\/www.mgc.es\/ca\/wp-json\/wp\/v2\/categories?post=27769"},{"taxonomy":"post_tag","embeddable":true,"href":"https:\/\/www.mgc.es\/ca\/wp-json\/wp\/v2\/tags?post=27769"}],"curies":[{"name":"wp","href":"https:\/\/api.w.org\/{rel}","templated":true}]}}