{"id":27744,"date":"2023-03-16T13:08:00","date_gmt":"2023-03-16T12:08:00","guid":{"rendered":"https:\/\/www.mgc.es\/?p=27744"},"modified":"2023-01-25T13:10:59","modified_gmt":"2023-01-25T12:10:59","slug":"que-es-i-com-cal-tractar-la-necrosi-dental","status":"publish","type":"post","link":"https:\/\/www.mgc.es\/ca\/blog\/que-es-i-com-cal-tractar-la-necrosi-dental\/","title":{"rendered":"Qu\u00e8 \u00e9s i com cal tractar la necrosi dental"},"content":{"rendered":"<div id=\"ez-toc-container\" class=\"ez-toc-v2_0_82_1 counter-hierarchy ez-toc-counter ez-toc-custom ez-toc-container-direction\">\n<div class=\"ez-toc-title-container\"><p class=\"ez-toc-title\" style=\"cursor:inherit\">\u00cdndex de continguts<\/p>\n<\/div><nav><ul class='ez-toc-list ez-toc-list-level-1 ' ><li class='ez-toc-page-1 ez-toc-heading-level-2'><a class=\"ez-toc-link ez-toc-heading-1\" href=\"https:\/\/www.mgc.es\/ca\/blog\/que-es-i-com-cal-tractar-la-necrosi-dental\/#Les_dents\" >Les dents<\/a><\/li><li class='ez-toc-page-1 ez-toc-heading-level-2'><a class=\"ez-toc-link ez-toc-heading-2\" href=\"https:\/\/www.mgc.es\/ca\/blog\/que-es-i-com-cal-tractar-la-necrosi-dental\/#Que_es_la_necrosi_dental_Simptomes\" >Qu\u00e8 \u00e9s la necrosi dental. S\u00edmptomes<\/a><\/li><li class='ez-toc-page-1 ez-toc-heading-level-2'><a class=\"ez-toc-link ez-toc-heading-3\" href=\"https:\/\/www.mgc.es\/ca\/blog\/que-es-i-com-cal-tractar-la-necrosi-dental\/#Que_lorigina\" >Qu\u00e8 l&#8217;origina<\/a><\/li><li class='ez-toc-page-1 ez-toc-heading-level-2'><a class=\"ez-toc-link ez-toc-heading-4\" href=\"https:\/\/www.mgc.es\/ca\/blog\/que-es-i-com-cal-tractar-la-necrosi-dental\/#Com_cal_tractar_la_necrosi_dental\" >Com cal tractar la necrosi dental<\/a><\/li><\/ul><\/nav><\/div>\n\n<figure class=\"wp-block-image size-large\"><img loading=\"lazy\" decoding=\"async\" width=\"880\" height=\"737\" src=\"https:\/\/www.mgc.es\/wp-content\/uploads\/2023\/01\/seccion-diente-880x737.jpg\" alt=\"\" class=\"wp-image-27740\" srcset=\"https:\/\/www.mgc.es\/wp-content\/uploads\/2023\/01\/seccion-diente-880x737.jpg 880w, https:\/\/www.mgc.es\/wp-content\/uploads\/2023\/01\/seccion-diente-440x368.jpg 440w, https:\/\/www.mgc.es\/wp-content\/uploads\/2023\/01\/seccion-diente-768x643.jpg 768w, https:\/\/www.mgc.es\/wp-content\/uploads\/2023\/01\/seccion-diente.jpg 1346w\" sizes=\"auto, (max-width: 880px) 100vw, 880px\" \/><\/figure>\n\n\n\n<p>Parlem de necrosi dental si fem refer\u00e8ncia a la mort d&#8217;una dent, \u00e9s a dir, quan una dent deixa de rebre reg sanguini i s&#8217;acaba necrosant.<\/p>\n\n\n\n<p>T\u00e9 diverses causes i diferents s\u00edmptomes, per\u00f2 abans d&#8217;aprofundir-hi, fixem-nos en les parts de la dent.<\/p>\n\n\n\n<h2 class=\"wp-block-heading\"><span class=\"ez-toc-section\" id=\"Les_dents\"><\/span><strong>Les dents<\/strong><strong><\/strong><span class=\"ez-toc-section-end\"><\/span><\/h2>\n\n\n\n<p>En tenim quatre classes, que fan diferents funcions en el proc\u00e9s de masticaci\u00f3: les <strong>incisives<\/strong> (quatre a dalt i quatre a sota), que serveixen per tallar els aliments; les <strong>canines<\/strong>, o ullals, (dues a dalt i dues a sota) per esqueixar-los; les <strong>premolars<\/strong> (vuit peces), que els trinxen i les <strong>molars<\/strong> (dotze peces), que els desintegren o molen.&nbsp;<\/p>\n\n\n\n<p>B\u00e0sicament, les dents consten de dues parts: la visible, que es diu corona, i la invisible o interna, que anomenem arrel.<\/p>\n\n\n\n<p>La <strong>corona<\/strong> fa la funci\u00f3 de les dents, \u00e9s a dir, mastegar. La zona de la corona que s&#8217;amaga dins la geniva \u00e9s el coll o zona cervical, que s&#8217;ha de raspallar amb cura i vigilar especialment, perqu\u00e8 \u00e9s on els bacteris se solen acumular.<\/p>\n\n\n\n<p>L&#8217;<strong>arrel<\/strong> \u00e9s la zona interna i pot ser \u00fanica (en el cas de les incisives) o haver-n&#8217;hi diverses, en el cas de les molars. Tot seguit n&#8217;esmentem les diferents parts:<\/p>\n\n\n\n<p>L&#8217;<strong>esmalt<\/strong> \u00e9s la zona m\u00e9s superficial de les dents i \u00e9s molt dura, tot i que tamb\u00e9 es pot trencar. Les <strong>genives<\/strong> s\u00f3n les mucoses situades sobre els ossos que envolten les dents. La <strong>polpa<\/strong>, o nervi, \u00e9s on hi ha els vasos sanguinis que irriguen les dents, \u00e9s a dir fan la funci\u00f3 de nodrir-les i mantenir-les vives.<\/p>\n\n\n\n<figure class=\"wp-block-image size-full\"><img loading=\"lazy\" decoding=\"async\" width=\"800\" height=\"533\" src=\"https:\/\/www.mgc.es\/wp-content\/uploads\/2023\/01\/dolor-muelas.jpg\" alt=\"\" class=\"wp-image-27742\" srcset=\"https:\/\/www.mgc.es\/wp-content\/uploads\/2023\/01\/dolor-muelas.jpg 800w, https:\/\/www.mgc.es\/wp-content\/uploads\/2023\/01\/dolor-muelas-440x293.jpg 440w, https:\/\/www.mgc.es\/wp-content\/uploads\/2023\/01\/dolor-muelas-768x512.jpg 768w\" sizes=\"auto, (max-width: 800px) 100vw, 800px\" \/><\/figure>\n\n\n\n<h2 class=\"wp-block-heading\"><span class=\"ez-toc-section\" id=\"Que_es_la_necrosi_dental_Simptomes\"><\/span><strong>Qu\u00e8 \u00e9s la necrosi dental. S\u00edmptomes<\/strong><strong><\/strong><span class=\"ez-toc-section-end\"><\/span><\/h2>\n\n\n\n<p>Tal com hem explicat, \u00e9s la mort d&#8217;una dent causada, al seu torn, per la mort de la polpa com a conseq\u00fc\u00e8ncia d&#8217;una malaltia o d&#8217;un traumatisme.<\/p>\n\n\n\n<p>Aquesta malaltia no ha de ser pas greu, si un especialista la tracta de manera convenient. En cas contrari, la polpa perd les funcions i acaba sofrint una necrosi.<\/p>\n\n\n\n<p>La necrosi dental no es manifesta de sobte. Els s\u00edmptomes m\u00e9s habituals que ens haurien de fer anar al dentista s\u00f3n:<\/p>\n\n\n\n<ul class=\"wp-block-list\"><li>Sensibilitat als aliments o begudes fredes<\/li><li>Mol\u00e8sties quan es mengen dol\u00e7os. Aix\u00f2 \u00e9s m\u00e9s probable si la causa del trastorn \u00e9s una c\u00e0ries o dent corcada<\/li><li>Mol\u00e8sties a la pe\u00e7a afectada quan es mastega<\/li><li>Minva gradual de les mol\u00e8sties a causa de la sensibilitat al fred<\/li><\/ul>\n\n\n\n<p>Si no actuem en el moment oport\u00fa, la necrosi dental pot empitjorar amb les complicacions seg\u00fcents:<\/p>\n\n\n\n<ul class=\"wp-block-list\"><li>Infecci\u00f3, que pot ser ostentosa, en forma de flegm\u00f3 (inflor a l&#8217;exterior de la cara que compr\u00e8n la zona afectada)<\/li><li>Abscessos o acumulacions de pus<\/li><li>Periodontitis, una infecci\u00f3 de les genives que pot afectar l&#8217;os<\/li><li>P\u00e8rdua de la massa \u00f2ssia, amb retracci\u00f3 progressiva de l&#8217;os de la mand\u00edbula<\/li><\/ul>\n\n\n\n<h2 class=\"wp-block-heading\"><span class=\"ez-toc-section\" id=\"Que_lorigina\"><\/span><strong>Qu\u00e8 l&#8217;origina<\/strong><strong><\/strong><span class=\"ez-toc-section-end\"><\/span><\/h2>\n\n\n\n<p>T\u00e9 diverses causes possibles. Les m\u00e9s habituals s\u00f3n:<\/p>\n\n\n\n<ul class=\"wp-block-list\"><li>Un cop o un traumatisme for\u00e7a intens.<\/li><li>Una c\u00e0ries no tractada o corregida de manera defectuosa. Quan tenim dents corcades, cal extremar la higiene dental per evitar problemes en la conflu\u00e8ncia entre la c\u00e0ries i l&#8217;esmalt.<\/li><li>Els empastaments, que han de fer bons professionals per estalviar-nos els maldecaps d&#8217;un resultat defectu\u00f3s.<\/li><\/ul>\n\n\n\n<h2 class=\"wp-block-heading\"><span class=\"ez-toc-section\" id=\"Com_cal_tractar_la_necrosi_dental\"><\/span><strong>Com cal tractar la necrosi dental<\/strong><strong><\/strong><span class=\"ez-toc-section-end\"><\/span><\/h2>\n\n\n\n<p>Quan es diagnostica el principi de necrosi, que ha d&#8217;assumir un professional, el tractament t\u00e9 sempre com a objectiu salvar la dent.<\/p>\n\n\n\n<p>Consisteix a fer una endod\u00f2ncia per frenar la propagaci\u00f3 del teixit dental mort. En aquesta operaci\u00f3 es lleva tot el teixit tou (pulpar) afectat, i talment s&#8217;elimina la infecci\u00f3.<\/p>\n\n\n\n<p>El tractament \u00e9s molt efectiu si s&#8217;aplica a temps.<\/p>\n\n\n\n<p>Si no es pot dur a terme l&#8217;endod\u00f2ncia perqu\u00e8 hem fet tard, l&#8217;\u00fanica soluci\u00f3 \u00e9s extreure la dent; si no, la infecci\u00f3 es podria escampar per la boca i afectar altres peces dentals.<\/p>\n","protected":false},"excerpt":{"rendered":"<p>Parlem de necrosi dental si fem refer\u00e8ncia a la mort d&#8217;una dent, \u00e9s a dir, quan una dent deixa de rebre reg sanguini i s&#8217;acaba necrosant.<\/p>\n<p>T\u00e9 diverses causes i diferents s\u00edmptomes, per\u00f2 abans d&#8217;aprofundir-hi, fixem-nos en les parts de la dent.<\/p>\n","protected":false},"author":3,"featured_media":27740,"comment_status":"closed","ping_status":"closed","sticky":false,"template":"","format":"standard","meta":{"footnotes":""},"categories":[997,187,15],"tags":[111,467],"class_list":["post-27744","post","type-post","status-publish","format-standard","has-post-thumbnail","hentry","category-odontologia","category-salud","category-salut","tag-odontologia","tag-odontologia-ca"],"featured_image_src":"https:\/\/www.mgc.es\/wp-content\/uploads\/2023\/01\/seccion-diente.jpg","author_info":{"display_name":"Revista Inter\u00e8s Mutu","author_link":"https:\/\/www.mgc.es\/ca\/blog\/author\/interesmutu\/"},"yoast_head":"<!-- This site is optimized with the Yoast SEO plugin v27.2 - https:\/\/yoast.com\/product\/yoast-seo-wordpress\/ -->\n<title>Qu\u00e8 \u00e9s i com cal tractar la necrosi dental - MGC M\u00fatua<\/title>\n<meta name=\"robots\" content=\"index, follow, max-snippet:-1, max-image-preview:large, max-video-preview:-1\" \/>\n<link rel=\"canonical\" href=\"https:\/\/www.mgc.es\/ca\/blog\/que-es-i-com-cal-tractar-la-necrosi-dental\/\" \/>\n<meta property=\"og:locale\" content=\"ca_ES\" \/>\n<meta property=\"og:type\" content=\"article\" \/>\n<meta property=\"og:title\" content=\"Qu\u00e8 \u00e9s i com cal tractar la necrosi dental - MGC M\u00fatua\" \/>\n<meta property=\"og:description\" content=\"Parlem de necrosi dental si fem refer\u00e8ncia a la mort d&#039;una dent, \u00e9s a dir, quan una dent deixa de rebre reg sanguini i s&#039;acaba necrosant. T\u00e9 diverses causes i diferents s\u00edmptomes, per\u00f2 abans d&#039;aprofundir-hi, fixem-nos en les parts de la dent.\" \/>\n<meta property=\"og:url\" content=\"https:\/\/www.mgc.es\/ca\/blog\/que-es-i-com-cal-tractar-la-necrosi-dental\/\" \/>\n<meta property=\"og:site_name\" content=\"MGC M\u00fatua\" \/>\n<meta property=\"article:publisher\" content=\"https:\/\/www.facebook.com\/mgcmutua\" \/>\n<meta property=\"article:published_time\" content=\"2023-03-16T12:08:00+00:00\" \/>\n<meta property=\"og:image\" content=\"https:\/\/www.mgc.es\/wp-content\/uploads\/2023\/01\/seccion-diente.jpg\" \/>\n\t<meta property=\"og:image:width\" content=\"1346\" \/>\n\t<meta property=\"og:image:height\" content=\"1127\" \/>\n\t<meta property=\"og:image:type\" content=\"image\/jpeg\" \/>\n<meta name=\"author\" content=\"Revista Inter\u00e8s Mutu\" \/>\n<meta name=\"twitter:card\" content=\"summary_large_image\" \/>\n<meta name=\"twitter:creator\" content=\"@mgcmutua\" \/>\n<meta name=\"twitter:site\" content=\"@mgcmutua\" \/>\n<meta name=\"twitter:label1\" content=\"Escrit per\" \/>\n\t<meta name=\"twitter:data1\" content=\"Revista Inter\u00e8s Mutu\" \/>\n\t<meta name=\"twitter:label2\" content=\"Temps estimat de lectura\" \/>\n\t<meta name=\"twitter:data2\" content=\"4 minuts\" \/>\n<!-- \/ Yoast SEO plugin. -->","yoast_head_json":{"title":"Qu\u00e8 \u00e9s i com cal tractar la necrosi dental - MGC M\u00fatua","robots":{"index":"index","follow":"follow","max-snippet":"max-snippet:-1","max-image-preview":"max-image-preview:large","max-video-preview":"max-video-preview:-1"},"canonical":"https:\/\/www.mgc.es\/ca\/blog\/que-es-i-com-cal-tractar-la-necrosi-dental\/","og_locale":"ca_ES","og_type":"article","og_title":"Qu\u00e8 \u00e9s i com cal tractar la necrosi dental - MGC M\u00fatua","og_description":"Parlem de necrosi dental si fem refer\u00e8ncia a la mort d'una dent, \u00e9s a dir, quan una dent deixa de rebre reg sanguini i s'acaba necrosant. T\u00e9 diverses causes i diferents s\u00edmptomes, per\u00f2 abans d'aprofundir-hi, fixem-nos en les parts de la dent.","og_url":"https:\/\/www.mgc.es\/ca\/blog\/que-es-i-com-cal-tractar-la-necrosi-dental\/","og_site_name":"MGC M\u00fatua","article_publisher":"https:\/\/www.facebook.com\/mgcmutua","article_published_time":"2023-03-16T12:08:00+00:00","og_image":[{"width":1346,"height":1127,"url":"https:\/\/www.mgc.es\/wp-content\/uploads\/2023\/01\/seccion-diente.jpg","type":"image\/jpeg"}],"author":"Revista Inter\u00e8s Mutu","twitter_card":"summary_large_image","twitter_creator":"@mgcmutua","twitter_site":"@mgcmutua","twitter_misc":{"Escrit per":"Revista Inter\u00e8s Mutu","Temps estimat de lectura":"4 minuts"},"schema":{"@context":"https:\/\/schema.org","@graph":[{"@type":["Article","BlogPosting"],"@id":"https:\/\/www.mgc.es\/ca\/blog\/que-es-i-com-cal-tractar-la-necrosi-dental\/#article","isPartOf":{"@id":"https:\/\/www.mgc.es\/ca\/blog\/que-es-i-com-cal-tractar-la-necrosi-dental\/"},"author":{"name":"Revista Inter\u00e8s Mutu","@id":"https:\/\/www.mgc.es\/#\/schema\/person\/010c961d9c9acf38f11187a02b646c16"},"headline":"Qu\u00e8 \u00e9s i com cal tractar la necrosi dental","datePublished":"2023-03-16T12:08:00+00:00","mainEntityOfPage":{"@id":"https:\/\/www.mgc.es\/ca\/blog\/que-es-i-com-cal-tractar-la-necrosi-dental\/"},"wordCount":652,"publisher":{"@id":"https:\/\/www.mgc.es\/#organization"},"image":{"@id":"https:\/\/www.mgc.es\/ca\/blog\/que-es-i-com-cal-tractar-la-necrosi-dental\/#primaryimage"},"thumbnailUrl":"https:\/\/www.mgc.es\/wp-content\/uploads\/2023\/01\/seccion-diente.jpg","keywords":["odontolog\u00eda","odontologia"],"articleSection":["Odontologia","Salud y medicina","Salut i medicina"],"inLanguage":"ca"},{"@type":["WebPage","ItemPage"],"@id":"https:\/\/www.mgc.es\/ca\/blog\/que-es-i-com-cal-tractar-la-necrosi-dental\/","url":"https:\/\/www.mgc.es\/ca\/blog\/que-es-i-com-cal-tractar-la-necrosi-dental\/","name":"Qu\u00e8 \u00e9s i com cal tractar la necrosi dental - MGC M\u00fatua","isPartOf":{"@id":"https:\/\/www.mgc.es\/#website"},"primaryImageOfPage":{"@id":"https:\/\/www.mgc.es\/ca\/blog\/que-es-i-com-cal-tractar-la-necrosi-dental\/#primaryimage"},"image":{"@id":"https:\/\/www.mgc.es\/ca\/blog\/que-es-i-com-cal-tractar-la-necrosi-dental\/#primaryimage"},"thumbnailUrl":"https:\/\/www.mgc.es\/wp-content\/uploads\/2023\/01\/seccion-diente.jpg","datePublished":"2023-03-16T12:08:00+00:00","breadcrumb":{"@id":"https:\/\/www.mgc.es\/ca\/blog\/que-es-i-com-cal-tractar-la-necrosi-dental\/#breadcrumb"},"inLanguage":"ca","potentialAction":[{"@type":"ReadAction","target":["https:\/\/www.mgc.es\/ca\/blog\/que-es-i-com-cal-tractar-la-necrosi-dental\/"]}]},{"@type":"ImageObject","inLanguage":"ca","@id":"https:\/\/www.mgc.es\/ca\/blog\/que-es-i-com-cal-tractar-la-necrosi-dental\/#primaryimage","url":"https:\/\/www.mgc.es\/wp-content\/uploads\/2023\/01\/seccion-diente.jpg","contentUrl":"https:\/\/www.mgc.es\/wp-content\/uploads\/2023\/01\/seccion-diente.jpg","width":1346,"height":1127},{"@type":"BreadcrumbList","@id":"https:\/\/www.mgc.es\/ca\/blog\/que-es-i-com-cal-tractar-la-necrosi-dental\/#breadcrumb","itemListElement":[{"@type":"ListItem","position":1,"name":"Home","item":"https:\/\/www.mgc.es\/ca\/"},{"@type":"ListItem","position":2,"name":"Qu\u00e8 \u00e9s i com cal tractar la necrosi dental"}]},{"@type":"WebSite","@id":"https:\/\/www.mgc.es\/#website","url":"https:\/\/www.mgc.es\/","name":"MGC M\u00fatua","description":"MGC M\u00fatua \u00e9s una entitat asseguradora sense \u00e0nim de lucre constitu\u00efda al 1982 i especialitzada en assegurances de salut i assist\u00e8ncia.","publisher":{"@id":"https:\/\/www.mgc.es\/#organization"},"alternateName":"MGC","potentialAction":[{"@type":"SearchAction","target":{"@type":"EntryPoint","urlTemplate":"https:\/\/www.mgc.es\/?s={search_term_string}"},"query-input":{"@type":"PropertyValueSpecification","valueRequired":true,"valueName":"search_term_string"}}],"inLanguage":"ca"},{"@type":"Organization","@id":"https:\/\/www.mgc.es\/#organization","name":"MGC Mutua","alternateName":"MGC","url":"https:\/\/www.mgc.es\/","logo":{"@type":"ImageObject","inLanguage":"ca","@id":"https:\/\/www.mgc.es\/#\/schema\/logo\/image\/","url":"https:\/\/www.mgc.es\/wp-content\/uploads\/2020\/03\/mgcmutua_h2_2t_reduccions.png","contentUrl":"https:\/\/www.mgc.es\/wp-content\/uploads\/2020\/03\/mgcmutua_h2_2t_reduccions.png","width":303,"height":165,"caption":"MGC Mutua"},"image":{"@id":"https:\/\/www.mgc.es\/#\/schema\/logo\/image\/"},"sameAs":["https:\/\/www.facebook.com\/mgcmutua","https:\/\/x.com\/mgcmutua","https:\/\/www.youtube.com\/c\/MGCMutua"]},{"@type":"Person","@id":"https:\/\/www.mgc.es\/#\/schema\/person\/010c961d9c9acf38f11187a02b646c16","name":"Revista Inter\u00e8s Mutu","image":{"@type":"ImageObject","inLanguage":"ca","@id":"https:\/\/secure.gravatar.com\/avatar\/52302d684339b9d7bf5691e2ad00835d62ce3b4a435f21ca9f21fbe39c63cb1b?s=96&d=mm&r=g","url":"https:\/\/secure.gravatar.com\/avatar\/52302d684339b9d7bf5691e2ad00835d62ce3b4a435f21ca9f21fbe39c63cb1b?s=96&d=mm&r=g","contentUrl":"https:\/\/secure.gravatar.com\/avatar\/52302d684339b9d7bf5691e2ad00835d62ce3b4a435f21ca9f21fbe39c63cb1b?s=96&d=mm&r=g","caption":"Revista Inter\u00e8s Mutu"}}]}},"_links":{"self":[{"href":"https:\/\/www.mgc.es\/ca\/wp-json\/wp\/v2\/posts\/27744","targetHints":{"allow":["GET"]}}],"collection":[{"href":"https:\/\/www.mgc.es\/ca\/wp-json\/wp\/v2\/posts"}],"about":[{"href":"https:\/\/www.mgc.es\/ca\/wp-json\/wp\/v2\/types\/post"}],"author":[{"embeddable":true,"href":"https:\/\/www.mgc.es\/ca\/wp-json\/wp\/v2\/users\/3"}],"replies":[{"embeddable":true,"href":"https:\/\/www.mgc.es\/ca\/wp-json\/wp\/v2\/comments?post=27744"}],"version-history":[{"count":1,"href":"https:\/\/www.mgc.es\/ca\/wp-json\/wp\/v2\/posts\/27744\/revisions"}],"predecessor-version":[{"id":27745,"href":"https:\/\/www.mgc.es\/ca\/wp-json\/wp\/v2\/posts\/27744\/revisions\/27745"}],"wp:featuredmedia":[{"embeddable":true,"href":"https:\/\/www.mgc.es\/ca\/wp-json\/wp\/v2\/media\/27740"}],"wp:attachment":[{"href":"https:\/\/www.mgc.es\/ca\/wp-json\/wp\/v2\/media?parent=27744"}],"wp:term":[{"taxonomy":"category","embeddable":true,"href":"https:\/\/www.mgc.es\/ca\/wp-json\/wp\/v2\/categories?post=27744"},{"taxonomy":"post_tag","embeddable":true,"href":"https:\/\/www.mgc.es\/ca\/wp-json\/wp\/v2\/tags?post=27744"}],"curies":[{"name":"wp","href":"https:\/\/api.w.org\/{rel}","templated":true}]}}