{"id":27717,"date":"2023-03-02T14:58:00","date_gmt":"2023-03-02T13:58:00","guid":{"rendered":"https:\/\/www.mgc.es\/?p=27717"},"modified":"2023-01-24T15:01:15","modified_gmt":"2023-01-24T14:01:15","slug":"catorze-causes-de-tenir-picor-a-la-pell-i-possibles-tractaments","status":"publish","type":"post","link":"https:\/\/www.mgc.es\/ca\/blog\/catorze-causes-de-tenir-picor-a-la-pell-i-possibles-tractaments\/","title":{"rendered":"Catorze causes de tenir picor a la pell i possibles tractaments"},"content":{"rendered":"<div id=\"ez-toc-container\" class=\"ez-toc-v2_0_82_1 counter-hierarchy ez-toc-counter ez-toc-custom ez-toc-container-direction\">\n<div class=\"ez-toc-title-container\"><p class=\"ez-toc-title\" style=\"cursor:inherit\">\u00cdndex de continguts<\/p>\n<\/div><nav><ul class='ez-toc-list ez-toc-list-level-1 ' ><li class='ez-toc-page-1 ez-toc-heading-level-2'><a class=\"ez-toc-link ez-toc-heading-1\" href=\"https:\/\/www.mgc.es\/ca\/blog\/catorze-causes-de-tenir-picor-a-la-pell-i-possibles-tractaments\/#Quan_has_danar_al_metge_perque_tens_picor\" >Quan has d&#8217;anar al metge perqu\u00e8 tens picor<\/a><\/li><li class='ez-toc-page-1 ez-toc-heading-level-2'><a class=\"ez-toc-link ez-toc-heading-2\" href=\"https:\/\/www.mgc.es\/ca\/blog\/catorze-causes-de-tenir-picor-a-la-pell-i-possibles-tractaments\/#Catorze_causes_comunes_de_la_picor_cutania\" >Catorze causes comunes de la picor cut\u00e0nia<\/a><\/li><li class='ez-toc-page-1 ez-toc-heading-level-2'><a class=\"ez-toc-link ez-toc-heading-3\" href=\"https:\/\/www.mgc.es\/ca\/blog\/catorze-causes-de-tenir-picor-a-la-pell-i-possibles-tractaments\/#Eczema_dermatitis_atopica\" >\u00c8czema (dermatitis at\u00f2pica)<\/a><\/li><li class='ez-toc-page-1 ez-toc-heading-level-2'><a class=\"ez-toc-link ez-toc-heading-4\" href=\"https:\/\/www.mgc.es\/ca\/blog\/catorze-causes-de-tenir-picor-a-la-pell-i-possibles-tractaments\/#Psoriasi\" >Psoriasi<\/a><\/li><\/ul><\/nav><\/div>\n\n<figure class=\"wp-block-image size-full\"><img loading=\"lazy\" decoding=\"async\" width=\"800\" height=\"475\" src=\"https:\/\/www.mgc.es\/wp-content\/uploads\/2023\/01\/erupcion-cuello.jpg\" alt=\"\" class=\"wp-image-27709\" srcset=\"https:\/\/www.mgc.es\/wp-content\/uploads\/2023\/01\/erupcion-cuello.jpg 800w, https:\/\/www.mgc.es\/wp-content\/uploads\/2023\/01\/erupcion-cuello-440x261.jpg 440w, https:\/\/www.mgc.es\/wp-content\/uploads\/2023\/01\/erupcion-cuello-768x456.jpg 768w\" sizes=\"auto, (max-width: 800px) 100vw, 800px\" \/><\/figure>\n\n\n\n<p>La picor, la co\u00efssor, o la pru\u00efja per als metges, \u00e9s un s\u00edmptoma molt com\u00fa que no ha rebut prou atenci\u00f3. Al contrari del que passa amb el dolor, \u00e9s f\u00e0cil de considerar la picor com tan sols una irritaci\u00f3 lleu. Cal trencar la cadena pica-grata, per\u00f2, per m\u00e9s que et diguin tot sovint que no et gratis, no pots acabar de controlar el fenomen.<\/p>\n\n\n\n<p>Ara b\u00e9, la picor en el millor dels casos fa la guitza i prou, per\u00f2 en el pitjor t\u00e9 un efecte afeblidor i pot interferir en la vida di\u00e0ria, fins arribar a causar problemes psicol\u00f2gics.<\/p>\n\n\n\n<p>A continuaci\u00f3 enumerarem les causes m\u00e9s comunes de la picor. Com passa amb tots els problemes m\u00e8dics, \u00e9s clau saber qu\u00e8 l&#8217;ocasiona per tractar-la. La co\u00efssor pot ser el resultat d&#8217;un trastorn cutani (com ara la dermatitis), una infecci\u00f3 a la pell, una al\u00b7l\u00e8rgia o, m\u00e9s rarament, un desequilibri de subst\u00e0ncies qu\u00edmiques al cos.<\/p>\n\n\n\n<h2 class=\"wp-block-heading\"><span class=\"ez-toc-section\" id=\"Quan_has_danar_al_metge_perque_tens_picor\"><\/span><strong>Quan has d&#8217;anar al metge perqu\u00e8 tens picor<\/strong><span class=\"ez-toc-section-end\"><\/span><\/h2>\n\n\n\n<p>Com a regla general, ves al metge si la co\u00efssor:<\/p>\n\n\n\n<ul class=\"wp-block-list\"><li>Dura m\u00e9s de dues setmanes i no desapareix amb tractaments casolans<\/li><li>Si \u00e9s intensa, no et deixa dormir o interfereix en la teva rutina<\/li><li>Apareix de sobte, sense causa aparent<\/li><li>Afecta tot el cos<\/li><li>S&#8217;associa a altres s\u00edmptomes, com ara el malestar general, la febre, la suor nocturna o la p\u00e8rdua de pes<\/li><\/ul>\n\n\n\n<figure class=\"wp-block-image size-full\"><img loading=\"lazy\" decoding=\"async\" width=\"800\" height=\"533\" src=\"https:\/\/www.mgc.es\/wp-content\/uploads\/2023\/01\/rascandose2.jpg\" alt=\"\" class=\"wp-image-27711\" srcset=\"https:\/\/www.mgc.es\/wp-content\/uploads\/2023\/01\/rascandose2.jpg 800w, https:\/\/www.mgc.es\/wp-content\/uploads\/2023\/01\/rascandose2-440x293.jpg 440w, https:\/\/www.mgc.es\/wp-content\/uploads\/2023\/01\/rascandose2-768x512.jpg 768w\" sizes=\"auto, (max-width: 800px) 100vw, 800px\" \/><figcaption>Woman scratching her arm<\/figcaption><\/figure>\n\n\n\n<h2 class=\"wp-block-heading\"><span class=\"ez-toc-section\" id=\"Catorze_causes_comunes_de_la_picor_cutania\"><\/span><strong>Catorze causes comunes de la picor cut\u00e0nia<\/strong><span class=\"ez-toc-section-end\"><\/span><\/h2>\n\n\n\n<p>De la dermatitis de contacte a les infeccions f\u00fangiques, la picor a la pell pot tenir diferents causes i diversos tractaments.<\/p>\n\n\n\n<ul class=\"wp-block-list\" type=\"1\"><li><strong>Pell seca<\/strong><\/li><\/ul>\n\n\n\n<p>\u00c9s realment una causa molt comuna de picor i, ben sovint, afecta tot el cos. No sol presentar erupcions visibles, per\u00f2 la pell dels bra\u00e7os, i de les cames en particular, pot tenir una aparen\u00e7a seca i una mica escatosa. Tothom pot tenir la pell seca, tot i que \u00e9s m\u00e9s freq\u00fcent en la gent gran.<\/p>\n\n\n\n<ul class=\"wp-block-list\"><li><strong>Causes<\/strong><\/li><\/ul>\n\n\n\n<p>Acostuma a tenir m\u00e9s incid\u00e8ncia a l&#8217;hivern, quan el fred fa que ens recloem a casa, en espais escalfats, La combinaci\u00f3 de fred intens i calefacci\u00f3 (que torna l&#8217;aire eixut) causa sequedat de pell. T\u00e9 el mateix efecte banyar-se o dutxar-se amb aigua calenta.<\/p>\n\n\n\n<ul class=\"wp-block-list\"><li><strong>Tractament<\/strong><\/li><\/ul>\n\n\n\n<p>Una bona loci\u00f3 hidratant sense perfums (anomenats emol\u00b7lients) \u00e9s una manera efectiva de combatre la sequedat; tamb\u00e9 hi ajuda substituir el sab\u00f3 per altres productes. El farmac\u00e8utic et dir\u00e0 quins s\u00f3n m\u00e9s recomanables.<\/p>\n\n\n\n<p>Recorda d&#8217;eixugar-te b\u00e9 les mans i el cos despr\u00e9s d&#8217;esbandir-te. Paradoxalment, deixar la pell humida la resseca.<\/p>\n\n\n\n<p>I pensa de mantenir una bona hidrataci\u00f3 corporal.<\/p>\n\n\n\n<ul class=\"wp-block-list\"><li><strong>Dermatitis de contacte<\/strong><\/li><\/ul>\n\n\n\n<p>\u00c9s una inflamaci\u00f3 de la pell pel contacte recent amb algun agent. Com a resultat, hi ha zones de la pell que es tornen vermelles, resseques i tenen una aspecte inflamat; de vegades, fins i tot surten unes petites butllofes anomenades ves\u00edcules. Solen apar\u00e8ixer a les mans i a la cara, i solen causar pru\u00efja o, fins i tot, fan mal.<\/p>\n\n\n\n<ul class=\"wp-block-list\"><li><strong>Causes<\/strong><\/li><\/ul>\n\n\n\n<p>Les possibles causes en s\u00f3n:<\/p>\n\n\n\n<ul class=\"wp-block-list\"><li>Productes de neteja de la llar (l\u00edquids netejadors i esprais)<\/li><li>Maquillatge, perfums o productes per als cabells<\/li><li>Detergents en pols per a la rentadora o condicionadors<\/li><li>Agents qu\u00edmics a la feina<\/li><li>Guants de l\u00e0tex<\/li><\/ul>\n\n\n\n<ul class=\"wp-block-list\"><li><strong>Tractament<\/strong><\/li><\/ul>\n\n\n\n<p>El primer pas \u00e9s identificar-ne l&#8217;agent desencadenant i evitar-lo. Tot seguit, cal tractar la inflamaci\u00f3 durant una setmana amb emol\u00b7lients i una crema esteroidal. Parla&#8217;n amb el metge o amb el farmac\u00e8utic, perqu\u00e8 t&#8217;aconsellin.<\/p>\n\n\n\n<p>Anant m\u00e9s enll\u00e0, procura d&#8217;acostumar-te a fer servir guants quan netegis a casa i tria productes de bellesa o de neteja hipoal\u00b7lerg\u00f2gens.<\/p>\n\n\n\n<figure class=\"wp-block-image size-full\"><img loading=\"lazy\" decoding=\"async\" width=\"800\" height=\"533\" src=\"https:\/\/www.mgc.es\/wp-content\/uploads\/2023\/01\/hidratando-piel.jpg\" alt=\"\" class=\"wp-image-27713\" srcset=\"https:\/\/www.mgc.es\/wp-content\/uploads\/2023\/01\/hidratando-piel.jpg 800w, https:\/\/www.mgc.es\/wp-content\/uploads\/2023\/01\/hidratando-piel-440x293.jpg 440w, https:\/\/www.mgc.es\/wp-content\/uploads\/2023\/01\/hidratando-piel-768x512.jpg 768w\" sizes=\"auto, (max-width: 800px) 100vw, 800px\" \/><\/figure>\n\n\n\n<h2 class=\"wp-block-heading\"><span class=\"ez-toc-section\" id=\"Eczema_dermatitis_atopica\"><\/span><strong>\u00c8czema (dermatitis at\u00f2pica)<\/strong><span class=\"ez-toc-section-end\"><\/span><\/h2>\n\n\n\n<p>Tamb\u00e9 anomenada \u00e8czema, la dermatitis at\u00f2pica causa amb freq\u00fc\u00e8ncia picor, tant en els infants com en els adults. \u00c9s com si una part de la pell seca hagu\u00e9s penetrat m\u00e9s profundament en capes internes, i aleshores es formen plaques de pell inflamada, resseca i clivellada, que, a m\u00e9s a m\u00e9s, fan co\u00efssor. Sovinteja en els nadons i els infants, per\u00f2 pot persistir en l&#8217;edat adulta. Habitualment la pell t\u00e9 una aparen\u00e7a normal, per\u00f2, de vegades, es manifesten episodis d&#8217;\u00e8czema (\u00e9s a dir, brots). En els nadons sol afectar zones com la panxa i les galtes; i, a mesura que creixen, surten als plecs dels colzes i als canells, com tamb\u00e9 al darrere dels genolls.<\/p>\n\n\n\n<ul class=\"wp-block-list\"><li><strong>Causes de l&#8217;\u00e8czema<\/strong><\/li><\/ul>\n\n\n\n<p>Hi ha un seguit de factors que, conjuntament, produeixen l&#8217;\u00e8czema, alguns dels quals no entenem del tot. \u00danicament sabem que els pacients amb \u00e8czemes solen tenir la pell eixarre\u00efda i molt resistent a la hidrataci\u00f3, amb zones seques de la pell que la fan m\u00e9s propensa a reaccionar en contacte amb certs agents.<\/p>\n\n\n\n<p>Hi ha clarament un component gen\u00e8tic que comparteixen l&#8217;\u00e8czema i altres alteracions at\u00f2piques, com l&#8217;asma i les al\u00b7l\u00e8rgies al pol\u00b7len. Els antecedents familiars d&#8217;aquests trastorns representen un risc clar de desenvolupar el trastorn.<\/p>\n\n\n\n<ul class=\"wp-block-list\"><li><strong>Tractament de l&#8217;\u00e8czema<\/strong><\/li><\/ul>\n\n\n\n<p>D&#8217;entrada cal combatre un brot d&#8217;\u00e8czema amb emol\u00b7lients i cremes esteroidals. Els primers reforcen la barrera protectora contra l&#8217;exc\u00e9s d&#8217;hidrataci\u00f3 de la pell i s&#8217;hi han d&#8217;aplicar amb abund\u00e0ncia almenys un parell de cops al dia. De fet, \u00e9s aconsellable de continuar el tractament per prevenir-ne altres brots.<\/p>\n\n\n\n<p>Les cremes esteroidals fan davallar la inflamaci\u00f3 durant un brot i en minimitzen els s\u00edmptomes. Hi ha diferents classes de cremes i de pomades, amb divers grau d&#8217;intensitat, i tan sols les m\u00e9s suaus es poden comprar sense recepta (les m\u00e9s potents poden esblaimar o aprimar la pell). Qualsevol pacient amb un \u00e8czema acaba sabent qu\u00e8 li va b\u00e9 i qu\u00e8 no, i potser se sap espavilar sense receptes. \u00c9s important de tenir en compte que les cremes esteroidals s&#8217;han d&#8217;aplicar estrictament a la zona afectada, i durant un temps limitat de set a catorze dies<\/p>\n\n\n\n<p>En cas de dubte, per\u00f2, o si els brots d&#8217;\u00e8czema s\u00f3n recurrents, val m\u00e9s fer-se visitar pel metge de fam\u00edlia, que recomanar\u00e0 qu\u00e8 \u00e9s m\u00e9s convenient en cada cas, fins i tot si cal consultar un dermat\u00f2leg.<\/p>\n\n\n\n<p>Finalment, \u00e9s essencial tenir en compte certs factors que poden desencadenar-ne brots, i evitar-los. En principi, caldria controlar-los deixant-ne const\u00e0ncia en un diari, per\u00f2 els m\u00e9s habituals s\u00f3n:<\/p>\n\n\n\n<ul class=\"wp-block-list\"><li>Detergents en pols<\/li><li>Xamp\u00fas i altres sabons<\/li><li>Teixits de llana o sint\u00e8tics<\/li><li>Humitat o floridures a casa<\/li><li>Mascotes<\/li><li>Al\u00b7l\u00e8rgies aliment\u00e0ries, com ara als lactis, als ous, a la farina, a la soja\u2026 Si sospitem que tenim cap al\u00b7l\u00e8rgia aliment\u00e0ria, val m\u00e9s que en parlem amb el metge.<\/li><\/ul>\n\n\n\n<ul class=\"wp-block-list\"><li><strong>Urtic\u00e0ria<\/strong><\/li><\/ul>\n\n\n\n<p>Les al\u00b7l\u00e8rgies aliment\u00e0ries o a altres subst\u00e0ncies es poden manifestar en forma d&#8217;erupcions que coneixem com a favasses, i que els metges anomenen urtic\u00e0ria. S\u00f3n una mena de plaques vermelles a la pell que tendeixen a sobresortir i que piquen amb intensitat; varien de mida entre uns quants mil\u00b7l\u00edmetres i la grand\u00e0ria d&#8217;una m\u00e0. Poden apar\u00e8ixer a qualsevol part del cos, fins i tot a la cara. En les persones amb el rostre de color ocre o fosc, sol ser dif\u00edcil de diferenciar-hi la vermellor. La granellada va i ve en q\u00fcesti\u00f3 de minuts i normalment es mou d&#8217;una banda a l&#8217;altra del cos.<\/p>\n\n\n\n<ul class=\"wp-block-list\"><li><strong>Causes de la urtic\u00e0ria<\/strong><\/li><\/ul>\n\n\n\n<p>Els aliments seg\u00fcents solen causar urtic\u00e0ria:<\/p>\n\n\n\n<ul class=\"wp-block-list\"><li>Cacauets i altra fruita seca<\/li><li>Marisc<\/li><li>Peix<\/li><li>Blat<\/li><li>Soja<\/li><li>Lactis<\/li><\/ul>\n\n\n\n<ul class=\"wp-block-list\"><li><strong>Tractament de la urtic\u00e0ria<\/strong><\/li><\/ul>\n\n\n\n<p>A curt termini, es pot tractar la urtic\u00e0ria de manera efica\u00e7 amb medicaments antihistam\u00ednics com ara la cetirizina, disponible a les farm\u00e0cies sense recepta, que alleuja r\u00e0pidament l&#8217;erupci\u00f3 i la co\u00efssor.<\/p>\n\n\n\n<p>Com en tants altres casos, la prevenci\u00f3 \u00e9s la millor cura i \u00e9s important d&#8217;identificar-ne la causa. Si sospitem de qualsevol nova intervenci\u00f3 d&#8217;un al\u00b7lergen, n&#8217;hem de parlar amb el metge de fam\u00edlia, perqu\u00e8 potser cal fer m\u00e9s proves, o fer una modificaci\u00f3 en la dieta.<\/p>\n\n\n\n<p>\u00c9s estrany que la urtic\u00e0ria sigui un s\u00edmptoma d&#8217;una reacci\u00f3 tan greu com l&#8217;anafilaxi, una resposta immunit\u00e0ria que reclama atenci\u00f3 m\u00e8dica urgent perqu\u00e8 no empitjori. Si tens una urtic\u00e0ria que inclou inflamaci\u00f3 de la cara, dels llavis o de la llengua, incomoditat per respirar o manca d&#8217;al\u00e8, ves de seguida al servei d&#8217;urg\u00e8ncies m\u00e9s proper.<\/p>\n\n\n\n<ul class=\"wp-block-list\"><li><strong>Infeccions per fongs<\/strong><\/li><\/ul>\n\n\n\n<p>Els fongs s\u00f3n una causa for\u00e7a general de picor intensa. Les zones afectades s\u00f3n colonitzades per la <em>Candida albicans<\/em> (tamb\u00e9 anomenada c\u00e0ndida ras i curt), o altres fongs coneguts com a dermat\u00f2fits. Normalment apareixen en zones calentes o humides, com ara l&#8217;engonal, els peus o els plecs del cos (a les aixelles o a sota els pits). S\u00f3n freq\u00fcents, en aquest cas, la tinya inguinal i el peu d&#8217;atleta.<\/p>\n\n\n\n<p>Les diferents classes d&#8217;infeccions poden variar en aparen\u00e7a, per\u00f2 comparteixen s\u00edmptomes com les taques vermelles i brillants, la picor i, de vegades, la descamaci\u00f3, el clivellament o l&#8217;aprimament de la pell. Pel que fa a la tinya (un cas espec\u00edfic d&#8217;infecci\u00f3), l&#8217;erupci\u00f3 sol ser circular o en forma d&#8217;anell.<\/p>\n\n\n\n<ul class=\"wp-block-list\"><li><strong>Causes de les infeccions f\u00fangiques<\/strong><\/li><\/ul>\n\n\n\n<p>Pr\u00e0cticament tothom pateix una infecci\u00f3 f\u00fangica en algun moment de la vida, i no \u00e9s indicador de cap malaltia. Malgrat tot, els diab\u00e8tics i les persones amb immunodepressi\u00f3 s\u00f3n m\u00e9s proclius a contreure aquesta mena d&#8217;infeccions per la seva condici\u00f3 de partida. Tamb\u00e9 sovintegen en persones obeses o amb sobrep\u00e8s, en les qui han de fer llit o en les que estan immobilitzades.<\/p>\n\n\n\n<p>Aquestes infeccions es poden encomanar per contacte directe, mitjan\u00e7ant objectes portadors de fongs o les mascotes. \u00c9s habitual de contreure-les a les piscines, les dutxes comunit\u00e0ries o b\u00e9 compartint tovalloles o roba.<\/p>\n\n\n\n<p>La humitat i la calor s\u00f3n les condicions ideals perqu\u00e8 els fongs proliferin. \u00c9s clau, doncs, extremar la higiene, rentar-se amb regularitat i canviar-se de roba, sobretot si fas exercici en ambients c\u00e0lids.<\/p>\n\n\n\n<ul class=\"wp-block-list\"><li><strong>Tractament de les infeccions f\u00fangiques<\/strong><\/li><\/ul>\n\n\n\n<p>En termes generals, aquesta classe d&#8217;infeccions respon r\u00e0pidament al tractament amb cremes antif\u00fangiques (amb components esteroidals o sense), i a les rentades regulars amb un sab\u00f3 no irritant. \u00c9s vital de canviar-se de roba sovint, evitar els ambients c\u00e0lids i procurar que els espais es ventilin correctament. Cal eixugar-se amb cura despr\u00e9s del bany o de la dutxa i fer servir roba de cot\u00f3.<\/p>\n\n\n\n<ul class=\"wp-block-list\"><li><strong>Erupcions infeccioses espec\u00edfiques<\/strong><\/li><\/ul>\n\n\n\n<p>Hi ha infeccions que manifesten altres s\u00edmptomes, al marge de l&#8217;erupci\u00f3 amb picor.<\/p>\n\n\n\n<ul class=\"wp-block-list\"><li><strong>La varicel\u00b7la<\/strong><\/li><\/ul>\n\n\n\n<p>Les butllofes, plenes de l\u00edquid, que causa la varicel\u00b7la poden afectar tot el cos, comen\u00e7ant habitualment pel tors. Sovint s&#8217;associen a la febre, els dolors corporals, el mal de coll i la p\u00e8rdua de gana.<\/p>\n\n\n\n<ul class=\"wp-block-list\"><li><strong>L&#8217;herpes<\/strong><\/li><\/ul>\n\n\n\n<p>El virus de la varicel\u00b7la es pot tornar a manifestar com una erupci\u00f3 dolorosa que fa co\u00efssor. Sol afectar un sol costat del cos, fet que indica que el virus es concentra en una \u00e0rea nerviosa espec\u00edfica (o dermatoma). Si l&#8217;erupci\u00f3 apareix a tots dos costats, \u00e9s poc probable que sigui per causa d&#8217;un herpes. L&#8217;erupci\u00f3 t\u00e9 l&#8217;aparen\u00e7a d&#8217;un conjunt de petites butllofes i, sovint, la precedeix un pessigolleig i\/o tot de picors. Cal anar al metge, perqu\u00e8 probablement et prescriur\u00e0 un tractament amb antivirals que alleujar\u00e0 en certa manera el mal. \u00c9s essencial que el metge comprovi si hi ha possibles infeccions al cap, al coll o als ulls.<\/p>\n\n\n\n<ul class=\"wp-block-list\"><li><strong>El xarampi\u00f3<\/strong><\/li><\/ul>\n\n\n\n<p>Com a s\u00edmptomes en destaquen la febre, els ulls envermellits i plorosos, el mal de coll, la p\u00e8rdua de gana, la tos i els mocs. Tamb\u00e9 poden sortir les taques de Koplik, que s\u00f3n petites taques de color blav\u00f3s envoltades d&#8217;una \u00e0rea vermella que solen afectar, primer de tot, la boca. M\u00e9s tard, quan se n&#8217;han manifestat els primers s\u00edmptomes al cap de tres o cinc dies, sol apar\u00e8ixer una erupci\u00f3 darrere de les orelles que s&#8217;escampa avall per tot el cos. El xarampi\u00f3 \u00e9s una malaltia molt greu i for\u00e7a infecciosa, de manera que, si sospitem que la tenim, hem d&#8217;anar de seguida al metge.<\/p>\n\n\n\n<ul class=\"wp-block-list\"><li><strong>Picades d&#8217;insectes<\/strong><\/li><\/ul>\n\n\n\n<p>Fan molta co\u00efssor, per\u00f2 es poden tractar a casa amb facilitat. L&#8217;aplicaci\u00f3 d&#8217;un gel amb \u00e0loe vera pot apaivagar-ne la picor, i una crema antihistam\u00ednica, o b\u00e9 els antihistam\u00ednics orals, tamb\u00e9 et poden fer servei. Si ets en una zona on hi ha mosquits, pots emprar una loci\u00f3 repel\u00b7lent contra els insectes.<\/p>\n\n\n\n<p>Si la zona de la picada s&#8217;infla progressivament, es torna vermella i comen\u00e7a a fer mal, significa que el bacteri ha penetrat sota la pell i hi ha causat una infecci\u00f3. En aquest cas cal anar al metge, perqu\u00e8 probablement et prescriur\u00e0 un tractament antibi\u00f2tic amb crema o b\u00e9 amb medicaci\u00f3 oral.<\/p>\n\n\n\n<ul class=\"wp-block-list\"><li><strong>Mili\u00e0ria o calor espinosa<\/strong><\/li><\/ul>\n\n\n\n<p>\u00c9s una erupci\u00f3 molt empipadora que normalment desapareix per si sola al cap de pocs dies. Pot afectar qualsevol part del cos i es manifesta amb petites taques prominents que produeixen picor i tenen un tacte espin\u00f3s, del qual en deriva el nom. Poden tenir un fons vermell que, en les pells fosques, no \u00e9s f\u00e0cil d&#8217;observar.<\/p>\n\n\n\n<ul class=\"wp-block-list\"><li><strong>Causes<\/strong><\/li><\/ul>\n\n\n\n<p>\u00c9s for\u00e7a comuna a l&#8217;estiu, quan fa xafogor. L&#8217;exc\u00e9s d&#8217;humitat n&#8217;\u00e9s la causa, perqu\u00e8 fa que es bloquin les gl\u00e0ndules sudor\u00edpares i retinguin la suor. Si b\u00e9 tothom pot tenir aquesta patologia, els nadons hi s\u00f3n particularment vulnerables, pel fet que no tenen del tot desenvolupada la capacitat de controlar la pr\u00f2pia temperatura.<\/p>\n\n\n\n<ul class=\"wp-block-list\"><li><strong>Tractament<\/strong><\/li><\/ul>\n\n\n\n<p>El millor tractament \u00e9s mantenir la pell fresca:<\/p>\n\n\n\n<ul class=\"wp-block-list\"><li>Fes servir roba de cot\u00f3 folgada<\/li><li>Dutxa&#8217;t o banya&#8217;t sovint amb aigua freda<\/li><li>No facis servir roba de llit feixuga<\/li><li>Cal mantenir una bona hidrataci\u00f3 bevent molta aigua<\/li><li>Posa&#8217;t draps humits que et refresquin la pell<\/li><li>Aplica&#8217;t una loci\u00f3 de calamina a l&#8217;\u00e0rea afectada<\/li><li>Es pot complementar el tractament amb cremes o antihistam\u00ednics<\/li><\/ul>\n\n\n\n<ul class=\"wp-block-list\"><li><strong>Infestacions cut\u00e0nies<\/strong><\/li><\/ul>\n\n\n\n<p>La pru\u00efja pot provenir de la tinya, dels polls o dels \u00e0cars de la pols.<\/p>\n\n\n\n<p>L&#8217;\u00e0car que causa la tinya (en concret, una esp\u00e8cie d&#8217;aranya min\u00fascula) pon ous damunt la pell deixant-hi un tra\u00e7 argentat amb un punt al final. Acaba produint una erupci\u00f3 amb petites taques vermelles, que s\u00f3n de color marr\u00f3 o negre a les pells groguenques o fosques. La picor sol ser m\u00e9s intensa a la nit. Per identificar la infecci\u00f3 ens hem de fixar si n&#8217;hi ha cap indici entre els dits.<\/p>\n\n\n\n<ul class=\"wp-block-list\"><li><strong>Causes de la tinya<\/strong><\/li><\/ul>\n\n\n\n<p>El problema comen\u00e7a quan els \u00e0cars penetren la pell. S&#8217;escampen amb facilitat per contacte amb alg\u00fa altre afectat i tothom en pot ser v\u00edctima.<\/p>\n\n\n\n<ul class=\"wp-block-list\"><li><strong>Tractament<\/strong><\/li><\/ul>\n\n\n\n<p>El metge (o, en tot cas, el farmac\u00e8utic) ha de dir quina loci\u00f3 \u00e9s la m\u00e9s adequada en cada cas. Els qui han estat en contacte amb un pacient tamb\u00e9 s&#8217;han d&#8217;aplicar la loci\u00f3.<\/p>\n\n\n\n<p>Els vestits i la roba de llit s&#8217;han de rentar a temperatures de m\u00e9s de 50 \u00baC el primer dia de tractament.<\/p>\n\n\n\n<p><strong>Els \u00e0cars de la pols<\/strong> s\u00f3n insectes petits que viuen als mobles i fan picor. Es poden tractar amb antihistam\u00ednics i cremes esteroidals. Cal que els especialistes hi intervinguin per eliminar els \u00e0cars dom\u00e8stics.<\/p>\n\n\n\n<p><strong>Els polls<\/strong> poden causar una co\u00efssor intensa al cap i acaben fent sortir nafres a la pell. S\u00f3n visibles a ull nu, com els ous que ponen (ll\u00e9menes). Es tracten amb pintes especials, de pues espesses, i unes locions disponibles a les farm\u00e0cies sense recepta. Normalment, per eliminar de tot la infecci\u00f3, cal repetir el tractament al cap d&#8217;una setmana.<\/p>\n\n\n\n<p>Les picades de <strong>les puces<\/strong> tamb\u00e9 poden fer rabiar. Sovint ataquen els turmells o les parts m\u00e9s en contacte amb les mascotes o les catifes, on sovint hi ha puces. A banda de seguir un tractament contra les picades, \u00e9s clau d&#8217;exterminar aquests insectes tan indesitjables.<\/p>\n\n\n\n<p>Qualsevol picada que causi una picor intensa pot degenerar en una infecci\u00f3 cut\u00e0nia secund\u00e0ria, tal com hem exposat abans. Si et fa mal, o t&#8217;adones que n&#8217;empitjora la vermellor o la inflor, no t&#8217;ho pensis i contacta amb el metge de fam\u00edlia.<\/p>\n\n\n\n<figure class=\"wp-block-image size-full\"><img loading=\"lazy\" decoding=\"async\" width=\"800\" height=\"533\" src=\"https:\/\/www.mgc.es\/wp-content\/uploads\/2023\/01\/hombre-con-esprai.jpg\" alt=\"\" class=\"wp-image-27715\" srcset=\"https:\/\/www.mgc.es\/wp-content\/uploads\/2023\/01\/hombre-con-esprai.jpg 800w, https:\/\/www.mgc.es\/wp-content\/uploads\/2023\/01\/hombre-con-esprai-440x293.jpg 440w, https:\/\/www.mgc.es\/wp-content\/uploads\/2023\/01\/hombre-con-esprai-768x512.jpg 768w\" sizes=\"auto, (max-width: 800px) 100vw, 800px\" \/><\/figure>\n\n\n\n<h2 class=\"wp-block-heading\"><span class=\"ez-toc-section\" id=\"Psoriasi\"><\/span><strong>Psoriasi<\/strong><span class=\"ez-toc-section-end\"><\/span><\/h2>\n\n\n\n<p>La psoriasi fa sortir unes plaques argentades caracter\u00edstiques de pell escatosa i, alhora, taques vermelles, que poden fer molta picor o no gens. Habitualment aquestes plaques es localitzen al cuir cabellut, als colzes, als genolls i a la part inferior de l&#8217;esquena. Com passa amb l&#8217;\u00e8czema, els pacients amb psoriasi manifesten la malaltia per brots, amb lapses de temps sense s\u00edmptomes en l&#8217;endemig. Pot apar\u00e8ixer a qualsevol edat, per\u00f2 sovint afecta adults de menys de 35 anys. A Espanya en pateix el 2,3 % de la poblaci\u00f3.<\/p>\n\n\n\n<p>\u00c9s un problema de llarg termini i la gravetat varia entre pacients: de les afeccions m\u00e9s lleus fins a les que interfereixen en la vida di\u00e0ria.<\/p>\n\n\n\n<p>La classe m\u00e9s comuna de psoriasi \u00e9s la psoriasi de plaques que manifesta els s\u00edmptomes que hem explicat abans. N&#8217;hi ha, per\u00f2, subclasses com:<\/p>\n\n\n\n<ul class=\"wp-block-list\"><li>La psoriasi <em>guttata<\/em> (o de gotes)<\/li><li>L&#8217;\u00e8czema flexural<\/li><li>La psoriasi pustular<\/li><li>L&#8217;eritrod\u00e8rmia psori\u00e0sica<\/li><\/ul>\n\n\n\n<p>Disposem de diferents tractaments per a cadascuna. Cap a una tercera part dels pacients pateix un trastorn associat que es coneix com a psoriasi artr\u00edtica.<\/p>\n\n\n\n<ul class=\"wp-block-list\"><li><strong>Causes de la psoriasi<\/strong><\/li><\/ul>\n\n\n\n<p>No se sap gaire qu\u00e8 causa aquest trastorn. Ara b\u00e9, podem afirmar que els pacients amb psoriasi tenen una renovaci\u00f3 de les c\u00e8l\u00b7lules cut\u00e0nies molt superior a la dels altres. Aquest volum en la producci\u00f3 afecta \u00e0rees de pell gruixuda i escatosa.<\/p>\n\n\n\n<p>Hi ha proves que aquesta regeneraci\u00f3 cel\u00b7lular tan r\u00e0pida \u00e9s per un problema del sistema immunitari que s&#8217;anomena la malaltia autoimmunit\u00e0ria: el cos ataca altres estructures pr\u00f2pies per error.<\/p>\n\n\n\n<p>Les causes d&#8217;aquest problema immunitari no s\u00f3n clares, tot i que diversos estudis suggereixen que hi intervenen factors gen\u00e8tics (\u00e9s a dir, que es poden tenir antecedents familiars del trastorn), i tamb\u00e9 ambientals, coneguts com a desencadenants. Els m\u00e9s habituals son:<\/p>\n\n\n\n<ul class=\"wp-block-list\"><li>Lesions a la pell<\/li><li>Estr\u00e8s<\/li><li>Certs medicaments<\/li><li>Infeccions cut\u00e0nies i de gola<\/li><li>Oratge fred i sec<\/li><li>El tabac<\/li><li>El consum d&#8217;alcohol<\/li><\/ul>\n\n\n\n<ul class=\"wp-block-list\"><li><strong>Tractament de la psoriasi<\/strong><\/li><\/ul>\n\n\n\n<p>El tractament se centra a controlar el trastorn tan b\u00e9 com es pugui, perqu\u00e8 no se n&#8217;ha trobat cap cura. La forma m\u00e9s comuna del trastorn \u00e9s la psoriasi de plaques, que se sol tractar amb compostos t\u00f2pics (cremes o pomades), a banda de locions hidratants, cremes esteroidals, cremes amb vitamina D o amb quitr\u00e0 d&#8217;hulla. Hi ha metges que proposen tractaments de fototer\u00e0pia amb llum ultraviolada. Si no \u00e9s efectiu, es pot prescriure medicaci\u00f3 que disminueixi l&#8217;activitat del sistema immunitari.<\/p>\n\n\n\n<ul class=\"wp-block-list\" type=\"1\"><li><strong>Pitiriasi rosada<\/strong><\/li><\/ul>\n\n\n\n<p>La ros\u00e8ola escatosa \u00e9s un trastorn que causa una petita erupci\u00f3 a la pell completament inofensiva per\u00f2 desagradable. Pot afectar tothom, per\u00f2 sol apar\u00e8ixer en adults de menys de 35 anys. Normalment, quan el metge la diagnostica, l&#8217;erupci\u00f3 ja s&#8217;ha escampat per extenses \u00e0rees del cos, sobretot al tors. L&#8217;erupci\u00f3 es caracteritza per petites lesions a la pell en forma d&#8217;elevaci\u00f3 que fan entre un i dos cent\u00edmetres de di\u00e0metre. De vegades produeix picor, per\u00f2 no sempre.<\/p>\n\n\n\n<p>\u00c9s interessant de fer notar que molts pacients que van passar per un episodi d&#8217;aquest trastorn recorden que s&#8217;havien trobat malament abans del brot. Tamb\u00e9 recorden que van observar una taca que els metges anomenen medall\u00f3 her\u00e0ldic, \u00e9s a dir una \u00fanica placa oval, rosada i de superf\u00edcie escatosa amb una mida d&#8217;entre dos i deu cm durant uns quants dies (o setmanes), abans que es manifest\u00e9s el trastorn.<\/p>\n\n\n\n<ul class=\"wp-block-list\"><li><strong>Causes de la pitiriasi rosada<\/strong><\/li><\/ul>\n\n\n\n<p>No sabem exactament qu\u00e8 causa la pitiriasi rosada, tot i que suposem que prov\u00e9 d&#8217;alguna mena d&#8217;infecci\u00f3 viral.<\/p>\n\n\n\n<ul class=\"wp-block-list\"><li><strong>Tractament de la pitiriasi rosada<\/strong><\/li><\/ul>\n\n\n\n<p>Normalment no cal seguir cap tractament, at\u00e8s que desapareix per si mateixa al cap del temps. Malgrat tot, si tenim una picor intensa, podem fer servir una combinaci\u00f3 de locions hidratants, cremes esteroidals i antihistam\u00ednics per combatre-la.<\/p>\n\n\n\n<ul class=\"wp-block-list\" type=\"1\"><li><strong>Causes sist\u00e8miques de la picor a la pell<\/strong><\/li><\/ul>\n\n\n\n<p>Sist\u00e8mic \u00e9s un terme emprat en medicina per indicar un problema que afecta tot el cos, i no \u00fanicament una part. La picor generalitzada, especialment si l&#8217;erupci\u00f3 no \u00e9s visible, pot ser el resultat d&#8217;una malaltia sist\u00e8mica per l&#8217;acumulaci\u00f3 de diferents agents qu\u00edmics al cos. No es tracta pas d&#8217;un trastorn freq\u00fcent, per\u00f2 cal descartar-ho; aix\u00ed doncs, \u00e9s important que et visiti el metge, el qual, despr\u00e9s d&#8217;un interrogatori preliminar, n&#8217;esbrinar\u00e0 les possibles causes:<\/p>\n\n\n\n<ul class=\"wp-block-list\"><li>Malaltia hep\u00e0tica<\/li><li>Trastorns de la sang, com ara l&#8217;an\u00e8mia, la leuc\u00e8mia o el mieloma<\/li><li>Malaltia renal<\/li><\/ul>\n\n\n\n<p>Si es diagnostica cap de les malalties esmentades, cal circumscriure el tractament a la causa subjacent.<\/p>\n\n\n\n<ul class=\"wp-block-list\" type=\"1\"><li><strong>Causes psicol\u00f2giques de la picor a la pell<\/strong><\/li><\/ul>\n\n\n\n<p>Tothom sap que, de vegades, tenir estr\u00e8s o neguit irrita la pell, per\u00f2 en alguns casos pot ser el s\u00edmptoma d&#8217;una alteraci\u00f3 m\u00e9s greu. L&#8217;ansietat generalitzada, la depressi\u00f3 o un trastorn obsessivocompulsiu poden originar una picor creixent. En aquests casos, cal tractar el problema subjacent.<\/p>\n\n\n\n<ul class=\"wp-block-list\" type=\"1\"><li><strong>Gestaci\u00f3 i picors<\/strong><\/li><\/ul>\n\n\n\n<p>La gestaci\u00f3 pot afavorir de tenir picors. Aix\u00f2 \u00e9s, simplement, pel fet que s&#8217;estira la pell abdominal, per\u00f2 no t\u00e9 conseq\u00fc\u00e8ncies greus.<\/p>\n\n\n\n<p>Ben rarament (gaireb\u00e9 un cas entre cent) es per conseq\u00fc\u00e8ncia d&#8217;una col\u00e8stasi intrahep\u00e0tica de l&#8217;embar\u00e0s, una malaltia que demana atenci\u00f3 m\u00e8dica.<\/p>\n\n\n\n<p>Durant la perimenopausa (per\u00edode de transici\u00f3 a la menopausa) tamb\u00e9 es pot tenir picor, a causa dels canvis hormonals.<\/p>\n","protected":false},"excerpt":{"rendered":"<p>La picor, la co\u00efssor, o la pru\u00efja per als metges, \u00e9s un s\u00edmptoma molt com\u00fa que no ha rebut prou atenci\u00f3. Al contrari del que passa amb el dolor, \u00e9s f\u00e0cil de considerar la picor com tan sols una irritaci\u00f3 lleu. Cal trencar la cadena pica-grata, per\u00f2, per m\u00e9s que et diguin tot sovint que no et gratis, no pots acabar de controlar el fenomen.<\/p>\n","protected":false},"author":3,"featured_media":27709,"comment_status":"closed","ping_status":"closed","sticky":false,"template":"","format":"standard","meta":{"footnotes":""},"categories":[187],"tags":[256,230],"class_list":["post-27717","post","type-post","status-publish","format-standard","has-post-thumbnail","hentry","category-salud","tag-habitos-saludables","tag-prevencion"],"featured_image_src":"https:\/\/www.mgc.es\/wp-content\/uploads\/2023\/01\/erupcion-cuello.jpg","author_info":{"display_name":"Revista Inter\u00e8s Mutu","author_link":"https:\/\/www.mgc.es\/ca\/blog\/author\/interesmutu\/"},"yoast_head":"<!-- This site is optimized with the Yoast SEO plugin v27.2 - https:\/\/yoast.com\/product\/yoast-seo-wordpress\/ -->\n<title>Catorze causes de tenir picor a la pell i possibles tractaments - MGC M\u00fatua<\/title>\n<meta name=\"robots\" content=\"index, follow, max-snippet:-1, max-image-preview:large, max-video-preview:-1\" \/>\n<link rel=\"canonical\" href=\"https:\/\/www.mgc.es\/blog\/14-causas-de-que-la-piel-pique-y-posibles-tratamientos\/\" \/>\n<meta property=\"og:locale\" content=\"ca_ES\" \/>\n<meta property=\"og:type\" content=\"article\" \/>\n<meta property=\"og:title\" content=\"Catorze causes de tenir picor a la pell i possibles tractaments - MGC M\u00fatua\" \/>\n<meta property=\"og:description\" content=\"La picor, la co\u00efssor, o la pru\u00efja per als metges, \u00e9s un s\u00edmptoma molt com\u00fa que no ha rebut prou atenci\u00f3. Al contrari del que passa amb el dolor, \u00e9s f\u00e0cil de considerar la picor com tan sols una irritaci\u00f3 lleu. Cal trencar la cadena pica-grata, per\u00f2, per m\u00e9s que et diguin tot sovint que no et gratis, no pots acabar de controlar el fenomen.\" \/>\n<meta property=\"og:url\" content=\"https:\/\/www.mgc.es\/blog\/14-causas-de-que-la-piel-pique-y-posibles-tratamientos\/\" \/>\n<meta property=\"og:site_name\" content=\"MGC M\u00fatua\" \/>\n<meta property=\"article:publisher\" content=\"https:\/\/www.facebook.com\/mgcmutua\" \/>\n<meta property=\"article:published_time\" content=\"2023-03-02T13:58:00+00:00\" \/>\n<meta property=\"og:image\" content=\"https:\/\/www.mgc.es\/wp-content\/uploads\/2023\/01\/erupcion-cuello.jpg\" \/>\n\t<meta property=\"og:image:width\" content=\"800\" \/>\n\t<meta property=\"og:image:height\" content=\"475\" \/>\n\t<meta property=\"og:image:type\" content=\"image\/jpeg\" \/>\n<meta name=\"author\" content=\"Revista Inter\u00e8s Mutu\" \/>\n<meta name=\"twitter:card\" content=\"summary_large_image\" \/>\n<meta name=\"twitter:creator\" content=\"@mgcmutua\" \/>\n<meta name=\"twitter:site\" content=\"@mgcmutua\" \/>\n<meta name=\"twitter:label1\" content=\"Escrit per\" \/>\n\t<meta name=\"twitter:data1\" content=\"Revista Inter\u00e8s Mutu\" \/>\n\t<meta name=\"twitter:label2\" content=\"Temps estimat de lectura\" \/>\n\t<meta name=\"twitter:data2\" content=\"17 minuts\" \/>\n<!-- \/ Yoast SEO plugin. -->","yoast_head_json":{"title":"Catorze causes de tenir picor a la pell i possibles tractaments - MGC M\u00fatua","robots":{"index":"index","follow":"follow","max-snippet":"max-snippet:-1","max-image-preview":"max-image-preview:large","max-video-preview":"max-video-preview:-1"},"canonical":"https:\/\/www.mgc.es\/blog\/14-causas-de-que-la-piel-pique-y-posibles-tratamientos\/","og_locale":"ca_ES","og_type":"article","og_title":"Catorze causes de tenir picor a la pell i possibles tractaments - MGC M\u00fatua","og_description":"La picor, la co\u00efssor, o la pru\u00efja per als metges, \u00e9s un s\u00edmptoma molt com\u00fa que no ha rebut prou atenci\u00f3. Al contrari del que passa amb el dolor, \u00e9s f\u00e0cil de considerar la picor com tan sols una irritaci\u00f3 lleu. Cal trencar la cadena pica-grata, per\u00f2, per m\u00e9s que et diguin tot sovint que no et gratis, no pots acabar de controlar el fenomen.","og_url":"https:\/\/www.mgc.es\/blog\/14-causas-de-que-la-piel-pique-y-posibles-tratamientos\/","og_site_name":"MGC M\u00fatua","article_publisher":"https:\/\/www.facebook.com\/mgcmutua","article_published_time":"2023-03-02T13:58:00+00:00","og_image":[{"width":800,"height":475,"url":"https:\/\/www.mgc.es\/wp-content\/uploads\/2023\/01\/erupcion-cuello.jpg","type":"image\/jpeg"}],"author":"Revista Inter\u00e8s Mutu","twitter_card":"summary_large_image","twitter_creator":"@mgcmutua","twitter_site":"@mgcmutua","twitter_misc":{"Escrit per":"Revista Inter\u00e8s Mutu","Temps estimat de lectura":"17 minuts"},"schema":{"@context":"https:\/\/schema.org","@graph":[{"@type":["Article","BlogPosting"],"@id":"https:\/\/www.mgc.es\/blog\/14-causas-de-que-la-piel-pique-y-posibles-tratamientos\/#article","isPartOf":{"@id":"https:\/\/www.mgc.es\/blog\/14-causas-de-que-la-piel-pique-y-posibles-tratamientos\/"},"author":{"name":"Revista Inter\u00e8s Mutu","@id":"https:\/\/www.mgc.es\/#\/schema\/person\/010c961d9c9acf38f11187a02b646c16"},"headline":"Catorze causes de tenir picor a la pell i possibles tractaments","datePublished":"2023-03-02T13:58:00+00:00","mainEntityOfPage":{"@id":"https:\/\/www.mgc.es\/blog\/14-causas-de-que-la-piel-pique-y-posibles-tratamientos\/"},"wordCount":3653,"publisher":{"@id":"https:\/\/www.mgc.es\/#organization"},"image":{"@id":"https:\/\/www.mgc.es\/blog\/14-causas-de-que-la-piel-pique-y-posibles-tratamientos\/#primaryimage"},"thumbnailUrl":"https:\/\/www.mgc.es\/wp-content\/uploads\/2023\/01\/erupcion-cuello.jpg","keywords":["h\u00e1bitos saludables","prevenci\u00f3n"],"articleSection":["Salud y medicina"],"inLanguage":"ca"},{"@type":["WebPage","ItemPage"],"@id":"https:\/\/www.mgc.es\/blog\/14-causas-de-que-la-piel-pique-y-posibles-tratamientos\/","url":"https:\/\/www.mgc.es\/blog\/14-causas-de-que-la-piel-pique-y-posibles-tratamientos\/","name":"Catorze causes de tenir picor a la pell i possibles tractaments - MGC M\u00fatua","isPartOf":{"@id":"https:\/\/www.mgc.es\/#website"},"primaryImageOfPage":{"@id":"https:\/\/www.mgc.es\/blog\/14-causas-de-que-la-piel-pique-y-posibles-tratamientos\/#primaryimage"},"image":{"@id":"https:\/\/www.mgc.es\/blog\/14-causas-de-que-la-piel-pique-y-posibles-tratamientos\/#primaryimage"},"thumbnailUrl":"https:\/\/www.mgc.es\/wp-content\/uploads\/2023\/01\/erupcion-cuello.jpg","datePublished":"2023-03-02T13:58:00+00:00","breadcrumb":{"@id":"https:\/\/www.mgc.es\/blog\/14-causas-de-que-la-piel-pique-y-posibles-tratamientos\/#breadcrumb"},"inLanguage":"ca","potentialAction":[{"@type":"ReadAction","target":["https:\/\/www.mgc.es\/blog\/14-causas-de-que-la-piel-pique-y-posibles-tratamientos\/"]}]},{"@type":"ImageObject","inLanguage":"ca","@id":"https:\/\/www.mgc.es\/blog\/14-causas-de-que-la-piel-pique-y-posibles-tratamientos\/#primaryimage","url":"https:\/\/www.mgc.es\/wp-content\/uploads\/2023\/01\/erupcion-cuello.jpg","contentUrl":"https:\/\/www.mgc.es\/wp-content\/uploads\/2023\/01\/erupcion-cuello.jpg","width":800,"height":475},{"@type":"BreadcrumbList","@id":"https:\/\/www.mgc.es\/blog\/14-causas-de-que-la-piel-pique-y-posibles-tratamientos\/#breadcrumb","itemListElement":[{"@type":"ListItem","position":1,"name":"Home","item":"https:\/\/www.mgc.es\/ca\/"},{"@type":"ListItem","position":2,"name":"Catorze causes de tenir picor a la pell i possibles tractaments"}]},{"@type":"WebSite","@id":"https:\/\/www.mgc.es\/#website","url":"https:\/\/www.mgc.es\/","name":"MGC M\u00fatua","description":"MGC M\u00fatua \u00e9s una entitat asseguradora sense \u00e0nim de lucre constitu\u00efda al 1982 i especialitzada en assegurances de salut i assist\u00e8ncia.","publisher":{"@id":"https:\/\/www.mgc.es\/#organization"},"alternateName":"MGC","potentialAction":[{"@type":"SearchAction","target":{"@type":"EntryPoint","urlTemplate":"https:\/\/www.mgc.es\/?s={search_term_string}"},"query-input":{"@type":"PropertyValueSpecification","valueRequired":true,"valueName":"search_term_string"}}],"inLanguage":"ca"},{"@type":"Organization","@id":"https:\/\/www.mgc.es\/#organization","name":"MGC Mutua","alternateName":"MGC","url":"https:\/\/www.mgc.es\/","logo":{"@type":"ImageObject","inLanguage":"ca","@id":"https:\/\/www.mgc.es\/#\/schema\/logo\/image\/","url":"https:\/\/www.mgc.es\/wp-content\/uploads\/2020\/03\/mgcmutua_h2_2t_reduccions.png","contentUrl":"https:\/\/www.mgc.es\/wp-content\/uploads\/2020\/03\/mgcmutua_h2_2t_reduccions.png","width":303,"height":165,"caption":"MGC Mutua"},"image":{"@id":"https:\/\/www.mgc.es\/#\/schema\/logo\/image\/"},"sameAs":["https:\/\/www.facebook.com\/mgcmutua","https:\/\/x.com\/mgcmutua","https:\/\/www.youtube.com\/c\/MGCMutua"]},{"@type":"Person","@id":"https:\/\/www.mgc.es\/#\/schema\/person\/010c961d9c9acf38f11187a02b646c16","name":"Revista Inter\u00e8s Mutu","image":{"@type":"ImageObject","inLanguage":"ca","@id":"https:\/\/secure.gravatar.com\/avatar\/52302d684339b9d7bf5691e2ad00835d62ce3b4a435f21ca9f21fbe39c63cb1b?s=96&d=mm&r=g","url":"https:\/\/secure.gravatar.com\/avatar\/52302d684339b9d7bf5691e2ad00835d62ce3b4a435f21ca9f21fbe39c63cb1b?s=96&d=mm&r=g","contentUrl":"https:\/\/secure.gravatar.com\/avatar\/52302d684339b9d7bf5691e2ad00835d62ce3b4a435f21ca9f21fbe39c63cb1b?s=96&d=mm&r=g","caption":"Revista Inter\u00e8s Mutu"}}]}},"_links":{"self":[{"href":"https:\/\/www.mgc.es\/ca\/wp-json\/wp\/v2\/posts\/27717","targetHints":{"allow":["GET"]}}],"collection":[{"href":"https:\/\/www.mgc.es\/ca\/wp-json\/wp\/v2\/posts"}],"about":[{"href":"https:\/\/www.mgc.es\/ca\/wp-json\/wp\/v2\/types\/post"}],"author":[{"embeddable":true,"href":"https:\/\/www.mgc.es\/ca\/wp-json\/wp\/v2\/users\/3"}],"replies":[{"embeddable":true,"href":"https:\/\/www.mgc.es\/ca\/wp-json\/wp\/v2\/comments?post=27717"}],"version-history":[{"count":1,"href":"https:\/\/www.mgc.es\/ca\/wp-json\/wp\/v2\/posts\/27717\/revisions"}],"predecessor-version":[{"id":27718,"href":"https:\/\/www.mgc.es\/ca\/wp-json\/wp\/v2\/posts\/27717\/revisions\/27718"}],"wp:featuredmedia":[{"embeddable":true,"href":"https:\/\/www.mgc.es\/ca\/wp-json\/wp\/v2\/media\/27709"}],"wp:attachment":[{"href":"https:\/\/www.mgc.es\/ca\/wp-json\/wp\/v2\/media?parent=27717"}],"wp:term":[{"taxonomy":"category","embeddable":true,"href":"https:\/\/www.mgc.es\/ca\/wp-json\/wp\/v2\/categories?post=27717"},{"taxonomy":"post_tag","embeddable":true,"href":"https:\/\/www.mgc.es\/ca\/wp-json\/wp\/v2\/tags?post=27717"}],"curies":[{"name":"wp","href":"https:\/\/api.w.org\/{rel}","templated":true}]}}