{"id":27647,"date":"2023-01-26T17:27:00","date_gmt":"2023-01-26T16:27:00","guid":{"rendered":"https:\/\/www.mgc.es\/?p=27647"},"modified":"2023-01-16T17:29:29","modified_gmt":"2023-01-16T16:29:29","slug":"la-depressio-atipica-simptomes-causes-i-tractaments","status":"publish","type":"post","link":"https:\/\/www.mgc.es\/ca\/blog\/la-depressio-atipica-simptomes-causes-i-tractaments\/","title":{"rendered":"La depressi\u00f3 at\u00edpica: s\u00edmptomes, causes i tractaments"},"content":{"rendered":"<div id=\"ez-toc-container\" class=\"ez-toc-v2_0_82_1 counter-hierarchy ez-toc-counter ez-toc-custom ez-toc-container-direction\">\n<div class=\"ez-toc-title-container\"><p class=\"ez-toc-title\" style=\"cursor:inherit\">\u00cdndex de continguts<\/p>\n<\/div><nav><ul class='ez-toc-list ez-toc-list-level-1 ' ><li class='ez-toc-page-1 ez-toc-heading-level-2'><a class=\"ez-toc-link ez-toc-heading-1\" href=\"https:\/\/www.mgc.es\/ca\/blog\/la-depressio-atipica-simptomes-causes-i-tractaments\/#Quins_en_son_els_simptomes\" >Quins en s\u00f3n els s\u00edmptomes<\/a><\/li><li class='ez-toc-page-1 ez-toc-heading-level-2'><a class=\"ez-toc-link ez-toc-heading-2\" href=\"https:\/\/www.mgc.es\/ca\/blog\/la-depressio-atipica-simptomes-causes-i-tractaments\/#Diagnostic\" >Diagn\u00f2stic<\/a><\/li><li class='ez-toc-page-1 ez-toc-heading-level-2'><a class=\"ez-toc-link ez-toc-heading-3\" href=\"https:\/\/www.mgc.es\/ca\/blog\/la-depressio-atipica-simptomes-causes-i-tractaments\/#Tractaments\" >Tractaments<\/a><\/li><li class='ez-toc-page-1 ez-toc-heading-level-2'><a class=\"ez-toc-link ez-toc-heading-4\" href=\"https:\/\/www.mgc.es\/ca\/blog\/la-depressio-atipica-simptomes-causes-i-tractaments\/#Que_podem_fer_a_casa\" >Qu\u00e8 podem fer a casa<\/a><\/li><\/ul><\/nav><\/div>\n\n<figure class=\"wp-block-image size-full\"><img loading=\"lazy\" decoding=\"async\" width=\"800\" height=\"533\" src=\"https:\/\/www.mgc.es\/wp-content\/uploads\/2023\/01\/persona-con-depresion.jpg\" alt=\"\" class=\"wp-image-27643\" srcset=\"https:\/\/www.mgc.es\/wp-content\/uploads\/2023\/01\/persona-con-depresion.jpg 800w, https:\/\/www.mgc.es\/wp-content\/uploads\/2023\/01\/persona-con-depresion-440x293.jpg 440w, https:\/\/www.mgc.es\/wp-content\/uploads\/2023\/01\/persona-con-depresion-768x512.jpg 768w\" sizes=\"auto, (max-width: 800px) 100vw, 800px\" \/><\/figure>\n\n\n\n<p>La depressi\u00f3 at\u00edpica, a desgrat del nom, \u00e9s relativament freq\u00fcent, i t\u00e9 molts dels s\u00edmptomes associats a la depressi\u00f3 \u201cnormal\u201d, encara que n&#8217;hi ha d&#8217;altres que li s\u00f3n exclusius i no es donen gaire en la depressi\u00f3 normal.<\/p>\n\n\n\n<p>En el cas de la depressi\u00f3 at\u00edpica els s\u00edmptomes habituals que coincideixen amb l&#8217;ordin\u00e0ria s\u00f3n: la tristor, l&#8217;ansietat, l&#8217;ab\u00falia i una manca d&#8217;inter\u00e8s per les coses. Afecta l&#8217;estat d&#8217;\u00e0nim del pacient, com se sent i pensa, el seu comportament i, de vegades, fins i tot notem que no t\u00e9 prou ganes de viure. Entre els s\u00edmptomes que la&#8217;n diferencien, per\u00f2, trobem que els pacients amb depressi\u00f3 at\u00edpica responen molt b\u00e9 als fets positius i, en canvi, reaccionen exageradament malament en les circumst\u00e0ncies negatives.<\/p>\n\n\n\n<h2 class=\"wp-block-heading\"><span class=\"ez-toc-section\" id=\"Quins_en_son_els_simptomes\"><\/span><strong>Quins en s\u00f3n els s\u00edmptomes<\/strong><span class=\"ez-toc-section-end\"><\/span><\/h2>\n\n\n\n<p>Els s\u00edmptomes diferencials de la depressi\u00f3 at\u00edpica s\u00f3n:<\/p>\n\n\n\n<ol class=\"wp-block-list\" type=\"1\"><li><strong>Inestabilitat emocional<\/strong>. Tal com hem explicat, els pacients responen de manera exagerada als esdeveniments externs; s&#8217;engresquen amb una bona not\u00edcia o s&#8217;ensorren quan hi ha un contratemps.<\/li><li><strong>Gana<\/strong>: els pacients tenen una gana anormal, que fa que mengin massa i s&#8217;engreixin.<\/li><li><strong>Dolors<\/strong> i pesadesa de les extremitats.<\/li><li>Cansament intens i, per aquesta ra\u00f3, els pacients s&#8217;estan llargues estones del dia asseguts o b\u00e9 ajaguts. Aix\u00f2 pot contribuir a accentuar la solitud i crear un cercle vici\u00f3s.<\/li><li><strong>Son anormal<\/strong> o hipers\u00f2mnia. Els pacients solen dormir moltes hores, tant si \u00e9s de dia com de nit.<\/li><li><strong>Sensibilitat<\/strong> extrema a les opinions de tercers, tant si s\u00f3n afalacs com cr\u00edtiques, cosa que els crea ansietat per la imatge que poden oferir als altres.<\/li><\/ol>\n\n\n\n<h2 class=\"wp-block-heading\"><span class=\"ez-toc-section\" id=\"Diagnostic\"><\/span><strong>Diagn\u00f2stic<\/strong><span class=\"ez-toc-section-end\"><\/span><\/h2>\n\n\n\n<p>La depressi\u00f3 at\u00edpica t\u00e9 una caracter\u00edstica clau, que \u00e9s la inestabilitat emocional. La inestabilitat pot fer que la depressi\u00f3 no es noti i passi desapercebuda per als altres.<\/p>\n\n\n\n<p>El diagn\u00f2stic de qualsevol depressi\u00f3 dep\u00e8n, en bona part, del pacient, que \u00e9s qui ha de dir al metge qu\u00e8 li passa. El metge li pot proposar, tamb\u00e9, de respondre un q\u00fcestionari que reveli clarament si pateix cap depressi\u00f3.<\/p>\n\n\n\n<p>Igualment, el metge pot fer una exploraci\u00f3 f\u00edsica al pacient i demanar-li una an\u00e0lisi de sang o altres proves per descartar-ne les causes org\u00e0niques, com ara alguna mena d&#8217;an\u00e8mia o un d\u00e8ficit d&#8217;hormones tiroidals.<\/p>\n\n\n\n<figure class=\"wp-block-image size-full\"><img loading=\"lazy\" decoding=\"async\" width=\"800\" height=\"538\" src=\"https:\/\/www.mgc.es\/wp-content\/uploads\/2023\/01\/depresion2.jpg\" alt=\"\" class=\"wp-image-27645\" srcset=\"https:\/\/www.mgc.es\/wp-content\/uploads\/2023\/01\/depresion2.jpg 800w, https:\/\/www.mgc.es\/wp-content\/uploads\/2023\/01\/depresion2-440x296.jpg 440w, https:\/\/www.mgc.es\/wp-content\/uploads\/2023\/01\/depresion2-768x516.jpg 768w\" sizes=\"auto, (max-width: 800px) 100vw, 800px\" \/><figcaption>Young man with hands clasped together<\/figcaption><\/figure>\n\n\n\n<h2 class=\"wp-block-heading\"><span class=\"ez-toc-section\" id=\"Tractaments\"><\/span><strong>Tractaments<\/strong><span class=\"ez-toc-section-end\"><\/span><\/h2>\n\n\n\n<p>B\u00e0sicament hi ha dos tractaments possibles: la psicoter\u00e0pia i la farmacoter\u00e0pia. El metge de fam\u00edlia hauria de recomanar, d&#8217;entrada, una consulta amb l&#8217;especialista adequat. El tractament es pot perfilar amb el temps, per centrar-se en la pauta que hagi estat m\u00e9s efectiva per al pacient.<\/p>\n\n\n\n<p>No \u00e9s possible detallar el tractament farmacol\u00f2gic que cal seguir en aquest article, per l&#8217;extensi\u00f3 del tema, per\u00f2 esmentarem els medicaments que es prescriuen m\u00e9s habitualment:<\/p>\n\n\n\n<ul class=\"wp-block-list\"><li>Inhibidors de la monoamina-oxidasa (fenelzina), que s\u00f3n f\u00e0rmacs molt delicats i demanen una estricta vigil\u00e0ncia m\u00e8dica pels greus efectes secundaris que poden tenir.<\/li><li>Antidepressius (inhibidors selectius de la recaptaci\u00f3 de serotonina, com ara la sertralina i la fluoxetina.<\/li><\/ul>\n\n\n\n<p>El tractament psicoterap\u00e8utic pot incloure la psicoter\u00e0pia cognitiva o b\u00e9 la ter\u00e0pia interpersonal, i cal triar-ne una o altra en funci\u00f3 dels resultats.<\/p>\n\n\n\n<h2 class=\"wp-block-heading\"><span class=\"ez-toc-section\" id=\"Que_podem_fer_a_casa\"><\/span><strong>Qu\u00e8 podem fer a casa<\/strong><span class=\"ez-toc-section-end\"><\/span><\/h2>\n\n\n\n<p>La depressi\u00f3 \u00e9s una malaltia greu i no hem de provar de resoldre-la nosaltres mateixos. Ara b\u00e9, hi ha coses que podem fer que, sens dubte, ens ajudaran a combatre-la, i d&#8217;altres que haur\u00edem d&#8217;evitar. El primer consell \u00e9s essencial, per tant:<\/p>\n\n\n\n<ul class=\"wp-block-list\"><li>Cerca ajuda. Parla&#8217;n amb el metge de fam\u00edlia per comen\u00e7ar a centrar el tema.<\/li><li>Informa&#8217;t com cal sobre la malaltia. Et pot ajudar a seguir adequadament el tractament prescrit pels metges. \u00c9s un fet comprovat que el pacient ben informat col\u00b7labora activament en el propi tractament, i aix\u00f2 el fa m\u00e9s efica\u00e7.<\/li><li>Identifica si hi ha circumst\u00e0ncies o fets que puguin exacerbar-ne els s\u00edmptomes. El teu psicoterapeuta t&#8217;hi pot guiar; si els descobreixes, potser evites situacions que els afavoreixen.<\/li><li>Adopta un estil de vida saludable: segueix una dieta sana, dorm com cal i fes exercici amb regularitat. Prova de fer una activitat a l&#8217;aire lliure.<\/li><li>Practica la meditaci\u00f3 i l&#8217;atenci\u00f3 plena o <em>mindfulness<\/em>. T&#8217;ajudaran a centrar-te en el present. Escriu els pensaments, potser en un diari.<\/li><li>Evita l&#8217;alcohol i limita el consum de cafe\u00efna.<\/li><\/ul>\n","protected":false},"excerpt":{"rendered":"<p>La depressi\u00f3 at\u00edpica, a desgrat del nom, \u00e9s relativament freq\u00fcent, i t\u00e9 molts dels s\u00edmptomes associats a la depressi\u00f3 \u201cnormal\u201d, encara que n&#8217;hi ha d&#8217;altres que li s\u00f3n exclusius i no es donen gaire en la depressi\u00f3 normal.<\/p>\n","protected":false},"author":3,"featured_media":27643,"comment_status":"closed","ping_status":"closed","sticky":false,"template":"","format":"standard","meta":{"footnotes":""},"categories":[648,15,662],"tags":[241,411],"class_list":["post-27647","post","type-post","status-publish","format-standard","has-post-thumbnail","hentry","category-salud-mental","category-salut","category-salut-mental","tag-depresion","tag-depressio"],"featured_image_src":"https:\/\/www.mgc.es\/wp-content\/uploads\/2023\/01\/persona-con-depresion.jpg","author_info":{"display_name":"Revista Inter\u00e8s Mutu","author_link":"https:\/\/www.mgc.es\/ca\/blog\/author\/interesmutu\/"},"yoast_head":"<!-- This site is optimized with the Yoast SEO plugin v27.2 - https:\/\/yoast.com\/product\/yoast-seo-wordpress\/ -->\n<title>La depressi\u00f3 at\u00edpica: s\u00edmptomes, causes i tractaments - MGC M\u00fatua<\/title>\n<meta name=\"robots\" content=\"index, follow, max-snippet:-1, max-image-preview:large, max-video-preview:-1\" \/>\n<link rel=\"canonical\" href=\"https:\/\/www.mgc.es\/ca\/blog\/la-depressio-atipica-simptomes-causes-i-tractaments\/\" \/>\n<meta property=\"og:locale\" content=\"ca_ES\" \/>\n<meta property=\"og:type\" content=\"article\" \/>\n<meta property=\"og:title\" content=\"La depressi\u00f3 at\u00edpica: s\u00edmptomes, causes i tractaments - MGC M\u00fatua\" \/>\n<meta property=\"og:description\" content=\"La depressi\u00f3 at\u00edpica, a desgrat del nom, \u00e9s relativament freq\u00fcent, i t\u00e9 molts dels s\u00edmptomes associats a la depressi\u00f3 \u201cnormal\u201d, encara que n&#039;hi ha d&#039;altres que li s\u00f3n exclusius i no es donen gaire en la depressi\u00f3 normal.\" \/>\n<meta property=\"og:url\" content=\"https:\/\/www.mgc.es\/ca\/blog\/la-depressio-atipica-simptomes-causes-i-tractaments\/\" \/>\n<meta property=\"og:site_name\" content=\"MGC M\u00fatua\" \/>\n<meta property=\"article:publisher\" content=\"https:\/\/www.facebook.com\/mgcmutua\" \/>\n<meta property=\"article:published_time\" content=\"2023-01-26T16:27:00+00:00\" \/>\n<meta property=\"og:image\" content=\"https:\/\/www.mgc.es\/wp-content\/uploads\/2023\/01\/persona-con-depresion.jpg\" \/>\n\t<meta property=\"og:image:width\" content=\"800\" \/>\n\t<meta property=\"og:image:height\" content=\"533\" \/>\n\t<meta property=\"og:image:type\" content=\"image\/jpeg\" \/>\n<meta name=\"author\" content=\"Revista Inter\u00e8s Mutu\" \/>\n<meta name=\"twitter:card\" content=\"summary_large_image\" \/>\n<meta name=\"twitter:creator\" content=\"@mgcmutua\" \/>\n<meta name=\"twitter:site\" content=\"@mgcmutua\" \/>\n<meta name=\"twitter:label1\" content=\"Escrit per\" \/>\n\t<meta name=\"twitter:data1\" content=\"Revista Inter\u00e8s Mutu\" \/>\n\t<meta name=\"twitter:label2\" content=\"Temps estimat de lectura\" \/>\n\t<meta name=\"twitter:data2\" content=\"4 minuts\" \/>\n<!-- \/ Yoast SEO plugin. -->","yoast_head_json":{"title":"La depressi\u00f3 at\u00edpica: s\u00edmptomes, causes i tractaments - MGC M\u00fatua","robots":{"index":"index","follow":"follow","max-snippet":"max-snippet:-1","max-image-preview":"max-image-preview:large","max-video-preview":"max-video-preview:-1"},"canonical":"https:\/\/www.mgc.es\/ca\/blog\/la-depressio-atipica-simptomes-causes-i-tractaments\/","og_locale":"ca_ES","og_type":"article","og_title":"La depressi\u00f3 at\u00edpica: s\u00edmptomes, causes i tractaments - MGC M\u00fatua","og_description":"La depressi\u00f3 at\u00edpica, a desgrat del nom, \u00e9s relativament freq\u00fcent, i t\u00e9 molts dels s\u00edmptomes associats a la depressi\u00f3 \u201cnormal\u201d, encara que n'hi ha d'altres que li s\u00f3n exclusius i no es donen gaire en la depressi\u00f3 normal.","og_url":"https:\/\/www.mgc.es\/ca\/blog\/la-depressio-atipica-simptomes-causes-i-tractaments\/","og_site_name":"MGC M\u00fatua","article_publisher":"https:\/\/www.facebook.com\/mgcmutua","article_published_time":"2023-01-26T16:27:00+00:00","og_image":[{"width":800,"height":533,"url":"https:\/\/www.mgc.es\/wp-content\/uploads\/2023\/01\/persona-con-depresion.jpg","type":"image\/jpeg"}],"author":"Revista Inter\u00e8s Mutu","twitter_card":"summary_large_image","twitter_creator":"@mgcmutua","twitter_site":"@mgcmutua","twitter_misc":{"Escrit per":"Revista Inter\u00e8s Mutu","Temps estimat de lectura":"4 minuts"},"schema":{"@context":"https:\/\/schema.org","@graph":[{"@type":["Article","BlogPosting"],"@id":"https:\/\/www.mgc.es\/ca\/blog\/la-depressio-atipica-simptomes-causes-i-tractaments\/#article","isPartOf":{"@id":"https:\/\/www.mgc.es\/ca\/blog\/la-depressio-atipica-simptomes-causes-i-tractaments\/"},"author":{"name":"Revista Inter\u00e8s Mutu","@id":"https:\/\/www.mgc.es\/#\/schema\/person\/010c961d9c9acf38f11187a02b646c16"},"headline":"La depressi\u00f3 at\u00edpica: s\u00edmptomes, causes i tractaments","datePublished":"2023-01-26T16:27:00+00:00","mainEntityOfPage":{"@id":"https:\/\/www.mgc.es\/ca\/blog\/la-depressio-atipica-simptomes-causes-i-tractaments\/"},"wordCount":742,"publisher":{"@id":"https:\/\/www.mgc.es\/#organization"},"image":{"@id":"https:\/\/www.mgc.es\/ca\/blog\/la-depressio-atipica-simptomes-causes-i-tractaments\/#primaryimage"},"thumbnailUrl":"https:\/\/www.mgc.es\/wp-content\/uploads\/2023\/01\/persona-con-depresion.jpg","keywords":["depresi\u00f3n","depressi\u00f3"],"articleSection":["Salud Mental","Salut i medicina","Salut Mental"],"inLanguage":"ca"},{"@type":["WebPage","ItemPage"],"@id":"https:\/\/www.mgc.es\/ca\/blog\/la-depressio-atipica-simptomes-causes-i-tractaments\/","url":"https:\/\/www.mgc.es\/ca\/blog\/la-depressio-atipica-simptomes-causes-i-tractaments\/","name":"La depressi\u00f3 at\u00edpica: s\u00edmptomes, causes i tractaments - MGC M\u00fatua","isPartOf":{"@id":"https:\/\/www.mgc.es\/#website"},"primaryImageOfPage":{"@id":"https:\/\/www.mgc.es\/ca\/blog\/la-depressio-atipica-simptomes-causes-i-tractaments\/#primaryimage"},"image":{"@id":"https:\/\/www.mgc.es\/ca\/blog\/la-depressio-atipica-simptomes-causes-i-tractaments\/#primaryimage"},"thumbnailUrl":"https:\/\/www.mgc.es\/wp-content\/uploads\/2023\/01\/persona-con-depresion.jpg","datePublished":"2023-01-26T16:27:00+00:00","breadcrumb":{"@id":"https:\/\/www.mgc.es\/ca\/blog\/la-depressio-atipica-simptomes-causes-i-tractaments\/#breadcrumb"},"inLanguage":"ca","potentialAction":[{"@type":"ReadAction","target":["https:\/\/www.mgc.es\/ca\/blog\/la-depressio-atipica-simptomes-causes-i-tractaments\/"]}]},{"@type":"ImageObject","inLanguage":"ca","@id":"https:\/\/www.mgc.es\/ca\/blog\/la-depressio-atipica-simptomes-causes-i-tractaments\/#primaryimage","url":"https:\/\/www.mgc.es\/wp-content\/uploads\/2023\/01\/persona-con-depresion.jpg","contentUrl":"https:\/\/www.mgc.es\/wp-content\/uploads\/2023\/01\/persona-con-depresion.jpg","width":800,"height":533},{"@type":"BreadcrumbList","@id":"https:\/\/www.mgc.es\/ca\/blog\/la-depressio-atipica-simptomes-causes-i-tractaments\/#breadcrumb","itemListElement":[{"@type":"ListItem","position":1,"name":"Home","item":"https:\/\/www.mgc.es\/ca\/"},{"@type":"ListItem","position":2,"name":"La depressi\u00f3 at\u00edpica: s\u00edmptomes, causes i tractaments"}]},{"@type":"WebSite","@id":"https:\/\/www.mgc.es\/#website","url":"https:\/\/www.mgc.es\/","name":"MGC M\u00fatua","description":"MGC M\u00fatua \u00e9s una entitat asseguradora sense \u00e0nim de lucre constitu\u00efda al 1982 i especialitzada en assegurances de salut i assist\u00e8ncia.","publisher":{"@id":"https:\/\/www.mgc.es\/#organization"},"alternateName":"MGC","potentialAction":[{"@type":"SearchAction","target":{"@type":"EntryPoint","urlTemplate":"https:\/\/www.mgc.es\/?s={search_term_string}"},"query-input":{"@type":"PropertyValueSpecification","valueRequired":true,"valueName":"search_term_string"}}],"inLanguage":"ca"},{"@type":"Organization","@id":"https:\/\/www.mgc.es\/#organization","name":"MGC Mutua","alternateName":"MGC","url":"https:\/\/www.mgc.es\/","logo":{"@type":"ImageObject","inLanguage":"ca","@id":"https:\/\/www.mgc.es\/#\/schema\/logo\/image\/","url":"https:\/\/www.mgc.es\/wp-content\/uploads\/2020\/03\/mgcmutua_h2_2t_reduccions.png","contentUrl":"https:\/\/www.mgc.es\/wp-content\/uploads\/2020\/03\/mgcmutua_h2_2t_reduccions.png","width":303,"height":165,"caption":"MGC Mutua"},"image":{"@id":"https:\/\/www.mgc.es\/#\/schema\/logo\/image\/"},"sameAs":["https:\/\/www.facebook.com\/mgcmutua","https:\/\/x.com\/mgcmutua","https:\/\/www.youtube.com\/c\/MGCMutua"]},{"@type":"Person","@id":"https:\/\/www.mgc.es\/#\/schema\/person\/010c961d9c9acf38f11187a02b646c16","name":"Revista Inter\u00e8s Mutu","image":{"@type":"ImageObject","inLanguage":"ca","@id":"https:\/\/secure.gravatar.com\/avatar\/52302d684339b9d7bf5691e2ad00835d62ce3b4a435f21ca9f21fbe39c63cb1b?s=96&d=mm&r=g","url":"https:\/\/secure.gravatar.com\/avatar\/52302d684339b9d7bf5691e2ad00835d62ce3b4a435f21ca9f21fbe39c63cb1b?s=96&d=mm&r=g","contentUrl":"https:\/\/secure.gravatar.com\/avatar\/52302d684339b9d7bf5691e2ad00835d62ce3b4a435f21ca9f21fbe39c63cb1b?s=96&d=mm&r=g","caption":"Revista Inter\u00e8s Mutu"}}]}},"_links":{"self":[{"href":"https:\/\/www.mgc.es\/ca\/wp-json\/wp\/v2\/posts\/27647","targetHints":{"allow":["GET"]}}],"collection":[{"href":"https:\/\/www.mgc.es\/ca\/wp-json\/wp\/v2\/posts"}],"about":[{"href":"https:\/\/www.mgc.es\/ca\/wp-json\/wp\/v2\/types\/post"}],"author":[{"embeddable":true,"href":"https:\/\/www.mgc.es\/ca\/wp-json\/wp\/v2\/users\/3"}],"replies":[{"embeddable":true,"href":"https:\/\/www.mgc.es\/ca\/wp-json\/wp\/v2\/comments?post=27647"}],"version-history":[{"count":1,"href":"https:\/\/www.mgc.es\/ca\/wp-json\/wp\/v2\/posts\/27647\/revisions"}],"predecessor-version":[{"id":27648,"href":"https:\/\/www.mgc.es\/ca\/wp-json\/wp\/v2\/posts\/27647\/revisions\/27648"}],"wp:featuredmedia":[{"embeddable":true,"href":"https:\/\/www.mgc.es\/ca\/wp-json\/wp\/v2\/media\/27643"}],"wp:attachment":[{"href":"https:\/\/www.mgc.es\/ca\/wp-json\/wp\/v2\/media?parent=27647"}],"wp:term":[{"taxonomy":"category","embeddable":true,"href":"https:\/\/www.mgc.es\/ca\/wp-json\/wp\/v2\/categories?post=27647"},{"taxonomy":"post_tag","embeddable":true,"href":"https:\/\/www.mgc.es\/ca\/wp-json\/wp\/v2\/tags?post=27647"}],"curies":[{"name":"wp","href":"https:\/\/api.w.org\/{rel}","templated":true}]}}