{"id":27532,"date":"2023-01-11T16:05:00","date_gmt":"2023-01-11T15:05:00","guid":{"rendered":"https:\/\/www.mgc.es\/?p=27532"},"modified":"2023-01-12T11:56:32","modified_gmt":"2023-01-12T10:56:32","slug":"tot-el-que-has-de-saber-sobre-lautisme-en-la-gent-gran","status":"publish","type":"post","link":"https:\/\/www.mgc.es\/ca\/blog\/tot-el-que-has-de-saber-sobre-lautisme-en-la-gent-gran\/","title":{"rendered":"Tot el que has de saber sobre l&#8217;autisme en la gent gran"},"content":{"rendered":"<div id=\"ez-toc-container\" class=\"ez-toc-v2_0_82_1 counter-hierarchy ez-toc-counter ez-toc-custom ez-toc-container-direction\">\n<div class=\"ez-toc-title-container\"><p class=\"ez-toc-title\" style=\"cursor:inherit\">\u00cdndex de continguts<\/p>\n<\/div><nav><ul class='ez-toc-list ez-toc-list-level-1 ' ><li class='ez-toc-page-1 ez-toc-heading-level-2'><a class=\"ez-toc-link ez-toc-heading-1\" href=\"https:\/\/www.mgc.es\/ca\/blog\/tot-el-que-has-de-saber-sobre-lautisme-en-la-gent-gran\/#Que_es_lautisme\" >Qu\u00e8 \u00e9s l&#8217;autisme<\/a><\/li><li class='ez-toc-page-1 ez-toc-heading-level-2'><a class=\"ez-toc-link ez-toc-heading-2\" href=\"https:\/\/www.mgc.es\/ca\/blog\/tot-el-que-has-de-saber-sobre-lautisme-en-la-gent-gran\/#Els_simptomes_de_lautisme\" >Els s\u00edmptomes de l&#8217;autisme<\/a><\/li><li class='ez-toc-page-1 ez-toc-heading-level-2'><a class=\"ez-toc-link ez-toc-heading-3\" href=\"https:\/\/www.mgc.es\/ca\/blog\/tot-el-que-has-de-saber-sobre-lautisme-en-la-gent-gran\/#Lautisme_en_la_gent_gran\" >L&#8217;autisme en la gent gran<\/a><\/li><li class='ez-toc-page-1 ez-toc-heading-level-2'><a class=\"ez-toc-link ez-toc-heading-4\" href=\"https:\/\/www.mgc.es\/ca\/blog\/tot-el-que-has-de-saber-sobre-lautisme-en-la-gent-gran\/#La_vida_de_la_gent_gran_amb_autisme\" >La vida de la gent gran amb autisme<\/a><\/li><\/ul><\/nav><\/div>\n\n<figure class=\"wp-block-image size-full\"><img loading=\"lazy\" decoding=\"async\" width=\"800\" height=\"533\" src=\"https:\/\/www.mgc.es\/wp-content\/uploads\/2022\/12\/autismo-mayores.jpg\" alt=\"\" class=\"wp-image-27526\" srcset=\"https:\/\/www.mgc.es\/wp-content\/uploads\/2022\/12\/autismo-mayores.jpg 800w, https:\/\/www.mgc.es\/wp-content\/uploads\/2022\/12\/autismo-mayores-440x293.jpg 440w, https:\/\/www.mgc.es\/wp-content\/uploads\/2022\/12\/autismo-mayores-768x512.jpg 768w\" sizes=\"auto, (max-width: 800px) 100vw, 800px\" \/><\/figure>\n\n\n\n<h2 class=\"wp-block-heading\"><span class=\"ez-toc-section\" id=\"Que_es_lautisme\"><\/span><strong>Qu\u00e8 \u00e9s l&#8217;autisme<\/strong><strong><\/strong><span class=\"ez-toc-section-end\"><\/span><\/h2>\n\n\n\n<p>\u00c9s una de les cinc malalties que constitueixen el trastorn generalitzat del desenvolupament: l&#8217;autisme, la s\u00edndrome d&#8217;Asperger, la s\u00edndrome de Rett, el trastorn desintegratiu infantil i el trastorn generalitzat del desenvolupament no especificat.<\/p>\n\n\n\n<p>L&#8217;autisme es caracteritza per una pertorbaci\u00f3 greu que impedeix de desenvolupar habilitats de comunicaci\u00f3 i d&#8217;integraci\u00f3 en el medi i mantenir conductes socialment apropiades. En general, els autistes tenen dificultats per integrar-se en situacions concretes i formular respostes adequades al medi social.<\/p>\n\n\n\n<h2 class=\"wp-block-heading\"><span class=\"ez-toc-section\" id=\"Els_simptomes_de_lautisme\"><\/span><strong>Els s\u00edmptomes de l&#8217;autisme<\/strong><strong><\/strong><span class=\"ez-toc-section-end\"><\/span><\/h2>\n\n\n\n<p>B\u00e0sicament l&#8217;autista manifesta els s\u00edmptomes seg\u00fcents:<\/p>\n\n\n\n<ul class=\"wp-block-list\"><li>Problemes de comunicaci\u00f3 i d&#8217;interacci\u00f3 amb la societat: incapacitat per a la reciprocitat social, impossibilitat de conversar amb els altres, manca d&#8217;empatia amb les emocions i els afectes d&#8217;altri.<\/li><li>Problemes en la comunicaci\u00f3 no verbal, com ara anomalies en el contacte visual o una manca aparent de la comprensi\u00f3 no verbal.<\/li><li>Problemes per adaptar el comportament a contextos socials diversos, dificultat per fer amics i indifer\u00e8ncia envers els companys.<\/li><li>Pautes de comportament restringides i repetitives (moviments motors i de la parla repetitius).<\/li><li>Seguiment inflexible de les rutines de comportament verbal i no verbal.<\/li><li>Interessos obsessius o d\u00e8ries, seguits amb una intensitat anormal.<\/li><li>Hiperreacci\u00f3 sensorial a aspectes concrets de l&#8217;entorn.<\/li><\/ul>\n\n\n\n<p>La malaltia se sol manifestar abans dels tres anys d&#8217;edat i \u00e9s fonamental de diagnosticar-la amb encert per incloure l&#8217;infant en projectes educatius especials, amb la finalitat de potenciar-ne tant la integraci\u00f3 en el medi com la capacitat intel\u00b7lectual, que, al contrari del que hom pensa, no ha de ser pas inferior a la d&#8217;un nen sa de la mateixa edat.<\/p>\n\n\n\n<h2 class=\"wp-block-heading\"><span class=\"ez-toc-section\" id=\"Lautisme_en_la_gent_gran\"><\/span><strong>L&#8217;autisme en la gent gran<\/strong><strong><\/strong><span class=\"ez-toc-section-end\"><\/span><\/h2>\n\n\n\n<p>La gent gran amb autisme presenta els mateixos problemes que la qui t\u00e9 salut. Parlem de:<\/p>\n\n\n\n<ul class=\"wp-block-list\"><li>Necessitats econ\u00f2miques;<\/li><li>afectives;<\/li><li>contextuals i<\/li><li>socials.<\/li><\/ul>\n\n\n\n<p>A m\u00e9s a m\u00e9s, per\u00f2, pateix els trastorns propis de la seva condici\u00f3, fet que l&#8217;aboca a tenir una qualitat de vida molt limitada:<\/p>\n\n\n\n<ul class=\"wp-block-list\"><li>Problemes gastrointestinals<\/li><li>Insomni<\/li><li>Epil\u00e8psia<\/li><li>Autoimmunitzaci\u00f3, o formaci\u00f3 d&#8217;anticossos per l&#8217;organisme que poden degenerar en malalties<\/li><li>Malalties mitocondrials (menys energia, lesi\u00f3 cel\u00b7lular i, fins i tot, mort cel\u00b7lular)<\/li><\/ul>\n\n\n\n<p>Tot i que no hi ha cap conclusi\u00f3 clara, es pensa que els qui tenen autisme tamb\u00e9 poden patir deterioraments cognitius o dem\u00e8ncies m\u00e9s aviat que la poblaci\u00f3 sana.<\/p>\n\n\n\n<figure class=\"wp-block-image size-full\"><img loading=\"lazy\" decoding=\"async\" width=\"800\" height=\"533\" src=\"https:\/\/www.mgc.es\/wp-content\/uploads\/2022\/12\/paseo-con-alzheimer2.jpg\" alt=\"\" class=\"wp-image-27529\" srcset=\"https:\/\/www.mgc.es\/wp-content\/uploads\/2022\/12\/paseo-con-alzheimer2.jpg 800w, https:\/\/www.mgc.es\/wp-content\/uploads\/2022\/12\/paseo-con-alzheimer2-440x293.jpg 440w, https:\/\/www.mgc.es\/wp-content\/uploads\/2022\/12\/paseo-con-alzheimer2-768x512.jpg 768w\" sizes=\"auto, (max-width: 800px) 100vw, 800px\" \/><figcaption>Walking with Dad<\/figcaption><\/figure>\n\n\n\n<h2 class=\"wp-block-heading\"><span class=\"ez-toc-section\" id=\"La_vida_de_la_gent_gran_amb_autisme\"><\/span><strong>La vida de la gent gran amb autisme<\/strong><strong><\/strong><span class=\"ez-toc-section-end\"><\/span><\/h2>\n\n\n\n<p>Acabem de repassar els problemes inherents a l&#8217;edat, els inherents a l&#8217;autisme i els altres problemes que poden afectar aquests malalts.<\/p>\n\n\n\n<p>La Confederaci\u00f3 Autisme Espanya assenyala que \u201chi ha molt poca informaci\u00f3 sobre com interactuen els processos d&#8217;envelliment amb les caracter\u00edstiques pr\u00f2pies dels pacients amb trastorn de l&#8217;espectre autista (TEA) i sobre quin impacte tenen en la qualitat de vida dels pacients\u201d.<\/p>\n\n\n\n<p>En qualsevol cas, el trastorn no afecta \u00fanicament el pacient, sin\u00f3 a tot a l&#8217;entorn immediat, atesa la manca de suport i de coneixement per fer front a la malaltia.<\/p>\n\n\n\n<p>Algunes de les pautes que proposen els experts per ajudar els malalts s\u00f3n:<\/p>\n\n\n\n<ul class=\"wp-block-list\"><li>Cal procurar que visquin en un<strong> m\u00f3n estructurat i predictible<\/strong>, i fer servir senyals clars i gestos evidents i no un pas llenguatge complicat. Val m\u00e9s no estimular-los massa.<\/li><li>El tracte amb ells ha de ser positiu, sense fer \u00e8mfasi en els errors.<\/li><li>Si tenen una actitud rebel, convindria entendre&#8217;n el perqu\u00e8. No hem d&#8217;oblidar que, en principi, el pacient \u00e9s igual d&#8217;intel\u00b7ligent que tu.<\/li><li>Si el pacient mostra una actitud desafiadora, cal saber quins <strong>factors hi influeixen<\/strong>, abans de renyar-lo i provar de canviar-la.<\/li><\/ul>\n\n\n\n<p>Cerca suport. Adre\u00e7a&#8217;t a la Confederaci\u00f3 Autisme Espanya, on et podr\u00e0s informar dels ajuts disponibles. Igualment, a Internet trobar\u00e0s una bona colla d&#8217;organitzacions de tota mena que et poden guiar per pal\u00b7liar el problema.<\/p>\n","protected":false},"excerpt":{"rendered":"<p>\u00c9s una de les cinc malalties que constitueixen el trastorn generalitzat del desenvolupament: l&#8217;autisme, la s\u00edndrome d&#8217;Asperger, la s\u00edndrome de Rett, el trastorn desintegratiu infantil i el trastorn generalitzat del desenvolupament no especificat.<\/p>\n","protected":false},"author":3,"featured_media":27526,"comment_status":"closed","ping_status":"closed","sticky":false,"template":"","format":"standard","meta":{"footnotes":""},"categories":[643],"tags":[],"class_list":["post-27532","post","type-post","status-publish","format-standard","has-post-thumbnail","hentry","category-bienestar-ejercicio"],"featured_image_src":"https:\/\/www.mgc.es\/wp-content\/uploads\/2022\/12\/autismo-mayores.jpg","author_info":{"display_name":"Revista Inter\u00e8s Mutu","author_link":"https:\/\/www.mgc.es\/ca\/blog\/author\/interesmutu\/"},"yoast_head":"<!-- This site is optimized with the Yoast SEO plugin v27.2 - https:\/\/yoast.com\/product\/yoast-seo-wordpress\/ -->\n<title>Tot el que has de saber sobre l&#039;autisme en la gent gran - MGC M\u00fatua<\/title>\n<meta name=\"robots\" content=\"index, follow, max-snippet:-1, max-image-preview:large, max-video-preview:-1\" \/>\n<link rel=\"canonical\" href=\"https:\/\/www.mgc.es\/ca\/blog\/tot-el-que-has-de-saber-sobre-lautisme-en-la-gent-gran\/\" \/>\n<meta property=\"og:locale\" content=\"ca_ES\" \/>\n<meta property=\"og:type\" content=\"article\" \/>\n<meta property=\"og:title\" content=\"Tot el que has de saber sobre l&#039;autisme en la gent gran - MGC M\u00fatua\" \/>\n<meta property=\"og:description\" content=\"\u00c9s una de les cinc malalties que constitueixen el trastorn generalitzat del desenvolupament: l&#039;autisme, la s\u00edndrome d&#039;Asperger, la s\u00edndrome de Rett, el trastorn desintegratiu infantil i el trastorn generalitzat del desenvolupament no especificat.\" \/>\n<meta property=\"og:url\" content=\"https:\/\/www.mgc.es\/ca\/blog\/tot-el-que-has-de-saber-sobre-lautisme-en-la-gent-gran\/\" \/>\n<meta property=\"og:site_name\" content=\"MGC M\u00fatua\" \/>\n<meta property=\"article:publisher\" content=\"https:\/\/www.facebook.com\/mgcmutua\" \/>\n<meta property=\"article:published_time\" content=\"2023-01-11T15:05:00+00:00\" \/>\n<meta property=\"article:modified_time\" content=\"2023-01-12T10:56:32+00:00\" \/>\n<meta property=\"og:image\" content=\"https:\/\/www.mgc.es\/wp-content\/uploads\/2022\/12\/autismo-mayores.jpg\" \/>\n\t<meta property=\"og:image:width\" content=\"800\" \/>\n\t<meta property=\"og:image:height\" content=\"533\" \/>\n\t<meta property=\"og:image:type\" content=\"image\/jpeg\" \/>\n<meta name=\"author\" content=\"Revista Inter\u00e8s Mutu\" \/>\n<meta name=\"twitter:card\" content=\"summary_large_image\" \/>\n<meta name=\"twitter:creator\" content=\"@mgcmutua\" \/>\n<meta name=\"twitter:site\" content=\"@mgcmutua\" \/>\n<meta name=\"twitter:label1\" content=\"Escrit per\" \/>\n\t<meta name=\"twitter:data1\" content=\"Revista Inter\u00e8s Mutu\" \/>\n\t<meta name=\"twitter:label2\" content=\"Temps estimat de lectura\" \/>\n\t<meta name=\"twitter:data2\" content=\"4 minuts\" \/>\n<!-- \/ Yoast SEO plugin. -->","yoast_head_json":{"title":"Tot el que has de saber sobre l'autisme en la gent gran - MGC M\u00fatua","robots":{"index":"index","follow":"follow","max-snippet":"max-snippet:-1","max-image-preview":"max-image-preview:large","max-video-preview":"max-video-preview:-1"},"canonical":"https:\/\/www.mgc.es\/ca\/blog\/tot-el-que-has-de-saber-sobre-lautisme-en-la-gent-gran\/","og_locale":"ca_ES","og_type":"article","og_title":"Tot el que has de saber sobre l'autisme en la gent gran - MGC M\u00fatua","og_description":"\u00c9s una de les cinc malalties que constitueixen el trastorn generalitzat del desenvolupament: l'autisme, la s\u00edndrome d'Asperger, la s\u00edndrome de Rett, el trastorn desintegratiu infantil i el trastorn generalitzat del desenvolupament no especificat.","og_url":"https:\/\/www.mgc.es\/ca\/blog\/tot-el-que-has-de-saber-sobre-lautisme-en-la-gent-gran\/","og_site_name":"MGC M\u00fatua","article_publisher":"https:\/\/www.facebook.com\/mgcmutua","article_published_time":"2023-01-11T15:05:00+00:00","article_modified_time":"2023-01-12T10:56:32+00:00","og_image":[{"width":800,"height":533,"url":"https:\/\/www.mgc.es\/wp-content\/uploads\/2022\/12\/autismo-mayores.jpg","type":"image\/jpeg"}],"author":"Revista Inter\u00e8s Mutu","twitter_card":"summary_large_image","twitter_creator":"@mgcmutua","twitter_site":"@mgcmutua","twitter_misc":{"Escrit per":"Revista Inter\u00e8s Mutu","Temps estimat de lectura":"4 minuts"},"schema":{"@context":"https:\/\/schema.org","@graph":[{"@type":["Article","BlogPosting"],"@id":"https:\/\/www.mgc.es\/ca\/blog\/tot-el-que-has-de-saber-sobre-lautisme-en-la-gent-gran\/#article","isPartOf":{"@id":"https:\/\/www.mgc.es\/ca\/blog\/tot-el-que-has-de-saber-sobre-lautisme-en-la-gent-gran\/"},"author":{"name":"Revista Inter\u00e8s Mutu","@id":"https:\/\/www.mgc.es\/#\/schema\/person\/010c961d9c9acf38f11187a02b646c16"},"headline":"Tot el que has de saber sobre l&#8217;autisme en la gent gran","datePublished":"2023-01-11T15:05:00+00:00","dateModified":"2023-01-12T10:56:32+00:00","mainEntityOfPage":{"@id":"https:\/\/www.mgc.es\/ca\/blog\/tot-el-que-has-de-saber-sobre-lautisme-en-la-gent-gran\/"},"wordCount":639,"publisher":{"@id":"https:\/\/www.mgc.es\/#organization"},"image":{"@id":"https:\/\/www.mgc.es\/ca\/blog\/tot-el-que-has-de-saber-sobre-lautisme-en-la-gent-gran\/#primaryimage"},"thumbnailUrl":"https:\/\/www.mgc.es\/wp-content\/uploads\/2022\/12\/autismo-mayores.jpg","articleSection":["Bienestar y ejercicio"],"inLanguage":"ca"},{"@type":["WebPage","ItemPage"],"@id":"https:\/\/www.mgc.es\/ca\/blog\/tot-el-que-has-de-saber-sobre-lautisme-en-la-gent-gran\/","url":"https:\/\/www.mgc.es\/ca\/blog\/tot-el-que-has-de-saber-sobre-lautisme-en-la-gent-gran\/","name":"Tot el que has de saber sobre l'autisme en la gent gran - MGC M\u00fatua","isPartOf":{"@id":"https:\/\/www.mgc.es\/#website"},"primaryImageOfPage":{"@id":"https:\/\/www.mgc.es\/ca\/blog\/tot-el-que-has-de-saber-sobre-lautisme-en-la-gent-gran\/#primaryimage"},"image":{"@id":"https:\/\/www.mgc.es\/ca\/blog\/tot-el-que-has-de-saber-sobre-lautisme-en-la-gent-gran\/#primaryimage"},"thumbnailUrl":"https:\/\/www.mgc.es\/wp-content\/uploads\/2022\/12\/autismo-mayores.jpg","datePublished":"2023-01-11T15:05:00+00:00","dateModified":"2023-01-12T10:56:32+00:00","breadcrumb":{"@id":"https:\/\/www.mgc.es\/ca\/blog\/tot-el-que-has-de-saber-sobre-lautisme-en-la-gent-gran\/#breadcrumb"},"inLanguage":"ca","potentialAction":[{"@type":"ReadAction","target":["https:\/\/www.mgc.es\/ca\/blog\/tot-el-que-has-de-saber-sobre-lautisme-en-la-gent-gran\/"]}]},{"@type":"ImageObject","inLanguage":"ca","@id":"https:\/\/www.mgc.es\/ca\/blog\/tot-el-que-has-de-saber-sobre-lautisme-en-la-gent-gran\/#primaryimage","url":"https:\/\/www.mgc.es\/wp-content\/uploads\/2022\/12\/autismo-mayores.jpg","contentUrl":"https:\/\/www.mgc.es\/wp-content\/uploads\/2022\/12\/autismo-mayores.jpg","width":800,"height":533},{"@type":"BreadcrumbList","@id":"https:\/\/www.mgc.es\/ca\/blog\/tot-el-que-has-de-saber-sobre-lautisme-en-la-gent-gran\/#breadcrumb","itemListElement":[{"@type":"ListItem","position":1,"name":"Home","item":"https:\/\/www.mgc.es\/ca\/"},{"@type":"ListItem","position":2,"name":"Tot el que has de saber sobre l&#8217;autisme en la gent gran"}]},{"@type":"WebSite","@id":"https:\/\/www.mgc.es\/#website","url":"https:\/\/www.mgc.es\/","name":"MGC M\u00fatua","description":"MGC M\u00fatua \u00e9s una entitat asseguradora sense \u00e0nim de lucre constitu\u00efda al 1982 i especialitzada en assegurances de salut i assist\u00e8ncia.","publisher":{"@id":"https:\/\/www.mgc.es\/#organization"},"alternateName":"MGC","potentialAction":[{"@type":"SearchAction","target":{"@type":"EntryPoint","urlTemplate":"https:\/\/www.mgc.es\/?s={search_term_string}"},"query-input":{"@type":"PropertyValueSpecification","valueRequired":true,"valueName":"search_term_string"}}],"inLanguage":"ca"},{"@type":"Organization","@id":"https:\/\/www.mgc.es\/#organization","name":"MGC Mutua","alternateName":"MGC","url":"https:\/\/www.mgc.es\/","logo":{"@type":"ImageObject","inLanguage":"ca","@id":"https:\/\/www.mgc.es\/#\/schema\/logo\/image\/","url":"https:\/\/www.mgc.es\/wp-content\/uploads\/2020\/03\/mgcmutua_h2_2t_reduccions.png","contentUrl":"https:\/\/www.mgc.es\/wp-content\/uploads\/2020\/03\/mgcmutua_h2_2t_reduccions.png","width":303,"height":165,"caption":"MGC Mutua"},"image":{"@id":"https:\/\/www.mgc.es\/#\/schema\/logo\/image\/"},"sameAs":["https:\/\/www.facebook.com\/mgcmutua","https:\/\/x.com\/mgcmutua","https:\/\/www.youtube.com\/c\/MGCMutua"]},{"@type":"Person","@id":"https:\/\/www.mgc.es\/#\/schema\/person\/010c961d9c9acf38f11187a02b646c16","name":"Revista Inter\u00e8s Mutu","image":{"@type":"ImageObject","inLanguage":"ca","@id":"https:\/\/secure.gravatar.com\/avatar\/52302d684339b9d7bf5691e2ad00835d62ce3b4a435f21ca9f21fbe39c63cb1b?s=96&d=mm&r=g","url":"https:\/\/secure.gravatar.com\/avatar\/52302d684339b9d7bf5691e2ad00835d62ce3b4a435f21ca9f21fbe39c63cb1b?s=96&d=mm&r=g","contentUrl":"https:\/\/secure.gravatar.com\/avatar\/52302d684339b9d7bf5691e2ad00835d62ce3b4a435f21ca9f21fbe39c63cb1b?s=96&d=mm&r=g","caption":"Revista Inter\u00e8s Mutu"}}]}},"_links":{"self":[{"href":"https:\/\/www.mgc.es\/ca\/wp-json\/wp\/v2\/posts\/27532","targetHints":{"allow":["GET"]}}],"collection":[{"href":"https:\/\/www.mgc.es\/ca\/wp-json\/wp\/v2\/posts"}],"about":[{"href":"https:\/\/www.mgc.es\/ca\/wp-json\/wp\/v2\/types\/post"}],"author":[{"embeddable":true,"href":"https:\/\/www.mgc.es\/ca\/wp-json\/wp\/v2\/users\/3"}],"replies":[{"embeddable":true,"href":"https:\/\/www.mgc.es\/ca\/wp-json\/wp\/v2\/comments?post=27532"}],"version-history":[{"count":1,"href":"https:\/\/www.mgc.es\/ca\/wp-json\/wp\/v2\/posts\/27532\/revisions"}],"predecessor-version":[{"id":27533,"href":"https:\/\/www.mgc.es\/ca\/wp-json\/wp\/v2\/posts\/27532\/revisions\/27533"}],"wp:featuredmedia":[{"embeddable":true,"href":"https:\/\/www.mgc.es\/ca\/wp-json\/wp\/v2\/media\/27526"}],"wp:attachment":[{"href":"https:\/\/www.mgc.es\/ca\/wp-json\/wp\/v2\/media?parent=27532"}],"wp:term":[{"taxonomy":"category","embeddable":true,"href":"https:\/\/www.mgc.es\/ca\/wp-json\/wp\/v2\/categories?post=27532"},{"taxonomy":"post_tag","embeddable":true,"href":"https:\/\/www.mgc.es\/ca\/wp-json\/wp\/v2\/tags?post=27532"}],"curies":[{"name":"wp","href":"https:\/\/api.w.org\/{rel}","templated":true}]}}