{"id":27479,"date":"2022-12-02T14:27:59","date_gmt":"2022-12-02T13:27:59","guid":{"rendered":"https:\/\/www.mgc.es\/?p=27479"},"modified":"2022-12-02T14:28:15","modified_gmt":"2022-12-02T13:28:15","slug":"com-contractar-una-aseeguranca-de-salut","status":"publish","type":"post","link":"https:\/\/www.mgc.es\/ca\/blog\/com-contractar-una-aseeguranca-de-salut\/","title":{"rendered":"Apr\u00e8n com contractar una asseguran\u00e7a de salut"},"content":{"rendered":"<div id=\"ez-toc-container\" class=\"ez-toc-v2_0_82_1 counter-hierarchy ez-toc-counter ez-toc-custom ez-toc-container-direction\">\n<div class=\"ez-toc-title-container\"><p class=\"ez-toc-title\" style=\"cursor:inherit\">\u00cdndex de continguts<\/p>\n<\/div><nav><ul class='ez-toc-list ez-toc-list-level-1 ' ><li class='ez-toc-page-1 ez-toc-heading-level-2'><a class=\"ez-toc-link ez-toc-heading-1\" href=\"https:\/\/www.mgc.es\/ca\/blog\/com-contractar-una-aseeguranca-de-salut\/#Requisits_per_a_contractar_una_asseguranca_de_salut\" >Requisits per a contractar una asseguran\u00e7a de salut<\/a><\/li><li class='ez-toc-page-1 ez-toc-heading-level-2'><a class=\"ez-toc-link ez-toc-heading-2\" href=\"https:\/\/www.mgc.es\/ca\/blog\/com-contractar-una-aseeguranca-de-salut\/#Com_puc_contractar_una_asseguranca_de_salut\" >Com puc contractar una asseguran\u00e7a de salut?<\/a><\/li><li class='ez-toc-page-1 ez-toc-heading-level-2'><a class=\"ez-toc-link ez-toc-heading-3\" href=\"https:\/\/www.mgc.es\/ca\/blog\/com-contractar-una-aseeguranca-de-salut\/#Preu_mitja_duna_asseguranca_medica\" >Preu mitj\u00e0 d&#8217;una asseguran\u00e7a m\u00e8dica<\/a><\/li><\/ul><\/nav><\/div>\n\n<figure class=\"wp-block-image size-large\"><img loading=\"lazy\" decoding=\"async\" width=\"880\" height=\"637\" src=\"https:\/\/www.mgc.es\/wp-content\/uploads\/2022\/12\/como-contratar-un-seguro-de-salud-880x637.jpg\" alt=\"C\u00f3mo contratar un seguro de salud\" class=\"wp-image-27477\" srcset=\"https:\/\/www.mgc.es\/wp-content\/uploads\/2022\/12\/como-contratar-un-seguro-de-salud-880x637.jpg 880w, https:\/\/www.mgc.es\/wp-content\/uploads\/2022\/12\/como-contratar-un-seguro-de-salud-440x318.jpg 440w, https:\/\/www.mgc.es\/wp-content\/uploads\/2022\/12\/como-contratar-un-seguro-de-salud-768x556.jpg 768w, https:\/\/www.mgc.es\/wp-content\/uploads\/2022\/12\/como-contratar-un-seguro-de-salud-1536x1111.jpg 1536w, https:\/\/www.mgc.es\/wp-content\/uploads\/2022\/12\/como-contratar-un-seguro-de-salud-2048x1482.jpg 2048w\" sizes=\"auto, (max-width: 880px) 100vw, 880px\" \/><\/figure>\n\n\n\n<p>Si per una q\u00fcesti\u00f3 d&#8217;edat o per les circumst\u00e0ncies de la vida, comences a sentir inseguretat respecte a les llargues llistes d&#8217;espera de la Sanitat P\u00fablica i est\u00e0s valorant complementar-la amb la privada, avui volem explicar-te com \u00e9s el <strong>proc\u00e9s per a contractar una asseguran\u00e7a de salut<\/strong> i els requisits que s&#8217;han de complir.<\/p>\n\n\n\n<h2 class=\"wp-block-heading\"><span class=\"ez-toc-section\" id=\"Requisits_per_a_contractar_una_asseguranca_de_salut\"><\/span><strong>Requisits per a contractar una asseguran\u00e7a de salut<\/strong><span class=\"ez-toc-section-end\"><\/span><\/h2>\n\n\n\n<p>La primera q\u00fcesti\u00f3 que cal plantejar-se abans de <a href=\"https:\/\/www.mgc.es\/seguros-de-salud\/\">contractar una asseguran\u00e7a de salut<\/a> \u00e9s <strong>quin tipus de p\u00f2lissa i de cobertures es desitja<\/strong>. Per si no ho sabies, existeixen assegurances destinades a protegir una \u00fanica persona o una parella, mentre que uns altres engloben a tota la fam\u00edlia. Quant als tipus, n&#8217;hi ha amb reemborsament de despeses, amb copagament o sense copagament. Aquest \u00faltim concepte fa refer\u00e8ncia a la quantitat que es paga per fer \u00fas d&#8217;uns certs serveis, a canvi de pagar quotes inferiors.<\/p>\n\n\n\n<p>Per\u00f2 tri\u00efs el que tri\u00efs, per a poder contractar una asseguran\u00e7a de salut <strong>ser\u00e0 necessari que compleixis amb els requisits que tingui establerts cada companyia<\/strong> asseguradora. En general, solen ser els mateixos en totes, encara que sempre \u00e9s convenient informar-se detalladament per a evitar sorpreses.<\/p>\n\n\n\n<p>I quins s\u00f3n aquests requisits?<\/p>\n\n\n\n<h3 class=\"wp-block-heading\"><strong>Resid\u00e8ncia a Espanya<\/strong><\/h3>\n\n\n\n<p>El primer requisit per a contractar una asseguran\u00e7a sanit\u00e0ria \u00e9s <strong>residir al pa\u00eds<\/strong>. Com que els centres als quals es podr\u00e0 acudir i el quadre m\u00e8dic de la companyia estan a Espanya, la resid\u00e8ncia de la persona assegurada tamb\u00e9 haur\u00e0 de ser aqu\u00ed.<\/p>\n\n\n\n<h3 class=\"wp-block-heading\"><strong>Majoria d&#8217;edat<\/strong><\/h3>\n\n\n\n<p>Per a poder signar una p\u00f2lissa \u00e9s necessari ser major d&#8217;edat; en el cas dels menors, aquests hauran d&#8217;anar acompanyats de la mare, el pare o de la persona que s&#8217;hagi designat com a tutora.<\/p>\n\n\n\n<h3 class=\"wp-block-heading\"><strong>Rang d&#8217;edat<\/strong><\/h3>\n\n\n\n<p>A m\u00e9s de la majoria d&#8217;edat, hi ha un <strong>l\u00edmit establert<\/strong> en les asseguradores, <strong>que sol oscil\u00b7lar entre els 64 i els 69 anys<\/strong>. A partir d&#8217;aquesta edat, el risc de patir malalties s&#8217;incrementa exponencialment, per la qual cosa ja no s&#8217;ofereix cobertura. Tanmateix, <strong>hi ha algunes excepcions<\/strong>, per\u00f2 aquestes p\u00f2lisses tenen unes especificacions que conv\u00e9 llegir detalladament.<\/p>\n\n\n\n<h3 class=\"wp-block-heading\"><strong>Q\u00fcestionari de salut<\/strong><\/h3>\n\n\n\n<p>Abans d&#8217;accedir a una asseguran\u00e7a m\u00e8dica, la companyia ha de con\u00e8ixer quin \u00e9s l&#8217;estat de salut de la persona, ja que en funci\u00f3 d&#8217;aquest, <strong>valorar\u00e0 el risc i marcar\u00e0 un preu i unes condicions<\/strong>. Si b\u00e9 no \u00e9s obligatori per llei, \u00e9s molt poc probable trobar a una companyia que no en faci \u00fas. Conv\u00e9 esmentar que <strong>mentir en aquests q\u00fcestionaris es considera frau<\/strong> i comporta la cancel\u00b7laci\u00f3 immediata de la p\u00f2lissa, cosa que significa que no es pot rebre indemnitzaci\u00f3.<\/p>\n\n\n\n<h2 class=\"wp-block-heading\"><span class=\"ez-toc-section\" id=\"Com_puc_contractar_una_asseguranca_de_salut\"><\/span><strong>Com puc contractar una asseguran\u00e7a de salut?<\/strong><span class=\"ez-toc-section-end\"><\/span><\/h2>\n\n\n\n<p>Si compleixes amb els requisits i ara el teu dubte \u00e9s com contractar una asseguran\u00e7a de salut, en l&#8217;actualitat disposes de diverses vies.<\/p>\n\n\n\n<h3 class=\"wp-block-heading\"><strong>Internet<\/strong><\/h3>\n\n\n\n<p>At\u00e8s que la xarxa s&#8217;ha convertit en un canal cada vegada m\u00e9s utilitzat enfront de la via presencial, la contractaci\u00f3 d&#8217;assegurances per aquest mitj\u00e0 tamb\u00e9 est\u00e0 disponible. El procediment consisteix a <strong>enviar tota la documentaci\u00f3 que es demani<\/strong>, que s\u00f3n les dades personals i l&#8217;historial m\u00e8dic, i a emplenar el q\u00fcestionari de salut, on <strong>caldr\u00e0 esmentar totes les patologies<\/strong> que es pateixin o s&#8217;hagin patit, <strong>aix\u00ed com les intervencions quir\u00fargiques<\/strong>.<\/p>\n\n\n\n<p>Una vegada s&#8217;ha enviat tot, la companyia procedeix a valorar la sol\u00b7licitud i contrastar\u00e0 totes les dades que s&#8217;hagin proporcionat. Per a procedir amb la contractaci\u00f3,<strong> s&#8217;envia al domicili la p\u00f2lissa <\/strong>amb les condicions i la forma de pagament, <strong>que ha de ser signada i retornada<\/strong> o presentada en les oficines.<\/p>\n\n\n\n<h3 class=\"wp-block-heading\"><strong>Presencial<\/strong><\/h3>\n\n\n\n<p>La via presencial \u00e9s igual que l&#8217;anterior, per\u00f2, en comptes de fer el tr\u00e0mit per Internet, es realitza en alguna de les oficines de la companyia asseguradora.<\/p>\n\n\n\n<h3 class=\"wp-block-heading\">Tel\u00e8fon<\/h3>\n\n\n\n<p>Altra vegada, se segueix el mateix procediment, per\u00f2 aquesta opci\u00f3 compta amb l&#8217;<strong>avantatge de qu\u00e8 es pot parlar directament amb una persona i resoldre tots els dubtes<\/strong> que puguin sorgir en el moment. A m\u00e9s, en existir diferents tipus de cobertures i condicions, \u00e9s la via id\u00f2nia per a garantir que l&#8217;asseguran\u00e7a m\u00e8dica que es tria s&#8217;ajusta amb exactitud a les necessitats que es tenen.<\/p>\n\n\n\n<h2 class=\"wp-block-heading\"><span class=\"ez-toc-section\" id=\"Preu_mitja_duna_asseguranca_medica\"><\/span><strong>Preu mitj\u00e0 d&#8217;una asseguran\u00e7a m\u00e8dica<\/strong><span class=\"ez-toc-section-end\"><\/span><\/h2>\n\n\n\n<p>L&#8217;\u00faltim dubte que et pot haver sorgit per a contractar una asseguran\u00e7a de salut \u00e9s a quant ascendeix. <strong>Aquesta pregunta \u00e9s de dif\u00edcil resposta<\/strong>, ja que <strong>es tenen en compte l&#8217;edat, si s&#8217;inclou l&#8217;hospitalitzaci\u00f3 o si hi ha o no copagament, entre molts altres aspectes<\/strong>. Aix\u00ed, les p\u00f2lisses m\u00e9s senzilles poden comen\u00e7ar en els 18\u202f\u20ac, mentre que aquelles m\u00e9s completes i sense copagament poden assolir els 80\u202f\u20ac.<br>Per aquesta varietat, la <strong>nostra recomanaci\u00f3 des de MGC M\u00fatua \u00e9s que contactis directament amb les companyies<\/strong> asseguradores perqu\u00e8 puguin donar-te un preu espec\u00edfic per al teu perfil, amb les cobertures i les caracter\u00edstiques que desitgis.<\/p>\n","protected":false},"excerpt":{"rendered":"<p>Si per una q\u00fcesti\u00f3 d&#8217;edat o per les circumst\u00e0ncies de la vida, comences a sentir inseguretat respecte a les llargues llistes d&#8217;espera de la Sanitat P\u00fablica i est\u00e0s valorant complementar-la amb la privada, avui volem explicar-te com \u00e9s el proc\u00e9s per a contractar una asseguran\u00e7a de salut i els requisits que s&#8217;han de complir. Requisits [&hellip;]<\/p>\n","protected":false},"author":3,"featured_media":27477,"comment_status":"closed","ping_status":"closed","sticky":false,"template":"","format":"standard","meta":{"footnotes":""},"categories":[188,1],"tags":[],"class_list":["post-27479","post","type-post","status-publish","format-standard","has-post-thumbnail","hentry","category-seguros","category-sin-categorizar"],"featured_image_src":"https:\/\/www.mgc.es\/wp-content\/uploads\/2022\/12\/como-contratar-un-seguro-de-salud.jpg","author_info":{"display_name":"Revista Inter\u00e8s Mutu","author_link":"https:\/\/www.mgc.es\/ca\/blog\/author\/interesmutu\/"},"yoast_head":"<!-- This site is optimized with the Yoast SEO plugin v27.2 - https:\/\/yoast.com\/product\/yoast-seo-wordpress\/ -->\n<title>Apr\u00e8n com contractar una asseguran\u00e7a de salut - MGC M\u00fatua<\/title>\n<meta name=\"description\" content=\"Apr\u00e8n en aquest article de MGC com contractar una asseguran\u00e7a de salut, t&#039;ho expliquem pas a pas, segueix llegint!\" \/>\n<meta name=\"robots\" content=\"index, follow, max-snippet:-1, max-image-preview:large, max-video-preview:-1\" \/>\n<link rel=\"canonical\" href=\"https:\/\/www.mgc.es\/blog\/como-contratar-un-seguro-de-salud\/\" \/>\n<meta property=\"og:locale\" content=\"ca_ES\" \/>\n<meta property=\"og:type\" content=\"article\" \/>\n<meta property=\"og:title\" content=\"Apr\u00e8n com contractar una asseguran\u00e7a de salut - MGC M\u00fatua\" \/>\n<meta property=\"og:description\" content=\"Apr\u00e8n en aquest article de MGC com contractar una asseguran\u00e7a de salut, t&#039;ho expliquem pas a pas, segueix llegint!\" \/>\n<meta property=\"og:url\" content=\"https:\/\/www.mgc.es\/blog\/como-contratar-un-seguro-de-salud\/\" \/>\n<meta property=\"og:site_name\" content=\"MGC M\u00fatua\" \/>\n<meta property=\"article:publisher\" content=\"https:\/\/www.facebook.com\/mgcmutua\" \/>\n<meta property=\"article:published_time\" content=\"2022-12-02T13:27:59+00:00\" \/>\n<meta property=\"article:modified_time\" content=\"2022-12-02T13:28:15+00:00\" \/>\n<meta property=\"og:image\" content=\"https:\/\/www.mgc.es\/wp-content\/uploads\/2022\/12\/como-contratar-un-seguro-de-salud.jpg\" \/>\n\t<meta property=\"og:image:width\" content=\"2560\" \/>\n\t<meta property=\"og:image:height\" content=\"1852\" \/>\n\t<meta property=\"og:image:type\" content=\"image\/jpeg\" \/>\n<meta name=\"author\" content=\"Revista Inter\u00e8s Mutu\" \/>\n<meta name=\"twitter:card\" content=\"summary_large_image\" \/>\n<meta name=\"twitter:creator\" content=\"@mgcmutua\" \/>\n<meta name=\"twitter:site\" content=\"@mgcmutua\" \/>\n<meta name=\"twitter:label1\" content=\"Escrit per\" \/>\n\t<meta name=\"twitter:data1\" content=\"Revista Inter\u00e8s Mutu\" \/>\n\t<meta name=\"twitter:label2\" content=\"Temps estimat de lectura\" \/>\n\t<meta name=\"twitter:data2\" content=\"4 minuts\" \/>\n<!-- \/ Yoast SEO plugin. -->","yoast_head_json":{"title":"Apr\u00e8n com contractar una asseguran\u00e7a de salut - MGC M\u00fatua","description":"Apr\u00e8n en aquest article de MGC com contractar una asseguran\u00e7a de salut, t'ho expliquem pas a pas, segueix llegint!","robots":{"index":"index","follow":"follow","max-snippet":"max-snippet:-1","max-image-preview":"max-image-preview:large","max-video-preview":"max-video-preview:-1"},"canonical":"https:\/\/www.mgc.es\/blog\/como-contratar-un-seguro-de-salud\/","og_locale":"ca_ES","og_type":"article","og_title":"Apr\u00e8n com contractar una asseguran\u00e7a de salut - MGC M\u00fatua","og_description":"Apr\u00e8n en aquest article de MGC com contractar una asseguran\u00e7a de salut, t'ho expliquem pas a pas, segueix llegint!","og_url":"https:\/\/www.mgc.es\/blog\/como-contratar-un-seguro-de-salud\/","og_site_name":"MGC M\u00fatua","article_publisher":"https:\/\/www.facebook.com\/mgcmutua","article_published_time":"2022-12-02T13:27:59+00:00","article_modified_time":"2022-12-02T13:28:15+00:00","og_image":[{"width":2560,"height":1852,"url":"https:\/\/www.mgc.es\/wp-content\/uploads\/2022\/12\/como-contratar-un-seguro-de-salud.jpg","type":"image\/jpeg"}],"author":"Revista Inter\u00e8s Mutu","twitter_card":"summary_large_image","twitter_creator":"@mgcmutua","twitter_site":"@mgcmutua","twitter_misc":{"Escrit per":"Revista Inter\u00e8s Mutu","Temps estimat de lectura":"4 minuts"},"schema":{"@context":"https:\/\/schema.org","@graph":[{"@type":["Article","BlogPosting"],"@id":"https:\/\/www.mgc.es\/blog\/como-contratar-un-seguro-de-salud\/#article","isPartOf":{"@id":"https:\/\/www.mgc.es\/blog\/como-contratar-un-seguro-de-salud\/"},"author":{"name":"Revista Inter\u00e8s Mutu","@id":"https:\/\/www.mgc.es\/#\/schema\/person\/010c961d9c9acf38f11187a02b646c16"},"headline":"Apr\u00e8n com contractar una asseguran\u00e7a de salut","datePublished":"2022-12-02T13:27:59+00:00","dateModified":"2022-12-02T13:28:15+00:00","mainEntityOfPage":{"@id":"https:\/\/www.mgc.es\/blog\/como-contratar-un-seguro-de-salud\/"},"wordCount":845,"publisher":{"@id":"https:\/\/www.mgc.es\/#organization"},"image":{"@id":"https:\/\/www.mgc.es\/blog\/como-contratar-un-seguro-de-salud\/#primaryimage"},"thumbnailUrl":"https:\/\/www.mgc.es\/wp-content\/uploads\/2022\/12\/como-contratar-un-seguro-de-salud.jpg","articleSection":["Sector seguros","Sin categorizar"],"inLanguage":"ca"},{"@type":["WebPage","ItemPage"],"@id":"https:\/\/www.mgc.es\/blog\/como-contratar-un-seguro-de-salud\/","url":"https:\/\/www.mgc.es\/blog\/como-contratar-un-seguro-de-salud\/","name":"Apr\u00e8n com contractar una asseguran\u00e7a de salut - MGC M\u00fatua","isPartOf":{"@id":"https:\/\/www.mgc.es\/#website"},"primaryImageOfPage":{"@id":"https:\/\/www.mgc.es\/blog\/como-contratar-un-seguro-de-salud\/#primaryimage"},"image":{"@id":"https:\/\/www.mgc.es\/blog\/como-contratar-un-seguro-de-salud\/#primaryimage"},"thumbnailUrl":"https:\/\/www.mgc.es\/wp-content\/uploads\/2022\/12\/como-contratar-un-seguro-de-salud.jpg","datePublished":"2022-12-02T13:27:59+00:00","dateModified":"2022-12-02T13:28:15+00:00","description":"Apr\u00e8n en aquest article de MGC com contractar una asseguran\u00e7a de salut, t'ho expliquem pas a pas, segueix llegint!","breadcrumb":{"@id":"https:\/\/www.mgc.es\/blog\/como-contratar-un-seguro-de-salud\/#breadcrumb"},"inLanguage":"ca","potentialAction":[{"@type":"ReadAction","target":["https:\/\/www.mgc.es\/blog\/como-contratar-un-seguro-de-salud\/"]}]},{"@type":"ImageObject","inLanguage":"ca","@id":"https:\/\/www.mgc.es\/blog\/como-contratar-un-seguro-de-salud\/#primaryimage","url":"https:\/\/www.mgc.es\/wp-content\/uploads\/2022\/12\/como-contratar-un-seguro-de-salud.jpg","contentUrl":"https:\/\/www.mgc.es\/wp-content\/uploads\/2022\/12\/como-contratar-un-seguro-de-salud.jpg","width":2560,"height":1852,"caption":"C\u00f3mo contratar un seguro de salud"},{"@type":"BreadcrumbList","@id":"https:\/\/www.mgc.es\/blog\/como-contratar-un-seguro-de-salud\/#breadcrumb","itemListElement":[{"@type":"ListItem","position":1,"name":"Home","item":"https:\/\/www.mgc.es\/ca\/"},{"@type":"ListItem","position":2,"name":"Apr\u00e8n com contractar una asseguran\u00e7a de salut"}]},{"@type":"WebSite","@id":"https:\/\/www.mgc.es\/#website","url":"https:\/\/www.mgc.es\/","name":"MGC M\u00fatua","description":"MGC M\u00fatua \u00e9s una entitat asseguradora sense \u00e0nim de lucre constitu\u00efda al 1982 i especialitzada en assegurances de salut i assist\u00e8ncia.","publisher":{"@id":"https:\/\/www.mgc.es\/#organization"},"alternateName":"MGC","potentialAction":[{"@type":"SearchAction","target":{"@type":"EntryPoint","urlTemplate":"https:\/\/www.mgc.es\/?s={search_term_string}"},"query-input":{"@type":"PropertyValueSpecification","valueRequired":true,"valueName":"search_term_string"}}],"inLanguage":"ca"},{"@type":"Organization","@id":"https:\/\/www.mgc.es\/#organization","name":"MGC Mutua","alternateName":"MGC","url":"https:\/\/www.mgc.es\/","logo":{"@type":"ImageObject","inLanguage":"ca","@id":"https:\/\/www.mgc.es\/#\/schema\/logo\/image\/","url":"https:\/\/www.mgc.es\/wp-content\/uploads\/2020\/03\/mgcmutua_h2_2t_reduccions.png","contentUrl":"https:\/\/www.mgc.es\/wp-content\/uploads\/2020\/03\/mgcmutua_h2_2t_reduccions.png","width":303,"height":165,"caption":"MGC Mutua"},"image":{"@id":"https:\/\/www.mgc.es\/#\/schema\/logo\/image\/"},"sameAs":["https:\/\/www.facebook.com\/mgcmutua","https:\/\/x.com\/mgcmutua","https:\/\/www.youtube.com\/c\/MGCMutua"]},{"@type":"Person","@id":"https:\/\/www.mgc.es\/#\/schema\/person\/010c961d9c9acf38f11187a02b646c16","name":"Revista Inter\u00e8s Mutu","image":{"@type":"ImageObject","inLanguage":"ca","@id":"https:\/\/secure.gravatar.com\/avatar\/52302d684339b9d7bf5691e2ad00835d62ce3b4a435f21ca9f21fbe39c63cb1b?s=96&d=mm&r=g","url":"https:\/\/secure.gravatar.com\/avatar\/52302d684339b9d7bf5691e2ad00835d62ce3b4a435f21ca9f21fbe39c63cb1b?s=96&d=mm&r=g","contentUrl":"https:\/\/secure.gravatar.com\/avatar\/52302d684339b9d7bf5691e2ad00835d62ce3b4a435f21ca9f21fbe39c63cb1b?s=96&d=mm&r=g","caption":"Revista Inter\u00e8s Mutu"}}]}},"_links":{"self":[{"href":"https:\/\/www.mgc.es\/ca\/wp-json\/wp\/v2\/posts\/27479","targetHints":{"allow":["GET"]}}],"collection":[{"href":"https:\/\/www.mgc.es\/ca\/wp-json\/wp\/v2\/posts"}],"about":[{"href":"https:\/\/www.mgc.es\/ca\/wp-json\/wp\/v2\/types\/post"}],"author":[{"embeddable":true,"href":"https:\/\/www.mgc.es\/ca\/wp-json\/wp\/v2\/users\/3"}],"replies":[{"embeddable":true,"href":"https:\/\/www.mgc.es\/ca\/wp-json\/wp\/v2\/comments?post=27479"}],"version-history":[{"count":1,"href":"https:\/\/www.mgc.es\/ca\/wp-json\/wp\/v2\/posts\/27479\/revisions"}],"predecessor-version":[{"id":27480,"href":"https:\/\/www.mgc.es\/ca\/wp-json\/wp\/v2\/posts\/27479\/revisions\/27480"}],"wp:featuredmedia":[{"embeddable":true,"href":"https:\/\/www.mgc.es\/ca\/wp-json\/wp\/v2\/media\/27477"}],"wp:attachment":[{"href":"https:\/\/www.mgc.es\/ca\/wp-json\/wp\/v2\/media?parent=27479"}],"wp:term":[{"taxonomy":"category","embeddable":true,"href":"https:\/\/www.mgc.es\/ca\/wp-json\/wp\/v2\/categories?post=27479"},{"taxonomy":"post_tag","embeddable":true,"href":"https:\/\/www.mgc.es\/ca\/wp-json\/wp\/v2\/tags?post=27479"}],"curies":[{"name":"wp","href":"https:\/\/api.w.org\/{rel}","templated":true}]}}