{"id":27193,"date":"2022-11-03T09:32:27","date_gmt":"2022-11-03T08:32:27","guid":{"rendered":"https:\/\/www.mgc.es\/?p=27193"},"modified":"2022-11-03T09:32:28","modified_gmt":"2022-11-03T08:32:28","slug":"asseguranca-medica-sense-carencia","status":"publish","type":"post","link":"https:\/\/www.mgc.es\/ca\/blog\/asseguranca-medica-sense-carencia\/","title":{"rendered":"Qu\u00e8 \u00e9s una asseguran\u00e7a m\u00e8dica sense car\u00e8ncia?"},"content":{"rendered":"<div id=\"ez-toc-container\" class=\"ez-toc-v2_0_82_1 counter-hierarchy ez-toc-counter ez-toc-custom ez-toc-container-direction\">\n<div class=\"ez-toc-title-container\"><p class=\"ez-toc-title\" style=\"cursor:inherit\">\u00cdndex de continguts<\/p>\n<\/div><nav><ul class='ez-toc-list ez-toc-list-level-1 ' ><li class='ez-toc-page-1 ez-toc-heading-level-2'><a class=\"ez-toc-link ez-toc-heading-1\" href=\"https:\/\/www.mgc.es\/ca\/blog\/asseguranca-medica-sense-carencia\/#Que_signifiquen_els_mesos_de_carencia_en_una_asseguranca\" >Qu\u00e8 signifiquen els mesos de car\u00e8ncia en una asseguran\u00e7a?<\/a><\/li><li class='ez-toc-page-1 ez-toc-heading-level-2'><a class=\"ez-toc-link ez-toc-heading-2\" href=\"https:\/\/www.mgc.es\/ca\/blog\/asseguranca-medica-sense-carencia\/#Asseguranca_medica_sense_carencia_ni_copagaments\" >Asseguran\u00e7a m\u00e8dica sense car\u00e8ncia ni copagaments<\/a><\/li><li class='ez-toc-page-1 ez-toc-heading-level-2'><a class=\"ez-toc-link ez-toc-heading-3\" href=\"https:\/\/www.mgc.es\/ca\/blog\/asseguranca-medica-sense-carencia\/#Es_possible_trobar_una_asseguranca_medica_sense_carencia\" >\u00c9s possible trobar una asseguran\u00e7a m\u00e8dica sense car\u00e8ncia?<\/a><\/li><\/ul><\/nav><\/div>\n\n<figure class=\"wp-block-image size-large\"><img loading=\"lazy\" decoding=\"async\" width=\"880\" height=\"587\" src=\"https:\/\/www.mgc.es\/wp-content\/uploads\/2022\/11\/seguro-medico-sin-carencia-880x587.jpg\" alt=\"Seguro m\u00e9dico sin carencia\" class=\"wp-image-27190\" srcset=\"https:\/\/www.mgc.es\/wp-content\/uploads\/2022\/11\/seguro-medico-sin-carencia-880x587.jpg 880w, https:\/\/www.mgc.es\/wp-content\/uploads\/2022\/11\/seguro-medico-sin-carencia-440x293.jpg 440w, https:\/\/www.mgc.es\/wp-content\/uploads\/2022\/11\/seguro-medico-sin-carencia-768x512.jpg 768w, https:\/\/www.mgc.es\/wp-content\/uploads\/2022\/11\/seguro-medico-sin-carencia-1536x1025.jpg 1536w\" sizes=\"auto, (max-width: 880px) 100vw, 880px\" \/><\/figure>\n\n\n\n<p>Si est\u00e0s buscant una <a href=\"https:\/\/www.mgc.es\/ca\/assegurances-de-salut\/\">asseguran\u00e7a de salut<\/a> per a tu o la teva fam\u00edlia, \u00e9s probable que t&#8217;estiguis trobant termes que desconeixes que s\u00f3n presents en el sector, com pot ser la car\u00e8ncia, el barem o el copagament. Com que \u00e9s un dubte for\u00e7a habitual, avui parlarem de qu\u00e8 \u00e9s una <strong>asseguran\u00e7a m\u00e8dica sense car\u00e8ncia<\/strong> i de si \u00e9s possible optar-hi.<\/p>\n\n\n\n<h2 class=\"wp-block-heading\"><span class=\"ez-toc-section\" id=\"Que_signifiquen_els_mesos_de_carencia_en_una_asseguranca\"><\/span><strong>Qu\u00e8 signifiquen els mesos de car\u00e8ncia en una asseguran\u00e7a?<\/strong><span class=\"ez-toc-section-end\"><\/span><\/h2>\n\n\n\n<p>Per a entendre el que \u00e9s una asseguran\u00e7a m\u00e8dica sense car\u00e8ncia hem de passar per la definici\u00f3 d&#8217;aquests conceptes. La car\u00e8ncia \u00e9s un <strong>per\u00edode de temps que transcorre des que es contracta una p\u00f2lissa fins que \u00e9s possible gaudir de determinats serveis<\/strong> o cobertures. No totes les assegurances ho inclouen ni tampoc totes les companyies asseguradores, per\u00f2 s\u00ed que \u00e9s necessari verificar aquestes limitacions abans de signar un contracte.<\/p>\n\n\n\n<p>No obstant aix\u00f2, l&#8217;exist\u00e8ncia d&#8217;aquest per\u00edode de car\u00e8ncia <strong>t\u00e9 com a objectiu la protecci\u00f3 d&#8217;aquestes companyies<\/strong>. Per qu\u00e8? Doncs perqu\u00e8 s\u00f3n nombrosos els casos de persones que opten per la <strong>contractaci\u00f3 d&#8217;una asseguran\u00e7a sabent a priori que necessiten accedir a una mena de servei espec\u00edfic<\/strong>. La Sanitat P\u00fablica compta amb llargues llistes d&#8217;espera, mentre que la privada permet parlar amb un metge en q\u00fcesti\u00f3 de dies.<\/p>\n\n\n\n<p>Si aquesta visita a l&#8217;especialista es realitza de manera directa per aquesta via privada, el cost de la visita i els tractaments posteriors seria molt elevat; sempre en funci\u00f3 de la patologia o la lesi\u00f3 a tractar. Per aquest motiu, hi ha els qui decideixen contractar una asseguran\u00e7a de salut i pagar una prima mensual a canvi de <strong>poder optar a aquests tractaments a un preu molt m\u00e9s redu\u00eft<\/strong>. Una vegada es completa el tractament que necessiten, cancel\u00b7len la p\u00f2lissa.<\/p>\n\n\n\n<p>Aquesta situaci\u00f3 es considera fraudulenta i, per aix\u00f2, les companyies asseguradores no nom\u00e9s fan un q\u00fcestionari previ per a identificar totes les patologies existents, sin\u00f3 que a m\u00e9s a m\u00e9s estableixen aquest per\u00edode de car\u00e8ncia com a garantia i forma de protecci\u00f3.<\/p>\n\n\n\n<h2 class=\"wp-block-heading\"><span class=\"ez-toc-section\" id=\"Asseguranca_medica_sense_carencia_ni_copagaments\"><\/span><strong>Asseguran\u00e7a m\u00e8dica sense car\u00e8ncia ni copagaments<\/strong><span class=\"ez-toc-section-end\"><\/span><\/h2>\n\n\n\n<p>Amb aquest primer concepte clar, resulta m\u00e9s f\u00e0cil d&#8217;entendre el seg\u00fcent, que \u00e9s el del copagament. Aquest fa refer\u00e8ncia a la<strong> quantitat de diners que es paga en fer \u00fas d&#8217;un servei m\u00e8dic privat<\/strong>. Aqu\u00ed la q\u00fcesti\u00f3 que pot assaltar-te \u00e9s una altra, i \u00e9s que si, si ja est\u00e0s pagant una prima en la teva asseguran\u00e7a, per qu\u00e8 has de pagar pels serveis que utilitzis?<\/p>\n\n\n\n<p>La resposta la trobem, de nou, en la <strong>protecci\u00f3 de l&#8217;asseguradora<\/strong>, per\u00f2 tamb\u00e9 en els <strong>beneficis que suposa per al mateix client i pacient<\/strong>. Amb aquest pagament extra, o copagament, es pret\u00e9n conscienciar de l&#8217;\u00fas responsable del servei m\u00e8dic. \u00c9s a dir, acudir nom\u00e9s quan realment hi ha algun problema.<\/p>\n\n\n\n<p>Quant al benefici per al client, aquest tipus d&#8217;asseguran\u00e7a de salut <strong>implica una prima menor<\/strong> i est\u00e0 <strong>recomanada per a aquelles persones que rares vegades acudeixen al metge<\/strong>, per\u00f2 que quan ho fan, desitgen gaudir d&#8217;una atenci\u00f3 de qualitat. A m\u00e9s a m\u00e9s, aix\u00ed s&#8217;eviten les pujades gen\u00e8riques en la prima, en repercutir part del cost al client si fa \u00fas dels serveis.<\/p>\n\n\n\n<p>Aleshores, si tornem a l&#8217;asseguran\u00e7a m\u00e8dica sense car\u00e8ncia ni copagaments; \u00e9s aquella en la qual no sols no hem d&#8217;esperar per a accedir als serveis dels especialistes, sin\u00f3 que a m\u00e9s tots ells quedarien coberts per la p\u00f2lissa contractada, sense que calgu\u00e9s pagar res extra per aquesta atenci\u00f3 m\u00e8dica.<\/p>\n\n\n\n<h2 class=\"wp-block-heading\"><span class=\"ez-toc-section\" id=\"Es_possible_trobar_una_asseguranca_medica_sense_carencia\"><\/span><strong>\u00c9s possible trobar una asseguran\u00e7a m\u00e8dica sense car\u00e8ncia?<\/strong><span class=\"ez-toc-section-end\"><\/span><\/h2>\n\n\n\n<p>I per a acabar, marxem amb una altra q\u00fcesti\u00f3; \u00e9s realment possible accedir a una asseguran\u00e7a m\u00e8dica sense car\u00e8ncia ni copagament? La resposta \u00e9s que, si b\u00e9 <strong>no \u00e9s impossible perqu\u00e8 \u00e9s una decisi\u00f3 lliure de cada companyia asseguradora<\/strong>, per sentit com\u00fa i per la mateixa experi\u00e8ncia, sempre <strong>s&#8217;opta per la limitaci\u00f3 dels accessos<\/strong> fins a haver transcorregut el temps necessari que faci que la prestaci\u00f3 del servei es compensi amb la contractaci\u00f3 de la p\u00f2lissa.<\/p>\n\n\n\n<p>Tanmateix, <strong>s\u00ed que hi ha difer\u00e8ncies entre els per\u00edodes de car\u00e8ncia d&#8217;una companyia a una altra<\/strong>. De fet, mentre que algunes poden no tenir aquest marge en alguns serveis, com les proves diagn\u00f2stiques d&#8217;alta tecnologia o la psicoter\u00e0pia, unes altres s\u00ed que fan esperar entre sis i vuit mesos, principalment. Els serveis que s\u00ed que solen incloure la car\u00e8ncia en pr\u00e0cticament totes les companyies asseguradores s\u00f3n l&#8217;hospitalitzaci\u00f3 i l&#8217;embar\u00e0s i part, per suposar ambdues un import m\u00e9s elevat.<\/p>\n\n\n\n<p>Respecte al copagament, aquesta \u00e9s una opci\u00f3 a la qual la persona assegurada pot optar, per\u00f2 no suposa una limitaci\u00f3 en les assegurances de salut. En realitat, i tal com expliquem en la seva definici\u00f3, <strong>el copagament \u00e9s un avantatge per als qui no solen fer \u00fas dels serveis m\u00e8dics<\/strong> amb regularitat.Ara que ja saps el que \u00e9s una asseguran\u00e7a m\u00e8dica sense car\u00e8ncia i si \u00e9s possible contractar-la, des de <strong>MGC M\u00fatua et recomanem fer una comparativa<\/strong> entre les opcions que valoris i consultar quins serveis i per\u00edodes de car\u00e8ncia s\u00f3n els que m\u00e9s et convenen.<\/p>\n","protected":false},"excerpt":{"rendered":"<p>Si est\u00e0s buscant una asseguran\u00e7a de salut per a tu o la teva fam\u00edlia, \u00e9s probable que t&#8217;estiguis trobant termes que desconeixes que s\u00f3n presents en el sector, com pot ser la car\u00e8ncia, el barem o el copagament. Com que \u00e9s un dubte for\u00e7a habitual, avui parlarem de qu\u00e8 \u00e9s una asseguran\u00e7a m\u00e8dica sense car\u00e8ncia [&hellip;]<\/p>\n","protected":false},"author":3,"featured_media":27190,"comment_status":"closed","ping_status":"closed","sticky":false,"template":"","format":"standard","meta":{"footnotes":""},"categories":[188],"tags":[],"class_list":["post-27193","post","type-post","status-publish","format-standard","has-post-thumbnail","hentry","category-seguros"],"featured_image_src":"https:\/\/www.mgc.es\/wp-content\/uploads\/2022\/11\/seguro-medico-sin-carencia.jpg","author_info":{"display_name":"Revista Inter\u00e8s Mutu","author_link":"https:\/\/www.mgc.es\/ca\/blog\/author\/interesmutu\/"},"yoast_head":"<!-- This site is optimized with the Yoast SEO plugin v27.2 - https:\/\/yoast.com\/product\/yoast-seo-wordpress\/ -->\n<title>Qu\u00e8 \u00e9s una asseguran\u00e7a m\u00e8dica sense car\u00e8ncia? - MGC M\u00fatua<\/title>\n<meta name=\"description\" content=\"Vols aprendre qu\u00e8 \u00e9s una asseguran\u00e7a m\u00e8dica sense car\u00e8ncia? A MGC t&#039;expliquem tot el que has de saber. \u00a1Segueix llegint!\" \/>\n<meta name=\"robots\" content=\"index, follow, max-snippet:-1, max-image-preview:large, max-video-preview:-1\" \/>\n<link rel=\"canonical\" href=\"https:\/\/www.mgc.es\/ca\/blog\/asseguranca-medica-sense-carencia\/\" \/>\n<meta property=\"og:locale\" content=\"ca_ES\" \/>\n<meta property=\"og:type\" content=\"article\" \/>\n<meta property=\"og:title\" content=\"Qu\u00e8 \u00e9s una asseguran\u00e7a m\u00e8dica sense car\u00e8ncia? - MGC M\u00fatua\" \/>\n<meta property=\"og:description\" content=\"Vols aprendre qu\u00e8 \u00e9s una asseguran\u00e7a m\u00e8dica sense car\u00e8ncia? A MGC t&#039;expliquem tot el que has de saber. \u00a1Segueix llegint!\" \/>\n<meta property=\"og:url\" content=\"https:\/\/www.mgc.es\/ca\/blog\/asseguranca-medica-sense-carencia\/\" \/>\n<meta property=\"og:site_name\" content=\"MGC M\u00fatua\" \/>\n<meta property=\"article:publisher\" content=\"https:\/\/www.facebook.com\/mgcmutua\" \/>\n<meta property=\"article:published_time\" content=\"2022-11-03T08:32:27+00:00\" \/>\n<meta property=\"article:modified_time\" content=\"2022-11-03T08:32:28+00:00\" \/>\n<meta property=\"og:image\" content=\"https:\/\/www.mgc.es\/wp-content\/uploads\/2022\/11\/seguro-medico-sin-carencia.jpg\" \/>\n\t<meta property=\"og:image:width\" content=\"7952\" \/>\n\t<meta property=\"og:image:height\" content=\"5304\" \/>\n\t<meta property=\"og:image:type\" content=\"image\/jpeg\" \/>\n<meta name=\"author\" content=\"Revista Inter\u00e8s Mutu\" \/>\n<meta name=\"twitter:card\" content=\"summary_large_image\" \/>\n<meta name=\"twitter:creator\" content=\"@mgcmutua\" \/>\n<meta name=\"twitter:site\" content=\"@mgcmutua\" \/>\n<meta name=\"twitter:label1\" content=\"Escrit per\" \/>\n\t<meta name=\"twitter:data1\" content=\"Revista Inter\u00e8s Mutu\" \/>\n\t<meta name=\"twitter:label2\" content=\"Temps estimat de lectura\" \/>\n\t<meta name=\"twitter:data2\" content=\"4 minuts\" \/>\n<!-- \/ Yoast SEO plugin. -->","yoast_head_json":{"title":"Qu\u00e8 \u00e9s una asseguran\u00e7a m\u00e8dica sense car\u00e8ncia? - MGC M\u00fatua","description":"Vols aprendre qu\u00e8 \u00e9s una asseguran\u00e7a m\u00e8dica sense car\u00e8ncia? A MGC t'expliquem tot el que has de saber. \u00a1Segueix llegint!","robots":{"index":"index","follow":"follow","max-snippet":"max-snippet:-1","max-image-preview":"max-image-preview:large","max-video-preview":"max-video-preview:-1"},"canonical":"https:\/\/www.mgc.es\/ca\/blog\/asseguranca-medica-sense-carencia\/","og_locale":"ca_ES","og_type":"article","og_title":"Qu\u00e8 \u00e9s una asseguran\u00e7a m\u00e8dica sense car\u00e8ncia? - MGC M\u00fatua","og_description":"Vols aprendre qu\u00e8 \u00e9s una asseguran\u00e7a m\u00e8dica sense car\u00e8ncia? A MGC t'expliquem tot el que has de saber. \u00a1Segueix llegint!","og_url":"https:\/\/www.mgc.es\/ca\/blog\/asseguranca-medica-sense-carencia\/","og_site_name":"MGC M\u00fatua","article_publisher":"https:\/\/www.facebook.com\/mgcmutua","article_published_time":"2022-11-03T08:32:27+00:00","article_modified_time":"2022-11-03T08:32:28+00:00","og_image":[{"width":7952,"height":5304,"url":"https:\/\/www.mgc.es\/wp-content\/uploads\/2022\/11\/seguro-medico-sin-carencia.jpg","type":"image\/jpeg"}],"author":"Revista Inter\u00e8s Mutu","twitter_card":"summary_large_image","twitter_creator":"@mgcmutua","twitter_site":"@mgcmutua","twitter_misc":{"Escrit per":"Revista Inter\u00e8s Mutu","Temps estimat de lectura":"4 minuts"},"schema":{"@context":"https:\/\/schema.org","@graph":[{"@type":["Article","BlogPosting"],"@id":"https:\/\/www.mgc.es\/ca\/blog\/asseguranca-medica-sense-carencia\/#article","isPartOf":{"@id":"https:\/\/www.mgc.es\/ca\/blog\/asseguranca-medica-sense-carencia\/"},"author":{"name":"Revista Inter\u00e8s Mutu","@id":"https:\/\/www.mgc.es\/#\/schema\/person\/010c961d9c9acf38f11187a02b646c16"},"headline":"Qu\u00e8 \u00e9s una asseguran\u00e7a m\u00e8dica sense car\u00e8ncia?","datePublished":"2022-11-03T08:32:27+00:00","dateModified":"2022-11-03T08:32:28+00:00","mainEntityOfPage":{"@id":"https:\/\/www.mgc.es\/ca\/blog\/asseguranca-medica-sense-carencia\/"},"wordCount":920,"publisher":{"@id":"https:\/\/www.mgc.es\/#organization"},"image":{"@id":"https:\/\/www.mgc.es\/ca\/blog\/asseguranca-medica-sense-carencia\/#primaryimage"},"thumbnailUrl":"https:\/\/www.mgc.es\/wp-content\/uploads\/2022\/11\/seguro-medico-sin-carencia.jpg","articleSection":["Sector seguros"],"inLanguage":"ca"},{"@type":["WebPage","ItemPage"],"@id":"https:\/\/www.mgc.es\/ca\/blog\/asseguranca-medica-sense-carencia\/","url":"https:\/\/www.mgc.es\/ca\/blog\/asseguranca-medica-sense-carencia\/","name":"Qu\u00e8 \u00e9s una asseguran\u00e7a m\u00e8dica sense car\u00e8ncia? - MGC M\u00fatua","isPartOf":{"@id":"https:\/\/www.mgc.es\/#website"},"primaryImageOfPage":{"@id":"https:\/\/www.mgc.es\/ca\/blog\/asseguranca-medica-sense-carencia\/#primaryimage"},"image":{"@id":"https:\/\/www.mgc.es\/ca\/blog\/asseguranca-medica-sense-carencia\/#primaryimage"},"thumbnailUrl":"https:\/\/www.mgc.es\/wp-content\/uploads\/2022\/11\/seguro-medico-sin-carencia.jpg","datePublished":"2022-11-03T08:32:27+00:00","dateModified":"2022-11-03T08:32:28+00:00","description":"Vols aprendre qu\u00e8 \u00e9s una asseguran\u00e7a m\u00e8dica sense car\u00e8ncia? A MGC t'expliquem tot el que has de saber. \u00a1Segueix llegint!","breadcrumb":{"@id":"https:\/\/www.mgc.es\/ca\/blog\/asseguranca-medica-sense-carencia\/#breadcrumb"},"inLanguage":"ca","potentialAction":[{"@type":"ReadAction","target":["https:\/\/www.mgc.es\/ca\/blog\/asseguranca-medica-sense-carencia\/"]}]},{"@type":"ImageObject","inLanguage":"ca","@id":"https:\/\/www.mgc.es\/ca\/blog\/asseguranca-medica-sense-carencia\/#primaryimage","url":"https:\/\/www.mgc.es\/wp-content\/uploads\/2022\/11\/seguro-medico-sin-carencia.jpg","contentUrl":"https:\/\/www.mgc.es\/wp-content\/uploads\/2022\/11\/seguro-medico-sin-carencia.jpg","width":7952,"height":5304,"caption":"Seguro m\u00e9dico sin carencia"},{"@type":"BreadcrumbList","@id":"https:\/\/www.mgc.es\/ca\/blog\/asseguranca-medica-sense-carencia\/#breadcrumb","itemListElement":[{"@type":"ListItem","position":1,"name":"Home","item":"https:\/\/www.mgc.es\/ca\/"},{"@type":"ListItem","position":2,"name":"Qu\u00e8 \u00e9s una asseguran\u00e7a m\u00e8dica sense car\u00e8ncia?"}]},{"@type":"WebSite","@id":"https:\/\/www.mgc.es\/#website","url":"https:\/\/www.mgc.es\/","name":"MGC M\u00fatua","description":"MGC M\u00fatua \u00e9s una entitat asseguradora sense \u00e0nim de lucre constitu\u00efda al 1982 i especialitzada en assegurances de salut i assist\u00e8ncia.","publisher":{"@id":"https:\/\/www.mgc.es\/#organization"},"alternateName":"MGC","potentialAction":[{"@type":"SearchAction","target":{"@type":"EntryPoint","urlTemplate":"https:\/\/www.mgc.es\/?s={search_term_string}"},"query-input":{"@type":"PropertyValueSpecification","valueRequired":true,"valueName":"search_term_string"}}],"inLanguage":"ca"},{"@type":"Organization","@id":"https:\/\/www.mgc.es\/#organization","name":"MGC Mutua","alternateName":"MGC","url":"https:\/\/www.mgc.es\/","logo":{"@type":"ImageObject","inLanguage":"ca","@id":"https:\/\/www.mgc.es\/#\/schema\/logo\/image\/","url":"https:\/\/www.mgc.es\/wp-content\/uploads\/2020\/03\/mgcmutua_h2_2t_reduccions.png","contentUrl":"https:\/\/www.mgc.es\/wp-content\/uploads\/2020\/03\/mgcmutua_h2_2t_reduccions.png","width":303,"height":165,"caption":"MGC Mutua"},"image":{"@id":"https:\/\/www.mgc.es\/#\/schema\/logo\/image\/"},"sameAs":["https:\/\/www.facebook.com\/mgcmutua","https:\/\/x.com\/mgcmutua","https:\/\/www.youtube.com\/c\/MGCMutua"]},{"@type":"Person","@id":"https:\/\/www.mgc.es\/#\/schema\/person\/010c961d9c9acf38f11187a02b646c16","name":"Revista Inter\u00e8s Mutu","image":{"@type":"ImageObject","inLanguage":"ca","@id":"https:\/\/secure.gravatar.com\/avatar\/52302d684339b9d7bf5691e2ad00835d62ce3b4a435f21ca9f21fbe39c63cb1b?s=96&d=mm&r=g","url":"https:\/\/secure.gravatar.com\/avatar\/52302d684339b9d7bf5691e2ad00835d62ce3b4a435f21ca9f21fbe39c63cb1b?s=96&d=mm&r=g","contentUrl":"https:\/\/secure.gravatar.com\/avatar\/52302d684339b9d7bf5691e2ad00835d62ce3b4a435f21ca9f21fbe39c63cb1b?s=96&d=mm&r=g","caption":"Revista Inter\u00e8s Mutu"}}]}},"_links":{"self":[{"href":"https:\/\/www.mgc.es\/ca\/wp-json\/wp\/v2\/posts\/27193","targetHints":{"allow":["GET"]}}],"collection":[{"href":"https:\/\/www.mgc.es\/ca\/wp-json\/wp\/v2\/posts"}],"about":[{"href":"https:\/\/www.mgc.es\/ca\/wp-json\/wp\/v2\/types\/post"}],"author":[{"embeddable":true,"href":"https:\/\/www.mgc.es\/ca\/wp-json\/wp\/v2\/users\/3"}],"replies":[{"embeddable":true,"href":"https:\/\/www.mgc.es\/ca\/wp-json\/wp\/v2\/comments?post=27193"}],"version-history":[{"count":1,"href":"https:\/\/www.mgc.es\/ca\/wp-json\/wp\/v2\/posts\/27193\/revisions"}],"predecessor-version":[{"id":27196,"href":"https:\/\/www.mgc.es\/ca\/wp-json\/wp\/v2\/posts\/27193\/revisions\/27196"}],"wp:featuredmedia":[{"embeddable":true,"href":"https:\/\/www.mgc.es\/ca\/wp-json\/wp\/v2\/media\/27190"}],"wp:attachment":[{"href":"https:\/\/www.mgc.es\/ca\/wp-json\/wp\/v2\/media?parent=27193"}],"wp:term":[{"taxonomy":"category","embeddable":true,"href":"https:\/\/www.mgc.es\/ca\/wp-json\/wp\/v2\/categories?post=27193"},{"taxonomy":"post_tag","embeddable":true,"href":"https:\/\/www.mgc.es\/ca\/wp-json\/wp\/v2\/tags?post=27193"}],"curies":[{"name":"wp","href":"https:\/\/api.w.org\/{rel}","templated":true}]}}