{"id":27129,"date":"2022-09-20T09:42:00","date_gmt":"2022-09-20T07:42:00","guid":{"rendered":"https:\/\/www.mgc.es\/?p=27129"},"modified":"2022-10-19T11:44:46","modified_gmt":"2022-10-19T09:44:46","slug":"es-obligatoria-una-asseguranca-accidents-per-empreses-2","status":"publish","type":"post","link":"https:\/\/www.mgc.es\/ca\/blog\/es-obligatoria-una-asseguranca-accidents-per-empreses-2\/","title":{"rendered":"\u00c9s obligat\u00f2ria l&#8217;asseguran\u00e7a d&#8217;accidents per a empreses?"},"content":{"rendered":"<div id=\"ez-toc-container\" class=\"ez-toc-v2_0_82_1 counter-hierarchy ez-toc-counter ez-toc-custom ez-toc-container-direction\">\n<div class=\"ez-toc-title-container\"><p class=\"ez-toc-title\" style=\"cursor:inherit\">\u00cdndex de continguts<\/p>\n<\/div><nav><ul class='ez-toc-list ez-toc-list-level-1 ' ><li class='ez-toc-page-1 ez-toc-heading-level-2'><a class=\"ez-toc-link ez-toc-heading-1\" href=\"https:\/\/www.mgc.es\/ca\/blog\/es-obligatoria-una-asseguranca-accidents-per-empreses-2\/#Assegurances_daccidents_per_a_empreses\" >Assegurances d&#8217;accidents per a empreses<\/a><\/li><li class='ez-toc-page-1 ez-toc-heading-level-2'><a class=\"ez-toc-link ez-toc-heading-2\" href=\"https:\/\/www.mgc.es\/ca\/blog\/es-obligatoria-una-asseguranca-accidents-per-empreses-2\/#Es_obligatoria_una_asseguranca_daccidents_per_a_empreses\" >\u00c9s obligat\u00f2ria una asseguran\u00e7a d&#8217;accidents per a empreses?<\/a><\/li><li class='ez-toc-page-1 ez-toc-heading-level-2'><a class=\"ez-toc-link ez-toc-heading-3\" href=\"https:\/\/www.mgc.es\/ca\/blog\/es-obligatoria-una-asseguranca-accidents-per-empreses-2\/#Que_inclou_una_asseguranca_daccidents\" >Qu\u00e8 inclou una asseguran\u00e7a d&#8217;accidents?<\/a><\/li><\/ul><\/nav><\/div>\n\n<figure class=\"wp-block-image size-large\"><img loading=\"lazy\" decoding=\"async\" width=\"880\" height=\"587\" src=\"https:\/\/www.mgc.es\/wp-content\/uploads\/2022\/09\/obligatorio-el-seguro-de-accidentes-para-empresas-880x587.jpg\" alt=\"Obligatorio el seguro de accidentes para empresas\" class=\"wp-image-26933\" srcset=\"https:\/\/www.mgc.es\/wp-content\/uploads\/2022\/09\/obligatorio-el-seguro-de-accidentes-para-empresas-880x587.jpg 880w, https:\/\/www.mgc.es\/wp-content\/uploads\/2022\/09\/obligatorio-el-seguro-de-accidentes-para-empresas-440x293.jpg 440w, https:\/\/www.mgc.es\/wp-content\/uploads\/2022\/09\/obligatorio-el-seguro-de-accidentes-para-empresas-768x512.jpg 768w, https:\/\/www.mgc.es\/wp-content\/uploads\/2022\/09\/obligatorio-el-seguro-de-accidentes-para-empresas-1536x1024.jpg 1536w, https:\/\/www.mgc.es\/wp-content\/uploads\/2022\/09\/obligatorio-el-seguro-de-accidentes-para-empresas-2048x1366.jpg 2048w\" sizes=\"auto, (max-width: 880px) 100vw, 880px\" \/><\/figure>\n\n\n\n<p>Treballar com a persona aut\u00f2noma o ser empres\u00e0ria t\u00e9 for\u00e7a similituds, at\u00e8s que ambdues<br>treballen per compte propi. Tanmateix, quan es tracta de cobertures, comencen a<br>apar\u00e8ixer difer\u00e8ncies entre ambdues situacions, puix que la protecci\u00f3 \u00e9s un aspecte<br>fonamental quan hi ha empleats a c\u00e0rrec. Avui donem resposta a si \u00e9s <strong>obligat\u00f2ria<br>l&#8217;asseguran\u00e7a d&#8217;accidents per a empreses<\/strong>.<\/p>\n\n\n<h2><span class=\"ez-toc-section\" id=\"Assegurances_daccidents_per_a_empreses\"><\/span>Assegurances d&#8217;accidents per a empreses<span class=\"ez-toc-section-end\"><\/span><\/h2>\n\n\n<p>L\u2019 <a href=\"https:\/\/www.mgc.es\/ca\/accidents\/\">asseguran\u00e7a d&#8217;accidents<\/a> \u00e9s aquella que cobreix els <strong>danys corporals<\/strong> que la persona<br>assegurada pot sofrir en l&#8217;entorn privat o professional tot sent conseq\u00fc\u00e8ncia d&#8217;un accident.<br>S&#8217;ent\u00e9n per accident aquell escenari en el qual <strong>la causa \u00e9s sobtada o inesperada,<br>externa, violenta i sense que hi hagi intenci\u00f3<\/strong> o participaci\u00f3 per part de la v\u00edctima, i que<br>a m\u00e9s ocasiona danys o lesions. Si aquesta definici\u00f3 d&#8217;accident no es compleix, no<br>entraria en joc aquesta p\u00f2lissa, sin\u00f3 que es tractaria de la cobertura d&#8217;una asseguran\u00e7a<br>de vida.<br>Existeixen <strong>dos tipus d&#8217;assegurances<\/strong> d&#8217;accidents; d&#8217;una banda, els individuals i, per un<br>altre, els col\u00b7lectius. Els primers s\u00f3n els que impliquen una prestaci\u00f3 o indemnitzaci\u00f3 quan<br>t\u00e9 lloc un accident per les activitats contemplades en la p\u00f2lissa i que causen una<br>incapacitat o la mort de la persona assegurada.<\/p>\n\n\n\n<p><strong>Les cobertures queden establertes en la contractaci\u00f3<\/strong> i varien en funci\u00f3 de la<br>conseq\u00fc\u00e8ncia de l&#8217;accident. Per exemple, quan es produeix la defunci\u00f3, seran les<br>persones benefici\u00e0ries els qui obtinguin la indemnitzaci\u00f3; si hi ha una incapacitat temporal,<br>s&#8217;obt\u00e9 una pensi\u00f3 di\u00e0ria, aix\u00ed com cobertura per les despeses d&#8217;assist\u00e8ncia, o un capital<br>quan la incapacitat \u00e9s permanent o total.<\/p>\n\n\n\n<p>Les col\u00b7lectives s\u00f3n les que s&#8217;apliquen en les <strong>empreses quan hi ha diverses persones<br>treballant<\/strong>. En aquest cas, s&#8217;estableix un \u00fanic contracte, per\u00f2 aquest inclou a diverses<br>persones que gaudiran de la cobertura de l&#8217;asseguran\u00e7a.<br><\/p>\n\n\n<h2><span class=\"ez-toc-section\" id=\"Es_obligatoria_una_asseguranca_daccidents_per_a_empreses\"><\/span>\u00c9s obligat\u00f2ria una asseguran\u00e7a d&#8217;accidents per a empreses?<span class=\"ez-toc-section-end\"><\/span><\/h2>\n\n\n<p>Per\u00f2 la pregunta que ens ocupa \u00e9s la de si \u00e9s obligatori una asseguran\u00e7a d&#8217;accidents per<br>a empreses. I la resposta \u00e9s que s\u00ed que ho \u00e9s, <strong>sempre que hi hagi persones<br>contractades i si aix\u00ed ho estableix el conveni<\/strong>. No obstant aix\u00f2, aquesta asseguran\u00e7a<br>est\u00e0 estretament relacionat amb el conveni de cada empresa, perqu\u00e8 \u00e9s en aquest on<br>s&#8217;estableixen les cobertures, aix\u00ed com les indemnitzacions que es poden percebre. Cal<br>tenir en compte que <strong>no tots els accidents figuren en aquestes p\u00f2lisses<\/strong> i, a m\u00e9s, es<br>verifica que no hagin estat provocats en alguna mesura per la mateixa persona<br>assegurada.<\/p>\n\n\n\n<p>Quan una empresa contracta l&#8217;asseguran\u00e7a d&#8217;accidents de conveni, <strong>tots els empleats<br>que figurin en el document TC2<\/strong> de la Seguretat Social queden autom\u00e0ticament inclosos en la cobertura, sense importar quants n&#8217;hi havia en el moment de contractar-se la p\u00f2lissa. \u00c9s a dir, que si posteriorment s&#8217;incorporen noves persones a l&#8217;empresa, aquestes tamb\u00e9<br>estaran cobertes.<\/p>\n\n\n\n<p>Tanmateix, el <strong>preu final varia en funci\u00f3 del nombre total de treballadors a c\u00e0rrec<\/strong>, aix\u00ed<br>com dels capitals que s&#8217;hagin assegurat. Un altre factor que pot influir en l&#8217;import \u00e9s el<br>mateix conveni i el sector, ja que els riscos no s\u00f3n els mateixos per als qui treballin<br>en la construcci\u00f3 que per als qui ho facin asseguts en una oficina<\/p>\n\n\n\n<p>Si una empresa manca de l&#8217;asseguran\u00e7a d&#8217;accidents obligat\u00f2ria i es produeix un sinistre,<br>tota la responsabilitat recau sobre aquella. La conseq\u00fc\u00e8ncia \u00e9s una <strong>sanci\u00f3 a la persona<br>empres\u00e0ria<\/strong>, que pot assolir els sis d\u00edgits. A m\u00e9s, aquesta haur\u00e0 de respondre amb els<br>seus b\u00e9ns i el seu patrimoni per a fer front a la indemnitzaci\u00f3; una situaci\u00f3 que pot posar<br>en risc a tota l&#8217;empresa en si mateixa<\/p>\n\n\n<h2><span class=\"ez-toc-section\" id=\"Que_inclou_una_asseguranca_daccidents\"><\/span>Qu\u00e8 inclou una asseguran\u00e7a d&#8217;accidents?<span class=\"ez-toc-section-end\"><\/span><\/h2>\n\n\n<p>Les assegurances d&#8217;accidents ofereixen cobertura per a la <strong>mort accidental<\/strong>, que cada<br>companyia pot especificar; la invalidesa temporal, permanent o total; les despeses<br>d&#8217;assist\u00e8ncia sanit\u00e0ria que es derivin de l&#8217;accident i de la recuperaci\u00f3 d&#8217;aquest; les<br>repercussions econ\u00f2miques derivades d&#8217;aquell i les <strong>malalties professionals<\/strong>. En<br>aquest \u00faltim punt, els trajectes entre el domicili i el lloc de treball solen estar coberts en la<br>majoria d&#8217;assegurances.<\/p>\n\n\n\n<p>De la mateixa manera, tamb\u00e9 hi ha <strong>alguns escenaris que queden exclosos<\/strong> de<br>l&#8217;asseguran\u00e7a d&#8217;accidents per a empreses, aix\u00ed si se&#8217;n produ\u00eds algun d&#8217;ells, no es rebria<br>cap protecci\u00f3. Aquests s\u00f3n, en primer lloc, que hi hagi una intenci\u00f3 per part de la persona<br>que ha sofert l&#8217;accident, amb l&#8217;objectiu d&#8217;aconseguir una baixa i gaudir d&#8217;una<br>indemnitzaci\u00f3. Altres situacions que tamb\u00e9 queden excloses s\u00f3n les lesions que es derivin<br>d&#8217;una manifestaci\u00f3, una vaga o un conflicte armat.<\/p>\n\n\n\n<p>A <strong>MGC M\u00fatua<\/strong> disposem de diverses<a href=\"https:\/\/www.mgc.es\/ca\/empreses\/\"> cobertures per a empreses<\/a>, adaptades per a<br>cadascuna i dissenyades per a cobrir totes les seves necessitats. Pots sol\u00b7licitar m\u00e9s<br>informaci\u00f3 emplenant el formulari o contactar directament amb nosaltres.<\/p>\n","protected":false},"excerpt":{"rendered":"<p>Treballar com a persona aut\u00f2noma o ser empres\u00e0ria t\u00e9 for\u00e7a similituds, at\u00e8s que ambduestreballen per compte propi. Tanmateix, quan es tracta de cobertures, comencen aapar\u00e8ixer difer\u00e8ncies entre ambdues situacions, puix que la protecci\u00f3 \u00e9s un aspectefonamental quan hi ha empleats a c\u00e0rrec. Avui donem resposta a si \u00e9s obligat\u00f2rial&#8217;asseguran\u00e7a d&#8217;accidents per a empreses. Assegurances d&#8217;accidents [&hellip;]<\/p>\n","protected":false},"author":3,"featured_media":26933,"comment_status":"closed","ping_status":"closed","sticky":false,"template":"","format":"standard","meta":{"footnotes":""},"categories":[188],"tags":[],"class_list":["post-27129","post","type-post","status-publish","format-standard","has-post-thumbnail","hentry","category-seguros"],"featured_image_src":"https:\/\/www.mgc.es\/wp-content\/uploads\/2022\/09\/obligatorio-el-seguro-de-accidentes-para-empresas.jpg","author_info":{"display_name":"Revista Inter\u00e8s Mutu","author_link":"https:\/\/www.mgc.es\/ca\/blog\/author\/interesmutu\/"},"yoast_head":"<!-- This site is optimized with the Yoast SEO plugin v27.2 - https:\/\/yoast.com\/product\/yoast-seo-wordpress\/ -->\n<title>\u00c9s obligat\u00f2ria l&#039;asseguran\u00e7a d&#039;accidents per a empreses? - MGC M\u00fatua<\/title>\n<meta name=\"description\" content=\"\u00c9s obligat\u00f2ria l&#039;asseguran\u00e7a d&#039;accidents per a empreses? En aquest post de MGC t&#039;expliquem al detall tot el que has de saber.\" \/>\n<meta name=\"robots\" content=\"index, follow, max-snippet:-1, max-image-preview:large, max-video-preview:-1\" \/>\n<link rel=\"canonical\" href=\"https:\/\/www.mgc.es\/ca\/blog\/es-obligatoria-una-asseguranca-accidents-per-empreses-2\/\" \/>\n<meta property=\"og:locale\" content=\"ca_ES\" \/>\n<meta property=\"og:type\" content=\"article\" \/>\n<meta property=\"og:title\" content=\"\u00c9s obligat\u00f2ria l&#039;asseguran\u00e7a d&#039;accidents per a empreses? - MGC M\u00fatua\" \/>\n<meta property=\"og:description\" content=\"\u00c9s obligat\u00f2ria l&#039;asseguran\u00e7a d&#039;accidents per a empreses? En aquest post de MGC t&#039;expliquem al detall tot el que has de saber.\" \/>\n<meta property=\"og:url\" content=\"https:\/\/www.mgc.es\/ca\/blog\/es-obligatoria-una-asseguranca-accidents-per-empreses-2\/\" \/>\n<meta property=\"og:site_name\" content=\"MGC M\u00fatua\" \/>\n<meta property=\"article:publisher\" content=\"https:\/\/www.facebook.com\/mgcmutua\" \/>\n<meta property=\"article:published_time\" content=\"2022-09-20T07:42:00+00:00\" \/>\n<meta property=\"article:modified_time\" content=\"2022-10-19T09:44:46+00:00\" \/>\n<meta property=\"og:image\" content=\"https:\/\/www.mgc.es\/wp-content\/uploads\/2022\/09\/obligatorio-el-seguro-de-accidentes-para-empresas.jpg\" \/>\n\t<meta property=\"og:image:width\" content=\"2560\" \/>\n\t<meta property=\"og:image:height\" content=\"1707\" \/>\n\t<meta property=\"og:image:type\" content=\"image\/jpeg\" \/>\n<meta name=\"author\" content=\"Revista Inter\u00e8s Mutu\" \/>\n<meta name=\"twitter:card\" content=\"summary_large_image\" \/>\n<meta name=\"twitter:creator\" content=\"@mgcmutua\" \/>\n<meta name=\"twitter:site\" content=\"@mgcmutua\" \/>\n<meta name=\"twitter:label1\" content=\"Escrit per\" \/>\n\t<meta name=\"twitter:data1\" content=\"Revista Inter\u00e8s Mutu\" \/>\n\t<meta name=\"twitter:label2\" content=\"Temps estimat de lectura\" \/>\n\t<meta name=\"twitter:data2\" content=\"4 minuts\" \/>\n<!-- \/ Yoast SEO plugin. -->","yoast_head_json":{"title":"\u00c9s obligat\u00f2ria l'asseguran\u00e7a d'accidents per a empreses? - MGC M\u00fatua","description":"\u00c9s obligat\u00f2ria l'asseguran\u00e7a d'accidents per a empreses? En aquest post de MGC t'expliquem al detall tot el que has de saber.","robots":{"index":"index","follow":"follow","max-snippet":"max-snippet:-1","max-image-preview":"max-image-preview:large","max-video-preview":"max-video-preview:-1"},"canonical":"https:\/\/www.mgc.es\/ca\/blog\/es-obligatoria-una-asseguranca-accidents-per-empreses-2\/","og_locale":"ca_ES","og_type":"article","og_title":"\u00c9s obligat\u00f2ria l'asseguran\u00e7a d'accidents per a empreses? - MGC M\u00fatua","og_description":"\u00c9s obligat\u00f2ria l'asseguran\u00e7a d'accidents per a empreses? En aquest post de MGC t'expliquem al detall tot el que has de saber.","og_url":"https:\/\/www.mgc.es\/ca\/blog\/es-obligatoria-una-asseguranca-accidents-per-empreses-2\/","og_site_name":"MGC M\u00fatua","article_publisher":"https:\/\/www.facebook.com\/mgcmutua","article_published_time":"2022-09-20T07:42:00+00:00","article_modified_time":"2022-10-19T09:44:46+00:00","og_image":[{"width":2560,"height":1707,"url":"https:\/\/www.mgc.es\/wp-content\/uploads\/2022\/09\/obligatorio-el-seguro-de-accidentes-para-empresas.jpg","type":"image\/jpeg"}],"author":"Revista Inter\u00e8s Mutu","twitter_card":"summary_large_image","twitter_creator":"@mgcmutua","twitter_site":"@mgcmutua","twitter_misc":{"Escrit per":"Revista Inter\u00e8s Mutu","Temps estimat de lectura":"4 minuts"},"schema":{"@context":"https:\/\/schema.org","@graph":[{"@type":["Article","BlogPosting"],"@id":"https:\/\/www.mgc.es\/ca\/blog\/es-obligatoria-una-asseguranca-accidents-per-empreses-2\/#article","isPartOf":{"@id":"https:\/\/www.mgc.es\/ca\/blog\/es-obligatoria-una-asseguranca-accidents-per-empreses-2\/"},"author":{"name":"Revista Inter\u00e8s Mutu","@id":"https:\/\/www.mgc.es\/#\/schema\/person\/010c961d9c9acf38f11187a02b646c16"},"headline":"\u00c9s obligat\u00f2ria l&#8217;asseguran\u00e7a d&#8217;accidents per a empreses?","datePublished":"2022-09-20T07:42:00+00:00","dateModified":"2022-10-19T09:44:46+00:00","mainEntityOfPage":{"@id":"https:\/\/www.mgc.es\/ca\/blog\/es-obligatoria-una-asseguranca-accidents-per-empreses-2\/"},"wordCount":789,"publisher":{"@id":"https:\/\/www.mgc.es\/#organization"},"image":{"@id":"https:\/\/www.mgc.es\/ca\/blog\/es-obligatoria-una-asseguranca-accidents-per-empreses-2\/#primaryimage"},"thumbnailUrl":"https:\/\/www.mgc.es\/wp-content\/uploads\/2022\/09\/obligatorio-el-seguro-de-accidentes-para-empresas.jpg","articleSection":["Sector seguros"],"inLanguage":"ca"},{"@type":["WebPage","ItemPage"],"@id":"https:\/\/www.mgc.es\/ca\/blog\/es-obligatoria-una-asseguranca-accidents-per-empreses-2\/","url":"https:\/\/www.mgc.es\/ca\/blog\/es-obligatoria-una-asseguranca-accidents-per-empreses-2\/","name":"\u00c9s obligat\u00f2ria l'asseguran\u00e7a d'accidents per a empreses? - MGC M\u00fatua","isPartOf":{"@id":"https:\/\/www.mgc.es\/#website"},"primaryImageOfPage":{"@id":"https:\/\/www.mgc.es\/ca\/blog\/es-obligatoria-una-asseguranca-accidents-per-empreses-2\/#primaryimage"},"image":{"@id":"https:\/\/www.mgc.es\/ca\/blog\/es-obligatoria-una-asseguranca-accidents-per-empreses-2\/#primaryimage"},"thumbnailUrl":"https:\/\/www.mgc.es\/wp-content\/uploads\/2022\/09\/obligatorio-el-seguro-de-accidentes-para-empresas.jpg","datePublished":"2022-09-20T07:42:00+00:00","dateModified":"2022-10-19T09:44:46+00:00","description":"\u00c9s obligat\u00f2ria l'asseguran\u00e7a d'accidents per a empreses? En aquest post de MGC t'expliquem al detall tot el que has de saber.","breadcrumb":{"@id":"https:\/\/www.mgc.es\/ca\/blog\/es-obligatoria-una-asseguranca-accidents-per-empreses-2\/#breadcrumb"},"inLanguage":"ca","potentialAction":[{"@type":"ReadAction","target":["https:\/\/www.mgc.es\/ca\/blog\/es-obligatoria-una-asseguranca-accidents-per-empreses-2\/"]}]},{"@type":"ImageObject","inLanguage":"ca","@id":"https:\/\/www.mgc.es\/ca\/blog\/es-obligatoria-una-asseguranca-accidents-per-empreses-2\/#primaryimage","url":"https:\/\/www.mgc.es\/wp-content\/uploads\/2022\/09\/obligatorio-el-seguro-de-accidentes-para-empresas.jpg","contentUrl":"https:\/\/www.mgc.es\/wp-content\/uploads\/2022\/09\/obligatorio-el-seguro-de-accidentes-para-empresas.jpg","width":2560,"height":1707,"caption":"Obligatorio el seguro de accidentes para empresas"},{"@type":"BreadcrumbList","@id":"https:\/\/www.mgc.es\/ca\/blog\/es-obligatoria-una-asseguranca-accidents-per-empreses-2\/#breadcrumb","itemListElement":[{"@type":"ListItem","position":1,"name":"Home","item":"https:\/\/www.mgc.es\/ca\/"},{"@type":"ListItem","position":2,"name":"\u00c9s obligat\u00f2ria l&#8217;asseguran\u00e7a d&#8217;accidents per a empreses?"}]},{"@type":"WebSite","@id":"https:\/\/www.mgc.es\/#website","url":"https:\/\/www.mgc.es\/","name":"MGC M\u00fatua","description":"MGC M\u00fatua \u00e9s una entitat asseguradora sense \u00e0nim de lucre constitu\u00efda al 1982 i especialitzada en assegurances de salut i assist\u00e8ncia.","publisher":{"@id":"https:\/\/www.mgc.es\/#organization"},"alternateName":"MGC","potentialAction":[{"@type":"SearchAction","target":{"@type":"EntryPoint","urlTemplate":"https:\/\/www.mgc.es\/?s={search_term_string}"},"query-input":{"@type":"PropertyValueSpecification","valueRequired":true,"valueName":"search_term_string"}}],"inLanguage":"ca"},{"@type":"Organization","@id":"https:\/\/www.mgc.es\/#organization","name":"MGC Mutua","alternateName":"MGC","url":"https:\/\/www.mgc.es\/","logo":{"@type":"ImageObject","inLanguage":"ca","@id":"https:\/\/www.mgc.es\/#\/schema\/logo\/image\/","url":"https:\/\/www.mgc.es\/wp-content\/uploads\/2020\/03\/mgcmutua_h2_2t_reduccions.png","contentUrl":"https:\/\/www.mgc.es\/wp-content\/uploads\/2020\/03\/mgcmutua_h2_2t_reduccions.png","width":303,"height":165,"caption":"MGC Mutua"},"image":{"@id":"https:\/\/www.mgc.es\/#\/schema\/logo\/image\/"},"sameAs":["https:\/\/www.facebook.com\/mgcmutua","https:\/\/x.com\/mgcmutua","https:\/\/www.youtube.com\/c\/MGCMutua"]},{"@type":"Person","@id":"https:\/\/www.mgc.es\/#\/schema\/person\/010c961d9c9acf38f11187a02b646c16","name":"Revista Inter\u00e8s Mutu","image":{"@type":"ImageObject","inLanguage":"ca","@id":"https:\/\/secure.gravatar.com\/avatar\/52302d684339b9d7bf5691e2ad00835d62ce3b4a435f21ca9f21fbe39c63cb1b?s=96&d=mm&r=g","url":"https:\/\/secure.gravatar.com\/avatar\/52302d684339b9d7bf5691e2ad00835d62ce3b4a435f21ca9f21fbe39c63cb1b?s=96&d=mm&r=g","contentUrl":"https:\/\/secure.gravatar.com\/avatar\/52302d684339b9d7bf5691e2ad00835d62ce3b4a435f21ca9f21fbe39c63cb1b?s=96&d=mm&r=g","caption":"Revista Inter\u00e8s Mutu"}}]}},"_links":{"self":[{"href":"https:\/\/www.mgc.es\/ca\/wp-json\/wp\/v2\/posts\/27129","targetHints":{"allow":["GET"]}}],"collection":[{"href":"https:\/\/www.mgc.es\/ca\/wp-json\/wp\/v2\/posts"}],"about":[{"href":"https:\/\/www.mgc.es\/ca\/wp-json\/wp\/v2\/types\/post"}],"author":[{"embeddable":true,"href":"https:\/\/www.mgc.es\/ca\/wp-json\/wp\/v2\/users\/3"}],"replies":[{"embeddable":true,"href":"https:\/\/www.mgc.es\/ca\/wp-json\/wp\/v2\/comments?post=27129"}],"version-history":[{"count":1,"href":"https:\/\/www.mgc.es\/ca\/wp-json\/wp\/v2\/posts\/27129\/revisions"}],"predecessor-version":[{"id":27130,"href":"https:\/\/www.mgc.es\/ca\/wp-json\/wp\/v2\/posts\/27129\/revisions\/27130"}],"wp:featuredmedia":[{"embeddable":true,"href":"https:\/\/www.mgc.es\/ca\/wp-json\/wp\/v2\/media\/26933"}],"wp:attachment":[{"href":"https:\/\/www.mgc.es\/ca\/wp-json\/wp\/v2\/media?parent=27129"}],"wp:term":[{"taxonomy":"category","embeddable":true,"href":"https:\/\/www.mgc.es\/ca\/wp-json\/wp\/v2\/categories?post=27129"},{"taxonomy":"post_tag","embeddable":true,"href":"https:\/\/www.mgc.es\/ca\/wp-json\/wp\/v2\/tags?post=27129"}],"curies":[{"name":"wp","href":"https:\/\/api.w.org\/{rel}","templated":true}]}}