{"id":26991,"date":"2022-10-20T17:35:00","date_gmt":"2022-10-20T15:35:00","guid":{"rendered":"https:\/\/www.mgc.es\/?p=26991"},"modified":"2022-10-24T11:13:09","modified_gmt":"2022-10-24T09:13:09","slug":"problemes-digestius-mes-comuns","status":"publish","type":"post","link":"https:\/\/www.mgc.es\/ca\/blog\/problemes-digestius-mes-comuns\/","title":{"rendered":"Problemes digestius m\u00e9s comuns"},"content":{"rendered":"<div id=\"ez-toc-container\" class=\"ez-toc-v2_0_82_1 counter-hierarchy ez-toc-counter ez-toc-custom ez-toc-container-direction\">\n<div class=\"ez-toc-title-container\"><p class=\"ez-toc-title\" style=\"cursor:inherit\">\u00cdndex de continguts<\/p>\n<\/div><nav><ul class='ez-toc-list ez-toc-list-level-1 ' ><li class='ez-toc-page-1 ez-toc-heading-level-2'><a class=\"ez-toc-link ez-toc-heading-1\" href=\"https:\/\/www.mgc.es\/ca\/blog\/problemes-digestius-mes-comuns\/#La_cremor_destomac\" >La cremor d\u2019est\u00f3mac<\/a><\/li><li class='ez-toc-page-1 ez-toc-heading-level-2'><a class=\"ez-toc-link ez-toc-heading-2\" href=\"https:\/\/www.mgc.es\/ca\/blog\/problemes-digestius-mes-comuns\/#Simptomes_de_la_cremor\" >S\u00edmptomes de la cremor<\/a><\/li><li class='ez-toc-page-1 ez-toc-heading-level-2'><a class=\"ez-toc-link ez-toc-heading-3\" href=\"https:\/\/www.mgc.es\/ca\/blog\/problemes-digestius-mes-comuns\/#Diagnostic_de_la_cremor\" >Diagn\u00f2stic de la cremor<\/a><\/li><li class='ez-toc-page-1 ez-toc-heading-level-2'><a class=\"ez-toc-link ez-toc-heading-4\" href=\"https:\/\/www.mgc.es\/ca\/blog\/problemes-digestius-mes-comuns\/#Ulcera_destomac_o_de_duode_les_ulceres_peptiques\" >\u00dalcera d\u2019est\u00f3mac o de duod\u00e8 (les \u00falceres p\u00e8ptiques)<\/a><\/li><li class='ez-toc-page-1 ez-toc-heading-level-2'><a class=\"ez-toc-link ez-toc-heading-5\" href=\"https:\/\/www.mgc.es\/ca\/blog\/problemes-digestius-mes-comuns\/#Causes_de_lulcera_Diagnostic\" >Causes de l&#8217;\u00falcera. Diagn\u00f2stic<\/a><\/li><li class='ez-toc-page-1 ez-toc-heading-level-2'><a class=\"ez-toc-link ez-toc-heading-6\" href=\"https:\/\/www.mgc.es\/ca\/blog\/problemes-digestius-mes-comuns\/#Tractament_de_lulcera\" >Tractament de l\u2019\u00falcera<\/a><\/li><li class='ez-toc-page-1 ez-toc-heading-level-2'><a class=\"ez-toc-link ez-toc-heading-7\" href=\"https:\/\/www.mgc.es\/ca\/blog\/problemes-digestius-mes-comuns\/#SII_Sindrome_de_lintesti_irritable_colon_irritable\" >SII: S\u00edndrome de l\u2019intest\u00ed irritable (c\u00f2lon irritable)<\/a><\/li><li class='ez-toc-page-1 ez-toc-heading-level-2'><a class=\"ez-toc-link ez-toc-heading-8\" href=\"https:\/\/www.mgc.es\/ca\/blog\/problemes-digestius-mes-comuns\/#Simptomes_del_SII_Diagnostic\" >S\u00edmptomes del SII. Diagn\u00f2stic<\/a><\/li><li class='ez-toc-page-1 ez-toc-heading-level-2'><a class=\"ez-toc-link ez-toc-heading-9\" href=\"https:\/\/www.mgc.es\/ca\/blog\/problemes-digestius-mes-comuns\/#Tractament_del_SII\" >Tractament del SII<\/a><\/li><li class='ez-toc-page-1 ez-toc-heading-level-2'><a class=\"ez-toc-link ez-toc-heading-10\" href=\"https:\/\/www.mgc.es\/ca\/blog\/problemes-digestius-mes-comuns\/#Altres_trastorns_menys_frequents\" >Altres trastorns menys freq\u00fcents<\/a><\/li><\/ul><\/nav><\/div>\n\n<figure class=\"wp-block-image size-full\"><img loading=\"lazy\" decoding=\"async\" width=\"800\" height=\"400\" src=\"https:\/\/www.mgc.es\/wp-content\/uploads\/2022\/10\/estomago2.jpg\" alt=\"\" class=\"wp-image-26987\" srcset=\"https:\/\/www.mgc.es\/wp-content\/uploads\/2022\/10\/estomago2.jpg 800w, https:\/\/www.mgc.es\/wp-content\/uploads\/2022\/10\/estomago2-440x220.jpg 440w, https:\/\/www.mgc.es\/wp-content\/uploads\/2022\/10\/estomago2-768x384.jpg 768w\" sizes=\"auto, (max-width: 800px) 100vw, 800px\" \/><\/figure>\n\n\n\n<p>Qui, alguna vegada a la vida, no ha tingut una mala nit despr\u00e9s d\u2019un sopar copi\u00f3s, o malestar ocasional d\u2019est\u00f3mac, o una cremor intensa o&#8230;? En aquest article repassem els problemes d\u2019est\u00f3mac m\u00e9s freq\u00fcents.<\/p>\n\n\n\n<h2 class=\"wp-block-heading\"><span class=\"ez-toc-section\" id=\"La_cremor_destomac\"><\/span><strong>La cremor d\u2019est\u00f3mac<\/strong><span class=\"ez-toc-section-end\"><\/span><\/h2>\n\n\n\n<p>Aquesta potser \u00e9s la causa m\u00e9s freq\u00fcent de consulta al metge de fam\u00edlia. Tamb\u00e9 se la coneix com a exc\u00e9s d\u2019acidesa o pirosi.<\/p>\n\n\n\n<p>Hi ha molts problemes que poden causar cremors d&#8217;est\u00f3mac i un dels m\u00e9s habituals \u00e9s el reflux gastroesof\u00e0gic (ERGE). Es produeix quan els aliments que l&#8217;est\u00f3mac encara no ha pa\u00eft tornen cap a l&#8217;es\u00f2fag. Aquests aliments s\u00f3n regats pels sucs g\u00e0strics, que s\u00f3n molt \u00e0cids. L\u2019est\u00f3mac t\u00e9 un revestiment que el protegeix d\u2019aquesta acidesa, per\u00f2 no pas l\u2019es\u00f2fag. La sensaci\u00f3 de cremor a la zona baixa de l&#8217;es\u00f2fag dona nom al trastorn. Fins a un 10 o un 20 % de la poblaci\u00f3 occidental en pateix. Pot afectar greument la qualitat de vida dels qui en tenen.<\/p>\n\n\n\n<h2 class=\"wp-block-heading\"><span class=\"ez-toc-section\" id=\"Simptomes_de_la_cremor\"><\/span><strong>S\u00edmptomes de la cremor<\/strong><span class=\"ez-toc-section-end\"><\/span><\/h2>\n\n\n\n<ul class=\"wp-block-list\"><li>Sensaci\u00f3 de cremor a la part alta de l&#8217;abdomen, darrere de l&#8217;estern. Sol apar\u00e8ixer despr\u00e9s de dinar.<\/li><li>Regurgitaci\u00f3, que \u00e9s el reflux dels aliments de l&#8217;est\u00f3mac cap amunt; pot arribar a la gola i, fins i tot, a la boca.<\/li><li>Dificultat per empassar, quan el trastorn \u00e9s recurrent i hi ha hagut una inflamaci\u00f3 a l&#8217;es\u00f2fag.<\/li><\/ul>\n\n\n\n<p>T\u00e9 altres s\u00edmptomes, com ara el dolor al pit, l&#8217;exc\u00e9s de saliva, la sensaci\u00f3 de tenir un bony a la gola, el dolor quan ens empassem aliments, n\u00e0usees i, fins i tot, v\u00f2mits.<\/p>\n\n\n\n<h2 class=\"wp-block-heading\"><span class=\"ez-toc-section\" id=\"Diagnostic_de_la_cremor\"><\/span><strong>Diagn\u00f2stic de la cremor<\/strong><span class=\"ez-toc-section-end\"><\/span><\/h2>\n\n\n\n<p>Els s\u00edmptomes esmentats solen ser la base del diagn\u00f2stic.<\/p>\n\n\n\n<p>Cal descartar altres possibles malalties que causen s\u00edmptomes semblants, com ara infeccions, inflamacions esof\u00e0giques, \u00falcera d&#8217;est\u00f3mac, disp\u00e8psia (mol\u00e8sties abdominals amb males digestions i flatul\u00e8ncies), problemes del fetge i malaltia de les coron\u00e0ries (les art\u00e8ries que irriguen el cor).<\/p>\n\n\n\n<p>Per aix\u00f2, es recomana d&#8217;avaluar m\u00e9s a fons els pacients que tenen dificultat per empassar o amb s\u00edmptomes d&#8217;ERGE. Si un\/a pacient no respon a un tractament emp\u00edric (\u201ca cegues\u201d) basat en un inhibidor de la bomba de protons, com l\u2019omeprazole, l&#8217;especialista digestiu demanar\u00e0 una endosc\u00f2pia amb bi\u00f2psia, que podr\u00e0 determinar si hi ha cap lesi\u00f3 o altres possibles problemes.<\/p>\n\n\n\n<h2 class=\"wp-block-heading\"><span class=\"ez-toc-section\" id=\"Ulcera_destomac_o_de_duode_les_ulceres_peptiques\"><\/span><strong>\u00dalcera d\u2019est\u00f3mac o de duod\u00e8 (les \u00falceres p\u00e8ptiques)<\/strong><span class=\"ez-toc-section-end\"><\/span><\/h2>\n\n\n\n<p>Encara que al comen\u00e7ament potser no se&#8217;n manifesti cap signe, fins que no apareixen les complicacions associades a l&#8217;\u00falcera, els s\u00edmptomes m\u00e9s freq\u00fcents en s\u00f3n el dolor i les mol\u00e8sties a la part superior de l&#8217;abdomen, concretament a l&#8217;epigastri, \u00e9s a dir, a la boca de l&#8217;est\u00f3mac. Ocasionalment, tamb\u00e9 poden presentar-se als dos costats de l&#8217;abdomen, sota les costelles.<\/p>\n\n\n\n<p>El cl\u00e0ssic dolor d&#8217;\u00falcera apareix entre dues o cinc hores despr\u00e9s dels \u00e0pats i, durant la nit, entre, aproximadament, les 11 h i les 2 h de la matinada, quan hi ha la m\u00e0xima secreci\u00f3 d&#8217;\u00e0cid a l&#8217;est\u00f3mac.<\/p>\n\n\n\n<p>Les \u00falceres poden anar associades al reflux gastroesof\u00e0gic i tamb\u00e9 al restrenyiment.<\/p>\n\n\n\n<p>Ara b\u00e9, cal insistir-hi, les \u00falceres es poden desenvolupar sense s\u00edmptomes, i s\u00f3n m\u00e9s freq\u00fcents en pacients i persones grans que prenen aspirina, ibuprof\u00e8 i altres antiinflamatoris no esteroidals an\u00e0legs.<\/p>\n\n\n\n<p>Les complicacions derivades d\u2019una \u00falcera p\u00e8ptica s\u00f3n:<\/p>\n\n\n\n<ul class=\"wp-block-list\"><li>&nbsp;Canvia la classe de dolor, que passa d&#8217;una mol\u00e8stia vaga a la boca de l&#8217;est\u00f3mac a una de m\u00e9s intensa que no es calma ni prenent aliments ni amb anti\u00e0cids<\/li><li>Possible aparici\u00f3 d&#8217;un dolor abdominal brusc<\/li><li>V\u00f2mits<\/li><li>Hemorr\u00e0gia, precedida de vegades per n\u00e0usees, v\u00f2mits de sang i excrements en forma de cabellera (\u00e9s a dir, amb sang)<\/li><\/ul>\n\n\n\n<h2 class=\"wp-block-heading\"><span class=\"ez-toc-section\" id=\"Causes_de_lulcera_Diagnostic\"><\/span><strong>Causes de l&#8217;\u00falcera. Diagn\u00f2stic<\/strong><span class=\"ez-toc-section-end\"><\/span><\/h2>\n\n\n\n<p>La majoria de les \u00falceres gastroduodenals es produeixen com a resultat de:<\/p>\n\n\n\n<ul class=\"wp-block-list\"><li>Infecci\u00f3 per un bacteri, l\u2019<em>Helicobacter pylori<\/em>, que \u00e9s la m\u00e9s habitual.<\/li><li>\u00das de medicaments, com antiinflamatoris no esteroidals (aspirina, ibuprof\u00e8) o antireum\u00e0tics. \u00c9s menys freq\u00fcent.<\/li><li>C\u00e0ncer d&#8217;est\u00f3mac. De vegades una \u00falcera d&#8217;est\u00f3mac pot amagar un c\u00e0ncer en aquest \u00f2rgan, per\u00f2 una \u00falcera duodenal molt rarament \u00e9s en realitat un c\u00e0ncer.<\/li><\/ul>\n\n\n\n<p>El diagn\u00f2stic es fa amb una endosc\u00f2pia, que consisteix a explorar l\u2019es\u00f2fag per mitj\u00e0 d\u2019un dispositiu amb c\u00e0mera que permet de veure\u2019n l\u2019interior.<\/p>\n\n\n\n<h2 class=\"wp-block-heading\"><span class=\"ez-toc-section\" id=\"Tractament_de_lulcera\"><\/span><strong>Tractament de l\u2019\u00falcera<\/strong><span class=\"ez-toc-section-end\"><\/span><\/h2>\n\n\n\n<p>Dep\u00e8n de la causa de l\u2019\u00falcera.<\/p>\n\n\n\n<ul class=\"wp-block-list\"><li>Si es tracta de l\u2019helicob\u00e0cter, es prescriu un tractament amb antibi\u00f2tics i inhibidors de la bomba de protons (per exemple, amb omeprazole). El tractament \u00e9s generalment efica\u00e7 i amb una setmana de medicaci\u00f3 n&#8217;hi ha prou. De vegades el bacteri \u00e9s m\u00e9s resistent, i aleshores cal allargar-lo.<\/li><li>Si la causa de l&#8217;\u00falcera s\u00f3n els medicaments, el primer pas \u00e9s suprimir-ne les preses. En cas que la infecci\u00f3 no sigui conseq\u00fc\u00e8ncia de l&#8217;helicob\u00e0cter, l&#8217;\u00falcera es tracta amb antagonistes H-2 (blocadors H2) m\u00e9s un inhibidor de la bomba de l&#8217;\u00e0cid, com ara l\u2019omeprazole.<\/li><\/ul>\n\n\n\n<p>Si l&#8217;\u00falcera sagna, la situaci\u00f3 pot ser molt greu i caldria fer un ingr\u00e9s hospitalari.<\/p>\n\n\n\n<figure class=\"wp-block-image size-full\"><img loading=\"lazy\" decoding=\"async\" width=\"800\" height=\"500\" src=\"https:\/\/www.mgc.es\/wp-content\/uploads\/2022\/10\/dolor-estomago2.jpg\" alt=\"\" class=\"wp-image-26989\" srcset=\"https:\/\/www.mgc.es\/wp-content\/uploads\/2022\/10\/dolor-estomago2.jpg 800w, https:\/\/www.mgc.es\/wp-content\/uploads\/2022\/10\/dolor-estomago2-440x275.jpg 440w, https:\/\/www.mgc.es\/wp-content\/uploads\/2022\/10\/dolor-estomago2-768x480.jpg 768w\" sizes=\"auto, (max-width: 800px) 100vw, 800px\" \/><\/figure>\n\n\n\n<h2 class=\"wp-block-heading\"><span class=\"ez-toc-section\" id=\"SII_Sindrome_de_lintesti_irritable_colon_irritable\"><\/span><strong>SII: S\u00edndrome de l\u2019intest\u00ed irritable (c\u00f2lon irritable)<\/strong><span class=\"ez-toc-section-end\"><\/span><\/h2>\n\n\n\n<p>Es caracteritza per un dolor abdominal cr\u00f2nic sense causa org\u00e0nica. \u00c9s el trastorn intestinal diagnosticat que mes sovinteja i afecta el 10-15% de la poblaci\u00f3. Curiosament nom\u00e9s el 15 % de les persones afectades cerca atenci\u00f3 m\u00e8dica, per\u00f2, aix\u00ed i tot, el trastorn representa un percentatge que voreja el 50 % de les consultes sobre gastroenterologia.<\/p>\n\n\n\n<h2 class=\"wp-block-heading\"><span class=\"ez-toc-section\" id=\"Simptomes_del_SII_Diagnostic\"><\/span><strong>S\u00edmptomes del SII. Diagn\u00f2stic<\/strong><span class=\"ez-toc-section-end\"><\/span><\/h2>\n\n\n\n<p>Hi ha pacients amb molts s\u00edmptomes diferents, per\u00f2 els m\u00e9s habituals s\u00f3n el dolor cr\u00f2nic i els canvis d&#8217;h\u00e0bits intestinals.<\/p>\n\n\n\n<p>El dolor cr\u00f2nic es descriu habitualment com una sensaci\u00f3 de rampa, amb aguditzacions peri\u00f2diques. No sempre fa mal a la mateixa zona, i la intensitat varia d\u2019una simple mol\u00e8stia fins a un dolor incapacitant.<\/p>\n\n\n\n<p>Els canvis en els h\u00e0bits intestinals s\u00f3n molt diversos i van del restrenyiment a la diarrea; fins i tot es poden alternar tots dos en el mateix pacient.<\/p>\n\n\n\n<p>El diagn\u00f2stic es fa comprovant una s\u00e8rie de trastorns cl\u00ednics, de manera que, si el pacient en manifesta m\u00e9s de tres, se li pot diagnosticar la SII.<\/p>\n\n\n\n<h2 class=\"wp-block-heading\"><span class=\"ez-toc-section\" id=\"Tractament_del_SII\"><\/span><strong>Tractament del SII<\/strong><span class=\"ez-toc-section-end\"><\/span><\/h2>\n\n\n\n<p>El tractament \u00e9s llarg i es basa en una comunicaci\u00f3 cont\u00ednua i fluida entre pacient i metge. Si els s\u00edmptomes s\u00f3n lleus, es comen\u00e7a per canviar certs h\u00e0bits de l&#8217;estil de vida i per modificar-ne la dieta. Per exemple, se n&#8217;eliminen les begudes que produeixin gasos, o s&#8217;evita la lactosa i el gluten.<\/p>\n\n\n\n<p>En pacients amb s\u00edmptomes entre lleus i moderats i que no responen en aquests canvis, i tamb\u00e9 en pacients amb s\u00edmptomes entre moderats i intensos, es recomana un tractament en funci\u00f3 del s\u00edmptoma predominant (antidiarreics, laxants, espasmol\u00edtics, etc.).<\/p>\n\n\n\n<h2 class=\"wp-block-heading\"><span class=\"ez-toc-section\" id=\"Altres_trastorns_menys_frequents\"><\/span><strong>Altres trastorns menys freq\u00fcents<\/strong><span class=\"ez-toc-section-end\"><\/span><\/h2>\n\n\n\n<p>Altres malalties no tan freq\u00fcents i que demanen la intervenci\u00f3 especialitzada s\u00f3n la colitis ulcerosa i la malaltia de Crohn, que s\u00f3n inflamacions cr\u00f2niques de l\u2019intest\u00ed.<\/p>\n","protected":false},"excerpt":{"rendered":"<p>Qui, alguna vegada a la vida, no ha tingut una mala nit despr\u00e9s d\u2019un sopar copi\u00f3s, o malestar ocasional d\u2019est\u00f3mac, o una cremor intensa o&#8230;? En aquest article repassem els problemes d\u2019est\u00f3mac m\u00e9s freq\u00fcents.<\/p>\n","protected":false},"author":3,"featured_media":26987,"comment_status":"closed","ping_status":"closed","sticky":false,"template":"","format":"standard","meta":{"footnotes":""},"categories":[992,187,15],"tags":[481,230],"class_list":["post-26991","post","type-post","status-publish","format-standard","has-post-thumbnail","hentry","category-aparell-digestiu","category-salud","category-salut","tag-prevencio","tag-prevencion"],"featured_image_src":"https:\/\/www.mgc.es\/wp-content\/uploads\/2022\/10\/estomago2.jpg","author_info":{"display_name":"Revista Inter\u00e8s Mutu","author_link":"https:\/\/www.mgc.es\/ca\/blog\/author\/interesmutu\/"},"yoast_head":"<!-- This site is optimized with the Yoast SEO plugin v27.2 - https:\/\/yoast.com\/product\/yoast-seo-wordpress\/ -->\n<title>Problemes digestius m\u00e9s comuns - MGC M\u00fatua<\/title>\n<meta name=\"robots\" content=\"index, follow, max-snippet:-1, max-image-preview:large, max-video-preview:-1\" \/>\n<link rel=\"canonical\" href=\"https:\/\/www.mgc.es\/ca\/blog\/problemes-digestius-mes-comuns\/\" \/>\n<meta property=\"og:locale\" content=\"ca_ES\" \/>\n<meta property=\"og:type\" content=\"article\" \/>\n<meta property=\"og:title\" content=\"Problemes digestius m\u00e9s comuns - MGC M\u00fatua\" \/>\n<meta property=\"og:description\" content=\"Qui, alguna vegada a la vida, no ha tingut una mala nit despr\u00e9s d\u2019un sopar copi\u00f3s, o malestar ocasional d\u2019est\u00f3mac, o una cremor intensa o...? En aquest article repassem els problemes d\u2019est\u00f3mac m\u00e9s freq\u00fcents.\" \/>\n<meta property=\"og:url\" content=\"https:\/\/www.mgc.es\/ca\/blog\/problemes-digestius-mes-comuns\/\" \/>\n<meta property=\"og:site_name\" content=\"MGC M\u00fatua\" \/>\n<meta property=\"article:publisher\" content=\"https:\/\/www.facebook.com\/mgcmutua\" \/>\n<meta property=\"article:published_time\" content=\"2022-10-20T15:35:00+00:00\" \/>\n<meta property=\"article:modified_time\" content=\"2022-10-24T09:13:09+00:00\" \/>\n<meta property=\"og:image\" content=\"https:\/\/www.mgc.es\/wp-content\/uploads\/2022\/10\/estomago2.jpg\" \/>\n\t<meta property=\"og:image:width\" content=\"800\" \/>\n\t<meta property=\"og:image:height\" content=\"400\" \/>\n\t<meta property=\"og:image:type\" content=\"image\/jpeg\" \/>\n<meta name=\"author\" content=\"Revista Inter\u00e8s Mutu\" \/>\n<meta name=\"twitter:card\" content=\"summary_large_image\" \/>\n<meta name=\"twitter:creator\" content=\"@mgcmutua\" \/>\n<meta name=\"twitter:site\" content=\"@mgcmutua\" \/>\n<meta name=\"twitter:label1\" content=\"Escrit per\" \/>\n\t<meta name=\"twitter:data1\" content=\"Revista Inter\u00e8s Mutu\" \/>\n\t<meta name=\"twitter:label2\" content=\"Temps estimat de lectura\" \/>\n\t<meta name=\"twitter:data2\" content=\"6 minuts\" \/>\n<!-- \/ Yoast SEO plugin. -->","yoast_head_json":{"title":"Problemes digestius m\u00e9s comuns - MGC M\u00fatua","robots":{"index":"index","follow":"follow","max-snippet":"max-snippet:-1","max-image-preview":"max-image-preview:large","max-video-preview":"max-video-preview:-1"},"canonical":"https:\/\/www.mgc.es\/ca\/blog\/problemes-digestius-mes-comuns\/","og_locale":"ca_ES","og_type":"article","og_title":"Problemes digestius m\u00e9s comuns - MGC M\u00fatua","og_description":"Qui, alguna vegada a la vida, no ha tingut una mala nit despr\u00e9s d\u2019un sopar copi\u00f3s, o malestar ocasional d\u2019est\u00f3mac, o una cremor intensa o...? En aquest article repassem els problemes d\u2019est\u00f3mac m\u00e9s freq\u00fcents.","og_url":"https:\/\/www.mgc.es\/ca\/blog\/problemes-digestius-mes-comuns\/","og_site_name":"MGC M\u00fatua","article_publisher":"https:\/\/www.facebook.com\/mgcmutua","article_published_time":"2022-10-20T15:35:00+00:00","article_modified_time":"2022-10-24T09:13:09+00:00","og_image":[{"width":800,"height":400,"url":"https:\/\/www.mgc.es\/wp-content\/uploads\/2022\/10\/estomago2.jpg","type":"image\/jpeg"}],"author":"Revista Inter\u00e8s Mutu","twitter_card":"summary_large_image","twitter_creator":"@mgcmutua","twitter_site":"@mgcmutua","twitter_misc":{"Escrit per":"Revista Inter\u00e8s Mutu","Temps estimat de lectura":"6 minuts"},"schema":{"@context":"https:\/\/schema.org","@graph":[{"@type":["Article","BlogPosting"],"@id":"https:\/\/www.mgc.es\/ca\/blog\/problemes-digestius-mes-comuns\/#article","isPartOf":{"@id":"https:\/\/www.mgc.es\/ca\/blog\/problemes-digestius-mes-comuns\/"},"author":{"name":"Revista Inter\u00e8s Mutu","@id":"https:\/\/www.mgc.es\/#\/schema\/person\/010c961d9c9acf38f11187a02b646c16"},"headline":"Problemes digestius m\u00e9s comuns","datePublished":"2022-10-20T15:35:00+00:00","dateModified":"2022-10-24T09:13:09+00:00","mainEntityOfPage":{"@id":"https:\/\/www.mgc.es\/ca\/blog\/problemes-digestius-mes-comuns\/"},"wordCount":1240,"publisher":{"@id":"https:\/\/www.mgc.es\/#organization"},"image":{"@id":"https:\/\/www.mgc.es\/ca\/blog\/problemes-digestius-mes-comuns\/#primaryimage"},"thumbnailUrl":"https:\/\/www.mgc.es\/wp-content\/uploads\/2022\/10\/estomago2.jpg","keywords":["prevenci\u00f3","prevenci\u00f3n"],"articleSection":["Aparell digestiu","Salud y medicina","Salut i medicina"],"inLanguage":"ca"},{"@type":["WebPage","ItemPage"],"@id":"https:\/\/www.mgc.es\/ca\/blog\/problemes-digestius-mes-comuns\/","url":"https:\/\/www.mgc.es\/ca\/blog\/problemes-digestius-mes-comuns\/","name":"Problemes digestius m\u00e9s comuns - MGC M\u00fatua","isPartOf":{"@id":"https:\/\/www.mgc.es\/#website"},"primaryImageOfPage":{"@id":"https:\/\/www.mgc.es\/ca\/blog\/problemes-digestius-mes-comuns\/#primaryimage"},"image":{"@id":"https:\/\/www.mgc.es\/ca\/blog\/problemes-digestius-mes-comuns\/#primaryimage"},"thumbnailUrl":"https:\/\/www.mgc.es\/wp-content\/uploads\/2022\/10\/estomago2.jpg","datePublished":"2022-10-20T15:35:00+00:00","dateModified":"2022-10-24T09:13:09+00:00","breadcrumb":{"@id":"https:\/\/www.mgc.es\/ca\/blog\/problemes-digestius-mes-comuns\/#breadcrumb"},"inLanguage":"ca","potentialAction":[{"@type":"ReadAction","target":["https:\/\/www.mgc.es\/ca\/blog\/problemes-digestius-mes-comuns\/"]}]},{"@type":"ImageObject","inLanguage":"ca","@id":"https:\/\/www.mgc.es\/ca\/blog\/problemes-digestius-mes-comuns\/#primaryimage","url":"https:\/\/www.mgc.es\/wp-content\/uploads\/2022\/10\/estomago2.jpg","contentUrl":"https:\/\/www.mgc.es\/wp-content\/uploads\/2022\/10\/estomago2.jpg","width":800,"height":400},{"@type":"BreadcrumbList","@id":"https:\/\/www.mgc.es\/ca\/blog\/problemes-digestius-mes-comuns\/#breadcrumb","itemListElement":[{"@type":"ListItem","position":1,"name":"Home","item":"https:\/\/www.mgc.es\/ca\/"},{"@type":"ListItem","position":2,"name":"Problemes digestius m\u00e9s comuns"}]},{"@type":"WebSite","@id":"https:\/\/www.mgc.es\/#website","url":"https:\/\/www.mgc.es\/","name":"MGC M\u00fatua","description":"MGC M\u00fatua \u00e9s una entitat asseguradora sense \u00e0nim de lucre constitu\u00efda al 1982 i especialitzada en assegurances de salut i assist\u00e8ncia.","publisher":{"@id":"https:\/\/www.mgc.es\/#organization"},"alternateName":"MGC","potentialAction":[{"@type":"SearchAction","target":{"@type":"EntryPoint","urlTemplate":"https:\/\/www.mgc.es\/?s={search_term_string}"},"query-input":{"@type":"PropertyValueSpecification","valueRequired":true,"valueName":"search_term_string"}}],"inLanguage":"ca"},{"@type":"Organization","@id":"https:\/\/www.mgc.es\/#organization","name":"MGC Mutua","alternateName":"MGC","url":"https:\/\/www.mgc.es\/","logo":{"@type":"ImageObject","inLanguage":"ca","@id":"https:\/\/www.mgc.es\/#\/schema\/logo\/image\/","url":"https:\/\/www.mgc.es\/wp-content\/uploads\/2020\/03\/mgcmutua_h2_2t_reduccions.png","contentUrl":"https:\/\/www.mgc.es\/wp-content\/uploads\/2020\/03\/mgcmutua_h2_2t_reduccions.png","width":303,"height":165,"caption":"MGC Mutua"},"image":{"@id":"https:\/\/www.mgc.es\/#\/schema\/logo\/image\/"},"sameAs":["https:\/\/www.facebook.com\/mgcmutua","https:\/\/x.com\/mgcmutua","https:\/\/www.youtube.com\/c\/MGCMutua"]},{"@type":"Person","@id":"https:\/\/www.mgc.es\/#\/schema\/person\/010c961d9c9acf38f11187a02b646c16","name":"Revista Inter\u00e8s Mutu","image":{"@type":"ImageObject","inLanguage":"ca","@id":"https:\/\/secure.gravatar.com\/avatar\/52302d684339b9d7bf5691e2ad00835d62ce3b4a435f21ca9f21fbe39c63cb1b?s=96&d=mm&r=g","url":"https:\/\/secure.gravatar.com\/avatar\/52302d684339b9d7bf5691e2ad00835d62ce3b4a435f21ca9f21fbe39c63cb1b?s=96&d=mm&r=g","contentUrl":"https:\/\/secure.gravatar.com\/avatar\/52302d684339b9d7bf5691e2ad00835d62ce3b4a435f21ca9f21fbe39c63cb1b?s=96&d=mm&r=g","caption":"Revista Inter\u00e8s Mutu"}}]}},"_links":{"self":[{"href":"https:\/\/www.mgc.es\/ca\/wp-json\/wp\/v2\/posts\/26991","targetHints":{"allow":["GET"]}}],"collection":[{"href":"https:\/\/www.mgc.es\/ca\/wp-json\/wp\/v2\/posts"}],"about":[{"href":"https:\/\/www.mgc.es\/ca\/wp-json\/wp\/v2\/types\/post"}],"author":[{"embeddable":true,"href":"https:\/\/www.mgc.es\/ca\/wp-json\/wp\/v2\/users\/3"}],"replies":[{"embeddable":true,"href":"https:\/\/www.mgc.es\/ca\/wp-json\/wp\/v2\/comments?post=26991"}],"version-history":[{"count":1,"href":"https:\/\/www.mgc.es\/ca\/wp-json\/wp\/v2\/posts\/26991\/revisions"}],"predecessor-version":[{"id":26992,"href":"https:\/\/www.mgc.es\/ca\/wp-json\/wp\/v2\/posts\/26991\/revisions\/26992"}],"wp:featuredmedia":[{"embeddable":true,"href":"https:\/\/www.mgc.es\/ca\/wp-json\/wp\/v2\/media\/26987"}],"wp:attachment":[{"href":"https:\/\/www.mgc.es\/ca\/wp-json\/wp\/v2\/media?parent=26991"}],"wp:term":[{"taxonomy":"category","embeddable":true,"href":"https:\/\/www.mgc.es\/ca\/wp-json\/wp\/v2\/categories?post=26991"},{"taxonomy":"post_tag","embeddable":true,"href":"https:\/\/www.mgc.es\/ca\/wp-json\/wp\/v2\/tags?post=26991"}],"curies":[{"name":"wp","href":"https:\/\/api.w.org\/{rel}","templated":true}]}}