{"id":26544,"date":"2022-07-23T12:25:00","date_gmt":"2022-07-23T10:25:00","guid":{"rendered":"https:\/\/www.mgc.es\/?p=26544"},"modified":"2022-07-25T14:26:27","modified_gmt":"2022-07-25T12:26:27","slug":"per-que-tinc-la-boca-seca","status":"publish","type":"post","link":"https:\/\/www.mgc.es\/ca\/blog\/per-que-tinc-la-boca-seca\/","title":{"rendered":"Per qu\u00e8 tinc la boca seca?"},"content":{"rendered":"<div id=\"ez-toc-container\" class=\"ez-toc-v2_0_82_1 counter-hierarchy ez-toc-counter ez-toc-custom ez-toc-container-direction\">\n<div class=\"ez-toc-title-container\"><p class=\"ez-toc-title\" style=\"cursor:inherit\">\u00cdndex de continguts<\/p>\n<\/div><nav><ul class='ez-toc-list ez-toc-list-level-1 ' ><li class='ez-toc-page-1 ez-toc-heading-level-2'><a class=\"ez-toc-link ez-toc-heading-1\" href=\"https:\/\/www.mgc.es\/ca\/blog\/per-que-tinc-la-boca-seca\/#Que_es_la_boca_resseca\" >Qu\u00e8 \u00e9s la boca resseca<\/a><\/li><li class='ez-toc-page-1 ez-toc-heading-level-2'><a class=\"ez-toc-link ez-toc-heading-2\" href=\"https:\/\/www.mgc.es\/ca\/blog\/per-que-tinc-la-boca-seca\/#Que_causa_la_sequedat_de_boca\" >Qu\u00e8 causa la sequedat de boca<\/a><\/li><li class='ez-toc-page-1 ez-toc-heading-level-2'><a class=\"ez-toc-link ez-toc-heading-3\" href=\"https:\/\/www.mgc.es\/ca\/blog\/per-que-tinc-la-boca-seca\/#Com_cal_tractar_la_sequedat_de_boca\" >Com cal tractar la sequedat de boca<\/a><\/li><li class='ez-toc-page-1 ez-toc-heading-level-2'><a class=\"ez-toc-link ez-toc-heading-4\" href=\"https:\/\/www.mgc.es\/ca\/blog\/per-que-tinc-la-boca-seca\/#Quan_cal_anar_al_metge\" >Quan cal anar al metge<\/a><\/li><\/ul><\/nav><\/div>\n\n<figure class=\"wp-block-image size-full\"><img loading=\"lazy\" decoding=\"async\" width=\"800\" height=\"533\" src=\"https:\/\/www.mgc.es\/wp-content\/uploads\/2022\/07\/lengua-seca.jpg\" alt=\"\" class=\"wp-image-26540\" srcset=\"https:\/\/www.mgc.es\/wp-content\/uploads\/2022\/07\/lengua-seca.jpg 800w, https:\/\/www.mgc.es\/wp-content\/uploads\/2022\/07\/lengua-seca-440x293.jpg 440w, https:\/\/www.mgc.es\/wp-content\/uploads\/2022\/07\/lengua-seca-768x512.jpg 768w\" sizes=\"auto, (max-width: 800px) 100vw, 800px\" \/><\/figure>\n\n\n\n<p>La boca es resseca quan no hi ha prou saliva, i aix\u00f2 \u00e9s la causa d&#8217;una desagradable sensaci\u00f3 de deshidrataci\u00f3. Normalment no \u00e9s un trastorn m\u00e8dic greu, per\u00f2 pot ser un indici de problemes. T&#8217;ho expliquem tot seguit.<\/p>\n\n\n\n<h2 class=\"wp-block-heading\"><span class=\"ez-toc-section\" id=\"Que_es_la_boca_resseca\"><\/span><strong>Qu\u00e8 \u00e9s la boca resseca<\/strong><span class=\"ez-toc-section-end\"><\/span><\/h2>\n\n\n\n<p>En termes m\u00e8dics es diu xerostomia i \u00e9s la incapacitat de les gl\u00e0ndules salivals per mantenir la boca amb el grau d&#8217;humitat necessari. La saliva \u00e9s essencial per impregnar els aliments i facilitar la masticaci\u00f3. I tamb\u00e9 \u00e9s vital en la digesti\u00f3, perqu\u00e8 cont\u00e9 enzims que ajuden a descompondre el mid\u00f3 i els greixos dels aliments.<\/p>\n\n\n\n<p>Igualment, contribueix a mantenir la boca ben lubricada, fet que, al seu torn, protegeix les dents perqu\u00e8 no es corquin i les genives contra el perill d&#8217;agafar una malaltia periodontal.<\/p>\n\n\n\n<h2 class=\"wp-block-heading\"><span class=\"ez-toc-section\" id=\"Que_causa_la_sequedat_de_boca\"><\/span><strong>Qu\u00e8 causa la sequedat de boca<\/strong><span class=\"ez-toc-section-end\"><\/span><\/h2>\n\n\n\n<p>Hi ha moltes raons potencials per tenir la boca seca, incloent-hi uns quants trastorns de car\u00e0cter m\u00e8dic, certs medicaments i factors particulars del pacients. Els trastorns m\u00e8dics que s&#8217;hi podrien associar s\u00f3n:<\/p>\n\n\n\n<ul class=\"wp-block-list\"><li>La diabetis<\/li><li>La fibrosi qu\u00edstica, una malaltia heredit\u00e0ria que causa trastorns en el transport de sals i en certes c\u00e8l\u00b7lules dels pulmons i del p\u00e0ncrees<\/li><li>El VIH i la sida<\/li><li>La s\u00edndrome de Sj\u00f6gren, un trastorn que afecta diferents parts del cos, com ara la boca, les articulacions i les gl\u00e0ndules lacrimals<\/li><li>La candidiasi oral, una infecci\u00f3 de la mucosa de la boca causada pel fong <em>Candida albicans<\/em><\/li><li>La dem\u00e8ncia<\/li><\/ul>\n\n\n\n<p>Entre els medicaments que poden produir sequedat a la boca trobem:<\/p>\n\n\n\n<ul class=\"wp-block-list\"><li>Els antihistam\u00ednics emprats per combatre al\u00b7l\u00e8rgies<\/li><li>Uns quants f\u00e0rmacs per tractar l&#8217;epil\u00e8psia<\/li><li>Els antidepressius de la classe tric\u00edclic<\/li><li>Els blocadors d&#8217;adrenoreceptors \u00df per tractar problemes card\u00edacs<\/li><li>Els antipsic\u00f2tics que es fan servir en el tractament d&#8217;algunes alteracions ps\u00edquiques greus<\/li><\/ul>\n\n\n\n<p>I pel que fa als factors particulars del pacient hi intervenen:<\/p>\n\n\n\n<ul class=\"wp-block-list\"><li>L&#8217;ansietat i l&#8217;estr\u00e8s<\/li><li>Respirar per la boca (com passa quan tens problemes en els adenoides o el nas tapat; \u00e9s m\u00e9s evident de nit)<\/li><li>La deshidrataci\u00f3, una de les causes m\u00e9s freq\u00fcents de sequedat, propiciada tant per una temperatura alta com perqu\u00e8 no es beu prou l\u00edquid<\/li><li>Fumar<\/li><\/ul>\n\n\n\n<figure class=\"wp-block-image size-full\"><img loading=\"lazy\" decoding=\"async\" width=\"800\" height=\"501\" src=\"https:\/\/www.mgc.es\/wp-content\/uploads\/2022\/07\/botella-vaso-agua.jpg\" alt=\"\" class=\"wp-image-26542\" srcset=\"https:\/\/www.mgc.es\/wp-content\/uploads\/2022\/07\/botella-vaso-agua.jpg 800w, https:\/\/www.mgc.es\/wp-content\/uploads\/2022\/07\/botella-vaso-agua-440x276.jpg 440w, https:\/\/www.mgc.es\/wp-content\/uploads\/2022\/07\/botella-vaso-agua-768x481.jpg 768w\" sizes=\"auto, (max-width: 800px) 100vw, 800px\" \/><\/figure>\n\n\n\n<h2 class=\"wp-block-heading\"><span class=\"ez-toc-section\" id=\"Com_cal_tractar_la_sequedat_de_boca\"><\/span><strong>Com cal tractar la sequedat de boca<\/strong><span class=\"ez-toc-section-end\"><\/span><\/h2>\n\n\n\n<p>L\u00f2gicament el tractament dep\u00e8n de la causa. El metge ha d&#8217;analitzar quins tractaments se segueixen per descartar-los com a causa. En tot cas, enumerem un seguit de recomanacions que, en general, hi poden ajudar:<\/p>\n\n\n\n<ul class=\"wp-block-list\"><li>Beu sovint aigua freda, a glopets seguits, i tingues sempre un got d&#8217;aigua al cap\u00e7al del llit, quan vagis a dormir.<\/li><li>Tamb\u00e9 va b\u00e9 xuclar gla\u00e7ons.<\/li><li>Mastegar xiclet (sense sucre!) pot estimular la secreci\u00f3 de saliva. Les llaminadures poden fer el mateix efecte, per\u00f2 recorda que el sucre \u00e9s perjudicial per a les dents.<\/li><li>Suprimeix la cafe\u00efna i l&#8217;alcohol de la dieta, at\u00e8s que tots dos s\u00f3n factors de deshidrataci\u00f3.<\/li><li>Els talls de pinya tamb\u00e9 van b\u00e9 per lubricar la boca.<\/li><li>Si tens els llavis ressecs o clivellats, unta&#8217;ls amb una pomada labial o amb vaselina.<\/li><li>No fumis.<\/li><li>Si no obtens bon resultat amb aquestes mesures simples, el metge et pot prescriure saliva artificial. \u00c9s un preparat en gel, pastilles o esprai, per\u00f2 s&#8217;ha de fer servir for\u00e7a sovint, perqu\u00e8 l&#8217;efecte dura poc.<\/li><\/ul>\n\n\n\n<h2 class=\"wp-block-heading\"><span class=\"ez-toc-section\" id=\"Quan_cal_anar_al_metge\"><\/span><strong>Quan cal anar al metge<\/strong><span class=\"ez-toc-section-end\"><\/span><\/h2>\n\n\n\n<p>Si pateixes de boca seca de fa un cert temps (unes quantes setmanes), fes que et visiti el metge de fam\u00edlia o el dentista. Els s\u00edmptomes clau s\u00f3n el d\u00e8ficit de saliva o la saliva espessa, els problemes per empassar o mastegar aliments, un sentit del gust alterat, els llavis clivellats, l&#8217;aspror a la llengua i l&#8217;al\u00e8 pudent.<\/p>\n\n\n\n<p>Segueix sempre una higiene dental correcta: raspalla&#8217;t les dents i fes servir fil dental, perqu\u00e8 t&#8217;ajudar\u00e0 a evitar problemes dentals i gingivals (de les genives) que poden causar la sequedat de boca.<\/p>\n","protected":false},"excerpt":{"rendered":"<p>La boca es resseca quan no hi ha prou saliva, i aix\u00f2 \u00e9s la causa d&#8217;una desagradable sensaci\u00f3 de deshidrataci\u00f3. Normalment no \u00e9s un trastorn m\u00e8dic greu, per\u00f2 pot ser un indici de problemes. T&#8217;ho expliquem tot seguit. Qu\u00e8 \u00e9s la boca resseca En termes m\u00e8dics es diu xerostomia i \u00e9s la incapacitat de les [&hellip;]<\/p>\n","protected":false},"author":3,"featured_media":26540,"comment_status":"closed","ping_status":"closed","sticky":false,"template":"","format":"standard","meta":{"footnotes":""},"categories":[15],"tags":[481],"class_list":["post-26544","post","type-post","status-publish","format-standard","has-post-thumbnail","hentry","category-salut","tag-prevencio"],"featured_image_src":"https:\/\/www.mgc.es\/wp-content\/uploads\/2022\/07\/lengua-seca.jpg","author_info":{"display_name":"Revista Inter\u00e8s Mutu","author_link":"https:\/\/www.mgc.es\/ca\/blog\/author\/interesmutu\/"},"yoast_head":"<!-- This site is optimized with the Yoast SEO plugin v27.2 - https:\/\/yoast.com\/product\/yoast-seo-wordpress\/ -->\n<title>Per qu\u00e8 tinc la boca seca? - MGC M\u00fatua<\/title>\n<meta name=\"description\" content=\"La boca es resseca quan no hi ha prou saliva, i aix\u00f2 \u00e9s la causa d&#039;una desagradable sensaci\u00f3 de deshidrataci\u00f3. Normalment no \u00e9s un trastorn m\u00e8dic greu, per\u00f2 pot ser un indici de problemes.\" \/>\n<meta name=\"robots\" content=\"index, follow, max-snippet:-1, max-image-preview:large, max-video-preview:-1\" \/>\n<link rel=\"canonical\" href=\"https:\/\/www.mgc.es\/ca\/blog\/per-que-tinc-la-boca-seca\/\" \/>\n<meta property=\"og:locale\" content=\"ca_ES\" \/>\n<meta property=\"og:type\" content=\"article\" \/>\n<meta property=\"og:title\" content=\"Per qu\u00e8 tinc la boca seca? - MGC M\u00fatua\" \/>\n<meta property=\"og:description\" content=\"La boca es resseca quan no hi ha prou saliva, i aix\u00f2 \u00e9s la causa d&#039;una desagradable sensaci\u00f3 de deshidrataci\u00f3. Normalment no \u00e9s un trastorn m\u00e8dic greu, per\u00f2 pot ser un indici de problemes.\" \/>\n<meta property=\"og:url\" content=\"https:\/\/www.mgc.es\/ca\/blog\/per-que-tinc-la-boca-seca\/\" \/>\n<meta property=\"og:site_name\" content=\"MGC M\u00fatua\" \/>\n<meta property=\"article:publisher\" content=\"https:\/\/www.facebook.com\/mgcmutua\" \/>\n<meta property=\"article:published_time\" content=\"2022-07-23T10:25:00+00:00\" \/>\n<meta property=\"article:modified_time\" content=\"2022-07-25T12:26:27+00:00\" \/>\n<meta property=\"og:image\" content=\"https:\/\/www.mgc.es\/wp-content\/uploads\/2022\/07\/lengua-seca.jpg\" \/>\n\t<meta property=\"og:image:width\" content=\"800\" \/>\n\t<meta property=\"og:image:height\" content=\"533\" \/>\n\t<meta property=\"og:image:type\" content=\"image\/jpeg\" \/>\n<meta name=\"author\" content=\"Revista Inter\u00e8s Mutu\" \/>\n<meta name=\"twitter:card\" content=\"summary_large_image\" \/>\n<meta name=\"twitter:creator\" content=\"@mgcmutua\" \/>\n<meta name=\"twitter:site\" content=\"@mgcmutua\" \/>\n<meta name=\"twitter:label1\" content=\"Escrit per\" \/>\n\t<meta name=\"twitter:data1\" content=\"Revista Inter\u00e8s Mutu\" \/>\n\t<meta name=\"twitter:label2\" content=\"Temps estimat de lectura\" \/>\n\t<meta name=\"twitter:data2\" content=\"4 minuts\" \/>\n<!-- \/ Yoast SEO plugin. -->","yoast_head_json":{"title":"Per qu\u00e8 tinc la boca seca? - MGC M\u00fatua","description":"La boca es resseca quan no hi ha prou saliva, i aix\u00f2 \u00e9s la causa d'una desagradable sensaci\u00f3 de deshidrataci\u00f3. Normalment no \u00e9s un trastorn m\u00e8dic greu, per\u00f2 pot ser un indici de problemes.","robots":{"index":"index","follow":"follow","max-snippet":"max-snippet:-1","max-image-preview":"max-image-preview:large","max-video-preview":"max-video-preview:-1"},"canonical":"https:\/\/www.mgc.es\/ca\/blog\/per-que-tinc-la-boca-seca\/","og_locale":"ca_ES","og_type":"article","og_title":"Per qu\u00e8 tinc la boca seca? - MGC M\u00fatua","og_description":"La boca es resseca quan no hi ha prou saliva, i aix\u00f2 \u00e9s la causa d'una desagradable sensaci\u00f3 de deshidrataci\u00f3. Normalment no \u00e9s un trastorn m\u00e8dic greu, per\u00f2 pot ser un indici de problemes.","og_url":"https:\/\/www.mgc.es\/ca\/blog\/per-que-tinc-la-boca-seca\/","og_site_name":"MGC M\u00fatua","article_publisher":"https:\/\/www.facebook.com\/mgcmutua","article_published_time":"2022-07-23T10:25:00+00:00","article_modified_time":"2022-07-25T12:26:27+00:00","og_image":[{"width":800,"height":533,"url":"https:\/\/www.mgc.es\/wp-content\/uploads\/2022\/07\/lengua-seca.jpg","type":"image\/jpeg"}],"author":"Revista Inter\u00e8s Mutu","twitter_card":"summary_large_image","twitter_creator":"@mgcmutua","twitter_site":"@mgcmutua","twitter_misc":{"Escrit per":"Revista Inter\u00e8s Mutu","Temps estimat de lectura":"4 minuts"},"schema":{"@context":"https:\/\/schema.org","@graph":[{"@type":["Article","BlogPosting"],"@id":"https:\/\/www.mgc.es\/ca\/blog\/per-que-tinc-la-boca-seca\/#article","isPartOf":{"@id":"https:\/\/www.mgc.es\/ca\/blog\/per-que-tinc-la-boca-seca\/"},"author":{"name":"Revista Inter\u00e8s Mutu","@id":"https:\/\/www.mgc.es\/#\/schema\/person\/010c961d9c9acf38f11187a02b646c16"},"headline":"Per qu\u00e8 tinc la boca seca?","datePublished":"2022-07-23T10:25:00+00:00","dateModified":"2022-07-25T12:26:27+00:00","mainEntityOfPage":{"@id":"https:\/\/www.mgc.es\/ca\/blog\/per-que-tinc-la-boca-seca\/"},"wordCount":662,"publisher":{"@id":"https:\/\/www.mgc.es\/#organization"},"image":{"@id":"https:\/\/www.mgc.es\/ca\/blog\/per-que-tinc-la-boca-seca\/#primaryimage"},"thumbnailUrl":"https:\/\/www.mgc.es\/wp-content\/uploads\/2022\/07\/lengua-seca.jpg","keywords":["prevenci\u00f3"],"articleSection":["Salut i medicina"],"inLanguage":"ca"},{"@type":["WebPage","ItemPage"],"@id":"https:\/\/www.mgc.es\/ca\/blog\/per-que-tinc-la-boca-seca\/","url":"https:\/\/www.mgc.es\/ca\/blog\/per-que-tinc-la-boca-seca\/","name":"Per qu\u00e8 tinc la boca seca? - MGC M\u00fatua","isPartOf":{"@id":"https:\/\/www.mgc.es\/#website"},"primaryImageOfPage":{"@id":"https:\/\/www.mgc.es\/ca\/blog\/per-que-tinc-la-boca-seca\/#primaryimage"},"image":{"@id":"https:\/\/www.mgc.es\/ca\/blog\/per-que-tinc-la-boca-seca\/#primaryimage"},"thumbnailUrl":"https:\/\/www.mgc.es\/wp-content\/uploads\/2022\/07\/lengua-seca.jpg","datePublished":"2022-07-23T10:25:00+00:00","dateModified":"2022-07-25T12:26:27+00:00","description":"La boca es resseca quan no hi ha prou saliva, i aix\u00f2 \u00e9s la causa d'una desagradable sensaci\u00f3 de deshidrataci\u00f3. Normalment no \u00e9s un trastorn m\u00e8dic greu, per\u00f2 pot ser un indici de problemes.","breadcrumb":{"@id":"https:\/\/www.mgc.es\/ca\/blog\/per-que-tinc-la-boca-seca\/#breadcrumb"},"inLanguage":"ca","potentialAction":[{"@type":"ReadAction","target":["https:\/\/www.mgc.es\/ca\/blog\/per-que-tinc-la-boca-seca\/"]}]},{"@type":"ImageObject","inLanguage":"ca","@id":"https:\/\/www.mgc.es\/ca\/blog\/per-que-tinc-la-boca-seca\/#primaryimage","url":"https:\/\/www.mgc.es\/wp-content\/uploads\/2022\/07\/lengua-seca.jpg","contentUrl":"https:\/\/www.mgc.es\/wp-content\/uploads\/2022\/07\/lengua-seca.jpg","width":800,"height":533},{"@type":"BreadcrumbList","@id":"https:\/\/www.mgc.es\/ca\/blog\/per-que-tinc-la-boca-seca\/#breadcrumb","itemListElement":[{"@type":"ListItem","position":1,"name":"Home","item":"https:\/\/www.mgc.es\/ca\/"},{"@type":"ListItem","position":2,"name":"Per qu\u00e8 tinc la boca seca?"}]},{"@type":"WebSite","@id":"https:\/\/www.mgc.es\/#website","url":"https:\/\/www.mgc.es\/","name":"MGC M\u00fatua","description":"MGC M\u00fatua \u00e9s una entitat asseguradora sense \u00e0nim de lucre constitu\u00efda al 1982 i especialitzada en assegurances de salut i assist\u00e8ncia.","publisher":{"@id":"https:\/\/www.mgc.es\/#organization"},"alternateName":"MGC","potentialAction":[{"@type":"SearchAction","target":{"@type":"EntryPoint","urlTemplate":"https:\/\/www.mgc.es\/?s={search_term_string}"},"query-input":{"@type":"PropertyValueSpecification","valueRequired":true,"valueName":"search_term_string"}}],"inLanguage":"ca"},{"@type":"Organization","@id":"https:\/\/www.mgc.es\/#organization","name":"MGC Mutua","alternateName":"MGC","url":"https:\/\/www.mgc.es\/","logo":{"@type":"ImageObject","inLanguage":"ca","@id":"https:\/\/www.mgc.es\/#\/schema\/logo\/image\/","url":"https:\/\/www.mgc.es\/wp-content\/uploads\/2020\/03\/mgcmutua_h2_2t_reduccions.png","contentUrl":"https:\/\/www.mgc.es\/wp-content\/uploads\/2020\/03\/mgcmutua_h2_2t_reduccions.png","width":303,"height":165,"caption":"MGC Mutua"},"image":{"@id":"https:\/\/www.mgc.es\/#\/schema\/logo\/image\/"},"sameAs":["https:\/\/www.facebook.com\/mgcmutua","https:\/\/x.com\/mgcmutua","https:\/\/www.youtube.com\/c\/MGCMutua"]},{"@type":"Person","@id":"https:\/\/www.mgc.es\/#\/schema\/person\/010c961d9c9acf38f11187a02b646c16","name":"Revista Inter\u00e8s Mutu","image":{"@type":"ImageObject","inLanguage":"ca","@id":"https:\/\/secure.gravatar.com\/avatar\/52302d684339b9d7bf5691e2ad00835d62ce3b4a435f21ca9f21fbe39c63cb1b?s=96&d=mm&r=g","url":"https:\/\/secure.gravatar.com\/avatar\/52302d684339b9d7bf5691e2ad00835d62ce3b4a435f21ca9f21fbe39c63cb1b?s=96&d=mm&r=g","contentUrl":"https:\/\/secure.gravatar.com\/avatar\/52302d684339b9d7bf5691e2ad00835d62ce3b4a435f21ca9f21fbe39c63cb1b?s=96&d=mm&r=g","caption":"Revista Inter\u00e8s Mutu"}}]}},"_links":{"self":[{"href":"https:\/\/www.mgc.es\/ca\/wp-json\/wp\/v2\/posts\/26544","targetHints":{"allow":["GET"]}}],"collection":[{"href":"https:\/\/www.mgc.es\/ca\/wp-json\/wp\/v2\/posts"}],"about":[{"href":"https:\/\/www.mgc.es\/ca\/wp-json\/wp\/v2\/types\/post"}],"author":[{"embeddable":true,"href":"https:\/\/www.mgc.es\/ca\/wp-json\/wp\/v2\/users\/3"}],"replies":[{"embeddable":true,"href":"https:\/\/www.mgc.es\/ca\/wp-json\/wp\/v2\/comments?post=26544"}],"version-history":[{"count":1,"href":"https:\/\/www.mgc.es\/ca\/wp-json\/wp\/v2\/posts\/26544\/revisions"}],"predecessor-version":[{"id":26545,"href":"https:\/\/www.mgc.es\/ca\/wp-json\/wp\/v2\/posts\/26544\/revisions\/26545"}],"wp:featuredmedia":[{"embeddable":true,"href":"https:\/\/www.mgc.es\/ca\/wp-json\/wp\/v2\/media\/26540"}],"wp:attachment":[{"href":"https:\/\/www.mgc.es\/ca\/wp-json\/wp\/v2\/media?parent=26544"}],"wp:term":[{"taxonomy":"category","embeddable":true,"href":"https:\/\/www.mgc.es\/ca\/wp-json\/wp\/v2\/categories?post=26544"},{"taxonomy":"post_tag","embeddable":true,"href":"https:\/\/www.mgc.es\/ca\/wp-json\/wp\/v2\/tags?post=26544"}],"curies":[{"name":"wp","href":"https:\/\/api.w.org\/{rel}","templated":true}]}}