{"id":26533,"date":"2022-07-07T11:00:00","date_gmt":"2022-07-07T09:00:00","guid":{"rendered":"https:\/\/www.mgc.es\/?p=26533"},"modified":"2022-07-28T10:57:22","modified_gmt":"2022-07-28T08:57:22","slug":"assegurances-mediques-cobreixen-la-cirugia-plastica","status":"publish","type":"post","link":"https:\/\/www.mgc.es\/ca\/blog\/assegurances-mediques-cobreixen-la-cirugia-plastica\/","title":{"rendered":"Les assegurances m\u00e8diques cobreixen la cirurgia pl\u00e0stica?"},"content":{"rendered":"<div id=\"ez-toc-container\" class=\"ez-toc-v2_0_82_1 counter-hierarchy ez-toc-counter ez-toc-custom ez-toc-container-direction\">\n<div class=\"ez-toc-title-container\"><p class=\"ez-toc-title\" style=\"cursor:inherit\">\u00cdndex de continguts<\/p>\n<\/div><nav><ul class='ez-toc-list ez-toc-list-level-1 ' ><li class='ez-toc-page-1 ez-toc-heading-level-2'><a class=\"ez-toc-link ez-toc-heading-1\" href=\"https:\/\/www.mgc.es\/ca\/blog\/assegurances-mediques-cobreixen-la-cirugia-plastica\/#Diferencies_entre_la_cirurgia_estetica_i_la_reparadora\" >Difer\u00e8ncies entre la cirurgia est\u00e8tica i la reparadora<\/a><\/li><li class='ez-toc-page-1 ez-toc-heading-level-2'><a class=\"ez-toc-link ez-toc-heading-2\" href=\"https:\/\/www.mgc.es\/ca\/blog\/assegurances-mediques-cobreixen-la-cirugia-plastica\/#La_cirurgia_plastica_en_les_assegurances_de_salut\" >La cirurgia pl\u00e0stica en les assegurances de salut<\/a><\/li><li class='ez-toc-page-1 ez-toc-heading-level-2'><a class=\"ez-toc-link ez-toc-heading-3\" href=\"https:\/\/www.mgc.es\/ca\/blog\/assegurances-mediques-cobreixen-la-cirugia-plastica\/#Que_tenir_en_compte_en_contractar_una_asseguranca_medica_privada\" >Qu\u00e8 tenir en compte en contractar una asseguran\u00e7a m\u00e8dica privada?<\/a><\/li><\/ul><\/nav><\/div>\n\n<p>El nombre d&#8217;operacions relacionades amb la millora de la nostra aparen\u00e7a no deixa d&#8217;incrementar-se any rere any. D&#8217;acord amb la Societat Espanyola de Medicina Est\u00e8tica (SEME), Espanya ocupa el cinqu\u00e8 lloc en el m\u00f3n en aquesta mena d&#8217;intervencions, amb prop de 450.000 el 2021. Aquesta demanda fa que sorgeixi una nova q\u00fcesti\u00f3: <strong>les <\/strong><a href=\"https:\/\/www.mgc.es\/ca\/assegurances-de-salut\/\"><strong>assegurances de salut<\/strong><\/a><strong> cobreixen la cirurgia pl\u00e0stica?<\/strong><\/p>\n\n\n\n<figure class=\"wp-block-image size-large\"><img loading=\"lazy\" decoding=\"async\" width=\"880\" height=\"587\" src=\"https:\/\/www.mgc.es\/wp-content\/uploads\/2022\/07\/los-seguros-de-salud-cubren-cirugia-plastica-880x587.jpg\" alt=\"los seguros de salud cubren cirugia plastica\" class=\"wp-image-26529\" srcset=\"https:\/\/www.mgc.es\/wp-content\/uploads\/2022\/07\/los-seguros-de-salud-cubren-cirugia-plastica-880x587.jpg 880w, https:\/\/www.mgc.es\/wp-content\/uploads\/2022\/07\/los-seguros-de-salud-cubren-cirugia-plastica-440x293.jpg 440w, https:\/\/www.mgc.es\/wp-content\/uploads\/2022\/07\/los-seguros-de-salud-cubren-cirugia-plastica-768x512.jpg 768w, https:\/\/www.mgc.es\/wp-content\/uploads\/2022\/07\/los-seguros-de-salud-cubren-cirugia-plastica-1536x1024.jpg 1536w, https:\/\/www.mgc.es\/wp-content\/uploads\/2022\/07\/los-seguros-de-salud-cubren-cirugia-plastica.jpg 1600w\" sizes=\"auto, (max-width: 880px) 100vw, 880px\" \/><\/figure>\n\n\n\n<h2 class=\"wp-block-heading\"><span class=\"ez-toc-section\" id=\"Diferencies_entre_la_cirurgia_estetica_i_la_reparadora\"><\/span>Difer\u00e8ncies entre la cirurgia est\u00e8tica i la reparadora<span class=\"ez-toc-section-end\"><\/span><\/h2>\n\n\n\n<p>Per a poder donar resposta a la pregunta de si les assegurances de salut cobreixen la cirurgia pl\u00e0stica, cal con\u00e8ixer la definici\u00f3 d&#8217;aquesta i la <strong>difer<\/strong><strong>\u00e8<\/strong><strong>ncia entre l&#8217;est<\/strong><strong>\u00e8<\/strong><strong>tica i la reparadora<\/strong>. En primer lloc, la cirurgia pl\u00e0stica \u00e9s una especialitat quir\u00fargica la finalitat de la qual \u00e9s <strong>corregir els processos que necessiten una reparaci<\/strong><strong>\u00f3<\/strong><strong> o reposici<\/strong><strong>\u00f3<\/strong>, perqu\u00e8 afecten les funcions del cos o a la seva forma.<\/p>\n\n\n\n<p>Pot tractar-se d&#8217;una patologia o anomalia cong\u00e8nita o adquirida, d&#8217;un tumor a la pell o en els teixits o de lesions <strong>causades per accidents, cremades o malalties<\/strong>, principalment. Les zones que es tracten amb m\u00e9s freq\u00fc\u00e8ncia&nbsp; en cirurgia pl\u00e0stica s\u00f3n la cara, les mans i els genitals.<\/p>\n\n\n\n<h3 class=\"wp-block-heading\">Cirurgia est\u00e8tica<\/h3>\n\n\n\n<p>En el cas de la cirurgia est\u00e8tica, els qui se sotmeten a aquestes intervencions <strong>gaudeixen d&#8217;un bon estat de salut<\/strong>. La finalitat de la cirurgia \u00e9s aconseguir una harmonia en la zona a tractar, de cara a <strong>millorar l&#8217;autoestima i la imatge<\/strong> i, en conseq\u00fc\u00e8ncia, les relacions en qualsevol \u00e0mbit.<\/p>\n\n\n\n<p>La majoria de les cirurgies parteixen de la <strong>pressi<\/strong><strong>\u00f3<\/strong><strong> social<\/strong>, que estableix <strong>c<\/strong><strong>\u00e0<\/strong><strong>nons de bellesa<\/strong> que van variant amb el temps i que repercuteixen en la imatge i la valoraci\u00f3 que cada persona t\u00e9 de si mateixa. <strong>Les dones s<\/strong><strong>\u00f3<\/strong><strong>n les principals pacients<\/strong>, at\u00e8s que s\u00f3n elles als qui se&#8217;ls exigeix en major mesura complir amb una determinada est\u00e8tica.<\/p>\n\n\n\n<p>La cirurgia est\u00e8tica, per tant, cerca una millora de l&#8217;aparen\u00e7a f\u00edsica per causes psicol\u00f2giques i relacionades amb l&#8217;autoestima, per\u00f2 la zona a tractar \u00e9s perfectament funcional. D&#8217;aqu\u00ed ve que en molts casos es considerin banals i ni tan sols estiguin cobertes per la Seguretat.<\/p>\n\n\n\n<h3 class=\"wp-block-heading\">Cirurgia reparadora<\/h3>\n\n\n\n<p>La cirurgia reparadora o reconstructiva, per contra, \u00e9s aquella que persegueix posar soluci\u00f3 als <strong>danys f<\/strong><strong>\u00ed<\/strong><strong>sics que s&#8217;hagin produ\u00eft a conseq<\/strong><strong>\u00fc\u00e8<\/strong><strong>ncia d&#8217;una malaltia, d&#8217;un accident o d&#8217;una operaci<\/strong><strong>\u00f3<\/strong>, entre altres causes. La finalitat \u00e9s la millora de la qualitat de vida i per aix\u00f2 s\u00ed que estan <strong>cobertes per la Seguretat Social<\/strong>.<\/p>\n\n\n\n<p>Si ens centrem en les assegurances de salut, aquestes \u00faltimes s\u00ed que estan cobertes en la majoria de les companyies, per tenir una <strong>repercussi<\/strong><strong>\u00f3<\/strong><strong> directa en el benestar de la persona i en el desenvolupament de les funcions del seu cos<\/strong>. La intervenci\u00f3 m\u00e9s comuna dins de la cirurgia reparadora \u00e9s la reconstrucci\u00f3 mam\u00e0ria en la dona despr\u00e9s de patir un c\u00e0ncer.<\/p>\n\n\n\n<h2 class=\"wp-block-heading\"><span class=\"ez-toc-section\" id=\"La_cirurgia_plastica_en_les_assegurances_de_salut\"><\/span>La cirurgia pl\u00e0stica en les assegurances de salut<span class=\"ez-toc-section-end\"><\/span><\/h2>\n\n\n\n<p>Amb les difer\u00e8ncies clares entre uns i altres tipus, resulta m\u00e9s senzill donar una resposta a si les assegurances de salut cobreixen la cirurgia pl\u00e0stica, ja que n&#8217;hi ha prou amb fer \u00fas de la l\u00f2gica. Com que parlem de la salut d&#8217;una persona, \u00e9s <strong>molt poc freq<\/strong><strong>\u00fc<\/strong><strong>ent, per no dir impossible, que una p<\/strong><strong>\u00f2<\/strong><strong>lissa cobreixi les operacions per raons est<\/strong><strong>\u00e8<\/strong><strong>tiques<\/strong>.<\/p>\n\n\n\n<p>Per a la cirurgia reparadora, les assegurances de salut amb millors cobertures contemplen aquesta modalitat i inclouen l&#8217;<strong>assessorament al pacient<\/strong> amb seq\u00fceles est\u00e8tiques derivades de patologies com el c\u00e0ncer, accidents o uns certs tractaments.<\/p>\n\n\n\n<p>No obstant aix\u00f2, a vegades la l\u00ednia entre el que es considera salut i una simple q\u00fcesti\u00f3 est\u00e8tica \u00e9s molt prima. En gran part perqu\u00e8 la majoria de les repercussions s\u00f3n psicol\u00f2giques, i encara que aquest camp entra dins de la salut, si no \u00e9s a causa de una patologia o un accident, el que es recomana \u00e9s la ter\u00e0pia psicol\u00f2gica per a l&#8217;acceptaci\u00f3 de la imatge.<\/p>\n\n\n\n<figure class=\"wp-block-image size-large\"><img loading=\"lazy\" decoding=\"async\" width=\"880\" height=\"587\" src=\"https:\/\/www.mgc.es\/wp-content\/uploads\/2022\/07\/seguros-de-salud-cubren-cirugia-plastica-880x587.jpg\" alt=\"\" class=\"wp-image-26531\" srcset=\"https:\/\/www.mgc.es\/wp-content\/uploads\/2022\/07\/seguros-de-salud-cubren-cirugia-plastica-880x587.jpg 880w, https:\/\/www.mgc.es\/wp-content\/uploads\/2022\/07\/seguros-de-salud-cubren-cirugia-plastica-440x293.jpg 440w, https:\/\/www.mgc.es\/wp-content\/uploads\/2022\/07\/seguros-de-salud-cubren-cirugia-plastica-768x512.jpg 768w, https:\/\/www.mgc.es\/wp-content\/uploads\/2022\/07\/seguros-de-salud-cubren-cirugia-plastica-1536x1024.jpg 1536w, https:\/\/www.mgc.es\/wp-content\/uploads\/2022\/07\/seguros-de-salud-cubren-cirugia-plastica.jpg 1600w\" sizes=\"auto, (max-width: 880px) 100vw, 880px\" \/><\/figure>\n\n\n\n<h2 class=\"wp-block-heading\"><span class=\"ez-toc-section\" id=\"Que_tenir_en_compte_en_contractar_una_asseguranca_medica_privada\"><\/span>Qu\u00e8 tenir en compte en contractar una asseguran\u00e7a m\u00e8dica privada?<span class=\"ez-toc-section-end\"><\/span><\/h2>\n\n\n\n<p>Com ja hem indicat, les intervencions quir\u00fargiques amb finalitats purament est\u00e8tiques estan excloses de les assegurances de salut. Per\u00f2 a m\u00e9s a m\u00e9s d&#8217;aquestes, tampoc s&#8217;ofereix cobertura als tractaments o les noves necessitats d&#8217;intervencions o proves derivades d&#8217;aquelles.<\/p>\n\n\n\n<p>Tanmateix, aix\u00f2 no vol dir que algunes companyies no ofereixin <strong>facilitats per a accedir a ella<\/strong>. Els professionals de la cirurgia est\u00e8tica i pl\u00e0stica solen formar part del quadre m\u00e8dic d&#8217;una asseguradora, aix\u00ed que \u00e9s habitual que s&#8217;ofereixin <strong>descomptes com a persona assegurada<\/strong> si s&#8217;accedeix a aquestes intervencions.<\/p>\n\n\n\n<p>No nom\u00e9s a aquestes en si mateixes, sin\u00f3 tamb\u00e9 a altres tractaments d&#8217;est\u00e8tica facial i corporal i fins a serveis complementaris relacionats amb la medicina alternativa, com l&#8217;acupuntura. Si es t\u00e9 algun inter\u00e8s particular en alguna d&#8217;aquestes cirurgies est\u00e8tiques, la nostra recomanaci\u00f3 \u00e9s <strong>consultar les condicions que ofereix cada asseguradora<\/strong> en les seves p\u00f2lisses i aix\u00ed sortir de dubtes.<\/p>\n\n\n\n<p>A <a href=\"https:\/\/www.mgc.es\/ca\/\" target=\"_blank\" rel=\"noreferrer noopener\">MGC M\u00fatua<\/a> comptem amb una <a href=\"https:\/\/www.mgc.es\/ca\/assegurances-de-salut\/\" target=\"_blank\" rel=\"noreferrer noopener\">asseguran\u00e7a m\u00e9dica de salut<\/a> amb m\u00e0ximes cobertures per als nostres pacients. Dona un cop d&#8217;ull a les nostres p\u00f2lisses d&#8217;asseguran\u00e7a m\u00e8dica i de salut en la nostra p\u00e0gina i posa&#8217;t en contacte amb nosaltres si necessites assessorament personalitzat. T&#8217;atendrem sense cap mena de comprom\u00eds!<\/p>\n","protected":false},"excerpt":{"rendered":"<p>El nombre d&#8217;operacions relacionades amb la millora de la nostra aparen\u00e7a no deixa d&#8217;incrementar-se any rere any. D&#8217;acord amb la Societat Espanyola de Medicina Est\u00e8tica (SEME), Espanya ocupa el cinqu\u00e8 lloc en el m\u00f3n en aquesta mena d&#8217;intervencions, amb prop de 450.000 el 2021. Aquesta demanda fa que sorgeixi una nova q\u00fcesti\u00f3: les assegurances de [&hellip;]<\/p>\n","protected":false},"author":3,"featured_media":26529,"comment_status":"closed","ping_status":"closed","sticky":false,"template":"","format":"standard","meta":{"footnotes":""},"categories":[16],"tags":[],"class_list":["post-26533","post","type-post","status-publish","format-standard","has-post-thumbnail","hentry","category-assegurances"],"featured_image_src":"https:\/\/www.mgc.es\/wp-content\/uploads\/2022\/07\/los-seguros-de-salud-cubren-cirugia-plastica.jpg","author_info":{"display_name":"Revista Inter\u00e8s Mutu","author_link":"https:\/\/www.mgc.es\/ca\/blog\/author\/interesmutu\/"},"yoast_head":"<!-- This site is optimized with the Yoast SEO plugin v27.2 - https:\/\/yoast.com\/product\/yoast-seo-wordpress\/ -->\n<title>Les assegurances m\u00e8diques cobreixen la cirurgia pl\u00e0stica? - MGC M\u00fatua<\/title>\n<meta name=\"description\" content=\"Vols saber si les assegurances m\u00e8diques cobreixen les operacions de cirurgia pl\u00e0stica? T&#039;expliquem les diferents situacions i contextos.\" \/>\n<meta name=\"robots\" content=\"index, follow, max-snippet:-1, max-image-preview:large, max-video-preview:-1\" \/>\n<link rel=\"canonical\" href=\"https:\/\/www.mgc.es\/ca\/blog\/assegurances-mediques-cobreixen-la-cirugia-plastica\/\" \/>\n<meta property=\"og:locale\" content=\"ca_ES\" \/>\n<meta property=\"og:type\" content=\"article\" \/>\n<meta property=\"og:title\" content=\"Les assegurances m\u00e8diques cobreixen la cirurgia pl\u00e0stica? - MGC M\u00fatua\" \/>\n<meta property=\"og:description\" content=\"Vols saber si les assegurances m\u00e8diques cobreixen les operacions de cirurgia pl\u00e0stica? T&#039;expliquem les diferents situacions i contextos.\" \/>\n<meta property=\"og:url\" content=\"https:\/\/www.mgc.es\/ca\/blog\/assegurances-mediques-cobreixen-la-cirugia-plastica\/\" \/>\n<meta property=\"og:site_name\" content=\"MGC M\u00fatua\" \/>\n<meta property=\"article:publisher\" content=\"https:\/\/www.facebook.com\/mgcmutua\" \/>\n<meta property=\"article:published_time\" content=\"2022-07-07T09:00:00+00:00\" \/>\n<meta property=\"article:modified_time\" content=\"2022-07-28T08:57:22+00:00\" \/>\n<meta property=\"og:image\" content=\"https:\/\/www.mgc.es\/wp-content\/uploads\/2022\/07\/los-seguros-de-salud-cubren-cirugia-plastica.jpg\" \/>\n\t<meta property=\"og:image:width\" content=\"1600\" \/>\n\t<meta property=\"og:image:height\" content=\"1067\" \/>\n\t<meta property=\"og:image:type\" content=\"image\/jpeg\" \/>\n<meta name=\"author\" content=\"Revista Inter\u00e8s Mutu\" \/>\n<meta name=\"twitter:card\" content=\"summary_large_image\" \/>\n<meta name=\"twitter:creator\" content=\"@mgcmutua\" \/>\n<meta name=\"twitter:site\" content=\"@mgcmutua\" \/>\n<meta name=\"twitter:label1\" content=\"Escrit per\" \/>\n\t<meta name=\"twitter:data1\" content=\"Revista Inter\u00e8s Mutu\" \/>\n\t<meta name=\"twitter:label2\" content=\"Temps estimat de lectura\" \/>\n\t<meta name=\"twitter:data2\" content=\"5 minuts\" \/>\n<!-- \/ Yoast SEO plugin. -->","yoast_head_json":{"title":"Les assegurances m\u00e8diques cobreixen la cirurgia pl\u00e0stica? - MGC M\u00fatua","description":"Vols saber si les assegurances m\u00e8diques cobreixen les operacions de cirurgia pl\u00e0stica? T'expliquem les diferents situacions i contextos.","robots":{"index":"index","follow":"follow","max-snippet":"max-snippet:-1","max-image-preview":"max-image-preview:large","max-video-preview":"max-video-preview:-1"},"canonical":"https:\/\/www.mgc.es\/ca\/blog\/assegurances-mediques-cobreixen-la-cirugia-plastica\/","og_locale":"ca_ES","og_type":"article","og_title":"Les assegurances m\u00e8diques cobreixen la cirurgia pl\u00e0stica? - MGC M\u00fatua","og_description":"Vols saber si les assegurances m\u00e8diques cobreixen les operacions de cirurgia pl\u00e0stica? T'expliquem les diferents situacions i contextos.","og_url":"https:\/\/www.mgc.es\/ca\/blog\/assegurances-mediques-cobreixen-la-cirugia-plastica\/","og_site_name":"MGC M\u00fatua","article_publisher":"https:\/\/www.facebook.com\/mgcmutua","article_published_time":"2022-07-07T09:00:00+00:00","article_modified_time":"2022-07-28T08:57:22+00:00","og_image":[{"width":1600,"height":1067,"url":"https:\/\/www.mgc.es\/wp-content\/uploads\/2022\/07\/los-seguros-de-salud-cubren-cirugia-plastica.jpg","type":"image\/jpeg"}],"author":"Revista Inter\u00e8s Mutu","twitter_card":"summary_large_image","twitter_creator":"@mgcmutua","twitter_site":"@mgcmutua","twitter_misc":{"Escrit per":"Revista Inter\u00e8s Mutu","Temps estimat de lectura":"5 minuts"},"schema":{"@context":"https:\/\/schema.org","@graph":[{"@type":["Article","BlogPosting"],"@id":"https:\/\/www.mgc.es\/ca\/blog\/assegurances-mediques-cobreixen-la-cirugia-plastica\/#article","isPartOf":{"@id":"https:\/\/www.mgc.es\/ca\/blog\/assegurances-mediques-cobreixen-la-cirugia-plastica\/"},"author":{"name":"Revista Inter\u00e8s Mutu","@id":"https:\/\/www.mgc.es\/#\/schema\/person\/010c961d9c9acf38f11187a02b646c16"},"headline":"Les assegurances m\u00e8diques cobreixen la cirurgia pl\u00e0stica?","datePublished":"2022-07-07T09:00:00+00:00","dateModified":"2022-07-28T08:57:22+00:00","mainEntityOfPage":{"@id":"https:\/\/www.mgc.es\/ca\/blog\/assegurances-mediques-cobreixen-la-cirugia-plastica\/"},"wordCount":914,"publisher":{"@id":"https:\/\/www.mgc.es\/#organization"},"image":{"@id":"https:\/\/www.mgc.es\/ca\/blog\/assegurances-mediques-cobreixen-la-cirugia-plastica\/#primaryimage"},"thumbnailUrl":"https:\/\/www.mgc.es\/wp-content\/uploads\/2022\/07\/los-seguros-de-salud-cubren-cirugia-plastica.jpg","articleSection":["Sector assegurances"],"inLanguage":"ca"},{"@type":["WebPage","ItemPage"],"@id":"https:\/\/www.mgc.es\/ca\/blog\/assegurances-mediques-cobreixen-la-cirugia-plastica\/","url":"https:\/\/www.mgc.es\/ca\/blog\/assegurances-mediques-cobreixen-la-cirugia-plastica\/","name":"Les assegurances m\u00e8diques cobreixen la cirurgia pl\u00e0stica? - MGC M\u00fatua","isPartOf":{"@id":"https:\/\/www.mgc.es\/#website"},"primaryImageOfPage":{"@id":"https:\/\/www.mgc.es\/ca\/blog\/assegurances-mediques-cobreixen-la-cirugia-plastica\/#primaryimage"},"image":{"@id":"https:\/\/www.mgc.es\/ca\/blog\/assegurances-mediques-cobreixen-la-cirugia-plastica\/#primaryimage"},"thumbnailUrl":"https:\/\/www.mgc.es\/wp-content\/uploads\/2022\/07\/los-seguros-de-salud-cubren-cirugia-plastica.jpg","datePublished":"2022-07-07T09:00:00+00:00","dateModified":"2022-07-28T08:57:22+00:00","description":"Vols saber si les assegurances m\u00e8diques cobreixen les operacions de cirurgia pl\u00e0stica? T'expliquem les diferents situacions i contextos.","breadcrumb":{"@id":"https:\/\/www.mgc.es\/ca\/blog\/assegurances-mediques-cobreixen-la-cirugia-plastica\/#breadcrumb"},"inLanguage":"ca","potentialAction":[{"@type":"ReadAction","target":["https:\/\/www.mgc.es\/ca\/blog\/assegurances-mediques-cobreixen-la-cirugia-plastica\/"]}]},{"@type":"ImageObject","inLanguage":"ca","@id":"https:\/\/www.mgc.es\/ca\/blog\/assegurances-mediques-cobreixen-la-cirugia-plastica\/#primaryimage","url":"https:\/\/www.mgc.es\/wp-content\/uploads\/2022\/07\/los-seguros-de-salud-cubren-cirugia-plastica.jpg","contentUrl":"https:\/\/www.mgc.es\/wp-content\/uploads\/2022\/07\/los-seguros-de-salud-cubren-cirugia-plastica.jpg","width":1600,"height":1067,"caption":"Beauty girl looking at mirror while touching her face and checking pimple, wrinkles and bags under the eyes, during morning beauty routine. Happy smiling beautiful young woman applying moisturizer."},{"@type":"BreadcrumbList","@id":"https:\/\/www.mgc.es\/ca\/blog\/assegurances-mediques-cobreixen-la-cirugia-plastica\/#breadcrumb","itemListElement":[{"@type":"ListItem","position":1,"name":"Home","item":"https:\/\/www.mgc.es\/ca\/"},{"@type":"ListItem","position":2,"name":"Les assegurances m\u00e8diques cobreixen la cirurgia pl\u00e0stica?"}]},{"@type":"WebSite","@id":"https:\/\/www.mgc.es\/#website","url":"https:\/\/www.mgc.es\/","name":"MGC M\u00fatua","description":"MGC M\u00fatua \u00e9s una entitat asseguradora sense \u00e0nim de lucre constitu\u00efda al 1982 i especialitzada en assegurances de salut i assist\u00e8ncia.","publisher":{"@id":"https:\/\/www.mgc.es\/#organization"},"alternateName":"MGC","potentialAction":[{"@type":"SearchAction","target":{"@type":"EntryPoint","urlTemplate":"https:\/\/www.mgc.es\/?s={search_term_string}"},"query-input":{"@type":"PropertyValueSpecification","valueRequired":true,"valueName":"search_term_string"}}],"inLanguage":"ca"},{"@type":"Organization","@id":"https:\/\/www.mgc.es\/#organization","name":"MGC Mutua","alternateName":"MGC","url":"https:\/\/www.mgc.es\/","logo":{"@type":"ImageObject","inLanguage":"ca","@id":"https:\/\/www.mgc.es\/#\/schema\/logo\/image\/","url":"https:\/\/www.mgc.es\/wp-content\/uploads\/2020\/03\/mgcmutua_h2_2t_reduccions.png","contentUrl":"https:\/\/www.mgc.es\/wp-content\/uploads\/2020\/03\/mgcmutua_h2_2t_reduccions.png","width":303,"height":165,"caption":"MGC Mutua"},"image":{"@id":"https:\/\/www.mgc.es\/#\/schema\/logo\/image\/"},"sameAs":["https:\/\/www.facebook.com\/mgcmutua","https:\/\/x.com\/mgcmutua","https:\/\/www.youtube.com\/c\/MGCMutua"]},{"@type":"Person","@id":"https:\/\/www.mgc.es\/#\/schema\/person\/010c961d9c9acf38f11187a02b646c16","name":"Revista Inter\u00e8s Mutu","image":{"@type":"ImageObject","inLanguage":"ca","@id":"https:\/\/secure.gravatar.com\/avatar\/52302d684339b9d7bf5691e2ad00835d62ce3b4a435f21ca9f21fbe39c63cb1b?s=96&d=mm&r=g","url":"https:\/\/secure.gravatar.com\/avatar\/52302d684339b9d7bf5691e2ad00835d62ce3b4a435f21ca9f21fbe39c63cb1b?s=96&d=mm&r=g","contentUrl":"https:\/\/secure.gravatar.com\/avatar\/52302d684339b9d7bf5691e2ad00835d62ce3b4a435f21ca9f21fbe39c63cb1b?s=96&d=mm&r=g","caption":"Revista Inter\u00e8s Mutu"}}]}},"_links":{"self":[{"href":"https:\/\/www.mgc.es\/ca\/wp-json\/wp\/v2\/posts\/26533","targetHints":{"allow":["GET"]}}],"collection":[{"href":"https:\/\/www.mgc.es\/ca\/wp-json\/wp\/v2\/posts"}],"about":[{"href":"https:\/\/www.mgc.es\/ca\/wp-json\/wp\/v2\/types\/post"}],"author":[{"embeddable":true,"href":"https:\/\/www.mgc.es\/ca\/wp-json\/wp\/v2\/users\/3"}],"replies":[{"embeddable":true,"href":"https:\/\/www.mgc.es\/ca\/wp-json\/wp\/v2\/comments?post=26533"}],"version-history":[{"count":1,"href":"https:\/\/www.mgc.es\/ca\/wp-json\/wp\/v2\/posts\/26533\/revisions"}],"predecessor-version":[{"id":26534,"href":"https:\/\/www.mgc.es\/ca\/wp-json\/wp\/v2\/posts\/26533\/revisions\/26534"}],"wp:featuredmedia":[{"embeddable":true,"href":"https:\/\/www.mgc.es\/ca\/wp-json\/wp\/v2\/media\/26529"}],"wp:attachment":[{"href":"https:\/\/www.mgc.es\/ca\/wp-json\/wp\/v2\/media?parent=26533"}],"wp:term":[{"taxonomy":"category","embeddable":true,"href":"https:\/\/www.mgc.es\/ca\/wp-json\/wp\/v2\/categories?post=26533"},{"taxonomy":"post_tag","embeddable":true,"href":"https:\/\/www.mgc.es\/ca\/wp-json\/wp\/v2\/tags?post=26533"}],"curies":[{"name":"wp","href":"https:\/\/api.w.org\/{rel}","templated":true}]}}